{"id":34045,"date":"2025-10-26T17:35:03","date_gmt":"2025-10-26T15:35:03","guid":{"rendered":"https:\/\/kuzeyinsesi.org\/index.php\/2025\/10\/26\/rusya-abdnin-yaptirim-karari-ikili-iliskileri-zedeledi\/"},"modified":"2025-10-26T17:35:03","modified_gmt":"2025-10-26T15:35:03","slug":"rusya-abdnin-yaptirim-karari-ikili-iliskileri-zedeledi","status":"publish","type":"post","link":"https:\/\/kuzeyinsesi.org\/index.php\/2025\/10\/26\/rusya-abdnin-yaptirim-karari-ikili-iliskileri-zedeledi\/","title":{"rendered":"Rusya: ABDnin yapt\u0131r\u0131m karar\u0131 ikili ili\u015fkileri zedeledi"},"content":{"rendered":"<p><\/p>\n<div>\n<p>&#13;<br \/>\n\tPeskov, Rossiya-1 <a href=\"https:\/\/www.trthaber.com\/etiket\/televizyon\/\" target=\"_blank\">televizyon<\/a> kanal\u0131na <a href=\"https:\/\/www.trthaber.com\/etiket\/rusya\/\" target=\"_blank\">Rusya<\/a> ile <a href=\"https:\/\/www.trthaber.com\/etiket\/abd\/\" target=\"_blank\">ABD<\/a> aras\u0131ndaki ili\u015fkilere ve <a href=\"https:\/\/www.trthaber.com\/etiket\/ukrayna\/\" target=\"_blank\">Ukrayna<\/a> krizinin \u00e7\u00f6z\u00fcm s\u00fcrecine ili\u015fkin a\u00e7\u0131klamalarda bulundu.<\/p>\n<p>&#13;<br \/>\n\tABD\u2019nin Rusya\u2019ya y\u00f6nelik yeni yapt\u0131r\u0131m karar\u0131n\u0131 de\u011ferlendiren Peskov, &#8220;Bu, dost\u00e7a olmayan ad\u0131m. Bu eylemler, ikili ili\u015fkilerin yeniden canland\u0131r\u0131lmas\u0131 ihtimalini ger\u00e7ekten zedeledi. Ancak bu, hedeflerden vazge\u00e7memiz gerekti\u011fi anlam\u0131na gelmiyor. Bizim i\u00e7in faydal\u0131 olan\u0131 yapmam\u0131z laz\u0131m.&#8221; ifadelerini kulland\u0131.<\/p>\n<p>&#13;<br \/>\n\tPeskov, Rusya\u2019n\u0131n kendi \u00e7\u0131karlar\u0131 do\u011frultusunda hareket etti\u011fini dile getirerek, &#8220;ABD Ba\u015fkan\u0131 Donald Trump&#8217;\u0131n dile getirdi\u011fi n\u00fcanslara ra\u011fmen \u00e7\u0131karlar\u0131m\u0131za odaklanmal\u0131y\u0131z. \u00c7\u0131kar\u0131m\u0131z, ABD dahil t\u00fcm \u00fclkelerle iyi ili\u015fkiler kurmakt\u0131r.&#8221; \u015feklinde konu\u015ftu.<\/p>\n<h2>&#13;<br \/>\n\t&#8220;Ukraynal\u0131lar, m\u00fczakere s\u00fcrecini istemiyor&#8221;<\/h2>\n<p>&#13;<br \/>\n\tUkrayna krizinin \u00e7\u00f6z\u00fcm s\u00fcrecinde duraklama oldu\u011funu belirten Peskov, &#8220;Ukraynal\u0131lar, m\u00fczakere s\u00fcrecini istemiyor. Avrupal\u0131lar, onlar\u0131 buna itiyor. Avrupa Birli\u011fi&#8217;nin (AB) <a href=\"https:\/\/www.trthaber.com\/etiket\/savas\/\" target=\"_blank\">sava\u015f<\/a> histerisi i\u00e7inde oldu\u011funu g\u00f6r\u00fcyoruz. Bu da duraklaman\u0131n nedeni.&#8221; dedi.<\/p>\n<p>&#13;<br \/>\n\tS\u00f6zc\u00fc Peskov, Bat\u0131\u2019da dondurulan Rus varl\u0131klar\u0131na el koyma giri\u015fimlerine kar\u015f\u0131l\u0131k vereceklerini ve bunun i\u00e7in t\u00fcm yasal ara\u00e7lar\u0131 kullanacaklar\u0131n\u0131 kaydetti.<\/p>\n<p>&#13;<br \/>\n\tABD Hazine Bakanl\u0131\u011f\u0131, 23 Ekim&#8217;de Rusya&#8217;n\u0131n iki b\u00fcy\u00fck <a href=\"https:\/\/www.trthaber.com\/etiket\/petrol\/\" target=\"_blank\">petrol<\/a> \u015firketi Rosneft ve Lukoil ile i\u015ftiraklerini yapt\u0131r\u0131m listesine eklemi\u015fti.<\/p>\n<p>&#13;<br \/>\n\tBakanl\u0131ktan yap\u0131lan a\u00e7\u0131klamada, Rusya&#8217;n\u0131n Ukrayna&#8217;daki sava\u015f\u0131 sona erdirmek i\u00e7in bar\u0131\u015f s\u00fcrecine ciddi ba\u011fl\u0131l\u0131k g\u00f6stermemesi nedeniyle bu ad\u0131m\u0131n at\u0131ld\u0131\u011f\u0131 bildirilmi\u015fti.<\/p>\n<\/p><\/div>\n","protected":false},"excerpt":{"rendered":"<p>&#13; Peskov, Rossiya-1 televizyon kanal\u0131na Rusya ile ABD aras\u0131ndaki ili\u015fkilere ve Ukrayna krizinin \u00e7\u00f6z\u00fcm s\u00fcrecine ili\u015fkin a\u00e7\u0131klamalarda bulundu. &#13; ABD\u2019nin Rusya\u2019ya y\u00f6nelik yeni yapt\u0131r\u0131m karar\u0131n\u0131 de\u011ferlendiren Peskov, &#8220;Bu, dost\u00e7a olmayan ad\u0131m. Bu eylemler, ikili ili\u015fkilerin yeniden canland\u0131r\u0131lmas\u0131 ihtimalini ger\u00e7ekten zedeledi. Ancak bu, hedeflerden vazge\u00e7memiz gerekti\u011fi anlam\u0131na gelmiyor. Bizim i\u00e7in faydal\u0131 olan\u0131 yapmam\u0131z laz\u0131m.&#8221; ifadelerini kulland\u0131. [&hellip;]<\/p>\n","protected":false},"author":1,"featured_media":31032,"comment_status":"open","ping_status":"open","sticky":false,"template":"","format":"standard","meta":{"jnews-multi-image_gallery":[],"jnews_single_post":[],"jnews_primary_category":[],"jnews_social_meta":[],"jnews_override_counter":[],"footnotes":""},"categories":[2],"tags":[],"class_list":["post-34045","post","type-post","status-publish","format-standard","has-post-thumbnail","hentry","category-dunya"],"yoast_head":"<!-- This site is optimized with the Yoast SEO plugin v27.5 - https:\/\/yoast.com\/product\/yoast-seo-wordpress\/ -->\n<title>Rusya: ABDnin yapt\u0131r\u0131m karar\u0131 ikili ili\u015fkileri zedeledi - Kuzeyin Sesi<\/title>\n<meta name=\"robots\" content=\"index, follow, max-snippet:-1, max-image-preview:large, max-video-preview:-1\" \/>\n<link rel=\"canonical\" href=\"https:\/\/kuzeyinsesi.org\/index.php\/2025\/10\/26\/rusya-abdnin-yaptirim-karari-ikili-iliskileri-zedeledi\/\" \/>\n<meta property=\"og:locale\" content=\"tr_TR\" \/>\n<meta property=\"og:type\" content=\"article\" \/>\n<meta property=\"og:title\" content=\"Rusya: ABDnin yapt\u0131r\u0131m karar\u0131 ikili ili\u015fkileri zedeledi - Kuzeyin Sesi\" \/>\n<meta property=\"og:description\" content=\"&#013; Peskov, Rossiya-1 televizyon kanal\u0131na Rusya ile ABD aras\u0131ndaki ili\u015fkilere ve Ukrayna krizinin \u00e7\u00f6z\u00fcm s\u00fcrecine ili\u015fkin a\u00e7\u0131klamalarda bulundu. &#013; ABD\u2019nin Rusya\u2019ya y\u00f6nelik yeni yapt\u0131r\u0131m karar\u0131n\u0131 de\u011ferlendiren Peskov, &#8220;Bu, dost\u00e7a olmayan ad\u0131m. Bu eylemler, ikili ili\u015fkilerin yeniden canland\u0131r\u0131lmas\u0131 ihtimalini ger\u00e7ekten zedeledi. Ancak bu, hedeflerden vazge\u00e7memiz gerekti\u011fi anlam\u0131na gelmiyor. Bizim i\u00e7in faydal\u0131 olan\u0131 yapmam\u0131z laz\u0131m.&#8221; ifadelerini kulland\u0131. [&hellip;]\" \/>\n<meta property=\"og:url\" content=\"https:\/\/kuzeyinsesi.org\/index.php\/2025\/10\/26\/rusya-abdnin-yaptirim-karari-ikili-iliskileri-zedeledi\/\" \/>\n<meta property=\"og:site_name\" content=\"Kuzeyin Sesi\" \/>\n<meta property=\"article:publisher\" content=\"https:\/\/www.facebook.com\/kuzeyinsesii\" \/>\n<meta property=\"article:published_time\" content=\"2025-10-26T15:35:03+00:00\" \/>\n<meta property=\"og:image\" content=\"https:\/\/trthaberstatic.cdn.wp.trt.com.tr\/resimler\/1772000\/kremlin-reu-1773993.jpg\" \/>\n<meta name=\"author\" content=\"Kuzeyin Sesi\" \/>\n<meta name=\"twitter:card\" content=\"summary_large_image\" \/>\n<meta name=\"twitter:creator\" content=\"@kuzeyinsesii\" \/>\n<meta name=\"twitter:site\" content=\"@kuzeyinsesii\" \/>\n<meta name=\"twitter:label1\" content=\"Yazan:\" \/>\n\t<meta name=\"twitter:data1\" content=\"Kuzeyin Sesi\" \/>\n\t<meta name=\"twitter:label2\" content=\"Tahmini okuma s\u00fcresi\" \/>\n\t<meta name=\"twitter:data2\" content=\"1 dakika\" \/>\n<script type=\"application\/ld+json\" class=\"yoast-schema-graph\">{\"@context\":\"https:\\\/\\\/schema.org\",\"@graph\":[{\"@type\":\"Article\",\"@id\":\"https:\\\/\\\/kuzeyinsesi.org\\\/index.php\\\/2025\\\/10\\\/26\\\/rusya-abdnin-yaptirim-karari-ikili-iliskileri-zedeledi\\\/#article\",\"isPartOf\":{\"@id\":\"https:\\\/\\\/kuzeyinsesi.org\\\/index.php\\\/2025\\\/10\\\/26\\\/rusya-abdnin-yaptirim-karari-ikili-iliskileri-zedeledi\\\/\"},\"author\":{\"name\":\"Kuzeyin Sesi\",\"@id\":\"https:\\\/\\\/kuzeyinsesi.org\\\/#\\\/schema\\\/person\\\/9f859689cdf01485597712386e37f5aa\"},\"headline\":\"Rusya: ABDnin yapt\u0131r\u0131m karar\u0131 ikili ili\u015fkileri zedeledi\",\"datePublished\":\"2025-10-26T15:35:03+00:00\",\"mainEntityOfPage\":{\"@id\":\"https:\\\/\\\/kuzeyinsesi.org\\\/index.php\\\/2025\\\/10\\\/26\\\/rusya-abdnin-yaptirim-karari-ikili-iliskileri-zedeledi\\\/\"},\"wordCount\":278,\"commentCount\":0,\"image\":{\"@id\":\"https:\\\/\\\/kuzeyinsesi.org\\\/index.php\\\/2025\\\/10\\\/26\\\/rusya-abdnin-yaptirim-karari-ikili-iliskileri-zedeledi\\\/#primaryimage\"},\"thumbnailUrl\":\"https:\\\/\\\/kuzeyinsesi.org\\\/wp-content\\\/uploads\\\/2025\\\/09\\\/kremlin-reu-1773993.jpg\",\"articleSection\":[\"D\u00fcnya\"],\"inLanguage\":\"tr\",\"potentialAction\":[{\"@type\":\"CommentAction\",\"name\":\"Comment\",\"target\":[\"https:\\\/\\\/kuzeyinsesi.org\\\/index.php\\\/2025\\\/10\\\/26\\\/rusya-abdnin-yaptirim-karari-ikili-iliskileri-zedeledi\\\/#respond\"]}]},{\"@type\":\"WebPage\",\"@id\":\"https:\\\/\\\/kuzeyinsesi.org\\\/index.php\\\/2025\\\/10\\\/26\\\/rusya-abdnin-yaptirim-karari-ikili-iliskileri-zedeledi\\\/\",\"url\":\"https:\\\/\\\/kuzeyinsesi.org\\\/index.php\\\/2025\\\/10\\\/26\\\/rusya-abdnin-yaptirim-karari-ikili-iliskileri-zedeledi\\\/\",\"name\":\"Rusya: ABDnin yapt\u0131r\u0131m karar\u0131 ikili ili\u015fkileri zedeledi - Kuzeyin Sesi\",\"isPartOf\":{\"@id\":\"https:\\\/\\\/kuzeyinsesi.org\\\/#website\"},\"primaryImageOfPage\":{\"@id\":\"https:\\\/\\\/kuzeyinsesi.org\\\/index.php\\\/2025\\\/10\\\/26\\\/rusya-abdnin-yaptirim-karari-ikili-iliskileri-zedeledi\\\/#primaryimage\"},\"image\":{\"@id\":\"https:\\\/\\\/kuzeyinsesi.org\\\/index.php\\\/2025\\\/10\\\/26\\\/rusya-abdnin-yaptirim-karari-ikili-iliskileri-zedeledi\\\/#primaryimage\"},\"thumbnailUrl\":\"https:\\\/\\\/kuzeyinsesi.org\\\/wp-content\\\/uploads\\\/2025\\\/09\\\/kremlin-reu-1773993.jpg\",\"datePublished\":\"2025-10-26T15:35:03+00:00\",\"author\":{\"@id\":\"https:\\\/\\\/kuzeyinsesi.org\\\/#\\\/schema\\\/person\\\/9f859689cdf01485597712386e37f5aa\"},\"breadcrumb\":{\"@id\":\"https:\\\/\\\/kuzeyinsesi.org\\\/index.php\\\/2025\\\/10\\\/26\\\/rusya-abdnin-yaptirim-karari-ikili-iliskileri-zedeledi\\\/#breadcrumb\"},\"inLanguage\":\"tr\",\"potentialAction\":[{\"@type\":\"ReadAction\",\"target\":[\"https:\\\/\\\/kuzeyinsesi.org\\\/index.php\\\/2025\\\/10\\\/26\\\/rusya-abdnin-yaptirim-karari-ikili-iliskileri-zedeledi\\\/\"]}]},{\"@type\":\"ImageObject\",\"inLanguage\":\"tr\",\"@id\":\"https:\\\/\\\/kuzeyinsesi.org\\\/index.php\\\/2025\\\/10\\\/26\\\/rusya-abdnin-yaptirim-karari-ikili-iliskileri-zedeledi\\\/#primaryimage\",\"url\":\"https:\\\/\\\/kuzeyinsesi.org\\\/wp-content\\\/uploads\\\/2025\\\/09\\\/kremlin-reu-1773993.jpg\",\"contentUrl\":\"https:\\\/\\\/kuzeyinsesi.org\\\/wp-content\\\/uploads\\\/2025\\\/09\\\/kremlin-reu-1773993.jpg\",\"width\":1280,\"height\":720},{\"@type\":\"BreadcrumbList\",\"@id\":\"https:\\\/\\\/kuzeyinsesi.org\\\/index.php\\\/2025\\\/10\\\/26\\\/rusya-abdnin-yaptirim-karari-ikili-iliskileri-zedeledi\\\/#breadcrumb\",\"itemListElement\":[{\"@type\":\"ListItem\",\"position\":1,\"name\":\"Anasayfa\",\"item\":\"https:\\\/\\\/kuzeyinsesi.org\\\/\"},{\"@type\":\"ListItem\",\"position\":2,\"name\":\"Rusya: ABDnin yapt\u0131r\u0131m karar\u0131 ikili ili\u015fkileri zedeledi\"}]},{\"@type\":\"WebSite\",\"@id\":\"https:\\\/\\\/kuzeyinsesi.org\\\/#website\",\"url\":\"https:\\\/\\\/kuzeyinsesi.org\\\/\",\"name\":\"Kuzeyin Sesi\",\"description\":\"Do\u011fru Haberin Adresi\",\"potentialAction\":[{\"@type\":\"SearchAction\",\"target\":{\"@type\":\"EntryPoint\",\"urlTemplate\":\"https:\\\/\\\/kuzeyinsesi.org\\\/?s={search_term_string}\"},\"query-input\":{\"@type\":\"PropertyValueSpecification\",\"valueRequired\":true,\"valueName\":\"search_term_string\"}}],\"inLanguage\":\"tr\"},{\"@type\":\"Person\",\"@id\":\"https:\\\/\\\/kuzeyinsesi.org\\\/#\\\/schema\\\/person\\\/9f859689cdf01485597712386e37f5aa\",\"name\":\"Kuzeyin Sesi\",\"image\":{\"@type\":\"ImageObject\",\"inLanguage\":\"tr\",\"@id\":\"https:\\\/\\\/secure.gravatar.com\\\/avatar\\\/bab33852abfd8b282518d6ed81826833d77c3c882d9ab608add591ccace47a44?s=96&d=mm&r=g\",\"url\":\"https:\\\/\\\/secure.gravatar.com\\\/avatar\\\/bab33852abfd8b282518d6ed81826833d77c3c882d9ab608add591ccace47a44?s=96&d=mm&r=g\",\"contentUrl\":\"https:\\\/\\\/secure.gravatar.com\\\/avatar\\\/bab33852abfd8b282518d6ed81826833d77c3c882d9ab608add591ccace47a44?s=96&d=mm&r=g\",\"caption\":\"Kuzeyin Sesi\"},\"sameAs\":[\"https:\\\/\\\/kuzeyinsesi.org\"],\"url\":\"https:\\\/\\\/kuzeyinsesi.org\\\/index.php\\\/author\\\/guven\\\/\"}]}<\/script>\n<!-- \/ Yoast SEO plugin. -->","yoast_head_json":{"title":"Rusya: ABDnin yapt\u0131r\u0131m karar\u0131 ikili ili\u015fkileri zedeledi - Kuzeyin Sesi","robots":{"index":"index","follow":"follow","max-snippet":"max-snippet:-1","max-image-preview":"max-image-preview:large","max-video-preview":"max-video-preview:-1"},"canonical":"https:\/\/kuzeyinsesi.org\/index.php\/2025\/10\/26\/rusya-abdnin-yaptirim-karari-ikili-iliskileri-zedeledi\/","og_locale":"tr_TR","og_type":"article","og_title":"Rusya: ABDnin yapt\u0131r\u0131m karar\u0131 ikili ili\u015fkileri zedeledi - Kuzeyin Sesi","og_description":"&#13; Peskov, Rossiya-1 televizyon kanal\u0131na Rusya ile ABD aras\u0131ndaki ili\u015fkilere ve Ukrayna krizinin \u00e7\u00f6z\u00fcm s\u00fcrecine ili\u015fkin a\u00e7\u0131klamalarda bulundu. &#13; ABD\u2019nin Rusya\u2019ya y\u00f6nelik yeni yapt\u0131r\u0131m karar\u0131n\u0131 de\u011ferlendiren Peskov, &#8220;Bu, dost\u00e7a olmayan ad\u0131m. Bu eylemler, ikili ili\u015fkilerin yeniden canland\u0131r\u0131lmas\u0131 ihtimalini ger\u00e7ekten zedeledi. Ancak bu, hedeflerden vazge\u00e7memiz gerekti\u011fi anlam\u0131na gelmiyor. Bizim i\u00e7in faydal\u0131 olan\u0131 yapmam\u0131z laz\u0131m.&#8221; ifadelerini kulland\u0131. [&hellip;]","og_url":"https:\/\/kuzeyinsesi.org\/index.php\/2025\/10\/26\/rusya-abdnin-yaptirim-karari-ikili-iliskileri-zedeledi\/","og_site_name":"Kuzeyin Sesi","article_publisher":"https:\/\/www.facebook.com\/kuzeyinsesii","article_published_time":"2025-10-26T15:35:03+00:00","og_image":[{"url":"https:\/\/trthaberstatic.cdn.wp.trt.com.tr\/resimler\/1772000\/kremlin-reu-1773993.jpg","type":"","width":"","height":""}],"author":"Kuzeyin Sesi","twitter_card":"summary_large_image","twitter_creator":"@kuzeyinsesii","twitter_site":"@kuzeyinsesii","twitter_misc":{"Yazan:":"Kuzeyin Sesi","Tahmini okuma s\u00fcresi":"1 dakika"},"schema":{"@context":"https:\/\/schema.org","@graph":[{"@type":"Article","@id":"https:\/\/kuzeyinsesi.org\/index.php\/2025\/10\/26\/rusya-abdnin-yaptirim-karari-ikili-iliskileri-zedeledi\/#article","isPartOf":{"@id":"https:\/\/kuzeyinsesi.org\/index.php\/2025\/10\/26\/rusya-abdnin-yaptirim-karari-ikili-iliskileri-zedeledi\/"},"author":{"name":"Kuzeyin Sesi","@id":"https:\/\/kuzeyinsesi.org\/#\/schema\/person\/9f859689cdf01485597712386e37f5aa"},"headline":"Rusya: ABDnin yapt\u0131r\u0131m karar\u0131 ikili ili\u015fkileri zedeledi","datePublished":"2025-10-26T15:35:03+00:00","mainEntityOfPage":{"@id":"https:\/\/kuzeyinsesi.org\/index.php\/2025\/10\/26\/rusya-abdnin-yaptirim-karari-ikili-iliskileri-zedeledi\/"},"wordCount":278,"commentCount":0,"image":{"@id":"https:\/\/kuzeyinsesi.org\/index.php\/2025\/10\/26\/rusya-abdnin-yaptirim-karari-ikili-iliskileri-zedeledi\/#primaryimage"},"thumbnailUrl":"https:\/\/kuzeyinsesi.org\/wp-content\/uploads\/2025\/09\/kremlin-reu-1773993.jpg","articleSection":["D\u00fcnya"],"inLanguage":"tr","potentialAction":[{"@type":"CommentAction","name":"Comment","target":["https:\/\/kuzeyinsesi.org\/index.php\/2025\/10\/26\/rusya-abdnin-yaptirim-karari-ikili-iliskileri-zedeledi\/#respond"]}]},{"@type":"WebPage","@id":"https:\/\/kuzeyinsesi.org\/index.php\/2025\/10\/26\/rusya-abdnin-yaptirim-karari-ikili-iliskileri-zedeledi\/","url":"https:\/\/kuzeyinsesi.org\/index.php\/2025\/10\/26\/rusya-abdnin-yaptirim-karari-ikili-iliskileri-zedeledi\/","name":"Rusya: ABDnin yapt\u0131r\u0131m karar\u0131 ikili ili\u015fkileri zedeledi - Kuzeyin Sesi","isPartOf":{"@id":"https:\/\/kuzeyinsesi.org\/#website"},"primaryImageOfPage":{"@id":"https:\/\/kuzeyinsesi.org\/index.php\/2025\/10\/26\/rusya-abdnin-yaptirim-karari-ikili-iliskileri-zedeledi\/#primaryimage"},"image":{"@id":"https:\/\/kuzeyinsesi.org\/index.php\/2025\/10\/26\/rusya-abdnin-yaptirim-karari-ikili-iliskileri-zedeledi\/#primaryimage"},"thumbnailUrl":"https:\/\/kuzeyinsesi.org\/wp-content\/uploads\/2025\/09\/kremlin-reu-1773993.jpg","datePublished":"2025-10-26T15:35:03+00:00","author":{"@id":"https:\/\/kuzeyinsesi.org\/#\/schema\/person\/9f859689cdf01485597712386e37f5aa"},"breadcrumb":{"@id":"https:\/\/kuzeyinsesi.org\/index.php\/2025\/10\/26\/rusya-abdnin-yaptirim-karari-ikili-iliskileri-zedeledi\/#breadcrumb"},"inLanguage":"tr","potentialAction":[{"@type":"ReadAction","target":["https:\/\/kuzeyinsesi.org\/index.php\/2025\/10\/26\/rusya-abdnin-yaptirim-karari-ikili-iliskileri-zedeledi\/"]}]},{"@type":"ImageObject","inLanguage":"tr","@id":"https:\/\/kuzeyinsesi.org\/index.php\/2025\/10\/26\/rusya-abdnin-yaptirim-karari-ikili-iliskileri-zedeledi\/#primaryimage","url":"https:\/\/kuzeyinsesi.org\/wp-content\/uploads\/2025\/09\/kremlin-reu-1773993.jpg","contentUrl":"https:\/\/kuzeyinsesi.org\/wp-content\/uploads\/2025\/09\/kremlin-reu-1773993.jpg","width":1280,"height":720},{"@type":"BreadcrumbList","@id":"https:\/\/kuzeyinsesi.org\/index.php\/2025\/10\/26\/rusya-abdnin-yaptirim-karari-ikili-iliskileri-zedeledi\/#breadcrumb","itemListElement":[{"@type":"ListItem","position":1,"name":"Anasayfa","item":"https:\/\/kuzeyinsesi.org\/"},{"@type":"ListItem","position":2,"name":"Rusya: ABDnin yapt\u0131r\u0131m karar\u0131 ikili ili\u015fkileri zedeledi"}]},{"@type":"WebSite","@id":"https:\/\/kuzeyinsesi.org\/#website","url":"https:\/\/kuzeyinsesi.org\/","name":"Kuzeyin Sesi","description":"Do\u011fru Haberin Adresi","potentialAction":[{"@type":"SearchAction","target":{"@type":"EntryPoint","urlTemplate":"https:\/\/kuzeyinsesi.org\/?s={search_term_string}"},"query-input":{"@type":"PropertyValueSpecification","valueRequired":true,"valueName":"search_term_string"}}],"inLanguage":"tr"},{"@type":"Person","@id":"https:\/\/kuzeyinsesi.org\/#\/schema\/person\/9f859689cdf01485597712386e37f5aa","name":"Kuzeyin Sesi","image":{"@type":"ImageObject","inLanguage":"tr","@id":"https:\/\/secure.gravatar.com\/avatar\/bab33852abfd8b282518d6ed81826833d77c3c882d9ab608add591ccace47a44?s=96&d=mm&r=g","url":"https:\/\/secure.gravatar.com\/avatar\/bab33852abfd8b282518d6ed81826833d77c3c882d9ab608add591ccace47a44?s=96&d=mm&r=g","contentUrl":"https:\/\/secure.gravatar.com\/avatar\/bab33852abfd8b282518d6ed81826833d77c3c882d9ab608add591ccace47a44?s=96&d=mm&r=g","caption":"Kuzeyin Sesi"},"sameAs":["https:\/\/kuzeyinsesi.org"],"url":"https:\/\/kuzeyinsesi.org\/index.php\/author\/guven\/"}]}},"_links":{"self":[{"href":"https:\/\/kuzeyinsesi.org\/index.php\/wp-json\/wp\/v2\/posts\/34045","targetHints":{"allow":["GET"]}}],"collection":[{"href":"https:\/\/kuzeyinsesi.org\/index.php\/wp-json\/wp\/v2\/posts"}],"about":[{"href":"https:\/\/kuzeyinsesi.org\/index.php\/wp-json\/wp\/v2\/types\/post"}],"author":[{"embeddable":true,"href":"https:\/\/kuzeyinsesi.org\/index.php\/wp-json\/wp\/v2\/users\/1"}],"replies":[{"embeddable":true,"href":"https:\/\/kuzeyinsesi.org\/index.php\/wp-json\/wp\/v2\/comments?post=34045"}],"version-history":[{"count":0,"href":"https:\/\/kuzeyinsesi.org\/index.php\/wp-json\/wp\/v2\/posts\/34045\/revisions"}],"wp:featuredmedia":[{"embeddable":true,"href":"https:\/\/kuzeyinsesi.org\/index.php\/wp-json\/wp\/v2\/media\/31032"}],"wp:attachment":[{"href":"https:\/\/kuzeyinsesi.org\/index.php\/wp-json\/wp\/v2\/media?parent=34045"}],"wp:term":[{"taxonomy":"category","embeddable":true,"href":"https:\/\/kuzeyinsesi.org\/index.php\/wp-json\/wp\/v2\/categories?post=34045"},{"taxonomy":"post_tag","embeddable":true,"href":"https:\/\/kuzeyinsesi.org\/index.php\/wp-json\/wp\/v2\/tags?post=34045"}],"curies":[{"name":"wp","href":"https:\/\/api.w.org\/{rel}","templated":true}]}}