{"id":3389,"date":"2024-05-25T16:11:22","date_gmt":"2024-05-25T13:11:22","guid":{"rendered":"https:\/\/kuzeyinsesi.com\/index.php\/2024\/05\/25\/orta-cagda-kibrisin-kadinlari-kibrisin-kadin-kahramanlari-sergisi-gazimagusada-acildi\/"},"modified":"2024-05-25T16:11:22","modified_gmt":"2024-05-25T13:11:22","slug":"orta-cagda-kibrisin-kadinlari-kibrisin-kadin-kahramanlari-sergisi-gazimagusada-acildi","status":"publish","type":"post","link":"https:\/\/kuzeyinsesi.org\/index.php\/2024\/05\/25\/orta-cagda-kibrisin-kadinlari-kibrisin-kadin-kahramanlari-sergisi-gazimagusada-acildi\/","title":{"rendered":"\u201cOrta \u00c7a\u011f\u2019da K\u0131br\u0131s\u2019\u0131n Kad\u0131nlar\u0131-K\u0131br\u0131s\u2019\u0131n Kad\u0131n Kahramanlar\u0131 Sergisi\u201d Gazima\u011fusa\u2019da a\u00e7\u0131ld\u0131"},"content":{"rendered":"<div>\n<div class=\"mariselle-image-container center\">\n                                            <\/div>\n<p>Gazima\u011fusa Belediyesi ve Naci Talat Vakf\u0131\u2019n\u0131n ortak organizasyonuyla, Semra Bayhanl\u0131 ve Ahmet Kemal Hilmi\u2019nin \u201cOrta \u00c7a\u011f\u2019da K\u0131br\u0131s\u2019\u0131n Kad\u0131nlar\u0131- K\u0131br\u0131s\u2019\u0131n Kad\u0131n Kahramanlar\u0131 Sergisi\u201d d\u00fcn ak\u015fam Gazima\u011fusa\u2019da Martinengo Burcu\u2019nda (\u00c7ifte Mazgallar) a\u00e7\u0131ld\u0131.<\/p>\n<p>Serginin a\u00e7\u0131l\u0131\u015f t\u00f6renine Gazima\u011fusa Belediye Ba\u015fkan\u0131 S\u00fcleyman Ulu\u00e7ay, Cumhuriyet Meclisi Ba\u015fkan Yard\u0131mc\u0131s\u0131 Fazilet \u00d6zdenefe, baz\u0131 milletvekilleri ve sanatseverler kat\u0131ld\u0131.<\/p>\n<p>Sergi 24-31 May\u0131s tarihleri aras\u0131nda 08.00-17.00 saatleri aras\u0131nda ziyaret edilebilecek.<\/p>\n<p>Sergi a\u00e7\u0131l\u0131\u015f\u0131nda konu\u015fan Gazima\u011fusa Belediye Ba\u015fkan\u0131 S\u00fcleyman Ulu\u00e7ay, serginin Ma\u011fusa\u2019da sanatseverler ile bulu\u015fmas\u0131nda katk\u0131lar\u0131 olan Naci Talat Vakf\u0131 M\u00fctevelli Heyeti Ba\u015fkan\u0131 S\u0131la Usar \u0130ncirli ve Gazima\u011fusa Belediyesi K\u00fclt\u00fcr \u0130\u015fleri Amiri Onursal Akdeniz\u2019e te\u015fekk\u00fcr etti.<\/p>\n<p>Konu\u015fmas\u0131nda Martinengo Burcu\u2019nun yak\u0131n tarihteki \u00f6nemine de dikkat \u00e7eken Ba\u015fkan Ulu\u00e7ay, bir Orta \u00c7a\u011f Kenti olan Ma\u011fusa\u2019n\u0131n gelecek nesillere daha korunakl\u0131 ve daha g\u00fc\u00e7l\u00fc devredilmesi i\u00e7in Gazima\u011fusa Belediyesi\u2019nin \u00e7al\u0131\u015fmaya devam edece\u011fini vurgulad\u0131.<\/p>\n<p>-\u0130ncirli<\/p>\n<p>Naci Talat Vakf\u0131 M\u00fctevelli Heyeti Ba\u015fkan\u0131 S\u0131la Usar \u0130ncirli de konu\u015fmas\u0131nda Orta \u00c7a\u011f\u2019da K\u0131br\u0131s\u2019\u0131n Kad\u0131nlar\u0131- K\u0131br\u0131s\u2019\u0131n Kad\u0131n Kahramanlar\u0131 Sergisi ile, K\u0131br\u0131s\u2019\u0131n en \u00f6zel \u015fehirlerinden biri olan ve Ma\u011fusa\u2019n\u0131n bir Orta \u00c7a\u011f kenti oldu\u011funun en g\u00f6r\u00fcn\u00fcr hali olan Martinengo Tabyas\u0131\u2019nda bulunmaktan b\u00fcy\u00fck bir onur ve heyecan duyduklar\u0131n\u0131 kaydetti.<\/p>\n<p>Ma\u011fusa\u2019da gelip ge\u00e7en bir\u00e7ok medeniyetin ve k\u00fclt\u00fcr\u00fcn izlerinin hala var oldu\u011funu ifade eden \u0130ncirli, \u201cAvrupa Birli\u011fi projesi kapsam\u0131nda restore edilen \u00c7ifte Mazgallar di\u011fer ismi ile Martinengo Burcu\u2019nda sergimizi a\u00e7mak bizler i\u00e7in ayr\u0131ca b\u00fcy\u00fck bir \u00f6neme sahiptir\u201d \u015feklinde konu\u015ftu.<\/p>\n<p>Orta \u00c7a\u011f\u2019da K\u0131br\u0131s\u2019\u0131n Kad\u0131nlar\u0131\u2019n\u0131n, Semra Bayhanl\u0131\u2019n\u0131n f\u0131r\u00e7a darbeleri ve Ahmet Hilmi\u2019nin anlat\u0131m\u0131yla, tarihi sanatla anlatan, benzerine nadiren rastlad\u0131\u011f\u0131m\u0131z, \u00e7ok \u00f6zel bir proje oldu\u011funu vurgulayan \u0130ncirli, tarihin derinli\u011fi ve hakikatin verdi\u011fi heyecan\u0131n, sanat\u0131n g\u00fczelli\u011fine bezenmi\u015f bir \u015fekilde sanatseverlerle bulu\u015ftu\u011funu ifade etti.<\/p>\n<p>Projenin ba\u015fl\u0131ca ama\u00e7lar\u0131ndan birinin, K\u0131br\u0131s tarihinde siyaset ve toplum ya\u015fam\u0131nda kad\u0131nlar\u0131n aktif rol oynad\u0131\u011f\u0131 unutulmu\u015f olaylar\u0131 su y\u00fcz\u00fcne \u00e7\u0131karmak oldu\u011funu s\u00f6yleyen \u0130ncirli, \u201cAvrupa sosyopolitik tarih anlat\u0131m\u0131n\u0131n par\u00e7as\u0131 olan, K\u0131br\u0131s\u2019\u0131n tatl\u0131 topra\u011f\u0131 i\u00e7in s\u0131n\u0131rs\u0131z sevgi ve \u00f6zveride bulunan K\u0131br\u0131s\u2019\u0131n Krali\u00e7eleri ile yeniden bulu\u015fman\u0131n heyecan\u0131 i\u00e7erisindeyiz. Onlar soylar\u0131n\u0131 Fransa, Almanya, \u0130spanya, \u0130talya ve Anadolu\u2019ya kadar s\u00fcrd\u00fcrseler de kalben K\u0131br\u0131sl\u0131 olarak kald\u0131lar ve K\u0131br\u0131sl\u0131 bir kad\u0131n\u0131n \u00f6z karakterini sergilediler\u2019\u2019 ifadelerini kulland\u0131.<\/p>\n<\/p><\/div>\n<p><script async\n                    defer\n                    crossorigin=\"anonymous\"\n                    src=\"https:\/\/connect.facebook.net\/tr_TR\/sdk.js#xfbml=1&#038;version=v3.3\"\n            ><\/script><\/p>\n","protected":false},"excerpt":{"rendered":"<p>Gazima\u011fusa Belediyesi ve Naci Talat Vakf\u0131\u2019n\u0131n ortak organizasyonuyla, Semra Bayhanl\u0131 ve Ahmet Kemal Hilmi\u2019nin \u201cOrta \u00c7a\u011f\u2019da K\u0131br\u0131s\u2019\u0131n Kad\u0131nlar\u0131- K\u0131br\u0131s\u2019\u0131n Kad\u0131n Kahramanlar\u0131 Sergisi\u201d d\u00fcn ak\u015fam Gazima\u011fusa\u2019da Martinengo Burcu\u2019nda (\u00c7ifte Mazgallar) a\u00e7\u0131ld\u0131. Serginin a\u00e7\u0131l\u0131\u015f t\u00f6renine Gazima\u011fusa Belediye Ba\u015fkan\u0131 S\u00fcleyman Ulu\u00e7ay, Cumhuriyet Meclisi Ba\u015fkan Yard\u0131mc\u0131s\u0131 Fazilet \u00d6zdenefe, baz\u0131 milletvekilleri ve sanatseverler kat\u0131ld\u0131. Sergi 24-31 May\u0131s tarihleri aras\u0131nda 08.00-17.00 [&hellip;]<\/p>\n","protected":false},"author":1,"featured_media":3390,"comment_status":"open","ping_status":"open","sticky":false,"template":"","format":"standard","meta":{"jnews-multi-image_gallery":[],"jnews_single_post":[],"jnews_primary_category":[],"jnews_social_meta":[],"jnews_override_counter":[],"footnotes":""},"categories":[6],"tags":[],"class_list":["post-3389","post","type-post","status-publish","format-standard","has-post-thumbnail","hentry","category-yasam"],"yoast_head":"<!-- This site is optimized with the Yoast SEO plugin v27.5 - https:\/\/yoast.com\/product\/yoast-seo-wordpress\/ -->\n<title>\u201cOrta \u00c7a\u011f\u2019da K\u0131br\u0131s\u2019\u0131n Kad\u0131nlar\u0131-K\u0131br\u0131s\u2019\u0131n Kad\u0131n Kahramanlar\u0131 Sergisi\u201d Gazima\u011fusa\u2019da a\u00e7\u0131ld\u0131 - Kuzeyin Sesi<\/title>\n<meta name=\"robots\" content=\"index, follow, max-snippet:-1, max-image-preview:large, max-video-preview:-1\" \/>\n<link rel=\"canonical\" href=\"https:\/\/kuzeyinsesi.org\/index.php\/2024\/05\/25\/orta-cagda-kibrisin-kadinlari-kibrisin-kadin-kahramanlari-sergisi-gazimagusada-acildi\/\" \/>\n<meta property=\"og:locale\" content=\"tr_TR\" \/>\n<meta property=\"og:type\" content=\"article\" \/>\n<meta property=\"og:title\" content=\"\u201cOrta \u00c7a\u011f\u2019da K\u0131br\u0131s\u2019\u0131n Kad\u0131nlar\u0131-K\u0131br\u0131s\u2019\u0131n Kad\u0131n Kahramanlar\u0131 Sergisi\u201d Gazima\u011fusa\u2019da a\u00e7\u0131ld\u0131 - Kuzeyin Sesi\" \/>\n<meta property=\"og:description\" content=\"Gazima\u011fusa Belediyesi ve Naci Talat Vakf\u0131\u2019n\u0131n ortak organizasyonuyla, Semra Bayhanl\u0131 ve Ahmet Kemal Hilmi\u2019nin \u201cOrta \u00c7a\u011f\u2019da K\u0131br\u0131s\u2019\u0131n Kad\u0131nlar\u0131- K\u0131br\u0131s\u2019\u0131n Kad\u0131n Kahramanlar\u0131 Sergisi\u201d d\u00fcn ak\u015fam Gazima\u011fusa\u2019da Martinengo Burcu\u2019nda (\u00c7ifte Mazgallar) a\u00e7\u0131ld\u0131. Serginin a\u00e7\u0131l\u0131\u015f t\u00f6renine Gazima\u011fusa Belediye Ba\u015fkan\u0131 S\u00fcleyman Ulu\u00e7ay, Cumhuriyet Meclisi Ba\u015fkan Yard\u0131mc\u0131s\u0131 Fazilet \u00d6zdenefe, baz\u0131 milletvekilleri ve sanatseverler kat\u0131ld\u0131. Sergi 24-31 May\u0131s tarihleri aras\u0131nda 08.00-17.00 [&hellip;]\" \/>\n<meta property=\"og:url\" content=\"https:\/\/kuzeyinsesi.org\/index.php\/2024\/05\/25\/orta-cagda-kibrisin-kadinlari-kibrisin-kadin-kahramanlari-sergisi-gazimagusada-acildi\/\" \/>\n<meta property=\"og:site_name\" content=\"Kuzeyin Sesi\" \/>\n<meta property=\"article:publisher\" content=\"https:\/\/www.facebook.com\/kuzeyinsesii\" \/>\n<meta property=\"article:published_time\" content=\"2024-05-25T13:11:22+00:00\" \/>\n<meta property=\"og:image\" content=\"https:\/\/kuzeyinsesi.org\/wp-content\/uploads\/2024\/05\/magusa-orta-cag-da-kibris-in-kadinlari-sergisi-acilisi-12-.jpg\" \/>\n\t<meta property=\"og:image:width\" content=\"960\" \/>\n\t<meta property=\"og:image:height\" content=\"640\" \/>\n\t<meta property=\"og:image:type\" content=\"image\/jpeg\" \/>\n<meta name=\"author\" content=\"Kuzeyin Sesi\" \/>\n<meta name=\"twitter:card\" content=\"summary_large_image\" \/>\n<meta name=\"twitter:creator\" content=\"@kuzeyinsesii\" \/>\n<meta name=\"twitter:site\" content=\"@kuzeyinsesii\" \/>\n<meta name=\"twitter:label1\" content=\"Yazan:\" \/>\n\t<meta name=\"twitter:data1\" content=\"Kuzeyin Sesi\" \/>\n\t<meta name=\"twitter:label2\" content=\"Tahmini okuma s\u00fcresi\" \/>\n\t<meta name=\"twitter:data2\" content=\"3 dakika\" \/>\n<script type=\"application\/ld+json\" class=\"yoast-schema-graph\">{\"@context\":\"https:\\\/\\\/schema.org\",\"@graph\":[{\"@type\":\"Article\",\"@id\":\"https:\\\/\\\/kuzeyinsesi.org\\\/index.php\\\/2024\\\/05\\\/25\\\/orta-cagda-kibrisin-kadinlari-kibrisin-kadin-kahramanlari-sergisi-gazimagusada-acildi\\\/#article\",\"isPartOf\":{\"@id\":\"https:\\\/\\\/kuzeyinsesi.org\\\/index.php\\\/2024\\\/05\\\/25\\\/orta-cagda-kibrisin-kadinlari-kibrisin-kadin-kahramanlari-sergisi-gazimagusada-acildi\\\/\"},\"author\":{\"name\":\"Kuzeyin Sesi\",\"@id\":\"https:\\\/\\\/kuzeyinsesi.org\\\/#\\\/schema\\\/person\\\/9f859689cdf01485597712386e37f5aa\"},\"headline\":\"\u201cOrta \u00c7a\u011f\u2019da K\u0131br\u0131s\u2019\u0131n Kad\u0131nlar\u0131-K\u0131br\u0131s\u2019\u0131n Kad\u0131n Kahramanlar\u0131 Sergisi\u201d Gazima\u011fusa\u2019da a\u00e7\u0131ld\u0131\",\"datePublished\":\"2024-05-25T13:11:22+00:00\",\"mainEntityOfPage\":{\"@id\":\"https:\\\/\\\/kuzeyinsesi.org\\\/index.php\\\/2024\\\/05\\\/25\\\/orta-cagda-kibrisin-kadinlari-kibrisin-kadin-kahramanlari-sergisi-gazimagusada-acildi\\\/\"},\"wordCount\":526,\"commentCount\":0,\"image\":{\"@id\":\"https:\\\/\\\/kuzeyinsesi.org\\\/index.php\\\/2024\\\/05\\\/25\\\/orta-cagda-kibrisin-kadinlari-kibrisin-kadin-kahramanlari-sergisi-gazimagusada-acildi\\\/#primaryimage\"},\"thumbnailUrl\":\"https:\\\/\\\/kuzeyinsesi.org\\\/wp-content\\\/uploads\\\/2024\\\/05\\\/magusa-orta-cag-da-kibris-in-kadinlari-sergisi-acilisi-12-.jpg\",\"articleSection\":[\"Ya\u015fam\"],\"inLanguage\":\"tr\",\"potentialAction\":[{\"@type\":\"CommentAction\",\"name\":\"Comment\",\"target\":[\"https:\\\/\\\/kuzeyinsesi.org\\\/index.php\\\/2024\\\/05\\\/25\\\/orta-cagda-kibrisin-kadinlari-kibrisin-kadin-kahramanlari-sergisi-gazimagusada-acildi\\\/#respond\"]}]},{\"@type\":\"WebPage\",\"@id\":\"https:\\\/\\\/kuzeyinsesi.org\\\/index.php\\\/2024\\\/05\\\/25\\\/orta-cagda-kibrisin-kadinlari-kibrisin-kadin-kahramanlari-sergisi-gazimagusada-acildi\\\/\",\"url\":\"https:\\\/\\\/kuzeyinsesi.org\\\/index.php\\\/2024\\\/05\\\/25\\\/orta-cagda-kibrisin-kadinlari-kibrisin-kadin-kahramanlari-sergisi-gazimagusada-acildi\\\/\",\"name\":\"\u201cOrta \u00c7a\u011f\u2019da K\u0131br\u0131s\u2019\u0131n Kad\u0131nlar\u0131-K\u0131br\u0131s\u2019\u0131n Kad\u0131n Kahramanlar\u0131 Sergisi\u201d Gazima\u011fusa\u2019da a\u00e7\u0131ld\u0131 - Kuzeyin Sesi\",\"isPartOf\":{\"@id\":\"https:\\\/\\\/kuzeyinsesi.org\\\/#website\"},\"primaryImageOfPage\":{\"@id\":\"https:\\\/\\\/kuzeyinsesi.org\\\/index.php\\\/2024\\\/05\\\/25\\\/orta-cagda-kibrisin-kadinlari-kibrisin-kadin-kahramanlari-sergisi-gazimagusada-acildi\\\/#primaryimage\"},\"image\":{\"@id\":\"https:\\\/\\\/kuzeyinsesi.org\\\/index.php\\\/2024\\\/05\\\/25\\\/orta-cagda-kibrisin-kadinlari-kibrisin-kadin-kahramanlari-sergisi-gazimagusada-acildi\\\/#primaryimage\"},\"thumbnailUrl\":\"https:\\\/\\\/kuzeyinsesi.org\\\/wp-content\\\/uploads\\\/2024\\\/05\\\/magusa-orta-cag-da-kibris-in-kadinlari-sergisi-acilisi-12-.jpg\",\"datePublished\":\"2024-05-25T13:11:22+00:00\",\"author\":{\"@id\":\"https:\\\/\\\/kuzeyinsesi.org\\\/#\\\/schema\\\/person\\\/9f859689cdf01485597712386e37f5aa\"},\"breadcrumb\":{\"@id\":\"https:\\\/\\\/kuzeyinsesi.org\\\/index.php\\\/2024\\\/05\\\/25\\\/orta-cagda-kibrisin-kadinlari-kibrisin-kadin-kahramanlari-sergisi-gazimagusada-acildi\\\/#breadcrumb\"},\"inLanguage\":\"tr\",\"potentialAction\":[{\"@type\":\"ReadAction\",\"target\":[\"https:\\\/\\\/kuzeyinsesi.org\\\/index.php\\\/2024\\\/05\\\/25\\\/orta-cagda-kibrisin-kadinlari-kibrisin-kadin-kahramanlari-sergisi-gazimagusada-acildi\\\/\"]}]},{\"@type\":\"ImageObject\",\"inLanguage\":\"tr\",\"@id\":\"https:\\\/\\\/kuzeyinsesi.org\\\/index.php\\\/2024\\\/05\\\/25\\\/orta-cagda-kibrisin-kadinlari-kibrisin-kadin-kahramanlari-sergisi-gazimagusada-acildi\\\/#primaryimage\",\"url\":\"https:\\\/\\\/kuzeyinsesi.org\\\/wp-content\\\/uploads\\\/2024\\\/05\\\/magusa-orta-cag-da-kibris-in-kadinlari-sergisi-acilisi-12-.jpg\",\"contentUrl\":\"https:\\\/\\\/kuzeyinsesi.org\\\/wp-content\\\/uploads\\\/2024\\\/05\\\/magusa-orta-cag-da-kibris-in-kadinlari-sergisi-acilisi-12-.jpg\",\"width\":960,\"height\":640},{\"@type\":\"BreadcrumbList\",\"@id\":\"https:\\\/\\\/kuzeyinsesi.org\\\/index.php\\\/2024\\\/05\\\/25\\\/orta-cagda-kibrisin-kadinlari-kibrisin-kadin-kahramanlari-sergisi-gazimagusada-acildi\\\/#breadcrumb\",\"itemListElement\":[{\"@type\":\"ListItem\",\"position\":1,\"name\":\"Anasayfa\",\"item\":\"https:\\\/\\\/kuzeyinsesi.org\\\/\"},{\"@type\":\"ListItem\",\"position\":2,\"name\":\"\u201cOrta \u00c7a\u011f\u2019da K\u0131br\u0131s\u2019\u0131n Kad\u0131nlar\u0131-K\u0131br\u0131s\u2019\u0131n Kad\u0131n Kahramanlar\u0131 Sergisi\u201d Gazima\u011fusa\u2019da a\u00e7\u0131ld\u0131\"}]},{\"@type\":\"WebSite\",\"@id\":\"https:\\\/\\\/kuzeyinsesi.org\\\/#website\",\"url\":\"https:\\\/\\\/kuzeyinsesi.org\\\/\",\"name\":\"Kuzeyin Sesi\",\"description\":\"Do\u011fru Haberin Adresi\",\"potentialAction\":[{\"@type\":\"SearchAction\",\"target\":{\"@type\":\"EntryPoint\",\"urlTemplate\":\"https:\\\/\\\/kuzeyinsesi.org\\\/?s={search_term_string}\"},\"query-input\":{\"@type\":\"PropertyValueSpecification\",\"valueRequired\":true,\"valueName\":\"search_term_string\"}}],\"inLanguage\":\"tr\"},{\"@type\":\"Person\",\"@id\":\"https:\\\/\\\/kuzeyinsesi.org\\\/#\\\/schema\\\/person\\\/9f859689cdf01485597712386e37f5aa\",\"name\":\"Kuzeyin Sesi\",\"image\":{\"@type\":\"ImageObject\",\"inLanguage\":\"tr\",\"@id\":\"https:\\\/\\\/secure.gravatar.com\\\/avatar\\\/bab33852abfd8b282518d6ed81826833d77c3c882d9ab608add591ccace47a44?s=96&d=mm&r=g\",\"url\":\"https:\\\/\\\/secure.gravatar.com\\\/avatar\\\/bab33852abfd8b282518d6ed81826833d77c3c882d9ab608add591ccace47a44?s=96&d=mm&r=g\",\"contentUrl\":\"https:\\\/\\\/secure.gravatar.com\\\/avatar\\\/bab33852abfd8b282518d6ed81826833d77c3c882d9ab608add591ccace47a44?s=96&d=mm&r=g\",\"caption\":\"Kuzeyin Sesi\"},\"sameAs\":[\"https:\\\/\\\/kuzeyinsesi.org\"],\"url\":\"https:\\\/\\\/kuzeyinsesi.org\\\/index.php\\\/author\\\/guven\\\/\"}]}<\/script>\n<!-- \/ Yoast SEO plugin. -->","yoast_head_json":{"title":"\u201cOrta \u00c7a\u011f\u2019da K\u0131br\u0131s\u2019\u0131n Kad\u0131nlar\u0131-K\u0131br\u0131s\u2019\u0131n Kad\u0131n Kahramanlar\u0131 Sergisi\u201d Gazima\u011fusa\u2019da a\u00e7\u0131ld\u0131 - Kuzeyin Sesi","robots":{"index":"index","follow":"follow","max-snippet":"max-snippet:-1","max-image-preview":"max-image-preview:large","max-video-preview":"max-video-preview:-1"},"canonical":"https:\/\/kuzeyinsesi.org\/index.php\/2024\/05\/25\/orta-cagda-kibrisin-kadinlari-kibrisin-kadin-kahramanlari-sergisi-gazimagusada-acildi\/","og_locale":"tr_TR","og_type":"article","og_title":"\u201cOrta \u00c7a\u011f\u2019da K\u0131br\u0131s\u2019\u0131n Kad\u0131nlar\u0131-K\u0131br\u0131s\u2019\u0131n Kad\u0131n Kahramanlar\u0131 Sergisi\u201d Gazima\u011fusa\u2019da a\u00e7\u0131ld\u0131 - Kuzeyin Sesi","og_description":"Gazima\u011fusa Belediyesi ve Naci Talat Vakf\u0131\u2019n\u0131n ortak organizasyonuyla, Semra Bayhanl\u0131 ve Ahmet Kemal Hilmi\u2019nin \u201cOrta \u00c7a\u011f\u2019da K\u0131br\u0131s\u2019\u0131n Kad\u0131nlar\u0131- K\u0131br\u0131s\u2019\u0131n Kad\u0131n Kahramanlar\u0131 Sergisi\u201d d\u00fcn ak\u015fam Gazima\u011fusa\u2019da Martinengo Burcu\u2019nda (\u00c7ifte Mazgallar) a\u00e7\u0131ld\u0131. Serginin a\u00e7\u0131l\u0131\u015f t\u00f6renine Gazima\u011fusa Belediye Ba\u015fkan\u0131 S\u00fcleyman Ulu\u00e7ay, Cumhuriyet Meclisi Ba\u015fkan Yard\u0131mc\u0131s\u0131 Fazilet \u00d6zdenefe, baz\u0131 milletvekilleri ve sanatseverler kat\u0131ld\u0131. Sergi 24-31 May\u0131s tarihleri aras\u0131nda 08.00-17.00 [&hellip;]","og_url":"https:\/\/kuzeyinsesi.org\/index.php\/2024\/05\/25\/orta-cagda-kibrisin-kadinlari-kibrisin-kadin-kahramanlari-sergisi-gazimagusada-acildi\/","og_site_name":"Kuzeyin Sesi","article_publisher":"https:\/\/www.facebook.com\/kuzeyinsesii","article_published_time":"2024-05-25T13:11:22+00:00","og_image":[{"width":960,"height":640,"url":"https:\/\/kuzeyinsesi.org\/wp-content\/uploads\/2024\/05\/magusa-orta-cag-da-kibris-in-kadinlari-sergisi-acilisi-12-.jpg","type":"image\/jpeg"}],"author":"Kuzeyin Sesi","twitter_card":"summary_large_image","twitter_creator":"@kuzeyinsesii","twitter_site":"@kuzeyinsesii","twitter_misc":{"Yazan:":"Kuzeyin Sesi","Tahmini okuma s\u00fcresi":"3 dakika"},"schema":{"@context":"https:\/\/schema.org","@graph":[{"@type":"Article","@id":"https:\/\/kuzeyinsesi.org\/index.php\/2024\/05\/25\/orta-cagda-kibrisin-kadinlari-kibrisin-kadin-kahramanlari-sergisi-gazimagusada-acildi\/#article","isPartOf":{"@id":"https:\/\/kuzeyinsesi.org\/index.php\/2024\/05\/25\/orta-cagda-kibrisin-kadinlari-kibrisin-kadin-kahramanlari-sergisi-gazimagusada-acildi\/"},"author":{"name":"Kuzeyin Sesi","@id":"https:\/\/kuzeyinsesi.org\/#\/schema\/person\/9f859689cdf01485597712386e37f5aa"},"headline":"\u201cOrta \u00c7a\u011f\u2019da K\u0131br\u0131s\u2019\u0131n Kad\u0131nlar\u0131-K\u0131br\u0131s\u2019\u0131n Kad\u0131n Kahramanlar\u0131 Sergisi\u201d Gazima\u011fusa\u2019da a\u00e7\u0131ld\u0131","datePublished":"2024-05-25T13:11:22+00:00","mainEntityOfPage":{"@id":"https:\/\/kuzeyinsesi.org\/index.php\/2024\/05\/25\/orta-cagda-kibrisin-kadinlari-kibrisin-kadin-kahramanlari-sergisi-gazimagusada-acildi\/"},"wordCount":526,"commentCount":0,"image":{"@id":"https:\/\/kuzeyinsesi.org\/index.php\/2024\/05\/25\/orta-cagda-kibrisin-kadinlari-kibrisin-kadin-kahramanlari-sergisi-gazimagusada-acildi\/#primaryimage"},"thumbnailUrl":"https:\/\/kuzeyinsesi.org\/wp-content\/uploads\/2024\/05\/magusa-orta-cag-da-kibris-in-kadinlari-sergisi-acilisi-12-.jpg","articleSection":["Ya\u015fam"],"inLanguage":"tr","potentialAction":[{"@type":"CommentAction","name":"Comment","target":["https:\/\/kuzeyinsesi.org\/index.php\/2024\/05\/25\/orta-cagda-kibrisin-kadinlari-kibrisin-kadin-kahramanlari-sergisi-gazimagusada-acildi\/#respond"]}]},{"@type":"WebPage","@id":"https:\/\/kuzeyinsesi.org\/index.php\/2024\/05\/25\/orta-cagda-kibrisin-kadinlari-kibrisin-kadin-kahramanlari-sergisi-gazimagusada-acildi\/","url":"https:\/\/kuzeyinsesi.org\/index.php\/2024\/05\/25\/orta-cagda-kibrisin-kadinlari-kibrisin-kadin-kahramanlari-sergisi-gazimagusada-acildi\/","name":"\u201cOrta \u00c7a\u011f\u2019da K\u0131br\u0131s\u2019\u0131n Kad\u0131nlar\u0131-K\u0131br\u0131s\u2019\u0131n Kad\u0131n Kahramanlar\u0131 Sergisi\u201d Gazima\u011fusa\u2019da a\u00e7\u0131ld\u0131 - Kuzeyin Sesi","isPartOf":{"@id":"https:\/\/kuzeyinsesi.org\/#website"},"primaryImageOfPage":{"@id":"https:\/\/kuzeyinsesi.org\/index.php\/2024\/05\/25\/orta-cagda-kibrisin-kadinlari-kibrisin-kadin-kahramanlari-sergisi-gazimagusada-acildi\/#primaryimage"},"image":{"@id":"https:\/\/kuzeyinsesi.org\/index.php\/2024\/05\/25\/orta-cagda-kibrisin-kadinlari-kibrisin-kadin-kahramanlari-sergisi-gazimagusada-acildi\/#primaryimage"},"thumbnailUrl":"https:\/\/kuzeyinsesi.org\/wp-content\/uploads\/2024\/05\/magusa-orta-cag-da-kibris-in-kadinlari-sergisi-acilisi-12-.jpg","datePublished":"2024-05-25T13:11:22+00:00","author":{"@id":"https:\/\/kuzeyinsesi.org\/#\/schema\/person\/9f859689cdf01485597712386e37f5aa"},"breadcrumb":{"@id":"https:\/\/kuzeyinsesi.org\/index.php\/2024\/05\/25\/orta-cagda-kibrisin-kadinlari-kibrisin-kadin-kahramanlari-sergisi-gazimagusada-acildi\/#breadcrumb"},"inLanguage":"tr","potentialAction":[{"@type":"ReadAction","target":["https:\/\/kuzeyinsesi.org\/index.php\/2024\/05\/25\/orta-cagda-kibrisin-kadinlari-kibrisin-kadin-kahramanlari-sergisi-gazimagusada-acildi\/"]}]},{"@type":"ImageObject","inLanguage":"tr","@id":"https:\/\/kuzeyinsesi.org\/index.php\/2024\/05\/25\/orta-cagda-kibrisin-kadinlari-kibrisin-kadin-kahramanlari-sergisi-gazimagusada-acildi\/#primaryimage","url":"https:\/\/kuzeyinsesi.org\/wp-content\/uploads\/2024\/05\/magusa-orta-cag-da-kibris-in-kadinlari-sergisi-acilisi-12-.jpg","contentUrl":"https:\/\/kuzeyinsesi.org\/wp-content\/uploads\/2024\/05\/magusa-orta-cag-da-kibris-in-kadinlari-sergisi-acilisi-12-.jpg","width":960,"height":640},{"@type":"BreadcrumbList","@id":"https:\/\/kuzeyinsesi.org\/index.php\/2024\/05\/25\/orta-cagda-kibrisin-kadinlari-kibrisin-kadin-kahramanlari-sergisi-gazimagusada-acildi\/#breadcrumb","itemListElement":[{"@type":"ListItem","position":1,"name":"Anasayfa","item":"https:\/\/kuzeyinsesi.org\/"},{"@type":"ListItem","position":2,"name":"\u201cOrta \u00c7a\u011f\u2019da K\u0131br\u0131s\u2019\u0131n Kad\u0131nlar\u0131-K\u0131br\u0131s\u2019\u0131n Kad\u0131n Kahramanlar\u0131 Sergisi\u201d Gazima\u011fusa\u2019da a\u00e7\u0131ld\u0131"}]},{"@type":"WebSite","@id":"https:\/\/kuzeyinsesi.org\/#website","url":"https:\/\/kuzeyinsesi.org\/","name":"Kuzeyin Sesi","description":"Do\u011fru Haberin Adresi","potentialAction":[{"@type":"SearchAction","target":{"@type":"EntryPoint","urlTemplate":"https:\/\/kuzeyinsesi.org\/?s={search_term_string}"},"query-input":{"@type":"PropertyValueSpecification","valueRequired":true,"valueName":"search_term_string"}}],"inLanguage":"tr"},{"@type":"Person","@id":"https:\/\/kuzeyinsesi.org\/#\/schema\/person\/9f859689cdf01485597712386e37f5aa","name":"Kuzeyin Sesi","image":{"@type":"ImageObject","inLanguage":"tr","@id":"https:\/\/secure.gravatar.com\/avatar\/bab33852abfd8b282518d6ed81826833d77c3c882d9ab608add591ccace47a44?s=96&d=mm&r=g","url":"https:\/\/secure.gravatar.com\/avatar\/bab33852abfd8b282518d6ed81826833d77c3c882d9ab608add591ccace47a44?s=96&d=mm&r=g","contentUrl":"https:\/\/secure.gravatar.com\/avatar\/bab33852abfd8b282518d6ed81826833d77c3c882d9ab608add591ccace47a44?s=96&d=mm&r=g","caption":"Kuzeyin Sesi"},"sameAs":["https:\/\/kuzeyinsesi.org"],"url":"https:\/\/kuzeyinsesi.org\/index.php\/author\/guven\/"}]}},"_links":{"self":[{"href":"https:\/\/kuzeyinsesi.org\/index.php\/wp-json\/wp\/v2\/posts\/3389","targetHints":{"allow":["GET"]}}],"collection":[{"href":"https:\/\/kuzeyinsesi.org\/index.php\/wp-json\/wp\/v2\/posts"}],"about":[{"href":"https:\/\/kuzeyinsesi.org\/index.php\/wp-json\/wp\/v2\/types\/post"}],"author":[{"embeddable":true,"href":"https:\/\/kuzeyinsesi.org\/index.php\/wp-json\/wp\/v2\/users\/1"}],"replies":[{"embeddable":true,"href":"https:\/\/kuzeyinsesi.org\/index.php\/wp-json\/wp\/v2\/comments?post=3389"}],"version-history":[{"count":0,"href":"https:\/\/kuzeyinsesi.org\/index.php\/wp-json\/wp\/v2\/posts\/3389\/revisions"}],"wp:featuredmedia":[{"embeddable":true,"href":"https:\/\/kuzeyinsesi.org\/index.php\/wp-json\/wp\/v2\/media\/3390"}],"wp:attachment":[{"href":"https:\/\/kuzeyinsesi.org\/index.php\/wp-json\/wp\/v2\/media?parent=3389"}],"wp:term":[{"taxonomy":"category","embeddable":true,"href":"https:\/\/kuzeyinsesi.org\/index.php\/wp-json\/wp\/v2\/categories?post=3389"},{"taxonomy":"post_tag","embeddable":true,"href":"https:\/\/kuzeyinsesi.org\/index.php\/wp-json\/wp\/v2\/tags?post=3389"}],"curies":[{"name":"wp","href":"https:\/\/api.w.org\/{rel}","templated":true}]}}