{"id":33839,"date":"2025-10-22T22:45:18","date_gmt":"2025-10-22T19:45:18","guid":{"rendered":"https:\/\/kuzeyinsesi.org\/index.php\/2025\/10\/22\/galatasaray-uefa-sampiyonlar-liginde-rakibini-31-yendi\/"},"modified":"2025-10-22T22:45:18","modified_gmt":"2025-10-22T19:45:18","slug":"galatasaray-uefa-sampiyonlar-liginde-rakibini-31-yendi","status":"publish","type":"post","link":"https:\/\/kuzeyinsesi.org\/index.php\/2025\/10\/22\/galatasaray-uefa-sampiyonlar-liginde-rakibini-31-yendi\/","title":{"rendered":"Galatasaray, UEFA \u015eampiyonlar Ligi&#039;nde rakibini 31 yendi"},"content":{"rendered":"<p><\/p>\n<div>\n<p>&#13;<br \/>\n\tRAMS Park&#8217;ta tamamen dolu trib\u00fcnler \u00f6n\u00fcnde oynanan m\u00fcsabakaya h\u0131zl\u0131 ba\u015flayan sar\u0131-k\u0131rm\u0131z\u0131l\u0131 ekip, 3. dakikada Victor Osimhen&#8217;in buldu\u011fu golle 1-0 \u00f6ne ge\u00e7ti. Leroy Sane&#8217;nin etkili oldu\u011fu b\u00f6l\u00fcmde tehlikeli ataklar geli\u015ftiren Galatasaray, 33. dakikada Osimhen ile skoru 2-0 yapt\u0131. M\u00fccadelenin ilk 45 dakikas\u0131 bu skorla sona erdi.<\/p>\n<p>&#13;<br \/>\n\t\u0130kinci yar\u0131n\u0131n ba\u015f\u0131nda oyunun kontrol\u00fcn\u00fc yine Galatasaray elinde bulundurdu. \u00d6n alan bask\u0131s\u0131yla pozisyonlar \u00fcreten Galatasaray, 60. dakikada Yunus Akg\u00fcn&#8217;\u00fcn kaydetti\u011fi golle fark\u0131 3&#8217;e \u00e7\u0131kard\u0131: 3-0. Bu dakikadan sonra oyuncu de\u011fi\u015fiklikleri ve skor avantaj\u0131n\u0131n etkisiyle topun kontrol\u00fc Bodo\/Glimt&#8217;e ge\u00e7ti. Norve\u00e7 temsilcisi, 76. dakikada Andreas Helmersen&#8217;in att\u0131\u011f\u0131 golle skor 3-1&#8217;e getirdi. Kalan b\u00f6l\u00fcmde iyi savunma yapan Galatasaray, sahadan 3 puanla ayr\u0131lan taraf oldu.<\/p>\n<p>&#13;<br \/>\n\tAvrupa&#8217;n\u0131n kul\u00fcpler d\u00fczeyindeki en b\u00fcy\u00fck futbol organizasyonunda 36 tak\u0131ml\u0131 lig a\u015famas\u0131na deplasmanda Almanya temsilcisi Eintracht Frankfurt&#8217;a 5-1 yenilerek ba\u015flayan &#8220;Cimbom&#8221; i\u00e7 sahada Liverpool&#8217;un (1-0) ard\u0131ndan Bodo\/Glimt&#8217;i de yenerek 2 galibiyete ve 6 puana ula\u015ft\u0131.<\/p>\n<p>&#13;<br \/>\n\t\u015eampiyonlar Ligi&#8217;ndeki ilk 2 ma\u00e7\u0131ndan 2-2&#8217;lik beraberlikle ayr\u0131lan Norve\u00e7 temsilcisi ise tarihinde ilk kez kat\u0131ld\u0131\u011f\u0131 turnuvadaki ilk yenilgisini ya\u015fad\u0131.<\/p>\n<h2>&#13;<br \/>\n\tOsimhen, &#8220;Double&#8221; yapt\u0131<\/h2>\n<p>&#13;<br \/>\n\tGalatasaray&#8217;\u0131n Nijeryal\u0131 y\u0131ld\u0131z\u0131 Victor Osimhen, att\u0131\u011f\u0131 2 golle ma\u00e7a damga vurdu.<\/p>\n<p>&#13;<br \/>\n\tM\u00fcsabakan\u0131n 3 ve 33. dakikalar\u0131nda fileleri havaland\u0131ran Osimhen, galibiyette ba\u015frol\u00fc oynad\u0131. Bu sezonki 8. resmi ma\u00e7\u0131na \u00e7\u0131kan 26 ya\u015f\u0131ndaki futbolcu, toplamda 5 gole ula\u015ft\u0131.<\/p>\n<h2>&#13;<br \/>\n\tYunus, 4. kez gol sevinci ya\u015fad\u0131<\/h2>\n<p>&#13;<br \/>\n\tGalatasaray&#8217;\u0131n altyap\u0131s\u0131ndan yeti\u015fen y\u0131ld\u0131z\u0131 Yunus Akg\u00fcn, bu sezon 4. kez fileleri havaland\u0131rd\u0131.<\/p>\n<p>&#13;<br \/>\n\tSar\u0131-k\u0131rm\u0131z\u0131l\u0131 formayla bu sezon 11. resmi ma\u00e7\u0131na \u00e7\u0131kan Yunus, Norve\u00e7 ekibi kar\u015f\u0131s\u0131nda 60. dakikada a\u011flar\u0131 havaland\u0131rd\u0131.<\/p>\n<p>&#13;<br \/>\n\tTrendyol S\u00fcper Lig&#8217;de 2 gol\u00fc bulunan Yunus, UEFA \u015eampiyonlar Ligi&#8217;nde de 2. kez a\u011flar\u0131 sarsarak 4 gole ula\u015ft\u0131.<\/p>\n<p><\/p>\n<h2>&#13;<br \/>\n\tGoller \u00f6n alan bask\u0131s\u0131yla geldi<\/h2>\n<p>&#13;<br \/>\n\tGalatasaray, Bodo\/Glimt kar\u015f\u0131s\u0131nda golleri \u00f6n alanda yap\u0131lan bask\u0131lar sonras\u0131nda buldu.<\/p>\n<p>&#13;<br \/>\n\tM\u00fcsabakan\u0131n 3. dakikas\u0131nda Mario Lemina rakip yar\u0131 alanda kapt\u0131\u011f\u0131 topu, ceza yay\u0131n\u0131n solundaki Victor Osimhen&#8217;e aktard\u0131. Nijeryal\u0131 futbolcu, uygun durumda me\u015fin yuvarla\u011f\u0131 filelerle bulu\u015fturdu.<\/p>\n<p>&#13;<br \/>\n\tBu kez 33. dakikada Yunus Akg\u00fcn, bask\u0131 yapt\u0131\u011f\u0131 Fredrik Andre Bjorkan&#8217;\u0131 geri pas vermeye zorlad\u0131. Bu oyuncunun hatal\u0131 pas\u0131nda araya giren Osimhen, fileleri havaland\u0131rarak fark\u0131 2&#8217;ye \u00e7\u0131kard\u0131.<\/p>\n<p>&#13;<br \/>\n\tGalatasaray&#8217;\u0131n 3. gol\u00fcnde ise bu kez bas\u0131y\u0131 yap\u0131p topu kazanan Osimhen oldu. Ma\u00e7\u0131n 60. dakikas\u0131nda ceza yay\u0131 \u00f6n\u00fcnde me\u015fin yuvarla\u011f\u0131 kapan Osimhen, Yunus&#8217;un pozisyona girmesini sa\u011flad\u0131. Milli futbolcu ise topu a\u011flara g\u00f6ndererek tak\u0131m arkada\u015f\u0131n\u0131n m\u00fccadelesini bo\u015fa \u00e7\u0131karmad\u0131.<\/p>\n<h2>&#13;<br \/>\n\tRAMS Park&#8217;taki yenilmezlik serisi 30 ma\u00e7a \u00e7\u0131kt\u0131<\/h2>\n<p>&#13;<br \/>\n\tSar\u0131-k\u0131rm\u0131z\u0131l\u0131 ekip, sahas\u0131nda oynad\u0131\u011f\u0131 son 30 resmi ma\u00e7ta yenilmedi.<\/p>\n<p>&#13;<br \/>\n\tRAMS Park&#8217;taki son ma\u011flubiyetini ge\u00e7en sezon UEFA \u015eampiyonlar Ligi play-off turu r\u00f6van\u015f\u0131nda \u0130svi\u00e7re temsilcisi Young Boys kar\u015f\u0131s\u0131nda 1-0&#8217;l\u0131k skorla ya\u015fayan sar\u0131-k\u0131rm\u0131z\u0131l\u0131 ekip, sonras\u0131nda i\u00e7 sahada 30 resmi ma\u00e7a \u00e7\u0131kt\u0131.<\/p>\n<p>&#13;<br \/>\n\tGalatasaray, bu s\u00fcre\u00e7te 21&#8217;i S\u00fcper Lig, 5&#8217;i UEFA Avrupa Ligi, 2&#8217;si Ziraat T\u00fcrkiye Kupas\u0131 ve 2&#8217;si UEFA \u015eampiyonlar Ligi olmak \u00fczere 30 resmi m\u00fcsabakada 22 galibiyet, 8 beraberlik ya\u015fad\u0131.<\/p>\n<h2>&#13;<br \/>\n\tSahas\u0131ndaki son 21 Avrupa ma\u00e7\u0131n\u0131n 18&#8217;inde yenilmedi<\/h2>\n<p>&#13;<br \/>\n\tGalatasaray&#8217;\u0131n UEFA organizasyonlar\u0131nda i\u00e7 sahada yapt\u0131\u011f\u0131 son 21 m\u00fcsabakan\u0131n 18&#8217;inde bile\u011fi b\u00fck\u00fclmedi.<\/p>\n<p>&#13;<br \/>\n\tSar\u0131-k\u0131rm\u0131z\u0131l\u0131 ekip, s\u00f6z konusu s\u00fcre\u00e7te 9&#8217;u UEFA \u015eampiyonlar Ligi, 12&#8217;si UEFA Avrupa Ligi olmak \u00fczere yapt\u0131\u011f\u0131 21 ma\u00e7ta, 12 galibiyet, 6 beraberlik ve 3 yenilgi ya\u015fad\u0131. Sahas\u0131ndaki son 7 Avrupa ma\u00e7\u0131n\u0131 kaybetmeyen Galatasaray, 5 galibiyet, 2 beraberlik ald\u0131.<\/p>\n<p>&#13;<br \/>\n\tBu m\u00fcsabakalar\u0131n 20&#8217;sinde gol atmay\u0131 ba\u015faran Galatasaray, rakip fileleri 42 kez sarst\u0131. D\u00f6rt ma\u00e7ta kalesini gole kapatabilen sar\u0131-k\u0131rm\u0131z\u0131l\u0131 ekip, rakiplerinin 31 gol\u00fcn\u00fc engelleyemedi.<\/p>\n<h2>&#13;<br \/>\n\t\u015eampiyonlar Ligi&#8217;nde 13 sene sonra \u00fcst \u00fcste 2 ma\u00e7 kazand\u0131<\/h2>\n<p>&#13;<br \/>\n\tGalatasaray, UEFA \u015eampiyonlar Ligi&#8217;nde 13 y\u0131l\u0131n ard\u0131ndan \u00fcst \u00fcste 2 ma\u00e7\u0131n\u0131 galibiyetle tamamlad\u0131.<\/p>\n<p>&#13;<br \/>\n\tTeknik direkt\u00f6r Fatih Terim&#8217;in y\u00f6netiminde 2012-2013 sezonunun grup a\u015famas\u0131nda 7 Kas\u0131m-5 Aral\u0131k 2012 tarihleri aras\u0131nda Romanya ekibi CFR Cluj&#8217;u 3-1, \u0130ngiltere temsilcisi Manchester United&#8217;\u0131 1-0 ve Portekiz&#8217;den Braga&#8217;y\u0131 2-1 yenen sar\u0131-k\u0131rm\u0131z\u0131l\u0131 ekip, \u00fcst \u00fcste 3 galibiyet alm\u0131\u015ft\u0131.<\/p>\n<p>&#13;<br \/>\n\tSar\u0131-k\u0131rm\u0131z\u0131l\u0131lar, s\u00f6z konusu d\u00f6nemden sonra ilk kez \u015eampiyonlar Ligi&#8217;nin grup\/lig a\u015famas\u0131nda \u00fcst \u00fcste 2 galibiyet ya\u015fad\u0131.<\/p>\n<p><img decoding=\"async\" alt=\"Galatasaray, UEFA \u015eampiyonlar Ligi'nde rakibini 3-1 yendi\" src=\"https:\/\/www.trthaber.com\/dosyalar\/images\/AA-39491252.jpg\"\/><\/p>\n<h2>&#13;<br \/>\n\tSahas\u0131nda Norve\u00e7 tak\u0131mlar\u0131na ge\u00e7it vermedi<\/h2>\n<p>&#13;<br \/>\n\tGalatasaray, UEFA turnuvalar\u0131nda Norve\u00e7 temsilcileriyle sahas\u0131nda yapt\u0131\u011f\u0131 4. ma\u00e7ta da yenilgi y\u00fcz\u00fc g\u00f6rmedi.<\/p>\n<p>&#13;<br \/>\n\tTarihinde 7. kez bir Norve\u00e7 temsilcisiyle kar\u015f\u0131la\u015fan sar\u0131-k\u0131rm\u0131z\u0131l\u0131 ekip, 4. galibiyetini elde etti. Galatasaray, ayr\u0131ca s\u00f6z konusu m\u00fcsabakalarda 1 beraberlik, 2 yenilgi ya\u015fad\u0131.<\/p>\n<p>&#13;<br \/>\n\tNorve\u00e7 tak\u0131mlar\u0131n\u0131 konuk etti\u011fi 4. m\u00fcsabakada 3. galibiyetini alan &#8220;Cimbom&#8221;, ya\u015fad\u0131\u011f\u0131 1 beraberlikle rakiplerine galibiyet y\u00fcz\u00fc g\u00f6stermedi.<\/p>\n<h2>&#13;<br \/>\n\tBodo\/Glimt&#8217;in 3 ma\u00e7 sonra T\u00fcrk tak\u0131mlar\u0131na ma\u011flup oldu<\/h2>\n<p>&#13;<br \/>\n\tNorve\u00e7 temsilcisi, T\u00fcrk tak\u0131mlar\u0131na kar\u015f\u0131 3 ma\u00e7 sonra ma\u011flubiyet ya\u015fad\u0131.<\/p>\n<p>&#13;<br \/>\n\tBodo\/Glimt, UEFA organizasyonlar\u0131nda daha \u00f6nce Trabzonspor ile 2, Be\u015fikta\u015f ile 5 ma\u00e7 yapt\u0131. Sar\u0131-siyahl\u0131lar, bordo-mavililerle ma\u00e7lar\u0131n\u0131 2-1 ve 3-1&#8217;lik skorlarla kaybetti.<\/p>\n<p>&#13;<br \/>\n\tBe\u015fikta\u015f&#8217;a kar\u015f\u0131 ilk 2 ma\u00e7\u0131nda 1-1 beraberlik ve 1-0&#8217;l\u0131k yenilgi ya\u015fayan Bodo\/Glimt, sonraki 3 m\u00fcsabakay\u0131 3-1 ve 2-1 (2) kazand\u0131. Son olarak Galatasaray&#8217;a 3-1 ma\u011flup olan Bodo\/Glimt&#8217;in T\u00fcrk tak\u0131mlar\u0131na kar\u015f\u0131 3 ma\u00e7l\u0131k kazanma serisi sona erdi.<\/p>\n<p><img decoding=\"async\" alt=\"Galatasaray, UEFA \u015eampiyonlar Ligi'nde rakibini 3-1 yendi\" src=\"https:\/\/www.trthaber.com\/dosyalar\/images\/aa_picture_20251022_39490461(1).jpg\"\/><\/p>\n<\/p><\/div>\n","protected":false},"excerpt":{"rendered":"<p>&#13; RAMS Park&#8217;ta tamamen dolu trib\u00fcnler \u00f6n\u00fcnde oynanan m\u00fcsabakaya h\u0131zl\u0131 ba\u015flayan sar\u0131-k\u0131rm\u0131z\u0131l\u0131 ekip, 3. dakikada Victor Osimhen&#8217;in buldu\u011fu golle 1-0 \u00f6ne ge\u00e7ti. Leroy Sane&#8217;nin etkili oldu\u011fu b\u00f6l\u00fcmde tehlikeli ataklar geli\u015ftiren Galatasaray, 33. dakikada Osimhen ile skoru 2-0 yapt\u0131. M\u00fccadelenin ilk 45 dakikas\u0131 bu skorla sona erdi. &#13; \u0130kinci yar\u0131n\u0131n ba\u015f\u0131nda oyunun kontrol\u00fcn\u00fc yine Galatasaray elinde [&hellip;]<\/p>\n","protected":false},"author":1,"featured_media":33840,"comment_status":"open","ping_status":"open","sticky":false,"template":"","format":"standard","meta":{"jnews-multi-image_gallery":[],"jnews_single_post":[],"jnews_primary_category":[],"jnews_social_meta":[],"jnews_override_counter":[],"footnotes":""},"categories":[4],"tags":[],"class_list":["post-33839","post","type-post","status-publish","format-standard","has-post-thumbnail","hentry","category-spor"],"yoast_head":"<!-- This site is optimized with the Yoast SEO plugin v27.5 - https:\/\/yoast.com\/product\/yoast-seo-wordpress\/ -->\n<title>Galatasaray, UEFA \u015eampiyonlar Ligi&#039;nde rakibini 31 yendi - Kuzeyin Sesi<\/title>\n<meta name=\"robots\" content=\"index, follow, max-snippet:-1, max-image-preview:large, max-video-preview:-1\" \/>\n<link rel=\"canonical\" href=\"https:\/\/kuzeyinsesi.org\/index.php\/2025\/10\/22\/galatasaray-uefa-sampiyonlar-liginde-rakibini-31-yendi\/\" \/>\n<meta property=\"og:locale\" content=\"tr_TR\" \/>\n<meta property=\"og:type\" content=\"article\" \/>\n<meta property=\"og:title\" content=\"Galatasaray, UEFA \u015eampiyonlar Ligi&#039;nde rakibini 31 yendi - Kuzeyin Sesi\" \/>\n<meta property=\"og:description\" content=\"&#013; RAMS Park&#8217;ta tamamen dolu trib\u00fcnler \u00f6n\u00fcnde oynanan m\u00fcsabakaya h\u0131zl\u0131 ba\u015flayan sar\u0131-k\u0131rm\u0131z\u0131l\u0131 ekip, 3. dakikada Victor Osimhen&#8217;in buldu\u011fu golle 1-0 \u00f6ne ge\u00e7ti. Leroy Sane&#8217;nin etkili oldu\u011fu b\u00f6l\u00fcmde tehlikeli ataklar geli\u015ftiren Galatasaray, 33. dakikada Osimhen ile skoru 2-0 yapt\u0131. M\u00fccadelenin ilk 45 dakikas\u0131 bu skorla sona erdi. &#013; \u0130kinci yar\u0131n\u0131n ba\u015f\u0131nda oyunun kontrol\u00fcn\u00fc yine Galatasaray elinde [&hellip;]\" \/>\n<meta property=\"og:url\" content=\"https:\/\/kuzeyinsesi.org\/index.php\/2025\/10\/22\/galatasaray-uefa-sampiyonlar-liginde-rakibini-31-yendi\/\" \/>\n<meta property=\"og:site_name\" content=\"Kuzeyin Sesi\" \/>\n<meta property=\"article:publisher\" content=\"https:\/\/www.facebook.com\/kuzeyinsesii\" \/>\n<meta property=\"article:published_time\" content=\"2025-10-22T19:45:18+00:00\" \/>\n<meta property=\"og:image\" content=\"https:\/\/www.trthaber.com\/dosyalar\/images\/AA-39491499.jpg\" \/>\n<meta name=\"author\" content=\"Kuzeyin Sesi\" \/>\n<meta name=\"twitter:card\" content=\"summary_large_image\" \/>\n<meta name=\"twitter:creator\" content=\"@kuzeyinsesii\" \/>\n<meta name=\"twitter:site\" content=\"@kuzeyinsesii\" \/>\n<meta name=\"twitter:label1\" content=\"Yazan:\" \/>\n\t<meta name=\"twitter:data1\" content=\"Kuzeyin Sesi\" \/>\n\t<meta name=\"twitter:label2\" content=\"Tahmini okuma s\u00fcresi\" \/>\n\t<meta name=\"twitter:data2\" content=\"5 dakika\" \/>\n<script type=\"application\/ld+json\" class=\"yoast-schema-graph\">{\"@context\":\"https:\\\/\\\/schema.org\",\"@graph\":[{\"@type\":\"Article\",\"@id\":\"https:\\\/\\\/kuzeyinsesi.org\\\/index.php\\\/2025\\\/10\\\/22\\\/galatasaray-uefa-sampiyonlar-liginde-rakibini-31-yendi\\\/#article\",\"isPartOf\":{\"@id\":\"https:\\\/\\\/kuzeyinsesi.org\\\/index.php\\\/2025\\\/10\\\/22\\\/galatasaray-uefa-sampiyonlar-liginde-rakibini-31-yendi\\\/\"},\"author\":{\"name\":\"Kuzeyin Sesi\",\"@id\":\"https:\\\/\\\/kuzeyinsesi.org\\\/#\\\/schema\\\/person\\\/9f859689cdf01485597712386e37f5aa\"},\"headline\":\"Galatasaray, UEFA \u015eampiyonlar Ligi&#039;nde rakibini 31 yendi\",\"datePublished\":\"2025-10-22T19:45:18+00:00\",\"mainEntityOfPage\":{\"@id\":\"https:\\\/\\\/kuzeyinsesi.org\\\/index.php\\\/2025\\\/10\\\/22\\\/galatasaray-uefa-sampiyonlar-liginde-rakibini-31-yendi\\\/\"},\"wordCount\":945,\"commentCount\":0,\"image\":{\"@id\":\"https:\\\/\\\/kuzeyinsesi.org\\\/index.php\\\/2025\\\/10\\\/22\\\/galatasaray-uefa-sampiyonlar-liginde-rakibini-31-yendi\\\/#primaryimage\"},\"thumbnailUrl\":\"https:\\\/\\\/kuzeyinsesi.org\\\/wp-content\\\/uploads\\\/2025\\\/10\\\/gs-2410441.jpg\",\"articleSection\":[\"Spor\"],\"inLanguage\":\"tr\",\"potentialAction\":[{\"@type\":\"CommentAction\",\"name\":\"Comment\",\"target\":[\"https:\\\/\\\/kuzeyinsesi.org\\\/index.php\\\/2025\\\/10\\\/22\\\/galatasaray-uefa-sampiyonlar-liginde-rakibini-31-yendi\\\/#respond\"]}]},{\"@type\":\"WebPage\",\"@id\":\"https:\\\/\\\/kuzeyinsesi.org\\\/index.php\\\/2025\\\/10\\\/22\\\/galatasaray-uefa-sampiyonlar-liginde-rakibini-31-yendi\\\/\",\"url\":\"https:\\\/\\\/kuzeyinsesi.org\\\/index.php\\\/2025\\\/10\\\/22\\\/galatasaray-uefa-sampiyonlar-liginde-rakibini-31-yendi\\\/\",\"name\":\"Galatasaray, UEFA \u015eampiyonlar Ligi&#039;nde rakibini 31 yendi - Kuzeyin Sesi\",\"isPartOf\":{\"@id\":\"https:\\\/\\\/kuzeyinsesi.org\\\/#website\"},\"primaryImageOfPage\":{\"@id\":\"https:\\\/\\\/kuzeyinsesi.org\\\/index.php\\\/2025\\\/10\\\/22\\\/galatasaray-uefa-sampiyonlar-liginde-rakibini-31-yendi\\\/#primaryimage\"},\"image\":{\"@id\":\"https:\\\/\\\/kuzeyinsesi.org\\\/index.php\\\/2025\\\/10\\\/22\\\/galatasaray-uefa-sampiyonlar-liginde-rakibini-31-yendi\\\/#primaryimage\"},\"thumbnailUrl\":\"https:\\\/\\\/kuzeyinsesi.org\\\/wp-content\\\/uploads\\\/2025\\\/10\\\/gs-2410441.jpg\",\"datePublished\":\"2025-10-22T19:45:18+00:00\",\"author\":{\"@id\":\"https:\\\/\\\/kuzeyinsesi.org\\\/#\\\/schema\\\/person\\\/9f859689cdf01485597712386e37f5aa\"},\"breadcrumb\":{\"@id\":\"https:\\\/\\\/kuzeyinsesi.org\\\/index.php\\\/2025\\\/10\\\/22\\\/galatasaray-uefa-sampiyonlar-liginde-rakibini-31-yendi\\\/#breadcrumb\"},\"inLanguage\":\"tr\",\"potentialAction\":[{\"@type\":\"ReadAction\",\"target\":[\"https:\\\/\\\/kuzeyinsesi.org\\\/index.php\\\/2025\\\/10\\\/22\\\/galatasaray-uefa-sampiyonlar-liginde-rakibini-31-yendi\\\/\"]}]},{\"@type\":\"ImageObject\",\"inLanguage\":\"tr\",\"@id\":\"https:\\\/\\\/kuzeyinsesi.org\\\/index.php\\\/2025\\\/10\\\/22\\\/galatasaray-uefa-sampiyonlar-liginde-rakibini-31-yendi\\\/#primaryimage\",\"url\":\"https:\\\/\\\/kuzeyinsesi.org\\\/wp-content\\\/uploads\\\/2025\\\/10\\\/gs-2410441.jpg\",\"contentUrl\":\"https:\\\/\\\/kuzeyinsesi.org\\\/wp-content\\\/uploads\\\/2025\\\/10\\\/gs-2410441.jpg\",\"width\":1280,\"height\":720},{\"@type\":\"BreadcrumbList\",\"@id\":\"https:\\\/\\\/kuzeyinsesi.org\\\/index.php\\\/2025\\\/10\\\/22\\\/galatasaray-uefa-sampiyonlar-liginde-rakibini-31-yendi\\\/#breadcrumb\",\"itemListElement\":[{\"@type\":\"ListItem\",\"position\":1,\"name\":\"Anasayfa\",\"item\":\"https:\\\/\\\/kuzeyinsesi.org\\\/\"},{\"@type\":\"ListItem\",\"position\":2,\"name\":\"Galatasaray, UEFA \u015eampiyonlar Ligi&#039;nde rakibini 31 yendi\"}]},{\"@type\":\"WebSite\",\"@id\":\"https:\\\/\\\/kuzeyinsesi.org\\\/#website\",\"url\":\"https:\\\/\\\/kuzeyinsesi.org\\\/\",\"name\":\"Kuzeyin Sesi\",\"description\":\"Do\u011fru Haberin Adresi\",\"potentialAction\":[{\"@type\":\"SearchAction\",\"target\":{\"@type\":\"EntryPoint\",\"urlTemplate\":\"https:\\\/\\\/kuzeyinsesi.org\\\/?s={search_term_string}\"},\"query-input\":{\"@type\":\"PropertyValueSpecification\",\"valueRequired\":true,\"valueName\":\"search_term_string\"}}],\"inLanguage\":\"tr\"},{\"@type\":\"Person\",\"@id\":\"https:\\\/\\\/kuzeyinsesi.org\\\/#\\\/schema\\\/person\\\/9f859689cdf01485597712386e37f5aa\",\"name\":\"Kuzeyin Sesi\",\"image\":{\"@type\":\"ImageObject\",\"inLanguage\":\"tr\",\"@id\":\"https:\\\/\\\/secure.gravatar.com\\\/avatar\\\/bab33852abfd8b282518d6ed81826833d77c3c882d9ab608add591ccace47a44?s=96&d=mm&r=g\",\"url\":\"https:\\\/\\\/secure.gravatar.com\\\/avatar\\\/bab33852abfd8b282518d6ed81826833d77c3c882d9ab608add591ccace47a44?s=96&d=mm&r=g\",\"contentUrl\":\"https:\\\/\\\/secure.gravatar.com\\\/avatar\\\/bab33852abfd8b282518d6ed81826833d77c3c882d9ab608add591ccace47a44?s=96&d=mm&r=g\",\"caption\":\"Kuzeyin Sesi\"},\"sameAs\":[\"https:\\\/\\\/kuzeyinsesi.org\"],\"url\":\"https:\\\/\\\/kuzeyinsesi.org\\\/index.php\\\/author\\\/guven\\\/\"}]}<\/script>\n<!-- \/ Yoast SEO plugin. -->","yoast_head_json":{"title":"Galatasaray, UEFA \u015eampiyonlar Ligi&#039;nde rakibini 31 yendi - Kuzeyin Sesi","robots":{"index":"index","follow":"follow","max-snippet":"max-snippet:-1","max-image-preview":"max-image-preview:large","max-video-preview":"max-video-preview:-1"},"canonical":"https:\/\/kuzeyinsesi.org\/index.php\/2025\/10\/22\/galatasaray-uefa-sampiyonlar-liginde-rakibini-31-yendi\/","og_locale":"tr_TR","og_type":"article","og_title":"Galatasaray, UEFA \u015eampiyonlar Ligi&#039;nde rakibini 31 yendi - Kuzeyin Sesi","og_description":"&#13; RAMS Park&#8217;ta tamamen dolu trib\u00fcnler \u00f6n\u00fcnde oynanan m\u00fcsabakaya h\u0131zl\u0131 ba\u015flayan sar\u0131-k\u0131rm\u0131z\u0131l\u0131 ekip, 3. dakikada Victor Osimhen&#8217;in buldu\u011fu golle 1-0 \u00f6ne ge\u00e7ti. Leroy Sane&#8217;nin etkili oldu\u011fu b\u00f6l\u00fcmde tehlikeli ataklar geli\u015ftiren Galatasaray, 33. dakikada Osimhen ile skoru 2-0 yapt\u0131. M\u00fccadelenin ilk 45 dakikas\u0131 bu skorla sona erdi. &#13; \u0130kinci yar\u0131n\u0131n ba\u015f\u0131nda oyunun kontrol\u00fcn\u00fc yine Galatasaray elinde [&hellip;]","og_url":"https:\/\/kuzeyinsesi.org\/index.php\/2025\/10\/22\/galatasaray-uefa-sampiyonlar-liginde-rakibini-31-yendi\/","og_site_name":"Kuzeyin Sesi","article_publisher":"https:\/\/www.facebook.com\/kuzeyinsesii","article_published_time":"2025-10-22T19:45:18+00:00","og_image":[{"url":"https:\/\/www.trthaber.com\/dosyalar\/images\/AA-39491499.jpg","type":"","width":"","height":""}],"author":"Kuzeyin Sesi","twitter_card":"summary_large_image","twitter_creator":"@kuzeyinsesii","twitter_site":"@kuzeyinsesii","twitter_misc":{"Yazan:":"Kuzeyin Sesi","Tahmini okuma s\u00fcresi":"5 dakika"},"schema":{"@context":"https:\/\/schema.org","@graph":[{"@type":"Article","@id":"https:\/\/kuzeyinsesi.org\/index.php\/2025\/10\/22\/galatasaray-uefa-sampiyonlar-liginde-rakibini-31-yendi\/#article","isPartOf":{"@id":"https:\/\/kuzeyinsesi.org\/index.php\/2025\/10\/22\/galatasaray-uefa-sampiyonlar-liginde-rakibini-31-yendi\/"},"author":{"name":"Kuzeyin Sesi","@id":"https:\/\/kuzeyinsesi.org\/#\/schema\/person\/9f859689cdf01485597712386e37f5aa"},"headline":"Galatasaray, UEFA \u015eampiyonlar Ligi&#039;nde rakibini 31 yendi","datePublished":"2025-10-22T19:45:18+00:00","mainEntityOfPage":{"@id":"https:\/\/kuzeyinsesi.org\/index.php\/2025\/10\/22\/galatasaray-uefa-sampiyonlar-liginde-rakibini-31-yendi\/"},"wordCount":945,"commentCount":0,"image":{"@id":"https:\/\/kuzeyinsesi.org\/index.php\/2025\/10\/22\/galatasaray-uefa-sampiyonlar-liginde-rakibini-31-yendi\/#primaryimage"},"thumbnailUrl":"https:\/\/kuzeyinsesi.org\/wp-content\/uploads\/2025\/10\/gs-2410441.jpg","articleSection":["Spor"],"inLanguage":"tr","potentialAction":[{"@type":"CommentAction","name":"Comment","target":["https:\/\/kuzeyinsesi.org\/index.php\/2025\/10\/22\/galatasaray-uefa-sampiyonlar-liginde-rakibini-31-yendi\/#respond"]}]},{"@type":"WebPage","@id":"https:\/\/kuzeyinsesi.org\/index.php\/2025\/10\/22\/galatasaray-uefa-sampiyonlar-liginde-rakibini-31-yendi\/","url":"https:\/\/kuzeyinsesi.org\/index.php\/2025\/10\/22\/galatasaray-uefa-sampiyonlar-liginde-rakibini-31-yendi\/","name":"Galatasaray, UEFA \u015eampiyonlar Ligi&#039;nde rakibini 31 yendi - Kuzeyin Sesi","isPartOf":{"@id":"https:\/\/kuzeyinsesi.org\/#website"},"primaryImageOfPage":{"@id":"https:\/\/kuzeyinsesi.org\/index.php\/2025\/10\/22\/galatasaray-uefa-sampiyonlar-liginde-rakibini-31-yendi\/#primaryimage"},"image":{"@id":"https:\/\/kuzeyinsesi.org\/index.php\/2025\/10\/22\/galatasaray-uefa-sampiyonlar-liginde-rakibini-31-yendi\/#primaryimage"},"thumbnailUrl":"https:\/\/kuzeyinsesi.org\/wp-content\/uploads\/2025\/10\/gs-2410441.jpg","datePublished":"2025-10-22T19:45:18+00:00","author":{"@id":"https:\/\/kuzeyinsesi.org\/#\/schema\/person\/9f859689cdf01485597712386e37f5aa"},"breadcrumb":{"@id":"https:\/\/kuzeyinsesi.org\/index.php\/2025\/10\/22\/galatasaray-uefa-sampiyonlar-liginde-rakibini-31-yendi\/#breadcrumb"},"inLanguage":"tr","potentialAction":[{"@type":"ReadAction","target":["https:\/\/kuzeyinsesi.org\/index.php\/2025\/10\/22\/galatasaray-uefa-sampiyonlar-liginde-rakibini-31-yendi\/"]}]},{"@type":"ImageObject","inLanguage":"tr","@id":"https:\/\/kuzeyinsesi.org\/index.php\/2025\/10\/22\/galatasaray-uefa-sampiyonlar-liginde-rakibini-31-yendi\/#primaryimage","url":"https:\/\/kuzeyinsesi.org\/wp-content\/uploads\/2025\/10\/gs-2410441.jpg","contentUrl":"https:\/\/kuzeyinsesi.org\/wp-content\/uploads\/2025\/10\/gs-2410441.jpg","width":1280,"height":720},{"@type":"BreadcrumbList","@id":"https:\/\/kuzeyinsesi.org\/index.php\/2025\/10\/22\/galatasaray-uefa-sampiyonlar-liginde-rakibini-31-yendi\/#breadcrumb","itemListElement":[{"@type":"ListItem","position":1,"name":"Anasayfa","item":"https:\/\/kuzeyinsesi.org\/"},{"@type":"ListItem","position":2,"name":"Galatasaray, UEFA \u015eampiyonlar Ligi&#039;nde rakibini 31 yendi"}]},{"@type":"WebSite","@id":"https:\/\/kuzeyinsesi.org\/#website","url":"https:\/\/kuzeyinsesi.org\/","name":"Kuzeyin Sesi","description":"Do\u011fru Haberin Adresi","potentialAction":[{"@type":"SearchAction","target":{"@type":"EntryPoint","urlTemplate":"https:\/\/kuzeyinsesi.org\/?s={search_term_string}"},"query-input":{"@type":"PropertyValueSpecification","valueRequired":true,"valueName":"search_term_string"}}],"inLanguage":"tr"},{"@type":"Person","@id":"https:\/\/kuzeyinsesi.org\/#\/schema\/person\/9f859689cdf01485597712386e37f5aa","name":"Kuzeyin Sesi","image":{"@type":"ImageObject","inLanguage":"tr","@id":"https:\/\/secure.gravatar.com\/avatar\/bab33852abfd8b282518d6ed81826833d77c3c882d9ab608add591ccace47a44?s=96&d=mm&r=g","url":"https:\/\/secure.gravatar.com\/avatar\/bab33852abfd8b282518d6ed81826833d77c3c882d9ab608add591ccace47a44?s=96&d=mm&r=g","contentUrl":"https:\/\/secure.gravatar.com\/avatar\/bab33852abfd8b282518d6ed81826833d77c3c882d9ab608add591ccace47a44?s=96&d=mm&r=g","caption":"Kuzeyin Sesi"},"sameAs":["https:\/\/kuzeyinsesi.org"],"url":"https:\/\/kuzeyinsesi.org\/index.php\/author\/guven\/"}]}},"_links":{"self":[{"href":"https:\/\/kuzeyinsesi.org\/index.php\/wp-json\/wp\/v2\/posts\/33839","targetHints":{"allow":["GET"]}}],"collection":[{"href":"https:\/\/kuzeyinsesi.org\/index.php\/wp-json\/wp\/v2\/posts"}],"about":[{"href":"https:\/\/kuzeyinsesi.org\/index.php\/wp-json\/wp\/v2\/types\/post"}],"author":[{"embeddable":true,"href":"https:\/\/kuzeyinsesi.org\/index.php\/wp-json\/wp\/v2\/users\/1"}],"replies":[{"embeddable":true,"href":"https:\/\/kuzeyinsesi.org\/index.php\/wp-json\/wp\/v2\/comments?post=33839"}],"version-history":[{"count":0,"href":"https:\/\/kuzeyinsesi.org\/index.php\/wp-json\/wp\/v2\/posts\/33839\/revisions"}],"wp:featuredmedia":[{"embeddable":true,"href":"https:\/\/kuzeyinsesi.org\/index.php\/wp-json\/wp\/v2\/media\/33840"}],"wp:attachment":[{"href":"https:\/\/kuzeyinsesi.org\/index.php\/wp-json\/wp\/v2\/media?parent=33839"}],"wp:term":[{"taxonomy":"category","embeddable":true,"href":"https:\/\/kuzeyinsesi.org\/index.php\/wp-json\/wp\/v2\/categories?post=33839"},{"taxonomy":"post_tag","embeddable":true,"href":"https:\/\/kuzeyinsesi.org\/index.php\/wp-json\/wp\/v2\/tags?post=33839"}],"curies":[{"name":"wp","href":"https:\/\/api.w.org\/{rel}","templated":true}]}}