{"id":33776,"date":"2025-10-22T09:14:19","date_gmt":"2025-10-22T06:14:19","guid":{"rendered":"https:\/\/kuzeyinsesi.org\/index.php\/2025\/10\/22\/bugun-ve-yarin-yagmur-bekleniyor\/"},"modified":"2025-10-22T09:14:35","modified_gmt":"2025-10-22T06:14:35","slug":"bugun-ve-yarin-yagmur-bekleniyor","status":"publish","type":"post","link":"https:\/\/kuzeyinsesi.org\/index.php\/2025\/10\/22\/bugun-ve-yarin-yagmur-bekleniyor\/","title":{"rendered":"Bug\u00fcn ve yar\u0131n ya\u011fmur bekleniyor"},"content":{"rendered":"<div>\n<div class=\"bt_bb_wrapper\" data-templates-time=\"\">\n<p>Bug\u00fcn kuzey sahil ve Be\u015fparmak b\u00f6lgelerinde, yar\u0131n ise kuzey ve do\u011fu sahil b\u00f6lgelerinde ya\u011fmur bekleniyor.<\/p>\n<p>Meteoroloji Dairesi\u2019nin son tahminlerine g\u00f6re, b\u00f6lge 21-27 Ekim tarihleri aras\u0131nda al\u00e7ak bas\u0131n\u00e7 sistemi ile \u0131l\u0131k ve nemli, ya\u011f\u0131\u015fl\u0131 g\u00fcnlerde ise \u00fcst atmosferdeki serin ve nemli hava k\u00fctlesinin etkisi alt\u0131nda kalacak.<\/p>\n<p>Hava bug\u00fcn az bulutlu, zamanla par\u00e7al\u0131 ve \u00e7ok bulutlu, kuzey sahil ve Be\u015fparmak b\u00f6lgeleri yer yer hafif sa\u011fanak ya\u011fmurlu, yar\u0131n par\u00e7al\u0131 ve \u00e7ok bulutlu, kuzey ve do\u011fu sahil b\u00f6lgeleri yer yer hafif sa\u011fanak ya\u011fmurlu, di\u011fer g\u00fcnler par\u00e7al\u0131 ve az bulutlu olacak.<\/p>\n<p><!-- WP QUADS Content Ad Plugin v. 2.0.94.1 --><\/p>\n<div class=\"quads-location quads-ad46145 quads-desktop\" id=\"quads-ad46145\" style=\"float:none;text-align:center;padding:0px 0 0px 0;\" data-lazydelay=\"3000\">\n<p> <!-- WP QUADS - Quick AdSense Reloaded v.2.0.94.1 Content ImageBanner AD --> <\/p>\n<p>        &#13;<br \/>\n         &#13;<\/p>\n<p> <!-- end WP QUADS --> <\/p>\n<\/div>\n<p>En y\u00fcksek hava s\u0131cakl\u0131\u011f\u0131 i\u00e7 kesimlerde 28-31 derece ve sahillerde 24-27 derece dolaylar\u0131nda seyredecek.<\/p>\n<p>R\u00fczgar, g\u00fcney ve bat\u0131 y\u00f6nlerden orta kuvvette, periyodun ilk g\u00fcn\u00fc zaman zaman kuvvetli olarak esecek.<\/p>\n<\/div>\n<p><span id=\"bt_bb_fe_preview_toggler\" class=\"bt_bb_fe_preview_toggler\" title=\"Edit\/Preview\"\/><br \/>\n<!-- WP QUADS Content Ad Plugin v. 2.0.94.1 --><\/p>\n<div class=\"quads-location quads-ad48795 quads-desktop\" id=\"quads-ad48795\" style=\"float:none;text-align:center;padding:0px 0 0px 0;\" data-lazydelay=\"3000\">\n<p> <!-- WP QUADS - Quick AdSense Reloaded v.2.0.94.1 Content ImageBanner AD --> <\/p>\n<p>        &#13;<br \/>\n        <img decoding=\"async\" width=\"729\" height=\"91\" src=\"https:\/\/www.bimanset.com\/wp-content\/uploads\/2025\/10\/PIYANGO-15-KASIM.jpg\" alt=\"P\u0130YANGO BANNER\" data-lazydelay=\"0\"\/> &#13;<\/p>\n<p> <!-- end WP QUADS --> <\/p>\n<\/div>\n<p><!-- WP QUADS Content Ad Plugin v. 2.0.94.1 --><\/p>\n<div class=\"quads-location quads-ad44684 quads-desktop\" id=\"quads-ad44684\" style=\"float:none;text-align:center;padding:0px 0 0px 0;\" data-lazydelay=\"3000\">\n<p> <!-- WP QUADS - Quick AdSense Reloaded v.2.0.94.1 Content ImageBanner AD --> <\/p>\n<p>        &#13;<br \/>\n        <img decoding=\"async\" width=\"728\" height=\"90\" src=\"https:\/\/www.bimanset.com\/wp-content\/uploads\/2025\/07\/TURIZM-TEMMUZ-BANNER.gif\" alt=\"turizm\" data-lazydelay=\"0\"\/> &#13;<\/p>\n<p> <!-- end WP QUADS --> <\/p>\n<\/div>\n<\/div>\n","protected":false},"excerpt":{"rendered":"<p>Bug\u00fcn kuzey sahil ve Be\u015fparmak b\u00f6lgelerinde, yar\u0131n ise kuzey ve do\u011fu sahil b\u00f6lgelerinde ya\u011fmur bekleniyor. Meteoroloji Dairesi\u2019nin son tahminlerine g\u00f6re, b\u00f6lge 21-27 Ekim tarihleri aras\u0131nda al\u00e7ak bas\u0131n\u00e7 sistemi ile \u0131l\u0131k ve nemli, ya\u011f\u0131\u015fl\u0131 g\u00fcnlerde ise \u00fcst atmosferdeki serin ve nemli hava k\u00fctlesinin etkisi alt\u0131nda kalacak. Hava bug\u00fcn az bulutlu, zamanla par\u00e7al\u0131 ve \u00e7ok bulutlu, kuzey [&hellip;]<\/p>\n","protected":false},"author":1,"featured_media":32697,"comment_status":"open","ping_status":"open","sticky":false,"template":"","format":"standard","meta":{"jnews-multi-image_gallery":[],"jnews_single_post":[],"jnews_primary_category":[],"jnews_social_meta":[],"jnews_override_counter":[],"footnotes":""},"categories":[1],"tags":[],"class_list":["post-33776","post","type-post","status-publish","format-standard","has-post-thumbnail","hentry","category-kibris"],"yoast_head":"<!-- This site is optimized with the Yoast SEO plugin v27.5 - https:\/\/yoast.com\/product\/yoast-seo-wordpress\/ -->\n<title>Bug\u00fcn ve yar\u0131n ya\u011fmur bekleniyor - Kuzeyin Sesi<\/title>\n<meta name=\"robots\" content=\"index, follow, max-snippet:-1, max-image-preview:large, max-video-preview:-1\" \/>\n<link rel=\"canonical\" href=\"https:\/\/kuzeyinsesi.org\/index.php\/2025\/10\/22\/bugun-ve-yarin-yagmur-bekleniyor\/\" \/>\n<meta property=\"og:locale\" content=\"tr_TR\" \/>\n<meta property=\"og:type\" content=\"article\" \/>\n<meta property=\"og:title\" content=\"Bug\u00fcn ve yar\u0131n ya\u011fmur bekleniyor - Kuzeyin Sesi\" \/>\n<meta property=\"og:description\" content=\"Bug\u00fcn kuzey sahil ve Be\u015fparmak b\u00f6lgelerinde, yar\u0131n ise kuzey ve do\u011fu sahil b\u00f6lgelerinde ya\u011fmur bekleniyor. Meteoroloji Dairesi\u2019nin son tahminlerine g\u00f6re, b\u00f6lge 21-27 Ekim tarihleri aras\u0131nda al\u00e7ak bas\u0131n\u00e7 sistemi ile \u0131l\u0131k ve nemli, ya\u011f\u0131\u015fl\u0131 g\u00fcnlerde ise \u00fcst atmosferdeki serin ve nemli hava k\u00fctlesinin etkisi alt\u0131nda kalacak. Hava bug\u00fcn az bulutlu, zamanla par\u00e7al\u0131 ve \u00e7ok bulutlu, kuzey [&hellip;]\" \/>\n<meta property=\"og:url\" content=\"https:\/\/kuzeyinsesi.org\/index.php\/2025\/10\/22\/bugun-ve-yarin-yagmur-bekleniyor\/\" \/>\n<meta property=\"og:site_name\" content=\"Kuzeyin Sesi\" \/>\n<meta property=\"article:publisher\" content=\"https:\/\/www.facebook.com\/kuzeyinsesii\" \/>\n<meta property=\"article:published_time\" content=\"2025-10-22T06:14:19+00:00\" \/>\n<meta property=\"article:modified_time\" content=\"2025-10-22T06:14:35+00:00\" \/>\n<meta property=\"og:image\" content=\"https:\/\/kuzeyinsesi.org\/wp-content\/uploads\/2025\/10\/YAGMUR-scaled.jpg\" \/>\n\t<meta property=\"og:image:width\" content=\"2560\" \/>\n\t<meta property=\"og:image:height\" content=\"1709\" \/>\n\t<meta property=\"og:image:type\" content=\"image\/jpeg\" \/>\n<meta name=\"author\" content=\"Kuzeyin Sesi\" \/>\n<meta name=\"twitter:card\" content=\"summary_large_image\" \/>\n<meta name=\"twitter:creator\" content=\"@kuzeyinsesii\" \/>\n<meta name=\"twitter:site\" content=\"@kuzeyinsesii\" \/>\n<meta name=\"twitter:label1\" content=\"Yazan:\" \/>\n\t<meta name=\"twitter:data1\" content=\"Kuzeyin Sesi\" \/>\n\t<meta name=\"twitter:label2\" content=\"Tahmini okuma s\u00fcresi\" \/>\n\t<meta name=\"twitter:data2\" content=\"1 dakika\" \/>\n<script type=\"application\/ld+json\" class=\"yoast-schema-graph\">{\"@context\":\"https:\\\/\\\/schema.org\",\"@graph\":[{\"@type\":\"Article\",\"@id\":\"https:\\\/\\\/kuzeyinsesi.org\\\/index.php\\\/2025\\\/10\\\/22\\\/bugun-ve-yarin-yagmur-bekleniyor\\\/#article\",\"isPartOf\":{\"@id\":\"https:\\\/\\\/kuzeyinsesi.org\\\/index.php\\\/2025\\\/10\\\/22\\\/bugun-ve-yarin-yagmur-bekleniyor\\\/\"},\"author\":{\"name\":\"Kuzeyin Sesi\",\"@id\":\"https:\\\/\\\/kuzeyinsesi.org\\\/#\\\/schema\\\/person\\\/9f859689cdf01485597712386e37f5aa\"},\"headline\":\"Bug\u00fcn ve yar\u0131n ya\u011fmur bekleniyor\",\"datePublished\":\"2025-10-22T06:14:19+00:00\",\"dateModified\":\"2025-10-22T06:14:35+00:00\",\"mainEntityOfPage\":{\"@id\":\"https:\\\/\\\/kuzeyinsesi.org\\\/index.php\\\/2025\\\/10\\\/22\\\/bugun-ve-yarin-yagmur-bekleniyor\\\/\"},\"wordCount\":163,\"commentCount\":0,\"image\":{\"@id\":\"https:\\\/\\\/kuzeyinsesi.org\\\/index.php\\\/2025\\\/10\\\/22\\\/bugun-ve-yarin-yagmur-bekleniyor\\\/#primaryimage\"},\"thumbnailUrl\":\"https:\\\/\\\/kuzeyinsesi.org\\\/wp-content\\\/uploads\\\/2025\\\/10\\\/YAGMUR-scaled.jpg\",\"articleSection\":[\"K\u0131br\u0131s\"],\"inLanguage\":\"tr\",\"potentialAction\":[{\"@type\":\"CommentAction\",\"name\":\"Comment\",\"target\":[\"https:\\\/\\\/kuzeyinsesi.org\\\/index.php\\\/2025\\\/10\\\/22\\\/bugun-ve-yarin-yagmur-bekleniyor\\\/#respond\"]}]},{\"@type\":\"WebPage\",\"@id\":\"https:\\\/\\\/kuzeyinsesi.org\\\/index.php\\\/2025\\\/10\\\/22\\\/bugun-ve-yarin-yagmur-bekleniyor\\\/\",\"url\":\"https:\\\/\\\/kuzeyinsesi.org\\\/index.php\\\/2025\\\/10\\\/22\\\/bugun-ve-yarin-yagmur-bekleniyor\\\/\",\"name\":\"Bug\u00fcn ve yar\u0131n ya\u011fmur bekleniyor - Kuzeyin Sesi\",\"isPartOf\":{\"@id\":\"https:\\\/\\\/kuzeyinsesi.org\\\/#website\"},\"primaryImageOfPage\":{\"@id\":\"https:\\\/\\\/kuzeyinsesi.org\\\/index.php\\\/2025\\\/10\\\/22\\\/bugun-ve-yarin-yagmur-bekleniyor\\\/#primaryimage\"},\"image\":{\"@id\":\"https:\\\/\\\/kuzeyinsesi.org\\\/index.php\\\/2025\\\/10\\\/22\\\/bugun-ve-yarin-yagmur-bekleniyor\\\/#primaryimage\"},\"thumbnailUrl\":\"https:\\\/\\\/kuzeyinsesi.org\\\/wp-content\\\/uploads\\\/2025\\\/10\\\/YAGMUR-scaled.jpg\",\"datePublished\":\"2025-10-22T06:14:19+00:00\",\"dateModified\":\"2025-10-22T06:14:35+00:00\",\"author\":{\"@id\":\"https:\\\/\\\/kuzeyinsesi.org\\\/#\\\/schema\\\/person\\\/9f859689cdf01485597712386e37f5aa\"},\"breadcrumb\":{\"@id\":\"https:\\\/\\\/kuzeyinsesi.org\\\/index.php\\\/2025\\\/10\\\/22\\\/bugun-ve-yarin-yagmur-bekleniyor\\\/#breadcrumb\"},\"inLanguage\":\"tr\",\"potentialAction\":[{\"@type\":\"ReadAction\",\"target\":[\"https:\\\/\\\/kuzeyinsesi.org\\\/index.php\\\/2025\\\/10\\\/22\\\/bugun-ve-yarin-yagmur-bekleniyor\\\/\"]}]},{\"@type\":\"ImageObject\",\"inLanguage\":\"tr\",\"@id\":\"https:\\\/\\\/kuzeyinsesi.org\\\/index.php\\\/2025\\\/10\\\/22\\\/bugun-ve-yarin-yagmur-bekleniyor\\\/#primaryimage\",\"url\":\"https:\\\/\\\/kuzeyinsesi.org\\\/wp-content\\\/uploads\\\/2025\\\/10\\\/YAGMUR-scaled.jpg\",\"contentUrl\":\"https:\\\/\\\/kuzeyinsesi.org\\\/wp-content\\\/uploads\\\/2025\\\/10\\\/YAGMUR-scaled.jpg\",\"width\":2560,\"height\":1709},{\"@type\":\"BreadcrumbList\",\"@id\":\"https:\\\/\\\/kuzeyinsesi.org\\\/index.php\\\/2025\\\/10\\\/22\\\/bugun-ve-yarin-yagmur-bekleniyor\\\/#breadcrumb\",\"itemListElement\":[{\"@type\":\"ListItem\",\"position\":1,\"name\":\"Anasayfa\",\"item\":\"https:\\\/\\\/kuzeyinsesi.org\\\/\"},{\"@type\":\"ListItem\",\"position\":2,\"name\":\"Bug\u00fcn ve yar\u0131n ya\u011fmur bekleniyor\"}]},{\"@type\":\"WebSite\",\"@id\":\"https:\\\/\\\/kuzeyinsesi.org\\\/#website\",\"url\":\"https:\\\/\\\/kuzeyinsesi.org\\\/\",\"name\":\"Kuzeyin Sesi\",\"description\":\"Do\u011fru Haberin Adresi\",\"potentialAction\":[{\"@type\":\"SearchAction\",\"target\":{\"@type\":\"EntryPoint\",\"urlTemplate\":\"https:\\\/\\\/kuzeyinsesi.org\\\/?s={search_term_string}\"},\"query-input\":{\"@type\":\"PropertyValueSpecification\",\"valueRequired\":true,\"valueName\":\"search_term_string\"}}],\"inLanguage\":\"tr\"},{\"@type\":\"Person\",\"@id\":\"https:\\\/\\\/kuzeyinsesi.org\\\/#\\\/schema\\\/person\\\/9f859689cdf01485597712386e37f5aa\",\"name\":\"Kuzeyin Sesi\",\"image\":{\"@type\":\"ImageObject\",\"inLanguage\":\"tr\",\"@id\":\"https:\\\/\\\/secure.gravatar.com\\\/avatar\\\/bab33852abfd8b282518d6ed81826833d77c3c882d9ab608add591ccace47a44?s=96&d=mm&r=g\",\"url\":\"https:\\\/\\\/secure.gravatar.com\\\/avatar\\\/bab33852abfd8b282518d6ed81826833d77c3c882d9ab608add591ccace47a44?s=96&d=mm&r=g\",\"contentUrl\":\"https:\\\/\\\/secure.gravatar.com\\\/avatar\\\/bab33852abfd8b282518d6ed81826833d77c3c882d9ab608add591ccace47a44?s=96&d=mm&r=g\",\"caption\":\"Kuzeyin Sesi\"},\"sameAs\":[\"https:\\\/\\\/kuzeyinsesi.org\"],\"url\":\"https:\\\/\\\/kuzeyinsesi.org\\\/index.php\\\/author\\\/guven\\\/\"}]}<\/script>\n<!-- \/ Yoast SEO plugin. -->","yoast_head_json":{"title":"Bug\u00fcn ve yar\u0131n ya\u011fmur bekleniyor - Kuzeyin Sesi","robots":{"index":"index","follow":"follow","max-snippet":"max-snippet:-1","max-image-preview":"max-image-preview:large","max-video-preview":"max-video-preview:-1"},"canonical":"https:\/\/kuzeyinsesi.org\/index.php\/2025\/10\/22\/bugun-ve-yarin-yagmur-bekleniyor\/","og_locale":"tr_TR","og_type":"article","og_title":"Bug\u00fcn ve yar\u0131n ya\u011fmur bekleniyor - Kuzeyin Sesi","og_description":"Bug\u00fcn kuzey sahil ve Be\u015fparmak b\u00f6lgelerinde, yar\u0131n ise kuzey ve do\u011fu sahil b\u00f6lgelerinde ya\u011fmur bekleniyor. Meteoroloji Dairesi\u2019nin son tahminlerine g\u00f6re, b\u00f6lge 21-27 Ekim tarihleri aras\u0131nda al\u00e7ak bas\u0131n\u00e7 sistemi ile \u0131l\u0131k ve nemli, ya\u011f\u0131\u015fl\u0131 g\u00fcnlerde ise \u00fcst atmosferdeki serin ve nemli hava k\u00fctlesinin etkisi alt\u0131nda kalacak. Hava bug\u00fcn az bulutlu, zamanla par\u00e7al\u0131 ve \u00e7ok bulutlu, kuzey [&hellip;]","og_url":"https:\/\/kuzeyinsesi.org\/index.php\/2025\/10\/22\/bugun-ve-yarin-yagmur-bekleniyor\/","og_site_name":"Kuzeyin Sesi","article_publisher":"https:\/\/www.facebook.com\/kuzeyinsesii","article_published_time":"2025-10-22T06:14:19+00:00","article_modified_time":"2025-10-22T06:14:35+00:00","og_image":[{"width":2560,"height":1709,"url":"https:\/\/kuzeyinsesi.org\/wp-content\/uploads\/2025\/10\/YAGMUR-scaled.jpg","type":"image\/jpeg"}],"author":"Kuzeyin Sesi","twitter_card":"summary_large_image","twitter_creator":"@kuzeyinsesii","twitter_site":"@kuzeyinsesii","twitter_misc":{"Yazan:":"Kuzeyin Sesi","Tahmini okuma s\u00fcresi":"1 dakika"},"schema":{"@context":"https:\/\/schema.org","@graph":[{"@type":"Article","@id":"https:\/\/kuzeyinsesi.org\/index.php\/2025\/10\/22\/bugun-ve-yarin-yagmur-bekleniyor\/#article","isPartOf":{"@id":"https:\/\/kuzeyinsesi.org\/index.php\/2025\/10\/22\/bugun-ve-yarin-yagmur-bekleniyor\/"},"author":{"name":"Kuzeyin Sesi","@id":"https:\/\/kuzeyinsesi.org\/#\/schema\/person\/9f859689cdf01485597712386e37f5aa"},"headline":"Bug\u00fcn ve yar\u0131n ya\u011fmur bekleniyor","datePublished":"2025-10-22T06:14:19+00:00","dateModified":"2025-10-22T06:14:35+00:00","mainEntityOfPage":{"@id":"https:\/\/kuzeyinsesi.org\/index.php\/2025\/10\/22\/bugun-ve-yarin-yagmur-bekleniyor\/"},"wordCount":163,"commentCount":0,"image":{"@id":"https:\/\/kuzeyinsesi.org\/index.php\/2025\/10\/22\/bugun-ve-yarin-yagmur-bekleniyor\/#primaryimage"},"thumbnailUrl":"https:\/\/kuzeyinsesi.org\/wp-content\/uploads\/2025\/10\/YAGMUR-scaled.jpg","articleSection":["K\u0131br\u0131s"],"inLanguage":"tr","potentialAction":[{"@type":"CommentAction","name":"Comment","target":["https:\/\/kuzeyinsesi.org\/index.php\/2025\/10\/22\/bugun-ve-yarin-yagmur-bekleniyor\/#respond"]}]},{"@type":"WebPage","@id":"https:\/\/kuzeyinsesi.org\/index.php\/2025\/10\/22\/bugun-ve-yarin-yagmur-bekleniyor\/","url":"https:\/\/kuzeyinsesi.org\/index.php\/2025\/10\/22\/bugun-ve-yarin-yagmur-bekleniyor\/","name":"Bug\u00fcn ve yar\u0131n ya\u011fmur bekleniyor - Kuzeyin Sesi","isPartOf":{"@id":"https:\/\/kuzeyinsesi.org\/#website"},"primaryImageOfPage":{"@id":"https:\/\/kuzeyinsesi.org\/index.php\/2025\/10\/22\/bugun-ve-yarin-yagmur-bekleniyor\/#primaryimage"},"image":{"@id":"https:\/\/kuzeyinsesi.org\/index.php\/2025\/10\/22\/bugun-ve-yarin-yagmur-bekleniyor\/#primaryimage"},"thumbnailUrl":"https:\/\/kuzeyinsesi.org\/wp-content\/uploads\/2025\/10\/YAGMUR-scaled.jpg","datePublished":"2025-10-22T06:14:19+00:00","dateModified":"2025-10-22T06:14:35+00:00","author":{"@id":"https:\/\/kuzeyinsesi.org\/#\/schema\/person\/9f859689cdf01485597712386e37f5aa"},"breadcrumb":{"@id":"https:\/\/kuzeyinsesi.org\/index.php\/2025\/10\/22\/bugun-ve-yarin-yagmur-bekleniyor\/#breadcrumb"},"inLanguage":"tr","potentialAction":[{"@type":"ReadAction","target":["https:\/\/kuzeyinsesi.org\/index.php\/2025\/10\/22\/bugun-ve-yarin-yagmur-bekleniyor\/"]}]},{"@type":"ImageObject","inLanguage":"tr","@id":"https:\/\/kuzeyinsesi.org\/index.php\/2025\/10\/22\/bugun-ve-yarin-yagmur-bekleniyor\/#primaryimage","url":"https:\/\/kuzeyinsesi.org\/wp-content\/uploads\/2025\/10\/YAGMUR-scaled.jpg","contentUrl":"https:\/\/kuzeyinsesi.org\/wp-content\/uploads\/2025\/10\/YAGMUR-scaled.jpg","width":2560,"height":1709},{"@type":"BreadcrumbList","@id":"https:\/\/kuzeyinsesi.org\/index.php\/2025\/10\/22\/bugun-ve-yarin-yagmur-bekleniyor\/#breadcrumb","itemListElement":[{"@type":"ListItem","position":1,"name":"Anasayfa","item":"https:\/\/kuzeyinsesi.org\/"},{"@type":"ListItem","position":2,"name":"Bug\u00fcn ve yar\u0131n ya\u011fmur bekleniyor"}]},{"@type":"WebSite","@id":"https:\/\/kuzeyinsesi.org\/#website","url":"https:\/\/kuzeyinsesi.org\/","name":"Kuzeyin Sesi","description":"Do\u011fru Haberin Adresi","potentialAction":[{"@type":"SearchAction","target":{"@type":"EntryPoint","urlTemplate":"https:\/\/kuzeyinsesi.org\/?s={search_term_string}"},"query-input":{"@type":"PropertyValueSpecification","valueRequired":true,"valueName":"search_term_string"}}],"inLanguage":"tr"},{"@type":"Person","@id":"https:\/\/kuzeyinsesi.org\/#\/schema\/person\/9f859689cdf01485597712386e37f5aa","name":"Kuzeyin Sesi","image":{"@type":"ImageObject","inLanguage":"tr","@id":"https:\/\/secure.gravatar.com\/avatar\/bab33852abfd8b282518d6ed81826833d77c3c882d9ab608add591ccace47a44?s=96&d=mm&r=g","url":"https:\/\/secure.gravatar.com\/avatar\/bab33852abfd8b282518d6ed81826833d77c3c882d9ab608add591ccace47a44?s=96&d=mm&r=g","contentUrl":"https:\/\/secure.gravatar.com\/avatar\/bab33852abfd8b282518d6ed81826833d77c3c882d9ab608add591ccace47a44?s=96&d=mm&r=g","caption":"Kuzeyin Sesi"},"sameAs":["https:\/\/kuzeyinsesi.org"],"url":"https:\/\/kuzeyinsesi.org\/index.php\/author\/guven\/"}]}},"_links":{"self":[{"href":"https:\/\/kuzeyinsesi.org\/index.php\/wp-json\/wp\/v2\/posts\/33776","targetHints":{"allow":["GET"]}}],"collection":[{"href":"https:\/\/kuzeyinsesi.org\/index.php\/wp-json\/wp\/v2\/posts"}],"about":[{"href":"https:\/\/kuzeyinsesi.org\/index.php\/wp-json\/wp\/v2\/types\/post"}],"author":[{"embeddable":true,"href":"https:\/\/kuzeyinsesi.org\/index.php\/wp-json\/wp\/v2\/users\/1"}],"replies":[{"embeddable":true,"href":"https:\/\/kuzeyinsesi.org\/index.php\/wp-json\/wp\/v2\/comments?post=33776"}],"version-history":[{"count":1,"href":"https:\/\/kuzeyinsesi.org\/index.php\/wp-json\/wp\/v2\/posts\/33776\/revisions"}],"predecessor-version":[{"id":33777,"href":"https:\/\/kuzeyinsesi.org\/index.php\/wp-json\/wp\/v2\/posts\/33776\/revisions\/33777"}],"wp:featuredmedia":[{"embeddable":true,"href":"https:\/\/kuzeyinsesi.org\/index.php\/wp-json\/wp\/v2\/media\/32697"}],"wp:attachment":[{"href":"https:\/\/kuzeyinsesi.org\/index.php\/wp-json\/wp\/v2\/media?parent=33776"}],"wp:term":[{"taxonomy":"category","embeddable":true,"href":"https:\/\/kuzeyinsesi.org\/index.php\/wp-json\/wp\/v2\/categories?post=33776"},{"taxonomy":"post_tag","embeddable":true,"href":"https:\/\/kuzeyinsesi.org\/index.php\/wp-json\/wp\/v2\/tags?post=33776"}],"curies":[{"name":"wp","href":"https:\/\/api.w.org\/{rel}","templated":true}]}}