{"id":33680,"date":"2025-10-20T20:39:28","date_gmt":"2025-10-20T17:39:28","guid":{"rendered":"https:\/\/kuzeyinsesi.org\/index.php\/2025\/10\/20\/katil-israilin-ateskese-ragmen-gazzeye-duzenledigi-saldirida-2-filistinli-hayatini-kaybetti\/"},"modified":"2025-10-20T20:39:28","modified_gmt":"2025-10-20T17:39:28","slug":"katil-israilin-ateskese-ragmen-gazzeye-duzenledigi-saldirida-2-filistinli-hayatini-kaybetti","status":"publish","type":"post","link":"https:\/\/kuzeyinsesi.org\/index.php\/2025\/10\/20\/katil-israilin-ateskese-ragmen-gazzeye-duzenledigi-saldirida-2-filistinli-hayatini-kaybetti\/","title":{"rendered":"Katil \u0130srail&#039;in ate\u015fkese ra\u011fmen Gazze&#039;ye d\u00fczenledi\u011fi sald\u0131r\u0131da 2 Filistinli hayat\u0131n\u0131 kaybetti"},"content":{"rendered":"<p><\/p>\n<div>\n<p>&#13;<br \/>\n\tFilistin resmi ajans\u0131 WAFA&#8217;ya g\u00f6re <a href=\"https:\/\/www.trthaber.com\/etiket\/israil\/\" target=\"_blank\">\u0130srail<\/a> ordusu, ate\u015fkese ra\u011fmen <a href=\"https:\/\/www.trthaber.com\/etiket\/gazze\/\" target=\"_blank\">Gazze<\/a> kentinin do\u011fusundaki \u015eaaf Mahallesi&#8217;ni bombalad\u0131.<\/p>\n<p>&#13;<br \/>\n\t\u0130srail ordusunun sald\u0131r\u0131s\u0131nda 2 Filistinli \u00f6ld\u00fc.<\/p>\n<p>&#13;<br \/>\n\t\u0130srail&#8217;in Gazze \u015eeridi&#8217;ne Ekim 2023&#8217;te ba\u015flad\u0131\u011f\u0131 sald\u0131r\u0131larda 68 bin 216 Filistinli hayat\u0131n\u0131 kaybetti, 170 binden fazlas\u0131 ki\u015fi yaraland\u0131.<\/p>\n<h2>&#13;<br \/>\n\tGazze&#8217;de ate\u015fkes ve esir takas\u0131 anla\u015fmas\u0131<\/h2>\n<p>&#13;<br \/>\n\t<a href=\"https:\/\/www.trthaber.com\/etiket\/abd\/\" target=\"_blank\">ABD<\/a> Ba\u015fkan\u0131 Donald Trump, 9 Ekim&#8217;de M\u0131s\u0131r&#8217;da devam eden m\u00fczakerelerde \u0130srail ile Hamas&#8217;\u0131n Gazze&#8217;de ate\u015fkes plan\u0131n\u0131n ilk a\u015famas\u0131n\u0131 onaylad\u0131\u011f\u0131n\u0131 duyurmu\u015ftu.<\/p>\n<p>&#13;<br \/>\n\tM\u00fczakerelerin yap\u0131ld\u0131\u011f\u0131 M\u0131s\u0131r&#8217;da anla\u015fma imzalan\u0131rken \u0130srail h\u00fck\u00fcmetinin onay\u0131yla 10 Ekim&#8217;de devreye girmi\u015fti.<\/p>\n<p>&#13;<br \/>\n\t\u0130srail ordusunun anla\u015fmada belirtildi\u011fi \u00fczere &#8220;Sar\u0131 Hat&#8221;ta \u00e7ekilmesinin ard\u0131ndan Gazze \u015eeridi&#8217;nde ate\u015fkesin ayn\u0131 g\u00fcn 12.00 itibar\u0131yla y\u00fcr\u00fcrl\u00fc\u011fe girdi\u011fi a\u00e7\u0131klanm\u0131\u015ft\u0131.<\/p>\n<p>&#13;<br \/>\n\t\u0130srail ordusu, Gazze \u015eeridi&#8217;nde var\u0131lan ate\u015fkese ra\u011fmen \u00e7e\u015fitli iddialarla Filistinlilere y\u00f6nelik sald\u0131r\u0131lar\u0131n\u0131 s\u00fcrd\u00fcr\u00fcyor.<\/p>\n<\/p><\/div>\n","protected":false},"excerpt":{"rendered":"<p>&#13; Filistin resmi ajans\u0131 WAFA&#8217;ya g\u00f6re \u0130srail ordusu, ate\u015fkese ra\u011fmen Gazze kentinin do\u011fusundaki \u015eaaf Mahallesi&#8217;ni bombalad\u0131. &#13; \u0130srail ordusunun sald\u0131r\u0131s\u0131nda 2 Filistinli \u00f6ld\u00fc. &#13; \u0130srail&#8217;in Gazze \u015eeridi&#8217;ne Ekim 2023&#8217;te ba\u015flad\u0131\u011f\u0131 sald\u0131r\u0131larda 68 bin 216 Filistinli hayat\u0131n\u0131 kaybetti, 170 binden fazlas\u0131 ki\u015fi yaraland\u0131. &#13; Gazze&#8217;de ate\u015fkes ve esir takas\u0131 anla\u015fmas\u0131 &#13; ABD Ba\u015fkan\u0131 Donald Trump, 9 [&hellip;]<\/p>\n","protected":false},"author":1,"featured_media":30485,"comment_status":"open","ping_status":"open","sticky":false,"template":"","format":"standard","meta":{"jnews-multi-image_gallery":[],"jnews_single_post":[],"jnews_primary_category":[],"jnews_social_meta":[],"jnews_override_counter":[],"footnotes":""},"categories":[2],"tags":[],"class_list":["post-33680","post","type-post","status-publish","format-standard","has-post-thumbnail","hentry","category-dunya"],"yoast_head":"<!-- This site is optimized with the Yoast SEO plugin v27.5 - https:\/\/yoast.com\/product\/yoast-seo-wordpress\/ -->\n<title>Katil \u0130srail&#039;in ate\u015fkese ra\u011fmen Gazze&#039;ye d\u00fczenledi\u011fi sald\u0131r\u0131da 2 Filistinli hayat\u0131n\u0131 kaybetti - Kuzeyin Sesi<\/title>\n<meta name=\"robots\" content=\"index, follow, max-snippet:-1, max-image-preview:large, max-video-preview:-1\" \/>\n<link rel=\"canonical\" href=\"https:\/\/kuzeyinsesi.org\/index.php\/2025\/10\/20\/katil-israilin-ateskese-ragmen-gazzeye-duzenledigi-saldirida-2-filistinli-hayatini-kaybetti\/\" \/>\n<meta property=\"og:locale\" content=\"tr_TR\" \/>\n<meta property=\"og:type\" content=\"article\" \/>\n<meta property=\"og:title\" content=\"Katil \u0130srail&#039;in ate\u015fkese ra\u011fmen Gazze&#039;ye d\u00fczenledi\u011fi sald\u0131r\u0131da 2 Filistinli hayat\u0131n\u0131 kaybetti - Kuzeyin Sesi\" \/>\n<meta property=\"og:description\" content=\"&#013; Filistin resmi ajans\u0131 WAFA&#8217;ya g\u00f6re \u0130srail ordusu, ate\u015fkese ra\u011fmen Gazze kentinin do\u011fusundaki \u015eaaf Mahallesi&#8217;ni bombalad\u0131. &#013; \u0130srail ordusunun sald\u0131r\u0131s\u0131nda 2 Filistinli \u00f6ld\u00fc. &#013; \u0130srail&#8217;in Gazze \u015eeridi&#8217;ne Ekim 2023&#8217;te ba\u015flad\u0131\u011f\u0131 sald\u0131r\u0131larda 68 bin 216 Filistinli hayat\u0131n\u0131 kaybetti, 170 binden fazlas\u0131 ki\u015fi yaraland\u0131. &#013; Gazze&#8217;de ate\u015fkes ve esir takas\u0131 anla\u015fmas\u0131 &#013; ABD Ba\u015fkan\u0131 Donald Trump, 9 [&hellip;]\" \/>\n<meta property=\"og:url\" content=\"https:\/\/kuzeyinsesi.org\/index.php\/2025\/10\/20\/katil-israilin-ateskese-ragmen-gazzeye-duzenledigi-saldirida-2-filistinli-hayatini-kaybetti\/\" \/>\n<meta property=\"og:site_name\" content=\"Kuzeyin Sesi\" \/>\n<meta property=\"article:publisher\" content=\"https:\/\/www.facebook.com\/kuzeyinsesii\" \/>\n<meta property=\"article:published_time\" content=\"2025-10-20T17:39:28+00:00\" \/>\n<meta property=\"og:image\" content=\"https:\/\/trthaberstatic.cdn.wp.trt.com.tr\/resimler\/2382000\/gazze-aa-2383599.jpg\" \/>\n<meta name=\"author\" content=\"Kuzeyin Sesi\" \/>\n<meta name=\"twitter:card\" content=\"summary_large_image\" \/>\n<meta name=\"twitter:creator\" content=\"@kuzeyinsesii\" \/>\n<meta name=\"twitter:site\" content=\"@kuzeyinsesii\" \/>\n<meta name=\"twitter:label1\" content=\"Yazan:\" \/>\n\t<meta name=\"twitter:data1\" content=\"Kuzeyin Sesi\" \/>\n\t<meta name=\"twitter:label2\" content=\"Tahmini okuma s\u00fcresi\" \/>\n\t<meta name=\"twitter:data2\" content=\"1 dakika\" \/>\n<script type=\"application\/ld+json\" class=\"yoast-schema-graph\">{\"@context\":\"https:\\\/\\\/schema.org\",\"@graph\":[{\"@type\":\"Article\",\"@id\":\"https:\\\/\\\/kuzeyinsesi.org\\\/index.php\\\/2025\\\/10\\\/20\\\/katil-israilin-ateskese-ragmen-gazzeye-duzenledigi-saldirida-2-filistinli-hayatini-kaybetti\\\/#article\",\"isPartOf\":{\"@id\":\"https:\\\/\\\/kuzeyinsesi.org\\\/index.php\\\/2025\\\/10\\\/20\\\/katil-israilin-ateskese-ragmen-gazzeye-duzenledigi-saldirida-2-filistinli-hayatini-kaybetti\\\/\"},\"author\":{\"name\":\"Kuzeyin Sesi\",\"@id\":\"https:\\\/\\\/kuzeyinsesi.org\\\/#\\\/schema\\\/person\\\/9f859689cdf01485597712386e37f5aa\"},\"headline\":\"Katil \u0130srail&#039;in ate\u015fkese ra\u011fmen Gazze&#039;ye d\u00fczenledi\u011fi sald\u0131r\u0131da 2 Filistinli hayat\u0131n\u0131 kaybetti\",\"datePublished\":\"2025-10-20T17:39:28+00:00\",\"mainEntityOfPage\":{\"@id\":\"https:\\\/\\\/kuzeyinsesi.org\\\/index.php\\\/2025\\\/10\\\/20\\\/katil-israilin-ateskese-ragmen-gazzeye-duzenledigi-saldirida-2-filistinli-hayatini-kaybetti\\\/\"},\"wordCount\":193,\"commentCount\":0,\"image\":{\"@id\":\"https:\\\/\\\/kuzeyinsesi.org\\\/index.php\\\/2025\\\/10\\\/20\\\/katil-israilin-ateskese-ragmen-gazzeye-duzenledigi-saldirida-2-filistinli-hayatini-kaybetti\\\/#primaryimage\"},\"thumbnailUrl\":\"https:\\\/\\\/kuzeyinsesi.org\\\/wp-content\\\/uploads\\\/2025\\\/08\\\/gazze-aa-2383599.jpg\",\"articleSection\":[\"D\u00fcnya\"],\"inLanguage\":\"tr\",\"potentialAction\":[{\"@type\":\"CommentAction\",\"name\":\"Comment\",\"target\":[\"https:\\\/\\\/kuzeyinsesi.org\\\/index.php\\\/2025\\\/10\\\/20\\\/katil-israilin-ateskese-ragmen-gazzeye-duzenledigi-saldirida-2-filistinli-hayatini-kaybetti\\\/#respond\"]}]},{\"@type\":\"WebPage\",\"@id\":\"https:\\\/\\\/kuzeyinsesi.org\\\/index.php\\\/2025\\\/10\\\/20\\\/katil-israilin-ateskese-ragmen-gazzeye-duzenledigi-saldirida-2-filistinli-hayatini-kaybetti\\\/\",\"url\":\"https:\\\/\\\/kuzeyinsesi.org\\\/index.php\\\/2025\\\/10\\\/20\\\/katil-israilin-ateskese-ragmen-gazzeye-duzenledigi-saldirida-2-filistinli-hayatini-kaybetti\\\/\",\"name\":\"Katil \u0130srail&#039;in ate\u015fkese ra\u011fmen Gazze&#039;ye d\u00fczenledi\u011fi sald\u0131r\u0131da 2 Filistinli hayat\u0131n\u0131 kaybetti - Kuzeyin Sesi\",\"isPartOf\":{\"@id\":\"https:\\\/\\\/kuzeyinsesi.org\\\/#website\"},\"primaryImageOfPage\":{\"@id\":\"https:\\\/\\\/kuzeyinsesi.org\\\/index.php\\\/2025\\\/10\\\/20\\\/katil-israilin-ateskese-ragmen-gazzeye-duzenledigi-saldirida-2-filistinli-hayatini-kaybetti\\\/#primaryimage\"},\"image\":{\"@id\":\"https:\\\/\\\/kuzeyinsesi.org\\\/index.php\\\/2025\\\/10\\\/20\\\/katil-israilin-ateskese-ragmen-gazzeye-duzenledigi-saldirida-2-filistinli-hayatini-kaybetti\\\/#primaryimage\"},\"thumbnailUrl\":\"https:\\\/\\\/kuzeyinsesi.org\\\/wp-content\\\/uploads\\\/2025\\\/08\\\/gazze-aa-2383599.jpg\",\"datePublished\":\"2025-10-20T17:39:28+00:00\",\"author\":{\"@id\":\"https:\\\/\\\/kuzeyinsesi.org\\\/#\\\/schema\\\/person\\\/9f859689cdf01485597712386e37f5aa\"},\"breadcrumb\":{\"@id\":\"https:\\\/\\\/kuzeyinsesi.org\\\/index.php\\\/2025\\\/10\\\/20\\\/katil-israilin-ateskese-ragmen-gazzeye-duzenledigi-saldirida-2-filistinli-hayatini-kaybetti\\\/#breadcrumb\"},\"inLanguage\":\"tr\",\"potentialAction\":[{\"@type\":\"ReadAction\",\"target\":[\"https:\\\/\\\/kuzeyinsesi.org\\\/index.php\\\/2025\\\/10\\\/20\\\/katil-israilin-ateskese-ragmen-gazzeye-duzenledigi-saldirida-2-filistinli-hayatini-kaybetti\\\/\"]}]},{\"@type\":\"ImageObject\",\"inLanguage\":\"tr\",\"@id\":\"https:\\\/\\\/kuzeyinsesi.org\\\/index.php\\\/2025\\\/10\\\/20\\\/katil-israilin-ateskese-ragmen-gazzeye-duzenledigi-saldirida-2-filistinli-hayatini-kaybetti\\\/#primaryimage\",\"url\":\"https:\\\/\\\/kuzeyinsesi.org\\\/wp-content\\\/uploads\\\/2025\\\/08\\\/gazze-aa-2383599.jpg\",\"contentUrl\":\"https:\\\/\\\/kuzeyinsesi.org\\\/wp-content\\\/uploads\\\/2025\\\/08\\\/gazze-aa-2383599.jpg\",\"width\":1280,\"height\":720},{\"@type\":\"BreadcrumbList\",\"@id\":\"https:\\\/\\\/kuzeyinsesi.org\\\/index.php\\\/2025\\\/10\\\/20\\\/katil-israilin-ateskese-ragmen-gazzeye-duzenledigi-saldirida-2-filistinli-hayatini-kaybetti\\\/#breadcrumb\",\"itemListElement\":[{\"@type\":\"ListItem\",\"position\":1,\"name\":\"Anasayfa\",\"item\":\"https:\\\/\\\/kuzeyinsesi.org\\\/\"},{\"@type\":\"ListItem\",\"position\":2,\"name\":\"Katil \u0130srail&#039;in ate\u015fkese ra\u011fmen Gazze&#039;ye d\u00fczenledi\u011fi sald\u0131r\u0131da 2 Filistinli hayat\u0131n\u0131 kaybetti\"}]},{\"@type\":\"WebSite\",\"@id\":\"https:\\\/\\\/kuzeyinsesi.org\\\/#website\",\"url\":\"https:\\\/\\\/kuzeyinsesi.org\\\/\",\"name\":\"Kuzeyin Sesi\",\"description\":\"Do\u011fru Haberin Adresi\",\"potentialAction\":[{\"@type\":\"SearchAction\",\"target\":{\"@type\":\"EntryPoint\",\"urlTemplate\":\"https:\\\/\\\/kuzeyinsesi.org\\\/?s={search_term_string}\"},\"query-input\":{\"@type\":\"PropertyValueSpecification\",\"valueRequired\":true,\"valueName\":\"search_term_string\"}}],\"inLanguage\":\"tr\"},{\"@type\":\"Person\",\"@id\":\"https:\\\/\\\/kuzeyinsesi.org\\\/#\\\/schema\\\/person\\\/9f859689cdf01485597712386e37f5aa\",\"name\":\"Kuzeyin Sesi\",\"image\":{\"@type\":\"ImageObject\",\"inLanguage\":\"tr\",\"@id\":\"https:\\\/\\\/secure.gravatar.com\\\/avatar\\\/bab33852abfd8b282518d6ed81826833d77c3c882d9ab608add591ccace47a44?s=96&d=mm&r=g\",\"url\":\"https:\\\/\\\/secure.gravatar.com\\\/avatar\\\/bab33852abfd8b282518d6ed81826833d77c3c882d9ab608add591ccace47a44?s=96&d=mm&r=g\",\"contentUrl\":\"https:\\\/\\\/secure.gravatar.com\\\/avatar\\\/bab33852abfd8b282518d6ed81826833d77c3c882d9ab608add591ccace47a44?s=96&d=mm&r=g\",\"caption\":\"Kuzeyin Sesi\"},\"sameAs\":[\"https:\\\/\\\/kuzeyinsesi.org\"],\"url\":\"https:\\\/\\\/kuzeyinsesi.org\\\/index.php\\\/author\\\/guven\\\/\"}]}<\/script>\n<!-- \/ Yoast SEO plugin. -->","yoast_head_json":{"title":"Katil \u0130srail&#039;in ate\u015fkese ra\u011fmen Gazze&#039;ye d\u00fczenledi\u011fi sald\u0131r\u0131da 2 Filistinli hayat\u0131n\u0131 kaybetti - Kuzeyin Sesi","robots":{"index":"index","follow":"follow","max-snippet":"max-snippet:-1","max-image-preview":"max-image-preview:large","max-video-preview":"max-video-preview:-1"},"canonical":"https:\/\/kuzeyinsesi.org\/index.php\/2025\/10\/20\/katil-israilin-ateskese-ragmen-gazzeye-duzenledigi-saldirida-2-filistinli-hayatini-kaybetti\/","og_locale":"tr_TR","og_type":"article","og_title":"Katil \u0130srail&#039;in ate\u015fkese ra\u011fmen Gazze&#039;ye d\u00fczenledi\u011fi sald\u0131r\u0131da 2 Filistinli hayat\u0131n\u0131 kaybetti - Kuzeyin Sesi","og_description":"&#13; Filistin resmi ajans\u0131 WAFA&#8217;ya g\u00f6re \u0130srail ordusu, ate\u015fkese ra\u011fmen Gazze kentinin do\u011fusundaki \u015eaaf Mahallesi&#8217;ni bombalad\u0131. &#13; \u0130srail ordusunun sald\u0131r\u0131s\u0131nda 2 Filistinli \u00f6ld\u00fc. &#13; \u0130srail&#8217;in Gazze \u015eeridi&#8217;ne Ekim 2023&#8217;te ba\u015flad\u0131\u011f\u0131 sald\u0131r\u0131larda 68 bin 216 Filistinli hayat\u0131n\u0131 kaybetti, 170 binden fazlas\u0131 ki\u015fi yaraland\u0131. &#13; Gazze&#8217;de ate\u015fkes ve esir takas\u0131 anla\u015fmas\u0131 &#13; ABD Ba\u015fkan\u0131 Donald Trump, 9 [&hellip;]","og_url":"https:\/\/kuzeyinsesi.org\/index.php\/2025\/10\/20\/katil-israilin-ateskese-ragmen-gazzeye-duzenledigi-saldirida-2-filistinli-hayatini-kaybetti\/","og_site_name":"Kuzeyin Sesi","article_publisher":"https:\/\/www.facebook.com\/kuzeyinsesii","article_published_time":"2025-10-20T17:39:28+00:00","og_image":[{"url":"https:\/\/trthaberstatic.cdn.wp.trt.com.tr\/resimler\/2382000\/gazze-aa-2383599.jpg","type":"","width":"","height":""}],"author":"Kuzeyin Sesi","twitter_card":"summary_large_image","twitter_creator":"@kuzeyinsesii","twitter_site":"@kuzeyinsesii","twitter_misc":{"Yazan:":"Kuzeyin Sesi","Tahmini okuma s\u00fcresi":"1 dakika"},"schema":{"@context":"https:\/\/schema.org","@graph":[{"@type":"Article","@id":"https:\/\/kuzeyinsesi.org\/index.php\/2025\/10\/20\/katil-israilin-ateskese-ragmen-gazzeye-duzenledigi-saldirida-2-filistinli-hayatini-kaybetti\/#article","isPartOf":{"@id":"https:\/\/kuzeyinsesi.org\/index.php\/2025\/10\/20\/katil-israilin-ateskese-ragmen-gazzeye-duzenledigi-saldirida-2-filistinli-hayatini-kaybetti\/"},"author":{"name":"Kuzeyin Sesi","@id":"https:\/\/kuzeyinsesi.org\/#\/schema\/person\/9f859689cdf01485597712386e37f5aa"},"headline":"Katil \u0130srail&#039;in ate\u015fkese ra\u011fmen Gazze&#039;ye d\u00fczenledi\u011fi sald\u0131r\u0131da 2 Filistinli hayat\u0131n\u0131 kaybetti","datePublished":"2025-10-20T17:39:28+00:00","mainEntityOfPage":{"@id":"https:\/\/kuzeyinsesi.org\/index.php\/2025\/10\/20\/katil-israilin-ateskese-ragmen-gazzeye-duzenledigi-saldirida-2-filistinli-hayatini-kaybetti\/"},"wordCount":193,"commentCount":0,"image":{"@id":"https:\/\/kuzeyinsesi.org\/index.php\/2025\/10\/20\/katil-israilin-ateskese-ragmen-gazzeye-duzenledigi-saldirida-2-filistinli-hayatini-kaybetti\/#primaryimage"},"thumbnailUrl":"https:\/\/kuzeyinsesi.org\/wp-content\/uploads\/2025\/08\/gazze-aa-2383599.jpg","articleSection":["D\u00fcnya"],"inLanguage":"tr","potentialAction":[{"@type":"CommentAction","name":"Comment","target":["https:\/\/kuzeyinsesi.org\/index.php\/2025\/10\/20\/katil-israilin-ateskese-ragmen-gazzeye-duzenledigi-saldirida-2-filistinli-hayatini-kaybetti\/#respond"]}]},{"@type":"WebPage","@id":"https:\/\/kuzeyinsesi.org\/index.php\/2025\/10\/20\/katil-israilin-ateskese-ragmen-gazzeye-duzenledigi-saldirida-2-filistinli-hayatini-kaybetti\/","url":"https:\/\/kuzeyinsesi.org\/index.php\/2025\/10\/20\/katil-israilin-ateskese-ragmen-gazzeye-duzenledigi-saldirida-2-filistinli-hayatini-kaybetti\/","name":"Katil \u0130srail&#039;in ate\u015fkese ra\u011fmen Gazze&#039;ye d\u00fczenledi\u011fi sald\u0131r\u0131da 2 Filistinli hayat\u0131n\u0131 kaybetti - Kuzeyin Sesi","isPartOf":{"@id":"https:\/\/kuzeyinsesi.org\/#website"},"primaryImageOfPage":{"@id":"https:\/\/kuzeyinsesi.org\/index.php\/2025\/10\/20\/katil-israilin-ateskese-ragmen-gazzeye-duzenledigi-saldirida-2-filistinli-hayatini-kaybetti\/#primaryimage"},"image":{"@id":"https:\/\/kuzeyinsesi.org\/index.php\/2025\/10\/20\/katil-israilin-ateskese-ragmen-gazzeye-duzenledigi-saldirida-2-filistinli-hayatini-kaybetti\/#primaryimage"},"thumbnailUrl":"https:\/\/kuzeyinsesi.org\/wp-content\/uploads\/2025\/08\/gazze-aa-2383599.jpg","datePublished":"2025-10-20T17:39:28+00:00","author":{"@id":"https:\/\/kuzeyinsesi.org\/#\/schema\/person\/9f859689cdf01485597712386e37f5aa"},"breadcrumb":{"@id":"https:\/\/kuzeyinsesi.org\/index.php\/2025\/10\/20\/katil-israilin-ateskese-ragmen-gazzeye-duzenledigi-saldirida-2-filistinli-hayatini-kaybetti\/#breadcrumb"},"inLanguage":"tr","potentialAction":[{"@type":"ReadAction","target":["https:\/\/kuzeyinsesi.org\/index.php\/2025\/10\/20\/katil-israilin-ateskese-ragmen-gazzeye-duzenledigi-saldirida-2-filistinli-hayatini-kaybetti\/"]}]},{"@type":"ImageObject","inLanguage":"tr","@id":"https:\/\/kuzeyinsesi.org\/index.php\/2025\/10\/20\/katil-israilin-ateskese-ragmen-gazzeye-duzenledigi-saldirida-2-filistinli-hayatini-kaybetti\/#primaryimage","url":"https:\/\/kuzeyinsesi.org\/wp-content\/uploads\/2025\/08\/gazze-aa-2383599.jpg","contentUrl":"https:\/\/kuzeyinsesi.org\/wp-content\/uploads\/2025\/08\/gazze-aa-2383599.jpg","width":1280,"height":720},{"@type":"BreadcrumbList","@id":"https:\/\/kuzeyinsesi.org\/index.php\/2025\/10\/20\/katil-israilin-ateskese-ragmen-gazzeye-duzenledigi-saldirida-2-filistinli-hayatini-kaybetti\/#breadcrumb","itemListElement":[{"@type":"ListItem","position":1,"name":"Anasayfa","item":"https:\/\/kuzeyinsesi.org\/"},{"@type":"ListItem","position":2,"name":"Katil \u0130srail&#039;in ate\u015fkese ra\u011fmen Gazze&#039;ye d\u00fczenledi\u011fi sald\u0131r\u0131da 2 Filistinli hayat\u0131n\u0131 kaybetti"}]},{"@type":"WebSite","@id":"https:\/\/kuzeyinsesi.org\/#website","url":"https:\/\/kuzeyinsesi.org\/","name":"Kuzeyin Sesi","description":"Do\u011fru Haberin Adresi","potentialAction":[{"@type":"SearchAction","target":{"@type":"EntryPoint","urlTemplate":"https:\/\/kuzeyinsesi.org\/?s={search_term_string}"},"query-input":{"@type":"PropertyValueSpecification","valueRequired":true,"valueName":"search_term_string"}}],"inLanguage":"tr"},{"@type":"Person","@id":"https:\/\/kuzeyinsesi.org\/#\/schema\/person\/9f859689cdf01485597712386e37f5aa","name":"Kuzeyin Sesi","image":{"@type":"ImageObject","inLanguage":"tr","@id":"https:\/\/secure.gravatar.com\/avatar\/bab33852abfd8b282518d6ed81826833d77c3c882d9ab608add591ccace47a44?s=96&d=mm&r=g","url":"https:\/\/secure.gravatar.com\/avatar\/bab33852abfd8b282518d6ed81826833d77c3c882d9ab608add591ccace47a44?s=96&d=mm&r=g","contentUrl":"https:\/\/secure.gravatar.com\/avatar\/bab33852abfd8b282518d6ed81826833d77c3c882d9ab608add591ccace47a44?s=96&d=mm&r=g","caption":"Kuzeyin Sesi"},"sameAs":["https:\/\/kuzeyinsesi.org"],"url":"https:\/\/kuzeyinsesi.org\/index.php\/author\/guven\/"}]}},"_links":{"self":[{"href":"https:\/\/kuzeyinsesi.org\/index.php\/wp-json\/wp\/v2\/posts\/33680","targetHints":{"allow":["GET"]}}],"collection":[{"href":"https:\/\/kuzeyinsesi.org\/index.php\/wp-json\/wp\/v2\/posts"}],"about":[{"href":"https:\/\/kuzeyinsesi.org\/index.php\/wp-json\/wp\/v2\/types\/post"}],"author":[{"embeddable":true,"href":"https:\/\/kuzeyinsesi.org\/index.php\/wp-json\/wp\/v2\/users\/1"}],"replies":[{"embeddable":true,"href":"https:\/\/kuzeyinsesi.org\/index.php\/wp-json\/wp\/v2\/comments?post=33680"}],"version-history":[{"count":0,"href":"https:\/\/kuzeyinsesi.org\/index.php\/wp-json\/wp\/v2\/posts\/33680\/revisions"}],"wp:featuredmedia":[{"embeddable":true,"href":"https:\/\/kuzeyinsesi.org\/index.php\/wp-json\/wp\/v2\/media\/30485"}],"wp:attachment":[{"href":"https:\/\/kuzeyinsesi.org\/index.php\/wp-json\/wp\/v2\/media?parent=33680"}],"wp:term":[{"taxonomy":"category","embeddable":true,"href":"https:\/\/kuzeyinsesi.org\/index.php\/wp-json\/wp\/v2\/categories?post=33680"},{"taxonomy":"post_tag","embeddable":true,"href":"https:\/\/kuzeyinsesi.org\/index.php\/wp-json\/wp\/v2\/tags?post=33680"}],"curies":[{"name":"wp","href":"https:\/\/api.w.org\/{rel}","templated":true}]}}