{"id":3365,"date":"2024-05-25T12:06:29","date_gmt":"2024-05-25T09:06:29","guid":{"rendered":"https:\/\/kuzeyinsesi.com\/index.php\/2024\/05\/25\/soz-adli-kisa-filmin-galasi-baskent-lefkosada-yapildi\/"},"modified":"2024-05-25T12:06:29","modified_gmt":"2024-05-25T09:06:29","slug":"soz-adli-kisa-filmin-galasi-baskent-lefkosada-yapildi","status":"publish","type":"post","link":"https:\/\/kuzeyinsesi.org\/index.php\/2024\/05\/25\/soz-adli-kisa-filmin-galasi-baskent-lefkosada-yapildi\/","title":{"rendered":"\u201cS\u00f6z\u201d adl\u0131 k\u0131sa filmin galas\u0131 ba\u015fkent Lefko\u015fa\u2019da yap\u0131ld\u0131"},"content":{"rendered":"<div>\n<div class=\"mariselle-image-container center\">\n                                            <\/div>\n<p>\nK\u0131br\u0131s T\u00fcrk Sinema Televizyon Derne\u011fi (Sinevizyon) ve SineSmart Yap\u0131mc\u0131l\u0131k i\u015f birli\u011fi ile \u00e7ekilen \u201cS\u00f6z\u201d adl\u0131 k\u0131sa filmin galas\u0131, d\u00fcn Lefko\u015fa\u2019da yap\u0131ld\u0131.<\/p>\n<p>K\u00fclt\u00fcr Dairesi\u2019nin destekleriyle Lefko\u015fa Atat\u00fcrk K\u00fclt\u00fcr Merkezi\u2019nde yer alan filmin galas\u0131, Bay\u0131nd\u0131rl\u0131k ve Ula\u015ft\u0131rma Bakan\u0131 Erhan Ar\u0131kl\u0131 ve protokol\u00fcn kat\u0131l\u0131m\u0131yla ger\u00e7ekle\u015fti.<\/p>\n<p>Dernekten verilen bilgiye g\u00f6re \u201cS\u00f6z\u201d adl\u0131 k\u0131sa film, 1974 y\u0131l\u0131nda G\u00fcney K\u0131br\u0131s\u2019ta ya\u015fayan bir K\u0131br\u0131sl\u0131 T\u00fcrk\u2019\u00fcn bir g\u00fcn evinden ayr\u0131l\u0131\u015f\u0131 ve 40 y\u0131l sonra izlerine rastlanma hikayesini anlat\u0131yor.<\/p>\n<p>Yap\u0131mc\u0131l\u0131\u011f\u0131n\u0131 Yusuf Darbukac\u0131\u2019n\u0131n, senaryosunu \u015eafak Yolcu\u2019nun, G\u00f6r\u00fcnt\u00fc Y\u00f6netmenli\u011fini C\u00fcneyt \u015een\u2019in \u00fcstlendi\u011fi filmin y\u00f6netmenli\u011fini M\u00fcge G\u00fcnay yapt\u0131.<\/p>\n<p>Filmin kadrosunda, Mehmet Y\u00f6r\u00fcko\u011flu, Ye\u015fim Kumral, Aryen \u00c7a\u011fda\u015f Can, Kani Y\u00fcz\u00fcg\u00fcle\u00e7, Berkant \u00c7akmak\u2019\u0131n yer al\u0131yor.<\/p>\n<p>Senaryo yazar\u0131 \u015eafak Yolcu, galada yapt\u0131\u011f\u0131 konu\u015fmada, 2017\u2019de senaryosunu yazd\u0131\u011f\u0131 filmin ger\u00e7ek hikayelerden kurguland\u0131\u011f\u0131n\u0131 belirterek, eserin geli\u015fmesinde destek olan Ulvi Keser ile Turgay Akal\u0131n\u2019a te\u015fekk\u00fcr etti.<\/p>\n<p>Temmuzda \u0130stanbul ve Mu\u011fla\u2019da, a\u011fustosta ise Antalya\u2019da \u00f6zel g\u00f6sterimi yap\u0131lacak film, eyl\u00fcl ay\u0131nda 6\u2019nc\u0131 Sinevizyon Uluslararas\u0131 Film Festivali \u00f6ncesi \u00f6zel g\u00f6sterimle yeniden izleyiciyle bulu\u015facak.<\/p>\n<p>K\u0131br\u0131s Bar\u0131\u015f Harekat\u0131\u2019n\u0131n 50\u2019nci y\u0131l\u0131 dolay\u0131s\u0131yla \u00e7ekilen filmin, o s\u00fcre\u00e7te verdikleri \u00f6zg\u00fcrl\u00fck m\u00fccadelesinde hayat\u0131n\u0131 kaybeden K\u0131br\u0131s T\u00fcrklerine ve geride b\u0131rakt\u0131klar\u0131 ailelerine ithaf ediliyor.<\/p>\n<\/p><\/div>\n<p><script async\n                    defer\n                    crossorigin=\"anonymous\"\n                    src=\"https:\/\/connect.facebook.net\/tr_TR\/sdk.js#xfbml=1&#038;version=v3.3\"\n            ><\/script><\/p>\n","protected":false},"excerpt":{"rendered":"<p>K\u0131br\u0131s T\u00fcrk Sinema Televizyon Derne\u011fi (Sinevizyon) ve SineSmart Yap\u0131mc\u0131l\u0131k i\u015f birli\u011fi ile \u00e7ekilen \u201cS\u00f6z\u201d adl\u0131 k\u0131sa filmin galas\u0131, d\u00fcn Lefko\u015fa\u2019da yap\u0131ld\u0131. K\u00fclt\u00fcr Dairesi\u2019nin destekleriyle Lefko\u015fa Atat\u00fcrk K\u00fclt\u00fcr Merkezi\u2019nde yer alan filmin galas\u0131, Bay\u0131nd\u0131rl\u0131k ve Ula\u015ft\u0131rma Bakan\u0131 Erhan Ar\u0131kl\u0131 ve protokol\u00fcn kat\u0131l\u0131m\u0131yla ger\u00e7ekle\u015fti. Dernekten verilen bilgiye g\u00f6re \u201cS\u00f6z\u201d adl\u0131 k\u0131sa film, 1974 y\u0131l\u0131nda G\u00fcney K\u0131br\u0131s\u2019ta ya\u015fayan [&hellip;]<\/p>\n","protected":false},"author":1,"featured_media":3366,"comment_status":"open","ping_status":"open","sticky":false,"template":"","format":"standard","meta":{"jnews-multi-image_gallery":[],"jnews_single_post":[],"jnews_primary_category":[],"jnews_social_meta":[],"jnews_override_counter":[],"footnotes":""},"categories":[6],"tags":[],"class_list":["post-3365","post","type-post","status-publish","format-standard","has-post-thumbnail","hentry","category-yasam"],"yoast_head":"<!-- This site is optimized with the Yoast SEO plugin v27.5 - https:\/\/yoast.com\/product\/yoast-seo-wordpress\/ -->\n<title>\u201cS\u00f6z\u201d adl\u0131 k\u0131sa filmin galas\u0131 ba\u015fkent Lefko\u015fa\u2019da yap\u0131ld\u0131 - Kuzeyin Sesi<\/title>\n<meta name=\"robots\" content=\"index, follow, max-snippet:-1, max-image-preview:large, max-video-preview:-1\" \/>\n<link rel=\"canonical\" href=\"https:\/\/kuzeyinsesi.org\/index.php\/2024\/05\/25\/soz-adli-kisa-filmin-galasi-baskent-lefkosada-yapildi\/\" \/>\n<meta property=\"og:locale\" content=\"tr_TR\" \/>\n<meta property=\"og:type\" content=\"article\" \/>\n<meta property=\"og:title\" content=\"\u201cS\u00f6z\u201d adl\u0131 k\u0131sa filmin galas\u0131 ba\u015fkent Lefko\u015fa\u2019da yap\u0131ld\u0131 - Kuzeyin Sesi\" \/>\n<meta property=\"og:description\" content=\"K\u0131br\u0131s T\u00fcrk Sinema Televizyon Derne\u011fi (Sinevizyon) ve SineSmart Yap\u0131mc\u0131l\u0131k i\u015f birli\u011fi ile \u00e7ekilen \u201cS\u00f6z\u201d adl\u0131 k\u0131sa filmin galas\u0131, d\u00fcn Lefko\u015fa\u2019da yap\u0131ld\u0131. K\u00fclt\u00fcr Dairesi\u2019nin destekleriyle Lefko\u015fa Atat\u00fcrk K\u00fclt\u00fcr Merkezi\u2019nde yer alan filmin galas\u0131, Bay\u0131nd\u0131rl\u0131k ve Ula\u015ft\u0131rma Bakan\u0131 Erhan Ar\u0131kl\u0131 ve protokol\u00fcn kat\u0131l\u0131m\u0131yla ger\u00e7ekle\u015fti. Dernekten verilen bilgiye g\u00f6re \u201cS\u00f6z\u201d adl\u0131 k\u0131sa film, 1974 y\u0131l\u0131nda G\u00fcney K\u0131br\u0131s\u2019ta ya\u015fayan [&hellip;]\" \/>\n<meta property=\"og:url\" content=\"https:\/\/kuzeyinsesi.org\/index.php\/2024\/05\/25\/soz-adli-kisa-filmin-galasi-baskent-lefkosada-yapildi\/\" \/>\n<meta property=\"og:site_name\" content=\"Kuzeyin Sesi\" \/>\n<meta property=\"article:publisher\" content=\"https:\/\/www.facebook.com\/kuzeyinsesii\" \/>\n<meta property=\"article:published_time\" content=\"2024-05-25T09:06:29+00:00\" \/>\n<meta property=\"og:image\" content=\"https:\/\/kuzeyinsesi.org\/wp-content\/uploads\/2024\/05\/sinevizyon-dernegi-soz-filmi.jpeg\" \/>\n\t<meta property=\"og:image:width\" content=\"546\" \/>\n\t<meta property=\"og:image:height\" content=\"772\" \/>\n\t<meta property=\"og:image:type\" content=\"image\/jpeg\" \/>\n<meta name=\"author\" content=\"Kuzeyin Sesi\" \/>\n<meta name=\"twitter:card\" content=\"summary_large_image\" \/>\n<meta name=\"twitter:creator\" content=\"@kuzeyinsesii\" \/>\n<meta name=\"twitter:site\" content=\"@kuzeyinsesii\" \/>\n<meta name=\"twitter:label1\" content=\"Yazan:\" \/>\n\t<meta name=\"twitter:data1\" content=\"Kuzeyin Sesi\" \/>\n\t<meta name=\"twitter:label2\" content=\"Tahmini okuma s\u00fcresi\" \/>\n\t<meta name=\"twitter:data2\" content=\"1 dakika\" \/>\n<script type=\"application\/ld+json\" class=\"yoast-schema-graph\">{\"@context\":\"https:\\\/\\\/schema.org\",\"@graph\":[{\"@type\":\"Article\",\"@id\":\"https:\\\/\\\/kuzeyinsesi.org\\\/index.php\\\/2024\\\/05\\\/25\\\/soz-adli-kisa-filmin-galasi-baskent-lefkosada-yapildi\\\/#article\",\"isPartOf\":{\"@id\":\"https:\\\/\\\/kuzeyinsesi.org\\\/index.php\\\/2024\\\/05\\\/25\\\/soz-adli-kisa-filmin-galasi-baskent-lefkosada-yapildi\\\/\"},\"author\":{\"name\":\"Kuzeyin Sesi\",\"@id\":\"https:\\\/\\\/kuzeyinsesi.org\\\/#\\\/schema\\\/person\\\/9f859689cdf01485597712386e37f5aa\"},\"headline\":\"\u201cS\u00f6z\u201d adl\u0131 k\u0131sa filmin galas\u0131 ba\u015fkent Lefko\u015fa\u2019da yap\u0131ld\u0131\",\"datePublished\":\"2024-05-25T09:06:29+00:00\",\"mainEntityOfPage\":{\"@id\":\"https:\\\/\\\/kuzeyinsesi.org\\\/index.php\\\/2024\\\/05\\\/25\\\/soz-adli-kisa-filmin-galasi-baskent-lefkosada-yapildi\\\/\"},\"wordCount\":301,\"commentCount\":0,\"image\":{\"@id\":\"https:\\\/\\\/kuzeyinsesi.org\\\/index.php\\\/2024\\\/05\\\/25\\\/soz-adli-kisa-filmin-galasi-baskent-lefkosada-yapildi\\\/#primaryimage\"},\"thumbnailUrl\":\"https:\\\/\\\/kuzeyinsesi.org\\\/wp-content\\\/uploads\\\/2024\\\/05\\\/sinevizyon-dernegi-soz-filmi.jpeg\",\"articleSection\":[\"Ya\u015fam\"],\"inLanguage\":\"tr\",\"potentialAction\":[{\"@type\":\"CommentAction\",\"name\":\"Comment\",\"target\":[\"https:\\\/\\\/kuzeyinsesi.org\\\/index.php\\\/2024\\\/05\\\/25\\\/soz-adli-kisa-filmin-galasi-baskent-lefkosada-yapildi\\\/#respond\"]}]},{\"@type\":\"WebPage\",\"@id\":\"https:\\\/\\\/kuzeyinsesi.org\\\/index.php\\\/2024\\\/05\\\/25\\\/soz-adli-kisa-filmin-galasi-baskent-lefkosada-yapildi\\\/\",\"url\":\"https:\\\/\\\/kuzeyinsesi.org\\\/index.php\\\/2024\\\/05\\\/25\\\/soz-adli-kisa-filmin-galasi-baskent-lefkosada-yapildi\\\/\",\"name\":\"\u201cS\u00f6z\u201d adl\u0131 k\u0131sa filmin galas\u0131 ba\u015fkent Lefko\u015fa\u2019da yap\u0131ld\u0131 - Kuzeyin Sesi\",\"isPartOf\":{\"@id\":\"https:\\\/\\\/kuzeyinsesi.org\\\/#website\"},\"primaryImageOfPage\":{\"@id\":\"https:\\\/\\\/kuzeyinsesi.org\\\/index.php\\\/2024\\\/05\\\/25\\\/soz-adli-kisa-filmin-galasi-baskent-lefkosada-yapildi\\\/#primaryimage\"},\"image\":{\"@id\":\"https:\\\/\\\/kuzeyinsesi.org\\\/index.php\\\/2024\\\/05\\\/25\\\/soz-adli-kisa-filmin-galasi-baskent-lefkosada-yapildi\\\/#primaryimage\"},\"thumbnailUrl\":\"https:\\\/\\\/kuzeyinsesi.org\\\/wp-content\\\/uploads\\\/2024\\\/05\\\/sinevizyon-dernegi-soz-filmi.jpeg\",\"datePublished\":\"2024-05-25T09:06:29+00:00\",\"author\":{\"@id\":\"https:\\\/\\\/kuzeyinsesi.org\\\/#\\\/schema\\\/person\\\/9f859689cdf01485597712386e37f5aa\"},\"breadcrumb\":{\"@id\":\"https:\\\/\\\/kuzeyinsesi.org\\\/index.php\\\/2024\\\/05\\\/25\\\/soz-adli-kisa-filmin-galasi-baskent-lefkosada-yapildi\\\/#breadcrumb\"},\"inLanguage\":\"tr\",\"potentialAction\":[{\"@type\":\"ReadAction\",\"target\":[\"https:\\\/\\\/kuzeyinsesi.org\\\/index.php\\\/2024\\\/05\\\/25\\\/soz-adli-kisa-filmin-galasi-baskent-lefkosada-yapildi\\\/\"]}]},{\"@type\":\"ImageObject\",\"inLanguage\":\"tr\",\"@id\":\"https:\\\/\\\/kuzeyinsesi.org\\\/index.php\\\/2024\\\/05\\\/25\\\/soz-adli-kisa-filmin-galasi-baskent-lefkosada-yapildi\\\/#primaryimage\",\"url\":\"https:\\\/\\\/kuzeyinsesi.org\\\/wp-content\\\/uploads\\\/2024\\\/05\\\/sinevizyon-dernegi-soz-filmi.jpeg\",\"contentUrl\":\"https:\\\/\\\/kuzeyinsesi.org\\\/wp-content\\\/uploads\\\/2024\\\/05\\\/sinevizyon-dernegi-soz-filmi.jpeg\",\"width\":546,\"height\":772},{\"@type\":\"BreadcrumbList\",\"@id\":\"https:\\\/\\\/kuzeyinsesi.org\\\/index.php\\\/2024\\\/05\\\/25\\\/soz-adli-kisa-filmin-galasi-baskent-lefkosada-yapildi\\\/#breadcrumb\",\"itemListElement\":[{\"@type\":\"ListItem\",\"position\":1,\"name\":\"Anasayfa\",\"item\":\"https:\\\/\\\/kuzeyinsesi.org\\\/\"},{\"@type\":\"ListItem\",\"position\":2,\"name\":\"\u201cS\u00f6z\u201d adl\u0131 k\u0131sa filmin galas\u0131 ba\u015fkent Lefko\u015fa\u2019da yap\u0131ld\u0131\"}]},{\"@type\":\"WebSite\",\"@id\":\"https:\\\/\\\/kuzeyinsesi.org\\\/#website\",\"url\":\"https:\\\/\\\/kuzeyinsesi.org\\\/\",\"name\":\"Kuzeyin Sesi\",\"description\":\"Do\u011fru Haberin Adresi\",\"potentialAction\":[{\"@type\":\"SearchAction\",\"target\":{\"@type\":\"EntryPoint\",\"urlTemplate\":\"https:\\\/\\\/kuzeyinsesi.org\\\/?s={search_term_string}\"},\"query-input\":{\"@type\":\"PropertyValueSpecification\",\"valueRequired\":true,\"valueName\":\"search_term_string\"}}],\"inLanguage\":\"tr\"},{\"@type\":\"Person\",\"@id\":\"https:\\\/\\\/kuzeyinsesi.org\\\/#\\\/schema\\\/person\\\/9f859689cdf01485597712386e37f5aa\",\"name\":\"Kuzeyin Sesi\",\"image\":{\"@type\":\"ImageObject\",\"inLanguage\":\"tr\",\"@id\":\"https:\\\/\\\/secure.gravatar.com\\\/avatar\\\/bab33852abfd8b282518d6ed81826833d77c3c882d9ab608add591ccace47a44?s=96&d=mm&r=g\",\"url\":\"https:\\\/\\\/secure.gravatar.com\\\/avatar\\\/bab33852abfd8b282518d6ed81826833d77c3c882d9ab608add591ccace47a44?s=96&d=mm&r=g\",\"contentUrl\":\"https:\\\/\\\/secure.gravatar.com\\\/avatar\\\/bab33852abfd8b282518d6ed81826833d77c3c882d9ab608add591ccace47a44?s=96&d=mm&r=g\",\"caption\":\"Kuzeyin Sesi\"},\"sameAs\":[\"https:\\\/\\\/kuzeyinsesi.org\"],\"url\":\"https:\\\/\\\/kuzeyinsesi.org\\\/index.php\\\/author\\\/guven\\\/\"}]}<\/script>\n<!-- \/ Yoast SEO plugin. -->","yoast_head_json":{"title":"\u201cS\u00f6z\u201d adl\u0131 k\u0131sa filmin galas\u0131 ba\u015fkent Lefko\u015fa\u2019da yap\u0131ld\u0131 - Kuzeyin Sesi","robots":{"index":"index","follow":"follow","max-snippet":"max-snippet:-1","max-image-preview":"max-image-preview:large","max-video-preview":"max-video-preview:-1"},"canonical":"https:\/\/kuzeyinsesi.org\/index.php\/2024\/05\/25\/soz-adli-kisa-filmin-galasi-baskent-lefkosada-yapildi\/","og_locale":"tr_TR","og_type":"article","og_title":"\u201cS\u00f6z\u201d adl\u0131 k\u0131sa filmin galas\u0131 ba\u015fkent Lefko\u015fa\u2019da yap\u0131ld\u0131 - Kuzeyin Sesi","og_description":"K\u0131br\u0131s T\u00fcrk Sinema Televizyon Derne\u011fi (Sinevizyon) ve SineSmart Yap\u0131mc\u0131l\u0131k i\u015f birli\u011fi ile \u00e7ekilen \u201cS\u00f6z\u201d adl\u0131 k\u0131sa filmin galas\u0131, d\u00fcn Lefko\u015fa\u2019da yap\u0131ld\u0131. K\u00fclt\u00fcr Dairesi\u2019nin destekleriyle Lefko\u015fa Atat\u00fcrk K\u00fclt\u00fcr Merkezi\u2019nde yer alan filmin galas\u0131, Bay\u0131nd\u0131rl\u0131k ve Ula\u015ft\u0131rma Bakan\u0131 Erhan Ar\u0131kl\u0131 ve protokol\u00fcn kat\u0131l\u0131m\u0131yla ger\u00e7ekle\u015fti. Dernekten verilen bilgiye g\u00f6re \u201cS\u00f6z\u201d adl\u0131 k\u0131sa film, 1974 y\u0131l\u0131nda G\u00fcney K\u0131br\u0131s\u2019ta ya\u015fayan [&hellip;]","og_url":"https:\/\/kuzeyinsesi.org\/index.php\/2024\/05\/25\/soz-adli-kisa-filmin-galasi-baskent-lefkosada-yapildi\/","og_site_name":"Kuzeyin Sesi","article_publisher":"https:\/\/www.facebook.com\/kuzeyinsesii","article_published_time":"2024-05-25T09:06:29+00:00","og_image":[{"width":546,"height":772,"url":"https:\/\/kuzeyinsesi.org\/wp-content\/uploads\/2024\/05\/sinevizyon-dernegi-soz-filmi.jpeg","type":"image\/jpeg"}],"author":"Kuzeyin Sesi","twitter_card":"summary_large_image","twitter_creator":"@kuzeyinsesii","twitter_site":"@kuzeyinsesii","twitter_misc":{"Yazan:":"Kuzeyin Sesi","Tahmini okuma s\u00fcresi":"1 dakika"},"schema":{"@context":"https:\/\/schema.org","@graph":[{"@type":"Article","@id":"https:\/\/kuzeyinsesi.org\/index.php\/2024\/05\/25\/soz-adli-kisa-filmin-galasi-baskent-lefkosada-yapildi\/#article","isPartOf":{"@id":"https:\/\/kuzeyinsesi.org\/index.php\/2024\/05\/25\/soz-adli-kisa-filmin-galasi-baskent-lefkosada-yapildi\/"},"author":{"name":"Kuzeyin Sesi","@id":"https:\/\/kuzeyinsesi.org\/#\/schema\/person\/9f859689cdf01485597712386e37f5aa"},"headline":"\u201cS\u00f6z\u201d adl\u0131 k\u0131sa filmin galas\u0131 ba\u015fkent Lefko\u015fa\u2019da yap\u0131ld\u0131","datePublished":"2024-05-25T09:06:29+00:00","mainEntityOfPage":{"@id":"https:\/\/kuzeyinsesi.org\/index.php\/2024\/05\/25\/soz-adli-kisa-filmin-galasi-baskent-lefkosada-yapildi\/"},"wordCount":301,"commentCount":0,"image":{"@id":"https:\/\/kuzeyinsesi.org\/index.php\/2024\/05\/25\/soz-adli-kisa-filmin-galasi-baskent-lefkosada-yapildi\/#primaryimage"},"thumbnailUrl":"https:\/\/kuzeyinsesi.org\/wp-content\/uploads\/2024\/05\/sinevizyon-dernegi-soz-filmi.jpeg","articleSection":["Ya\u015fam"],"inLanguage":"tr","potentialAction":[{"@type":"CommentAction","name":"Comment","target":["https:\/\/kuzeyinsesi.org\/index.php\/2024\/05\/25\/soz-adli-kisa-filmin-galasi-baskent-lefkosada-yapildi\/#respond"]}]},{"@type":"WebPage","@id":"https:\/\/kuzeyinsesi.org\/index.php\/2024\/05\/25\/soz-adli-kisa-filmin-galasi-baskent-lefkosada-yapildi\/","url":"https:\/\/kuzeyinsesi.org\/index.php\/2024\/05\/25\/soz-adli-kisa-filmin-galasi-baskent-lefkosada-yapildi\/","name":"\u201cS\u00f6z\u201d adl\u0131 k\u0131sa filmin galas\u0131 ba\u015fkent Lefko\u015fa\u2019da yap\u0131ld\u0131 - Kuzeyin Sesi","isPartOf":{"@id":"https:\/\/kuzeyinsesi.org\/#website"},"primaryImageOfPage":{"@id":"https:\/\/kuzeyinsesi.org\/index.php\/2024\/05\/25\/soz-adli-kisa-filmin-galasi-baskent-lefkosada-yapildi\/#primaryimage"},"image":{"@id":"https:\/\/kuzeyinsesi.org\/index.php\/2024\/05\/25\/soz-adli-kisa-filmin-galasi-baskent-lefkosada-yapildi\/#primaryimage"},"thumbnailUrl":"https:\/\/kuzeyinsesi.org\/wp-content\/uploads\/2024\/05\/sinevizyon-dernegi-soz-filmi.jpeg","datePublished":"2024-05-25T09:06:29+00:00","author":{"@id":"https:\/\/kuzeyinsesi.org\/#\/schema\/person\/9f859689cdf01485597712386e37f5aa"},"breadcrumb":{"@id":"https:\/\/kuzeyinsesi.org\/index.php\/2024\/05\/25\/soz-adli-kisa-filmin-galasi-baskent-lefkosada-yapildi\/#breadcrumb"},"inLanguage":"tr","potentialAction":[{"@type":"ReadAction","target":["https:\/\/kuzeyinsesi.org\/index.php\/2024\/05\/25\/soz-adli-kisa-filmin-galasi-baskent-lefkosada-yapildi\/"]}]},{"@type":"ImageObject","inLanguage":"tr","@id":"https:\/\/kuzeyinsesi.org\/index.php\/2024\/05\/25\/soz-adli-kisa-filmin-galasi-baskent-lefkosada-yapildi\/#primaryimage","url":"https:\/\/kuzeyinsesi.org\/wp-content\/uploads\/2024\/05\/sinevizyon-dernegi-soz-filmi.jpeg","contentUrl":"https:\/\/kuzeyinsesi.org\/wp-content\/uploads\/2024\/05\/sinevizyon-dernegi-soz-filmi.jpeg","width":546,"height":772},{"@type":"BreadcrumbList","@id":"https:\/\/kuzeyinsesi.org\/index.php\/2024\/05\/25\/soz-adli-kisa-filmin-galasi-baskent-lefkosada-yapildi\/#breadcrumb","itemListElement":[{"@type":"ListItem","position":1,"name":"Anasayfa","item":"https:\/\/kuzeyinsesi.org\/"},{"@type":"ListItem","position":2,"name":"\u201cS\u00f6z\u201d adl\u0131 k\u0131sa filmin galas\u0131 ba\u015fkent Lefko\u015fa\u2019da yap\u0131ld\u0131"}]},{"@type":"WebSite","@id":"https:\/\/kuzeyinsesi.org\/#website","url":"https:\/\/kuzeyinsesi.org\/","name":"Kuzeyin Sesi","description":"Do\u011fru Haberin Adresi","potentialAction":[{"@type":"SearchAction","target":{"@type":"EntryPoint","urlTemplate":"https:\/\/kuzeyinsesi.org\/?s={search_term_string}"},"query-input":{"@type":"PropertyValueSpecification","valueRequired":true,"valueName":"search_term_string"}}],"inLanguage":"tr"},{"@type":"Person","@id":"https:\/\/kuzeyinsesi.org\/#\/schema\/person\/9f859689cdf01485597712386e37f5aa","name":"Kuzeyin Sesi","image":{"@type":"ImageObject","inLanguage":"tr","@id":"https:\/\/secure.gravatar.com\/avatar\/bab33852abfd8b282518d6ed81826833d77c3c882d9ab608add591ccace47a44?s=96&d=mm&r=g","url":"https:\/\/secure.gravatar.com\/avatar\/bab33852abfd8b282518d6ed81826833d77c3c882d9ab608add591ccace47a44?s=96&d=mm&r=g","contentUrl":"https:\/\/secure.gravatar.com\/avatar\/bab33852abfd8b282518d6ed81826833d77c3c882d9ab608add591ccace47a44?s=96&d=mm&r=g","caption":"Kuzeyin Sesi"},"sameAs":["https:\/\/kuzeyinsesi.org"],"url":"https:\/\/kuzeyinsesi.org\/index.php\/author\/guven\/"}]}},"_links":{"self":[{"href":"https:\/\/kuzeyinsesi.org\/index.php\/wp-json\/wp\/v2\/posts\/3365","targetHints":{"allow":["GET"]}}],"collection":[{"href":"https:\/\/kuzeyinsesi.org\/index.php\/wp-json\/wp\/v2\/posts"}],"about":[{"href":"https:\/\/kuzeyinsesi.org\/index.php\/wp-json\/wp\/v2\/types\/post"}],"author":[{"embeddable":true,"href":"https:\/\/kuzeyinsesi.org\/index.php\/wp-json\/wp\/v2\/users\/1"}],"replies":[{"embeddable":true,"href":"https:\/\/kuzeyinsesi.org\/index.php\/wp-json\/wp\/v2\/comments?post=3365"}],"version-history":[{"count":0,"href":"https:\/\/kuzeyinsesi.org\/index.php\/wp-json\/wp\/v2\/posts\/3365\/revisions"}],"wp:featuredmedia":[{"embeddable":true,"href":"https:\/\/kuzeyinsesi.org\/index.php\/wp-json\/wp\/v2\/media\/3366"}],"wp:attachment":[{"href":"https:\/\/kuzeyinsesi.org\/index.php\/wp-json\/wp\/v2\/media?parent=3365"}],"wp:term":[{"taxonomy":"category","embeddable":true,"href":"https:\/\/kuzeyinsesi.org\/index.php\/wp-json\/wp\/v2\/categories?post=3365"},{"taxonomy":"post_tag","embeddable":true,"href":"https:\/\/kuzeyinsesi.org\/index.php\/wp-json\/wp\/v2\/tags?post=3365"}],"curies":[{"name":"wp","href":"https:\/\/api.w.org\/{rel}","templated":true}]}}