{"id":33637,"date":"2025-10-20T08:42:21","date_gmt":"2025-10-20T05:42:21","guid":{"rendered":"https:\/\/kuzeyinsesi.org\/index.php\/2025\/10\/20\/tatar-tufan-beyi-kutluyorum\/"},"modified":"2025-10-20T08:42:37","modified_gmt":"2025-10-20T05:42:37","slug":"tatar-tufan-beyi-kutluyorum","status":"publish","type":"post","link":"https:\/\/kuzeyinsesi.org\/index.php\/2025\/10\/20\/tatar-tufan-beyi-kutluyorum\/","title":{"rendered":"Tatar: Tufan Bey\u2019i kutluyorum"},"content":{"rendered":"<div>\n<p>Cumhurba\u015fkan\u0131 ve ba\u011f\u0131ms\u0131z Cumhurba\u015fkan\u0131 aday\u0131 Ersin Tatar, K\u0131br\u0131s TV\u2019de kat\u0131ld\u0131\u011f\u0131 yay\u0131nda Cumhurba\u015fkanl\u0131\u011f\u0131 se\u00e7imlerinin sonucunu de\u011ferlendirdi. Se\u00e7menin iradesine sayg\u0131 duydu\u011funu belirten Tatar, \u201cBe\u015f y\u0131ld\u0131r hi\u00e7 durmadan \u00fclkemiz i\u00e7in hizmet ettim. Eserlerimiz ortadad\u0131r. Se\u00e7menin takdirine sayg\u0131 duymak gerekir\u201d dedi.<\/p>\n<p><strong>\u201cBe\u015f y\u0131lda eserler kazand\u0131rd\u0131k, T\u00fcrkiye ile ili\u015fkileri g\u00fc\u00e7lendirdik\u201d<\/strong><\/p>\n<p>Tatar, g\u00f6rev s\u00fcresi boyunca Kuzey K\u0131br\u0131s T\u00fcrk Cumhuriyeti\u2019ne (KKTC) kal\u0131c\u0131 hizmetler kazand\u0131rmak i\u00e7in \u00e7al\u0131\u015ft\u0131\u011f\u0131n\u0131 belirterek, \u201c\u00dclkemize yeni eserler b\u0131rakt\u0131k. T\u00fcrkiye Cumhuriyeti ile ili\u015fkilerimizi her zaman g\u00fc\u00e7l\u00fc tuttuk. \u00dclkenin kalk\u0131nmas\u0131, altyap\u0131 yat\u0131r\u0131mlar\u0131 ve uluslararas\u0131 g\u00f6r\u00fcn\u00fcrl\u00fc\u011f\u00fc i\u00e7in gece g\u00fcnd\u00fcz \u00e7al\u0131\u015ft\u0131k\u201d ifadelerini kulland\u0131.<\/p>\n<p>Cumhurba\u015fkan\u0131, Haspolat ve Apl\u0131\u00e7 (Lefka-Apl\u0131\u00e7) s\u0131n\u0131r kap\u0131lar\u0131n\u0131n a\u00e7\u0131lmas\u0131 y\u00f6n\u00fcndeki giri\u015fimlerine de de\u011finerek, \u201cRum taraf\u0131n\u0131n engellemelerine ra\u011fmen kap\u0131lar\u0131n a\u00e7\u0131lmas\u0131 i\u00e7in \u00e7aba g\u00f6sterdik, ancak gerekli ad\u0131mlar kar\u015f\u0131dan gelmedi\u201d dedi.<\/p>\n<p><strong>\u201cParti i\u00e7i s\u0131k\u0131nt\u0131lar se\u00e7im sonucuna yans\u0131m\u0131\u015f olabilir\u201d<\/strong><\/p>\n<p>Cumhurba\u015fkan\u0131 Tatar, se\u00e7imde \u00fc\u00e7 partinin deste\u011fiyle yar\u0131\u015ft\u0131\u011f\u0131n\u0131 hat\u0131rlatarak, oy oranlar\u0131n\u0131n beklenenin alt\u0131nda kalmas\u0131nda i\u00e7 etkenlerin rol\u00fc olabilece\u011fini belirtti:<\/p>\n<p>\u201c\u00dc\u00e7 partinin deste\u011fiyle ba\u011f\u0131ms\u0131z aday oldum. Ancak g\u00f6r\u00fcnen o ki, partiler aras\u0131ndaki baz\u0131 i\u00e7 s\u0131k\u0131nt\u0131lar ve kopukluklar se\u00e7im sonucuna da yans\u0131d\u0131.\u201d<\/p>\n<p>Tatar, se\u00e7im d\u00f6neminde baz\u0131 kesimlerin \u201cm\u00fczakere masas\u0131n\u0131n yeniden kurulaca\u011f\u0131\u201d y\u00f6n\u00fcnde beklentiler yaratt\u0131\u011f\u0131n\u0131 savunarak, \u201cK\u0131br\u0131s meselesinde umut pompaland\u0131. Oysa biz halk\u0131m\u0131za ger\u00e7ekleri anlatt\u0131k. Egemen e\u015fitli\u011fe dayal\u0131 iki devletli \u00e7\u00f6z\u00fcm vizyonundan taviz vermedik\u201d ifadelerini kulland\u0131.<\/p>\n<p><!-- WP QUADS Content Ad Plugin v. 2.0.94.1 --><\/p>\n<div class=\"quads-location quads-ad46145 quads-desktop\" id=\"quads-ad46145\" style=\"float:none;text-align:center;padding:0px 0 0px 0;\" data-lazydelay=\"3000\">\n<p> <!-- WP QUADS - Quick AdSense Reloaded v.2.0.94.1 Content ImageBanner AD --> <\/p>\n<p>        &#13;<br \/>\n         &#13;<\/p>\n<p> <!-- end WP QUADS --> <\/p>\n<\/div>\n<p><strong>\u201cPandemi, depremler, ekonomik s\u0131k\u0131nt\u0131lar\u2026 Buna ra\u011fmen ayakta kald\u0131k\u201d<\/strong><\/p>\n<p>G\u00f6rev s\u00fcresi boyunca bir\u00e7ok zorlu s\u00fcre\u00e7ten ge\u00e7tiklerini ifade eden Tatar, \u201cPandemi, k\u00fcresel krizler, 6 \u015eubat depremleri, sava\u015flar\u0131n etkileri\u2026 T\u00fcm bu s\u00fcre\u00e7lerde devletin ayakta kalmas\u0131 i\u00e7in b\u00fcy\u00fck gayret g\u00f6sterdik\u201d dedi.<\/p>\n<p>Tatar, halk\u0131n refah\u0131 i\u00e7in al\u0131nan ekonomik tedbirlerin bazen Cumhurba\u015fkanl\u0131\u011f\u0131 makam\u0131na olumsuz yans\u0131malar olu\u015fturdu\u011funu belirterek, \u201cHayat pahal\u0131l\u0131\u011f\u0131, n\u00fcfus hareketleri, toplumsal rahats\u0131zl\u0131klar\u2026 Bunlar\u0131n faturas\u0131n\u0131n zaman zaman Cumhurba\u015fkan\u0131na kesildi\u011fini d\u00fc\u015f\u00fcn\u00fcyorum\u201d de\u011ferlendirmesinde bulundu.<\/p>\n<p><strong>\u201cKKTC\u2019yi d\u00fcnyada g\u00f6r\u00fcn\u00fcr k\u0131lmak i\u00e7in \u00e7ok \u00e7aba harcad\u0131m\u201d<\/strong><\/p>\n<p>Cumhurba\u015fkan\u0131 Tatar, g\u00f6rev s\u00fcresi boyunca uluslararas\u0131 platformlarda KKTC\u2019nin sesini duyurmaya \u00e7al\u0131\u015ft\u0131\u011f\u0131n\u0131 vurgulad\u0131:<\/p>\n<p>\u201cKendi bayra\u011f\u0131m\u0131z alt\u0131nda uluslararas\u0131 toplant\u0131larda ilk kez Kuzey K\u0131br\u0131s T\u00fcrk Cumhuriyeti ismiyle oturdum. D\u00fcnyaya seslendim. T\u00fcrkiye ile ili\u015fkilerimiz her alanda geli\u015fti, karde\u015fli\u011fimiz ve sevgi ba\u011flar\u0131m\u0131z daha da g\u00fc\u00e7lendi.\u201d<\/p>\n<p><strong>\u201cTufan Bey\u2019i kutluyorum\u201d<\/strong><\/p>\n<p>Cumhurba\u015fkan\u0131 Tatar, a\u00e7\u0131klamas\u0131n\u0131n sonunda se\u00e7imi kazanan Cumhuriyet\u00e7i T\u00fcrk Partisi aday\u0131 Tufan Erh\u00fcrman\u2019\u0131 tebrik ederek, \u201cSe\u00e7menin takdirine sayg\u0131 duyuyorum. Bu sonu\u00e7lar \u00fclkemiz ve halk\u0131m\u0131z i\u00e7in hay\u0131rl\u0131 olsun\u201d ifadelerini kulland\u0131.<\/p>\n<\/div>\n","protected":false},"excerpt":{"rendered":"<p>Cumhurba\u015fkan\u0131 ve ba\u011f\u0131ms\u0131z Cumhurba\u015fkan\u0131 aday\u0131 Ersin Tatar, K\u0131br\u0131s TV\u2019de kat\u0131ld\u0131\u011f\u0131 yay\u0131nda Cumhurba\u015fkanl\u0131\u011f\u0131 se\u00e7imlerinin sonucunu de\u011ferlendirdi. Se\u00e7menin iradesine sayg\u0131 duydu\u011funu belirten Tatar, \u201cBe\u015f y\u0131ld\u0131r hi\u00e7 durmadan \u00fclkemiz i\u00e7in hizmet ettim. Eserlerimiz ortadad\u0131r. Se\u00e7menin takdirine sayg\u0131 duymak gerekir\u201d dedi. \u201cBe\u015f y\u0131lda eserler kazand\u0131rd\u0131k, T\u00fcrkiye ile ili\u015fkileri g\u00fc\u00e7lendirdik\u201d Tatar, g\u00f6rev s\u00fcresi boyunca Kuzey K\u0131br\u0131s T\u00fcrk Cumhuriyeti\u2019ne (KKTC) kal\u0131c\u0131 [&hellip;]<\/p>\n","protected":false},"author":1,"featured_media":33638,"comment_status":"open","ping_status":"open","sticky":false,"template":"","format":"standard","meta":{"jnews-multi-image_gallery":[],"jnews_single_post":[],"jnews_primary_category":[],"jnews_social_meta":[],"jnews_override_counter":[],"footnotes":""},"categories":[1],"tags":[],"class_list":["post-33637","post","type-post","status-publish","format-standard","has-post-thumbnail","hentry","category-kibris"],"yoast_head":"<!-- This site is optimized with the Yoast SEO plugin v27.5 - https:\/\/yoast.com\/product\/yoast-seo-wordpress\/ -->\n<title>Tatar: Tufan Bey\u2019i kutluyorum - Kuzeyin Sesi<\/title>\n<meta name=\"robots\" content=\"index, follow, max-snippet:-1, max-image-preview:large, max-video-preview:-1\" \/>\n<link rel=\"canonical\" href=\"https:\/\/kuzeyinsesi.org\/index.php\/2025\/10\/20\/tatar-tufan-beyi-kutluyorum\/\" \/>\n<meta property=\"og:locale\" content=\"tr_TR\" \/>\n<meta property=\"og:type\" content=\"article\" \/>\n<meta property=\"og:title\" content=\"Tatar: Tufan Bey\u2019i kutluyorum - Kuzeyin Sesi\" \/>\n<meta property=\"og:description\" content=\"Cumhurba\u015fkan\u0131 ve ba\u011f\u0131ms\u0131z Cumhurba\u015fkan\u0131 aday\u0131 Ersin Tatar, K\u0131br\u0131s TV\u2019de kat\u0131ld\u0131\u011f\u0131 yay\u0131nda Cumhurba\u015fkanl\u0131\u011f\u0131 se\u00e7imlerinin sonucunu de\u011ferlendirdi. Se\u00e7menin iradesine sayg\u0131 duydu\u011funu belirten Tatar, \u201cBe\u015f y\u0131ld\u0131r hi\u00e7 durmadan \u00fclkemiz i\u00e7in hizmet ettim. Eserlerimiz ortadad\u0131r. Se\u00e7menin takdirine sayg\u0131 duymak gerekir\u201d dedi. \u201cBe\u015f y\u0131lda eserler kazand\u0131rd\u0131k, T\u00fcrkiye ile ili\u015fkileri g\u00fc\u00e7lendirdik\u201d Tatar, g\u00f6rev s\u00fcresi boyunca Kuzey K\u0131br\u0131s T\u00fcrk Cumhuriyeti\u2019ne (KKTC) kal\u0131c\u0131 [&hellip;]\" \/>\n<meta property=\"og:url\" content=\"https:\/\/kuzeyinsesi.org\/index.php\/2025\/10\/20\/tatar-tufan-beyi-kutluyorum\/\" \/>\n<meta property=\"og:site_name\" content=\"Kuzeyin Sesi\" \/>\n<meta property=\"article:publisher\" content=\"https:\/\/www.facebook.com\/kuzeyinsesii\" \/>\n<meta property=\"article:published_time\" content=\"2025-10-20T05:42:21+00:00\" \/>\n<meta property=\"article:modified_time\" content=\"2025-10-20T05:42:37+00:00\" \/>\n<meta property=\"og:image\" content=\"https:\/\/kuzeyinsesi.org\/wp-content\/uploads\/2025\/10\/TATAR-1.jpg\" \/>\n\t<meta property=\"og:image:width\" content=\"1600\" \/>\n\t<meta property=\"og:image:height\" content=\"1199\" \/>\n\t<meta property=\"og:image:type\" content=\"image\/jpeg\" \/>\n<meta name=\"author\" content=\"Kuzeyin Sesi\" \/>\n<meta name=\"twitter:card\" content=\"summary_large_image\" \/>\n<meta name=\"twitter:creator\" content=\"@kuzeyinsesii\" \/>\n<meta name=\"twitter:site\" content=\"@kuzeyinsesii\" \/>\n<meta name=\"twitter:label1\" content=\"Yazan:\" \/>\n\t<meta name=\"twitter:data1\" content=\"Kuzeyin Sesi\" \/>\n\t<meta name=\"twitter:label2\" content=\"Tahmini okuma s\u00fcresi\" \/>\n\t<meta name=\"twitter:data2\" content=\"3 dakika\" \/>\n<script type=\"application\/ld+json\" class=\"yoast-schema-graph\">{\"@context\":\"https:\\\/\\\/schema.org\",\"@graph\":[{\"@type\":\"Article\",\"@id\":\"https:\\\/\\\/kuzeyinsesi.org\\\/index.php\\\/2025\\\/10\\\/20\\\/tatar-tufan-beyi-kutluyorum\\\/#article\",\"isPartOf\":{\"@id\":\"https:\\\/\\\/kuzeyinsesi.org\\\/index.php\\\/2025\\\/10\\\/20\\\/tatar-tufan-beyi-kutluyorum\\\/\"},\"author\":{\"name\":\"Kuzeyin Sesi\",\"@id\":\"https:\\\/\\\/kuzeyinsesi.org\\\/#\\\/schema\\\/person\\\/9f859689cdf01485597712386e37f5aa\"},\"headline\":\"Tatar: Tufan Bey\u2019i kutluyorum\",\"datePublished\":\"2025-10-20T05:42:21+00:00\",\"dateModified\":\"2025-10-20T05:42:37+00:00\",\"mainEntityOfPage\":{\"@id\":\"https:\\\/\\\/kuzeyinsesi.org\\\/index.php\\\/2025\\\/10\\\/20\\\/tatar-tufan-beyi-kutluyorum\\\/\"},\"wordCount\":544,\"commentCount\":0,\"image\":{\"@id\":\"https:\\\/\\\/kuzeyinsesi.org\\\/index.php\\\/2025\\\/10\\\/20\\\/tatar-tufan-beyi-kutluyorum\\\/#primaryimage\"},\"thumbnailUrl\":\"https:\\\/\\\/kuzeyinsesi.org\\\/wp-content\\\/uploads\\\/2025\\\/10\\\/TATAR-1.jpg\",\"articleSection\":[\"K\u0131br\u0131s\"],\"inLanguage\":\"tr\",\"potentialAction\":[{\"@type\":\"CommentAction\",\"name\":\"Comment\",\"target\":[\"https:\\\/\\\/kuzeyinsesi.org\\\/index.php\\\/2025\\\/10\\\/20\\\/tatar-tufan-beyi-kutluyorum\\\/#respond\"]}]},{\"@type\":\"WebPage\",\"@id\":\"https:\\\/\\\/kuzeyinsesi.org\\\/index.php\\\/2025\\\/10\\\/20\\\/tatar-tufan-beyi-kutluyorum\\\/\",\"url\":\"https:\\\/\\\/kuzeyinsesi.org\\\/index.php\\\/2025\\\/10\\\/20\\\/tatar-tufan-beyi-kutluyorum\\\/\",\"name\":\"Tatar: Tufan Bey\u2019i kutluyorum - Kuzeyin Sesi\",\"isPartOf\":{\"@id\":\"https:\\\/\\\/kuzeyinsesi.org\\\/#website\"},\"primaryImageOfPage\":{\"@id\":\"https:\\\/\\\/kuzeyinsesi.org\\\/index.php\\\/2025\\\/10\\\/20\\\/tatar-tufan-beyi-kutluyorum\\\/#primaryimage\"},\"image\":{\"@id\":\"https:\\\/\\\/kuzeyinsesi.org\\\/index.php\\\/2025\\\/10\\\/20\\\/tatar-tufan-beyi-kutluyorum\\\/#primaryimage\"},\"thumbnailUrl\":\"https:\\\/\\\/kuzeyinsesi.org\\\/wp-content\\\/uploads\\\/2025\\\/10\\\/TATAR-1.jpg\",\"datePublished\":\"2025-10-20T05:42:21+00:00\",\"dateModified\":\"2025-10-20T05:42:37+00:00\",\"author\":{\"@id\":\"https:\\\/\\\/kuzeyinsesi.org\\\/#\\\/schema\\\/person\\\/9f859689cdf01485597712386e37f5aa\"},\"breadcrumb\":{\"@id\":\"https:\\\/\\\/kuzeyinsesi.org\\\/index.php\\\/2025\\\/10\\\/20\\\/tatar-tufan-beyi-kutluyorum\\\/#breadcrumb\"},\"inLanguage\":\"tr\",\"potentialAction\":[{\"@type\":\"ReadAction\",\"target\":[\"https:\\\/\\\/kuzeyinsesi.org\\\/index.php\\\/2025\\\/10\\\/20\\\/tatar-tufan-beyi-kutluyorum\\\/\"]}]},{\"@type\":\"ImageObject\",\"inLanguage\":\"tr\",\"@id\":\"https:\\\/\\\/kuzeyinsesi.org\\\/index.php\\\/2025\\\/10\\\/20\\\/tatar-tufan-beyi-kutluyorum\\\/#primaryimage\",\"url\":\"https:\\\/\\\/kuzeyinsesi.org\\\/wp-content\\\/uploads\\\/2025\\\/10\\\/TATAR-1.jpg\",\"contentUrl\":\"https:\\\/\\\/kuzeyinsesi.org\\\/wp-content\\\/uploads\\\/2025\\\/10\\\/TATAR-1.jpg\",\"width\":1600,\"height\":1199},{\"@type\":\"BreadcrumbList\",\"@id\":\"https:\\\/\\\/kuzeyinsesi.org\\\/index.php\\\/2025\\\/10\\\/20\\\/tatar-tufan-beyi-kutluyorum\\\/#breadcrumb\",\"itemListElement\":[{\"@type\":\"ListItem\",\"position\":1,\"name\":\"Anasayfa\",\"item\":\"https:\\\/\\\/kuzeyinsesi.org\\\/\"},{\"@type\":\"ListItem\",\"position\":2,\"name\":\"Tatar: Tufan Bey\u2019i kutluyorum\"}]},{\"@type\":\"WebSite\",\"@id\":\"https:\\\/\\\/kuzeyinsesi.org\\\/#website\",\"url\":\"https:\\\/\\\/kuzeyinsesi.org\\\/\",\"name\":\"Kuzeyin Sesi\",\"description\":\"Do\u011fru Haberin Adresi\",\"potentialAction\":[{\"@type\":\"SearchAction\",\"target\":{\"@type\":\"EntryPoint\",\"urlTemplate\":\"https:\\\/\\\/kuzeyinsesi.org\\\/?s={search_term_string}\"},\"query-input\":{\"@type\":\"PropertyValueSpecification\",\"valueRequired\":true,\"valueName\":\"search_term_string\"}}],\"inLanguage\":\"tr\"},{\"@type\":\"Person\",\"@id\":\"https:\\\/\\\/kuzeyinsesi.org\\\/#\\\/schema\\\/person\\\/9f859689cdf01485597712386e37f5aa\",\"name\":\"Kuzeyin Sesi\",\"image\":{\"@type\":\"ImageObject\",\"inLanguage\":\"tr\",\"@id\":\"https:\\\/\\\/secure.gravatar.com\\\/avatar\\\/bab33852abfd8b282518d6ed81826833d77c3c882d9ab608add591ccace47a44?s=96&d=mm&r=g\",\"url\":\"https:\\\/\\\/secure.gravatar.com\\\/avatar\\\/bab33852abfd8b282518d6ed81826833d77c3c882d9ab608add591ccace47a44?s=96&d=mm&r=g\",\"contentUrl\":\"https:\\\/\\\/secure.gravatar.com\\\/avatar\\\/bab33852abfd8b282518d6ed81826833d77c3c882d9ab608add591ccace47a44?s=96&d=mm&r=g\",\"caption\":\"Kuzeyin Sesi\"},\"sameAs\":[\"https:\\\/\\\/kuzeyinsesi.org\"],\"url\":\"https:\\\/\\\/kuzeyinsesi.org\\\/index.php\\\/author\\\/guven\\\/\"}]}<\/script>\n<!-- \/ Yoast SEO plugin. -->","yoast_head_json":{"title":"Tatar: Tufan Bey\u2019i kutluyorum - Kuzeyin Sesi","robots":{"index":"index","follow":"follow","max-snippet":"max-snippet:-1","max-image-preview":"max-image-preview:large","max-video-preview":"max-video-preview:-1"},"canonical":"https:\/\/kuzeyinsesi.org\/index.php\/2025\/10\/20\/tatar-tufan-beyi-kutluyorum\/","og_locale":"tr_TR","og_type":"article","og_title":"Tatar: Tufan Bey\u2019i kutluyorum - Kuzeyin Sesi","og_description":"Cumhurba\u015fkan\u0131 ve ba\u011f\u0131ms\u0131z Cumhurba\u015fkan\u0131 aday\u0131 Ersin Tatar, K\u0131br\u0131s TV\u2019de kat\u0131ld\u0131\u011f\u0131 yay\u0131nda Cumhurba\u015fkanl\u0131\u011f\u0131 se\u00e7imlerinin sonucunu de\u011ferlendirdi. Se\u00e7menin iradesine sayg\u0131 duydu\u011funu belirten Tatar, \u201cBe\u015f y\u0131ld\u0131r hi\u00e7 durmadan \u00fclkemiz i\u00e7in hizmet ettim. Eserlerimiz ortadad\u0131r. Se\u00e7menin takdirine sayg\u0131 duymak gerekir\u201d dedi. \u201cBe\u015f y\u0131lda eserler kazand\u0131rd\u0131k, T\u00fcrkiye ile ili\u015fkileri g\u00fc\u00e7lendirdik\u201d Tatar, g\u00f6rev s\u00fcresi boyunca Kuzey K\u0131br\u0131s T\u00fcrk Cumhuriyeti\u2019ne (KKTC) kal\u0131c\u0131 [&hellip;]","og_url":"https:\/\/kuzeyinsesi.org\/index.php\/2025\/10\/20\/tatar-tufan-beyi-kutluyorum\/","og_site_name":"Kuzeyin Sesi","article_publisher":"https:\/\/www.facebook.com\/kuzeyinsesii","article_published_time":"2025-10-20T05:42:21+00:00","article_modified_time":"2025-10-20T05:42:37+00:00","og_image":[{"width":1600,"height":1199,"url":"https:\/\/kuzeyinsesi.org\/wp-content\/uploads\/2025\/10\/TATAR-1.jpg","type":"image\/jpeg"}],"author":"Kuzeyin Sesi","twitter_card":"summary_large_image","twitter_creator":"@kuzeyinsesii","twitter_site":"@kuzeyinsesii","twitter_misc":{"Yazan:":"Kuzeyin Sesi","Tahmini okuma s\u00fcresi":"3 dakika"},"schema":{"@context":"https:\/\/schema.org","@graph":[{"@type":"Article","@id":"https:\/\/kuzeyinsesi.org\/index.php\/2025\/10\/20\/tatar-tufan-beyi-kutluyorum\/#article","isPartOf":{"@id":"https:\/\/kuzeyinsesi.org\/index.php\/2025\/10\/20\/tatar-tufan-beyi-kutluyorum\/"},"author":{"name":"Kuzeyin Sesi","@id":"https:\/\/kuzeyinsesi.org\/#\/schema\/person\/9f859689cdf01485597712386e37f5aa"},"headline":"Tatar: Tufan Bey\u2019i kutluyorum","datePublished":"2025-10-20T05:42:21+00:00","dateModified":"2025-10-20T05:42:37+00:00","mainEntityOfPage":{"@id":"https:\/\/kuzeyinsesi.org\/index.php\/2025\/10\/20\/tatar-tufan-beyi-kutluyorum\/"},"wordCount":544,"commentCount":0,"image":{"@id":"https:\/\/kuzeyinsesi.org\/index.php\/2025\/10\/20\/tatar-tufan-beyi-kutluyorum\/#primaryimage"},"thumbnailUrl":"https:\/\/kuzeyinsesi.org\/wp-content\/uploads\/2025\/10\/TATAR-1.jpg","articleSection":["K\u0131br\u0131s"],"inLanguage":"tr","potentialAction":[{"@type":"CommentAction","name":"Comment","target":["https:\/\/kuzeyinsesi.org\/index.php\/2025\/10\/20\/tatar-tufan-beyi-kutluyorum\/#respond"]}]},{"@type":"WebPage","@id":"https:\/\/kuzeyinsesi.org\/index.php\/2025\/10\/20\/tatar-tufan-beyi-kutluyorum\/","url":"https:\/\/kuzeyinsesi.org\/index.php\/2025\/10\/20\/tatar-tufan-beyi-kutluyorum\/","name":"Tatar: Tufan Bey\u2019i kutluyorum - Kuzeyin Sesi","isPartOf":{"@id":"https:\/\/kuzeyinsesi.org\/#website"},"primaryImageOfPage":{"@id":"https:\/\/kuzeyinsesi.org\/index.php\/2025\/10\/20\/tatar-tufan-beyi-kutluyorum\/#primaryimage"},"image":{"@id":"https:\/\/kuzeyinsesi.org\/index.php\/2025\/10\/20\/tatar-tufan-beyi-kutluyorum\/#primaryimage"},"thumbnailUrl":"https:\/\/kuzeyinsesi.org\/wp-content\/uploads\/2025\/10\/TATAR-1.jpg","datePublished":"2025-10-20T05:42:21+00:00","dateModified":"2025-10-20T05:42:37+00:00","author":{"@id":"https:\/\/kuzeyinsesi.org\/#\/schema\/person\/9f859689cdf01485597712386e37f5aa"},"breadcrumb":{"@id":"https:\/\/kuzeyinsesi.org\/index.php\/2025\/10\/20\/tatar-tufan-beyi-kutluyorum\/#breadcrumb"},"inLanguage":"tr","potentialAction":[{"@type":"ReadAction","target":["https:\/\/kuzeyinsesi.org\/index.php\/2025\/10\/20\/tatar-tufan-beyi-kutluyorum\/"]}]},{"@type":"ImageObject","inLanguage":"tr","@id":"https:\/\/kuzeyinsesi.org\/index.php\/2025\/10\/20\/tatar-tufan-beyi-kutluyorum\/#primaryimage","url":"https:\/\/kuzeyinsesi.org\/wp-content\/uploads\/2025\/10\/TATAR-1.jpg","contentUrl":"https:\/\/kuzeyinsesi.org\/wp-content\/uploads\/2025\/10\/TATAR-1.jpg","width":1600,"height":1199},{"@type":"BreadcrumbList","@id":"https:\/\/kuzeyinsesi.org\/index.php\/2025\/10\/20\/tatar-tufan-beyi-kutluyorum\/#breadcrumb","itemListElement":[{"@type":"ListItem","position":1,"name":"Anasayfa","item":"https:\/\/kuzeyinsesi.org\/"},{"@type":"ListItem","position":2,"name":"Tatar: Tufan Bey\u2019i kutluyorum"}]},{"@type":"WebSite","@id":"https:\/\/kuzeyinsesi.org\/#website","url":"https:\/\/kuzeyinsesi.org\/","name":"Kuzeyin Sesi","description":"Do\u011fru Haberin Adresi","potentialAction":[{"@type":"SearchAction","target":{"@type":"EntryPoint","urlTemplate":"https:\/\/kuzeyinsesi.org\/?s={search_term_string}"},"query-input":{"@type":"PropertyValueSpecification","valueRequired":true,"valueName":"search_term_string"}}],"inLanguage":"tr"},{"@type":"Person","@id":"https:\/\/kuzeyinsesi.org\/#\/schema\/person\/9f859689cdf01485597712386e37f5aa","name":"Kuzeyin Sesi","image":{"@type":"ImageObject","inLanguage":"tr","@id":"https:\/\/secure.gravatar.com\/avatar\/bab33852abfd8b282518d6ed81826833d77c3c882d9ab608add591ccace47a44?s=96&d=mm&r=g","url":"https:\/\/secure.gravatar.com\/avatar\/bab33852abfd8b282518d6ed81826833d77c3c882d9ab608add591ccace47a44?s=96&d=mm&r=g","contentUrl":"https:\/\/secure.gravatar.com\/avatar\/bab33852abfd8b282518d6ed81826833d77c3c882d9ab608add591ccace47a44?s=96&d=mm&r=g","caption":"Kuzeyin Sesi"},"sameAs":["https:\/\/kuzeyinsesi.org"],"url":"https:\/\/kuzeyinsesi.org\/index.php\/author\/guven\/"}]}},"_links":{"self":[{"href":"https:\/\/kuzeyinsesi.org\/index.php\/wp-json\/wp\/v2\/posts\/33637","targetHints":{"allow":["GET"]}}],"collection":[{"href":"https:\/\/kuzeyinsesi.org\/index.php\/wp-json\/wp\/v2\/posts"}],"about":[{"href":"https:\/\/kuzeyinsesi.org\/index.php\/wp-json\/wp\/v2\/types\/post"}],"author":[{"embeddable":true,"href":"https:\/\/kuzeyinsesi.org\/index.php\/wp-json\/wp\/v2\/users\/1"}],"replies":[{"embeddable":true,"href":"https:\/\/kuzeyinsesi.org\/index.php\/wp-json\/wp\/v2\/comments?post=33637"}],"version-history":[{"count":1,"href":"https:\/\/kuzeyinsesi.org\/index.php\/wp-json\/wp\/v2\/posts\/33637\/revisions"}],"predecessor-version":[{"id":33639,"href":"https:\/\/kuzeyinsesi.org\/index.php\/wp-json\/wp\/v2\/posts\/33637\/revisions\/33639"}],"wp:featuredmedia":[{"embeddable":true,"href":"https:\/\/kuzeyinsesi.org\/index.php\/wp-json\/wp\/v2\/media\/33638"}],"wp:attachment":[{"href":"https:\/\/kuzeyinsesi.org\/index.php\/wp-json\/wp\/v2\/media?parent=33637"}],"wp:term":[{"taxonomy":"category","embeddable":true,"href":"https:\/\/kuzeyinsesi.org\/index.php\/wp-json\/wp\/v2\/categories?post=33637"},{"taxonomy":"post_tag","embeddable":true,"href":"https:\/\/kuzeyinsesi.org\/index.php\/wp-json\/wp\/v2\/tags?post=33637"}],"curies":[{"name":"wp","href":"https:\/\/api.w.org\/{rel}","templated":true}]}}