{"id":3361,"date":"2024-05-25T11:05:26","date_gmt":"2024-05-25T08:05:26","guid":{"rendered":"https:\/\/kuzeyinsesi.com\/index.php\/2024\/05\/25\/dogu-akdenizin-deniz-ulkesi-katman-katman-kibris-kitabi-tanitildi\/"},"modified":"2024-05-25T11:05:26","modified_gmt":"2024-05-25T08:05:26","slug":"dogu-akdenizin-deniz-ulkesi-katman-katman-kibris-kitabi-tanitildi","status":"publish","type":"post","link":"https:\/\/kuzeyinsesi.org\/index.php\/2024\/05\/25\/dogu-akdenizin-deniz-ulkesi-katman-katman-kibris-kitabi-tanitildi\/","title":{"rendered":"\u201cDo\u011fu Akdeniz\u2019in Deniz \u00dclkesi, Katman Katman K\u0131br\u0131s\u201d kitab\u0131 tan\u0131t\u0131ld\u0131"},"content":{"rendered":"<div>\n<div class=\"mariselle-image-container center\">\n                                            <\/div>\n<p>\n\u201cDo\u011fu Akdeniz\u2019in Deniz \u00dclkesi, Katman Katman K\u0131br\u0131s\u201d kitab\u0131n\u0131n tan\u0131t\u0131m\u0131 ve imza g\u00fcn\u00fc etkinli\u011fi, d\u00fcn ak\u015fam Girne Belediyesi Yeni Hizmet Binas\u0131\u2019nda ger\u00e7ekle\u015fti.<\/p>\n<p>Girne Belediyesi\u2019nden verilen bilgiye g\u00f6re, saat 18.00\u2019de a\u00e7\u0131l\u0131\u015f kokteyli ile ba\u015flayan etkinli\u011fe, Girne Belediye Ba\u015fkan\u0131 Murat \u015eenkul e\u015fi ve \u00e7ocuklar\u0131yla kat\u0131ld\u0131. <\/p>\n<p>Etkinlikte, kitab\u0131n yazar\u0131 Luna T\u00fclay Okan ve ill\u00fcstrasyonlar\u0131n\u0131 yapan Ay\u015fe Naz Can, kitab\u0131n olu\u015fum s\u00fcrecini anlatt\u0131. Yazar Luna T\u00fclay Okan\u2019\u0131n kitaplar\u0131n\u0131 imzalamas\u0131 ard\u0131ndan, K\u0131br\u0131s efsanelerinin resimlendi\u011fi serginin a\u00e7\u0131l\u0131\u015f\u0131 yap\u0131ld\u0131. <\/p>\n<p>Girne Belediyesi ve Turizm, K\u00fclt\u00fcr Gen\u00e7lik ve \u00c7evre Bakanl\u0131\u011f\u0131\u2019n\u0131n destekleriyle ger\u00e7ekle\u015fen sergi, 27-31 May\u0131s ile 3- 7 Haziran tarihleri aras\u0131nda mesai saatleri i\u00e7erisinde Girne Belediyesi Yeni Hizmet Binas\u0131\u2019n\u0131n giri\u015f kat\u0131nda ziyaret edilebilecek.<\/p>\n<\/p><\/div>\n<p><script async\n                    defer\n                    crossorigin=\"anonymous\"\n                    src=\"https:\/\/connect.facebook.net\/tr_TR\/sdk.js#xfbml=1&#038;version=v3.3\"\n            ><\/script><\/p>\n","protected":false},"excerpt":{"rendered":"<p>\u201cDo\u011fu Akdeniz\u2019in Deniz \u00dclkesi, Katman Katman K\u0131br\u0131s\u201d kitab\u0131n\u0131n tan\u0131t\u0131m\u0131 ve imza g\u00fcn\u00fc etkinli\u011fi, d\u00fcn ak\u015fam Girne Belediyesi Yeni Hizmet Binas\u0131\u2019nda ger\u00e7ekle\u015fti. Girne Belediyesi\u2019nden verilen bilgiye g\u00f6re, saat 18.00\u2019de a\u00e7\u0131l\u0131\u015f kokteyli ile ba\u015flayan etkinli\u011fe, Girne Belediye Ba\u015fkan\u0131 Murat \u015eenkul e\u015fi ve \u00e7ocuklar\u0131yla kat\u0131ld\u0131. Etkinlikte, kitab\u0131n yazar\u0131 Luna T\u00fclay Okan ve ill\u00fcstrasyonlar\u0131n\u0131 yapan Ay\u015fe Naz Can, kitab\u0131n [&hellip;]<\/p>\n","protected":false},"author":1,"featured_media":3362,"comment_status":"open","ping_status":"open","sticky":false,"template":"","format":"standard","meta":{"jnews-multi-image_gallery":[],"jnews_single_post":[],"jnews_primary_category":[],"jnews_social_meta":[],"jnews_override_counter":[],"footnotes":""},"categories":[6],"tags":[],"class_list":["post-3361","post","type-post","status-publish","format-standard","has-post-thumbnail","hentry","category-yasam"],"yoast_head":"<!-- This site is optimized with the Yoast SEO plugin v27.5 - https:\/\/yoast.com\/product\/yoast-seo-wordpress\/ -->\n<title>\u201cDo\u011fu Akdeniz\u2019in Deniz \u00dclkesi, Katman Katman K\u0131br\u0131s\u201d kitab\u0131 tan\u0131t\u0131ld\u0131 - Kuzeyin Sesi<\/title>\n<meta name=\"robots\" content=\"index, follow, max-snippet:-1, max-image-preview:large, max-video-preview:-1\" \/>\n<link rel=\"canonical\" href=\"https:\/\/kuzeyinsesi.org\/index.php\/2024\/05\/25\/dogu-akdenizin-deniz-ulkesi-katman-katman-kibris-kitabi-tanitildi\/\" \/>\n<meta property=\"og:locale\" content=\"tr_TR\" \/>\n<meta property=\"og:type\" content=\"article\" \/>\n<meta property=\"og:title\" content=\"\u201cDo\u011fu Akdeniz\u2019in Deniz \u00dclkesi, Katman Katman K\u0131br\u0131s\u201d kitab\u0131 tan\u0131t\u0131ld\u0131 - Kuzeyin Sesi\" \/>\n<meta property=\"og:description\" content=\"\u201cDo\u011fu Akdeniz\u2019in Deniz \u00dclkesi, Katman Katman K\u0131br\u0131s\u201d kitab\u0131n\u0131n tan\u0131t\u0131m\u0131 ve imza g\u00fcn\u00fc etkinli\u011fi, d\u00fcn ak\u015fam Girne Belediyesi Yeni Hizmet Binas\u0131\u2019nda ger\u00e7ekle\u015fti. Girne Belediyesi\u2019nden verilen bilgiye g\u00f6re, saat 18.00\u2019de a\u00e7\u0131l\u0131\u015f kokteyli ile ba\u015flayan etkinli\u011fe, Girne Belediye Ba\u015fkan\u0131 Murat \u015eenkul e\u015fi ve \u00e7ocuklar\u0131yla kat\u0131ld\u0131. Etkinlikte, kitab\u0131n yazar\u0131 Luna T\u00fclay Okan ve ill\u00fcstrasyonlar\u0131n\u0131 yapan Ay\u015fe Naz Can, kitab\u0131n [&hellip;]\" \/>\n<meta property=\"og:url\" content=\"https:\/\/kuzeyinsesi.org\/index.php\/2024\/05\/25\/dogu-akdenizin-deniz-ulkesi-katman-katman-kibris-kitabi-tanitildi\/\" \/>\n<meta property=\"og:site_name\" content=\"Kuzeyin Sesi\" \/>\n<meta property=\"article:publisher\" content=\"https:\/\/www.facebook.com\/kuzeyinsesii\" \/>\n<meta property=\"article:published_time\" content=\"2024-05-25T08:05:26+00:00\" \/>\n<meta property=\"og:image\" content=\"https:\/\/kuzeyinsesi.org\/wp-content\/uploads\/2024\/05\/girne-bld-kitap-tanitim-ve-sergi-haberi-3-scaled.jpg\" \/>\n\t<meta property=\"og:image:width\" content=\"2560\" \/>\n\t<meta property=\"og:image:height\" content=\"1707\" \/>\n\t<meta property=\"og:image:type\" content=\"image\/jpeg\" \/>\n<meta name=\"author\" content=\"Kuzeyin Sesi\" \/>\n<meta name=\"twitter:card\" content=\"summary_large_image\" \/>\n<meta name=\"twitter:creator\" content=\"@kuzeyinsesii\" \/>\n<meta name=\"twitter:site\" content=\"@kuzeyinsesii\" \/>\n<meta name=\"twitter:label1\" content=\"Yazan:\" \/>\n\t<meta name=\"twitter:data1\" content=\"Kuzeyin Sesi\" \/>\n\t<meta name=\"twitter:label2\" content=\"Tahmini okuma s\u00fcresi\" \/>\n\t<meta name=\"twitter:data2\" content=\"1 dakika\" \/>\n<script type=\"application\/ld+json\" class=\"yoast-schema-graph\">{\"@context\":\"https:\\\/\\\/schema.org\",\"@graph\":[{\"@type\":\"Article\",\"@id\":\"https:\\\/\\\/kuzeyinsesi.org\\\/index.php\\\/2024\\\/05\\\/25\\\/dogu-akdenizin-deniz-ulkesi-katman-katman-kibris-kitabi-tanitildi\\\/#article\",\"isPartOf\":{\"@id\":\"https:\\\/\\\/kuzeyinsesi.org\\\/index.php\\\/2024\\\/05\\\/25\\\/dogu-akdenizin-deniz-ulkesi-katman-katman-kibris-kitabi-tanitildi\\\/\"},\"author\":{\"name\":\"Kuzeyin Sesi\",\"@id\":\"https:\\\/\\\/kuzeyinsesi.org\\\/#\\\/schema\\\/person\\\/9f859689cdf01485597712386e37f5aa\"},\"headline\":\"\u201cDo\u011fu Akdeniz\u2019in Deniz \u00dclkesi, Katman Katman K\u0131br\u0131s\u201d kitab\u0131 tan\u0131t\u0131ld\u0131\",\"datePublished\":\"2024-05-25T08:05:26+00:00\",\"mainEntityOfPage\":{\"@id\":\"https:\\\/\\\/kuzeyinsesi.org\\\/index.php\\\/2024\\\/05\\\/25\\\/dogu-akdenizin-deniz-ulkesi-katman-katman-kibris-kitabi-tanitildi\\\/\"},\"wordCount\":171,\"commentCount\":0,\"image\":{\"@id\":\"https:\\\/\\\/kuzeyinsesi.org\\\/index.php\\\/2024\\\/05\\\/25\\\/dogu-akdenizin-deniz-ulkesi-katman-katman-kibris-kitabi-tanitildi\\\/#primaryimage\"},\"thumbnailUrl\":\"https:\\\/\\\/kuzeyinsesi.org\\\/wp-content\\\/uploads\\\/2024\\\/05\\\/girne-bld-kitap-tanitim-ve-sergi-haberi-3-scaled.jpg\",\"articleSection\":[\"Ya\u015fam\"],\"inLanguage\":\"tr\",\"potentialAction\":[{\"@type\":\"CommentAction\",\"name\":\"Comment\",\"target\":[\"https:\\\/\\\/kuzeyinsesi.org\\\/index.php\\\/2024\\\/05\\\/25\\\/dogu-akdenizin-deniz-ulkesi-katman-katman-kibris-kitabi-tanitildi\\\/#respond\"]}]},{\"@type\":\"WebPage\",\"@id\":\"https:\\\/\\\/kuzeyinsesi.org\\\/index.php\\\/2024\\\/05\\\/25\\\/dogu-akdenizin-deniz-ulkesi-katman-katman-kibris-kitabi-tanitildi\\\/\",\"url\":\"https:\\\/\\\/kuzeyinsesi.org\\\/index.php\\\/2024\\\/05\\\/25\\\/dogu-akdenizin-deniz-ulkesi-katman-katman-kibris-kitabi-tanitildi\\\/\",\"name\":\"\u201cDo\u011fu Akdeniz\u2019in Deniz \u00dclkesi, Katman Katman K\u0131br\u0131s\u201d kitab\u0131 tan\u0131t\u0131ld\u0131 - Kuzeyin Sesi\",\"isPartOf\":{\"@id\":\"https:\\\/\\\/kuzeyinsesi.org\\\/#website\"},\"primaryImageOfPage\":{\"@id\":\"https:\\\/\\\/kuzeyinsesi.org\\\/index.php\\\/2024\\\/05\\\/25\\\/dogu-akdenizin-deniz-ulkesi-katman-katman-kibris-kitabi-tanitildi\\\/#primaryimage\"},\"image\":{\"@id\":\"https:\\\/\\\/kuzeyinsesi.org\\\/index.php\\\/2024\\\/05\\\/25\\\/dogu-akdenizin-deniz-ulkesi-katman-katman-kibris-kitabi-tanitildi\\\/#primaryimage\"},\"thumbnailUrl\":\"https:\\\/\\\/kuzeyinsesi.org\\\/wp-content\\\/uploads\\\/2024\\\/05\\\/girne-bld-kitap-tanitim-ve-sergi-haberi-3-scaled.jpg\",\"datePublished\":\"2024-05-25T08:05:26+00:00\",\"author\":{\"@id\":\"https:\\\/\\\/kuzeyinsesi.org\\\/#\\\/schema\\\/person\\\/9f859689cdf01485597712386e37f5aa\"},\"breadcrumb\":{\"@id\":\"https:\\\/\\\/kuzeyinsesi.org\\\/index.php\\\/2024\\\/05\\\/25\\\/dogu-akdenizin-deniz-ulkesi-katman-katman-kibris-kitabi-tanitildi\\\/#breadcrumb\"},\"inLanguage\":\"tr\",\"potentialAction\":[{\"@type\":\"ReadAction\",\"target\":[\"https:\\\/\\\/kuzeyinsesi.org\\\/index.php\\\/2024\\\/05\\\/25\\\/dogu-akdenizin-deniz-ulkesi-katman-katman-kibris-kitabi-tanitildi\\\/\"]}]},{\"@type\":\"ImageObject\",\"inLanguage\":\"tr\",\"@id\":\"https:\\\/\\\/kuzeyinsesi.org\\\/index.php\\\/2024\\\/05\\\/25\\\/dogu-akdenizin-deniz-ulkesi-katman-katman-kibris-kitabi-tanitildi\\\/#primaryimage\",\"url\":\"https:\\\/\\\/kuzeyinsesi.org\\\/wp-content\\\/uploads\\\/2024\\\/05\\\/girne-bld-kitap-tanitim-ve-sergi-haberi-3-scaled.jpg\",\"contentUrl\":\"https:\\\/\\\/kuzeyinsesi.org\\\/wp-content\\\/uploads\\\/2024\\\/05\\\/girne-bld-kitap-tanitim-ve-sergi-haberi-3-scaled.jpg\",\"width\":2560,\"height\":1707},{\"@type\":\"BreadcrumbList\",\"@id\":\"https:\\\/\\\/kuzeyinsesi.org\\\/index.php\\\/2024\\\/05\\\/25\\\/dogu-akdenizin-deniz-ulkesi-katman-katman-kibris-kitabi-tanitildi\\\/#breadcrumb\",\"itemListElement\":[{\"@type\":\"ListItem\",\"position\":1,\"name\":\"Anasayfa\",\"item\":\"https:\\\/\\\/kuzeyinsesi.org\\\/\"},{\"@type\":\"ListItem\",\"position\":2,\"name\":\"\u201cDo\u011fu Akdeniz\u2019in Deniz \u00dclkesi, Katman Katman K\u0131br\u0131s\u201d kitab\u0131 tan\u0131t\u0131ld\u0131\"}]},{\"@type\":\"WebSite\",\"@id\":\"https:\\\/\\\/kuzeyinsesi.org\\\/#website\",\"url\":\"https:\\\/\\\/kuzeyinsesi.org\\\/\",\"name\":\"Kuzeyin Sesi\",\"description\":\"Do\u011fru Haberin Adresi\",\"potentialAction\":[{\"@type\":\"SearchAction\",\"target\":{\"@type\":\"EntryPoint\",\"urlTemplate\":\"https:\\\/\\\/kuzeyinsesi.org\\\/?s={search_term_string}\"},\"query-input\":{\"@type\":\"PropertyValueSpecification\",\"valueRequired\":true,\"valueName\":\"search_term_string\"}}],\"inLanguage\":\"tr\"},{\"@type\":\"Person\",\"@id\":\"https:\\\/\\\/kuzeyinsesi.org\\\/#\\\/schema\\\/person\\\/9f859689cdf01485597712386e37f5aa\",\"name\":\"Kuzeyin Sesi\",\"image\":{\"@type\":\"ImageObject\",\"inLanguage\":\"tr\",\"@id\":\"https:\\\/\\\/secure.gravatar.com\\\/avatar\\\/bab33852abfd8b282518d6ed81826833d77c3c882d9ab608add591ccace47a44?s=96&d=mm&r=g\",\"url\":\"https:\\\/\\\/secure.gravatar.com\\\/avatar\\\/bab33852abfd8b282518d6ed81826833d77c3c882d9ab608add591ccace47a44?s=96&d=mm&r=g\",\"contentUrl\":\"https:\\\/\\\/secure.gravatar.com\\\/avatar\\\/bab33852abfd8b282518d6ed81826833d77c3c882d9ab608add591ccace47a44?s=96&d=mm&r=g\",\"caption\":\"Kuzeyin Sesi\"},\"sameAs\":[\"https:\\\/\\\/kuzeyinsesi.org\"],\"url\":\"https:\\\/\\\/kuzeyinsesi.org\\\/index.php\\\/author\\\/guven\\\/\"}]}<\/script>\n<!-- \/ Yoast SEO plugin. -->","yoast_head_json":{"title":"\u201cDo\u011fu Akdeniz\u2019in Deniz \u00dclkesi, Katman Katman K\u0131br\u0131s\u201d kitab\u0131 tan\u0131t\u0131ld\u0131 - Kuzeyin Sesi","robots":{"index":"index","follow":"follow","max-snippet":"max-snippet:-1","max-image-preview":"max-image-preview:large","max-video-preview":"max-video-preview:-1"},"canonical":"https:\/\/kuzeyinsesi.org\/index.php\/2024\/05\/25\/dogu-akdenizin-deniz-ulkesi-katman-katman-kibris-kitabi-tanitildi\/","og_locale":"tr_TR","og_type":"article","og_title":"\u201cDo\u011fu Akdeniz\u2019in Deniz \u00dclkesi, Katman Katman K\u0131br\u0131s\u201d kitab\u0131 tan\u0131t\u0131ld\u0131 - Kuzeyin Sesi","og_description":"\u201cDo\u011fu Akdeniz\u2019in Deniz \u00dclkesi, Katman Katman K\u0131br\u0131s\u201d kitab\u0131n\u0131n tan\u0131t\u0131m\u0131 ve imza g\u00fcn\u00fc etkinli\u011fi, d\u00fcn ak\u015fam Girne Belediyesi Yeni Hizmet Binas\u0131\u2019nda ger\u00e7ekle\u015fti. Girne Belediyesi\u2019nden verilen bilgiye g\u00f6re, saat 18.00\u2019de a\u00e7\u0131l\u0131\u015f kokteyli ile ba\u015flayan etkinli\u011fe, Girne Belediye Ba\u015fkan\u0131 Murat \u015eenkul e\u015fi ve \u00e7ocuklar\u0131yla kat\u0131ld\u0131. Etkinlikte, kitab\u0131n yazar\u0131 Luna T\u00fclay Okan ve ill\u00fcstrasyonlar\u0131n\u0131 yapan Ay\u015fe Naz Can, kitab\u0131n [&hellip;]","og_url":"https:\/\/kuzeyinsesi.org\/index.php\/2024\/05\/25\/dogu-akdenizin-deniz-ulkesi-katman-katman-kibris-kitabi-tanitildi\/","og_site_name":"Kuzeyin Sesi","article_publisher":"https:\/\/www.facebook.com\/kuzeyinsesii","article_published_time":"2024-05-25T08:05:26+00:00","og_image":[{"width":2560,"height":1707,"url":"https:\/\/kuzeyinsesi.org\/wp-content\/uploads\/2024\/05\/girne-bld-kitap-tanitim-ve-sergi-haberi-3-scaled.jpg","type":"image\/jpeg"}],"author":"Kuzeyin Sesi","twitter_card":"summary_large_image","twitter_creator":"@kuzeyinsesii","twitter_site":"@kuzeyinsesii","twitter_misc":{"Yazan:":"Kuzeyin Sesi","Tahmini okuma s\u00fcresi":"1 dakika"},"schema":{"@context":"https:\/\/schema.org","@graph":[{"@type":"Article","@id":"https:\/\/kuzeyinsesi.org\/index.php\/2024\/05\/25\/dogu-akdenizin-deniz-ulkesi-katman-katman-kibris-kitabi-tanitildi\/#article","isPartOf":{"@id":"https:\/\/kuzeyinsesi.org\/index.php\/2024\/05\/25\/dogu-akdenizin-deniz-ulkesi-katman-katman-kibris-kitabi-tanitildi\/"},"author":{"name":"Kuzeyin Sesi","@id":"https:\/\/kuzeyinsesi.org\/#\/schema\/person\/9f859689cdf01485597712386e37f5aa"},"headline":"\u201cDo\u011fu Akdeniz\u2019in Deniz \u00dclkesi, Katman Katman K\u0131br\u0131s\u201d kitab\u0131 tan\u0131t\u0131ld\u0131","datePublished":"2024-05-25T08:05:26+00:00","mainEntityOfPage":{"@id":"https:\/\/kuzeyinsesi.org\/index.php\/2024\/05\/25\/dogu-akdenizin-deniz-ulkesi-katman-katman-kibris-kitabi-tanitildi\/"},"wordCount":171,"commentCount":0,"image":{"@id":"https:\/\/kuzeyinsesi.org\/index.php\/2024\/05\/25\/dogu-akdenizin-deniz-ulkesi-katman-katman-kibris-kitabi-tanitildi\/#primaryimage"},"thumbnailUrl":"https:\/\/kuzeyinsesi.org\/wp-content\/uploads\/2024\/05\/girne-bld-kitap-tanitim-ve-sergi-haberi-3-scaled.jpg","articleSection":["Ya\u015fam"],"inLanguage":"tr","potentialAction":[{"@type":"CommentAction","name":"Comment","target":["https:\/\/kuzeyinsesi.org\/index.php\/2024\/05\/25\/dogu-akdenizin-deniz-ulkesi-katman-katman-kibris-kitabi-tanitildi\/#respond"]}]},{"@type":"WebPage","@id":"https:\/\/kuzeyinsesi.org\/index.php\/2024\/05\/25\/dogu-akdenizin-deniz-ulkesi-katman-katman-kibris-kitabi-tanitildi\/","url":"https:\/\/kuzeyinsesi.org\/index.php\/2024\/05\/25\/dogu-akdenizin-deniz-ulkesi-katman-katman-kibris-kitabi-tanitildi\/","name":"\u201cDo\u011fu Akdeniz\u2019in Deniz \u00dclkesi, Katman Katman K\u0131br\u0131s\u201d kitab\u0131 tan\u0131t\u0131ld\u0131 - Kuzeyin Sesi","isPartOf":{"@id":"https:\/\/kuzeyinsesi.org\/#website"},"primaryImageOfPage":{"@id":"https:\/\/kuzeyinsesi.org\/index.php\/2024\/05\/25\/dogu-akdenizin-deniz-ulkesi-katman-katman-kibris-kitabi-tanitildi\/#primaryimage"},"image":{"@id":"https:\/\/kuzeyinsesi.org\/index.php\/2024\/05\/25\/dogu-akdenizin-deniz-ulkesi-katman-katman-kibris-kitabi-tanitildi\/#primaryimage"},"thumbnailUrl":"https:\/\/kuzeyinsesi.org\/wp-content\/uploads\/2024\/05\/girne-bld-kitap-tanitim-ve-sergi-haberi-3-scaled.jpg","datePublished":"2024-05-25T08:05:26+00:00","author":{"@id":"https:\/\/kuzeyinsesi.org\/#\/schema\/person\/9f859689cdf01485597712386e37f5aa"},"breadcrumb":{"@id":"https:\/\/kuzeyinsesi.org\/index.php\/2024\/05\/25\/dogu-akdenizin-deniz-ulkesi-katman-katman-kibris-kitabi-tanitildi\/#breadcrumb"},"inLanguage":"tr","potentialAction":[{"@type":"ReadAction","target":["https:\/\/kuzeyinsesi.org\/index.php\/2024\/05\/25\/dogu-akdenizin-deniz-ulkesi-katman-katman-kibris-kitabi-tanitildi\/"]}]},{"@type":"ImageObject","inLanguage":"tr","@id":"https:\/\/kuzeyinsesi.org\/index.php\/2024\/05\/25\/dogu-akdenizin-deniz-ulkesi-katman-katman-kibris-kitabi-tanitildi\/#primaryimage","url":"https:\/\/kuzeyinsesi.org\/wp-content\/uploads\/2024\/05\/girne-bld-kitap-tanitim-ve-sergi-haberi-3-scaled.jpg","contentUrl":"https:\/\/kuzeyinsesi.org\/wp-content\/uploads\/2024\/05\/girne-bld-kitap-tanitim-ve-sergi-haberi-3-scaled.jpg","width":2560,"height":1707},{"@type":"BreadcrumbList","@id":"https:\/\/kuzeyinsesi.org\/index.php\/2024\/05\/25\/dogu-akdenizin-deniz-ulkesi-katman-katman-kibris-kitabi-tanitildi\/#breadcrumb","itemListElement":[{"@type":"ListItem","position":1,"name":"Anasayfa","item":"https:\/\/kuzeyinsesi.org\/"},{"@type":"ListItem","position":2,"name":"\u201cDo\u011fu Akdeniz\u2019in Deniz \u00dclkesi, Katman Katman K\u0131br\u0131s\u201d kitab\u0131 tan\u0131t\u0131ld\u0131"}]},{"@type":"WebSite","@id":"https:\/\/kuzeyinsesi.org\/#website","url":"https:\/\/kuzeyinsesi.org\/","name":"Kuzeyin Sesi","description":"Do\u011fru Haberin Adresi","potentialAction":[{"@type":"SearchAction","target":{"@type":"EntryPoint","urlTemplate":"https:\/\/kuzeyinsesi.org\/?s={search_term_string}"},"query-input":{"@type":"PropertyValueSpecification","valueRequired":true,"valueName":"search_term_string"}}],"inLanguage":"tr"},{"@type":"Person","@id":"https:\/\/kuzeyinsesi.org\/#\/schema\/person\/9f859689cdf01485597712386e37f5aa","name":"Kuzeyin Sesi","image":{"@type":"ImageObject","inLanguage":"tr","@id":"https:\/\/secure.gravatar.com\/avatar\/bab33852abfd8b282518d6ed81826833d77c3c882d9ab608add591ccace47a44?s=96&d=mm&r=g","url":"https:\/\/secure.gravatar.com\/avatar\/bab33852abfd8b282518d6ed81826833d77c3c882d9ab608add591ccace47a44?s=96&d=mm&r=g","contentUrl":"https:\/\/secure.gravatar.com\/avatar\/bab33852abfd8b282518d6ed81826833d77c3c882d9ab608add591ccace47a44?s=96&d=mm&r=g","caption":"Kuzeyin Sesi"},"sameAs":["https:\/\/kuzeyinsesi.org"],"url":"https:\/\/kuzeyinsesi.org\/index.php\/author\/guven\/"}]}},"_links":{"self":[{"href":"https:\/\/kuzeyinsesi.org\/index.php\/wp-json\/wp\/v2\/posts\/3361","targetHints":{"allow":["GET"]}}],"collection":[{"href":"https:\/\/kuzeyinsesi.org\/index.php\/wp-json\/wp\/v2\/posts"}],"about":[{"href":"https:\/\/kuzeyinsesi.org\/index.php\/wp-json\/wp\/v2\/types\/post"}],"author":[{"embeddable":true,"href":"https:\/\/kuzeyinsesi.org\/index.php\/wp-json\/wp\/v2\/users\/1"}],"replies":[{"embeddable":true,"href":"https:\/\/kuzeyinsesi.org\/index.php\/wp-json\/wp\/v2\/comments?post=3361"}],"version-history":[{"count":0,"href":"https:\/\/kuzeyinsesi.org\/index.php\/wp-json\/wp\/v2\/posts\/3361\/revisions"}],"wp:featuredmedia":[{"embeddable":true,"href":"https:\/\/kuzeyinsesi.org\/index.php\/wp-json\/wp\/v2\/media\/3362"}],"wp:attachment":[{"href":"https:\/\/kuzeyinsesi.org\/index.php\/wp-json\/wp\/v2\/media?parent=3361"}],"wp:term":[{"taxonomy":"category","embeddable":true,"href":"https:\/\/kuzeyinsesi.org\/index.php\/wp-json\/wp\/v2\/categories?post=3361"},{"taxonomy":"post_tag","embeddable":true,"href":"https:\/\/kuzeyinsesi.org\/index.php\/wp-json\/wp\/v2\/tags?post=3361"}],"curies":[{"name":"wp","href":"https:\/\/api.w.org\/{rel}","templated":true}]}}