{"id":33588,"date":"2025-10-19T04:36:23","date_gmt":"2025-10-19T01:36:23","guid":{"rendered":"https:\/\/kuzeyinsesi.org\/index.php\/2025\/10\/19\/nijeryada-boko-haramin-saldirisinda-7-asker-hayatini-kaybetti\/"},"modified":"2025-10-19T04:36:23","modified_gmt":"2025-10-19T01:36:23","slug":"nijeryada-boko-haramin-saldirisinda-7-asker-hayatini-kaybetti","status":"publish","type":"post","link":"https:\/\/kuzeyinsesi.org\/index.php\/2025\/10\/19\/nijeryada-boko-haramin-saldirisinda-7-asker-hayatini-kaybetti\/","title":{"rendered":"Nijerya&#039;da Boko Haram&#039;\u0131n sald\u0131r\u0131s\u0131nda 7 asker hayat\u0131n\u0131 kaybetti"},"content":{"rendered":"<p><\/p>\n<div>\n<p>&#13;<br \/>\n\tUlusal bas\u0131ndaki haberlere g\u00f6re, <a href=\"https:\/\/www.trthaber.com\/etiket\/boko-haram\/\" target=\"_blank\">Boko Haram<\/a> \u00fcyeleri, Borno eyaletine ba\u011fl\u0131 Konduga b\u00f6lgesindeki askerlere sald\u0131r\u0131 d\u00fczenledi.<\/p>\n<p>&#13;<br \/>\n\tSald\u0131r\u0131da 7 asker hayat\u0131n\u0131 kaybetti, yaralanan askerler hastaneye kald\u0131r\u0131ld\u0131.<\/p>\n<p>&#13;<br \/>\n\tNijerya&#8217;da 2000&#8217;li y\u0131llar\u0131n ba\u015f\u0131ndan beri varl\u0131k g\u00f6steren Boko Haram&#8217;\u0131n, 2009&#8217;dan bu yana d\u00fczenledi\u011fi kitlesel ter\u00f6r eylemlerinde on binlerce ki\u015fi ya\u015fam\u0131n\u0131 yitirdi.<\/p>\n<p>&#13;<br \/>\n\tTer\u00f6r \u00f6rg\u00fct\u00fc, 2015&#8217;ten bu yana \u00fclkenin s\u0131n\u0131r kom\u015fular\u0131 Kamerun, <a href=\"https:\/\/www.trthaber.com\/etiket\/cad\/\" target=\"_blank\">\u00c7ad<\/a> ve Nijer&#8217;de de sald\u0131r\u0131lar d\u00fczenledi. \u00d6rg\u00fct\u00fcn \u00c7ad G\u00f6l\u00fc Havzas\u0131&#8217;ndaki sald\u0131r\u0131lar\u0131nda en az 2 bin ki\u015fi hayat\u0131n\u0131 kaybetti.<\/p>\n<p>&#13;<br \/>\n\t\u00dclkede ter\u00f6r sald\u0131r\u0131lar\u0131 ve \u00e7at\u0131\u015fmalar nedeniyle y\u00fcz binlerce ki\u015fi <a href=\"https:\/\/www.trthaber.com\/etiket\/goc\/\" target=\"_blank\">g\u00f6\u00e7<\/a> etmek zorunda kald\u0131.<\/p>\n<\/p><\/div>\n","protected":false},"excerpt":{"rendered":"<p>&#13; Ulusal bas\u0131ndaki haberlere g\u00f6re, Boko Haram \u00fcyeleri, Borno eyaletine ba\u011fl\u0131 Konduga b\u00f6lgesindeki askerlere sald\u0131r\u0131 d\u00fczenledi. &#13; Sald\u0131r\u0131da 7 asker hayat\u0131n\u0131 kaybetti, yaralanan askerler hastaneye kald\u0131r\u0131ld\u0131. &#13; Nijerya&#8217;da 2000&#8217;li y\u0131llar\u0131n ba\u015f\u0131ndan beri varl\u0131k g\u00f6steren Boko Haram&#8217;\u0131n, 2009&#8217;dan bu yana d\u00fczenledi\u011fi kitlesel ter\u00f6r eylemlerinde on binlerce ki\u015fi ya\u015fam\u0131n\u0131 yitirdi. &#13; Ter\u00f6r \u00f6rg\u00fct\u00fc, 2015&#8217;ten bu yana \u00fclkenin [&hellip;]<\/p>\n","protected":false},"author":1,"featured_media":31314,"comment_status":"open","ping_status":"open","sticky":false,"template":"","format":"standard","meta":{"jnews-multi-image_gallery":[],"jnews_single_post":[],"jnews_primary_category":[],"jnews_social_meta":[],"jnews_override_counter":[],"footnotes":""},"categories":[2],"tags":[],"class_list":["post-33588","post","type-post","status-publish","format-standard","has-post-thumbnail","hentry","category-dunya"],"yoast_head":"<!-- This site is optimized with the Yoast SEO plugin v27.5 - https:\/\/yoast.com\/product\/yoast-seo-wordpress\/ -->\n<title>Nijerya&#039;da Boko Haram&#039;\u0131n sald\u0131r\u0131s\u0131nda 7 asker hayat\u0131n\u0131 kaybetti - Kuzeyin Sesi<\/title>\n<meta name=\"robots\" content=\"index, follow, max-snippet:-1, max-image-preview:large, max-video-preview:-1\" \/>\n<link rel=\"canonical\" href=\"https:\/\/kuzeyinsesi.org\/index.php\/2025\/10\/19\/nijeryada-boko-haramin-saldirisinda-7-asker-hayatini-kaybetti\/\" \/>\n<meta property=\"og:locale\" content=\"tr_TR\" \/>\n<meta property=\"og:type\" content=\"article\" \/>\n<meta property=\"og:title\" content=\"Nijerya&#039;da Boko Haram&#039;\u0131n sald\u0131r\u0131s\u0131nda 7 asker hayat\u0131n\u0131 kaybetti - Kuzeyin Sesi\" \/>\n<meta property=\"og:description\" content=\"&#013; Ulusal bas\u0131ndaki haberlere g\u00f6re, Boko Haram \u00fcyeleri, Borno eyaletine ba\u011fl\u0131 Konduga b\u00f6lgesindeki askerlere sald\u0131r\u0131 d\u00fczenledi. &#013; Sald\u0131r\u0131da 7 asker hayat\u0131n\u0131 kaybetti, yaralanan askerler hastaneye kald\u0131r\u0131ld\u0131. &#013; Nijerya&#8217;da 2000&#8217;li y\u0131llar\u0131n ba\u015f\u0131ndan beri varl\u0131k g\u00f6steren Boko Haram&#8217;\u0131n, 2009&#8217;dan bu yana d\u00fczenledi\u011fi kitlesel ter\u00f6r eylemlerinde on binlerce ki\u015fi ya\u015fam\u0131n\u0131 yitirdi. &#013; Ter\u00f6r \u00f6rg\u00fct\u00fc, 2015&#8217;ten bu yana \u00fclkenin [&hellip;]\" \/>\n<meta property=\"og:url\" content=\"https:\/\/kuzeyinsesi.org\/index.php\/2025\/10\/19\/nijeryada-boko-haramin-saldirisinda-7-asker-hayatini-kaybetti\/\" \/>\n<meta property=\"og:site_name\" content=\"Kuzeyin Sesi\" \/>\n<meta property=\"article:publisher\" content=\"https:\/\/www.facebook.com\/kuzeyinsesii\" \/>\n<meta property=\"article:published_time\" content=\"2025-10-19T01:36:23+00:00\" \/>\n<meta property=\"og:image\" content=\"https:\/\/trthaberstatic.cdn.wp.trt.com.tr\/resimler\/1476000\/silahli-kisi-1476651.jpg\" \/>\n<meta name=\"author\" content=\"Kuzeyin Sesi\" \/>\n<meta name=\"twitter:card\" content=\"summary_large_image\" \/>\n<meta name=\"twitter:creator\" content=\"@kuzeyinsesii\" \/>\n<meta name=\"twitter:site\" content=\"@kuzeyinsesii\" \/>\n<meta name=\"twitter:label1\" content=\"Yazan:\" \/>\n\t<meta name=\"twitter:data1\" content=\"Kuzeyin Sesi\" \/>\n\t<meta name=\"twitter:label2\" content=\"Tahmini okuma s\u00fcresi\" \/>\n\t<meta name=\"twitter:data2\" content=\"1 dakika\" \/>\n<script type=\"application\/ld+json\" class=\"yoast-schema-graph\">{\"@context\":\"https:\\\/\\\/schema.org\",\"@graph\":[{\"@type\":\"Article\",\"@id\":\"https:\\\/\\\/kuzeyinsesi.org\\\/index.php\\\/2025\\\/10\\\/19\\\/nijeryada-boko-haramin-saldirisinda-7-asker-hayatini-kaybetti\\\/#article\",\"isPartOf\":{\"@id\":\"https:\\\/\\\/kuzeyinsesi.org\\\/index.php\\\/2025\\\/10\\\/19\\\/nijeryada-boko-haramin-saldirisinda-7-asker-hayatini-kaybetti\\\/\"},\"author\":{\"name\":\"Kuzeyin Sesi\",\"@id\":\"https:\\\/\\\/kuzeyinsesi.org\\\/#\\\/schema\\\/person\\\/9f859689cdf01485597712386e37f5aa\"},\"headline\":\"Nijerya&#039;da Boko Haram&#039;\u0131n sald\u0131r\u0131s\u0131nda 7 asker hayat\u0131n\u0131 kaybetti\",\"datePublished\":\"2025-10-19T01:36:23+00:00\",\"mainEntityOfPage\":{\"@id\":\"https:\\\/\\\/kuzeyinsesi.org\\\/index.php\\\/2025\\\/10\\\/19\\\/nijeryada-boko-haramin-saldirisinda-7-asker-hayatini-kaybetti\\\/\"},\"wordCount\":144,\"commentCount\":0,\"image\":{\"@id\":\"https:\\\/\\\/kuzeyinsesi.org\\\/index.php\\\/2025\\\/10\\\/19\\\/nijeryada-boko-haramin-saldirisinda-7-asker-hayatini-kaybetti\\\/#primaryimage\"},\"thumbnailUrl\":\"https:\\\/\\\/kuzeyinsesi.org\\\/wp-content\\\/uploads\\\/2025\\\/09\\\/silahli-kisi-1476651.jpg\",\"articleSection\":[\"D\u00fcnya\"],\"inLanguage\":\"tr\",\"potentialAction\":[{\"@type\":\"CommentAction\",\"name\":\"Comment\",\"target\":[\"https:\\\/\\\/kuzeyinsesi.org\\\/index.php\\\/2025\\\/10\\\/19\\\/nijeryada-boko-haramin-saldirisinda-7-asker-hayatini-kaybetti\\\/#respond\"]}]},{\"@type\":\"WebPage\",\"@id\":\"https:\\\/\\\/kuzeyinsesi.org\\\/index.php\\\/2025\\\/10\\\/19\\\/nijeryada-boko-haramin-saldirisinda-7-asker-hayatini-kaybetti\\\/\",\"url\":\"https:\\\/\\\/kuzeyinsesi.org\\\/index.php\\\/2025\\\/10\\\/19\\\/nijeryada-boko-haramin-saldirisinda-7-asker-hayatini-kaybetti\\\/\",\"name\":\"Nijerya&#039;da Boko Haram&#039;\u0131n sald\u0131r\u0131s\u0131nda 7 asker hayat\u0131n\u0131 kaybetti - Kuzeyin Sesi\",\"isPartOf\":{\"@id\":\"https:\\\/\\\/kuzeyinsesi.org\\\/#website\"},\"primaryImageOfPage\":{\"@id\":\"https:\\\/\\\/kuzeyinsesi.org\\\/index.php\\\/2025\\\/10\\\/19\\\/nijeryada-boko-haramin-saldirisinda-7-asker-hayatini-kaybetti\\\/#primaryimage\"},\"image\":{\"@id\":\"https:\\\/\\\/kuzeyinsesi.org\\\/index.php\\\/2025\\\/10\\\/19\\\/nijeryada-boko-haramin-saldirisinda-7-asker-hayatini-kaybetti\\\/#primaryimage\"},\"thumbnailUrl\":\"https:\\\/\\\/kuzeyinsesi.org\\\/wp-content\\\/uploads\\\/2025\\\/09\\\/silahli-kisi-1476651.jpg\",\"datePublished\":\"2025-10-19T01:36:23+00:00\",\"author\":{\"@id\":\"https:\\\/\\\/kuzeyinsesi.org\\\/#\\\/schema\\\/person\\\/9f859689cdf01485597712386e37f5aa\"},\"breadcrumb\":{\"@id\":\"https:\\\/\\\/kuzeyinsesi.org\\\/index.php\\\/2025\\\/10\\\/19\\\/nijeryada-boko-haramin-saldirisinda-7-asker-hayatini-kaybetti\\\/#breadcrumb\"},\"inLanguage\":\"tr\",\"potentialAction\":[{\"@type\":\"ReadAction\",\"target\":[\"https:\\\/\\\/kuzeyinsesi.org\\\/index.php\\\/2025\\\/10\\\/19\\\/nijeryada-boko-haramin-saldirisinda-7-asker-hayatini-kaybetti\\\/\"]}]},{\"@type\":\"ImageObject\",\"inLanguage\":\"tr\",\"@id\":\"https:\\\/\\\/kuzeyinsesi.org\\\/index.php\\\/2025\\\/10\\\/19\\\/nijeryada-boko-haramin-saldirisinda-7-asker-hayatini-kaybetti\\\/#primaryimage\",\"url\":\"https:\\\/\\\/kuzeyinsesi.org\\\/wp-content\\\/uploads\\\/2025\\\/09\\\/silahli-kisi-1476651.jpg\",\"contentUrl\":\"https:\\\/\\\/kuzeyinsesi.org\\\/wp-content\\\/uploads\\\/2025\\\/09\\\/silahli-kisi-1476651.jpg\",\"width\":1280,\"height\":720},{\"@type\":\"BreadcrumbList\",\"@id\":\"https:\\\/\\\/kuzeyinsesi.org\\\/index.php\\\/2025\\\/10\\\/19\\\/nijeryada-boko-haramin-saldirisinda-7-asker-hayatini-kaybetti\\\/#breadcrumb\",\"itemListElement\":[{\"@type\":\"ListItem\",\"position\":1,\"name\":\"Anasayfa\",\"item\":\"https:\\\/\\\/kuzeyinsesi.org\\\/\"},{\"@type\":\"ListItem\",\"position\":2,\"name\":\"Nijerya&#039;da Boko Haram&#039;\u0131n sald\u0131r\u0131s\u0131nda 7 asker hayat\u0131n\u0131 kaybetti\"}]},{\"@type\":\"WebSite\",\"@id\":\"https:\\\/\\\/kuzeyinsesi.org\\\/#website\",\"url\":\"https:\\\/\\\/kuzeyinsesi.org\\\/\",\"name\":\"Kuzeyin Sesi\",\"description\":\"Do\u011fru Haberin Adresi\",\"potentialAction\":[{\"@type\":\"SearchAction\",\"target\":{\"@type\":\"EntryPoint\",\"urlTemplate\":\"https:\\\/\\\/kuzeyinsesi.org\\\/?s={search_term_string}\"},\"query-input\":{\"@type\":\"PropertyValueSpecification\",\"valueRequired\":true,\"valueName\":\"search_term_string\"}}],\"inLanguage\":\"tr\"},{\"@type\":\"Person\",\"@id\":\"https:\\\/\\\/kuzeyinsesi.org\\\/#\\\/schema\\\/person\\\/9f859689cdf01485597712386e37f5aa\",\"name\":\"Kuzeyin Sesi\",\"image\":{\"@type\":\"ImageObject\",\"inLanguage\":\"tr\",\"@id\":\"https:\\\/\\\/secure.gravatar.com\\\/avatar\\\/bab33852abfd8b282518d6ed81826833d77c3c882d9ab608add591ccace47a44?s=96&d=mm&r=g\",\"url\":\"https:\\\/\\\/secure.gravatar.com\\\/avatar\\\/bab33852abfd8b282518d6ed81826833d77c3c882d9ab608add591ccace47a44?s=96&d=mm&r=g\",\"contentUrl\":\"https:\\\/\\\/secure.gravatar.com\\\/avatar\\\/bab33852abfd8b282518d6ed81826833d77c3c882d9ab608add591ccace47a44?s=96&d=mm&r=g\",\"caption\":\"Kuzeyin Sesi\"},\"sameAs\":[\"https:\\\/\\\/kuzeyinsesi.org\"],\"url\":\"https:\\\/\\\/kuzeyinsesi.org\\\/index.php\\\/author\\\/guven\\\/\"}]}<\/script>\n<!-- \/ Yoast SEO plugin. -->","yoast_head_json":{"title":"Nijerya&#039;da Boko Haram&#039;\u0131n sald\u0131r\u0131s\u0131nda 7 asker hayat\u0131n\u0131 kaybetti - Kuzeyin Sesi","robots":{"index":"index","follow":"follow","max-snippet":"max-snippet:-1","max-image-preview":"max-image-preview:large","max-video-preview":"max-video-preview:-1"},"canonical":"https:\/\/kuzeyinsesi.org\/index.php\/2025\/10\/19\/nijeryada-boko-haramin-saldirisinda-7-asker-hayatini-kaybetti\/","og_locale":"tr_TR","og_type":"article","og_title":"Nijerya&#039;da Boko Haram&#039;\u0131n sald\u0131r\u0131s\u0131nda 7 asker hayat\u0131n\u0131 kaybetti - Kuzeyin Sesi","og_description":"&#13; Ulusal bas\u0131ndaki haberlere g\u00f6re, Boko Haram \u00fcyeleri, Borno eyaletine ba\u011fl\u0131 Konduga b\u00f6lgesindeki askerlere sald\u0131r\u0131 d\u00fczenledi. &#13; Sald\u0131r\u0131da 7 asker hayat\u0131n\u0131 kaybetti, yaralanan askerler hastaneye kald\u0131r\u0131ld\u0131. &#13; Nijerya&#8217;da 2000&#8217;li y\u0131llar\u0131n ba\u015f\u0131ndan beri varl\u0131k g\u00f6steren Boko Haram&#8217;\u0131n, 2009&#8217;dan bu yana d\u00fczenledi\u011fi kitlesel ter\u00f6r eylemlerinde on binlerce ki\u015fi ya\u015fam\u0131n\u0131 yitirdi. &#13; Ter\u00f6r \u00f6rg\u00fct\u00fc, 2015&#8217;ten bu yana \u00fclkenin [&hellip;]","og_url":"https:\/\/kuzeyinsesi.org\/index.php\/2025\/10\/19\/nijeryada-boko-haramin-saldirisinda-7-asker-hayatini-kaybetti\/","og_site_name":"Kuzeyin Sesi","article_publisher":"https:\/\/www.facebook.com\/kuzeyinsesii","article_published_time":"2025-10-19T01:36:23+00:00","og_image":[{"url":"https:\/\/trthaberstatic.cdn.wp.trt.com.tr\/resimler\/1476000\/silahli-kisi-1476651.jpg","type":"","width":"","height":""}],"author":"Kuzeyin Sesi","twitter_card":"summary_large_image","twitter_creator":"@kuzeyinsesii","twitter_site":"@kuzeyinsesii","twitter_misc":{"Yazan:":"Kuzeyin Sesi","Tahmini okuma s\u00fcresi":"1 dakika"},"schema":{"@context":"https:\/\/schema.org","@graph":[{"@type":"Article","@id":"https:\/\/kuzeyinsesi.org\/index.php\/2025\/10\/19\/nijeryada-boko-haramin-saldirisinda-7-asker-hayatini-kaybetti\/#article","isPartOf":{"@id":"https:\/\/kuzeyinsesi.org\/index.php\/2025\/10\/19\/nijeryada-boko-haramin-saldirisinda-7-asker-hayatini-kaybetti\/"},"author":{"name":"Kuzeyin Sesi","@id":"https:\/\/kuzeyinsesi.org\/#\/schema\/person\/9f859689cdf01485597712386e37f5aa"},"headline":"Nijerya&#039;da Boko Haram&#039;\u0131n sald\u0131r\u0131s\u0131nda 7 asker hayat\u0131n\u0131 kaybetti","datePublished":"2025-10-19T01:36:23+00:00","mainEntityOfPage":{"@id":"https:\/\/kuzeyinsesi.org\/index.php\/2025\/10\/19\/nijeryada-boko-haramin-saldirisinda-7-asker-hayatini-kaybetti\/"},"wordCount":144,"commentCount":0,"image":{"@id":"https:\/\/kuzeyinsesi.org\/index.php\/2025\/10\/19\/nijeryada-boko-haramin-saldirisinda-7-asker-hayatini-kaybetti\/#primaryimage"},"thumbnailUrl":"https:\/\/kuzeyinsesi.org\/wp-content\/uploads\/2025\/09\/silahli-kisi-1476651.jpg","articleSection":["D\u00fcnya"],"inLanguage":"tr","potentialAction":[{"@type":"CommentAction","name":"Comment","target":["https:\/\/kuzeyinsesi.org\/index.php\/2025\/10\/19\/nijeryada-boko-haramin-saldirisinda-7-asker-hayatini-kaybetti\/#respond"]}]},{"@type":"WebPage","@id":"https:\/\/kuzeyinsesi.org\/index.php\/2025\/10\/19\/nijeryada-boko-haramin-saldirisinda-7-asker-hayatini-kaybetti\/","url":"https:\/\/kuzeyinsesi.org\/index.php\/2025\/10\/19\/nijeryada-boko-haramin-saldirisinda-7-asker-hayatini-kaybetti\/","name":"Nijerya&#039;da Boko Haram&#039;\u0131n sald\u0131r\u0131s\u0131nda 7 asker hayat\u0131n\u0131 kaybetti - Kuzeyin Sesi","isPartOf":{"@id":"https:\/\/kuzeyinsesi.org\/#website"},"primaryImageOfPage":{"@id":"https:\/\/kuzeyinsesi.org\/index.php\/2025\/10\/19\/nijeryada-boko-haramin-saldirisinda-7-asker-hayatini-kaybetti\/#primaryimage"},"image":{"@id":"https:\/\/kuzeyinsesi.org\/index.php\/2025\/10\/19\/nijeryada-boko-haramin-saldirisinda-7-asker-hayatini-kaybetti\/#primaryimage"},"thumbnailUrl":"https:\/\/kuzeyinsesi.org\/wp-content\/uploads\/2025\/09\/silahli-kisi-1476651.jpg","datePublished":"2025-10-19T01:36:23+00:00","author":{"@id":"https:\/\/kuzeyinsesi.org\/#\/schema\/person\/9f859689cdf01485597712386e37f5aa"},"breadcrumb":{"@id":"https:\/\/kuzeyinsesi.org\/index.php\/2025\/10\/19\/nijeryada-boko-haramin-saldirisinda-7-asker-hayatini-kaybetti\/#breadcrumb"},"inLanguage":"tr","potentialAction":[{"@type":"ReadAction","target":["https:\/\/kuzeyinsesi.org\/index.php\/2025\/10\/19\/nijeryada-boko-haramin-saldirisinda-7-asker-hayatini-kaybetti\/"]}]},{"@type":"ImageObject","inLanguage":"tr","@id":"https:\/\/kuzeyinsesi.org\/index.php\/2025\/10\/19\/nijeryada-boko-haramin-saldirisinda-7-asker-hayatini-kaybetti\/#primaryimage","url":"https:\/\/kuzeyinsesi.org\/wp-content\/uploads\/2025\/09\/silahli-kisi-1476651.jpg","contentUrl":"https:\/\/kuzeyinsesi.org\/wp-content\/uploads\/2025\/09\/silahli-kisi-1476651.jpg","width":1280,"height":720},{"@type":"BreadcrumbList","@id":"https:\/\/kuzeyinsesi.org\/index.php\/2025\/10\/19\/nijeryada-boko-haramin-saldirisinda-7-asker-hayatini-kaybetti\/#breadcrumb","itemListElement":[{"@type":"ListItem","position":1,"name":"Anasayfa","item":"https:\/\/kuzeyinsesi.org\/"},{"@type":"ListItem","position":2,"name":"Nijerya&#039;da Boko Haram&#039;\u0131n sald\u0131r\u0131s\u0131nda 7 asker hayat\u0131n\u0131 kaybetti"}]},{"@type":"WebSite","@id":"https:\/\/kuzeyinsesi.org\/#website","url":"https:\/\/kuzeyinsesi.org\/","name":"Kuzeyin Sesi","description":"Do\u011fru Haberin Adresi","potentialAction":[{"@type":"SearchAction","target":{"@type":"EntryPoint","urlTemplate":"https:\/\/kuzeyinsesi.org\/?s={search_term_string}"},"query-input":{"@type":"PropertyValueSpecification","valueRequired":true,"valueName":"search_term_string"}}],"inLanguage":"tr"},{"@type":"Person","@id":"https:\/\/kuzeyinsesi.org\/#\/schema\/person\/9f859689cdf01485597712386e37f5aa","name":"Kuzeyin Sesi","image":{"@type":"ImageObject","inLanguage":"tr","@id":"https:\/\/secure.gravatar.com\/avatar\/bab33852abfd8b282518d6ed81826833d77c3c882d9ab608add591ccace47a44?s=96&d=mm&r=g","url":"https:\/\/secure.gravatar.com\/avatar\/bab33852abfd8b282518d6ed81826833d77c3c882d9ab608add591ccace47a44?s=96&d=mm&r=g","contentUrl":"https:\/\/secure.gravatar.com\/avatar\/bab33852abfd8b282518d6ed81826833d77c3c882d9ab608add591ccace47a44?s=96&d=mm&r=g","caption":"Kuzeyin Sesi"},"sameAs":["https:\/\/kuzeyinsesi.org"],"url":"https:\/\/kuzeyinsesi.org\/index.php\/author\/guven\/"}]}},"_links":{"self":[{"href":"https:\/\/kuzeyinsesi.org\/index.php\/wp-json\/wp\/v2\/posts\/33588","targetHints":{"allow":["GET"]}}],"collection":[{"href":"https:\/\/kuzeyinsesi.org\/index.php\/wp-json\/wp\/v2\/posts"}],"about":[{"href":"https:\/\/kuzeyinsesi.org\/index.php\/wp-json\/wp\/v2\/types\/post"}],"author":[{"embeddable":true,"href":"https:\/\/kuzeyinsesi.org\/index.php\/wp-json\/wp\/v2\/users\/1"}],"replies":[{"embeddable":true,"href":"https:\/\/kuzeyinsesi.org\/index.php\/wp-json\/wp\/v2\/comments?post=33588"}],"version-history":[{"count":0,"href":"https:\/\/kuzeyinsesi.org\/index.php\/wp-json\/wp\/v2\/posts\/33588\/revisions"}],"wp:featuredmedia":[{"embeddable":true,"href":"https:\/\/kuzeyinsesi.org\/index.php\/wp-json\/wp\/v2\/media\/31314"}],"wp:attachment":[{"href":"https:\/\/kuzeyinsesi.org\/index.php\/wp-json\/wp\/v2\/media?parent=33588"}],"wp:term":[{"taxonomy":"category","embeddable":true,"href":"https:\/\/kuzeyinsesi.org\/index.php\/wp-json\/wp\/v2\/categories?post=33588"},{"taxonomy":"post_tag","embeddable":true,"href":"https:\/\/kuzeyinsesi.org\/index.php\/wp-json\/wp\/v2\/tags?post=33588"}],"curies":[{"name":"wp","href":"https:\/\/api.w.org\/{rel}","templated":true}]}}