{"id":33486,"date":"2025-10-17T08:41:28","date_gmt":"2025-10-17T05:41:28","guid":{"rendered":"https:\/\/kuzeyinsesi.org\/index.php\/2025\/10\/17\/tatar-bu-mucadele-bu-topraklarda-onurumuzla-bayragimizla-devam-edecek\/"},"modified":"2025-10-17T08:41:42","modified_gmt":"2025-10-17T05:41:42","slug":"tatar-bu-mucadele-bu-topraklarda-onurumuzla-bayragimizla-devam-edecek","status":"publish","type":"post","link":"https:\/\/kuzeyinsesi.org\/index.php\/2025\/10\/17\/tatar-bu-mucadele-bu-topraklarda-onurumuzla-bayragimizla-devam-edecek\/","title":{"rendered":"Tatar: Bu m\u00fccadele, bu topraklarda onurumuzla, bayra\u011f\u0131m\u0131zla devam edecek"},"content":{"rendered":"<div data-templates-time=\"\">\n<p>Cumhurba\u015fkan\u0131 ve ba\u011f\u0131ms\u0131z Cumhurba\u015fkan\u0131 aday\u0131 Ersin Tatar, se\u00e7im \u00e7al\u0131\u015fmalar\u0131 kapsam\u0131nda G\u00f6nyeli\u2019de halkla bulu\u015ftu.<\/p>\n<p>G\u00f6nyeli Alayk\u00f6y Belediye Ba\u015fkan\u0131 H\u00fcseyin Amcao\u011flu, Ba\u015fbakan \u00dcnal \u00dcstel, baz\u0131 bakanlar ve milletvekillerinin de kat\u0131ld\u0131\u011f\u0131 g\u00f6rkemli gecede, Tatar co\u015fkulu kalabal\u0131\u011fa hitap etti\u2026<\/p>\n<p>-Cumhurba\u015fkan\u0131 Ersin Tatar\u00a0konu\u015fmas\u0131na, \u201c G\u00f6nyeli dedi\u011fimizde KKTC\u2019nin harc\u0131d\u0131r, m\u00fchr\u00fcd\u00fcr, namusudur, onurudur\u201d diyerek ba\u015flad\u0131.<\/p>\n<p>Tatar, Ulusal Birlik Partisi\u2019nin (UBP) tarih boyunca K\u0131br\u0131s T\u00fcrk halk\u0131n\u0131n hakl\u0131 davas\u0131n\u0131 savundu\u011funu belirterek \u015f\u00f6yle devam etti:<\/p>\n<p>\u201cBiz hep s\u00f6yl\u00fcyoruz; Ulusal Birlik Partisi y\u0131llarca iki devleti savunmu\u015ftur, Rum\u2019la ortakl\u0131\u011f\u0131 reddetmi\u015ftir. Rum\u2019la ortakl\u0131k K\u0131br\u0131s T\u00fcrk halk\u0131n\u0131 bir maceraya s\u00fcr\u00fckler. 1960 y\u0131l\u0131nda b\u00fcy\u00fcklerimizin ya\u015fad\u0131klar\u0131n\u0131 unutmad\u0131k. Ge\u00e7mi\u015fini bilmeyen milletler yok olmaya mahk\u00fbmdur.<br \/>\u0130\u015fte bizler bu siyasetin devam\u0131 olarak, atalar\u0131m\u0131zdan, \u015fehitlerimizden, onlar\u0131n vasiyetlerinden bize b\u0131rak\u0131lan emaneti gelece\u011fe ta\u015f\u0131yabilmek i\u00e7in devlet diyoruz, Cumhuriyet diyoruz, bayrak diyoruz, Anavatan diyoruz. T\u00fcrkiye Cumhuriyeti ile birlikte bu yolu y\u00fcr\u00fcmekten dolay\u0131 memnuniyetimizi her zaman a\u00e7\u0131k bir \u015fekilde hayk\u0131r\u0131yoruz.\u201d<\/p>\n<\/p>\n<p>\u201cKAR\u015eI TARAF KEND\u0130 KEND\u0130YLE \u00c7EL\u0130\u015e\u0130YOR, S\u0130YASET NAMUSTUR, D\u00dcR\u00dcSTL\u00dcKT\u00dcR!\u201d<\/p>\n<p>Cumhurba\u015fkan\u0131 Tatar, kar\u015f\u0131 taraf\u0131n aday\u0131n\u0131n tutars\u0131z s\u00f6ylemlerine dikkat \u00e7ekerek, Rum taraf\u0131yla ortakl\u0131k hayalleri kuranlar\u0131n kendi tabanlar\u0131n\u0131 dahi inand\u0131ramad\u0131\u011f\u0131n\u0131 vurgulad\u0131 ve<br \/>\u201cKar\u015f\u0131 taraftaki ki\u015fi h\u00e2l\u00e2 ne diyor? Rum taraf\u0131yla ortakl\u0131k diyor! Ortakl\u0131k olduktan sonra T\u00fcrk askerinin adadan \u00e7ekilmesini bile g\u00f6ze alanlar, \u015fimdi T\u00fcrkiye\u2019den gelen mesajlarla ne s\u00f6yleyeceklerini \u015fa\u015f\u0131rd\u0131lar.Bir yandan kendi taban\u0131na \u00f6yle diyor, bir taraftan bu tarafa g\u00f6z k\u0131rp\u0131yor. Birazdan o da iki devlet diyecek, birazdan T\u00fcrkiye garant\u00f6rd\u00fcr diyecek, birazdan asker burada kals\u0131n diyecek. Nas\u0131l oldu bu i\u015f? Sen kendi kendinle \u00e7eli\u015fiyorsun.\u201d dedi.<\/p>\n<p>Tatar konu\u015fmas\u0131n\u0131 \u015f\u00f6yle s\u00fcrd\u00fcrd\u00fc:<\/p>\n<p>\u201cSiyaset demek namus demektir, siyaset demek d\u00fcr\u00fcstl\u00fck demektir, siyaset demek sayg\u0131nl\u0131k demektir. Halk\u0131n sana g\u00fcvenmedi\u011fi bir ortamda siyaset yapamazs\u0131n. T\u00fcrkiye Cumhurba\u015fkan\u0131 Say\u0131n Erdo\u011fan \u00fclkemize geldi\u011finde meclise gitmediler, koltuklar\u0131n\u0131 bo\u015f b\u0131rakt\u0131lar. T\u00fcrkiye Cumhuriyeti\u2019nin Cumhurba\u015fkan\u0131 konu\u015fma yaparken bu \u00fclkenin ana muhalefetinin koltuklar\u0131 bombo\u015ftu!<br \/>Bu en b\u00fcy\u00fck ciddiyetsizliktir. Bunu biz unutmay\u0131z, unutturmay\u0131z. \u015eimdi \u00e7\u0131km\u0131\u015flar ciddiyetten bahsediyorlar. Bizim yerle\u015fkeler yap\u0131l\u0131rken telleri y\u0131kt\u0131lar, \u2018binalar yap\u0131lmas\u0131n\u2019 dediler. Binalar bitti, \u015fimdi bizimle beraber oraya yerle\u015fmeye \u00e7al\u0131\u015f\u0131yorlar. \u0130\u015fte bunlar\u0131n ciddiyeti bu kadar! Ciddiyetsizlik ancak bu kadar olur.\u201d<\/p>\n<p>\u201cB\u0130Z\u0130M YOLUMUZ ANAVATANLA BERABERL\u0130K YOLUDUR\u201d<\/p>\n<p>Tatar, iki devletli siyasetten geri ad\u0131m atmayacaklar\u0131n\u0131 vurgulayarak T\u00fcrkiye ile y\u00fcr\u00fct\u00fclen i\u015f birli\u011finin \u00f6nemine dikkat \u00e7ekti ve:<\/p>\n<p>\u201cBir yanl\u0131\u015f\u0131m\u0131z varsa bizi sorgulas\u0131nlar, bizim sorunumuz yok. Biz iki devlet dedik, T\u00fcrkiye ile bu yolu y\u00fcr\u00fcd\u00fck. T\u00fcrkiye B\u00fcy\u00fck Millet Meclisi iki devlet karar\u0131 alm\u0131\u015ft\u0131r, Milli G\u00fcvenlik Kurulu iki devlet karar\u0131 alm\u0131\u015ft\u0131r. Hal b\u00f6yleyken Cumhurba\u015fkan\u0131 her yerde \u2018federasyon defteri kapanm\u0131\u015ft\u0131r\u2019 derken, buradakiler h\u00e2l\u00e2 federasyondan bahsediyor.<\/p>\n<p>T\u00fcrkiye ile ters d\u00fc\u015fmek pahas\u0131na siyaset g\u00fctmektedirler. Bizim bunu kabul etmemiz m\u00fcmk\u00fcn de\u011fildir. Anavatan T\u00fcrkiye Cumhuriyeti ile bu eksen de\u011fi\u015fikli\u011finde yeni siyasetin tekrar onay\u0131 i\u00e7in, 19 Ekim\u2019de sand\u0131klardan zaferle \u00e7\u0131kaca\u011f\u0131z ve memlekete hizmetlerimizi s\u00fcrd\u00fcrece\u011fiz\u201d diye konu\u015ftu.<\/p>\n<p><!-- WP QUADS Content Ad Plugin v. 2.0.94.1 --><\/p>\n<div class=\"quads-location quads-ad46145 quads-desktop\" id=\"quads-ad46145\" style=\"float:none;text-align:center;padding:0px 0 0px 0;\" data-lazydelay=\"3000\">\n<p> <!-- WP QUADS - Quick AdSense Reloaded v.2.0.94.1 Content ImageBanner AD --> <\/p>\n<p>        &#13;<br \/>\n        <img decoding=\"async\" width=\"728\" height=\"90\" src=\"https:\/\/www.bimanset.com\/wp-content\/uploads\/2025\/08\/FENERCIOGLU-BANNER.gif\" alt=\"fenercioglu\" data-lazydelay=\"0\"\/> &#13;<\/p>\n<p> <!-- end WP QUADS --> <\/p>\n<\/div>\n<p>KAR\u015eI TARAFIN MEYDANLARINDA T\u00dcRK VE KKTC BAYRA\u011eI YOK!\u201d<\/p>\n<p>Tatar ayr\u0131ca,<\/p>\n<p>\u201cKar\u015f\u0131 taraftakilerin meydanlar\u0131nda ne T\u00fcrkiye Cumhuriyeti bayra\u011f\u0131 var, ne Kuzey K\u0131br\u0131s T\u00fcrk Cumhuriyeti bayra\u011f\u0131 var. \u00c7\u00fcnk\u00fc ak\u0131llar\u0131 kar\u0131\u015f\u0131k\u2026Kime hizmet ettiklerini bilmeden siyaset yapanlar bu \u00fclkede yok olmaya mahk\u00fbmdurlar. \u0130n\u015fallah bunlar\u0131 federasyon gibi 19 Ekim g\u00fcn\u00fc sand\u0131\u011fa g\u00f6mece\u011fiz.\u201difadelerini kulland\u0131.<\/p>\n<p>\u201cGELECE\u011e\u0130M\u0130Z\u0130N TEM\u0130NATI GEN\u00c7LER\u0130M\u0130ZE G\u00dcVEN\u0130YORUM\u201d<\/p>\n<p>Cumhurba\u015fkan\u0131 Tatar, konu\u015fmas\u0131nda gen\u00e7lere de seslendi ve \u015funlar\u0131 s\u00f6yledi:<\/p>\n<p>\u201cKuzey K\u0131br\u0131s T\u00fcrk Cumhuriyeti dedik, \u00fclkemizi tan\u0131tt\u0131k dedik. Bu topraklarda onurumuzla gelece\u011fi hep birlikte y\u00fcr\u00fcmenin mutlulu\u011fu i\u00e7erisindeyiz. Bizim beklentimiz daha g\u00fc\u00e7l\u00fc, daha onurlu bir gelecektir.<br \/>Ben bir kez daha siz gen\u00e7leri kutluyorum, sizlere olan g\u00fcvenimi ifade etmek istiyorum. Gelecek sizlerindir! B\u00fcy\u00fck \u00d6nder Mustafa Kemal Atat\u00fcrk\u2019\u00fcn dedi\u011fi gibi, gelecek gen\u00e7lerin elindedir.<\/p>\n<p>Gen\u00e7lerimiz, gelece\u011fimizin teminat\u0131d\u0131r. Biz bu meydanlarda, \u00e7ocuklar\u0131m\u0131zla, bayraklar\u0131m\u0131zla bu yolu y\u00fcr\u00fcyebilmenin gururu ve mutlulu\u011fu i\u00e7erisindeyiz\u201d<\/p>\n<p><img decoding=\"async\" class=\"alignnone size-full wp-image-48809\" src=\"https:\/\/www.bimanset.com\/wp-content\/uploads\/2025\/10\/565638834_1392407696218198_4738734916002948840_n.jpg\" alt=\"\" width=\"960\" height=\"640\" srcset=\"https:\/\/www.bimanset.com\/wp-content\/uploads\/2025\/10\/565638834_1392407696218198_4738734916002948840_n.jpg 960w, https:\/\/www.bimanset.com\/wp-content\/uploads\/2025\/10\/565638834_1392407696218198_4738734916002948840_n-640x427.jpg 640w, https:\/\/www.bimanset.com\/wp-content\/uploads\/2025\/10\/565638834_1392407696218198_4738734916002948840_n-320x213.jpg 320w\" sizes=\"(max-width: 960px) 100vw, 960px\"\/><\/p>\n<p>\u201cG\u00d6NYEL\u0130\u2019DEN ZAFER\u0130 \u0130LAN ED\u0130YORUZ!\u201d<\/p>\n<p>Tatar konu\u015fmas\u0131n\u0131 \u015fu s\u00f6zleri noktalad\u0131:<\/p>\n<p>\u201cBizler bu yolu y\u00fcr\u00fcyebilmenin gururu i\u00e7erisinde G\u00f6nyeli\u2019de zaferi bu ak\u015fam ilan ediyoruz.<br \/>Bu kadar co\u015fku, bu kadar sevgi demektir ki 19 Ekim ak\u015fam\u0131 sand\u0131klar a\u00e7\u0131ld\u0131\u011f\u0131nda hep birlikte \u2018zafer bizimdir\u2019 diyece\u011fiz.<\/p>\n<p>Halk\u0131m\u0131z Kuzey K\u0131br\u0131s T\u00fcrk Cumhuriyeti\u2019ne, egemenli\u011fe ve Anavatan\u2019la ili\u015fkilere sahip \u00e7\u0131kacak. Hep birlikte istikrarl\u0131 bir \u015fekilde y\u00fcr\u00fcyerek h\u00fck\u00fcmetimizin ve Ulusal Birlik Partisi\u2019nin g\u00fc\u00e7lenmesiyle, \u00f6n\u00fcm\u00fczdeki d\u00f6nemde yeni zaferlere imza ataca\u011f\u0131z.<\/p>\n<p>Hepinizi kutluyorum, te\u015fekk\u00fcr ediyorum. Gazam\u0131z m\u00fcbarek olsun!\u201d<\/p>\n<\/div>\n","protected":false},"excerpt":{"rendered":"<p>Cumhurba\u015fkan\u0131 ve ba\u011f\u0131ms\u0131z Cumhurba\u015fkan\u0131 aday\u0131 Ersin Tatar, se\u00e7im \u00e7al\u0131\u015fmalar\u0131 kapsam\u0131nda G\u00f6nyeli\u2019de halkla bulu\u015ftu. G\u00f6nyeli Alayk\u00f6y Belediye Ba\u015fkan\u0131 H\u00fcseyin Amcao\u011flu, Ba\u015fbakan \u00dcnal \u00dcstel, baz\u0131 bakanlar ve milletvekillerinin de kat\u0131ld\u0131\u011f\u0131 g\u00f6rkemli gecede, Tatar co\u015fkulu kalabal\u0131\u011fa hitap etti\u2026 -Cumhurba\u015fkan\u0131 Ersin Tatar\u00a0konu\u015fmas\u0131na, \u201c G\u00f6nyeli dedi\u011fimizde KKTC\u2019nin harc\u0131d\u0131r, m\u00fchr\u00fcd\u00fcr, namusudur, onurudur\u201d diyerek ba\u015flad\u0131. Tatar, Ulusal Birlik Partisi\u2019nin (UBP) tarih boyunca [&hellip;]<\/p>\n","protected":false},"author":1,"featured_media":33487,"comment_status":"open","ping_status":"open","sticky":false,"template":"","format":"standard","meta":{"jnews-multi-image_gallery":[],"jnews_single_post":[],"jnews_primary_category":[],"jnews_social_meta":[],"jnews_override_counter":[],"footnotes":""},"categories":[1],"tags":[],"class_list":["post-33486","post","type-post","status-publish","format-standard","has-post-thumbnail","hentry","category-kibris"],"yoast_head":"<!-- This site is optimized with the Yoast SEO plugin v27.5 - https:\/\/yoast.com\/product\/yoast-seo-wordpress\/ -->\n<title>Tatar: Bu m\u00fccadele, bu topraklarda onurumuzla, bayra\u011f\u0131m\u0131zla devam edecek - Kuzeyin Sesi<\/title>\n<meta name=\"robots\" content=\"index, follow, max-snippet:-1, max-image-preview:large, max-video-preview:-1\" \/>\n<link rel=\"canonical\" href=\"https:\/\/kuzeyinsesi.org\/index.php\/2025\/10\/17\/tatar-bu-mucadele-bu-topraklarda-onurumuzla-bayragimizla-devam-edecek\/\" \/>\n<meta property=\"og:locale\" content=\"tr_TR\" \/>\n<meta property=\"og:type\" content=\"article\" \/>\n<meta property=\"og:title\" content=\"Tatar: Bu m\u00fccadele, bu topraklarda onurumuzla, bayra\u011f\u0131m\u0131zla devam edecek - Kuzeyin Sesi\" \/>\n<meta property=\"og:description\" content=\"Cumhurba\u015fkan\u0131 ve ba\u011f\u0131ms\u0131z Cumhurba\u015fkan\u0131 aday\u0131 Ersin Tatar, se\u00e7im \u00e7al\u0131\u015fmalar\u0131 kapsam\u0131nda G\u00f6nyeli\u2019de halkla bulu\u015ftu. G\u00f6nyeli Alayk\u00f6y Belediye Ba\u015fkan\u0131 H\u00fcseyin Amcao\u011flu, Ba\u015fbakan \u00dcnal \u00dcstel, baz\u0131 bakanlar ve milletvekillerinin de kat\u0131ld\u0131\u011f\u0131 g\u00f6rkemli gecede, Tatar co\u015fkulu kalabal\u0131\u011fa hitap etti\u2026 -Cumhurba\u015fkan\u0131 Ersin Tatar\u00a0konu\u015fmas\u0131na, \u201c G\u00f6nyeli dedi\u011fimizde KKTC\u2019nin harc\u0131d\u0131r, m\u00fchr\u00fcd\u00fcr, namusudur, onurudur\u201d diyerek ba\u015flad\u0131. Tatar, Ulusal Birlik Partisi\u2019nin (UBP) tarih boyunca [&hellip;]\" \/>\n<meta property=\"og:url\" content=\"https:\/\/kuzeyinsesi.org\/index.php\/2025\/10\/17\/tatar-bu-mucadele-bu-topraklarda-onurumuzla-bayragimizla-devam-edecek\/\" \/>\n<meta property=\"og:site_name\" content=\"Kuzeyin Sesi\" \/>\n<meta property=\"article:publisher\" content=\"https:\/\/www.facebook.com\/kuzeyinsesii\" \/>\n<meta property=\"article:published_time\" content=\"2025-10-17T05:41:28+00:00\" \/>\n<meta property=\"article:modified_time\" content=\"2025-10-17T05:41:42+00:00\" \/>\n<meta property=\"og:image\" content=\"https:\/\/kuzeyinsesi.org\/wp-content\/uploads\/2025\/10\/560933714_1392407826218185_1061432077403644465_n.jpg\" \/>\n\t<meta property=\"og:image:width\" content=\"1600\" \/>\n\t<meta property=\"og:image:height\" content=\"1066\" \/>\n\t<meta property=\"og:image:type\" content=\"image\/jpeg\" \/>\n<meta name=\"author\" content=\"Kuzeyin Sesi\" \/>\n<meta name=\"twitter:card\" content=\"summary_large_image\" \/>\n<meta name=\"twitter:creator\" content=\"@kuzeyinsesii\" \/>\n<meta name=\"twitter:site\" content=\"@kuzeyinsesii\" \/>\n<meta name=\"twitter:label1\" content=\"Yazan:\" \/>\n\t<meta name=\"twitter:data1\" content=\"Kuzeyin Sesi\" \/>\n\t<meta name=\"twitter:label2\" content=\"Tahmini okuma s\u00fcresi\" \/>\n\t<meta name=\"twitter:data2\" content=\"5 dakika\" \/>\n<script type=\"application\/ld+json\" class=\"yoast-schema-graph\">{\"@context\":\"https:\\\/\\\/schema.org\",\"@graph\":[{\"@type\":\"Article\",\"@id\":\"https:\\\/\\\/kuzeyinsesi.org\\\/index.php\\\/2025\\\/10\\\/17\\\/tatar-bu-mucadele-bu-topraklarda-onurumuzla-bayragimizla-devam-edecek\\\/#article\",\"isPartOf\":{\"@id\":\"https:\\\/\\\/kuzeyinsesi.org\\\/index.php\\\/2025\\\/10\\\/17\\\/tatar-bu-mucadele-bu-topraklarda-onurumuzla-bayragimizla-devam-edecek\\\/\"},\"author\":{\"name\":\"Kuzeyin Sesi\",\"@id\":\"https:\\\/\\\/kuzeyinsesi.org\\\/#\\\/schema\\\/person\\\/9f859689cdf01485597712386e37f5aa\"},\"headline\":\"Tatar: Bu m\u00fccadele, bu topraklarda onurumuzla, bayra\u011f\u0131m\u0131zla devam edecek\",\"datePublished\":\"2025-10-17T05:41:28+00:00\",\"dateModified\":\"2025-10-17T05:41:42+00:00\",\"mainEntityOfPage\":{\"@id\":\"https:\\\/\\\/kuzeyinsesi.org\\\/index.php\\\/2025\\\/10\\\/17\\\/tatar-bu-mucadele-bu-topraklarda-onurumuzla-bayragimizla-devam-edecek\\\/\"},\"wordCount\":938,\"commentCount\":0,\"image\":{\"@id\":\"https:\\\/\\\/kuzeyinsesi.org\\\/index.php\\\/2025\\\/10\\\/17\\\/tatar-bu-mucadele-bu-topraklarda-onurumuzla-bayragimizla-devam-edecek\\\/#primaryimage\"},\"thumbnailUrl\":\"https:\\\/\\\/kuzeyinsesi.org\\\/wp-content\\\/uploads\\\/2025\\\/10\\\/560933714_1392407826218185_1061432077403644465_n.jpg\",\"articleSection\":[\"K\u0131br\u0131s\"],\"inLanguage\":\"tr\",\"potentialAction\":[{\"@type\":\"CommentAction\",\"name\":\"Comment\",\"target\":[\"https:\\\/\\\/kuzeyinsesi.org\\\/index.php\\\/2025\\\/10\\\/17\\\/tatar-bu-mucadele-bu-topraklarda-onurumuzla-bayragimizla-devam-edecek\\\/#respond\"]}]},{\"@type\":\"WebPage\",\"@id\":\"https:\\\/\\\/kuzeyinsesi.org\\\/index.php\\\/2025\\\/10\\\/17\\\/tatar-bu-mucadele-bu-topraklarda-onurumuzla-bayragimizla-devam-edecek\\\/\",\"url\":\"https:\\\/\\\/kuzeyinsesi.org\\\/index.php\\\/2025\\\/10\\\/17\\\/tatar-bu-mucadele-bu-topraklarda-onurumuzla-bayragimizla-devam-edecek\\\/\",\"name\":\"Tatar: Bu m\u00fccadele, bu topraklarda onurumuzla, bayra\u011f\u0131m\u0131zla devam edecek - Kuzeyin Sesi\",\"isPartOf\":{\"@id\":\"https:\\\/\\\/kuzeyinsesi.org\\\/#website\"},\"primaryImageOfPage\":{\"@id\":\"https:\\\/\\\/kuzeyinsesi.org\\\/index.php\\\/2025\\\/10\\\/17\\\/tatar-bu-mucadele-bu-topraklarda-onurumuzla-bayragimizla-devam-edecek\\\/#primaryimage\"},\"image\":{\"@id\":\"https:\\\/\\\/kuzeyinsesi.org\\\/index.php\\\/2025\\\/10\\\/17\\\/tatar-bu-mucadele-bu-topraklarda-onurumuzla-bayragimizla-devam-edecek\\\/#primaryimage\"},\"thumbnailUrl\":\"https:\\\/\\\/kuzeyinsesi.org\\\/wp-content\\\/uploads\\\/2025\\\/10\\\/560933714_1392407826218185_1061432077403644465_n.jpg\",\"datePublished\":\"2025-10-17T05:41:28+00:00\",\"dateModified\":\"2025-10-17T05:41:42+00:00\",\"author\":{\"@id\":\"https:\\\/\\\/kuzeyinsesi.org\\\/#\\\/schema\\\/person\\\/9f859689cdf01485597712386e37f5aa\"},\"breadcrumb\":{\"@id\":\"https:\\\/\\\/kuzeyinsesi.org\\\/index.php\\\/2025\\\/10\\\/17\\\/tatar-bu-mucadele-bu-topraklarda-onurumuzla-bayragimizla-devam-edecek\\\/#breadcrumb\"},\"inLanguage\":\"tr\",\"potentialAction\":[{\"@type\":\"ReadAction\",\"target\":[\"https:\\\/\\\/kuzeyinsesi.org\\\/index.php\\\/2025\\\/10\\\/17\\\/tatar-bu-mucadele-bu-topraklarda-onurumuzla-bayragimizla-devam-edecek\\\/\"]}]},{\"@type\":\"ImageObject\",\"inLanguage\":\"tr\",\"@id\":\"https:\\\/\\\/kuzeyinsesi.org\\\/index.php\\\/2025\\\/10\\\/17\\\/tatar-bu-mucadele-bu-topraklarda-onurumuzla-bayragimizla-devam-edecek\\\/#primaryimage\",\"url\":\"https:\\\/\\\/kuzeyinsesi.org\\\/wp-content\\\/uploads\\\/2025\\\/10\\\/560933714_1392407826218185_1061432077403644465_n.jpg\",\"contentUrl\":\"https:\\\/\\\/kuzeyinsesi.org\\\/wp-content\\\/uploads\\\/2025\\\/10\\\/560933714_1392407826218185_1061432077403644465_n.jpg\",\"width\":1600,\"height\":1066},{\"@type\":\"BreadcrumbList\",\"@id\":\"https:\\\/\\\/kuzeyinsesi.org\\\/index.php\\\/2025\\\/10\\\/17\\\/tatar-bu-mucadele-bu-topraklarda-onurumuzla-bayragimizla-devam-edecek\\\/#breadcrumb\",\"itemListElement\":[{\"@type\":\"ListItem\",\"position\":1,\"name\":\"Anasayfa\",\"item\":\"https:\\\/\\\/kuzeyinsesi.org\\\/\"},{\"@type\":\"ListItem\",\"position\":2,\"name\":\"Tatar: Bu m\u00fccadele, bu topraklarda onurumuzla, bayra\u011f\u0131m\u0131zla devam edecek\"}]},{\"@type\":\"WebSite\",\"@id\":\"https:\\\/\\\/kuzeyinsesi.org\\\/#website\",\"url\":\"https:\\\/\\\/kuzeyinsesi.org\\\/\",\"name\":\"Kuzeyin Sesi\",\"description\":\"Do\u011fru Haberin Adresi\",\"potentialAction\":[{\"@type\":\"SearchAction\",\"target\":{\"@type\":\"EntryPoint\",\"urlTemplate\":\"https:\\\/\\\/kuzeyinsesi.org\\\/?s={search_term_string}\"},\"query-input\":{\"@type\":\"PropertyValueSpecification\",\"valueRequired\":true,\"valueName\":\"search_term_string\"}}],\"inLanguage\":\"tr\"},{\"@type\":\"Person\",\"@id\":\"https:\\\/\\\/kuzeyinsesi.org\\\/#\\\/schema\\\/person\\\/9f859689cdf01485597712386e37f5aa\",\"name\":\"Kuzeyin Sesi\",\"image\":{\"@type\":\"ImageObject\",\"inLanguage\":\"tr\",\"@id\":\"https:\\\/\\\/secure.gravatar.com\\\/avatar\\\/bab33852abfd8b282518d6ed81826833d77c3c882d9ab608add591ccace47a44?s=96&d=mm&r=g\",\"url\":\"https:\\\/\\\/secure.gravatar.com\\\/avatar\\\/bab33852abfd8b282518d6ed81826833d77c3c882d9ab608add591ccace47a44?s=96&d=mm&r=g\",\"contentUrl\":\"https:\\\/\\\/secure.gravatar.com\\\/avatar\\\/bab33852abfd8b282518d6ed81826833d77c3c882d9ab608add591ccace47a44?s=96&d=mm&r=g\",\"caption\":\"Kuzeyin Sesi\"},\"sameAs\":[\"https:\\\/\\\/kuzeyinsesi.org\"],\"url\":\"https:\\\/\\\/kuzeyinsesi.org\\\/index.php\\\/author\\\/guven\\\/\"}]}<\/script>\n<!-- \/ Yoast SEO plugin. -->","yoast_head_json":{"title":"Tatar: Bu m\u00fccadele, bu topraklarda onurumuzla, bayra\u011f\u0131m\u0131zla devam edecek - Kuzeyin Sesi","robots":{"index":"index","follow":"follow","max-snippet":"max-snippet:-1","max-image-preview":"max-image-preview:large","max-video-preview":"max-video-preview:-1"},"canonical":"https:\/\/kuzeyinsesi.org\/index.php\/2025\/10\/17\/tatar-bu-mucadele-bu-topraklarda-onurumuzla-bayragimizla-devam-edecek\/","og_locale":"tr_TR","og_type":"article","og_title":"Tatar: Bu m\u00fccadele, bu topraklarda onurumuzla, bayra\u011f\u0131m\u0131zla devam edecek - Kuzeyin Sesi","og_description":"Cumhurba\u015fkan\u0131 ve ba\u011f\u0131ms\u0131z Cumhurba\u015fkan\u0131 aday\u0131 Ersin Tatar, se\u00e7im \u00e7al\u0131\u015fmalar\u0131 kapsam\u0131nda G\u00f6nyeli\u2019de halkla bulu\u015ftu. G\u00f6nyeli Alayk\u00f6y Belediye Ba\u015fkan\u0131 H\u00fcseyin Amcao\u011flu, Ba\u015fbakan \u00dcnal \u00dcstel, baz\u0131 bakanlar ve milletvekillerinin de kat\u0131ld\u0131\u011f\u0131 g\u00f6rkemli gecede, Tatar co\u015fkulu kalabal\u0131\u011fa hitap etti\u2026 -Cumhurba\u015fkan\u0131 Ersin Tatar\u00a0konu\u015fmas\u0131na, \u201c G\u00f6nyeli dedi\u011fimizde KKTC\u2019nin harc\u0131d\u0131r, m\u00fchr\u00fcd\u00fcr, namusudur, onurudur\u201d diyerek ba\u015flad\u0131. Tatar, Ulusal Birlik Partisi\u2019nin (UBP) tarih boyunca [&hellip;]","og_url":"https:\/\/kuzeyinsesi.org\/index.php\/2025\/10\/17\/tatar-bu-mucadele-bu-topraklarda-onurumuzla-bayragimizla-devam-edecek\/","og_site_name":"Kuzeyin Sesi","article_publisher":"https:\/\/www.facebook.com\/kuzeyinsesii","article_published_time":"2025-10-17T05:41:28+00:00","article_modified_time":"2025-10-17T05:41:42+00:00","og_image":[{"width":1600,"height":1066,"url":"https:\/\/kuzeyinsesi.org\/wp-content\/uploads\/2025\/10\/560933714_1392407826218185_1061432077403644465_n.jpg","type":"image\/jpeg"}],"author":"Kuzeyin Sesi","twitter_card":"summary_large_image","twitter_creator":"@kuzeyinsesii","twitter_site":"@kuzeyinsesii","twitter_misc":{"Yazan:":"Kuzeyin Sesi","Tahmini okuma s\u00fcresi":"5 dakika"},"schema":{"@context":"https:\/\/schema.org","@graph":[{"@type":"Article","@id":"https:\/\/kuzeyinsesi.org\/index.php\/2025\/10\/17\/tatar-bu-mucadele-bu-topraklarda-onurumuzla-bayragimizla-devam-edecek\/#article","isPartOf":{"@id":"https:\/\/kuzeyinsesi.org\/index.php\/2025\/10\/17\/tatar-bu-mucadele-bu-topraklarda-onurumuzla-bayragimizla-devam-edecek\/"},"author":{"name":"Kuzeyin Sesi","@id":"https:\/\/kuzeyinsesi.org\/#\/schema\/person\/9f859689cdf01485597712386e37f5aa"},"headline":"Tatar: Bu m\u00fccadele, bu topraklarda onurumuzla, bayra\u011f\u0131m\u0131zla devam edecek","datePublished":"2025-10-17T05:41:28+00:00","dateModified":"2025-10-17T05:41:42+00:00","mainEntityOfPage":{"@id":"https:\/\/kuzeyinsesi.org\/index.php\/2025\/10\/17\/tatar-bu-mucadele-bu-topraklarda-onurumuzla-bayragimizla-devam-edecek\/"},"wordCount":938,"commentCount":0,"image":{"@id":"https:\/\/kuzeyinsesi.org\/index.php\/2025\/10\/17\/tatar-bu-mucadele-bu-topraklarda-onurumuzla-bayragimizla-devam-edecek\/#primaryimage"},"thumbnailUrl":"https:\/\/kuzeyinsesi.org\/wp-content\/uploads\/2025\/10\/560933714_1392407826218185_1061432077403644465_n.jpg","articleSection":["K\u0131br\u0131s"],"inLanguage":"tr","potentialAction":[{"@type":"CommentAction","name":"Comment","target":["https:\/\/kuzeyinsesi.org\/index.php\/2025\/10\/17\/tatar-bu-mucadele-bu-topraklarda-onurumuzla-bayragimizla-devam-edecek\/#respond"]}]},{"@type":"WebPage","@id":"https:\/\/kuzeyinsesi.org\/index.php\/2025\/10\/17\/tatar-bu-mucadele-bu-topraklarda-onurumuzla-bayragimizla-devam-edecek\/","url":"https:\/\/kuzeyinsesi.org\/index.php\/2025\/10\/17\/tatar-bu-mucadele-bu-topraklarda-onurumuzla-bayragimizla-devam-edecek\/","name":"Tatar: Bu m\u00fccadele, bu topraklarda onurumuzla, bayra\u011f\u0131m\u0131zla devam edecek - Kuzeyin Sesi","isPartOf":{"@id":"https:\/\/kuzeyinsesi.org\/#website"},"primaryImageOfPage":{"@id":"https:\/\/kuzeyinsesi.org\/index.php\/2025\/10\/17\/tatar-bu-mucadele-bu-topraklarda-onurumuzla-bayragimizla-devam-edecek\/#primaryimage"},"image":{"@id":"https:\/\/kuzeyinsesi.org\/index.php\/2025\/10\/17\/tatar-bu-mucadele-bu-topraklarda-onurumuzla-bayragimizla-devam-edecek\/#primaryimage"},"thumbnailUrl":"https:\/\/kuzeyinsesi.org\/wp-content\/uploads\/2025\/10\/560933714_1392407826218185_1061432077403644465_n.jpg","datePublished":"2025-10-17T05:41:28+00:00","dateModified":"2025-10-17T05:41:42+00:00","author":{"@id":"https:\/\/kuzeyinsesi.org\/#\/schema\/person\/9f859689cdf01485597712386e37f5aa"},"breadcrumb":{"@id":"https:\/\/kuzeyinsesi.org\/index.php\/2025\/10\/17\/tatar-bu-mucadele-bu-topraklarda-onurumuzla-bayragimizla-devam-edecek\/#breadcrumb"},"inLanguage":"tr","potentialAction":[{"@type":"ReadAction","target":["https:\/\/kuzeyinsesi.org\/index.php\/2025\/10\/17\/tatar-bu-mucadele-bu-topraklarda-onurumuzla-bayragimizla-devam-edecek\/"]}]},{"@type":"ImageObject","inLanguage":"tr","@id":"https:\/\/kuzeyinsesi.org\/index.php\/2025\/10\/17\/tatar-bu-mucadele-bu-topraklarda-onurumuzla-bayragimizla-devam-edecek\/#primaryimage","url":"https:\/\/kuzeyinsesi.org\/wp-content\/uploads\/2025\/10\/560933714_1392407826218185_1061432077403644465_n.jpg","contentUrl":"https:\/\/kuzeyinsesi.org\/wp-content\/uploads\/2025\/10\/560933714_1392407826218185_1061432077403644465_n.jpg","width":1600,"height":1066},{"@type":"BreadcrumbList","@id":"https:\/\/kuzeyinsesi.org\/index.php\/2025\/10\/17\/tatar-bu-mucadele-bu-topraklarda-onurumuzla-bayragimizla-devam-edecek\/#breadcrumb","itemListElement":[{"@type":"ListItem","position":1,"name":"Anasayfa","item":"https:\/\/kuzeyinsesi.org\/"},{"@type":"ListItem","position":2,"name":"Tatar: Bu m\u00fccadele, bu topraklarda onurumuzla, bayra\u011f\u0131m\u0131zla devam edecek"}]},{"@type":"WebSite","@id":"https:\/\/kuzeyinsesi.org\/#website","url":"https:\/\/kuzeyinsesi.org\/","name":"Kuzeyin Sesi","description":"Do\u011fru Haberin Adresi","potentialAction":[{"@type":"SearchAction","target":{"@type":"EntryPoint","urlTemplate":"https:\/\/kuzeyinsesi.org\/?s={search_term_string}"},"query-input":{"@type":"PropertyValueSpecification","valueRequired":true,"valueName":"search_term_string"}}],"inLanguage":"tr"},{"@type":"Person","@id":"https:\/\/kuzeyinsesi.org\/#\/schema\/person\/9f859689cdf01485597712386e37f5aa","name":"Kuzeyin Sesi","image":{"@type":"ImageObject","inLanguage":"tr","@id":"https:\/\/secure.gravatar.com\/avatar\/bab33852abfd8b282518d6ed81826833d77c3c882d9ab608add591ccace47a44?s=96&d=mm&r=g","url":"https:\/\/secure.gravatar.com\/avatar\/bab33852abfd8b282518d6ed81826833d77c3c882d9ab608add591ccace47a44?s=96&d=mm&r=g","contentUrl":"https:\/\/secure.gravatar.com\/avatar\/bab33852abfd8b282518d6ed81826833d77c3c882d9ab608add591ccace47a44?s=96&d=mm&r=g","caption":"Kuzeyin Sesi"},"sameAs":["https:\/\/kuzeyinsesi.org"],"url":"https:\/\/kuzeyinsesi.org\/index.php\/author\/guven\/"}]}},"_links":{"self":[{"href":"https:\/\/kuzeyinsesi.org\/index.php\/wp-json\/wp\/v2\/posts\/33486","targetHints":{"allow":["GET"]}}],"collection":[{"href":"https:\/\/kuzeyinsesi.org\/index.php\/wp-json\/wp\/v2\/posts"}],"about":[{"href":"https:\/\/kuzeyinsesi.org\/index.php\/wp-json\/wp\/v2\/types\/post"}],"author":[{"embeddable":true,"href":"https:\/\/kuzeyinsesi.org\/index.php\/wp-json\/wp\/v2\/users\/1"}],"replies":[{"embeddable":true,"href":"https:\/\/kuzeyinsesi.org\/index.php\/wp-json\/wp\/v2\/comments?post=33486"}],"version-history":[{"count":1,"href":"https:\/\/kuzeyinsesi.org\/index.php\/wp-json\/wp\/v2\/posts\/33486\/revisions"}],"predecessor-version":[{"id":33488,"href":"https:\/\/kuzeyinsesi.org\/index.php\/wp-json\/wp\/v2\/posts\/33486\/revisions\/33488"}],"wp:featuredmedia":[{"embeddable":true,"href":"https:\/\/kuzeyinsesi.org\/index.php\/wp-json\/wp\/v2\/media\/33487"}],"wp:attachment":[{"href":"https:\/\/kuzeyinsesi.org\/index.php\/wp-json\/wp\/v2\/media?parent=33486"}],"wp:term":[{"taxonomy":"category","embeddable":true,"href":"https:\/\/kuzeyinsesi.org\/index.php\/wp-json\/wp\/v2\/categories?post=33486"},{"taxonomy":"post_tag","embeddable":true,"href":"https:\/\/kuzeyinsesi.org\/index.php\/wp-json\/wp\/v2\/tags?post=33486"}],"curies":[{"name":"wp","href":"https:\/\/api.w.org\/{rel}","templated":true}]}}