{"id":33451,"date":"2025-10-16T17:46:53","date_gmt":"2025-10-16T14:46:53","guid":{"rendered":"https:\/\/kuzeyinsesi.org\/index.php\/2025\/10\/16\/israil-mahkemesi-kemal-advan-hastanesi-muduru-ebu-safiyyenin-tutukluluk-suresini-6-ay-daha-uzatti\/"},"modified":"2025-10-16T17:46:53","modified_gmt":"2025-10-16T14:46:53","slug":"israil-mahkemesi-kemal-advan-hastanesi-muduru-ebu-safiyyenin-tutukluluk-suresini-6-ay-daha-uzatti","status":"publish","type":"post","link":"https:\/\/kuzeyinsesi.org\/index.php\/2025\/10\/16\/israil-mahkemesi-kemal-advan-hastanesi-muduru-ebu-safiyyenin-tutukluluk-suresini-6-ay-daha-uzatti\/","title":{"rendered":"\u0130srail mahkemesi, Kemal Advan Hastanesi M\u00fcd\u00fcr\u00fc Ebu Safiyye&#039;nin tutukluluk s\u00fcresini 6 ay daha uzatt\u0131"},"content":{"rendered":"<p><\/p>\n<div>\n<p>&#13;<br \/>\n\tFilistinli doktorun ailesi, Gazze&#8217;deki direni\u015fin sembollerinden biri olan ve 27 Aral\u0131k 2024&#8217;ten bu yana \u0130srail&#8217;in al\u0131koydu\u011fu Ebu Safiyye&#8217;nin durumu hakk\u0131nda a\u00e7\u0131klama yapt\u0131.<\/p>\n<p>&#13;<br \/>\n\tAileden yap\u0131lan yaz\u0131l\u0131 a\u00e7\u0131klamada, <a href=\"https:\/\/www.trthaber.com\/etiket\/israil\/\" target=\"_blank\">\u0130srail<\/a> ile <a href=\"https:\/\/www.trthaber.com\/etiket\/hamas\/\" target=\"_blank\">Hamas<\/a> aras\u0131nda var\u0131lan ate\u015fkes anla\u015fmas\u0131nda serbest b\u0131rak\u0131lacak isimler aras\u0131nda Ebu Safiyye&#8217;nin de isminin ge\u00e7ti\u011fi hat\u0131rlat\u0131ld\u0131.<\/p>\n<p>&#13;<br \/>\n\tAncak \u0130srail mahkemesinin Filistinli doktorun idari tutukluk s\u00fcresini 6 ay daha uzatt\u0131\u011f\u0131 belirtildi.<\/p>\n<p>&#13;<br \/>\n\tEbu Safiyye&#8217;nin \u0130srail hapishanesinde tutulmaya devam etmesinden duyulan endi\u015feye yer verilen a\u00e7\u0131klamada, m\u00fczakereci taraflar ve uluslararas\u0131 insan haklar\u0131 \u00f6rg\u00fctlerine Filistinli doktorun serbest b\u0131rak\u0131lmas\u0131 i\u00e7in \u00e7aba g\u00f6stermeleri \u00e7a\u011fr\u0131s\u0131 yap\u0131ld\u0131.<\/p>\n<h2>&#13;<br \/>\n\tGazze&#8217;deki direni\u015fin sembol\u00fc haline gelmi\u015fti<\/h2>\n<p>&#13;<br \/>\n\t\u0130srail askerleri 27 Aral\u0131k 2024&#8217;te Kemal Advan Hastanesi&#8217;ni basarak Ebu Safiye\u2019nin de aralar\u0131nda bulundu\u011fu \u00e7ok say\u0131da ki\u015fiyi al\u0131koymu\u015ftu.<\/p>\n<blockquote class=\"twitter-tweet\"><p>&#13;<\/p>\n<p dir=\"ltr\" lang=\"tr\">&#13;<br \/>\n\t\tBeyaz \u00f6nl\u00fc\u011f\u00fcyle \u0130srail tanklar\u0131na y\u00fcr\u00fcd\u00fc&#8230;<\/p>\n<p>Kemal Advan Hastanesi M\u00fcd\u00fcr\u00fc H\u00fcsam Ebu Safiyye, Gazze\u2019nin cesaretini d\u00fcnyaya g\u00f6sterdi. Safiyye, i\u015fgalciler taraf\u0131ndan al\u0131konuldu. <a href=\"https:\/\/t.co\/0LNa4oSvZ5\">pic.twitter.com\/0LNa4oSvZ5<\/a><\/p>\n<p>&#13;<br \/>\n\t\u2014 <a href=\"https:\/\/www.trthaber.com\/etiket\/trt\/\" target=\"_blank\">TRT<\/a> HABER (@trthaber) <a href=\"https:\/\/twitter.com\/trthaber\/status\/1873273036482494838?ref_src=twsrc%5Etfw\">December 29, 2024<\/a><\/p><\/blockquote>\n<p>&#13;<br \/>\n\tDoktor Ebu Safiyye&#8217;nin 27 Aral\u0131k&#8217;ta a\u011f\u0131r y\u0131k\u0131m\u0131n oldu\u011fu bir sokakta \u00fczerinde beyaz \u00f6nl\u00fc\u011f\u00fcyle \u0130srail tanklar\u0131na do\u011fru tek ba\u015f\u0131na y\u00fcr\u00fcd\u00fc\u011f\u00fc anlar ise sembol haline gelmi\u015fti.<\/p>\n<p>&#13;<br \/>\n\tBu, Ebu Safiyye&#8217;nin \u0130srail askerlerince al\u0131konularak bilinmeyen bir yere g\u00f6t\u00fcr\u00fclmesinden \u00f6nceki son karelerinden biriydi.<\/p>\n<p>&#13;<br \/>\n\tKemal Advan Hastanesi M\u00fcd\u00fcr\u00fc&#8217;n\u00fcn \u0130srail tanklar\u0131na do\u011fru tek ba\u015f\u0131na y\u00fcr\u00fcd\u00fc\u011f\u00fc kare sosyal medyada binlerce kez payla\u015f\u0131lm\u0131\u015ft\u0131.<\/p>\n<p>&#13;<br \/>\n\t\u0130srail ordusu, bir s\u00fcre kendisinden haber al\u0131namayan Ebu Safiyye&#8217;yi al\u0131koydu\u011funu do\u011frulam\u0131\u015ft\u0131. Hamas ile var\u0131lan ate\u015fkes anla\u015fmas\u0131nda serbest b\u0131rak\u0131lacak isimler aras\u0131nda Ebu Safiyye&#8217;nin da ad\u0131 ge\u00e7mi\u015f ancak \u0130srail bas\u0131n\u0131 Filistinli doktorun b\u0131rak\u0131lmayaca\u011f\u0131n\u0131 bildirmi\u015fti.<\/p>\n<p>&#13;<br \/>\n\tFilistinli doktor, 27 Aral\u0131k&#8217;tan bu yana \u0130srail&#8217;de bir hapishanede tutuluyor.<\/p>\n<\/p><\/div>\n<p><script async src=\"\/\/platform.twitter.com\/widgets.js\" charset=\"utf-8\"><\/script><\/p>\n","protected":false},"excerpt":{"rendered":"<p>&#13; Filistinli doktorun ailesi, Gazze&#8217;deki direni\u015fin sembollerinden biri olan ve 27 Aral\u0131k 2024&#8217;ten bu yana \u0130srail&#8217;in al\u0131koydu\u011fu Ebu Safiyye&#8217;nin durumu hakk\u0131nda a\u00e7\u0131klama yapt\u0131. &#13; Aileden yap\u0131lan yaz\u0131l\u0131 a\u00e7\u0131klamada, \u0130srail ile Hamas aras\u0131nda var\u0131lan ate\u015fkes anla\u015fmas\u0131nda serbest b\u0131rak\u0131lacak isimler aras\u0131nda Ebu Safiyye&#8217;nin de isminin ge\u00e7ti\u011fi hat\u0131rlat\u0131ld\u0131. &#13; Ancak \u0130srail mahkemesinin Filistinli doktorun idari tutukluk s\u00fcresini 6 [&hellip;]<\/p>\n","protected":false},"author":1,"featured_media":33275,"comment_status":"open","ping_status":"open","sticky":false,"template":"","format":"standard","meta":{"jnews-multi-image_gallery":[],"jnews_single_post":[],"jnews_primary_category":[],"jnews_social_meta":[],"jnews_override_counter":[],"footnotes":""},"categories":[2],"tags":[],"class_list":["post-33451","post","type-post","status-publish","format-standard","has-post-thumbnail","hentry","category-dunya"],"yoast_head":"<!-- This site is optimized with the Yoast SEO plugin v27.5 - https:\/\/yoast.com\/product\/yoast-seo-wordpress\/ -->\n<title>\u0130srail mahkemesi, Kemal Advan Hastanesi M\u00fcd\u00fcr\u00fc Ebu Safiyye&#039;nin tutukluluk s\u00fcresini 6 ay daha uzatt\u0131 - Kuzeyin Sesi<\/title>\n<meta name=\"robots\" content=\"index, follow, max-snippet:-1, max-image-preview:large, max-video-preview:-1\" \/>\n<link rel=\"canonical\" href=\"https:\/\/kuzeyinsesi.org\/index.php\/2025\/10\/16\/israil-mahkemesi-kemal-advan-hastanesi-muduru-ebu-safiyyenin-tutukluluk-suresini-6-ay-daha-uzatti\/\" \/>\n<meta property=\"og:locale\" content=\"tr_TR\" \/>\n<meta property=\"og:type\" content=\"article\" \/>\n<meta property=\"og:title\" content=\"\u0130srail mahkemesi, Kemal Advan Hastanesi M\u00fcd\u00fcr\u00fc Ebu Safiyye&#039;nin tutukluluk s\u00fcresini 6 ay daha uzatt\u0131 - Kuzeyin Sesi\" \/>\n<meta property=\"og:description\" content=\"&#013; Filistinli doktorun ailesi, Gazze&#8217;deki direni\u015fin sembollerinden biri olan ve 27 Aral\u0131k 2024&#8217;ten bu yana \u0130srail&#8217;in al\u0131koydu\u011fu Ebu Safiyye&#8217;nin durumu hakk\u0131nda a\u00e7\u0131klama yapt\u0131. &#013; Aileden yap\u0131lan yaz\u0131l\u0131 a\u00e7\u0131klamada, \u0130srail ile Hamas aras\u0131nda var\u0131lan ate\u015fkes anla\u015fmas\u0131nda serbest b\u0131rak\u0131lacak isimler aras\u0131nda Ebu Safiyye&#8217;nin de isminin ge\u00e7ti\u011fi hat\u0131rlat\u0131ld\u0131. &#013; Ancak \u0130srail mahkemesinin Filistinli doktorun idari tutukluk s\u00fcresini 6 [&hellip;]\" \/>\n<meta property=\"og:url\" content=\"https:\/\/kuzeyinsesi.org\/index.php\/2025\/10\/16\/israil-mahkemesi-kemal-advan-hastanesi-muduru-ebu-safiyyenin-tutukluluk-suresini-6-ay-daha-uzatti\/\" \/>\n<meta property=\"og:site_name\" content=\"Kuzeyin Sesi\" \/>\n<meta property=\"article:publisher\" content=\"https:\/\/www.facebook.com\/kuzeyinsesii\" \/>\n<meta property=\"article:published_time\" content=\"2025-10-16T14:46:53+00:00\" \/>\n<meta property=\"og:image\" content=\"https:\/\/trthaberstatic.cdn.wp.trt.com.tr\/resimler\/2314000\/ebu-safiyye-trthbr-2314537.jpg\" \/>\n<meta name=\"author\" content=\"Kuzeyin Sesi\" \/>\n<meta name=\"twitter:card\" content=\"summary_large_image\" \/>\n<meta name=\"twitter:creator\" content=\"@kuzeyinsesii\" \/>\n<meta name=\"twitter:site\" content=\"@kuzeyinsesii\" \/>\n<meta name=\"twitter:label1\" content=\"Yazan:\" \/>\n\t<meta name=\"twitter:data1\" content=\"Kuzeyin Sesi\" \/>\n\t<meta name=\"twitter:label2\" content=\"Tahmini okuma s\u00fcresi\" \/>\n\t<meta name=\"twitter:data2\" content=\"2 dakika\" \/>\n<script type=\"application\/ld+json\" class=\"yoast-schema-graph\">{\"@context\":\"https:\\\/\\\/schema.org\",\"@graph\":[{\"@type\":\"Article\",\"@id\":\"https:\\\/\\\/kuzeyinsesi.org\\\/index.php\\\/2025\\\/10\\\/16\\\/israil-mahkemesi-kemal-advan-hastanesi-muduru-ebu-safiyyenin-tutukluluk-suresini-6-ay-daha-uzatti\\\/#article\",\"isPartOf\":{\"@id\":\"https:\\\/\\\/kuzeyinsesi.org\\\/index.php\\\/2025\\\/10\\\/16\\\/israil-mahkemesi-kemal-advan-hastanesi-muduru-ebu-safiyyenin-tutukluluk-suresini-6-ay-daha-uzatti\\\/\"},\"author\":{\"name\":\"Kuzeyin Sesi\",\"@id\":\"https:\\\/\\\/kuzeyinsesi.org\\\/#\\\/schema\\\/person\\\/9f859689cdf01485597712386e37f5aa\"},\"headline\":\"\u0130srail mahkemesi, Kemal Advan Hastanesi M\u00fcd\u00fcr\u00fc Ebu Safiyye&#039;nin tutukluluk s\u00fcresini 6 ay daha uzatt\u0131\",\"datePublished\":\"2025-10-16T14:46:53+00:00\",\"mainEntityOfPage\":{\"@id\":\"https:\\\/\\\/kuzeyinsesi.org\\\/index.php\\\/2025\\\/10\\\/16\\\/israil-mahkemesi-kemal-advan-hastanesi-muduru-ebu-safiyyenin-tutukluluk-suresini-6-ay-daha-uzatti\\\/\"},\"wordCount\":362,\"commentCount\":0,\"image\":{\"@id\":\"https:\\\/\\\/kuzeyinsesi.org\\\/index.php\\\/2025\\\/10\\\/16\\\/israil-mahkemesi-kemal-advan-hastanesi-muduru-ebu-safiyyenin-tutukluluk-suresini-6-ay-daha-uzatti\\\/#primaryimage\"},\"thumbnailUrl\":\"https:\\\/\\\/kuzeyinsesi.org\\\/wp-content\\\/uploads\\\/2025\\\/10\\\/ebu-safiyye-trthbr-2314537.jpg\",\"articleSection\":[\"D\u00fcnya\"],\"inLanguage\":\"tr\",\"potentialAction\":[{\"@type\":\"CommentAction\",\"name\":\"Comment\",\"target\":[\"https:\\\/\\\/kuzeyinsesi.org\\\/index.php\\\/2025\\\/10\\\/16\\\/israil-mahkemesi-kemal-advan-hastanesi-muduru-ebu-safiyyenin-tutukluluk-suresini-6-ay-daha-uzatti\\\/#respond\"]}]},{\"@type\":\"WebPage\",\"@id\":\"https:\\\/\\\/kuzeyinsesi.org\\\/index.php\\\/2025\\\/10\\\/16\\\/israil-mahkemesi-kemal-advan-hastanesi-muduru-ebu-safiyyenin-tutukluluk-suresini-6-ay-daha-uzatti\\\/\",\"url\":\"https:\\\/\\\/kuzeyinsesi.org\\\/index.php\\\/2025\\\/10\\\/16\\\/israil-mahkemesi-kemal-advan-hastanesi-muduru-ebu-safiyyenin-tutukluluk-suresini-6-ay-daha-uzatti\\\/\",\"name\":\"\u0130srail mahkemesi, Kemal Advan Hastanesi M\u00fcd\u00fcr\u00fc Ebu Safiyye&#039;nin tutukluluk s\u00fcresini 6 ay daha uzatt\u0131 - Kuzeyin Sesi\",\"isPartOf\":{\"@id\":\"https:\\\/\\\/kuzeyinsesi.org\\\/#website\"},\"primaryImageOfPage\":{\"@id\":\"https:\\\/\\\/kuzeyinsesi.org\\\/index.php\\\/2025\\\/10\\\/16\\\/israil-mahkemesi-kemal-advan-hastanesi-muduru-ebu-safiyyenin-tutukluluk-suresini-6-ay-daha-uzatti\\\/#primaryimage\"},\"image\":{\"@id\":\"https:\\\/\\\/kuzeyinsesi.org\\\/index.php\\\/2025\\\/10\\\/16\\\/israil-mahkemesi-kemal-advan-hastanesi-muduru-ebu-safiyyenin-tutukluluk-suresini-6-ay-daha-uzatti\\\/#primaryimage\"},\"thumbnailUrl\":\"https:\\\/\\\/kuzeyinsesi.org\\\/wp-content\\\/uploads\\\/2025\\\/10\\\/ebu-safiyye-trthbr-2314537.jpg\",\"datePublished\":\"2025-10-16T14:46:53+00:00\",\"author\":{\"@id\":\"https:\\\/\\\/kuzeyinsesi.org\\\/#\\\/schema\\\/person\\\/9f859689cdf01485597712386e37f5aa\"},\"breadcrumb\":{\"@id\":\"https:\\\/\\\/kuzeyinsesi.org\\\/index.php\\\/2025\\\/10\\\/16\\\/israil-mahkemesi-kemal-advan-hastanesi-muduru-ebu-safiyyenin-tutukluluk-suresini-6-ay-daha-uzatti\\\/#breadcrumb\"},\"inLanguage\":\"tr\",\"potentialAction\":[{\"@type\":\"ReadAction\",\"target\":[\"https:\\\/\\\/kuzeyinsesi.org\\\/index.php\\\/2025\\\/10\\\/16\\\/israil-mahkemesi-kemal-advan-hastanesi-muduru-ebu-safiyyenin-tutukluluk-suresini-6-ay-daha-uzatti\\\/\"]}]},{\"@type\":\"ImageObject\",\"inLanguage\":\"tr\",\"@id\":\"https:\\\/\\\/kuzeyinsesi.org\\\/index.php\\\/2025\\\/10\\\/16\\\/israil-mahkemesi-kemal-advan-hastanesi-muduru-ebu-safiyyenin-tutukluluk-suresini-6-ay-daha-uzatti\\\/#primaryimage\",\"url\":\"https:\\\/\\\/kuzeyinsesi.org\\\/wp-content\\\/uploads\\\/2025\\\/10\\\/ebu-safiyye-trthbr-2314537.jpg\",\"contentUrl\":\"https:\\\/\\\/kuzeyinsesi.org\\\/wp-content\\\/uploads\\\/2025\\\/10\\\/ebu-safiyye-trthbr-2314537.jpg\",\"width\":1280,\"height\":720},{\"@type\":\"BreadcrumbList\",\"@id\":\"https:\\\/\\\/kuzeyinsesi.org\\\/index.php\\\/2025\\\/10\\\/16\\\/israil-mahkemesi-kemal-advan-hastanesi-muduru-ebu-safiyyenin-tutukluluk-suresini-6-ay-daha-uzatti\\\/#breadcrumb\",\"itemListElement\":[{\"@type\":\"ListItem\",\"position\":1,\"name\":\"Anasayfa\",\"item\":\"https:\\\/\\\/kuzeyinsesi.org\\\/\"},{\"@type\":\"ListItem\",\"position\":2,\"name\":\"\u0130srail mahkemesi, Kemal Advan Hastanesi M\u00fcd\u00fcr\u00fc Ebu Safiyye&#039;nin tutukluluk s\u00fcresini 6 ay daha uzatt\u0131\"}]},{\"@type\":\"WebSite\",\"@id\":\"https:\\\/\\\/kuzeyinsesi.org\\\/#website\",\"url\":\"https:\\\/\\\/kuzeyinsesi.org\\\/\",\"name\":\"Kuzeyin Sesi\",\"description\":\"Do\u011fru Haberin Adresi\",\"potentialAction\":[{\"@type\":\"SearchAction\",\"target\":{\"@type\":\"EntryPoint\",\"urlTemplate\":\"https:\\\/\\\/kuzeyinsesi.org\\\/?s={search_term_string}\"},\"query-input\":{\"@type\":\"PropertyValueSpecification\",\"valueRequired\":true,\"valueName\":\"search_term_string\"}}],\"inLanguage\":\"tr\"},{\"@type\":\"Person\",\"@id\":\"https:\\\/\\\/kuzeyinsesi.org\\\/#\\\/schema\\\/person\\\/9f859689cdf01485597712386e37f5aa\",\"name\":\"Kuzeyin Sesi\",\"image\":{\"@type\":\"ImageObject\",\"inLanguage\":\"tr\",\"@id\":\"https:\\\/\\\/secure.gravatar.com\\\/avatar\\\/bab33852abfd8b282518d6ed81826833d77c3c882d9ab608add591ccace47a44?s=96&d=mm&r=g\",\"url\":\"https:\\\/\\\/secure.gravatar.com\\\/avatar\\\/bab33852abfd8b282518d6ed81826833d77c3c882d9ab608add591ccace47a44?s=96&d=mm&r=g\",\"contentUrl\":\"https:\\\/\\\/secure.gravatar.com\\\/avatar\\\/bab33852abfd8b282518d6ed81826833d77c3c882d9ab608add591ccace47a44?s=96&d=mm&r=g\",\"caption\":\"Kuzeyin Sesi\"},\"sameAs\":[\"https:\\\/\\\/kuzeyinsesi.org\"],\"url\":\"https:\\\/\\\/kuzeyinsesi.org\\\/index.php\\\/author\\\/guven\\\/\"}]}<\/script>\n<!-- \/ Yoast SEO plugin. -->","yoast_head_json":{"title":"\u0130srail mahkemesi, Kemal Advan Hastanesi M\u00fcd\u00fcr\u00fc Ebu Safiyye&#039;nin tutukluluk s\u00fcresini 6 ay daha uzatt\u0131 - Kuzeyin Sesi","robots":{"index":"index","follow":"follow","max-snippet":"max-snippet:-1","max-image-preview":"max-image-preview:large","max-video-preview":"max-video-preview:-1"},"canonical":"https:\/\/kuzeyinsesi.org\/index.php\/2025\/10\/16\/israil-mahkemesi-kemal-advan-hastanesi-muduru-ebu-safiyyenin-tutukluluk-suresini-6-ay-daha-uzatti\/","og_locale":"tr_TR","og_type":"article","og_title":"\u0130srail mahkemesi, Kemal Advan Hastanesi M\u00fcd\u00fcr\u00fc Ebu Safiyye&#039;nin tutukluluk s\u00fcresini 6 ay daha uzatt\u0131 - Kuzeyin Sesi","og_description":"&#13; Filistinli doktorun ailesi, Gazze&#8217;deki direni\u015fin sembollerinden biri olan ve 27 Aral\u0131k 2024&#8217;ten bu yana \u0130srail&#8217;in al\u0131koydu\u011fu Ebu Safiyye&#8217;nin durumu hakk\u0131nda a\u00e7\u0131klama yapt\u0131. &#13; Aileden yap\u0131lan yaz\u0131l\u0131 a\u00e7\u0131klamada, \u0130srail ile Hamas aras\u0131nda var\u0131lan ate\u015fkes anla\u015fmas\u0131nda serbest b\u0131rak\u0131lacak isimler aras\u0131nda Ebu Safiyye&#8217;nin de isminin ge\u00e7ti\u011fi hat\u0131rlat\u0131ld\u0131. &#13; Ancak \u0130srail mahkemesinin Filistinli doktorun idari tutukluk s\u00fcresini 6 [&hellip;]","og_url":"https:\/\/kuzeyinsesi.org\/index.php\/2025\/10\/16\/israil-mahkemesi-kemal-advan-hastanesi-muduru-ebu-safiyyenin-tutukluluk-suresini-6-ay-daha-uzatti\/","og_site_name":"Kuzeyin Sesi","article_publisher":"https:\/\/www.facebook.com\/kuzeyinsesii","article_published_time":"2025-10-16T14:46:53+00:00","og_image":[{"url":"https:\/\/trthaberstatic.cdn.wp.trt.com.tr\/resimler\/2314000\/ebu-safiyye-trthbr-2314537.jpg","type":"","width":"","height":""}],"author":"Kuzeyin Sesi","twitter_card":"summary_large_image","twitter_creator":"@kuzeyinsesii","twitter_site":"@kuzeyinsesii","twitter_misc":{"Yazan:":"Kuzeyin Sesi","Tahmini okuma s\u00fcresi":"2 dakika"},"schema":{"@context":"https:\/\/schema.org","@graph":[{"@type":"Article","@id":"https:\/\/kuzeyinsesi.org\/index.php\/2025\/10\/16\/israil-mahkemesi-kemal-advan-hastanesi-muduru-ebu-safiyyenin-tutukluluk-suresini-6-ay-daha-uzatti\/#article","isPartOf":{"@id":"https:\/\/kuzeyinsesi.org\/index.php\/2025\/10\/16\/israil-mahkemesi-kemal-advan-hastanesi-muduru-ebu-safiyyenin-tutukluluk-suresini-6-ay-daha-uzatti\/"},"author":{"name":"Kuzeyin Sesi","@id":"https:\/\/kuzeyinsesi.org\/#\/schema\/person\/9f859689cdf01485597712386e37f5aa"},"headline":"\u0130srail mahkemesi, Kemal Advan Hastanesi M\u00fcd\u00fcr\u00fc Ebu Safiyye&#039;nin tutukluluk s\u00fcresini 6 ay daha uzatt\u0131","datePublished":"2025-10-16T14:46:53+00:00","mainEntityOfPage":{"@id":"https:\/\/kuzeyinsesi.org\/index.php\/2025\/10\/16\/israil-mahkemesi-kemal-advan-hastanesi-muduru-ebu-safiyyenin-tutukluluk-suresini-6-ay-daha-uzatti\/"},"wordCount":362,"commentCount":0,"image":{"@id":"https:\/\/kuzeyinsesi.org\/index.php\/2025\/10\/16\/israil-mahkemesi-kemal-advan-hastanesi-muduru-ebu-safiyyenin-tutukluluk-suresini-6-ay-daha-uzatti\/#primaryimage"},"thumbnailUrl":"https:\/\/kuzeyinsesi.org\/wp-content\/uploads\/2025\/10\/ebu-safiyye-trthbr-2314537.jpg","articleSection":["D\u00fcnya"],"inLanguage":"tr","potentialAction":[{"@type":"CommentAction","name":"Comment","target":["https:\/\/kuzeyinsesi.org\/index.php\/2025\/10\/16\/israil-mahkemesi-kemal-advan-hastanesi-muduru-ebu-safiyyenin-tutukluluk-suresini-6-ay-daha-uzatti\/#respond"]}]},{"@type":"WebPage","@id":"https:\/\/kuzeyinsesi.org\/index.php\/2025\/10\/16\/israil-mahkemesi-kemal-advan-hastanesi-muduru-ebu-safiyyenin-tutukluluk-suresini-6-ay-daha-uzatti\/","url":"https:\/\/kuzeyinsesi.org\/index.php\/2025\/10\/16\/israil-mahkemesi-kemal-advan-hastanesi-muduru-ebu-safiyyenin-tutukluluk-suresini-6-ay-daha-uzatti\/","name":"\u0130srail mahkemesi, Kemal Advan Hastanesi M\u00fcd\u00fcr\u00fc Ebu Safiyye&#039;nin tutukluluk s\u00fcresini 6 ay daha uzatt\u0131 - Kuzeyin Sesi","isPartOf":{"@id":"https:\/\/kuzeyinsesi.org\/#website"},"primaryImageOfPage":{"@id":"https:\/\/kuzeyinsesi.org\/index.php\/2025\/10\/16\/israil-mahkemesi-kemal-advan-hastanesi-muduru-ebu-safiyyenin-tutukluluk-suresini-6-ay-daha-uzatti\/#primaryimage"},"image":{"@id":"https:\/\/kuzeyinsesi.org\/index.php\/2025\/10\/16\/israil-mahkemesi-kemal-advan-hastanesi-muduru-ebu-safiyyenin-tutukluluk-suresini-6-ay-daha-uzatti\/#primaryimage"},"thumbnailUrl":"https:\/\/kuzeyinsesi.org\/wp-content\/uploads\/2025\/10\/ebu-safiyye-trthbr-2314537.jpg","datePublished":"2025-10-16T14:46:53+00:00","author":{"@id":"https:\/\/kuzeyinsesi.org\/#\/schema\/person\/9f859689cdf01485597712386e37f5aa"},"breadcrumb":{"@id":"https:\/\/kuzeyinsesi.org\/index.php\/2025\/10\/16\/israil-mahkemesi-kemal-advan-hastanesi-muduru-ebu-safiyyenin-tutukluluk-suresini-6-ay-daha-uzatti\/#breadcrumb"},"inLanguage":"tr","potentialAction":[{"@type":"ReadAction","target":["https:\/\/kuzeyinsesi.org\/index.php\/2025\/10\/16\/israil-mahkemesi-kemal-advan-hastanesi-muduru-ebu-safiyyenin-tutukluluk-suresini-6-ay-daha-uzatti\/"]}]},{"@type":"ImageObject","inLanguage":"tr","@id":"https:\/\/kuzeyinsesi.org\/index.php\/2025\/10\/16\/israil-mahkemesi-kemal-advan-hastanesi-muduru-ebu-safiyyenin-tutukluluk-suresini-6-ay-daha-uzatti\/#primaryimage","url":"https:\/\/kuzeyinsesi.org\/wp-content\/uploads\/2025\/10\/ebu-safiyye-trthbr-2314537.jpg","contentUrl":"https:\/\/kuzeyinsesi.org\/wp-content\/uploads\/2025\/10\/ebu-safiyye-trthbr-2314537.jpg","width":1280,"height":720},{"@type":"BreadcrumbList","@id":"https:\/\/kuzeyinsesi.org\/index.php\/2025\/10\/16\/israil-mahkemesi-kemal-advan-hastanesi-muduru-ebu-safiyyenin-tutukluluk-suresini-6-ay-daha-uzatti\/#breadcrumb","itemListElement":[{"@type":"ListItem","position":1,"name":"Anasayfa","item":"https:\/\/kuzeyinsesi.org\/"},{"@type":"ListItem","position":2,"name":"\u0130srail mahkemesi, Kemal Advan Hastanesi M\u00fcd\u00fcr\u00fc Ebu Safiyye&#039;nin tutukluluk s\u00fcresini 6 ay daha uzatt\u0131"}]},{"@type":"WebSite","@id":"https:\/\/kuzeyinsesi.org\/#website","url":"https:\/\/kuzeyinsesi.org\/","name":"Kuzeyin Sesi","description":"Do\u011fru Haberin Adresi","potentialAction":[{"@type":"SearchAction","target":{"@type":"EntryPoint","urlTemplate":"https:\/\/kuzeyinsesi.org\/?s={search_term_string}"},"query-input":{"@type":"PropertyValueSpecification","valueRequired":true,"valueName":"search_term_string"}}],"inLanguage":"tr"},{"@type":"Person","@id":"https:\/\/kuzeyinsesi.org\/#\/schema\/person\/9f859689cdf01485597712386e37f5aa","name":"Kuzeyin Sesi","image":{"@type":"ImageObject","inLanguage":"tr","@id":"https:\/\/secure.gravatar.com\/avatar\/bab33852abfd8b282518d6ed81826833d77c3c882d9ab608add591ccace47a44?s=96&d=mm&r=g","url":"https:\/\/secure.gravatar.com\/avatar\/bab33852abfd8b282518d6ed81826833d77c3c882d9ab608add591ccace47a44?s=96&d=mm&r=g","contentUrl":"https:\/\/secure.gravatar.com\/avatar\/bab33852abfd8b282518d6ed81826833d77c3c882d9ab608add591ccace47a44?s=96&d=mm&r=g","caption":"Kuzeyin Sesi"},"sameAs":["https:\/\/kuzeyinsesi.org"],"url":"https:\/\/kuzeyinsesi.org\/index.php\/author\/guven\/"}]}},"_links":{"self":[{"href":"https:\/\/kuzeyinsesi.org\/index.php\/wp-json\/wp\/v2\/posts\/33451","targetHints":{"allow":["GET"]}}],"collection":[{"href":"https:\/\/kuzeyinsesi.org\/index.php\/wp-json\/wp\/v2\/posts"}],"about":[{"href":"https:\/\/kuzeyinsesi.org\/index.php\/wp-json\/wp\/v2\/types\/post"}],"author":[{"embeddable":true,"href":"https:\/\/kuzeyinsesi.org\/index.php\/wp-json\/wp\/v2\/users\/1"}],"replies":[{"embeddable":true,"href":"https:\/\/kuzeyinsesi.org\/index.php\/wp-json\/wp\/v2\/comments?post=33451"}],"version-history":[{"count":0,"href":"https:\/\/kuzeyinsesi.org\/index.php\/wp-json\/wp\/v2\/posts\/33451\/revisions"}],"wp:featuredmedia":[{"embeddable":true,"href":"https:\/\/kuzeyinsesi.org\/index.php\/wp-json\/wp\/v2\/media\/33275"}],"wp:attachment":[{"href":"https:\/\/kuzeyinsesi.org\/index.php\/wp-json\/wp\/v2\/media?parent=33451"}],"wp:term":[{"taxonomy":"category","embeddable":true,"href":"https:\/\/kuzeyinsesi.org\/index.php\/wp-json\/wp\/v2\/categories?post=33451"},{"taxonomy":"post_tag","embeddable":true,"href":"https:\/\/kuzeyinsesi.org\/index.php\/wp-json\/wp\/v2\/tags?post=33451"}],"curies":[{"name":"wp","href":"https:\/\/api.w.org\/{rel}","templated":true}]}}