{"id":3345,"date":"2024-05-24T22:49:55","date_gmt":"2024-05-24T19:49:55","guid":{"rendered":"https:\/\/kuzeyinsesi.com\/index.php\/2024\/05\/24\/gazimagusa-belediyesi-turk-halk-muzigi-korosu-turkulerle-bahar-konseri-verdi\/"},"modified":"2024-05-24T22:49:55","modified_gmt":"2024-05-24T19:49:55","slug":"gazimagusa-belediyesi-turk-halk-muzigi-korosu-turkulerle-bahar-konseri-verdi","status":"publish","type":"post","link":"https:\/\/kuzeyinsesi.org\/index.php\/2024\/05\/24\/gazimagusa-belediyesi-turk-halk-muzigi-korosu-turkulerle-bahar-konseri-verdi\/","title":{"rendered":"Gazima\u011fusa Belediyesi T\u00fcrk Halk M\u00fczi\u011fi Korosu \u201cT\u00fcrk\u00fclerle Bahar\u201d konseri verdi"},"content":{"rendered":"<div>\n<div class=\"mariselle-image-container center\">\n                                            <\/div>\n<p>\nGazima\u011fusa Belediyesi T\u00fcrk Halk M\u00fczi\u011fi Korosu, \u201cT\u00fcrk\u00fclerle Bahar\u201d konseri verdi.<\/p>\n<p>Belediyeden yap\u0131lan a\u00e7\u0131klamaya g\u00f6re, \u201cT\u00fcrk\u00fclerle Bahar\u201d Konseri, d\u00fcn ak\u015fam Rauf Raif Denkta\u015f K\u00fclt\u00fcr ve Kongre Merkezi\u2019nde yer ald\u0131.<\/p>\n<div class=\"mariselle-image-container center\">\n                <img decoding=\"async\" width=\"2000\" height=\"1333\" class=\"lazy-image\" alt=\"\" sizes=\"(max-width: 2000px) 100vw, 2000px\" src=\"https:\/\/brtk.net\/wp-content\/uploads\/2024\/05\/24\/turkulerle-bahar-konseri4.jpg?ver=10f6d7852de7c3f5a6ddcb38102293fb\" srcset=\"https:\/\/brtk.net\/wp-content\/uploads\/2024\/05\/24\/turkulerle-bahar-konseri4.jpg?ver=10f6d7852de7c3f5a6ddcb38102293fb 2000w, https:\/\/brtk.net\/wp-content\/uploads\/2024\/05\/24\/turkulerle-bahar-konseri4-300x200.jpg?ver=5bb9e7885dc647ffe8cbf13ab109b2f9 300w, https:\/\/brtk.net\/wp-content\/uploads\/2024\/05\/24\/turkulerle-bahar-konseri4-1024x682.jpg?ver=5bb9e7885dc647ffe8cbf13ab109b2f9 1024w, https:\/\/brtk.net\/wp-content\/uploads\/2024\/05\/24\/turkulerle-bahar-konseri4-768x512.jpg?ver=5bb9e7885dc647ffe8cbf13ab109b2f9 768w, https:\/\/brtk.net\/wp-content\/uploads\/2024\/05\/24\/turkulerle-bahar-konseri4-1536x1024.jpg?ver=095ac4b2a376ff9d82e4cd46bd428b9b 1536w\"\/>                            <\/div>\n<p>Konserde \u015eef Do\u011fan Balyemez y\u00f6netimindeki 52 ki\u015filik T\u00fcrk Halk M\u00fczi\u011fi korosu 26 eserlik repertuvar\u0131n\u0131 seslendirdi. Koroda, TRT Sanat\u00e7\u0131s\u0131 ba\u011flama virt\u00fc\u00f6z\u00fc Naci Dize, kaval virt\u00fc\u00f6z\u00fc Murat Toraman, kanun virt\u00fc\u00f6z\u00fc Bora Dicle ve darbuka virt\u00fc\u00f6z\u00fc Cemal Kablan de yer ald\u0131. <\/p>\n<p>Konserde a\u00e7\u0131l\u0131\u015f konu\u015fmas\u0131 yapan Gazima\u011fusa Belediye Ba\u015fkan\u0131 S\u00fcleyman Ulu\u00e7ay, Ma\u011fusal\u0131\u2019n\u0131n sanata ve sanat\u00e7\u0131ya her zaman de\u011fer verdi\u011fini ifade ederek, yo\u011fun kat\u0131l\u0131m\u0131n mutluluk verici oldu\u011funu s\u00f6yledi. Ulu\u00e7ay, Gazima\u011fusa Belediyesi T\u00fcrk Halk M\u00fczi\u011fi Korosu sanat\u00e7\u0131lar\u0131na te\u015fekk\u00fcr ederken, kat\u0131l\u0131mc\u0131lara keyifli seyirler diledi.<\/p>\n<\/p><\/div>\n<p><script async\n                    defer\n                    crossorigin=\"anonymous\"\n                    src=\"https:\/\/connect.facebook.net\/tr_TR\/sdk.js#xfbml=1&#038;version=v3.3\"\n            ><\/script><\/p>\n","protected":false},"excerpt":{"rendered":"<p>Gazima\u011fusa Belediyesi T\u00fcrk Halk M\u00fczi\u011fi Korosu, \u201cT\u00fcrk\u00fclerle Bahar\u201d konseri verdi. Belediyeden yap\u0131lan a\u00e7\u0131klamaya g\u00f6re, \u201cT\u00fcrk\u00fclerle Bahar\u201d Konseri, d\u00fcn ak\u015fam Rauf Raif Denkta\u015f K\u00fclt\u00fcr ve Kongre Merkezi\u2019nde yer ald\u0131. Konserde \u015eef Do\u011fan Balyemez y\u00f6netimindeki 52 ki\u015filik T\u00fcrk Halk M\u00fczi\u011fi korosu 26 eserlik repertuvar\u0131n\u0131 seslendirdi. Koroda, TRT Sanat\u00e7\u0131s\u0131 ba\u011flama virt\u00fc\u00f6z\u00fc Naci Dize, kaval virt\u00fc\u00f6z\u00fc Murat Toraman, kanun [&hellip;]<\/p>\n","protected":false},"author":1,"featured_media":3346,"comment_status":"open","ping_status":"open","sticky":false,"template":"","format":"standard","meta":{"jnews-multi-image_gallery":[],"jnews_single_post":[],"jnews_primary_category":[],"jnews_social_meta":[],"jnews_override_counter":[],"footnotes":""},"categories":[6],"tags":[],"class_list":["post-3345","post","type-post","status-publish","format-standard","has-post-thumbnail","hentry","category-yasam"],"yoast_head":"<!-- This site is optimized with the Yoast SEO plugin v27.5 - https:\/\/yoast.com\/product\/yoast-seo-wordpress\/ -->\n<title>Gazima\u011fusa Belediyesi T\u00fcrk Halk M\u00fczi\u011fi Korosu \u201cT\u00fcrk\u00fclerle Bahar\u201d konseri verdi - Kuzeyin Sesi<\/title>\n<meta name=\"robots\" content=\"index, follow, max-snippet:-1, max-image-preview:large, max-video-preview:-1\" \/>\n<link rel=\"canonical\" href=\"https:\/\/kuzeyinsesi.org\/index.php\/2024\/05\/24\/gazimagusa-belediyesi-turk-halk-muzigi-korosu-turkulerle-bahar-konseri-verdi\/\" \/>\n<meta property=\"og:locale\" content=\"tr_TR\" \/>\n<meta property=\"og:type\" content=\"article\" \/>\n<meta property=\"og:title\" content=\"Gazima\u011fusa Belediyesi T\u00fcrk Halk M\u00fczi\u011fi Korosu \u201cT\u00fcrk\u00fclerle Bahar\u201d konseri verdi - Kuzeyin Sesi\" \/>\n<meta property=\"og:description\" content=\"Gazima\u011fusa Belediyesi T\u00fcrk Halk M\u00fczi\u011fi Korosu, \u201cT\u00fcrk\u00fclerle Bahar\u201d konseri verdi. Belediyeden yap\u0131lan a\u00e7\u0131klamaya g\u00f6re, \u201cT\u00fcrk\u00fclerle Bahar\u201d Konseri, d\u00fcn ak\u015fam Rauf Raif Denkta\u015f K\u00fclt\u00fcr ve Kongre Merkezi\u2019nde yer ald\u0131. Konserde \u015eef Do\u011fan Balyemez y\u00f6netimindeki 52 ki\u015filik T\u00fcrk Halk M\u00fczi\u011fi korosu 26 eserlik repertuvar\u0131n\u0131 seslendirdi. Koroda, TRT Sanat\u00e7\u0131s\u0131 ba\u011flama virt\u00fc\u00f6z\u00fc Naci Dize, kaval virt\u00fc\u00f6z\u00fc Murat Toraman, kanun [&hellip;]\" \/>\n<meta property=\"og:url\" content=\"https:\/\/kuzeyinsesi.org\/index.php\/2024\/05\/24\/gazimagusa-belediyesi-turk-halk-muzigi-korosu-turkulerle-bahar-konseri-verdi\/\" \/>\n<meta property=\"og:site_name\" content=\"Kuzeyin Sesi\" \/>\n<meta property=\"article:publisher\" content=\"https:\/\/www.facebook.com\/kuzeyinsesii\" \/>\n<meta property=\"article:published_time\" content=\"2024-05-24T19:49:55+00:00\" \/>\n<meta property=\"og:image\" content=\"https:\/\/kuzeyinsesi.org\/wp-content\/uploads\/2024\/05\/turkulerle-bahar-konseri2.jpg\" \/>\n\t<meta property=\"og:image:width\" content=\"2000\" \/>\n\t<meta property=\"og:image:height\" content=\"1333\" \/>\n\t<meta property=\"og:image:type\" content=\"image\/jpeg\" \/>\n<meta name=\"author\" content=\"Kuzeyin Sesi\" \/>\n<meta name=\"twitter:card\" content=\"summary_large_image\" \/>\n<meta name=\"twitter:creator\" content=\"@kuzeyinsesii\" \/>\n<meta name=\"twitter:site\" content=\"@kuzeyinsesii\" \/>\n<meta name=\"twitter:label1\" content=\"Yazan:\" \/>\n\t<meta name=\"twitter:data1\" content=\"Kuzeyin Sesi\" \/>\n\t<meta name=\"twitter:label2\" content=\"Tahmini okuma s\u00fcresi\" \/>\n\t<meta name=\"twitter:data2\" content=\"1 dakika\" \/>\n<script type=\"application\/ld+json\" class=\"yoast-schema-graph\">{\"@context\":\"https:\\\/\\\/schema.org\",\"@graph\":[{\"@type\":\"Article\",\"@id\":\"https:\\\/\\\/kuzeyinsesi.org\\\/index.php\\\/2024\\\/05\\\/24\\\/gazimagusa-belediyesi-turk-halk-muzigi-korosu-turkulerle-bahar-konseri-verdi\\\/#article\",\"isPartOf\":{\"@id\":\"https:\\\/\\\/kuzeyinsesi.org\\\/index.php\\\/2024\\\/05\\\/24\\\/gazimagusa-belediyesi-turk-halk-muzigi-korosu-turkulerle-bahar-konseri-verdi\\\/\"},\"author\":{\"name\":\"Kuzeyin Sesi\",\"@id\":\"https:\\\/\\\/kuzeyinsesi.org\\\/#\\\/schema\\\/person\\\/9f859689cdf01485597712386e37f5aa\"},\"headline\":\"Gazima\u011fusa Belediyesi T\u00fcrk Halk M\u00fczi\u011fi Korosu \u201cT\u00fcrk\u00fclerle Bahar\u201d konseri verdi\",\"datePublished\":\"2024-05-24T19:49:55+00:00\",\"mainEntityOfPage\":{\"@id\":\"https:\\\/\\\/kuzeyinsesi.org\\\/index.php\\\/2024\\\/05\\\/24\\\/gazimagusa-belediyesi-turk-halk-muzigi-korosu-turkulerle-bahar-konseri-verdi\\\/\"},\"wordCount\":178,\"commentCount\":0,\"image\":{\"@id\":\"https:\\\/\\\/kuzeyinsesi.org\\\/index.php\\\/2024\\\/05\\\/24\\\/gazimagusa-belediyesi-turk-halk-muzigi-korosu-turkulerle-bahar-konseri-verdi\\\/#primaryimage\"},\"thumbnailUrl\":\"https:\\\/\\\/kuzeyinsesi.org\\\/wp-content\\\/uploads\\\/2024\\\/05\\\/turkulerle-bahar-konseri2.jpg\",\"articleSection\":[\"Ya\u015fam\"],\"inLanguage\":\"tr\",\"potentialAction\":[{\"@type\":\"CommentAction\",\"name\":\"Comment\",\"target\":[\"https:\\\/\\\/kuzeyinsesi.org\\\/index.php\\\/2024\\\/05\\\/24\\\/gazimagusa-belediyesi-turk-halk-muzigi-korosu-turkulerle-bahar-konseri-verdi\\\/#respond\"]}]},{\"@type\":\"WebPage\",\"@id\":\"https:\\\/\\\/kuzeyinsesi.org\\\/index.php\\\/2024\\\/05\\\/24\\\/gazimagusa-belediyesi-turk-halk-muzigi-korosu-turkulerle-bahar-konseri-verdi\\\/\",\"url\":\"https:\\\/\\\/kuzeyinsesi.org\\\/index.php\\\/2024\\\/05\\\/24\\\/gazimagusa-belediyesi-turk-halk-muzigi-korosu-turkulerle-bahar-konseri-verdi\\\/\",\"name\":\"Gazima\u011fusa Belediyesi T\u00fcrk Halk M\u00fczi\u011fi Korosu \u201cT\u00fcrk\u00fclerle Bahar\u201d konseri verdi - Kuzeyin Sesi\",\"isPartOf\":{\"@id\":\"https:\\\/\\\/kuzeyinsesi.org\\\/#website\"},\"primaryImageOfPage\":{\"@id\":\"https:\\\/\\\/kuzeyinsesi.org\\\/index.php\\\/2024\\\/05\\\/24\\\/gazimagusa-belediyesi-turk-halk-muzigi-korosu-turkulerle-bahar-konseri-verdi\\\/#primaryimage\"},\"image\":{\"@id\":\"https:\\\/\\\/kuzeyinsesi.org\\\/index.php\\\/2024\\\/05\\\/24\\\/gazimagusa-belediyesi-turk-halk-muzigi-korosu-turkulerle-bahar-konseri-verdi\\\/#primaryimage\"},\"thumbnailUrl\":\"https:\\\/\\\/kuzeyinsesi.org\\\/wp-content\\\/uploads\\\/2024\\\/05\\\/turkulerle-bahar-konseri2.jpg\",\"datePublished\":\"2024-05-24T19:49:55+00:00\",\"author\":{\"@id\":\"https:\\\/\\\/kuzeyinsesi.org\\\/#\\\/schema\\\/person\\\/9f859689cdf01485597712386e37f5aa\"},\"breadcrumb\":{\"@id\":\"https:\\\/\\\/kuzeyinsesi.org\\\/index.php\\\/2024\\\/05\\\/24\\\/gazimagusa-belediyesi-turk-halk-muzigi-korosu-turkulerle-bahar-konseri-verdi\\\/#breadcrumb\"},\"inLanguage\":\"tr\",\"potentialAction\":[{\"@type\":\"ReadAction\",\"target\":[\"https:\\\/\\\/kuzeyinsesi.org\\\/index.php\\\/2024\\\/05\\\/24\\\/gazimagusa-belediyesi-turk-halk-muzigi-korosu-turkulerle-bahar-konseri-verdi\\\/\"]}]},{\"@type\":\"ImageObject\",\"inLanguage\":\"tr\",\"@id\":\"https:\\\/\\\/kuzeyinsesi.org\\\/index.php\\\/2024\\\/05\\\/24\\\/gazimagusa-belediyesi-turk-halk-muzigi-korosu-turkulerle-bahar-konseri-verdi\\\/#primaryimage\",\"url\":\"https:\\\/\\\/kuzeyinsesi.org\\\/wp-content\\\/uploads\\\/2024\\\/05\\\/turkulerle-bahar-konseri2.jpg\",\"contentUrl\":\"https:\\\/\\\/kuzeyinsesi.org\\\/wp-content\\\/uploads\\\/2024\\\/05\\\/turkulerle-bahar-konseri2.jpg\",\"width\":2000,\"height\":1333},{\"@type\":\"BreadcrumbList\",\"@id\":\"https:\\\/\\\/kuzeyinsesi.org\\\/index.php\\\/2024\\\/05\\\/24\\\/gazimagusa-belediyesi-turk-halk-muzigi-korosu-turkulerle-bahar-konseri-verdi\\\/#breadcrumb\",\"itemListElement\":[{\"@type\":\"ListItem\",\"position\":1,\"name\":\"Anasayfa\",\"item\":\"https:\\\/\\\/kuzeyinsesi.org\\\/\"},{\"@type\":\"ListItem\",\"position\":2,\"name\":\"Gazima\u011fusa Belediyesi T\u00fcrk Halk M\u00fczi\u011fi Korosu \u201cT\u00fcrk\u00fclerle Bahar\u201d konseri verdi\"}]},{\"@type\":\"WebSite\",\"@id\":\"https:\\\/\\\/kuzeyinsesi.org\\\/#website\",\"url\":\"https:\\\/\\\/kuzeyinsesi.org\\\/\",\"name\":\"Kuzeyin Sesi\",\"description\":\"Do\u011fru Haberin Adresi\",\"potentialAction\":[{\"@type\":\"SearchAction\",\"target\":{\"@type\":\"EntryPoint\",\"urlTemplate\":\"https:\\\/\\\/kuzeyinsesi.org\\\/?s={search_term_string}\"},\"query-input\":{\"@type\":\"PropertyValueSpecification\",\"valueRequired\":true,\"valueName\":\"search_term_string\"}}],\"inLanguage\":\"tr\"},{\"@type\":\"Person\",\"@id\":\"https:\\\/\\\/kuzeyinsesi.org\\\/#\\\/schema\\\/person\\\/9f859689cdf01485597712386e37f5aa\",\"name\":\"Kuzeyin Sesi\",\"image\":{\"@type\":\"ImageObject\",\"inLanguage\":\"tr\",\"@id\":\"https:\\\/\\\/secure.gravatar.com\\\/avatar\\\/bab33852abfd8b282518d6ed81826833d77c3c882d9ab608add591ccace47a44?s=96&d=mm&r=g\",\"url\":\"https:\\\/\\\/secure.gravatar.com\\\/avatar\\\/bab33852abfd8b282518d6ed81826833d77c3c882d9ab608add591ccace47a44?s=96&d=mm&r=g\",\"contentUrl\":\"https:\\\/\\\/secure.gravatar.com\\\/avatar\\\/bab33852abfd8b282518d6ed81826833d77c3c882d9ab608add591ccace47a44?s=96&d=mm&r=g\",\"caption\":\"Kuzeyin Sesi\"},\"sameAs\":[\"https:\\\/\\\/kuzeyinsesi.org\"],\"url\":\"https:\\\/\\\/kuzeyinsesi.org\\\/index.php\\\/author\\\/guven\\\/\"}]}<\/script>\n<!-- \/ Yoast SEO plugin. -->","yoast_head_json":{"title":"Gazima\u011fusa Belediyesi T\u00fcrk Halk M\u00fczi\u011fi Korosu \u201cT\u00fcrk\u00fclerle Bahar\u201d konseri verdi - Kuzeyin Sesi","robots":{"index":"index","follow":"follow","max-snippet":"max-snippet:-1","max-image-preview":"max-image-preview:large","max-video-preview":"max-video-preview:-1"},"canonical":"https:\/\/kuzeyinsesi.org\/index.php\/2024\/05\/24\/gazimagusa-belediyesi-turk-halk-muzigi-korosu-turkulerle-bahar-konseri-verdi\/","og_locale":"tr_TR","og_type":"article","og_title":"Gazima\u011fusa Belediyesi T\u00fcrk Halk M\u00fczi\u011fi Korosu \u201cT\u00fcrk\u00fclerle Bahar\u201d konseri verdi - Kuzeyin Sesi","og_description":"Gazima\u011fusa Belediyesi T\u00fcrk Halk M\u00fczi\u011fi Korosu, \u201cT\u00fcrk\u00fclerle Bahar\u201d konseri verdi. Belediyeden yap\u0131lan a\u00e7\u0131klamaya g\u00f6re, \u201cT\u00fcrk\u00fclerle Bahar\u201d Konseri, d\u00fcn ak\u015fam Rauf Raif Denkta\u015f K\u00fclt\u00fcr ve Kongre Merkezi\u2019nde yer ald\u0131. Konserde \u015eef Do\u011fan Balyemez y\u00f6netimindeki 52 ki\u015filik T\u00fcrk Halk M\u00fczi\u011fi korosu 26 eserlik repertuvar\u0131n\u0131 seslendirdi. Koroda, TRT Sanat\u00e7\u0131s\u0131 ba\u011flama virt\u00fc\u00f6z\u00fc Naci Dize, kaval virt\u00fc\u00f6z\u00fc Murat Toraman, kanun [&hellip;]","og_url":"https:\/\/kuzeyinsesi.org\/index.php\/2024\/05\/24\/gazimagusa-belediyesi-turk-halk-muzigi-korosu-turkulerle-bahar-konseri-verdi\/","og_site_name":"Kuzeyin Sesi","article_publisher":"https:\/\/www.facebook.com\/kuzeyinsesii","article_published_time":"2024-05-24T19:49:55+00:00","og_image":[{"width":2000,"height":1333,"url":"https:\/\/kuzeyinsesi.org\/wp-content\/uploads\/2024\/05\/turkulerle-bahar-konseri2.jpg","type":"image\/jpeg"}],"author":"Kuzeyin Sesi","twitter_card":"summary_large_image","twitter_creator":"@kuzeyinsesii","twitter_site":"@kuzeyinsesii","twitter_misc":{"Yazan:":"Kuzeyin Sesi","Tahmini okuma s\u00fcresi":"1 dakika"},"schema":{"@context":"https:\/\/schema.org","@graph":[{"@type":"Article","@id":"https:\/\/kuzeyinsesi.org\/index.php\/2024\/05\/24\/gazimagusa-belediyesi-turk-halk-muzigi-korosu-turkulerle-bahar-konseri-verdi\/#article","isPartOf":{"@id":"https:\/\/kuzeyinsesi.org\/index.php\/2024\/05\/24\/gazimagusa-belediyesi-turk-halk-muzigi-korosu-turkulerle-bahar-konseri-verdi\/"},"author":{"name":"Kuzeyin Sesi","@id":"https:\/\/kuzeyinsesi.org\/#\/schema\/person\/9f859689cdf01485597712386e37f5aa"},"headline":"Gazima\u011fusa Belediyesi T\u00fcrk Halk M\u00fczi\u011fi Korosu \u201cT\u00fcrk\u00fclerle Bahar\u201d konseri verdi","datePublished":"2024-05-24T19:49:55+00:00","mainEntityOfPage":{"@id":"https:\/\/kuzeyinsesi.org\/index.php\/2024\/05\/24\/gazimagusa-belediyesi-turk-halk-muzigi-korosu-turkulerle-bahar-konseri-verdi\/"},"wordCount":178,"commentCount":0,"image":{"@id":"https:\/\/kuzeyinsesi.org\/index.php\/2024\/05\/24\/gazimagusa-belediyesi-turk-halk-muzigi-korosu-turkulerle-bahar-konseri-verdi\/#primaryimage"},"thumbnailUrl":"https:\/\/kuzeyinsesi.org\/wp-content\/uploads\/2024\/05\/turkulerle-bahar-konseri2.jpg","articleSection":["Ya\u015fam"],"inLanguage":"tr","potentialAction":[{"@type":"CommentAction","name":"Comment","target":["https:\/\/kuzeyinsesi.org\/index.php\/2024\/05\/24\/gazimagusa-belediyesi-turk-halk-muzigi-korosu-turkulerle-bahar-konseri-verdi\/#respond"]}]},{"@type":"WebPage","@id":"https:\/\/kuzeyinsesi.org\/index.php\/2024\/05\/24\/gazimagusa-belediyesi-turk-halk-muzigi-korosu-turkulerle-bahar-konseri-verdi\/","url":"https:\/\/kuzeyinsesi.org\/index.php\/2024\/05\/24\/gazimagusa-belediyesi-turk-halk-muzigi-korosu-turkulerle-bahar-konseri-verdi\/","name":"Gazima\u011fusa Belediyesi T\u00fcrk Halk M\u00fczi\u011fi Korosu \u201cT\u00fcrk\u00fclerle Bahar\u201d konseri verdi - Kuzeyin Sesi","isPartOf":{"@id":"https:\/\/kuzeyinsesi.org\/#website"},"primaryImageOfPage":{"@id":"https:\/\/kuzeyinsesi.org\/index.php\/2024\/05\/24\/gazimagusa-belediyesi-turk-halk-muzigi-korosu-turkulerle-bahar-konseri-verdi\/#primaryimage"},"image":{"@id":"https:\/\/kuzeyinsesi.org\/index.php\/2024\/05\/24\/gazimagusa-belediyesi-turk-halk-muzigi-korosu-turkulerle-bahar-konseri-verdi\/#primaryimage"},"thumbnailUrl":"https:\/\/kuzeyinsesi.org\/wp-content\/uploads\/2024\/05\/turkulerle-bahar-konseri2.jpg","datePublished":"2024-05-24T19:49:55+00:00","author":{"@id":"https:\/\/kuzeyinsesi.org\/#\/schema\/person\/9f859689cdf01485597712386e37f5aa"},"breadcrumb":{"@id":"https:\/\/kuzeyinsesi.org\/index.php\/2024\/05\/24\/gazimagusa-belediyesi-turk-halk-muzigi-korosu-turkulerle-bahar-konseri-verdi\/#breadcrumb"},"inLanguage":"tr","potentialAction":[{"@type":"ReadAction","target":["https:\/\/kuzeyinsesi.org\/index.php\/2024\/05\/24\/gazimagusa-belediyesi-turk-halk-muzigi-korosu-turkulerle-bahar-konseri-verdi\/"]}]},{"@type":"ImageObject","inLanguage":"tr","@id":"https:\/\/kuzeyinsesi.org\/index.php\/2024\/05\/24\/gazimagusa-belediyesi-turk-halk-muzigi-korosu-turkulerle-bahar-konseri-verdi\/#primaryimage","url":"https:\/\/kuzeyinsesi.org\/wp-content\/uploads\/2024\/05\/turkulerle-bahar-konseri2.jpg","contentUrl":"https:\/\/kuzeyinsesi.org\/wp-content\/uploads\/2024\/05\/turkulerle-bahar-konseri2.jpg","width":2000,"height":1333},{"@type":"BreadcrumbList","@id":"https:\/\/kuzeyinsesi.org\/index.php\/2024\/05\/24\/gazimagusa-belediyesi-turk-halk-muzigi-korosu-turkulerle-bahar-konseri-verdi\/#breadcrumb","itemListElement":[{"@type":"ListItem","position":1,"name":"Anasayfa","item":"https:\/\/kuzeyinsesi.org\/"},{"@type":"ListItem","position":2,"name":"Gazima\u011fusa Belediyesi T\u00fcrk Halk M\u00fczi\u011fi Korosu \u201cT\u00fcrk\u00fclerle Bahar\u201d konseri verdi"}]},{"@type":"WebSite","@id":"https:\/\/kuzeyinsesi.org\/#website","url":"https:\/\/kuzeyinsesi.org\/","name":"Kuzeyin Sesi","description":"Do\u011fru Haberin Adresi","potentialAction":[{"@type":"SearchAction","target":{"@type":"EntryPoint","urlTemplate":"https:\/\/kuzeyinsesi.org\/?s={search_term_string}"},"query-input":{"@type":"PropertyValueSpecification","valueRequired":true,"valueName":"search_term_string"}}],"inLanguage":"tr"},{"@type":"Person","@id":"https:\/\/kuzeyinsesi.org\/#\/schema\/person\/9f859689cdf01485597712386e37f5aa","name":"Kuzeyin Sesi","image":{"@type":"ImageObject","inLanguage":"tr","@id":"https:\/\/secure.gravatar.com\/avatar\/bab33852abfd8b282518d6ed81826833d77c3c882d9ab608add591ccace47a44?s=96&d=mm&r=g","url":"https:\/\/secure.gravatar.com\/avatar\/bab33852abfd8b282518d6ed81826833d77c3c882d9ab608add591ccace47a44?s=96&d=mm&r=g","contentUrl":"https:\/\/secure.gravatar.com\/avatar\/bab33852abfd8b282518d6ed81826833d77c3c882d9ab608add591ccace47a44?s=96&d=mm&r=g","caption":"Kuzeyin Sesi"},"sameAs":["https:\/\/kuzeyinsesi.org"],"url":"https:\/\/kuzeyinsesi.org\/index.php\/author\/guven\/"}]}},"_links":{"self":[{"href":"https:\/\/kuzeyinsesi.org\/index.php\/wp-json\/wp\/v2\/posts\/3345","targetHints":{"allow":["GET"]}}],"collection":[{"href":"https:\/\/kuzeyinsesi.org\/index.php\/wp-json\/wp\/v2\/posts"}],"about":[{"href":"https:\/\/kuzeyinsesi.org\/index.php\/wp-json\/wp\/v2\/types\/post"}],"author":[{"embeddable":true,"href":"https:\/\/kuzeyinsesi.org\/index.php\/wp-json\/wp\/v2\/users\/1"}],"replies":[{"embeddable":true,"href":"https:\/\/kuzeyinsesi.org\/index.php\/wp-json\/wp\/v2\/comments?post=3345"}],"version-history":[{"count":0,"href":"https:\/\/kuzeyinsesi.org\/index.php\/wp-json\/wp\/v2\/posts\/3345\/revisions"}],"wp:featuredmedia":[{"embeddable":true,"href":"https:\/\/kuzeyinsesi.org\/index.php\/wp-json\/wp\/v2\/media\/3346"}],"wp:attachment":[{"href":"https:\/\/kuzeyinsesi.org\/index.php\/wp-json\/wp\/v2\/media?parent=3345"}],"wp:term":[{"taxonomy":"category","embeddable":true,"href":"https:\/\/kuzeyinsesi.org\/index.php\/wp-json\/wp\/v2\/categories?post=3345"},{"taxonomy":"post_tag","embeddable":true,"href":"https:\/\/kuzeyinsesi.org\/index.php\/wp-json\/wp\/v2\/tags?post=3345"}],"curies":[{"name":"wp","href":"https:\/\/api.w.org\/{rel}","templated":true}]}}