{"id":3341,"date":"2024-05-24T21:49:14","date_gmt":"2024-05-24T18:49:14","guid":{"rendered":"https:\/\/kuzeyinsesi.com\/index.php\/2024\/05\/24\/cumhurbaskani-tatarin-esi-sibel-tatar-resim-sergisinin-acilisini-gerceklestirdi\/"},"modified":"2024-05-24T21:49:14","modified_gmt":"2024-05-24T18:49:14","slug":"cumhurbaskani-tatarin-esi-sibel-tatar-resim-sergisinin-acilisini-gerceklestirdi","status":"publish","type":"post","link":"https:\/\/kuzeyinsesi.org\/index.php\/2024\/05\/24\/cumhurbaskani-tatarin-esi-sibel-tatar-resim-sergisinin-acilisini-gerceklestirdi\/","title":{"rendered":"Cumhurba\u015fkan\u0131 Tatar\u2019\u0131n e\u015fi Sibel Tatar, Resim Sergisi\u2019nin a\u00e7\u0131l\u0131\u015f\u0131n\u0131 ger\u00e7ekle\u015ftirdi"},"content":{"rendered":"<div>\n<div class=\"mariselle-image-container center\">\n                                            <\/div>\n<p>Cumhurba\u015fkan\u0131 Ersin Tatar\u2019\u0131n e\u015fi Sibel Tatar, TED Kuzey K\u0131br\u0131s Koleji\u2019nin d\u00fczenledi\u011fi \u201cK\u00fclt\u00fcr\u00fcm\u00fcze Sahip \u00c7\u0131k\u201d temas\u0131yla yap\u0131lan bahar \u015fenli\u011fine kat\u0131ld\u0131 ve Y\u0131l Sonu Resim Sergisi\u2019nin a\u00e7\u0131l\u0131\u015f\u0131n\u0131 ger\u00e7ekle\u015ftirdi.<\/p>\n<p>Etkinlik kapsam\u0131nda kurulan stantlar\u0131 gezen Sibel Tatar, ilkokul, ortaokul ve lise \u00f6\u011frencilerinin y\u0131l boyunca yapt\u0131\u011f\u0131 eserleri inceledi.<\/p>\n<p>Sibel Tatar ayr\u0131ca, etkinlikte \u00f6\u011frenci, \u00f6\u011fretmen ve velilerle sohbet etti.<\/p>\n<\/p><\/div>\n<p><script async\n                    defer\n                    crossorigin=\"anonymous\"\n                    src=\"https:\/\/connect.facebook.net\/tr_TR\/sdk.js#xfbml=1&#038;version=v3.3\"\n            ><\/script><\/p>\n","protected":false},"excerpt":{"rendered":"<p>Cumhurba\u015fkan\u0131 Ersin Tatar\u2019\u0131n e\u015fi Sibel Tatar, TED Kuzey K\u0131br\u0131s Koleji\u2019nin d\u00fczenledi\u011fi \u201cK\u00fclt\u00fcr\u00fcm\u00fcze Sahip \u00c7\u0131k\u201d temas\u0131yla yap\u0131lan bahar \u015fenli\u011fine kat\u0131ld\u0131 ve Y\u0131l Sonu Resim Sergisi\u2019nin a\u00e7\u0131l\u0131\u015f\u0131n\u0131 ger\u00e7ekle\u015ftirdi. Etkinlik kapsam\u0131nda kurulan stantlar\u0131 gezen Sibel Tatar, ilkokul, ortaokul ve lise \u00f6\u011frencilerinin y\u0131l boyunca yapt\u0131\u011f\u0131 eserleri inceledi. Sibel Tatar ayr\u0131ca, etkinlikte \u00f6\u011frenci, \u00f6\u011fretmen ve velilerle sohbet etti.<\/p>\n","protected":false},"author":1,"featured_media":3342,"comment_status":"open","ping_status":"open","sticky":false,"template":"","format":"standard","meta":{"jnews-multi-image_gallery":[],"jnews_single_post":[],"jnews_primary_category":[],"jnews_social_meta":[],"jnews_override_counter":[],"footnotes":""},"categories":[6],"tags":[],"class_list":["post-3341","post","type-post","status-publish","format-standard","has-post-thumbnail","hentry","category-yasam"],"yoast_head":"<!-- This site is optimized with the Yoast SEO plugin v27.5 - https:\/\/yoast.com\/product\/yoast-seo-wordpress\/ -->\n<title>Cumhurba\u015fkan\u0131 Tatar\u2019\u0131n e\u015fi Sibel Tatar, Resim Sergisi\u2019nin a\u00e7\u0131l\u0131\u015f\u0131n\u0131 ger\u00e7ekle\u015ftirdi - Kuzeyin Sesi<\/title>\n<meta name=\"robots\" content=\"index, follow, max-snippet:-1, max-image-preview:large, max-video-preview:-1\" \/>\n<link rel=\"canonical\" href=\"https:\/\/kuzeyinsesi.org\/index.php\/2024\/05\/24\/cumhurbaskani-tatarin-esi-sibel-tatar-resim-sergisinin-acilisini-gerceklestirdi\/\" \/>\n<meta property=\"og:locale\" content=\"tr_TR\" \/>\n<meta property=\"og:type\" content=\"article\" \/>\n<meta property=\"og:title\" content=\"Cumhurba\u015fkan\u0131 Tatar\u2019\u0131n e\u015fi Sibel Tatar, Resim Sergisi\u2019nin a\u00e7\u0131l\u0131\u015f\u0131n\u0131 ger\u00e7ekle\u015ftirdi - Kuzeyin Sesi\" \/>\n<meta property=\"og:description\" content=\"Cumhurba\u015fkan\u0131 Ersin Tatar\u2019\u0131n e\u015fi Sibel Tatar, TED Kuzey K\u0131br\u0131s Koleji\u2019nin d\u00fczenledi\u011fi \u201cK\u00fclt\u00fcr\u00fcm\u00fcze Sahip \u00c7\u0131k\u201d temas\u0131yla yap\u0131lan bahar \u015fenli\u011fine kat\u0131ld\u0131 ve Y\u0131l Sonu Resim Sergisi\u2019nin a\u00e7\u0131l\u0131\u015f\u0131n\u0131 ger\u00e7ekle\u015ftirdi. Etkinlik kapsam\u0131nda kurulan stantlar\u0131 gezen Sibel Tatar, ilkokul, ortaokul ve lise \u00f6\u011frencilerinin y\u0131l boyunca yapt\u0131\u011f\u0131 eserleri inceledi. Sibel Tatar ayr\u0131ca, etkinlikte \u00f6\u011frenci, \u00f6\u011fretmen ve velilerle sohbet etti.\" \/>\n<meta property=\"og:url\" content=\"https:\/\/kuzeyinsesi.org\/index.php\/2024\/05\/24\/cumhurbaskani-tatarin-esi-sibel-tatar-resim-sergisinin-acilisini-gerceklestirdi\/\" \/>\n<meta property=\"og:site_name\" content=\"Kuzeyin Sesi\" \/>\n<meta property=\"article:publisher\" content=\"https:\/\/www.facebook.com\/kuzeyinsesii\" \/>\n<meta property=\"article:published_time\" content=\"2024-05-24T18:49:14+00:00\" \/>\n<meta property=\"og:image\" content=\"https:\/\/kuzeyinsesi.org\/wp-content\/uploads\/2024\/05\/IMG-20240524-WA0045.jpg\" \/>\n\t<meta property=\"og:image:width\" content=\"2048\" \/>\n\t<meta property=\"og:image:height\" content=\"1364\" \/>\n\t<meta property=\"og:image:type\" content=\"image\/jpeg\" \/>\n<meta name=\"author\" content=\"Kuzeyin Sesi\" \/>\n<meta name=\"twitter:card\" content=\"summary_large_image\" \/>\n<meta name=\"twitter:creator\" content=\"@kuzeyinsesii\" \/>\n<meta name=\"twitter:site\" content=\"@kuzeyinsesii\" \/>\n<meta name=\"twitter:label1\" content=\"Yazan:\" \/>\n\t<meta name=\"twitter:data1\" content=\"Kuzeyin Sesi\" \/>\n<script type=\"application\/ld+json\" class=\"yoast-schema-graph\">{\"@context\":\"https:\\\/\\\/schema.org\",\"@graph\":[{\"@type\":\"Article\",\"@id\":\"https:\\\/\\\/kuzeyinsesi.org\\\/index.php\\\/2024\\\/05\\\/24\\\/cumhurbaskani-tatarin-esi-sibel-tatar-resim-sergisinin-acilisini-gerceklestirdi\\\/#article\",\"isPartOf\":{\"@id\":\"https:\\\/\\\/kuzeyinsesi.org\\\/index.php\\\/2024\\\/05\\\/24\\\/cumhurbaskani-tatarin-esi-sibel-tatar-resim-sergisinin-acilisini-gerceklestirdi\\\/\"},\"author\":{\"name\":\"Kuzeyin Sesi\",\"@id\":\"https:\\\/\\\/kuzeyinsesi.org\\\/#\\\/schema\\\/person\\\/9f859689cdf01485597712386e37f5aa\"},\"headline\":\"Cumhurba\u015fkan\u0131 Tatar\u2019\u0131n e\u015fi Sibel Tatar, Resim Sergisi\u2019nin a\u00e7\u0131l\u0131\u015f\u0131n\u0131 ger\u00e7ekle\u015ftirdi\",\"datePublished\":\"2024-05-24T18:49:14+00:00\",\"mainEntityOfPage\":{\"@id\":\"https:\\\/\\\/kuzeyinsesi.org\\\/index.php\\\/2024\\\/05\\\/24\\\/cumhurbaskani-tatarin-esi-sibel-tatar-resim-sergisinin-acilisini-gerceklestirdi\\\/\"},\"wordCount\":95,\"commentCount\":0,\"image\":{\"@id\":\"https:\\\/\\\/kuzeyinsesi.org\\\/index.php\\\/2024\\\/05\\\/24\\\/cumhurbaskani-tatarin-esi-sibel-tatar-resim-sergisinin-acilisini-gerceklestirdi\\\/#primaryimage\"},\"thumbnailUrl\":\"https:\\\/\\\/kuzeyinsesi.org\\\/wp-content\\\/uploads\\\/2024\\\/05\\\/IMG-20240524-WA0045.jpg\",\"articleSection\":[\"Ya\u015fam\"],\"inLanguage\":\"tr\",\"potentialAction\":[{\"@type\":\"CommentAction\",\"name\":\"Comment\",\"target\":[\"https:\\\/\\\/kuzeyinsesi.org\\\/index.php\\\/2024\\\/05\\\/24\\\/cumhurbaskani-tatarin-esi-sibel-tatar-resim-sergisinin-acilisini-gerceklestirdi\\\/#respond\"]}]},{\"@type\":\"WebPage\",\"@id\":\"https:\\\/\\\/kuzeyinsesi.org\\\/index.php\\\/2024\\\/05\\\/24\\\/cumhurbaskani-tatarin-esi-sibel-tatar-resim-sergisinin-acilisini-gerceklestirdi\\\/\",\"url\":\"https:\\\/\\\/kuzeyinsesi.org\\\/index.php\\\/2024\\\/05\\\/24\\\/cumhurbaskani-tatarin-esi-sibel-tatar-resim-sergisinin-acilisini-gerceklestirdi\\\/\",\"name\":\"Cumhurba\u015fkan\u0131 Tatar\u2019\u0131n e\u015fi Sibel Tatar, Resim Sergisi\u2019nin a\u00e7\u0131l\u0131\u015f\u0131n\u0131 ger\u00e7ekle\u015ftirdi - Kuzeyin Sesi\",\"isPartOf\":{\"@id\":\"https:\\\/\\\/kuzeyinsesi.org\\\/#website\"},\"primaryImageOfPage\":{\"@id\":\"https:\\\/\\\/kuzeyinsesi.org\\\/index.php\\\/2024\\\/05\\\/24\\\/cumhurbaskani-tatarin-esi-sibel-tatar-resim-sergisinin-acilisini-gerceklestirdi\\\/#primaryimage\"},\"image\":{\"@id\":\"https:\\\/\\\/kuzeyinsesi.org\\\/index.php\\\/2024\\\/05\\\/24\\\/cumhurbaskani-tatarin-esi-sibel-tatar-resim-sergisinin-acilisini-gerceklestirdi\\\/#primaryimage\"},\"thumbnailUrl\":\"https:\\\/\\\/kuzeyinsesi.org\\\/wp-content\\\/uploads\\\/2024\\\/05\\\/IMG-20240524-WA0045.jpg\",\"datePublished\":\"2024-05-24T18:49:14+00:00\",\"author\":{\"@id\":\"https:\\\/\\\/kuzeyinsesi.org\\\/#\\\/schema\\\/person\\\/9f859689cdf01485597712386e37f5aa\"},\"breadcrumb\":{\"@id\":\"https:\\\/\\\/kuzeyinsesi.org\\\/index.php\\\/2024\\\/05\\\/24\\\/cumhurbaskani-tatarin-esi-sibel-tatar-resim-sergisinin-acilisini-gerceklestirdi\\\/#breadcrumb\"},\"inLanguage\":\"tr\",\"potentialAction\":[{\"@type\":\"ReadAction\",\"target\":[\"https:\\\/\\\/kuzeyinsesi.org\\\/index.php\\\/2024\\\/05\\\/24\\\/cumhurbaskani-tatarin-esi-sibel-tatar-resim-sergisinin-acilisini-gerceklestirdi\\\/\"]}]},{\"@type\":\"ImageObject\",\"inLanguage\":\"tr\",\"@id\":\"https:\\\/\\\/kuzeyinsesi.org\\\/index.php\\\/2024\\\/05\\\/24\\\/cumhurbaskani-tatarin-esi-sibel-tatar-resim-sergisinin-acilisini-gerceklestirdi\\\/#primaryimage\",\"url\":\"https:\\\/\\\/kuzeyinsesi.org\\\/wp-content\\\/uploads\\\/2024\\\/05\\\/IMG-20240524-WA0045.jpg\",\"contentUrl\":\"https:\\\/\\\/kuzeyinsesi.org\\\/wp-content\\\/uploads\\\/2024\\\/05\\\/IMG-20240524-WA0045.jpg\",\"width\":2048,\"height\":1364},{\"@type\":\"BreadcrumbList\",\"@id\":\"https:\\\/\\\/kuzeyinsesi.org\\\/index.php\\\/2024\\\/05\\\/24\\\/cumhurbaskani-tatarin-esi-sibel-tatar-resim-sergisinin-acilisini-gerceklestirdi\\\/#breadcrumb\",\"itemListElement\":[{\"@type\":\"ListItem\",\"position\":1,\"name\":\"Anasayfa\",\"item\":\"https:\\\/\\\/kuzeyinsesi.org\\\/\"},{\"@type\":\"ListItem\",\"position\":2,\"name\":\"Cumhurba\u015fkan\u0131 Tatar\u2019\u0131n e\u015fi Sibel Tatar, Resim Sergisi\u2019nin a\u00e7\u0131l\u0131\u015f\u0131n\u0131 ger\u00e7ekle\u015ftirdi\"}]},{\"@type\":\"WebSite\",\"@id\":\"https:\\\/\\\/kuzeyinsesi.org\\\/#website\",\"url\":\"https:\\\/\\\/kuzeyinsesi.org\\\/\",\"name\":\"Kuzeyin Sesi\",\"description\":\"Do\u011fru Haberin Adresi\",\"potentialAction\":[{\"@type\":\"SearchAction\",\"target\":{\"@type\":\"EntryPoint\",\"urlTemplate\":\"https:\\\/\\\/kuzeyinsesi.org\\\/?s={search_term_string}\"},\"query-input\":{\"@type\":\"PropertyValueSpecification\",\"valueRequired\":true,\"valueName\":\"search_term_string\"}}],\"inLanguage\":\"tr\"},{\"@type\":\"Person\",\"@id\":\"https:\\\/\\\/kuzeyinsesi.org\\\/#\\\/schema\\\/person\\\/9f859689cdf01485597712386e37f5aa\",\"name\":\"Kuzeyin Sesi\",\"image\":{\"@type\":\"ImageObject\",\"inLanguage\":\"tr\",\"@id\":\"https:\\\/\\\/secure.gravatar.com\\\/avatar\\\/bab33852abfd8b282518d6ed81826833d77c3c882d9ab608add591ccace47a44?s=96&d=mm&r=g\",\"url\":\"https:\\\/\\\/secure.gravatar.com\\\/avatar\\\/bab33852abfd8b282518d6ed81826833d77c3c882d9ab608add591ccace47a44?s=96&d=mm&r=g\",\"contentUrl\":\"https:\\\/\\\/secure.gravatar.com\\\/avatar\\\/bab33852abfd8b282518d6ed81826833d77c3c882d9ab608add591ccace47a44?s=96&d=mm&r=g\",\"caption\":\"Kuzeyin Sesi\"},\"sameAs\":[\"https:\\\/\\\/kuzeyinsesi.org\"],\"url\":\"https:\\\/\\\/kuzeyinsesi.org\\\/index.php\\\/author\\\/guven\\\/\"}]}<\/script>\n<!-- \/ Yoast SEO plugin. -->","yoast_head_json":{"title":"Cumhurba\u015fkan\u0131 Tatar\u2019\u0131n e\u015fi Sibel Tatar, Resim Sergisi\u2019nin a\u00e7\u0131l\u0131\u015f\u0131n\u0131 ger\u00e7ekle\u015ftirdi - Kuzeyin Sesi","robots":{"index":"index","follow":"follow","max-snippet":"max-snippet:-1","max-image-preview":"max-image-preview:large","max-video-preview":"max-video-preview:-1"},"canonical":"https:\/\/kuzeyinsesi.org\/index.php\/2024\/05\/24\/cumhurbaskani-tatarin-esi-sibel-tatar-resim-sergisinin-acilisini-gerceklestirdi\/","og_locale":"tr_TR","og_type":"article","og_title":"Cumhurba\u015fkan\u0131 Tatar\u2019\u0131n e\u015fi Sibel Tatar, Resim Sergisi\u2019nin a\u00e7\u0131l\u0131\u015f\u0131n\u0131 ger\u00e7ekle\u015ftirdi - Kuzeyin Sesi","og_description":"Cumhurba\u015fkan\u0131 Ersin Tatar\u2019\u0131n e\u015fi Sibel Tatar, TED Kuzey K\u0131br\u0131s Koleji\u2019nin d\u00fczenledi\u011fi \u201cK\u00fclt\u00fcr\u00fcm\u00fcze Sahip \u00c7\u0131k\u201d temas\u0131yla yap\u0131lan bahar \u015fenli\u011fine kat\u0131ld\u0131 ve Y\u0131l Sonu Resim Sergisi\u2019nin a\u00e7\u0131l\u0131\u015f\u0131n\u0131 ger\u00e7ekle\u015ftirdi. Etkinlik kapsam\u0131nda kurulan stantlar\u0131 gezen Sibel Tatar, ilkokul, ortaokul ve lise \u00f6\u011frencilerinin y\u0131l boyunca yapt\u0131\u011f\u0131 eserleri inceledi. Sibel Tatar ayr\u0131ca, etkinlikte \u00f6\u011frenci, \u00f6\u011fretmen ve velilerle sohbet etti.","og_url":"https:\/\/kuzeyinsesi.org\/index.php\/2024\/05\/24\/cumhurbaskani-tatarin-esi-sibel-tatar-resim-sergisinin-acilisini-gerceklestirdi\/","og_site_name":"Kuzeyin Sesi","article_publisher":"https:\/\/www.facebook.com\/kuzeyinsesii","article_published_time":"2024-05-24T18:49:14+00:00","og_image":[{"width":2048,"height":1364,"url":"https:\/\/kuzeyinsesi.org\/wp-content\/uploads\/2024\/05\/IMG-20240524-WA0045.jpg","type":"image\/jpeg"}],"author":"Kuzeyin Sesi","twitter_card":"summary_large_image","twitter_creator":"@kuzeyinsesii","twitter_site":"@kuzeyinsesii","twitter_misc":{"Yazan:":"Kuzeyin Sesi"},"schema":{"@context":"https:\/\/schema.org","@graph":[{"@type":"Article","@id":"https:\/\/kuzeyinsesi.org\/index.php\/2024\/05\/24\/cumhurbaskani-tatarin-esi-sibel-tatar-resim-sergisinin-acilisini-gerceklestirdi\/#article","isPartOf":{"@id":"https:\/\/kuzeyinsesi.org\/index.php\/2024\/05\/24\/cumhurbaskani-tatarin-esi-sibel-tatar-resim-sergisinin-acilisini-gerceklestirdi\/"},"author":{"name":"Kuzeyin Sesi","@id":"https:\/\/kuzeyinsesi.org\/#\/schema\/person\/9f859689cdf01485597712386e37f5aa"},"headline":"Cumhurba\u015fkan\u0131 Tatar\u2019\u0131n e\u015fi Sibel Tatar, Resim Sergisi\u2019nin a\u00e7\u0131l\u0131\u015f\u0131n\u0131 ger\u00e7ekle\u015ftirdi","datePublished":"2024-05-24T18:49:14+00:00","mainEntityOfPage":{"@id":"https:\/\/kuzeyinsesi.org\/index.php\/2024\/05\/24\/cumhurbaskani-tatarin-esi-sibel-tatar-resim-sergisinin-acilisini-gerceklestirdi\/"},"wordCount":95,"commentCount":0,"image":{"@id":"https:\/\/kuzeyinsesi.org\/index.php\/2024\/05\/24\/cumhurbaskani-tatarin-esi-sibel-tatar-resim-sergisinin-acilisini-gerceklestirdi\/#primaryimage"},"thumbnailUrl":"https:\/\/kuzeyinsesi.org\/wp-content\/uploads\/2024\/05\/IMG-20240524-WA0045.jpg","articleSection":["Ya\u015fam"],"inLanguage":"tr","potentialAction":[{"@type":"CommentAction","name":"Comment","target":["https:\/\/kuzeyinsesi.org\/index.php\/2024\/05\/24\/cumhurbaskani-tatarin-esi-sibel-tatar-resim-sergisinin-acilisini-gerceklestirdi\/#respond"]}]},{"@type":"WebPage","@id":"https:\/\/kuzeyinsesi.org\/index.php\/2024\/05\/24\/cumhurbaskani-tatarin-esi-sibel-tatar-resim-sergisinin-acilisini-gerceklestirdi\/","url":"https:\/\/kuzeyinsesi.org\/index.php\/2024\/05\/24\/cumhurbaskani-tatarin-esi-sibel-tatar-resim-sergisinin-acilisini-gerceklestirdi\/","name":"Cumhurba\u015fkan\u0131 Tatar\u2019\u0131n e\u015fi Sibel Tatar, Resim Sergisi\u2019nin a\u00e7\u0131l\u0131\u015f\u0131n\u0131 ger\u00e7ekle\u015ftirdi - Kuzeyin Sesi","isPartOf":{"@id":"https:\/\/kuzeyinsesi.org\/#website"},"primaryImageOfPage":{"@id":"https:\/\/kuzeyinsesi.org\/index.php\/2024\/05\/24\/cumhurbaskani-tatarin-esi-sibel-tatar-resim-sergisinin-acilisini-gerceklestirdi\/#primaryimage"},"image":{"@id":"https:\/\/kuzeyinsesi.org\/index.php\/2024\/05\/24\/cumhurbaskani-tatarin-esi-sibel-tatar-resim-sergisinin-acilisini-gerceklestirdi\/#primaryimage"},"thumbnailUrl":"https:\/\/kuzeyinsesi.org\/wp-content\/uploads\/2024\/05\/IMG-20240524-WA0045.jpg","datePublished":"2024-05-24T18:49:14+00:00","author":{"@id":"https:\/\/kuzeyinsesi.org\/#\/schema\/person\/9f859689cdf01485597712386e37f5aa"},"breadcrumb":{"@id":"https:\/\/kuzeyinsesi.org\/index.php\/2024\/05\/24\/cumhurbaskani-tatarin-esi-sibel-tatar-resim-sergisinin-acilisini-gerceklestirdi\/#breadcrumb"},"inLanguage":"tr","potentialAction":[{"@type":"ReadAction","target":["https:\/\/kuzeyinsesi.org\/index.php\/2024\/05\/24\/cumhurbaskani-tatarin-esi-sibel-tatar-resim-sergisinin-acilisini-gerceklestirdi\/"]}]},{"@type":"ImageObject","inLanguage":"tr","@id":"https:\/\/kuzeyinsesi.org\/index.php\/2024\/05\/24\/cumhurbaskani-tatarin-esi-sibel-tatar-resim-sergisinin-acilisini-gerceklestirdi\/#primaryimage","url":"https:\/\/kuzeyinsesi.org\/wp-content\/uploads\/2024\/05\/IMG-20240524-WA0045.jpg","contentUrl":"https:\/\/kuzeyinsesi.org\/wp-content\/uploads\/2024\/05\/IMG-20240524-WA0045.jpg","width":2048,"height":1364},{"@type":"BreadcrumbList","@id":"https:\/\/kuzeyinsesi.org\/index.php\/2024\/05\/24\/cumhurbaskani-tatarin-esi-sibel-tatar-resim-sergisinin-acilisini-gerceklestirdi\/#breadcrumb","itemListElement":[{"@type":"ListItem","position":1,"name":"Anasayfa","item":"https:\/\/kuzeyinsesi.org\/"},{"@type":"ListItem","position":2,"name":"Cumhurba\u015fkan\u0131 Tatar\u2019\u0131n e\u015fi Sibel Tatar, Resim Sergisi\u2019nin a\u00e7\u0131l\u0131\u015f\u0131n\u0131 ger\u00e7ekle\u015ftirdi"}]},{"@type":"WebSite","@id":"https:\/\/kuzeyinsesi.org\/#website","url":"https:\/\/kuzeyinsesi.org\/","name":"Kuzeyin Sesi","description":"Do\u011fru Haberin Adresi","potentialAction":[{"@type":"SearchAction","target":{"@type":"EntryPoint","urlTemplate":"https:\/\/kuzeyinsesi.org\/?s={search_term_string}"},"query-input":{"@type":"PropertyValueSpecification","valueRequired":true,"valueName":"search_term_string"}}],"inLanguage":"tr"},{"@type":"Person","@id":"https:\/\/kuzeyinsesi.org\/#\/schema\/person\/9f859689cdf01485597712386e37f5aa","name":"Kuzeyin Sesi","image":{"@type":"ImageObject","inLanguage":"tr","@id":"https:\/\/secure.gravatar.com\/avatar\/bab33852abfd8b282518d6ed81826833d77c3c882d9ab608add591ccace47a44?s=96&d=mm&r=g","url":"https:\/\/secure.gravatar.com\/avatar\/bab33852abfd8b282518d6ed81826833d77c3c882d9ab608add591ccace47a44?s=96&d=mm&r=g","contentUrl":"https:\/\/secure.gravatar.com\/avatar\/bab33852abfd8b282518d6ed81826833d77c3c882d9ab608add591ccace47a44?s=96&d=mm&r=g","caption":"Kuzeyin Sesi"},"sameAs":["https:\/\/kuzeyinsesi.org"],"url":"https:\/\/kuzeyinsesi.org\/index.php\/author\/guven\/"}]}},"_links":{"self":[{"href":"https:\/\/kuzeyinsesi.org\/index.php\/wp-json\/wp\/v2\/posts\/3341","targetHints":{"allow":["GET"]}}],"collection":[{"href":"https:\/\/kuzeyinsesi.org\/index.php\/wp-json\/wp\/v2\/posts"}],"about":[{"href":"https:\/\/kuzeyinsesi.org\/index.php\/wp-json\/wp\/v2\/types\/post"}],"author":[{"embeddable":true,"href":"https:\/\/kuzeyinsesi.org\/index.php\/wp-json\/wp\/v2\/users\/1"}],"replies":[{"embeddable":true,"href":"https:\/\/kuzeyinsesi.org\/index.php\/wp-json\/wp\/v2\/comments?post=3341"}],"version-history":[{"count":0,"href":"https:\/\/kuzeyinsesi.org\/index.php\/wp-json\/wp\/v2\/posts\/3341\/revisions"}],"wp:featuredmedia":[{"embeddable":true,"href":"https:\/\/kuzeyinsesi.org\/index.php\/wp-json\/wp\/v2\/media\/3342"}],"wp:attachment":[{"href":"https:\/\/kuzeyinsesi.org\/index.php\/wp-json\/wp\/v2\/media?parent=3341"}],"wp:term":[{"taxonomy":"category","embeddable":true,"href":"https:\/\/kuzeyinsesi.org\/index.php\/wp-json\/wp\/v2\/categories?post=3341"},{"taxonomy":"post_tag","embeddable":true,"href":"https:\/\/kuzeyinsesi.org\/index.php\/wp-json\/wp\/v2\/tags?post=3341"}],"curies":[{"name":"wp","href":"https:\/\/api.w.org\/{rel}","templated":true}]}}