{"id":3327,"date":"2024-05-24T16:43:46","date_gmt":"2024-05-24T13:43:46","guid":{"rendered":"https:\/\/kuzeyinsesi.com\/index.php\/2024\/05\/24\/ted-kuzey-kibris-kolejinde-geleneksel-bahar-senligi-yapildi\/"},"modified":"2024-05-24T16:43:46","modified_gmt":"2024-05-24T13:43:46","slug":"ted-kuzey-kibris-kolejinde-geleneksel-bahar-senligi-yapildi","status":"publish","type":"post","link":"https:\/\/kuzeyinsesi.org\/index.php\/2024\/05\/24\/ted-kuzey-kibris-kolejinde-geleneksel-bahar-senligi-yapildi\/","title":{"rendered":"TED Kuzey K\u0131br\u0131s Koleji\u2019nde geleneksel Bahar \u015eenli\u011fi yap\u0131ld\u0131"},"content":{"rendered":"<div>\n<div class=\"mariselle-image-container center\">\n                                            <\/div>\n<p>TED Kuzey K\u0131br\u0131s Koleji ve Okul Aile Birli\u011fi i\u015fbirli\u011fiyle haz\u0131rlanan, Geleneksel Bahar \u015eenli\u011fi, bu y\u0131l \u2018K\u00fclt\u00fcr\u00fcne Sahip \u00c7\u0131k\u2019 temas\u0131yla okul bah\u00e7esinde ger\u00e7ekle\u015ftirildi.<\/p>\n<p>\u015eenlik, y\u0131l boyunca ilkokul, ortaokul ve lise \u00f6\u011frencilerinin \u00fcretti\u011fi eserlerin yer ald\u0131\u011f\u0131 \u2018Y\u0131l Sonu Sergisi\u2019 ile ba\u015flad\u0131. <\/p>\n<p>Etkinlik s\u00fcresince \u00f6\u011frencilerin g\u00f6sterileri, okul orkestras\u0131, TED Kuzey K\u0131br\u0131s Koleji ile bu y\u0131l i\u015fbirli\u011fine ba\u015flayan Galatasaray Akademi organizasyonu ile e\u011flenceli yar\u0131\u015fma ve oyun aktiviteleri yap\u0131ld\u0131 . <\/p>\n<p>\u2018K\u00fclt\u00fcr\u00fcne sahip \u00e7\u0131k\u2019 temas\u0131yla etkinlikte  K\u0131br\u0131s yemekleri, Lefkara \u0130\u015fi, \u0130pek Kozas\u0131, iskemle, sele-sepet yap\u0131m\u0131n\u0131n yan\u0131 s\u0131ra \u00e7e\u015fitli yiyecek-i\u00e7ecek ve hediyelik e\u015fya stantlar\u0131 da yer ald\u0131.<\/p>\n<\/p><\/div>\n<p><script async\n                    defer\n                    crossorigin=\"anonymous\"\n                    src=\"https:\/\/connect.facebook.net\/tr_TR\/sdk.js#xfbml=1&#038;version=v3.3\"\n            ><\/script><\/p>\n","protected":false},"excerpt":{"rendered":"<p>TED Kuzey K\u0131br\u0131s Koleji ve Okul Aile Birli\u011fi i\u015fbirli\u011fiyle haz\u0131rlanan, Geleneksel Bahar \u015eenli\u011fi, bu y\u0131l \u2018K\u00fclt\u00fcr\u00fcne Sahip \u00c7\u0131k\u2019 temas\u0131yla okul bah\u00e7esinde ger\u00e7ekle\u015ftirildi. \u015eenlik, y\u0131l boyunca ilkokul, ortaokul ve lise \u00f6\u011frencilerinin \u00fcretti\u011fi eserlerin yer ald\u0131\u011f\u0131 \u2018Y\u0131l Sonu Sergisi\u2019 ile ba\u015flad\u0131. Etkinlik s\u00fcresince \u00f6\u011frencilerin g\u00f6sterileri, okul orkestras\u0131, TED Kuzey K\u0131br\u0131s Koleji ile bu y\u0131l i\u015fbirli\u011fine ba\u015flayan Galatasaray [&hellip;]<\/p>\n","protected":false},"author":1,"featured_media":3328,"comment_status":"open","ping_status":"open","sticky":false,"template":"","format":"standard","meta":{"jnews-multi-image_gallery":[],"jnews_single_post":[],"jnews_primary_category":[],"jnews_social_meta":[],"jnews_override_counter":[],"footnotes":""},"categories":[6],"tags":[],"class_list":["post-3327","post","type-post","status-publish","format-standard","has-post-thumbnail","hentry","category-yasam"],"yoast_head":"<!-- This site is optimized with the Yoast SEO plugin v27.5 - https:\/\/yoast.com\/product\/yoast-seo-wordpress\/ -->\n<title>TED Kuzey K\u0131br\u0131s Koleji\u2019nde geleneksel Bahar \u015eenli\u011fi yap\u0131ld\u0131 - Kuzeyin Sesi<\/title>\n<meta name=\"robots\" content=\"index, follow, max-snippet:-1, max-image-preview:large, max-video-preview:-1\" \/>\n<link rel=\"canonical\" href=\"https:\/\/kuzeyinsesi.org\/index.php\/2024\/05\/24\/ted-kuzey-kibris-kolejinde-geleneksel-bahar-senligi-yapildi\/\" \/>\n<meta property=\"og:locale\" content=\"tr_TR\" \/>\n<meta property=\"og:type\" content=\"article\" \/>\n<meta property=\"og:title\" content=\"TED Kuzey K\u0131br\u0131s Koleji\u2019nde geleneksel Bahar \u015eenli\u011fi yap\u0131ld\u0131 - Kuzeyin Sesi\" \/>\n<meta property=\"og:description\" content=\"TED Kuzey K\u0131br\u0131s Koleji ve Okul Aile Birli\u011fi i\u015fbirli\u011fiyle haz\u0131rlanan, Geleneksel Bahar \u015eenli\u011fi, bu y\u0131l \u2018K\u00fclt\u00fcr\u00fcne Sahip \u00c7\u0131k\u2019 temas\u0131yla okul bah\u00e7esinde ger\u00e7ekle\u015ftirildi. \u015eenlik, y\u0131l boyunca ilkokul, ortaokul ve lise \u00f6\u011frencilerinin \u00fcretti\u011fi eserlerin yer ald\u0131\u011f\u0131 \u2018Y\u0131l Sonu Sergisi\u2019 ile ba\u015flad\u0131. Etkinlik s\u00fcresince \u00f6\u011frencilerin g\u00f6sterileri, okul orkestras\u0131, TED Kuzey K\u0131br\u0131s Koleji ile bu y\u0131l i\u015fbirli\u011fine ba\u015flayan Galatasaray [&hellip;]\" \/>\n<meta property=\"og:url\" content=\"https:\/\/kuzeyinsesi.org\/index.php\/2024\/05\/24\/ted-kuzey-kibris-kolejinde-geleneksel-bahar-senligi-yapildi\/\" \/>\n<meta property=\"og:site_name\" content=\"Kuzeyin Sesi\" \/>\n<meta property=\"article:publisher\" content=\"https:\/\/www.facebook.com\/kuzeyinsesii\" \/>\n<meta property=\"article:published_time\" content=\"2024-05-24T13:43:46+00:00\" \/>\n<meta property=\"og:image\" content=\"https:\/\/kuzeyinsesi.org\/wp-content\/uploads\/2024\/05\/ted.jpg\" \/>\n\t<meta property=\"og:image:width\" content=\"780\" \/>\n\t<meta property=\"og:image:height\" content=\"470\" \/>\n\t<meta property=\"og:image:type\" content=\"image\/jpeg\" \/>\n<meta name=\"author\" content=\"Kuzeyin Sesi\" \/>\n<meta name=\"twitter:card\" content=\"summary_large_image\" \/>\n<meta name=\"twitter:creator\" content=\"@kuzeyinsesii\" \/>\n<meta name=\"twitter:site\" content=\"@kuzeyinsesii\" \/>\n<meta name=\"twitter:label1\" content=\"Yazan:\" \/>\n\t<meta name=\"twitter:data1\" content=\"Kuzeyin Sesi\" \/>\n\t<meta name=\"twitter:label2\" content=\"Tahmini okuma s\u00fcresi\" \/>\n\t<meta name=\"twitter:data2\" content=\"1 dakika\" \/>\n<script type=\"application\/ld+json\" class=\"yoast-schema-graph\">{\"@context\":\"https:\\\/\\\/schema.org\",\"@graph\":[{\"@type\":\"Article\",\"@id\":\"https:\\\/\\\/kuzeyinsesi.org\\\/index.php\\\/2024\\\/05\\\/24\\\/ted-kuzey-kibris-kolejinde-geleneksel-bahar-senligi-yapildi\\\/#article\",\"isPartOf\":{\"@id\":\"https:\\\/\\\/kuzeyinsesi.org\\\/index.php\\\/2024\\\/05\\\/24\\\/ted-kuzey-kibris-kolejinde-geleneksel-bahar-senligi-yapildi\\\/\"},\"author\":{\"name\":\"Kuzeyin Sesi\",\"@id\":\"https:\\\/\\\/kuzeyinsesi.org\\\/#\\\/schema\\\/person\\\/9f859689cdf01485597712386e37f5aa\"},\"headline\":\"TED Kuzey K\u0131br\u0131s Koleji\u2019nde geleneksel Bahar \u015eenli\u011fi yap\u0131ld\u0131\",\"datePublished\":\"2024-05-24T13:43:46+00:00\",\"mainEntityOfPage\":{\"@id\":\"https:\\\/\\\/kuzeyinsesi.org\\\/index.php\\\/2024\\\/05\\\/24\\\/ted-kuzey-kibris-kolejinde-geleneksel-bahar-senligi-yapildi\\\/\"},\"wordCount\":145,\"commentCount\":0,\"image\":{\"@id\":\"https:\\\/\\\/kuzeyinsesi.org\\\/index.php\\\/2024\\\/05\\\/24\\\/ted-kuzey-kibris-kolejinde-geleneksel-bahar-senligi-yapildi\\\/#primaryimage\"},\"thumbnailUrl\":\"https:\\\/\\\/kuzeyinsesi.org\\\/wp-content\\\/uploads\\\/2024\\\/05\\\/ted.jpg\",\"articleSection\":[\"Ya\u015fam\"],\"inLanguage\":\"tr\",\"potentialAction\":[{\"@type\":\"CommentAction\",\"name\":\"Comment\",\"target\":[\"https:\\\/\\\/kuzeyinsesi.org\\\/index.php\\\/2024\\\/05\\\/24\\\/ted-kuzey-kibris-kolejinde-geleneksel-bahar-senligi-yapildi\\\/#respond\"]}]},{\"@type\":\"WebPage\",\"@id\":\"https:\\\/\\\/kuzeyinsesi.org\\\/index.php\\\/2024\\\/05\\\/24\\\/ted-kuzey-kibris-kolejinde-geleneksel-bahar-senligi-yapildi\\\/\",\"url\":\"https:\\\/\\\/kuzeyinsesi.org\\\/index.php\\\/2024\\\/05\\\/24\\\/ted-kuzey-kibris-kolejinde-geleneksel-bahar-senligi-yapildi\\\/\",\"name\":\"TED Kuzey K\u0131br\u0131s Koleji\u2019nde geleneksel Bahar \u015eenli\u011fi yap\u0131ld\u0131 - Kuzeyin Sesi\",\"isPartOf\":{\"@id\":\"https:\\\/\\\/kuzeyinsesi.org\\\/#website\"},\"primaryImageOfPage\":{\"@id\":\"https:\\\/\\\/kuzeyinsesi.org\\\/index.php\\\/2024\\\/05\\\/24\\\/ted-kuzey-kibris-kolejinde-geleneksel-bahar-senligi-yapildi\\\/#primaryimage\"},\"image\":{\"@id\":\"https:\\\/\\\/kuzeyinsesi.org\\\/index.php\\\/2024\\\/05\\\/24\\\/ted-kuzey-kibris-kolejinde-geleneksel-bahar-senligi-yapildi\\\/#primaryimage\"},\"thumbnailUrl\":\"https:\\\/\\\/kuzeyinsesi.org\\\/wp-content\\\/uploads\\\/2024\\\/05\\\/ted.jpg\",\"datePublished\":\"2024-05-24T13:43:46+00:00\",\"author\":{\"@id\":\"https:\\\/\\\/kuzeyinsesi.org\\\/#\\\/schema\\\/person\\\/9f859689cdf01485597712386e37f5aa\"},\"breadcrumb\":{\"@id\":\"https:\\\/\\\/kuzeyinsesi.org\\\/index.php\\\/2024\\\/05\\\/24\\\/ted-kuzey-kibris-kolejinde-geleneksel-bahar-senligi-yapildi\\\/#breadcrumb\"},\"inLanguage\":\"tr\",\"potentialAction\":[{\"@type\":\"ReadAction\",\"target\":[\"https:\\\/\\\/kuzeyinsesi.org\\\/index.php\\\/2024\\\/05\\\/24\\\/ted-kuzey-kibris-kolejinde-geleneksel-bahar-senligi-yapildi\\\/\"]}]},{\"@type\":\"ImageObject\",\"inLanguage\":\"tr\",\"@id\":\"https:\\\/\\\/kuzeyinsesi.org\\\/index.php\\\/2024\\\/05\\\/24\\\/ted-kuzey-kibris-kolejinde-geleneksel-bahar-senligi-yapildi\\\/#primaryimage\",\"url\":\"https:\\\/\\\/kuzeyinsesi.org\\\/wp-content\\\/uploads\\\/2024\\\/05\\\/ted.jpg\",\"contentUrl\":\"https:\\\/\\\/kuzeyinsesi.org\\\/wp-content\\\/uploads\\\/2024\\\/05\\\/ted.jpg\",\"width\":780,\"height\":470},{\"@type\":\"BreadcrumbList\",\"@id\":\"https:\\\/\\\/kuzeyinsesi.org\\\/index.php\\\/2024\\\/05\\\/24\\\/ted-kuzey-kibris-kolejinde-geleneksel-bahar-senligi-yapildi\\\/#breadcrumb\",\"itemListElement\":[{\"@type\":\"ListItem\",\"position\":1,\"name\":\"Anasayfa\",\"item\":\"https:\\\/\\\/kuzeyinsesi.org\\\/\"},{\"@type\":\"ListItem\",\"position\":2,\"name\":\"TED Kuzey K\u0131br\u0131s Koleji\u2019nde geleneksel Bahar \u015eenli\u011fi yap\u0131ld\u0131\"}]},{\"@type\":\"WebSite\",\"@id\":\"https:\\\/\\\/kuzeyinsesi.org\\\/#website\",\"url\":\"https:\\\/\\\/kuzeyinsesi.org\\\/\",\"name\":\"Kuzeyin Sesi\",\"description\":\"Do\u011fru Haberin Adresi\",\"potentialAction\":[{\"@type\":\"SearchAction\",\"target\":{\"@type\":\"EntryPoint\",\"urlTemplate\":\"https:\\\/\\\/kuzeyinsesi.org\\\/?s={search_term_string}\"},\"query-input\":{\"@type\":\"PropertyValueSpecification\",\"valueRequired\":true,\"valueName\":\"search_term_string\"}}],\"inLanguage\":\"tr\"},{\"@type\":\"Person\",\"@id\":\"https:\\\/\\\/kuzeyinsesi.org\\\/#\\\/schema\\\/person\\\/9f859689cdf01485597712386e37f5aa\",\"name\":\"Kuzeyin Sesi\",\"image\":{\"@type\":\"ImageObject\",\"inLanguage\":\"tr\",\"@id\":\"https:\\\/\\\/secure.gravatar.com\\\/avatar\\\/bab33852abfd8b282518d6ed81826833d77c3c882d9ab608add591ccace47a44?s=96&d=mm&r=g\",\"url\":\"https:\\\/\\\/secure.gravatar.com\\\/avatar\\\/bab33852abfd8b282518d6ed81826833d77c3c882d9ab608add591ccace47a44?s=96&d=mm&r=g\",\"contentUrl\":\"https:\\\/\\\/secure.gravatar.com\\\/avatar\\\/bab33852abfd8b282518d6ed81826833d77c3c882d9ab608add591ccace47a44?s=96&d=mm&r=g\",\"caption\":\"Kuzeyin Sesi\"},\"sameAs\":[\"https:\\\/\\\/kuzeyinsesi.org\"],\"url\":\"https:\\\/\\\/kuzeyinsesi.org\\\/index.php\\\/author\\\/guven\\\/\"}]}<\/script>\n<!-- \/ Yoast SEO plugin. -->","yoast_head_json":{"title":"TED Kuzey K\u0131br\u0131s Koleji\u2019nde geleneksel Bahar \u015eenli\u011fi yap\u0131ld\u0131 - Kuzeyin Sesi","robots":{"index":"index","follow":"follow","max-snippet":"max-snippet:-1","max-image-preview":"max-image-preview:large","max-video-preview":"max-video-preview:-1"},"canonical":"https:\/\/kuzeyinsesi.org\/index.php\/2024\/05\/24\/ted-kuzey-kibris-kolejinde-geleneksel-bahar-senligi-yapildi\/","og_locale":"tr_TR","og_type":"article","og_title":"TED Kuzey K\u0131br\u0131s Koleji\u2019nde geleneksel Bahar \u015eenli\u011fi yap\u0131ld\u0131 - Kuzeyin Sesi","og_description":"TED Kuzey K\u0131br\u0131s Koleji ve Okul Aile Birli\u011fi i\u015fbirli\u011fiyle haz\u0131rlanan, Geleneksel Bahar \u015eenli\u011fi, bu y\u0131l \u2018K\u00fclt\u00fcr\u00fcne Sahip \u00c7\u0131k\u2019 temas\u0131yla okul bah\u00e7esinde ger\u00e7ekle\u015ftirildi. \u015eenlik, y\u0131l boyunca ilkokul, ortaokul ve lise \u00f6\u011frencilerinin \u00fcretti\u011fi eserlerin yer ald\u0131\u011f\u0131 \u2018Y\u0131l Sonu Sergisi\u2019 ile ba\u015flad\u0131. Etkinlik s\u00fcresince \u00f6\u011frencilerin g\u00f6sterileri, okul orkestras\u0131, TED Kuzey K\u0131br\u0131s Koleji ile bu y\u0131l i\u015fbirli\u011fine ba\u015flayan Galatasaray [&hellip;]","og_url":"https:\/\/kuzeyinsesi.org\/index.php\/2024\/05\/24\/ted-kuzey-kibris-kolejinde-geleneksel-bahar-senligi-yapildi\/","og_site_name":"Kuzeyin Sesi","article_publisher":"https:\/\/www.facebook.com\/kuzeyinsesii","article_published_time":"2024-05-24T13:43:46+00:00","og_image":[{"width":780,"height":470,"url":"https:\/\/kuzeyinsesi.org\/wp-content\/uploads\/2024\/05\/ted.jpg","type":"image\/jpeg"}],"author":"Kuzeyin Sesi","twitter_card":"summary_large_image","twitter_creator":"@kuzeyinsesii","twitter_site":"@kuzeyinsesii","twitter_misc":{"Yazan:":"Kuzeyin Sesi","Tahmini okuma s\u00fcresi":"1 dakika"},"schema":{"@context":"https:\/\/schema.org","@graph":[{"@type":"Article","@id":"https:\/\/kuzeyinsesi.org\/index.php\/2024\/05\/24\/ted-kuzey-kibris-kolejinde-geleneksel-bahar-senligi-yapildi\/#article","isPartOf":{"@id":"https:\/\/kuzeyinsesi.org\/index.php\/2024\/05\/24\/ted-kuzey-kibris-kolejinde-geleneksel-bahar-senligi-yapildi\/"},"author":{"name":"Kuzeyin Sesi","@id":"https:\/\/kuzeyinsesi.org\/#\/schema\/person\/9f859689cdf01485597712386e37f5aa"},"headline":"TED Kuzey K\u0131br\u0131s Koleji\u2019nde geleneksel Bahar \u015eenli\u011fi yap\u0131ld\u0131","datePublished":"2024-05-24T13:43:46+00:00","mainEntityOfPage":{"@id":"https:\/\/kuzeyinsesi.org\/index.php\/2024\/05\/24\/ted-kuzey-kibris-kolejinde-geleneksel-bahar-senligi-yapildi\/"},"wordCount":145,"commentCount":0,"image":{"@id":"https:\/\/kuzeyinsesi.org\/index.php\/2024\/05\/24\/ted-kuzey-kibris-kolejinde-geleneksel-bahar-senligi-yapildi\/#primaryimage"},"thumbnailUrl":"https:\/\/kuzeyinsesi.org\/wp-content\/uploads\/2024\/05\/ted.jpg","articleSection":["Ya\u015fam"],"inLanguage":"tr","potentialAction":[{"@type":"CommentAction","name":"Comment","target":["https:\/\/kuzeyinsesi.org\/index.php\/2024\/05\/24\/ted-kuzey-kibris-kolejinde-geleneksel-bahar-senligi-yapildi\/#respond"]}]},{"@type":"WebPage","@id":"https:\/\/kuzeyinsesi.org\/index.php\/2024\/05\/24\/ted-kuzey-kibris-kolejinde-geleneksel-bahar-senligi-yapildi\/","url":"https:\/\/kuzeyinsesi.org\/index.php\/2024\/05\/24\/ted-kuzey-kibris-kolejinde-geleneksel-bahar-senligi-yapildi\/","name":"TED Kuzey K\u0131br\u0131s Koleji\u2019nde geleneksel Bahar \u015eenli\u011fi yap\u0131ld\u0131 - Kuzeyin Sesi","isPartOf":{"@id":"https:\/\/kuzeyinsesi.org\/#website"},"primaryImageOfPage":{"@id":"https:\/\/kuzeyinsesi.org\/index.php\/2024\/05\/24\/ted-kuzey-kibris-kolejinde-geleneksel-bahar-senligi-yapildi\/#primaryimage"},"image":{"@id":"https:\/\/kuzeyinsesi.org\/index.php\/2024\/05\/24\/ted-kuzey-kibris-kolejinde-geleneksel-bahar-senligi-yapildi\/#primaryimage"},"thumbnailUrl":"https:\/\/kuzeyinsesi.org\/wp-content\/uploads\/2024\/05\/ted.jpg","datePublished":"2024-05-24T13:43:46+00:00","author":{"@id":"https:\/\/kuzeyinsesi.org\/#\/schema\/person\/9f859689cdf01485597712386e37f5aa"},"breadcrumb":{"@id":"https:\/\/kuzeyinsesi.org\/index.php\/2024\/05\/24\/ted-kuzey-kibris-kolejinde-geleneksel-bahar-senligi-yapildi\/#breadcrumb"},"inLanguage":"tr","potentialAction":[{"@type":"ReadAction","target":["https:\/\/kuzeyinsesi.org\/index.php\/2024\/05\/24\/ted-kuzey-kibris-kolejinde-geleneksel-bahar-senligi-yapildi\/"]}]},{"@type":"ImageObject","inLanguage":"tr","@id":"https:\/\/kuzeyinsesi.org\/index.php\/2024\/05\/24\/ted-kuzey-kibris-kolejinde-geleneksel-bahar-senligi-yapildi\/#primaryimage","url":"https:\/\/kuzeyinsesi.org\/wp-content\/uploads\/2024\/05\/ted.jpg","contentUrl":"https:\/\/kuzeyinsesi.org\/wp-content\/uploads\/2024\/05\/ted.jpg","width":780,"height":470},{"@type":"BreadcrumbList","@id":"https:\/\/kuzeyinsesi.org\/index.php\/2024\/05\/24\/ted-kuzey-kibris-kolejinde-geleneksel-bahar-senligi-yapildi\/#breadcrumb","itemListElement":[{"@type":"ListItem","position":1,"name":"Anasayfa","item":"https:\/\/kuzeyinsesi.org\/"},{"@type":"ListItem","position":2,"name":"TED Kuzey K\u0131br\u0131s Koleji\u2019nde geleneksel Bahar \u015eenli\u011fi yap\u0131ld\u0131"}]},{"@type":"WebSite","@id":"https:\/\/kuzeyinsesi.org\/#website","url":"https:\/\/kuzeyinsesi.org\/","name":"Kuzeyin Sesi","description":"Do\u011fru Haberin Adresi","potentialAction":[{"@type":"SearchAction","target":{"@type":"EntryPoint","urlTemplate":"https:\/\/kuzeyinsesi.org\/?s={search_term_string}"},"query-input":{"@type":"PropertyValueSpecification","valueRequired":true,"valueName":"search_term_string"}}],"inLanguage":"tr"},{"@type":"Person","@id":"https:\/\/kuzeyinsesi.org\/#\/schema\/person\/9f859689cdf01485597712386e37f5aa","name":"Kuzeyin Sesi","image":{"@type":"ImageObject","inLanguage":"tr","@id":"https:\/\/secure.gravatar.com\/avatar\/bab33852abfd8b282518d6ed81826833d77c3c882d9ab608add591ccace47a44?s=96&d=mm&r=g","url":"https:\/\/secure.gravatar.com\/avatar\/bab33852abfd8b282518d6ed81826833d77c3c882d9ab608add591ccace47a44?s=96&d=mm&r=g","contentUrl":"https:\/\/secure.gravatar.com\/avatar\/bab33852abfd8b282518d6ed81826833d77c3c882d9ab608add591ccace47a44?s=96&d=mm&r=g","caption":"Kuzeyin Sesi"},"sameAs":["https:\/\/kuzeyinsesi.org"],"url":"https:\/\/kuzeyinsesi.org\/index.php\/author\/guven\/"}]}},"_links":{"self":[{"href":"https:\/\/kuzeyinsesi.org\/index.php\/wp-json\/wp\/v2\/posts\/3327","targetHints":{"allow":["GET"]}}],"collection":[{"href":"https:\/\/kuzeyinsesi.org\/index.php\/wp-json\/wp\/v2\/posts"}],"about":[{"href":"https:\/\/kuzeyinsesi.org\/index.php\/wp-json\/wp\/v2\/types\/post"}],"author":[{"embeddable":true,"href":"https:\/\/kuzeyinsesi.org\/index.php\/wp-json\/wp\/v2\/users\/1"}],"replies":[{"embeddable":true,"href":"https:\/\/kuzeyinsesi.org\/index.php\/wp-json\/wp\/v2\/comments?post=3327"}],"version-history":[{"count":0,"href":"https:\/\/kuzeyinsesi.org\/index.php\/wp-json\/wp\/v2\/posts\/3327\/revisions"}],"wp:featuredmedia":[{"embeddable":true,"href":"https:\/\/kuzeyinsesi.org\/index.php\/wp-json\/wp\/v2\/media\/3328"}],"wp:attachment":[{"href":"https:\/\/kuzeyinsesi.org\/index.php\/wp-json\/wp\/v2\/media?parent=3327"}],"wp:term":[{"taxonomy":"category","embeddable":true,"href":"https:\/\/kuzeyinsesi.org\/index.php\/wp-json\/wp\/v2\/categories?post=3327"},{"taxonomy":"post_tag","embeddable":true,"href":"https:\/\/kuzeyinsesi.org\/index.php\/wp-json\/wp\/v2\/tags?post=3327"}],"curies":[{"name":"wp","href":"https:\/\/api.w.org\/{rel}","templated":true}]}}