{"id":33067,"date":"2025-10-11T07:53:03","date_gmt":"2025-10-11T04:53:03","guid":{"rendered":"https:\/\/kuzeyinsesi.org\/index.php\/2025\/10\/11\/a-milli-futbol-takiminin-rakibi-bulgaristan\/"},"modified":"2025-10-11T07:53:03","modified_gmt":"2025-10-11T04:53:03","slug":"a-milli-futbol-takiminin-rakibi-bulgaristan","status":"publish","type":"post","link":"https:\/\/kuzeyinsesi.org\/index.php\/2025\/10\/11\/a-milli-futbol-takiminin-rakibi-bulgaristan\/","title":{"rendered":"A Milli Futbol Tak\u0131m\u0131&#039;n\u0131n rakibi Bulgaristan"},"content":{"rendered":"<p><\/p>\n<div>\n<p>&#13;<br \/>\n\tVasil Levski Ulusal Stad\u0131&#8217;nda oynanacak kar\u015f\u0131la\u015fma, bug\u00fcn saat 21.45&#8217;te ba\u015flayacak ve TV8&#8217;den naklen yay\u0131nlanacak.<\/p>\n<p>&#13;<br \/>\n\tKar\u015f\u0131la\u015fmada <a href=\"https:\/\/www.trthaber.com\/etiket\/portekiz\/\" target=\"_blank\">Portekiz<\/a> Futbol Federasyonundan hakem Luis Godinho d\u00fcd\u00fck \u00e7alacak. Godinho&#8217;nun yard\u0131mc\u0131l\u0131klar\u0131n\u0131 ayn\u0131 \u00fclkeden Rui Teixeira ve Pedro Almeida yapacak. M\u00fccadelenin 4. hakemi Miguel Nogueira olacak.<\/p>\n<p>&#13;<br \/>\n\tT\u00fcrkiye, E Grubu&#8217;ndaki \u00fc\u00e7\u00fcnc\u00fc ma\u00e7lar \u00f6ncesinde ayn\u0131 puana sahip G\u00fcrcistan&#8217;\u0131n averajla gerisinde 3. s\u0131rada yer al\u0131yor. Puan\u0131 bulunmayan <a href=\"https:\/\/www.trthaber.com\/etiket\/bulgaristan\/\" target=\"_blank\">Bulgaristan<\/a> ise son s\u0131rada bulunuyor. E Grubu&#8217;nda 6 puanla <a href=\"https:\/\/www.trthaber.com\/etiket\/ispanya\/\" target=\"_blank\">\u0130spanya<\/a> ilk s\u0131ran\u0131n sahibi.<\/p>\n<p>&#13;<br \/>\n\tMilli tak\u0131m, ilk ma\u00e7\u0131nda deplasmanda G\u00fcrcistan&#8217;\u0131 3-2 yendi, Konya&#8217;da ise \u0130spanya&#8217;ya 6-0 ma\u011flup oldu. Bulgaristan ise evinde \u0130spanya&#8217;ya, deplasmanda da G\u00fcrcistan&#8217;a 3-0 kaybetti.<\/p>\n<p>&#13;<br \/>\n\tGrubun di\u011fer ma\u00e7\u0131nda yar\u0131n ayn\u0131 saatte \u0130spanya, G\u00fcrcistan&#8217;\u0131 konuk edecek.<\/p>\n<h2>&#13;<br \/>\n\tTek eksik Bar\u0131\u015f Alper Y\u0131lmaz<\/h2>\n<p>&#13;<br \/>\n\tAy-y\u0131ld\u0131zl\u0131 ekipte, Bulgaristan ma\u00e7\u0131 \u00f6ncesinde tek eksik bulunuyor.<\/p>\n<p>&#13;<br \/>\n\t<a href=\"https:\/\/www.trthaber.com\/etiket\/gurcistan\/\" target=\"_blank\">G\u00fcrcistan<\/a> kar\u015f\u0131la\u015fmas\u0131nda k\u0131rm\u0131z\u0131 kart g\u00f6ren Bar\u0131\u015f Alper Y\u0131lmaz, bu kar\u015f\u0131la\u015fmada forma giyemeyecek. \u0130spanya ma\u00e7\u0131nda da oynayamayan Bar\u0131\u015f Alper&#8217;in cezas\u0131 Bulgaristan kar\u015f\u0131la\u015fmas\u0131 ile sona erecek.<\/p>\n<h2>&#13;<br \/>\n\tBulgaristan yeni teknik direkt\u00f6r\u00fcyle sahada<\/h2>\n<p>&#13;<br \/>\n\tBulgaristan, T\u00fcrkiye ma\u00e7\u0131na yeni teknik direkt\u00f6r\u00fc Alexander Dimitrov y\u00f6netiminde \u00e7\u0131kacak.<\/p>\n<p>&#13;<br \/>\n\tGruptaki ikinci ma\u00e7\u0131n\u0131 kaybeden Bulgaristan&#8217;da Ilian Iliev&#8217;in yerine teknik direkt\u00f6rl\u00fck g\u00f6revine son 7 y\u0131lda Bulgaristan \u00dcmit Milli Tak\u0131m\u0131&#8217;n\u0131 \u00e7al\u0131\u015ft\u0131ran Dimitrov getirildi.<\/p>\n<h2>&#13;<br \/>\n\tGrup lideri do\u011frudan D\u00fcnya Kupas\u0131&#8217;na gidecek<\/h2>\n<p>&#13;<br \/>\n\tABD, <a href=\"https:\/\/www.trthaber.com\/etiket\/meksika\/\" target=\"_blank\">Meksika<\/a> ve Kanada&#8217;n\u0131n ev sahipli\u011finde d\u00fczenlenecek ve 48 tak\u0131m\u0131n m\u00fccadele edece\u011fi 2026 D\u00fcnya Kupas\u0131&#8217;na, eleme ma\u00e7lar\u0131 sonucunda Avrupa&#8217;dan 16 tak\u0131m kat\u0131l\u0131m hakk\u0131 kazanacak.<\/p>\n<p>&#13;<br \/>\n\tKas\u0131m ay\u0131nda sona erecek Avrupa elemelerinde, gruplar\u0131n\u0131 lider tamamlayan 12 tak\u0131m do\u011frudan D\u00fcnya Kupas\u0131&#8217;na kat\u0131l\u0131m hakk\u0131 elde edecek.<\/p>\n<p>&#13;<br \/>\n\tSon 4 bilet i\u00e7in ise 12 grup ikincisi ile <a href=\"https:\/\/www.trthaber.com\/etiket\/uefa\/\" target=\"_blank\">UEFA<\/a> Uluslar Ligi&#8217;nden gelecek 4 tak\u0131m\u0131n kat\u0131l\u0131m\u0131yla toplam 16 tak\u0131m m\u00fccadele edecek. Play-off ma\u00e7lar\u0131 2026&#8217;n\u0131n mart ay\u0131nda oynanacak.<\/p>\n<p>&#13;<br \/>\n\t\u00a0<\/p>\n<h2>&#13;<br \/>\n\tMilli tak\u0131m\u0131n aday kadrosu<\/h2>\n<p>&#13;<br \/>\n\tA Milli Tak\u0131m&#8217;\u0131n Bulgaristan ma\u00e7\u0131 aday kadrosunda \u015fu futbolcular bulunuyor:<\/p>\n<p>&#13;<br \/>\n\tKaleci: <a href=\"https:\/\/www.trthaber.com\/etiket\/altay\/\" target=\"_blank\">Altay<\/a> Bay\u0131nd\u0131r (Manchester United), Berke \u00d6zer (Lille), Mert G\u00fcnok (Be\u015fikta\u015f), U\u011furcan \u00c7ak\u0131r (Galatasaray)<\/p>\n<p>&#13;<br \/>\n\tDefans: Abd\u00fclkerim Bardakc\u0131, Eren Elmal\u0131 (Galatasaray), \u00c7a\u011flar S\u00f6y\u00fcnc\u00fc, Mert M\u00fcld\u00fcr (Fenerbah\u00e7e), Ferdi Kad\u0131o\u011flu (Brighton), Merih Demiral (Al-Ahli), Samet Akaydin (\u00c7aykur Rizespor), Yusuf Ak\u00e7i\u00e7ek (Al-Hilal), Zeki \u00c7elik (Roma)<\/p>\n<p>&#13;<br \/>\n\tOrta saha: Atakan Karazor (Stuttgart), <a href=\"https:\/\/www.trthaber.com\/etiket\/hakan-calhanoglu\/\" target=\"_blank\">Hakan \u00c7alhano\u011flu<\/a> (Inter), \u0130smail Y\u00fcksek (Fenerbah\u00e7e), Orkun K\u00f6k\u00e7\u00fc (Be\u015fikta\u015f), Salih \u00d6zcan (Borussia Dortmund)<\/p>\n<p>&#13;<br \/>\n\tForvet: <a href=\"https:\/\/www.trthaber.com\/etiket\/arda-guler\/\" target=\"_blank\">Arda G\u00fcler<\/a> (Real Madrid), Bar\u0131\u015f Alper Y\u0131lmaz, <a href=\"https:\/\/www.trthaber.com\/etiket\/yunus\/\" target=\"_blank\">Yunus<\/a> Akg\u00fcn (Galatasaray), Can Uzun (Eintracht Frankfurt), Deniz G\u00fcl (Porto), \u0130rfan Can Kahveci, Kerem Akt\u00fcrko\u011flu, O\u011fuz <a href=\"https:\/\/www.trthaber.com\/etiket\/aydin\/\" target=\"_blank\">Ayd\u0131n<\/a> (Fenerbah\u00e7e), Kenan Y\u0131ld\u0131z (Juventus)<\/p>\n<h2>&#13;<br \/>\n\tBulgaristan&#8217;\u0131n aday kadrosu<\/h2>\n<p>&#13;<br \/>\n\tTeknik direkt\u00f6r Alexander Dimitrov taraf\u0131ndan belirlenen Bulgaristan&#8217;\u0131n 24 ki\u015filik aday kadrosunda \u015fu futbolcular yer al\u0131yor:<\/p>\n<p>&#13;<br \/>\n\tKaleci: Dimitar Mitov (Aberdeen), Svetoslav Vutsov (Levski Sofya), Dimitar Sheytanov (CSKA)<\/p>\n<p>&#13;<br \/>\n\tDefans: Petko Hristov (Spezia), Atanas Chernev (Estrela da Amadora), Rosen Bozhinov (Royal Antwerp), Emil Tsenov (Orenburg), Christian Petrov (Heerenveen), Viktor Popov (Korona Kielce), Dimitar Velkovski (Arda Kardzhali), Ivan Turitsov (CSKA Sofya)<\/p>\n<p>&#13;<br \/>\n\tOrta Saha: Andrian Kraev (Hapoel Tel Aviv), Ilia Gruev (Leeds United), Stanislav Shopov (Osijek), Filip Krastev (Oxford United), Marin Petkov (Levski Sofya), Ivaylo Chochev (Ludogorets), Kristian Stoyanov (Slavia Sofya)<\/p>\n<p>&#13;<br \/>\n\tForvet: Kiril Despodov (PAOK), Zdravko Dimitrov (Sipay <a href=\"https:\/\/www.trthaber.com\/etiket\/bodrum\/\" target=\"_blank\">Bodrum<\/a> FK), Lukas Petkov (Elversberg), Vladimir Nikolov (Korona Kielce), Martin Minchev (Cracovia), Radoslav Kirilov (Levski Sofya)<\/p>\n<\/p><\/div>\n","protected":false},"excerpt":{"rendered":"<p>&#13; Vasil Levski Ulusal Stad\u0131&#8217;nda oynanacak kar\u015f\u0131la\u015fma, bug\u00fcn saat 21.45&#8217;te ba\u015flayacak ve TV8&#8217;den naklen yay\u0131nlanacak. &#13; Kar\u015f\u0131la\u015fmada Portekiz Futbol Federasyonundan hakem Luis Godinho d\u00fcd\u00fck \u00e7alacak. Godinho&#8217;nun yard\u0131mc\u0131l\u0131klar\u0131n\u0131 ayn\u0131 \u00fclkeden Rui Teixeira ve Pedro Almeida yapacak. M\u00fccadelenin 4. hakemi Miguel Nogueira olacak. &#13; T\u00fcrkiye, E Grubu&#8217;ndaki \u00fc\u00e7\u00fcnc\u00fc ma\u00e7lar \u00f6ncesinde ayn\u0131 puana sahip G\u00fcrcistan&#8217;\u0131n averajla gerisinde 3. [&hellip;]<\/p>\n","protected":false},"author":1,"featured_media":33030,"comment_status":"open","ping_status":"open","sticky":false,"template":"","format":"standard","meta":{"jnews-multi-image_gallery":[],"jnews_single_post":[],"jnews_primary_category":[],"jnews_social_meta":[],"jnews_override_counter":[],"footnotes":""},"categories":[4],"tags":[],"class_list":["post-33067","post","type-post","status-publish","format-standard","has-post-thumbnail","hentry","category-spor"],"yoast_head":"<!-- This site is optimized with the Yoast SEO plugin v27.5 - https:\/\/yoast.com\/product\/yoast-seo-wordpress\/ -->\n<title>A Milli Futbol Tak\u0131m\u0131&#039;n\u0131n rakibi Bulgaristan - Kuzeyin Sesi<\/title>\n<meta name=\"robots\" content=\"index, follow, max-snippet:-1, max-image-preview:large, max-video-preview:-1\" \/>\n<link rel=\"canonical\" href=\"https:\/\/kuzeyinsesi.org\/index.php\/2025\/10\/11\/a-milli-futbol-takiminin-rakibi-bulgaristan\/\" \/>\n<meta property=\"og:locale\" content=\"tr_TR\" \/>\n<meta property=\"og:type\" content=\"article\" \/>\n<meta property=\"og:title\" content=\"A Milli Futbol Tak\u0131m\u0131&#039;n\u0131n rakibi Bulgaristan - Kuzeyin Sesi\" \/>\n<meta property=\"og:description\" content=\"&#013; Vasil Levski Ulusal Stad\u0131&#8217;nda oynanacak kar\u015f\u0131la\u015fma, bug\u00fcn saat 21.45&#8217;te ba\u015flayacak ve TV8&#8217;den naklen yay\u0131nlanacak. &#013; Kar\u015f\u0131la\u015fmada Portekiz Futbol Federasyonundan hakem Luis Godinho d\u00fcd\u00fck \u00e7alacak. Godinho&#8217;nun yard\u0131mc\u0131l\u0131klar\u0131n\u0131 ayn\u0131 \u00fclkeden Rui Teixeira ve Pedro Almeida yapacak. M\u00fccadelenin 4. hakemi Miguel Nogueira olacak. &#013; T\u00fcrkiye, E Grubu&#8217;ndaki \u00fc\u00e7\u00fcnc\u00fc ma\u00e7lar \u00f6ncesinde ayn\u0131 puana sahip G\u00fcrcistan&#8217;\u0131n averajla gerisinde 3. [&hellip;]\" \/>\n<meta property=\"og:url\" content=\"https:\/\/kuzeyinsesi.org\/index.php\/2025\/10\/11\/a-milli-futbol-takiminin-rakibi-bulgaristan\/\" \/>\n<meta property=\"og:site_name\" content=\"Kuzeyin Sesi\" \/>\n<meta property=\"article:publisher\" content=\"https:\/\/www.facebook.com\/kuzeyinsesii\" \/>\n<meta property=\"article:published_time\" content=\"2025-10-11T04:53:03+00:00\" \/>\n<meta property=\"og:image\" content=\"https:\/\/trthaberstatic.cdn.wp.trt.com.tr\/resimler\/2406000\/turkiye-a-milli-futbol-takimi-2406204.jpg\" \/>\n<meta name=\"author\" content=\"Kuzeyin Sesi\" \/>\n<meta name=\"twitter:card\" content=\"summary_large_image\" \/>\n<meta name=\"twitter:creator\" content=\"@kuzeyinsesii\" \/>\n<meta name=\"twitter:site\" content=\"@kuzeyinsesii\" \/>\n<meta name=\"twitter:label1\" content=\"Yazan:\" \/>\n\t<meta name=\"twitter:data1\" content=\"Kuzeyin Sesi\" \/>\n\t<meta name=\"twitter:label2\" content=\"Tahmini okuma s\u00fcresi\" \/>\n\t<meta name=\"twitter:data2\" content=\"3 dakika\" \/>\n<script type=\"application\/ld+json\" class=\"yoast-schema-graph\">{\"@context\":\"https:\\\/\\\/schema.org\",\"@graph\":[{\"@type\":\"Article\",\"@id\":\"https:\\\/\\\/kuzeyinsesi.org\\\/index.php\\\/2025\\\/10\\\/11\\\/a-milli-futbol-takiminin-rakibi-bulgaristan\\\/#article\",\"isPartOf\":{\"@id\":\"https:\\\/\\\/kuzeyinsesi.org\\\/index.php\\\/2025\\\/10\\\/11\\\/a-milli-futbol-takiminin-rakibi-bulgaristan\\\/\"},\"author\":{\"name\":\"Kuzeyin Sesi\",\"@id\":\"https:\\\/\\\/kuzeyinsesi.org\\\/#\\\/schema\\\/person\\\/9f859689cdf01485597712386e37f5aa\"},\"headline\":\"A Milli Futbol Tak\u0131m\u0131&#039;n\u0131n rakibi Bulgaristan\",\"datePublished\":\"2025-10-11T04:53:03+00:00\",\"mainEntityOfPage\":{\"@id\":\"https:\\\/\\\/kuzeyinsesi.org\\\/index.php\\\/2025\\\/10\\\/11\\\/a-milli-futbol-takiminin-rakibi-bulgaristan\\\/\"},\"wordCount\":618,\"commentCount\":0,\"image\":{\"@id\":\"https:\\\/\\\/kuzeyinsesi.org\\\/index.php\\\/2025\\\/10\\\/11\\\/a-milli-futbol-takiminin-rakibi-bulgaristan\\\/#primaryimage\"},\"thumbnailUrl\":\"https:\\\/\\\/kuzeyinsesi.org\\\/wp-content\\\/uploads\\\/2025\\\/10\\\/turkiye-a-milli-futbol-takimi-2406204.jpg\",\"articleSection\":[\"Spor\"],\"inLanguage\":\"tr\",\"potentialAction\":[{\"@type\":\"CommentAction\",\"name\":\"Comment\",\"target\":[\"https:\\\/\\\/kuzeyinsesi.org\\\/index.php\\\/2025\\\/10\\\/11\\\/a-milli-futbol-takiminin-rakibi-bulgaristan\\\/#respond\"]}]},{\"@type\":\"WebPage\",\"@id\":\"https:\\\/\\\/kuzeyinsesi.org\\\/index.php\\\/2025\\\/10\\\/11\\\/a-milli-futbol-takiminin-rakibi-bulgaristan\\\/\",\"url\":\"https:\\\/\\\/kuzeyinsesi.org\\\/index.php\\\/2025\\\/10\\\/11\\\/a-milli-futbol-takiminin-rakibi-bulgaristan\\\/\",\"name\":\"A Milli Futbol Tak\u0131m\u0131&#039;n\u0131n rakibi Bulgaristan - Kuzeyin Sesi\",\"isPartOf\":{\"@id\":\"https:\\\/\\\/kuzeyinsesi.org\\\/#website\"},\"primaryImageOfPage\":{\"@id\":\"https:\\\/\\\/kuzeyinsesi.org\\\/index.php\\\/2025\\\/10\\\/11\\\/a-milli-futbol-takiminin-rakibi-bulgaristan\\\/#primaryimage\"},\"image\":{\"@id\":\"https:\\\/\\\/kuzeyinsesi.org\\\/index.php\\\/2025\\\/10\\\/11\\\/a-milli-futbol-takiminin-rakibi-bulgaristan\\\/#primaryimage\"},\"thumbnailUrl\":\"https:\\\/\\\/kuzeyinsesi.org\\\/wp-content\\\/uploads\\\/2025\\\/10\\\/turkiye-a-milli-futbol-takimi-2406204.jpg\",\"datePublished\":\"2025-10-11T04:53:03+00:00\",\"author\":{\"@id\":\"https:\\\/\\\/kuzeyinsesi.org\\\/#\\\/schema\\\/person\\\/9f859689cdf01485597712386e37f5aa\"},\"breadcrumb\":{\"@id\":\"https:\\\/\\\/kuzeyinsesi.org\\\/index.php\\\/2025\\\/10\\\/11\\\/a-milli-futbol-takiminin-rakibi-bulgaristan\\\/#breadcrumb\"},\"inLanguage\":\"tr\",\"potentialAction\":[{\"@type\":\"ReadAction\",\"target\":[\"https:\\\/\\\/kuzeyinsesi.org\\\/index.php\\\/2025\\\/10\\\/11\\\/a-milli-futbol-takiminin-rakibi-bulgaristan\\\/\"]}]},{\"@type\":\"ImageObject\",\"inLanguage\":\"tr\",\"@id\":\"https:\\\/\\\/kuzeyinsesi.org\\\/index.php\\\/2025\\\/10\\\/11\\\/a-milli-futbol-takiminin-rakibi-bulgaristan\\\/#primaryimage\",\"url\":\"https:\\\/\\\/kuzeyinsesi.org\\\/wp-content\\\/uploads\\\/2025\\\/10\\\/turkiye-a-milli-futbol-takimi-2406204.jpg\",\"contentUrl\":\"https:\\\/\\\/kuzeyinsesi.org\\\/wp-content\\\/uploads\\\/2025\\\/10\\\/turkiye-a-milli-futbol-takimi-2406204.jpg\",\"width\":1280,\"height\":720},{\"@type\":\"BreadcrumbList\",\"@id\":\"https:\\\/\\\/kuzeyinsesi.org\\\/index.php\\\/2025\\\/10\\\/11\\\/a-milli-futbol-takiminin-rakibi-bulgaristan\\\/#breadcrumb\",\"itemListElement\":[{\"@type\":\"ListItem\",\"position\":1,\"name\":\"Anasayfa\",\"item\":\"https:\\\/\\\/kuzeyinsesi.org\\\/\"},{\"@type\":\"ListItem\",\"position\":2,\"name\":\"A Milli Futbol Tak\u0131m\u0131&#039;n\u0131n rakibi Bulgaristan\"}]},{\"@type\":\"WebSite\",\"@id\":\"https:\\\/\\\/kuzeyinsesi.org\\\/#website\",\"url\":\"https:\\\/\\\/kuzeyinsesi.org\\\/\",\"name\":\"Kuzeyin Sesi\",\"description\":\"Do\u011fru Haberin Adresi\",\"potentialAction\":[{\"@type\":\"SearchAction\",\"target\":{\"@type\":\"EntryPoint\",\"urlTemplate\":\"https:\\\/\\\/kuzeyinsesi.org\\\/?s={search_term_string}\"},\"query-input\":{\"@type\":\"PropertyValueSpecification\",\"valueRequired\":true,\"valueName\":\"search_term_string\"}}],\"inLanguage\":\"tr\"},{\"@type\":\"Person\",\"@id\":\"https:\\\/\\\/kuzeyinsesi.org\\\/#\\\/schema\\\/person\\\/9f859689cdf01485597712386e37f5aa\",\"name\":\"Kuzeyin Sesi\",\"image\":{\"@type\":\"ImageObject\",\"inLanguage\":\"tr\",\"@id\":\"https:\\\/\\\/secure.gravatar.com\\\/avatar\\\/bab33852abfd8b282518d6ed81826833d77c3c882d9ab608add591ccace47a44?s=96&d=mm&r=g\",\"url\":\"https:\\\/\\\/secure.gravatar.com\\\/avatar\\\/bab33852abfd8b282518d6ed81826833d77c3c882d9ab608add591ccace47a44?s=96&d=mm&r=g\",\"contentUrl\":\"https:\\\/\\\/secure.gravatar.com\\\/avatar\\\/bab33852abfd8b282518d6ed81826833d77c3c882d9ab608add591ccace47a44?s=96&d=mm&r=g\",\"caption\":\"Kuzeyin Sesi\"},\"sameAs\":[\"https:\\\/\\\/kuzeyinsesi.org\"],\"url\":\"https:\\\/\\\/kuzeyinsesi.org\\\/index.php\\\/author\\\/guven\\\/\"}]}<\/script>\n<!-- \/ Yoast SEO plugin. -->","yoast_head_json":{"title":"A Milli Futbol Tak\u0131m\u0131&#039;n\u0131n rakibi Bulgaristan - Kuzeyin Sesi","robots":{"index":"index","follow":"follow","max-snippet":"max-snippet:-1","max-image-preview":"max-image-preview:large","max-video-preview":"max-video-preview:-1"},"canonical":"https:\/\/kuzeyinsesi.org\/index.php\/2025\/10\/11\/a-milli-futbol-takiminin-rakibi-bulgaristan\/","og_locale":"tr_TR","og_type":"article","og_title":"A Milli Futbol Tak\u0131m\u0131&#039;n\u0131n rakibi Bulgaristan - Kuzeyin Sesi","og_description":"&#13; Vasil Levski Ulusal Stad\u0131&#8217;nda oynanacak kar\u015f\u0131la\u015fma, bug\u00fcn saat 21.45&#8217;te ba\u015flayacak ve TV8&#8217;den naklen yay\u0131nlanacak. &#13; Kar\u015f\u0131la\u015fmada Portekiz Futbol Federasyonundan hakem Luis Godinho d\u00fcd\u00fck \u00e7alacak. Godinho&#8217;nun yard\u0131mc\u0131l\u0131klar\u0131n\u0131 ayn\u0131 \u00fclkeden Rui Teixeira ve Pedro Almeida yapacak. M\u00fccadelenin 4. hakemi Miguel Nogueira olacak. &#13; T\u00fcrkiye, E Grubu&#8217;ndaki \u00fc\u00e7\u00fcnc\u00fc ma\u00e7lar \u00f6ncesinde ayn\u0131 puana sahip G\u00fcrcistan&#8217;\u0131n averajla gerisinde 3. [&hellip;]","og_url":"https:\/\/kuzeyinsesi.org\/index.php\/2025\/10\/11\/a-milli-futbol-takiminin-rakibi-bulgaristan\/","og_site_name":"Kuzeyin Sesi","article_publisher":"https:\/\/www.facebook.com\/kuzeyinsesii","article_published_time":"2025-10-11T04:53:03+00:00","og_image":[{"url":"https:\/\/trthaberstatic.cdn.wp.trt.com.tr\/resimler\/2406000\/turkiye-a-milli-futbol-takimi-2406204.jpg","type":"","width":"","height":""}],"author":"Kuzeyin Sesi","twitter_card":"summary_large_image","twitter_creator":"@kuzeyinsesii","twitter_site":"@kuzeyinsesii","twitter_misc":{"Yazan:":"Kuzeyin Sesi","Tahmini okuma s\u00fcresi":"3 dakika"},"schema":{"@context":"https:\/\/schema.org","@graph":[{"@type":"Article","@id":"https:\/\/kuzeyinsesi.org\/index.php\/2025\/10\/11\/a-milli-futbol-takiminin-rakibi-bulgaristan\/#article","isPartOf":{"@id":"https:\/\/kuzeyinsesi.org\/index.php\/2025\/10\/11\/a-milli-futbol-takiminin-rakibi-bulgaristan\/"},"author":{"name":"Kuzeyin Sesi","@id":"https:\/\/kuzeyinsesi.org\/#\/schema\/person\/9f859689cdf01485597712386e37f5aa"},"headline":"A Milli Futbol Tak\u0131m\u0131&#039;n\u0131n rakibi Bulgaristan","datePublished":"2025-10-11T04:53:03+00:00","mainEntityOfPage":{"@id":"https:\/\/kuzeyinsesi.org\/index.php\/2025\/10\/11\/a-milli-futbol-takiminin-rakibi-bulgaristan\/"},"wordCount":618,"commentCount":0,"image":{"@id":"https:\/\/kuzeyinsesi.org\/index.php\/2025\/10\/11\/a-milli-futbol-takiminin-rakibi-bulgaristan\/#primaryimage"},"thumbnailUrl":"https:\/\/kuzeyinsesi.org\/wp-content\/uploads\/2025\/10\/turkiye-a-milli-futbol-takimi-2406204.jpg","articleSection":["Spor"],"inLanguage":"tr","potentialAction":[{"@type":"CommentAction","name":"Comment","target":["https:\/\/kuzeyinsesi.org\/index.php\/2025\/10\/11\/a-milli-futbol-takiminin-rakibi-bulgaristan\/#respond"]}]},{"@type":"WebPage","@id":"https:\/\/kuzeyinsesi.org\/index.php\/2025\/10\/11\/a-milli-futbol-takiminin-rakibi-bulgaristan\/","url":"https:\/\/kuzeyinsesi.org\/index.php\/2025\/10\/11\/a-milli-futbol-takiminin-rakibi-bulgaristan\/","name":"A Milli Futbol Tak\u0131m\u0131&#039;n\u0131n rakibi Bulgaristan - Kuzeyin Sesi","isPartOf":{"@id":"https:\/\/kuzeyinsesi.org\/#website"},"primaryImageOfPage":{"@id":"https:\/\/kuzeyinsesi.org\/index.php\/2025\/10\/11\/a-milli-futbol-takiminin-rakibi-bulgaristan\/#primaryimage"},"image":{"@id":"https:\/\/kuzeyinsesi.org\/index.php\/2025\/10\/11\/a-milli-futbol-takiminin-rakibi-bulgaristan\/#primaryimage"},"thumbnailUrl":"https:\/\/kuzeyinsesi.org\/wp-content\/uploads\/2025\/10\/turkiye-a-milli-futbol-takimi-2406204.jpg","datePublished":"2025-10-11T04:53:03+00:00","author":{"@id":"https:\/\/kuzeyinsesi.org\/#\/schema\/person\/9f859689cdf01485597712386e37f5aa"},"breadcrumb":{"@id":"https:\/\/kuzeyinsesi.org\/index.php\/2025\/10\/11\/a-milli-futbol-takiminin-rakibi-bulgaristan\/#breadcrumb"},"inLanguage":"tr","potentialAction":[{"@type":"ReadAction","target":["https:\/\/kuzeyinsesi.org\/index.php\/2025\/10\/11\/a-milli-futbol-takiminin-rakibi-bulgaristan\/"]}]},{"@type":"ImageObject","inLanguage":"tr","@id":"https:\/\/kuzeyinsesi.org\/index.php\/2025\/10\/11\/a-milli-futbol-takiminin-rakibi-bulgaristan\/#primaryimage","url":"https:\/\/kuzeyinsesi.org\/wp-content\/uploads\/2025\/10\/turkiye-a-milli-futbol-takimi-2406204.jpg","contentUrl":"https:\/\/kuzeyinsesi.org\/wp-content\/uploads\/2025\/10\/turkiye-a-milli-futbol-takimi-2406204.jpg","width":1280,"height":720},{"@type":"BreadcrumbList","@id":"https:\/\/kuzeyinsesi.org\/index.php\/2025\/10\/11\/a-milli-futbol-takiminin-rakibi-bulgaristan\/#breadcrumb","itemListElement":[{"@type":"ListItem","position":1,"name":"Anasayfa","item":"https:\/\/kuzeyinsesi.org\/"},{"@type":"ListItem","position":2,"name":"A Milli Futbol Tak\u0131m\u0131&#039;n\u0131n rakibi Bulgaristan"}]},{"@type":"WebSite","@id":"https:\/\/kuzeyinsesi.org\/#website","url":"https:\/\/kuzeyinsesi.org\/","name":"Kuzeyin Sesi","description":"Do\u011fru Haberin Adresi","potentialAction":[{"@type":"SearchAction","target":{"@type":"EntryPoint","urlTemplate":"https:\/\/kuzeyinsesi.org\/?s={search_term_string}"},"query-input":{"@type":"PropertyValueSpecification","valueRequired":true,"valueName":"search_term_string"}}],"inLanguage":"tr"},{"@type":"Person","@id":"https:\/\/kuzeyinsesi.org\/#\/schema\/person\/9f859689cdf01485597712386e37f5aa","name":"Kuzeyin Sesi","image":{"@type":"ImageObject","inLanguage":"tr","@id":"https:\/\/secure.gravatar.com\/avatar\/bab33852abfd8b282518d6ed81826833d77c3c882d9ab608add591ccace47a44?s=96&d=mm&r=g","url":"https:\/\/secure.gravatar.com\/avatar\/bab33852abfd8b282518d6ed81826833d77c3c882d9ab608add591ccace47a44?s=96&d=mm&r=g","contentUrl":"https:\/\/secure.gravatar.com\/avatar\/bab33852abfd8b282518d6ed81826833d77c3c882d9ab608add591ccace47a44?s=96&d=mm&r=g","caption":"Kuzeyin Sesi"},"sameAs":["https:\/\/kuzeyinsesi.org"],"url":"https:\/\/kuzeyinsesi.org\/index.php\/author\/guven\/"}]}},"_links":{"self":[{"href":"https:\/\/kuzeyinsesi.org\/index.php\/wp-json\/wp\/v2\/posts\/33067","targetHints":{"allow":["GET"]}}],"collection":[{"href":"https:\/\/kuzeyinsesi.org\/index.php\/wp-json\/wp\/v2\/posts"}],"about":[{"href":"https:\/\/kuzeyinsesi.org\/index.php\/wp-json\/wp\/v2\/types\/post"}],"author":[{"embeddable":true,"href":"https:\/\/kuzeyinsesi.org\/index.php\/wp-json\/wp\/v2\/users\/1"}],"replies":[{"embeddable":true,"href":"https:\/\/kuzeyinsesi.org\/index.php\/wp-json\/wp\/v2\/comments?post=33067"}],"version-history":[{"count":0,"href":"https:\/\/kuzeyinsesi.org\/index.php\/wp-json\/wp\/v2\/posts\/33067\/revisions"}],"wp:featuredmedia":[{"embeddable":true,"href":"https:\/\/kuzeyinsesi.org\/index.php\/wp-json\/wp\/v2\/media\/33030"}],"wp:attachment":[{"href":"https:\/\/kuzeyinsesi.org\/index.php\/wp-json\/wp\/v2\/media?parent=33067"}],"wp:term":[{"taxonomy":"category","embeddable":true,"href":"https:\/\/kuzeyinsesi.org\/index.php\/wp-json\/wp\/v2\/categories?post=33067"},{"taxonomy":"post_tag","embeddable":true,"href":"https:\/\/kuzeyinsesi.org\/index.php\/wp-json\/wp\/v2\/tags?post=33067"}],"curies":[{"name":"wp","href":"https:\/\/api.w.org\/{rel}","templated":true}]}}