{"id":3278,"date":"2024-05-24T10:35:12","date_gmt":"2024-05-24T07:35:12","guid":{"rendered":"https:\/\/kuzeyinsesi.com\/index.php\/2024\/05\/24\/ask-yolcusu-sergisi-ercan-havalimaninda-acildi\/"},"modified":"2024-05-24T10:35:12","modified_gmt":"2024-05-24T07:35:12","slug":"ask-yolcusu-sergisi-ercan-havalimaninda-acildi","status":"publish","type":"post","link":"https:\/\/kuzeyinsesi.org\/index.php\/2024\/05\/24\/ask-yolcusu-sergisi-ercan-havalimaninda-acildi\/","title":{"rendered":"\u201cA\u015fk Yolcusu\u201d sergisi Ercan Havaliman\u0131\u2019nda a\u00e7\u0131ld\u0131"},"content":{"rendered":"<div>\n<div class=\"mariselle-image-container center\">\n                                            <\/div>\n<p>\u201cA\u015fk Yolcusu\u201d sergisi Ercan Havaliman\u0131\u2019nda a\u00e7\u0131ld\u0131.<\/p>\n<p>T&amp;T Havaliman\u0131 \u0130\u015fletmecili\u011fi\u2019nden yap\u0131lan a\u00e7\u0131klamaya g\u00f6re, \u201cA\u015fk Yolcusu\u201d ismini ta\u015f\u0131yan sergi Ercan Havaliman\u0131\u2019n\u0131n giden yolcu b\u00f6l\u00fcm\u00fcnde yolcularla bulu\u015fturuldu.<\/p>\n<p>Ercan Havaliman\u0131\u2019n\u0131n bu ayki ikinci sergi konu\u011fu uzun y\u0131llar Amerika Birle\u015fik Devletleri\u2019nde ya\u015fayan ve 50 y\u0131ld\u0131r sanatla u\u011fra\u015fan K\u0131br\u0131sl\u0131 T\u00fcrk resim sanat\u00e7\u0131s\u0131 Naz\u0131m Artist oldu.<\/p>\n<p>Artist\u2019in havaliman\u0131ndaki \u201cA\u015fk Yolcusu\u201d sergisi, Londra ve Kuzey K\u0131br\u0131s aras\u0131nda son 20 y\u0131lda olu\u015fturulan resim koleksiyonunda transandantal temalar ve b\u00fcy\u00fcl\u00fc ger\u00e7ek\u00e7ilik \u00fczerinden g\u00f6rsel bir yolculuk sunuyor.<\/p>\n<p>Sergilenen eserler i\u00e7ersinde Naz\u0131m Artist\u2019in her zaman hayranl\u0131k kayna\u011f\u0131 olan Semazenlerden ilham alan g\u00f6rsellerden olu\u015fan bir se\u00e7kiyi bir araya getiriyor.<\/p>\n<p>\u201cA\u015fk Yolcusu\u201d ismini ta\u015f\u0131yan sergi, 15 Haziran\u2019a kadar a\u00e7\u0131k olacak.<\/p>\n<\/p><\/div>\n<p><script async\n                    defer\n                    crossorigin=\"anonymous\"\n                    src=\"https:\/\/connect.facebook.net\/tr_TR\/sdk.js#xfbml=1&#038;version=v3.3\"\n            ><\/script><\/p>\n","protected":false},"excerpt":{"rendered":"<p>\u201cA\u015fk Yolcusu\u201d sergisi Ercan Havaliman\u0131\u2019nda a\u00e7\u0131ld\u0131. T&amp;T Havaliman\u0131 \u0130\u015fletmecili\u011fi\u2019nden yap\u0131lan a\u00e7\u0131klamaya g\u00f6re, \u201cA\u015fk Yolcusu\u201d ismini ta\u015f\u0131yan sergi Ercan Havaliman\u0131\u2019n\u0131n giden yolcu b\u00f6l\u00fcm\u00fcnde yolcularla bulu\u015fturuldu. Ercan Havaliman\u0131\u2019n\u0131n bu ayki ikinci sergi konu\u011fu uzun y\u0131llar Amerika Birle\u015fik Devletleri\u2019nde ya\u015fayan ve 50 y\u0131ld\u0131r sanatla u\u011fra\u015fan K\u0131br\u0131sl\u0131 T\u00fcrk resim sanat\u00e7\u0131s\u0131 Naz\u0131m Artist oldu. Artist\u2019in havaliman\u0131ndaki \u201cA\u015fk Yolcusu\u201d sergisi, Londra [&hellip;]<\/p>\n","protected":false},"author":1,"featured_media":3279,"comment_status":"open","ping_status":"open","sticky":false,"template":"","format":"standard","meta":{"jnews-multi-image_gallery":[],"jnews_single_post":[],"jnews_primary_category":[],"jnews_social_meta":[],"jnews_override_counter":[],"footnotes":""},"categories":[6],"tags":[],"class_list":["post-3278","post","type-post","status-publish","format-standard","has-post-thumbnail","hentry","category-yasam"],"yoast_head":"<!-- This site is optimized with the Yoast SEO plugin v27.5 - https:\/\/yoast.com\/product\/yoast-seo-wordpress\/ -->\n<title>\u201cA\u015fk Yolcusu\u201d sergisi Ercan Havaliman\u0131\u2019nda a\u00e7\u0131ld\u0131 - Kuzeyin Sesi<\/title>\n<meta name=\"robots\" content=\"index, follow, max-snippet:-1, max-image-preview:large, max-video-preview:-1\" \/>\n<link rel=\"canonical\" href=\"https:\/\/kuzeyinsesi.org\/index.php\/2024\/05\/24\/ask-yolcusu-sergisi-ercan-havalimaninda-acildi\/\" \/>\n<meta property=\"og:locale\" content=\"tr_TR\" \/>\n<meta property=\"og:type\" content=\"article\" \/>\n<meta property=\"og:title\" content=\"\u201cA\u015fk Yolcusu\u201d sergisi Ercan Havaliman\u0131\u2019nda a\u00e7\u0131ld\u0131 - Kuzeyin Sesi\" \/>\n<meta property=\"og:description\" content=\"\u201cA\u015fk Yolcusu\u201d sergisi Ercan Havaliman\u0131\u2019nda a\u00e7\u0131ld\u0131. T&amp;T Havaliman\u0131 \u0130\u015fletmecili\u011fi\u2019nden yap\u0131lan a\u00e7\u0131klamaya g\u00f6re, \u201cA\u015fk Yolcusu\u201d ismini ta\u015f\u0131yan sergi Ercan Havaliman\u0131\u2019n\u0131n giden yolcu b\u00f6l\u00fcm\u00fcnde yolcularla bulu\u015fturuldu. Ercan Havaliman\u0131\u2019n\u0131n bu ayki ikinci sergi konu\u011fu uzun y\u0131llar Amerika Birle\u015fik Devletleri\u2019nde ya\u015fayan ve 50 y\u0131ld\u0131r sanatla u\u011fra\u015fan K\u0131br\u0131sl\u0131 T\u00fcrk resim sanat\u00e7\u0131s\u0131 Naz\u0131m Artist oldu. Artist\u2019in havaliman\u0131ndaki \u201cA\u015fk Yolcusu\u201d sergisi, Londra [&hellip;]\" \/>\n<meta property=\"og:url\" content=\"https:\/\/kuzeyinsesi.org\/index.php\/2024\/05\/24\/ask-yolcusu-sergisi-ercan-havalimaninda-acildi\/\" \/>\n<meta property=\"og:site_name\" content=\"Kuzeyin Sesi\" \/>\n<meta property=\"article:publisher\" content=\"https:\/\/www.facebook.com\/kuzeyinsesii\" \/>\n<meta property=\"article:published_time\" content=\"2024-05-24T07:35:12+00:00\" \/>\n<meta property=\"og:image\" content=\"https:\/\/kuzeyinsesi.org\/wp-content\/uploads\/2024\/05\/20384028-scaled.jpg\" \/>\n\t<meta property=\"og:image:width\" content=\"2560\" \/>\n\t<meta property=\"og:image:height\" content=\"1920\" \/>\n\t<meta property=\"og:image:type\" content=\"image\/jpeg\" \/>\n<meta name=\"author\" content=\"Kuzeyin Sesi\" \/>\n<meta name=\"twitter:card\" content=\"summary_large_image\" \/>\n<meta name=\"twitter:creator\" content=\"@kuzeyinsesii\" \/>\n<meta name=\"twitter:site\" content=\"@kuzeyinsesii\" \/>\n<meta name=\"twitter:label1\" content=\"Yazan:\" \/>\n\t<meta name=\"twitter:data1\" content=\"Kuzeyin Sesi\" \/>\n\t<meta name=\"twitter:label2\" content=\"Tahmini okuma s\u00fcresi\" \/>\n\t<meta name=\"twitter:data2\" content=\"1 dakika\" \/>\n<script type=\"application\/ld+json\" class=\"yoast-schema-graph\">{\"@context\":\"https:\\\/\\\/schema.org\",\"@graph\":[{\"@type\":\"Article\",\"@id\":\"https:\\\/\\\/kuzeyinsesi.org\\\/index.php\\\/2024\\\/05\\\/24\\\/ask-yolcusu-sergisi-ercan-havalimaninda-acildi\\\/#article\",\"isPartOf\":{\"@id\":\"https:\\\/\\\/kuzeyinsesi.org\\\/index.php\\\/2024\\\/05\\\/24\\\/ask-yolcusu-sergisi-ercan-havalimaninda-acildi\\\/\"},\"author\":{\"name\":\"Kuzeyin Sesi\",\"@id\":\"https:\\\/\\\/kuzeyinsesi.org\\\/#\\\/schema\\\/person\\\/9f859689cdf01485597712386e37f5aa\"},\"headline\":\"\u201cA\u015fk Yolcusu\u201d sergisi Ercan Havaliman\u0131\u2019nda a\u00e7\u0131ld\u0131\",\"datePublished\":\"2024-05-24T07:35:12+00:00\",\"mainEntityOfPage\":{\"@id\":\"https:\\\/\\\/kuzeyinsesi.org\\\/index.php\\\/2024\\\/05\\\/24\\\/ask-yolcusu-sergisi-ercan-havalimaninda-acildi\\\/\"},\"wordCount\":169,\"commentCount\":0,\"image\":{\"@id\":\"https:\\\/\\\/kuzeyinsesi.org\\\/index.php\\\/2024\\\/05\\\/24\\\/ask-yolcusu-sergisi-ercan-havalimaninda-acildi\\\/#primaryimage\"},\"thumbnailUrl\":\"https:\\\/\\\/kuzeyinsesi.org\\\/wp-content\\\/uploads\\\/2024\\\/05\\\/20384028-scaled.jpg\",\"articleSection\":[\"Ya\u015fam\"],\"inLanguage\":\"tr\",\"potentialAction\":[{\"@type\":\"CommentAction\",\"name\":\"Comment\",\"target\":[\"https:\\\/\\\/kuzeyinsesi.org\\\/index.php\\\/2024\\\/05\\\/24\\\/ask-yolcusu-sergisi-ercan-havalimaninda-acildi\\\/#respond\"]}]},{\"@type\":\"WebPage\",\"@id\":\"https:\\\/\\\/kuzeyinsesi.org\\\/index.php\\\/2024\\\/05\\\/24\\\/ask-yolcusu-sergisi-ercan-havalimaninda-acildi\\\/\",\"url\":\"https:\\\/\\\/kuzeyinsesi.org\\\/index.php\\\/2024\\\/05\\\/24\\\/ask-yolcusu-sergisi-ercan-havalimaninda-acildi\\\/\",\"name\":\"\u201cA\u015fk Yolcusu\u201d sergisi Ercan Havaliman\u0131\u2019nda a\u00e7\u0131ld\u0131 - Kuzeyin Sesi\",\"isPartOf\":{\"@id\":\"https:\\\/\\\/kuzeyinsesi.org\\\/#website\"},\"primaryImageOfPage\":{\"@id\":\"https:\\\/\\\/kuzeyinsesi.org\\\/index.php\\\/2024\\\/05\\\/24\\\/ask-yolcusu-sergisi-ercan-havalimaninda-acildi\\\/#primaryimage\"},\"image\":{\"@id\":\"https:\\\/\\\/kuzeyinsesi.org\\\/index.php\\\/2024\\\/05\\\/24\\\/ask-yolcusu-sergisi-ercan-havalimaninda-acildi\\\/#primaryimage\"},\"thumbnailUrl\":\"https:\\\/\\\/kuzeyinsesi.org\\\/wp-content\\\/uploads\\\/2024\\\/05\\\/20384028-scaled.jpg\",\"datePublished\":\"2024-05-24T07:35:12+00:00\",\"author\":{\"@id\":\"https:\\\/\\\/kuzeyinsesi.org\\\/#\\\/schema\\\/person\\\/9f859689cdf01485597712386e37f5aa\"},\"breadcrumb\":{\"@id\":\"https:\\\/\\\/kuzeyinsesi.org\\\/index.php\\\/2024\\\/05\\\/24\\\/ask-yolcusu-sergisi-ercan-havalimaninda-acildi\\\/#breadcrumb\"},\"inLanguage\":\"tr\",\"potentialAction\":[{\"@type\":\"ReadAction\",\"target\":[\"https:\\\/\\\/kuzeyinsesi.org\\\/index.php\\\/2024\\\/05\\\/24\\\/ask-yolcusu-sergisi-ercan-havalimaninda-acildi\\\/\"]}]},{\"@type\":\"ImageObject\",\"inLanguage\":\"tr\",\"@id\":\"https:\\\/\\\/kuzeyinsesi.org\\\/index.php\\\/2024\\\/05\\\/24\\\/ask-yolcusu-sergisi-ercan-havalimaninda-acildi\\\/#primaryimage\",\"url\":\"https:\\\/\\\/kuzeyinsesi.org\\\/wp-content\\\/uploads\\\/2024\\\/05\\\/20384028-scaled.jpg\",\"contentUrl\":\"https:\\\/\\\/kuzeyinsesi.org\\\/wp-content\\\/uploads\\\/2024\\\/05\\\/20384028-scaled.jpg\",\"width\":2560,\"height\":1920},{\"@type\":\"BreadcrumbList\",\"@id\":\"https:\\\/\\\/kuzeyinsesi.org\\\/index.php\\\/2024\\\/05\\\/24\\\/ask-yolcusu-sergisi-ercan-havalimaninda-acildi\\\/#breadcrumb\",\"itemListElement\":[{\"@type\":\"ListItem\",\"position\":1,\"name\":\"Anasayfa\",\"item\":\"https:\\\/\\\/kuzeyinsesi.org\\\/\"},{\"@type\":\"ListItem\",\"position\":2,\"name\":\"\u201cA\u015fk Yolcusu\u201d sergisi Ercan Havaliman\u0131\u2019nda a\u00e7\u0131ld\u0131\"}]},{\"@type\":\"WebSite\",\"@id\":\"https:\\\/\\\/kuzeyinsesi.org\\\/#website\",\"url\":\"https:\\\/\\\/kuzeyinsesi.org\\\/\",\"name\":\"Kuzeyin Sesi\",\"description\":\"Do\u011fru Haberin Adresi\",\"potentialAction\":[{\"@type\":\"SearchAction\",\"target\":{\"@type\":\"EntryPoint\",\"urlTemplate\":\"https:\\\/\\\/kuzeyinsesi.org\\\/?s={search_term_string}\"},\"query-input\":{\"@type\":\"PropertyValueSpecification\",\"valueRequired\":true,\"valueName\":\"search_term_string\"}}],\"inLanguage\":\"tr\"},{\"@type\":\"Person\",\"@id\":\"https:\\\/\\\/kuzeyinsesi.org\\\/#\\\/schema\\\/person\\\/9f859689cdf01485597712386e37f5aa\",\"name\":\"Kuzeyin Sesi\",\"image\":{\"@type\":\"ImageObject\",\"inLanguage\":\"tr\",\"@id\":\"https:\\\/\\\/secure.gravatar.com\\\/avatar\\\/bab33852abfd8b282518d6ed81826833d77c3c882d9ab608add591ccace47a44?s=96&d=mm&r=g\",\"url\":\"https:\\\/\\\/secure.gravatar.com\\\/avatar\\\/bab33852abfd8b282518d6ed81826833d77c3c882d9ab608add591ccace47a44?s=96&d=mm&r=g\",\"contentUrl\":\"https:\\\/\\\/secure.gravatar.com\\\/avatar\\\/bab33852abfd8b282518d6ed81826833d77c3c882d9ab608add591ccace47a44?s=96&d=mm&r=g\",\"caption\":\"Kuzeyin Sesi\"},\"sameAs\":[\"https:\\\/\\\/kuzeyinsesi.org\"],\"url\":\"https:\\\/\\\/kuzeyinsesi.org\\\/index.php\\\/author\\\/guven\\\/\"}]}<\/script>\n<!-- \/ Yoast SEO plugin. -->","yoast_head_json":{"title":"\u201cA\u015fk Yolcusu\u201d sergisi Ercan Havaliman\u0131\u2019nda a\u00e7\u0131ld\u0131 - Kuzeyin Sesi","robots":{"index":"index","follow":"follow","max-snippet":"max-snippet:-1","max-image-preview":"max-image-preview:large","max-video-preview":"max-video-preview:-1"},"canonical":"https:\/\/kuzeyinsesi.org\/index.php\/2024\/05\/24\/ask-yolcusu-sergisi-ercan-havalimaninda-acildi\/","og_locale":"tr_TR","og_type":"article","og_title":"\u201cA\u015fk Yolcusu\u201d sergisi Ercan Havaliman\u0131\u2019nda a\u00e7\u0131ld\u0131 - Kuzeyin Sesi","og_description":"\u201cA\u015fk Yolcusu\u201d sergisi Ercan Havaliman\u0131\u2019nda a\u00e7\u0131ld\u0131. T&amp;T Havaliman\u0131 \u0130\u015fletmecili\u011fi\u2019nden yap\u0131lan a\u00e7\u0131klamaya g\u00f6re, \u201cA\u015fk Yolcusu\u201d ismini ta\u015f\u0131yan sergi Ercan Havaliman\u0131\u2019n\u0131n giden yolcu b\u00f6l\u00fcm\u00fcnde yolcularla bulu\u015fturuldu. Ercan Havaliman\u0131\u2019n\u0131n bu ayki ikinci sergi konu\u011fu uzun y\u0131llar Amerika Birle\u015fik Devletleri\u2019nde ya\u015fayan ve 50 y\u0131ld\u0131r sanatla u\u011fra\u015fan K\u0131br\u0131sl\u0131 T\u00fcrk resim sanat\u00e7\u0131s\u0131 Naz\u0131m Artist oldu. Artist\u2019in havaliman\u0131ndaki \u201cA\u015fk Yolcusu\u201d sergisi, Londra [&hellip;]","og_url":"https:\/\/kuzeyinsesi.org\/index.php\/2024\/05\/24\/ask-yolcusu-sergisi-ercan-havalimaninda-acildi\/","og_site_name":"Kuzeyin Sesi","article_publisher":"https:\/\/www.facebook.com\/kuzeyinsesii","article_published_time":"2024-05-24T07:35:12+00:00","og_image":[{"width":2560,"height":1920,"url":"https:\/\/kuzeyinsesi.org\/wp-content\/uploads\/2024\/05\/20384028-scaled.jpg","type":"image\/jpeg"}],"author":"Kuzeyin Sesi","twitter_card":"summary_large_image","twitter_creator":"@kuzeyinsesii","twitter_site":"@kuzeyinsesii","twitter_misc":{"Yazan:":"Kuzeyin Sesi","Tahmini okuma s\u00fcresi":"1 dakika"},"schema":{"@context":"https:\/\/schema.org","@graph":[{"@type":"Article","@id":"https:\/\/kuzeyinsesi.org\/index.php\/2024\/05\/24\/ask-yolcusu-sergisi-ercan-havalimaninda-acildi\/#article","isPartOf":{"@id":"https:\/\/kuzeyinsesi.org\/index.php\/2024\/05\/24\/ask-yolcusu-sergisi-ercan-havalimaninda-acildi\/"},"author":{"name":"Kuzeyin Sesi","@id":"https:\/\/kuzeyinsesi.org\/#\/schema\/person\/9f859689cdf01485597712386e37f5aa"},"headline":"\u201cA\u015fk Yolcusu\u201d sergisi Ercan Havaliman\u0131\u2019nda a\u00e7\u0131ld\u0131","datePublished":"2024-05-24T07:35:12+00:00","mainEntityOfPage":{"@id":"https:\/\/kuzeyinsesi.org\/index.php\/2024\/05\/24\/ask-yolcusu-sergisi-ercan-havalimaninda-acildi\/"},"wordCount":169,"commentCount":0,"image":{"@id":"https:\/\/kuzeyinsesi.org\/index.php\/2024\/05\/24\/ask-yolcusu-sergisi-ercan-havalimaninda-acildi\/#primaryimage"},"thumbnailUrl":"https:\/\/kuzeyinsesi.org\/wp-content\/uploads\/2024\/05\/20384028-scaled.jpg","articleSection":["Ya\u015fam"],"inLanguage":"tr","potentialAction":[{"@type":"CommentAction","name":"Comment","target":["https:\/\/kuzeyinsesi.org\/index.php\/2024\/05\/24\/ask-yolcusu-sergisi-ercan-havalimaninda-acildi\/#respond"]}]},{"@type":"WebPage","@id":"https:\/\/kuzeyinsesi.org\/index.php\/2024\/05\/24\/ask-yolcusu-sergisi-ercan-havalimaninda-acildi\/","url":"https:\/\/kuzeyinsesi.org\/index.php\/2024\/05\/24\/ask-yolcusu-sergisi-ercan-havalimaninda-acildi\/","name":"\u201cA\u015fk Yolcusu\u201d sergisi Ercan Havaliman\u0131\u2019nda a\u00e7\u0131ld\u0131 - Kuzeyin Sesi","isPartOf":{"@id":"https:\/\/kuzeyinsesi.org\/#website"},"primaryImageOfPage":{"@id":"https:\/\/kuzeyinsesi.org\/index.php\/2024\/05\/24\/ask-yolcusu-sergisi-ercan-havalimaninda-acildi\/#primaryimage"},"image":{"@id":"https:\/\/kuzeyinsesi.org\/index.php\/2024\/05\/24\/ask-yolcusu-sergisi-ercan-havalimaninda-acildi\/#primaryimage"},"thumbnailUrl":"https:\/\/kuzeyinsesi.org\/wp-content\/uploads\/2024\/05\/20384028-scaled.jpg","datePublished":"2024-05-24T07:35:12+00:00","author":{"@id":"https:\/\/kuzeyinsesi.org\/#\/schema\/person\/9f859689cdf01485597712386e37f5aa"},"breadcrumb":{"@id":"https:\/\/kuzeyinsesi.org\/index.php\/2024\/05\/24\/ask-yolcusu-sergisi-ercan-havalimaninda-acildi\/#breadcrumb"},"inLanguage":"tr","potentialAction":[{"@type":"ReadAction","target":["https:\/\/kuzeyinsesi.org\/index.php\/2024\/05\/24\/ask-yolcusu-sergisi-ercan-havalimaninda-acildi\/"]}]},{"@type":"ImageObject","inLanguage":"tr","@id":"https:\/\/kuzeyinsesi.org\/index.php\/2024\/05\/24\/ask-yolcusu-sergisi-ercan-havalimaninda-acildi\/#primaryimage","url":"https:\/\/kuzeyinsesi.org\/wp-content\/uploads\/2024\/05\/20384028-scaled.jpg","contentUrl":"https:\/\/kuzeyinsesi.org\/wp-content\/uploads\/2024\/05\/20384028-scaled.jpg","width":2560,"height":1920},{"@type":"BreadcrumbList","@id":"https:\/\/kuzeyinsesi.org\/index.php\/2024\/05\/24\/ask-yolcusu-sergisi-ercan-havalimaninda-acildi\/#breadcrumb","itemListElement":[{"@type":"ListItem","position":1,"name":"Anasayfa","item":"https:\/\/kuzeyinsesi.org\/"},{"@type":"ListItem","position":2,"name":"\u201cA\u015fk Yolcusu\u201d sergisi Ercan Havaliman\u0131\u2019nda a\u00e7\u0131ld\u0131"}]},{"@type":"WebSite","@id":"https:\/\/kuzeyinsesi.org\/#website","url":"https:\/\/kuzeyinsesi.org\/","name":"Kuzeyin Sesi","description":"Do\u011fru Haberin Adresi","potentialAction":[{"@type":"SearchAction","target":{"@type":"EntryPoint","urlTemplate":"https:\/\/kuzeyinsesi.org\/?s={search_term_string}"},"query-input":{"@type":"PropertyValueSpecification","valueRequired":true,"valueName":"search_term_string"}}],"inLanguage":"tr"},{"@type":"Person","@id":"https:\/\/kuzeyinsesi.org\/#\/schema\/person\/9f859689cdf01485597712386e37f5aa","name":"Kuzeyin Sesi","image":{"@type":"ImageObject","inLanguage":"tr","@id":"https:\/\/secure.gravatar.com\/avatar\/bab33852abfd8b282518d6ed81826833d77c3c882d9ab608add591ccace47a44?s=96&d=mm&r=g","url":"https:\/\/secure.gravatar.com\/avatar\/bab33852abfd8b282518d6ed81826833d77c3c882d9ab608add591ccace47a44?s=96&d=mm&r=g","contentUrl":"https:\/\/secure.gravatar.com\/avatar\/bab33852abfd8b282518d6ed81826833d77c3c882d9ab608add591ccace47a44?s=96&d=mm&r=g","caption":"Kuzeyin Sesi"},"sameAs":["https:\/\/kuzeyinsesi.org"],"url":"https:\/\/kuzeyinsesi.org\/index.php\/author\/guven\/"}]}},"_links":{"self":[{"href":"https:\/\/kuzeyinsesi.org\/index.php\/wp-json\/wp\/v2\/posts\/3278","targetHints":{"allow":["GET"]}}],"collection":[{"href":"https:\/\/kuzeyinsesi.org\/index.php\/wp-json\/wp\/v2\/posts"}],"about":[{"href":"https:\/\/kuzeyinsesi.org\/index.php\/wp-json\/wp\/v2\/types\/post"}],"author":[{"embeddable":true,"href":"https:\/\/kuzeyinsesi.org\/index.php\/wp-json\/wp\/v2\/users\/1"}],"replies":[{"embeddable":true,"href":"https:\/\/kuzeyinsesi.org\/index.php\/wp-json\/wp\/v2\/comments?post=3278"}],"version-history":[{"count":0,"href":"https:\/\/kuzeyinsesi.org\/index.php\/wp-json\/wp\/v2\/posts\/3278\/revisions"}],"wp:featuredmedia":[{"embeddable":true,"href":"https:\/\/kuzeyinsesi.org\/index.php\/wp-json\/wp\/v2\/media\/3279"}],"wp:attachment":[{"href":"https:\/\/kuzeyinsesi.org\/index.php\/wp-json\/wp\/v2\/media?parent=3278"}],"wp:term":[{"taxonomy":"category","embeddable":true,"href":"https:\/\/kuzeyinsesi.org\/index.php\/wp-json\/wp\/v2\/categories?post=3278"},{"taxonomy":"post_tag","embeddable":true,"href":"https:\/\/kuzeyinsesi.org\/index.php\/wp-json\/wp\/v2\/tags?post=3278"}],"curies":[{"name":"wp","href":"https:\/\/api.w.org\/{rel}","templated":true}]}}