{"id":32645,"date":"2025-10-04T03:04:53","date_gmt":"2025-10-04T00:04:53","guid":{"rendered":"https:\/\/kuzeyinsesi.org\/index.php\/2025\/10\/04\/cumhurbaskani-erdogan-hamasin-gazze-planina-yaniti-kalici-baris-icin-onemli-bir-adim\/"},"modified":"2025-10-04T03:04:53","modified_gmt":"2025-10-04T00:04:53","slug":"cumhurbaskani-erdogan-hamasin-gazze-planina-yaniti-kalici-baris-icin-onemli-bir-adim","status":"publish","type":"post","link":"https:\/\/kuzeyinsesi.org\/index.php\/2025\/10\/04\/cumhurbaskani-erdogan-hamasin-gazze-planina-yaniti-kalici-baris-icin-onemli-bir-adim\/","title":{"rendered":"Cumhurba\u015fkan\u0131 Erdo\u011fan: Hamas\u0131n Gazze plan\u0131na yan\u0131t\u0131 kal\u0131c\u0131 bar\u0131\u015f i\u00e7in \u00f6nemli bir ad\u0131m"},"content":{"rendered":"<p><\/p>\n<div>\n<p>&#13;<br \/>\n\tHamas\u2019\u0131n Gazze\u2019de ate\u015fkes i\u00e7in haz\u0131rlanan plana yan\u0131t\u0131 hakk\u0131nda Cumhurba\u015fkan\u0131 Recep Tayyip Erdo\u011fan, sosyal <a href=\"https:\/\/www.trthaber.com\/etiket\/medya\/\" target=\"_blank\">medya<\/a> hesab\u0131ndan a\u00e7\u0131klama yapt\u0131.<\/p>\n<p>Erdo\u011fan, yan\u0131t\u0131n kal\u0131c\u0131 bar\u0131\u015f i\u00e7in \u00f6nemli bir ad\u0131m oldu\u011funa de\u011finerek, &#8220;Hamas\u2019\u0131n Gazze\u2019de ate\u015fkesin tesisine y\u00f6nelik plana verdi\u011fi yan\u0131t, kal\u0131c\u0131 bar\u0131\u015f\u0131n sa\u011flanmas\u0131 noktas\u0131nda yap\u0131c\u0131 ve \u00f6nemli bir ad\u0131md\u0131r. \u015eimdi yap\u0131lmas\u0131 gereken, \u0130srail\u2019in t\u00fcm sald\u0131r\u0131lar\u0131n\u0131 derhal durdurmas\u0131 ve ate\u015fkes plan\u0131na uymas\u0131d\u0131r. Gazze\u2019ye insani yard\u0131mlar\u0131n ula\u015ft\u0131r\u0131lmas\u0131 ve kal\u0131c\u0131 bar\u0131\u015f\u0131n sa\u011flanmas\u0131 ad\u0131na t\u00fcm ad\u0131mlar vakit kaybetmeden at\u0131lmal\u0131; k\u00fcresel vicdan\u0131 derinden yaralayan bu soyk\u0131r\u0131m, bu utan\u00e7 tablosu art\u0131k son bulmal\u0131d\u0131r&#8221; ifadelerine yer verdi.<\/p>\n<p>T\u00fcrkiye\u2019nin iki devletli \u00e7\u00f6z\u00fcm i\u00e7in m\u00fccadele edece\u011fine vurgu yapan Erdo\u011fan, &#8220;T\u00fcrkiye olarak g\u00f6r\u00fc\u015fmelerin Filistin halk\u0131 i\u00e7in en hay\u0131rl\u0131 \u015fekilde neticelenmesi, uluslararas\u0131 toplumun da destek verdi\u011fi iki devletli \u00e7\u00f6z\u00fcm\u00fcn hayata ge\u00e7irilmesi i\u00e7in t\u00fcm imk\u00e2nlar\u0131m\u0131zla m\u00fccadele etmeyi s\u00fcrd\u00fcrece\u011fiz&#8221; ifadelerini kulland\u0131.<\/p>\n<\/p><\/div>\n","protected":false},"excerpt":{"rendered":"<p>&#13; Hamas\u2019\u0131n Gazze\u2019de ate\u015fkes i\u00e7in haz\u0131rlanan plana yan\u0131t\u0131 hakk\u0131nda Cumhurba\u015fkan\u0131 Recep Tayyip Erdo\u011fan, sosyal medya hesab\u0131ndan a\u00e7\u0131klama yapt\u0131. Erdo\u011fan, yan\u0131t\u0131n kal\u0131c\u0131 bar\u0131\u015f i\u00e7in \u00f6nemli bir ad\u0131m oldu\u011funa de\u011finerek, &#8220;Hamas\u2019\u0131n Gazze\u2019de ate\u015fkesin tesisine y\u00f6nelik plana verdi\u011fi yan\u0131t, kal\u0131c\u0131 bar\u0131\u015f\u0131n sa\u011flanmas\u0131 noktas\u0131nda yap\u0131c\u0131 ve \u00f6nemli bir ad\u0131md\u0131r. \u015eimdi yap\u0131lmas\u0131 gereken, \u0130srail\u2019in t\u00fcm sald\u0131r\u0131lar\u0131n\u0131 derhal durdurmas\u0131 ve ate\u015fkes [&hellip;]<\/p>\n","protected":false},"author":1,"featured_media":32646,"comment_status":"open","ping_status":"open","sticky":false,"template":"","format":"standard","meta":{"jnews-multi-image_gallery":[],"jnews_single_post":[],"jnews_primary_category":[],"jnews_social_meta":[],"jnews_override_counter":[],"footnotes":""},"categories":[2],"tags":[],"class_list":["post-32645","post","type-post","status-publish","format-standard","has-post-thumbnail","hentry","category-dunya"],"yoast_head":"<!-- This site is optimized with the Yoast SEO plugin v27.5 - https:\/\/yoast.com\/product\/yoast-seo-wordpress\/ -->\n<title>Cumhurba\u015fkan\u0131 Erdo\u011fan: Hamas\u0131n Gazze plan\u0131na yan\u0131t\u0131 kal\u0131c\u0131 bar\u0131\u015f i\u00e7in \u00f6nemli bir ad\u0131m - Kuzeyin Sesi<\/title>\n<meta name=\"robots\" content=\"index, follow, max-snippet:-1, max-image-preview:large, max-video-preview:-1\" \/>\n<link rel=\"canonical\" href=\"https:\/\/kuzeyinsesi.org\/index.php\/2025\/10\/04\/cumhurbaskani-erdogan-hamasin-gazze-planina-yaniti-kalici-baris-icin-onemli-bir-adim\/\" \/>\n<meta property=\"og:locale\" content=\"tr_TR\" \/>\n<meta property=\"og:type\" content=\"article\" \/>\n<meta property=\"og:title\" content=\"Cumhurba\u015fkan\u0131 Erdo\u011fan: Hamas\u0131n Gazze plan\u0131na yan\u0131t\u0131 kal\u0131c\u0131 bar\u0131\u015f i\u00e7in \u00f6nemli bir ad\u0131m - Kuzeyin Sesi\" \/>\n<meta property=\"og:description\" content=\"&#013; Hamas\u2019\u0131n Gazze\u2019de ate\u015fkes i\u00e7in haz\u0131rlanan plana yan\u0131t\u0131 hakk\u0131nda Cumhurba\u015fkan\u0131 Recep Tayyip Erdo\u011fan, sosyal medya hesab\u0131ndan a\u00e7\u0131klama yapt\u0131. Erdo\u011fan, yan\u0131t\u0131n kal\u0131c\u0131 bar\u0131\u015f i\u00e7in \u00f6nemli bir ad\u0131m oldu\u011funa de\u011finerek, &#8220;Hamas\u2019\u0131n Gazze\u2019de ate\u015fkesin tesisine y\u00f6nelik plana verdi\u011fi yan\u0131t, kal\u0131c\u0131 bar\u0131\u015f\u0131n sa\u011flanmas\u0131 noktas\u0131nda yap\u0131c\u0131 ve \u00f6nemli bir ad\u0131md\u0131r. \u015eimdi yap\u0131lmas\u0131 gereken, \u0130srail\u2019in t\u00fcm sald\u0131r\u0131lar\u0131n\u0131 derhal durdurmas\u0131 ve ate\u015fkes [&hellip;]\" \/>\n<meta property=\"og:url\" content=\"https:\/\/kuzeyinsesi.org\/index.php\/2025\/10\/04\/cumhurbaskani-erdogan-hamasin-gazze-planina-yaniti-kalici-baris-icin-onemli-bir-adim\/\" \/>\n<meta property=\"og:site_name\" content=\"Kuzeyin Sesi\" \/>\n<meta property=\"article:publisher\" content=\"https:\/\/www.facebook.com\/kuzeyinsesii\" \/>\n<meta property=\"article:published_time\" content=\"2025-10-04T00:04:53+00:00\" \/>\n<meta property=\"og:image\" content=\"https:\/\/trthaberstatic.cdn.wp.trt.com.tr\/resimler\/2404000\/cumhurbaskani-erdogan-2404164.jpg\" \/>\n<meta name=\"author\" content=\"Kuzeyin Sesi\" \/>\n<meta name=\"twitter:card\" content=\"summary_large_image\" \/>\n<meta name=\"twitter:creator\" content=\"@kuzeyinsesii\" \/>\n<meta name=\"twitter:site\" content=\"@kuzeyinsesii\" \/>\n<meta name=\"twitter:label1\" content=\"Yazan:\" \/>\n\t<meta name=\"twitter:data1\" content=\"Kuzeyin Sesi\" \/>\n\t<meta name=\"twitter:label2\" content=\"Tahmini okuma s\u00fcresi\" \/>\n\t<meta name=\"twitter:data2\" content=\"1 dakika\" \/>\n<script type=\"application\/ld+json\" class=\"yoast-schema-graph\">{\"@context\":\"https:\\\/\\\/schema.org\",\"@graph\":[{\"@type\":\"Article\",\"@id\":\"https:\\\/\\\/kuzeyinsesi.org\\\/index.php\\\/2025\\\/10\\\/04\\\/cumhurbaskani-erdogan-hamasin-gazze-planina-yaniti-kalici-baris-icin-onemli-bir-adim\\\/#article\",\"isPartOf\":{\"@id\":\"https:\\\/\\\/kuzeyinsesi.org\\\/index.php\\\/2025\\\/10\\\/04\\\/cumhurbaskani-erdogan-hamasin-gazze-planina-yaniti-kalici-baris-icin-onemli-bir-adim\\\/\"},\"author\":{\"name\":\"Kuzeyin Sesi\",\"@id\":\"https:\\\/\\\/kuzeyinsesi.org\\\/#\\\/schema\\\/person\\\/9f859689cdf01485597712386e37f5aa\"},\"headline\":\"Cumhurba\u015fkan\u0131 Erdo\u011fan: Hamas\u0131n Gazze plan\u0131na yan\u0131t\u0131 kal\u0131c\u0131 bar\u0131\u015f i\u00e7in \u00f6nemli bir ad\u0131m\",\"datePublished\":\"2025-10-04T00:04:53+00:00\",\"mainEntityOfPage\":{\"@id\":\"https:\\\/\\\/kuzeyinsesi.org\\\/index.php\\\/2025\\\/10\\\/04\\\/cumhurbaskani-erdogan-hamasin-gazze-planina-yaniti-kalici-baris-icin-onemli-bir-adim\\\/\"},\"wordCount\":229,\"commentCount\":0,\"image\":{\"@id\":\"https:\\\/\\\/kuzeyinsesi.org\\\/index.php\\\/2025\\\/10\\\/04\\\/cumhurbaskani-erdogan-hamasin-gazze-planina-yaniti-kalici-baris-icin-onemli-bir-adim\\\/#primaryimage\"},\"thumbnailUrl\":\"https:\\\/\\\/kuzeyinsesi.org\\\/wp-content\\\/uploads\\\/2025\\\/10\\\/cumhurbaskani-erdogan-2404164.jpg\",\"articleSection\":[\"D\u00fcnya\"],\"inLanguage\":\"tr\",\"potentialAction\":[{\"@type\":\"CommentAction\",\"name\":\"Comment\",\"target\":[\"https:\\\/\\\/kuzeyinsesi.org\\\/index.php\\\/2025\\\/10\\\/04\\\/cumhurbaskani-erdogan-hamasin-gazze-planina-yaniti-kalici-baris-icin-onemli-bir-adim\\\/#respond\"]}]},{\"@type\":\"WebPage\",\"@id\":\"https:\\\/\\\/kuzeyinsesi.org\\\/index.php\\\/2025\\\/10\\\/04\\\/cumhurbaskani-erdogan-hamasin-gazze-planina-yaniti-kalici-baris-icin-onemli-bir-adim\\\/\",\"url\":\"https:\\\/\\\/kuzeyinsesi.org\\\/index.php\\\/2025\\\/10\\\/04\\\/cumhurbaskani-erdogan-hamasin-gazze-planina-yaniti-kalici-baris-icin-onemli-bir-adim\\\/\",\"name\":\"Cumhurba\u015fkan\u0131 Erdo\u011fan: Hamas\u0131n Gazze plan\u0131na yan\u0131t\u0131 kal\u0131c\u0131 bar\u0131\u015f i\u00e7in \u00f6nemli bir ad\u0131m - Kuzeyin Sesi\",\"isPartOf\":{\"@id\":\"https:\\\/\\\/kuzeyinsesi.org\\\/#website\"},\"primaryImageOfPage\":{\"@id\":\"https:\\\/\\\/kuzeyinsesi.org\\\/index.php\\\/2025\\\/10\\\/04\\\/cumhurbaskani-erdogan-hamasin-gazze-planina-yaniti-kalici-baris-icin-onemli-bir-adim\\\/#primaryimage\"},\"image\":{\"@id\":\"https:\\\/\\\/kuzeyinsesi.org\\\/index.php\\\/2025\\\/10\\\/04\\\/cumhurbaskani-erdogan-hamasin-gazze-planina-yaniti-kalici-baris-icin-onemli-bir-adim\\\/#primaryimage\"},\"thumbnailUrl\":\"https:\\\/\\\/kuzeyinsesi.org\\\/wp-content\\\/uploads\\\/2025\\\/10\\\/cumhurbaskani-erdogan-2404164.jpg\",\"datePublished\":\"2025-10-04T00:04:53+00:00\",\"author\":{\"@id\":\"https:\\\/\\\/kuzeyinsesi.org\\\/#\\\/schema\\\/person\\\/9f859689cdf01485597712386e37f5aa\"},\"breadcrumb\":{\"@id\":\"https:\\\/\\\/kuzeyinsesi.org\\\/index.php\\\/2025\\\/10\\\/04\\\/cumhurbaskani-erdogan-hamasin-gazze-planina-yaniti-kalici-baris-icin-onemli-bir-adim\\\/#breadcrumb\"},\"inLanguage\":\"tr\",\"potentialAction\":[{\"@type\":\"ReadAction\",\"target\":[\"https:\\\/\\\/kuzeyinsesi.org\\\/index.php\\\/2025\\\/10\\\/04\\\/cumhurbaskani-erdogan-hamasin-gazze-planina-yaniti-kalici-baris-icin-onemli-bir-adim\\\/\"]}]},{\"@type\":\"ImageObject\",\"inLanguage\":\"tr\",\"@id\":\"https:\\\/\\\/kuzeyinsesi.org\\\/index.php\\\/2025\\\/10\\\/04\\\/cumhurbaskani-erdogan-hamasin-gazze-planina-yaniti-kalici-baris-icin-onemli-bir-adim\\\/#primaryimage\",\"url\":\"https:\\\/\\\/kuzeyinsesi.org\\\/wp-content\\\/uploads\\\/2025\\\/10\\\/cumhurbaskani-erdogan-2404164.jpg\",\"contentUrl\":\"https:\\\/\\\/kuzeyinsesi.org\\\/wp-content\\\/uploads\\\/2025\\\/10\\\/cumhurbaskani-erdogan-2404164.jpg\",\"width\":1280,\"height\":720},{\"@type\":\"BreadcrumbList\",\"@id\":\"https:\\\/\\\/kuzeyinsesi.org\\\/index.php\\\/2025\\\/10\\\/04\\\/cumhurbaskani-erdogan-hamasin-gazze-planina-yaniti-kalici-baris-icin-onemli-bir-adim\\\/#breadcrumb\",\"itemListElement\":[{\"@type\":\"ListItem\",\"position\":1,\"name\":\"Anasayfa\",\"item\":\"https:\\\/\\\/kuzeyinsesi.org\\\/\"},{\"@type\":\"ListItem\",\"position\":2,\"name\":\"Cumhurba\u015fkan\u0131 Erdo\u011fan: Hamas\u0131n Gazze plan\u0131na yan\u0131t\u0131 kal\u0131c\u0131 bar\u0131\u015f i\u00e7in \u00f6nemli bir ad\u0131m\"}]},{\"@type\":\"WebSite\",\"@id\":\"https:\\\/\\\/kuzeyinsesi.org\\\/#website\",\"url\":\"https:\\\/\\\/kuzeyinsesi.org\\\/\",\"name\":\"Kuzeyin Sesi\",\"description\":\"Do\u011fru Haberin Adresi\",\"potentialAction\":[{\"@type\":\"SearchAction\",\"target\":{\"@type\":\"EntryPoint\",\"urlTemplate\":\"https:\\\/\\\/kuzeyinsesi.org\\\/?s={search_term_string}\"},\"query-input\":{\"@type\":\"PropertyValueSpecification\",\"valueRequired\":true,\"valueName\":\"search_term_string\"}}],\"inLanguage\":\"tr\"},{\"@type\":\"Person\",\"@id\":\"https:\\\/\\\/kuzeyinsesi.org\\\/#\\\/schema\\\/person\\\/9f859689cdf01485597712386e37f5aa\",\"name\":\"Kuzeyin Sesi\",\"image\":{\"@type\":\"ImageObject\",\"inLanguage\":\"tr\",\"@id\":\"https:\\\/\\\/secure.gravatar.com\\\/avatar\\\/bab33852abfd8b282518d6ed81826833d77c3c882d9ab608add591ccace47a44?s=96&d=mm&r=g\",\"url\":\"https:\\\/\\\/secure.gravatar.com\\\/avatar\\\/bab33852abfd8b282518d6ed81826833d77c3c882d9ab608add591ccace47a44?s=96&d=mm&r=g\",\"contentUrl\":\"https:\\\/\\\/secure.gravatar.com\\\/avatar\\\/bab33852abfd8b282518d6ed81826833d77c3c882d9ab608add591ccace47a44?s=96&d=mm&r=g\",\"caption\":\"Kuzeyin Sesi\"},\"sameAs\":[\"https:\\\/\\\/kuzeyinsesi.org\"],\"url\":\"https:\\\/\\\/kuzeyinsesi.org\\\/index.php\\\/author\\\/guven\\\/\"}]}<\/script>\n<!-- \/ Yoast SEO plugin. -->","yoast_head_json":{"title":"Cumhurba\u015fkan\u0131 Erdo\u011fan: Hamas\u0131n Gazze plan\u0131na yan\u0131t\u0131 kal\u0131c\u0131 bar\u0131\u015f i\u00e7in \u00f6nemli bir ad\u0131m - Kuzeyin Sesi","robots":{"index":"index","follow":"follow","max-snippet":"max-snippet:-1","max-image-preview":"max-image-preview:large","max-video-preview":"max-video-preview:-1"},"canonical":"https:\/\/kuzeyinsesi.org\/index.php\/2025\/10\/04\/cumhurbaskani-erdogan-hamasin-gazze-planina-yaniti-kalici-baris-icin-onemli-bir-adim\/","og_locale":"tr_TR","og_type":"article","og_title":"Cumhurba\u015fkan\u0131 Erdo\u011fan: Hamas\u0131n Gazze plan\u0131na yan\u0131t\u0131 kal\u0131c\u0131 bar\u0131\u015f i\u00e7in \u00f6nemli bir ad\u0131m - Kuzeyin Sesi","og_description":"&#13; Hamas\u2019\u0131n Gazze\u2019de ate\u015fkes i\u00e7in haz\u0131rlanan plana yan\u0131t\u0131 hakk\u0131nda Cumhurba\u015fkan\u0131 Recep Tayyip Erdo\u011fan, sosyal medya hesab\u0131ndan a\u00e7\u0131klama yapt\u0131. Erdo\u011fan, yan\u0131t\u0131n kal\u0131c\u0131 bar\u0131\u015f i\u00e7in \u00f6nemli bir ad\u0131m oldu\u011funa de\u011finerek, &#8220;Hamas\u2019\u0131n Gazze\u2019de ate\u015fkesin tesisine y\u00f6nelik plana verdi\u011fi yan\u0131t, kal\u0131c\u0131 bar\u0131\u015f\u0131n sa\u011flanmas\u0131 noktas\u0131nda yap\u0131c\u0131 ve \u00f6nemli bir ad\u0131md\u0131r. \u015eimdi yap\u0131lmas\u0131 gereken, \u0130srail\u2019in t\u00fcm sald\u0131r\u0131lar\u0131n\u0131 derhal durdurmas\u0131 ve ate\u015fkes [&hellip;]","og_url":"https:\/\/kuzeyinsesi.org\/index.php\/2025\/10\/04\/cumhurbaskani-erdogan-hamasin-gazze-planina-yaniti-kalici-baris-icin-onemli-bir-adim\/","og_site_name":"Kuzeyin Sesi","article_publisher":"https:\/\/www.facebook.com\/kuzeyinsesii","article_published_time":"2025-10-04T00:04:53+00:00","og_image":[{"url":"https:\/\/trthaberstatic.cdn.wp.trt.com.tr\/resimler\/2404000\/cumhurbaskani-erdogan-2404164.jpg","type":"","width":"","height":""}],"author":"Kuzeyin Sesi","twitter_card":"summary_large_image","twitter_creator":"@kuzeyinsesii","twitter_site":"@kuzeyinsesii","twitter_misc":{"Yazan:":"Kuzeyin Sesi","Tahmini okuma s\u00fcresi":"1 dakika"},"schema":{"@context":"https:\/\/schema.org","@graph":[{"@type":"Article","@id":"https:\/\/kuzeyinsesi.org\/index.php\/2025\/10\/04\/cumhurbaskani-erdogan-hamasin-gazze-planina-yaniti-kalici-baris-icin-onemli-bir-adim\/#article","isPartOf":{"@id":"https:\/\/kuzeyinsesi.org\/index.php\/2025\/10\/04\/cumhurbaskani-erdogan-hamasin-gazze-planina-yaniti-kalici-baris-icin-onemli-bir-adim\/"},"author":{"name":"Kuzeyin Sesi","@id":"https:\/\/kuzeyinsesi.org\/#\/schema\/person\/9f859689cdf01485597712386e37f5aa"},"headline":"Cumhurba\u015fkan\u0131 Erdo\u011fan: Hamas\u0131n Gazze plan\u0131na yan\u0131t\u0131 kal\u0131c\u0131 bar\u0131\u015f i\u00e7in \u00f6nemli bir ad\u0131m","datePublished":"2025-10-04T00:04:53+00:00","mainEntityOfPage":{"@id":"https:\/\/kuzeyinsesi.org\/index.php\/2025\/10\/04\/cumhurbaskani-erdogan-hamasin-gazze-planina-yaniti-kalici-baris-icin-onemli-bir-adim\/"},"wordCount":229,"commentCount":0,"image":{"@id":"https:\/\/kuzeyinsesi.org\/index.php\/2025\/10\/04\/cumhurbaskani-erdogan-hamasin-gazze-planina-yaniti-kalici-baris-icin-onemli-bir-adim\/#primaryimage"},"thumbnailUrl":"https:\/\/kuzeyinsesi.org\/wp-content\/uploads\/2025\/10\/cumhurbaskani-erdogan-2404164.jpg","articleSection":["D\u00fcnya"],"inLanguage":"tr","potentialAction":[{"@type":"CommentAction","name":"Comment","target":["https:\/\/kuzeyinsesi.org\/index.php\/2025\/10\/04\/cumhurbaskani-erdogan-hamasin-gazze-planina-yaniti-kalici-baris-icin-onemli-bir-adim\/#respond"]}]},{"@type":"WebPage","@id":"https:\/\/kuzeyinsesi.org\/index.php\/2025\/10\/04\/cumhurbaskani-erdogan-hamasin-gazze-planina-yaniti-kalici-baris-icin-onemli-bir-adim\/","url":"https:\/\/kuzeyinsesi.org\/index.php\/2025\/10\/04\/cumhurbaskani-erdogan-hamasin-gazze-planina-yaniti-kalici-baris-icin-onemli-bir-adim\/","name":"Cumhurba\u015fkan\u0131 Erdo\u011fan: Hamas\u0131n Gazze plan\u0131na yan\u0131t\u0131 kal\u0131c\u0131 bar\u0131\u015f i\u00e7in \u00f6nemli bir ad\u0131m - Kuzeyin Sesi","isPartOf":{"@id":"https:\/\/kuzeyinsesi.org\/#website"},"primaryImageOfPage":{"@id":"https:\/\/kuzeyinsesi.org\/index.php\/2025\/10\/04\/cumhurbaskani-erdogan-hamasin-gazze-planina-yaniti-kalici-baris-icin-onemli-bir-adim\/#primaryimage"},"image":{"@id":"https:\/\/kuzeyinsesi.org\/index.php\/2025\/10\/04\/cumhurbaskani-erdogan-hamasin-gazze-planina-yaniti-kalici-baris-icin-onemli-bir-adim\/#primaryimage"},"thumbnailUrl":"https:\/\/kuzeyinsesi.org\/wp-content\/uploads\/2025\/10\/cumhurbaskani-erdogan-2404164.jpg","datePublished":"2025-10-04T00:04:53+00:00","author":{"@id":"https:\/\/kuzeyinsesi.org\/#\/schema\/person\/9f859689cdf01485597712386e37f5aa"},"breadcrumb":{"@id":"https:\/\/kuzeyinsesi.org\/index.php\/2025\/10\/04\/cumhurbaskani-erdogan-hamasin-gazze-planina-yaniti-kalici-baris-icin-onemli-bir-adim\/#breadcrumb"},"inLanguage":"tr","potentialAction":[{"@type":"ReadAction","target":["https:\/\/kuzeyinsesi.org\/index.php\/2025\/10\/04\/cumhurbaskani-erdogan-hamasin-gazze-planina-yaniti-kalici-baris-icin-onemli-bir-adim\/"]}]},{"@type":"ImageObject","inLanguage":"tr","@id":"https:\/\/kuzeyinsesi.org\/index.php\/2025\/10\/04\/cumhurbaskani-erdogan-hamasin-gazze-planina-yaniti-kalici-baris-icin-onemli-bir-adim\/#primaryimage","url":"https:\/\/kuzeyinsesi.org\/wp-content\/uploads\/2025\/10\/cumhurbaskani-erdogan-2404164.jpg","contentUrl":"https:\/\/kuzeyinsesi.org\/wp-content\/uploads\/2025\/10\/cumhurbaskani-erdogan-2404164.jpg","width":1280,"height":720},{"@type":"BreadcrumbList","@id":"https:\/\/kuzeyinsesi.org\/index.php\/2025\/10\/04\/cumhurbaskani-erdogan-hamasin-gazze-planina-yaniti-kalici-baris-icin-onemli-bir-adim\/#breadcrumb","itemListElement":[{"@type":"ListItem","position":1,"name":"Anasayfa","item":"https:\/\/kuzeyinsesi.org\/"},{"@type":"ListItem","position":2,"name":"Cumhurba\u015fkan\u0131 Erdo\u011fan: Hamas\u0131n Gazze plan\u0131na yan\u0131t\u0131 kal\u0131c\u0131 bar\u0131\u015f i\u00e7in \u00f6nemli bir ad\u0131m"}]},{"@type":"WebSite","@id":"https:\/\/kuzeyinsesi.org\/#website","url":"https:\/\/kuzeyinsesi.org\/","name":"Kuzeyin Sesi","description":"Do\u011fru Haberin Adresi","potentialAction":[{"@type":"SearchAction","target":{"@type":"EntryPoint","urlTemplate":"https:\/\/kuzeyinsesi.org\/?s={search_term_string}"},"query-input":{"@type":"PropertyValueSpecification","valueRequired":true,"valueName":"search_term_string"}}],"inLanguage":"tr"},{"@type":"Person","@id":"https:\/\/kuzeyinsesi.org\/#\/schema\/person\/9f859689cdf01485597712386e37f5aa","name":"Kuzeyin Sesi","image":{"@type":"ImageObject","inLanguage":"tr","@id":"https:\/\/secure.gravatar.com\/avatar\/bab33852abfd8b282518d6ed81826833d77c3c882d9ab608add591ccace47a44?s=96&d=mm&r=g","url":"https:\/\/secure.gravatar.com\/avatar\/bab33852abfd8b282518d6ed81826833d77c3c882d9ab608add591ccace47a44?s=96&d=mm&r=g","contentUrl":"https:\/\/secure.gravatar.com\/avatar\/bab33852abfd8b282518d6ed81826833d77c3c882d9ab608add591ccace47a44?s=96&d=mm&r=g","caption":"Kuzeyin Sesi"},"sameAs":["https:\/\/kuzeyinsesi.org"],"url":"https:\/\/kuzeyinsesi.org\/index.php\/author\/guven\/"}]}},"_links":{"self":[{"href":"https:\/\/kuzeyinsesi.org\/index.php\/wp-json\/wp\/v2\/posts\/32645","targetHints":{"allow":["GET"]}}],"collection":[{"href":"https:\/\/kuzeyinsesi.org\/index.php\/wp-json\/wp\/v2\/posts"}],"about":[{"href":"https:\/\/kuzeyinsesi.org\/index.php\/wp-json\/wp\/v2\/types\/post"}],"author":[{"embeddable":true,"href":"https:\/\/kuzeyinsesi.org\/index.php\/wp-json\/wp\/v2\/users\/1"}],"replies":[{"embeddable":true,"href":"https:\/\/kuzeyinsesi.org\/index.php\/wp-json\/wp\/v2\/comments?post=32645"}],"version-history":[{"count":0,"href":"https:\/\/kuzeyinsesi.org\/index.php\/wp-json\/wp\/v2\/posts\/32645\/revisions"}],"wp:featuredmedia":[{"embeddable":true,"href":"https:\/\/kuzeyinsesi.org\/index.php\/wp-json\/wp\/v2\/media\/32646"}],"wp:attachment":[{"href":"https:\/\/kuzeyinsesi.org\/index.php\/wp-json\/wp\/v2\/media?parent=32645"}],"wp:term":[{"taxonomy":"category","embeddable":true,"href":"https:\/\/kuzeyinsesi.org\/index.php\/wp-json\/wp\/v2\/categories?post=32645"},{"taxonomy":"post_tag","embeddable":true,"href":"https:\/\/kuzeyinsesi.org\/index.php\/wp-json\/wp\/v2\/tags?post=32645"}],"curies":[{"name":"wp","href":"https:\/\/api.w.org\/{rel}","templated":true}]}}