{"id":32615,"date":"2025-10-03T17:13:35","date_gmt":"2025-10-03T14:13:35","guid":{"rendered":"https:\/\/kuzeyinsesi.org\/index.php\/2025\/10\/03\/isgalci-israilin-ablukasindaki-gazzede-acliktan-olenlerin-sayisi-457-oldu\/"},"modified":"2025-10-03T17:13:35","modified_gmt":"2025-10-03T14:13:35","slug":"isgalci-israilin-ablukasindaki-gazzede-acliktan-olenlerin-sayisi-457-oldu","status":"publish","type":"post","link":"https:\/\/kuzeyinsesi.org\/index.php\/2025\/10\/03\/isgalci-israilin-ablukasindaki-gazzede-acliktan-olenlerin-sayisi-457-oldu\/","title":{"rendered":"\u0130\u015fgalci \u0130srail&#039;in ablukas\u0131ndaki Gazzede a\u00e7l\u0131ktan \u00f6lenlerin say\u0131s\u0131 457 oldu"},"content":{"rendered":"<p><\/p>\n<div>\n<p>&#13;<br \/>\n\tGazze&#8217;deki Filistin Sa\u011fl\u0131k Bakanl\u0131\u011f\u0131ndan yap\u0131lan yaz\u0131l\u0131 a\u00e7\u0131klamada, <a href=\"https:\/\/www.trthaber.com\/etiket\/israil\/\" target=\"_blank\">\u0130srail<\/a> ordusunun b\u00f6lgeye dayatt\u0131\u011f\u0131 a\u00e7l\u0131k krizinin yol a\u00e7t\u0131\u011f\u0131 can kay\u0131plar\u0131na ili\u015fkin son bilgiler payla\u015f\u0131ld\u0131.<\/p>\n<p>&#13;<br \/>\n\t\u0130srail ablukas\u0131 ve sald\u0131r\u0131lar\u0131 alt\u0131ndaki Gazze&#8217;de son 24 saatte biri \u00e7ocuk, 2 Filistinlinin daha a\u00e7l\u0131k ve yetersiz beslenme nedeniyle hayat\u0131n\u0131 kaybetti\u011fi aktar\u0131lan a\u00e7\u0131klamada, Ekim 2023&#8217;ten bu yana Gazze&#8217;de a\u00e7l\u0131ktan \u00f6lenlerin say\u0131s\u0131n\u0131n 152&#8217;si \u00e7ocuk, 457&#8217;ye y\u00fckseldi\u011fi belirtildi.<\/p>\n<p>&#13;<br \/>\n\tA\u00e7\u0131klamada, Birle\u015fmi\u015f Milletlerin (BM) destekledi\u011fi Entegre <a href=\"https:\/\/www.trthaber.com\/etiket\/gida\/\" target=\"_blank\">G\u0131da<\/a> G\u00fcvenli\u011fi A\u015fama S\u0131n\u0131fland\u0131rmas\u0131n\u0131n (IPC) <a href=\"https:\/\/www.trthaber.com\/etiket\/gazze\/\" target=\"_blank\">Gazze<\/a> kentinde k\u0131tl\u0131k ilan etti\u011fi 22 A\u011fustos&#8217;tan beri 37&#8217;si \u00e7ocuk 179 ki\u015finin a\u00e7l\u0131k ve yetersiz beslenme nedeniyle \u00f6ld\u00fc\u011f\u00fc ifade edildi.<\/p>\n<h2>&#13;<br \/>\n\tGazze &#8220;a\u00e7l\u0131ktan&#8221; \u00f6l\u00fcyor<\/h2>\n<p>&#13;<br \/>\n\t\u0130srail&#8217;in sald\u0131r\u0131lar\u0131 ve insani yard\u0131m giri\u015fini k\u0131s\u0131tlayan s\u0131k\u0131 ablukas\u0131 alt\u0131ndaki Gazze \u015eeridi, a\u00e7l\u0131\u011f\u0131n yay\u0131ld\u0131\u011f\u0131, su, ila\u00e7, t\u0131bbi gere\u00e7ler ve hijyen malzemesinin bulunamad\u0131\u011f\u0131 insani felaketi ya\u015f\u0131yor.<\/p>\n<p>&#13;<br \/>\n\tBa\u015fta \u00e7ocuklar olmak \u00fczere, Gazze \u015eeridi&#8217;nde a\u00e7l\u0131k nedeniyle \u00f6l\u00fcmler art\u0131yor. Yerel ve uluslararas\u0131 \u00e7evreler, \u0130srail&#8217;in &#8220;a\u00e7l\u0131\u011f\u0131 ve susuzlu\u011fu silah olarak&#8221; kulland\u0131\u011f\u0131n\u0131 belirtiyor.<\/p>\n<p>&#13;<br \/>\n\tSivil altyap\u0131y\u0131 da tahrip ederek Gazze&#8217;nin yakla\u015f\u0131k y\u00fczde 90&#8217;\u0131n\u0131 y\u0131kan \u0130srail ordusu, s\u00fcrg\u00fcn emirleriyle yerinden etti\u011fi Filistinlileri s\u0131k s\u0131k bar\u0131nd\u0131klar\u0131 b\u00f6lgelerde hedef al\u0131yor.<\/p>\n<p>&#13;<br \/>\n\tN\u00fcfusu yakla\u015f\u0131k 2,3 milyon olan Gazze&#8217;de \u0130srail sald\u0131r\u0131lar\u0131 ve s\u00fcrg\u00fcn emirleriyle, \u00e7ok say\u0131da ki\u015finin defalarca olmak \u00fczere, yerinden edilenlerin say\u0131s\u0131n\u0131n 2 milyona ula\u015ft\u0131\u011f\u0131 belirtiliyor.<\/p>\n<p>&#13;<br \/>\n\tTemel malzemelerden yoksun \u015fekilde s\u00fcr\u00fclen Filistinliler, derme \u00e7atma \u00e7ad\u0131rlarda veya a\u015f\u0131r\u0131 kalabal\u0131klar i\u00e7inde hijyen malzemelerinin eksikli\u011finde lavabolar\u0131n bile yetersiz oldu\u011fu, bula\u015f\u0131c\u0131 hastal\u0131klar\u0131n yay\u0131ld\u0131\u011f\u0131 okullarda hayatta kalmaya \u00e7al\u0131\u015f\u0131yor.<\/p>\n<p>&#13;<br \/>\n\t\u0130srail ordusu ise g\u00fcnl\u00fck d\u00fczenledi\u011fi sald\u0131r\u0131larla yerinden edilenlerin \u00e7ad\u0131rlar\u0131n\u0131 ve bar\u0131nd\u0131\u011f\u0131 sivil noktalar\u0131 bombal\u0131yor.<\/p>\n<\/p><\/div>\n","protected":false},"excerpt":{"rendered":"<p>&#13; Gazze&#8217;deki Filistin Sa\u011fl\u0131k Bakanl\u0131\u011f\u0131ndan yap\u0131lan yaz\u0131l\u0131 a\u00e7\u0131klamada, \u0130srail ordusunun b\u00f6lgeye dayatt\u0131\u011f\u0131 a\u00e7l\u0131k krizinin yol a\u00e7t\u0131\u011f\u0131 can kay\u0131plar\u0131na ili\u015fkin son bilgiler payla\u015f\u0131ld\u0131. &#13; \u0130srail ablukas\u0131 ve sald\u0131r\u0131lar\u0131 alt\u0131ndaki Gazze&#8217;de son 24 saatte biri \u00e7ocuk, 2 Filistinlinin daha a\u00e7l\u0131k ve yetersiz beslenme nedeniyle hayat\u0131n\u0131 kaybetti\u011fi aktar\u0131lan a\u00e7\u0131klamada, Ekim 2023&#8217;ten bu yana Gazze&#8217;de a\u00e7l\u0131ktan \u00f6lenlerin say\u0131s\u0131n\u0131n 152&#8217;si [&hellip;]<\/p>\n","protected":false},"author":1,"featured_media":32616,"comment_status":"open","ping_status":"open","sticky":false,"template":"","format":"standard","meta":{"jnews-multi-image_gallery":[],"jnews_single_post":[],"jnews_primary_category":[],"jnews_social_meta":[],"jnews_override_counter":[],"footnotes":""},"categories":[2],"tags":[],"class_list":["post-32615","post","type-post","status-publish","format-standard","has-post-thumbnail","hentry","category-dunya"],"yoast_head":"<!-- This site is optimized with the Yoast SEO plugin v27.5 - https:\/\/yoast.com\/product\/yoast-seo-wordpress\/ -->\n<title>\u0130\u015fgalci \u0130srail&#039;in ablukas\u0131ndaki Gazzede a\u00e7l\u0131ktan \u00f6lenlerin say\u0131s\u0131 457 oldu - Kuzeyin Sesi<\/title>\n<meta name=\"robots\" content=\"index, follow, max-snippet:-1, max-image-preview:large, max-video-preview:-1\" \/>\n<link rel=\"canonical\" href=\"https:\/\/kuzeyinsesi.org\/index.php\/2025\/10\/03\/isgalci-israilin-ablukasindaki-gazzede-acliktan-olenlerin-sayisi-457-oldu\/\" \/>\n<meta property=\"og:locale\" content=\"tr_TR\" \/>\n<meta property=\"og:type\" content=\"article\" \/>\n<meta property=\"og:title\" content=\"\u0130\u015fgalci \u0130srail&#039;in ablukas\u0131ndaki Gazzede a\u00e7l\u0131ktan \u00f6lenlerin say\u0131s\u0131 457 oldu - Kuzeyin Sesi\" \/>\n<meta property=\"og:description\" content=\"&#013; Gazze&#8217;deki Filistin Sa\u011fl\u0131k Bakanl\u0131\u011f\u0131ndan yap\u0131lan yaz\u0131l\u0131 a\u00e7\u0131klamada, \u0130srail ordusunun b\u00f6lgeye dayatt\u0131\u011f\u0131 a\u00e7l\u0131k krizinin yol a\u00e7t\u0131\u011f\u0131 can kay\u0131plar\u0131na ili\u015fkin son bilgiler payla\u015f\u0131ld\u0131. &#013; \u0130srail ablukas\u0131 ve sald\u0131r\u0131lar\u0131 alt\u0131ndaki Gazze&#8217;de son 24 saatte biri \u00e7ocuk, 2 Filistinlinin daha a\u00e7l\u0131k ve yetersiz beslenme nedeniyle hayat\u0131n\u0131 kaybetti\u011fi aktar\u0131lan a\u00e7\u0131klamada, Ekim 2023&#8217;ten bu yana Gazze&#8217;de a\u00e7l\u0131ktan \u00f6lenlerin say\u0131s\u0131n\u0131n 152&#8217;si [&hellip;]\" \/>\n<meta property=\"og:url\" content=\"https:\/\/kuzeyinsesi.org\/index.php\/2025\/10\/03\/isgalci-israilin-ablukasindaki-gazzede-acliktan-olenlerin-sayisi-457-oldu\/\" \/>\n<meta property=\"og:site_name\" content=\"Kuzeyin Sesi\" \/>\n<meta property=\"article:publisher\" content=\"https:\/\/www.facebook.com\/kuzeyinsesii\" \/>\n<meta property=\"article:published_time\" content=\"2025-10-03T14:13:35+00:00\" \/>\n<meta property=\"og:image\" content=\"https:\/\/trthaberstatic.cdn.wp.trt.com.tr\/resimler\/2402000\/gazze-yetersiz-beslenme-aa-2402770.jpg\" \/>\n<meta name=\"author\" content=\"Kuzeyin Sesi\" \/>\n<meta name=\"twitter:card\" content=\"summary_large_image\" \/>\n<meta name=\"twitter:creator\" content=\"@kuzeyinsesii\" \/>\n<meta name=\"twitter:site\" content=\"@kuzeyinsesii\" \/>\n<meta name=\"twitter:label1\" content=\"Yazan:\" \/>\n\t<meta name=\"twitter:data1\" content=\"Kuzeyin Sesi\" \/>\n\t<meta name=\"twitter:label2\" content=\"Tahmini okuma s\u00fcresi\" \/>\n\t<meta name=\"twitter:data2\" content=\"2 dakika\" \/>\n<script type=\"application\/ld+json\" class=\"yoast-schema-graph\">{\"@context\":\"https:\\\/\\\/schema.org\",\"@graph\":[{\"@type\":\"Article\",\"@id\":\"https:\\\/\\\/kuzeyinsesi.org\\\/index.php\\\/2025\\\/10\\\/03\\\/isgalci-israilin-ablukasindaki-gazzede-acliktan-olenlerin-sayisi-457-oldu\\\/#article\",\"isPartOf\":{\"@id\":\"https:\\\/\\\/kuzeyinsesi.org\\\/index.php\\\/2025\\\/10\\\/03\\\/isgalci-israilin-ablukasindaki-gazzede-acliktan-olenlerin-sayisi-457-oldu\\\/\"},\"author\":{\"name\":\"Kuzeyin Sesi\",\"@id\":\"https:\\\/\\\/kuzeyinsesi.org\\\/#\\\/schema\\\/person\\\/9f859689cdf01485597712386e37f5aa\"},\"headline\":\"\u0130\u015fgalci \u0130srail&#039;in ablukas\u0131ndaki Gazzede a\u00e7l\u0131ktan \u00f6lenlerin say\u0131s\u0131 457 oldu\",\"datePublished\":\"2025-10-03T14:13:35+00:00\",\"mainEntityOfPage\":{\"@id\":\"https:\\\/\\\/kuzeyinsesi.org\\\/index.php\\\/2025\\\/10\\\/03\\\/isgalci-israilin-ablukasindaki-gazzede-acliktan-olenlerin-sayisi-457-oldu\\\/\"},\"wordCount\":365,\"commentCount\":0,\"image\":{\"@id\":\"https:\\\/\\\/kuzeyinsesi.org\\\/index.php\\\/2025\\\/10\\\/03\\\/isgalci-israilin-ablukasindaki-gazzede-acliktan-olenlerin-sayisi-457-oldu\\\/#primaryimage\"},\"thumbnailUrl\":\"https:\\\/\\\/kuzeyinsesi.org\\\/wp-content\\\/uploads\\\/2025\\\/10\\\/gazze-yetersiz-beslenme-aa-2402770.jpg\",\"articleSection\":[\"D\u00fcnya\"],\"inLanguage\":\"tr\",\"potentialAction\":[{\"@type\":\"CommentAction\",\"name\":\"Comment\",\"target\":[\"https:\\\/\\\/kuzeyinsesi.org\\\/index.php\\\/2025\\\/10\\\/03\\\/isgalci-israilin-ablukasindaki-gazzede-acliktan-olenlerin-sayisi-457-oldu\\\/#respond\"]}]},{\"@type\":\"WebPage\",\"@id\":\"https:\\\/\\\/kuzeyinsesi.org\\\/index.php\\\/2025\\\/10\\\/03\\\/isgalci-israilin-ablukasindaki-gazzede-acliktan-olenlerin-sayisi-457-oldu\\\/\",\"url\":\"https:\\\/\\\/kuzeyinsesi.org\\\/index.php\\\/2025\\\/10\\\/03\\\/isgalci-israilin-ablukasindaki-gazzede-acliktan-olenlerin-sayisi-457-oldu\\\/\",\"name\":\"\u0130\u015fgalci \u0130srail&#039;in ablukas\u0131ndaki Gazzede a\u00e7l\u0131ktan \u00f6lenlerin say\u0131s\u0131 457 oldu - Kuzeyin Sesi\",\"isPartOf\":{\"@id\":\"https:\\\/\\\/kuzeyinsesi.org\\\/#website\"},\"primaryImageOfPage\":{\"@id\":\"https:\\\/\\\/kuzeyinsesi.org\\\/index.php\\\/2025\\\/10\\\/03\\\/isgalci-israilin-ablukasindaki-gazzede-acliktan-olenlerin-sayisi-457-oldu\\\/#primaryimage\"},\"image\":{\"@id\":\"https:\\\/\\\/kuzeyinsesi.org\\\/index.php\\\/2025\\\/10\\\/03\\\/isgalci-israilin-ablukasindaki-gazzede-acliktan-olenlerin-sayisi-457-oldu\\\/#primaryimage\"},\"thumbnailUrl\":\"https:\\\/\\\/kuzeyinsesi.org\\\/wp-content\\\/uploads\\\/2025\\\/10\\\/gazze-yetersiz-beslenme-aa-2402770.jpg\",\"datePublished\":\"2025-10-03T14:13:35+00:00\",\"author\":{\"@id\":\"https:\\\/\\\/kuzeyinsesi.org\\\/#\\\/schema\\\/person\\\/9f859689cdf01485597712386e37f5aa\"},\"breadcrumb\":{\"@id\":\"https:\\\/\\\/kuzeyinsesi.org\\\/index.php\\\/2025\\\/10\\\/03\\\/isgalci-israilin-ablukasindaki-gazzede-acliktan-olenlerin-sayisi-457-oldu\\\/#breadcrumb\"},\"inLanguage\":\"tr\",\"potentialAction\":[{\"@type\":\"ReadAction\",\"target\":[\"https:\\\/\\\/kuzeyinsesi.org\\\/index.php\\\/2025\\\/10\\\/03\\\/isgalci-israilin-ablukasindaki-gazzede-acliktan-olenlerin-sayisi-457-oldu\\\/\"]}]},{\"@type\":\"ImageObject\",\"inLanguage\":\"tr\",\"@id\":\"https:\\\/\\\/kuzeyinsesi.org\\\/index.php\\\/2025\\\/10\\\/03\\\/isgalci-israilin-ablukasindaki-gazzede-acliktan-olenlerin-sayisi-457-oldu\\\/#primaryimage\",\"url\":\"https:\\\/\\\/kuzeyinsesi.org\\\/wp-content\\\/uploads\\\/2025\\\/10\\\/gazze-yetersiz-beslenme-aa-2402770.jpg\",\"contentUrl\":\"https:\\\/\\\/kuzeyinsesi.org\\\/wp-content\\\/uploads\\\/2025\\\/10\\\/gazze-yetersiz-beslenme-aa-2402770.jpg\",\"width\":1280,\"height\":720},{\"@type\":\"BreadcrumbList\",\"@id\":\"https:\\\/\\\/kuzeyinsesi.org\\\/index.php\\\/2025\\\/10\\\/03\\\/isgalci-israilin-ablukasindaki-gazzede-acliktan-olenlerin-sayisi-457-oldu\\\/#breadcrumb\",\"itemListElement\":[{\"@type\":\"ListItem\",\"position\":1,\"name\":\"Anasayfa\",\"item\":\"https:\\\/\\\/kuzeyinsesi.org\\\/\"},{\"@type\":\"ListItem\",\"position\":2,\"name\":\"\u0130\u015fgalci \u0130srail&#039;in ablukas\u0131ndaki Gazzede a\u00e7l\u0131ktan \u00f6lenlerin say\u0131s\u0131 457 oldu\"}]},{\"@type\":\"WebSite\",\"@id\":\"https:\\\/\\\/kuzeyinsesi.org\\\/#website\",\"url\":\"https:\\\/\\\/kuzeyinsesi.org\\\/\",\"name\":\"Kuzeyin Sesi\",\"description\":\"Do\u011fru Haberin Adresi\",\"potentialAction\":[{\"@type\":\"SearchAction\",\"target\":{\"@type\":\"EntryPoint\",\"urlTemplate\":\"https:\\\/\\\/kuzeyinsesi.org\\\/?s={search_term_string}\"},\"query-input\":{\"@type\":\"PropertyValueSpecification\",\"valueRequired\":true,\"valueName\":\"search_term_string\"}}],\"inLanguage\":\"tr\"},{\"@type\":\"Person\",\"@id\":\"https:\\\/\\\/kuzeyinsesi.org\\\/#\\\/schema\\\/person\\\/9f859689cdf01485597712386e37f5aa\",\"name\":\"Kuzeyin Sesi\",\"image\":{\"@type\":\"ImageObject\",\"inLanguage\":\"tr\",\"@id\":\"https:\\\/\\\/secure.gravatar.com\\\/avatar\\\/bab33852abfd8b282518d6ed81826833d77c3c882d9ab608add591ccace47a44?s=96&d=mm&r=g\",\"url\":\"https:\\\/\\\/secure.gravatar.com\\\/avatar\\\/bab33852abfd8b282518d6ed81826833d77c3c882d9ab608add591ccace47a44?s=96&d=mm&r=g\",\"contentUrl\":\"https:\\\/\\\/secure.gravatar.com\\\/avatar\\\/bab33852abfd8b282518d6ed81826833d77c3c882d9ab608add591ccace47a44?s=96&d=mm&r=g\",\"caption\":\"Kuzeyin Sesi\"},\"sameAs\":[\"https:\\\/\\\/kuzeyinsesi.org\"],\"url\":\"https:\\\/\\\/kuzeyinsesi.org\\\/index.php\\\/author\\\/guven\\\/\"}]}<\/script>\n<!-- \/ Yoast SEO plugin. -->","yoast_head_json":{"title":"\u0130\u015fgalci \u0130srail&#039;in ablukas\u0131ndaki Gazzede a\u00e7l\u0131ktan \u00f6lenlerin say\u0131s\u0131 457 oldu - Kuzeyin Sesi","robots":{"index":"index","follow":"follow","max-snippet":"max-snippet:-1","max-image-preview":"max-image-preview:large","max-video-preview":"max-video-preview:-1"},"canonical":"https:\/\/kuzeyinsesi.org\/index.php\/2025\/10\/03\/isgalci-israilin-ablukasindaki-gazzede-acliktan-olenlerin-sayisi-457-oldu\/","og_locale":"tr_TR","og_type":"article","og_title":"\u0130\u015fgalci \u0130srail&#039;in ablukas\u0131ndaki Gazzede a\u00e7l\u0131ktan \u00f6lenlerin say\u0131s\u0131 457 oldu - Kuzeyin Sesi","og_description":"&#13; Gazze&#8217;deki Filistin Sa\u011fl\u0131k Bakanl\u0131\u011f\u0131ndan yap\u0131lan yaz\u0131l\u0131 a\u00e7\u0131klamada, \u0130srail ordusunun b\u00f6lgeye dayatt\u0131\u011f\u0131 a\u00e7l\u0131k krizinin yol a\u00e7t\u0131\u011f\u0131 can kay\u0131plar\u0131na ili\u015fkin son bilgiler payla\u015f\u0131ld\u0131. &#13; \u0130srail ablukas\u0131 ve sald\u0131r\u0131lar\u0131 alt\u0131ndaki Gazze&#8217;de son 24 saatte biri \u00e7ocuk, 2 Filistinlinin daha a\u00e7l\u0131k ve yetersiz beslenme nedeniyle hayat\u0131n\u0131 kaybetti\u011fi aktar\u0131lan a\u00e7\u0131klamada, Ekim 2023&#8217;ten bu yana Gazze&#8217;de a\u00e7l\u0131ktan \u00f6lenlerin say\u0131s\u0131n\u0131n 152&#8217;si [&hellip;]","og_url":"https:\/\/kuzeyinsesi.org\/index.php\/2025\/10\/03\/isgalci-israilin-ablukasindaki-gazzede-acliktan-olenlerin-sayisi-457-oldu\/","og_site_name":"Kuzeyin Sesi","article_publisher":"https:\/\/www.facebook.com\/kuzeyinsesii","article_published_time":"2025-10-03T14:13:35+00:00","og_image":[{"url":"https:\/\/trthaberstatic.cdn.wp.trt.com.tr\/resimler\/2402000\/gazze-yetersiz-beslenme-aa-2402770.jpg","type":"","width":"","height":""}],"author":"Kuzeyin Sesi","twitter_card":"summary_large_image","twitter_creator":"@kuzeyinsesii","twitter_site":"@kuzeyinsesii","twitter_misc":{"Yazan:":"Kuzeyin Sesi","Tahmini okuma s\u00fcresi":"2 dakika"},"schema":{"@context":"https:\/\/schema.org","@graph":[{"@type":"Article","@id":"https:\/\/kuzeyinsesi.org\/index.php\/2025\/10\/03\/isgalci-israilin-ablukasindaki-gazzede-acliktan-olenlerin-sayisi-457-oldu\/#article","isPartOf":{"@id":"https:\/\/kuzeyinsesi.org\/index.php\/2025\/10\/03\/isgalci-israilin-ablukasindaki-gazzede-acliktan-olenlerin-sayisi-457-oldu\/"},"author":{"name":"Kuzeyin Sesi","@id":"https:\/\/kuzeyinsesi.org\/#\/schema\/person\/9f859689cdf01485597712386e37f5aa"},"headline":"\u0130\u015fgalci \u0130srail&#039;in ablukas\u0131ndaki Gazzede a\u00e7l\u0131ktan \u00f6lenlerin say\u0131s\u0131 457 oldu","datePublished":"2025-10-03T14:13:35+00:00","mainEntityOfPage":{"@id":"https:\/\/kuzeyinsesi.org\/index.php\/2025\/10\/03\/isgalci-israilin-ablukasindaki-gazzede-acliktan-olenlerin-sayisi-457-oldu\/"},"wordCount":365,"commentCount":0,"image":{"@id":"https:\/\/kuzeyinsesi.org\/index.php\/2025\/10\/03\/isgalci-israilin-ablukasindaki-gazzede-acliktan-olenlerin-sayisi-457-oldu\/#primaryimage"},"thumbnailUrl":"https:\/\/kuzeyinsesi.org\/wp-content\/uploads\/2025\/10\/gazze-yetersiz-beslenme-aa-2402770.jpg","articleSection":["D\u00fcnya"],"inLanguage":"tr","potentialAction":[{"@type":"CommentAction","name":"Comment","target":["https:\/\/kuzeyinsesi.org\/index.php\/2025\/10\/03\/isgalci-israilin-ablukasindaki-gazzede-acliktan-olenlerin-sayisi-457-oldu\/#respond"]}]},{"@type":"WebPage","@id":"https:\/\/kuzeyinsesi.org\/index.php\/2025\/10\/03\/isgalci-israilin-ablukasindaki-gazzede-acliktan-olenlerin-sayisi-457-oldu\/","url":"https:\/\/kuzeyinsesi.org\/index.php\/2025\/10\/03\/isgalci-israilin-ablukasindaki-gazzede-acliktan-olenlerin-sayisi-457-oldu\/","name":"\u0130\u015fgalci \u0130srail&#039;in ablukas\u0131ndaki Gazzede a\u00e7l\u0131ktan \u00f6lenlerin say\u0131s\u0131 457 oldu - Kuzeyin Sesi","isPartOf":{"@id":"https:\/\/kuzeyinsesi.org\/#website"},"primaryImageOfPage":{"@id":"https:\/\/kuzeyinsesi.org\/index.php\/2025\/10\/03\/isgalci-israilin-ablukasindaki-gazzede-acliktan-olenlerin-sayisi-457-oldu\/#primaryimage"},"image":{"@id":"https:\/\/kuzeyinsesi.org\/index.php\/2025\/10\/03\/isgalci-israilin-ablukasindaki-gazzede-acliktan-olenlerin-sayisi-457-oldu\/#primaryimage"},"thumbnailUrl":"https:\/\/kuzeyinsesi.org\/wp-content\/uploads\/2025\/10\/gazze-yetersiz-beslenme-aa-2402770.jpg","datePublished":"2025-10-03T14:13:35+00:00","author":{"@id":"https:\/\/kuzeyinsesi.org\/#\/schema\/person\/9f859689cdf01485597712386e37f5aa"},"breadcrumb":{"@id":"https:\/\/kuzeyinsesi.org\/index.php\/2025\/10\/03\/isgalci-israilin-ablukasindaki-gazzede-acliktan-olenlerin-sayisi-457-oldu\/#breadcrumb"},"inLanguage":"tr","potentialAction":[{"@type":"ReadAction","target":["https:\/\/kuzeyinsesi.org\/index.php\/2025\/10\/03\/isgalci-israilin-ablukasindaki-gazzede-acliktan-olenlerin-sayisi-457-oldu\/"]}]},{"@type":"ImageObject","inLanguage":"tr","@id":"https:\/\/kuzeyinsesi.org\/index.php\/2025\/10\/03\/isgalci-israilin-ablukasindaki-gazzede-acliktan-olenlerin-sayisi-457-oldu\/#primaryimage","url":"https:\/\/kuzeyinsesi.org\/wp-content\/uploads\/2025\/10\/gazze-yetersiz-beslenme-aa-2402770.jpg","contentUrl":"https:\/\/kuzeyinsesi.org\/wp-content\/uploads\/2025\/10\/gazze-yetersiz-beslenme-aa-2402770.jpg","width":1280,"height":720},{"@type":"BreadcrumbList","@id":"https:\/\/kuzeyinsesi.org\/index.php\/2025\/10\/03\/isgalci-israilin-ablukasindaki-gazzede-acliktan-olenlerin-sayisi-457-oldu\/#breadcrumb","itemListElement":[{"@type":"ListItem","position":1,"name":"Anasayfa","item":"https:\/\/kuzeyinsesi.org\/"},{"@type":"ListItem","position":2,"name":"\u0130\u015fgalci \u0130srail&#039;in ablukas\u0131ndaki Gazzede a\u00e7l\u0131ktan \u00f6lenlerin say\u0131s\u0131 457 oldu"}]},{"@type":"WebSite","@id":"https:\/\/kuzeyinsesi.org\/#website","url":"https:\/\/kuzeyinsesi.org\/","name":"Kuzeyin Sesi","description":"Do\u011fru Haberin Adresi","potentialAction":[{"@type":"SearchAction","target":{"@type":"EntryPoint","urlTemplate":"https:\/\/kuzeyinsesi.org\/?s={search_term_string}"},"query-input":{"@type":"PropertyValueSpecification","valueRequired":true,"valueName":"search_term_string"}}],"inLanguage":"tr"},{"@type":"Person","@id":"https:\/\/kuzeyinsesi.org\/#\/schema\/person\/9f859689cdf01485597712386e37f5aa","name":"Kuzeyin Sesi","image":{"@type":"ImageObject","inLanguage":"tr","@id":"https:\/\/secure.gravatar.com\/avatar\/bab33852abfd8b282518d6ed81826833d77c3c882d9ab608add591ccace47a44?s=96&d=mm&r=g","url":"https:\/\/secure.gravatar.com\/avatar\/bab33852abfd8b282518d6ed81826833d77c3c882d9ab608add591ccace47a44?s=96&d=mm&r=g","contentUrl":"https:\/\/secure.gravatar.com\/avatar\/bab33852abfd8b282518d6ed81826833d77c3c882d9ab608add591ccace47a44?s=96&d=mm&r=g","caption":"Kuzeyin Sesi"},"sameAs":["https:\/\/kuzeyinsesi.org"],"url":"https:\/\/kuzeyinsesi.org\/index.php\/author\/guven\/"}]}},"_links":{"self":[{"href":"https:\/\/kuzeyinsesi.org\/index.php\/wp-json\/wp\/v2\/posts\/32615","targetHints":{"allow":["GET"]}}],"collection":[{"href":"https:\/\/kuzeyinsesi.org\/index.php\/wp-json\/wp\/v2\/posts"}],"about":[{"href":"https:\/\/kuzeyinsesi.org\/index.php\/wp-json\/wp\/v2\/types\/post"}],"author":[{"embeddable":true,"href":"https:\/\/kuzeyinsesi.org\/index.php\/wp-json\/wp\/v2\/users\/1"}],"replies":[{"embeddable":true,"href":"https:\/\/kuzeyinsesi.org\/index.php\/wp-json\/wp\/v2\/comments?post=32615"}],"version-history":[{"count":0,"href":"https:\/\/kuzeyinsesi.org\/index.php\/wp-json\/wp\/v2\/posts\/32615\/revisions"}],"wp:featuredmedia":[{"embeddable":true,"href":"https:\/\/kuzeyinsesi.org\/index.php\/wp-json\/wp\/v2\/media\/32616"}],"wp:attachment":[{"href":"https:\/\/kuzeyinsesi.org\/index.php\/wp-json\/wp\/v2\/media?parent=32615"}],"wp:term":[{"taxonomy":"category","embeddable":true,"href":"https:\/\/kuzeyinsesi.org\/index.php\/wp-json\/wp\/v2\/categories?post=32615"},{"taxonomy":"post_tag","embeddable":true,"href":"https:\/\/kuzeyinsesi.org\/index.php\/wp-json\/wp\/v2\/tags?post=32615"}],"curies":[{"name":"wp","href":"https:\/\/api.w.org\/{rel}","templated":true}]}}