{"id":32609,"date":"2025-10-03T14:04:21","date_gmt":"2025-10-03T11:04:21","guid":{"rendered":"https:\/\/kuzeyinsesi.org\/index.php\/2025\/10\/03\/haydut-israilin-bakani-filo-aktivistleri-teror-mahkumu-sartlarinda-tutulacak\/"},"modified":"2025-10-03T14:04:21","modified_gmt":"2025-10-03T11:04:21","slug":"haydut-israilin-bakani-filo-aktivistleri-teror-mahkumu-sartlarinda-tutulacak","status":"publish","type":"post","link":"https:\/\/kuzeyinsesi.org\/index.php\/2025\/10\/03\/haydut-israilin-bakani-filo-aktivistleri-teror-mahkumu-sartlarinda-tutulacak\/","title":{"rendered":"Haydut \u0130srail&#039;in Bakan\u0131: Filo aktivistleri ter\u00f6r mahkumu \u015fartlar\u0131nda tutulacak"},"content":{"rendered":"<p><\/p>\n<div>\n<p>&#13;<br \/>\n\tSoyk\u0131r\u0131mc\u0131 \u0130srail&#8217;in Kanal 14 televizyonu, hapishanelerden de sorumlu a\u015f\u0131r\u0131 sa\u011fc\u0131 Bakan Ben-Gvir&#8217;in, Sumud Filosu&#8217;ndan al\u0131konulan aktivistlerin tutuldu\u011fu, \u0130srail&#8217;in g\u00fcneyindeki Bir\u00fcssebi (Beer\u015feva) kentine ba\u011fl\u0131 Ketziot Hapishanesi&#8217;ni gezdi\u011fi g\u00f6r\u00fcnt\u00fcleri yay\u0131mlad\u0131.<\/p>\n<p>&#13;<br \/>\n\tHaydut Ben-Gvir, &#8220;Ketziot Hapishanesi&#8217;ndeyiz, bu filo \u00fcyeleri ter\u00f6r destek\u00e7isi, \u015fimdi de g\u00fcvenlik hapishanesine konuyorlar. <a href=\"https:\/\/www.trthaber.com\/etiket\/oyun\/\" target=\"_blank\">Oyun<\/a> bitti. Burada ter\u00f6ristlerle ayn\u0131 ko\u015fullarda kalacaklar, mahkum tulumlar\u0131 giyecekler, t\u00fcm ko\u015fullar ayn\u0131 olacak. Bunu vadetmi\u015ftim, \u015fimdi de uyguluyoruz.&#8221; ifadesini kulland\u0131.<\/p>\n<p>&#13;<br \/>\n\tAyn\u0131 \u015fekilde K\u00fcresel Sumud Filosu aktivistlerinin tutuldu\u011fu b\u00f6l\u00fcm\u00fcn avlusuna Arap\u00e7a &#8220;Yeni Gazze&#8221; yaz\u0131l\u0131 Gazze&#8217;deki y\u0131k\u0131m\u0131 g\u00f6steren bir tablo as\u0131ld\u0131.\u00a0<\/p>\n<\/p><\/div>\n","protected":false},"excerpt":{"rendered":"<p>&#13; Soyk\u0131r\u0131mc\u0131 \u0130srail&#8217;in Kanal 14 televizyonu, hapishanelerden de sorumlu a\u015f\u0131r\u0131 sa\u011fc\u0131 Bakan Ben-Gvir&#8217;in, Sumud Filosu&#8217;ndan al\u0131konulan aktivistlerin tutuldu\u011fu, \u0130srail&#8217;in g\u00fcneyindeki Bir\u00fcssebi (Beer\u015feva) kentine ba\u011fl\u0131 Ketziot Hapishanesi&#8217;ni gezdi\u011fi g\u00f6r\u00fcnt\u00fcleri yay\u0131mlad\u0131. &#13; Haydut Ben-Gvir, &#8220;Ketziot Hapishanesi&#8217;ndeyiz, bu filo \u00fcyeleri ter\u00f6r destek\u00e7isi, \u015fimdi de g\u00fcvenlik hapishanesine konuyorlar. Oyun bitti. Burada ter\u00f6ristlerle ayn\u0131 ko\u015fullarda kalacaklar, mahkum tulumlar\u0131 giyecekler, t\u00fcm [&hellip;]<\/p>\n","protected":false},"author":1,"featured_media":32572,"comment_status":"open","ping_status":"open","sticky":false,"template":"","format":"standard","meta":{"jnews-multi-image_gallery":[],"jnews_single_post":[],"jnews_primary_category":[],"jnews_social_meta":[],"jnews_override_counter":[],"footnotes":""},"categories":[2],"tags":[],"class_list":["post-32609","post","type-post","status-publish","format-standard","has-post-thumbnail","hentry","category-dunya"],"yoast_head":"<!-- This site is optimized with the Yoast SEO plugin v27.5 - https:\/\/yoast.com\/product\/yoast-seo-wordpress\/ -->\n<title>Haydut \u0130srail&#039;in Bakan\u0131: Filo aktivistleri ter\u00f6r mahkumu \u015fartlar\u0131nda tutulacak - Kuzeyin Sesi<\/title>\n<meta name=\"robots\" content=\"index, follow, max-snippet:-1, max-image-preview:large, max-video-preview:-1\" \/>\n<link rel=\"canonical\" href=\"https:\/\/kuzeyinsesi.org\/index.php\/2025\/10\/03\/haydut-israilin-bakani-filo-aktivistleri-teror-mahkumu-sartlarinda-tutulacak\/\" \/>\n<meta property=\"og:locale\" content=\"tr_TR\" \/>\n<meta property=\"og:type\" content=\"article\" \/>\n<meta property=\"og:title\" content=\"Haydut \u0130srail&#039;in Bakan\u0131: Filo aktivistleri ter\u00f6r mahkumu \u015fartlar\u0131nda tutulacak - Kuzeyin Sesi\" \/>\n<meta property=\"og:description\" content=\"&#013; Soyk\u0131r\u0131mc\u0131 \u0130srail&#8217;in Kanal 14 televizyonu, hapishanelerden de sorumlu a\u015f\u0131r\u0131 sa\u011fc\u0131 Bakan Ben-Gvir&#8217;in, Sumud Filosu&#8217;ndan al\u0131konulan aktivistlerin tutuldu\u011fu, \u0130srail&#8217;in g\u00fcneyindeki Bir\u00fcssebi (Beer\u015feva) kentine ba\u011fl\u0131 Ketziot Hapishanesi&#8217;ni gezdi\u011fi g\u00f6r\u00fcnt\u00fcleri yay\u0131mlad\u0131. &#013; Haydut Ben-Gvir, &#8220;Ketziot Hapishanesi&#8217;ndeyiz, bu filo \u00fcyeleri ter\u00f6r destek\u00e7isi, \u015fimdi de g\u00fcvenlik hapishanesine konuyorlar. Oyun bitti. Burada ter\u00f6ristlerle ayn\u0131 ko\u015fullarda kalacaklar, mahkum tulumlar\u0131 giyecekler, t\u00fcm [&hellip;]\" \/>\n<meta property=\"og:url\" content=\"https:\/\/kuzeyinsesi.org\/index.php\/2025\/10\/03\/haydut-israilin-bakani-filo-aktivistleri-teror-mahkumu-sartlarinda-tutulacak\/\" \/>\n<meta property=\"og:site_name\" content=\"Kuzeyin Sesi\" \/>\n<meta property=\"article:publisher\" content=\"https:\/\/www.facebook.com\/kuzeyinsesii\" \/>\n<meta property=\"article:published_time\" content=\"2025-10-03T11:04:21+00:00\" \/>\n<meta property=\"og:image\" content=\"https:\/\/trthaberstatic.cdn.wp.trt.com.tr\/resimler\/2402000\/sumud-reu-2403687.jpg\" \/>\n<meta name=\"author\" content=\"Kuzeyin Sesi\" \/>\n<meta name=\"twitter:card\" content=\"summary_large_image\" \/>\n<meta name=\"twitter:creator\" content=\"@kuzeyinsesii\" \/>\n<meta name=\"twitter:site\" content=\"@kuzeyinsesii\" \/>\n<meta name=\"twitter:label1\" content=\"Yazan:\" \/>\n\t<meta name=\"twitter:data1\" content=\"Kuzeyin Sesi\" \/>\n\t<meta name=\"twitter:label2\" content=\"Tahmini okuma s\u00fcresi\" \/>\n\t<meta name=\"twitter:data2\" content=\"1 dakika\" \/>\n<script type=\"application\/ld+json\" class=\"yoast-schema-graph\">{\"@context\":\"https:\\\/\\\/schema.org\",\"@graph\":[{\"@type\":\"Article\",\"@id\":\"https:\\\/\\\/kuzeyinsesi.org\\\/index.php\\\/2025\\\/10\\\/03\\\/haydut-israilin-bakani-filo-aktivistleri-teror-mahkumu-sartlarinda-tutulacak\\\/#article\",\"isPartOf\":{\"@id\":\"https:\\\/\\\/kuzeyinsesi.org\\\/index.php\\\/2025\\\/10\\\/03\\\/haydut-israilin-bakani-filo-aktivistleri-teror-mahkumu-sartlarinda-tutulacak\\\/\"},\"author\":{\"name\":\"Kuzeyin Sesi\",\"@id\":\"https:\\\/\\\/kuzeyinsesi.org\\\/#\\\/schema\\\/person\\\/9f859689cdf01485597712386e37f5aa\"},\"headline\":\"Haydut \u0130srail&#039;in Bakan\u0131: Filo aktivistleri ter\u00f6r mahkumu \u015fartlar\u0131nda tutulacak\",\"datePublished\":\"2025-10-03T11:04:21+00:00\",\"mainEntityOfPage\":{\"@id\":\"https:\\\/\\\/kuzeyinsesi.org\\\/index.php\\\/2025\\\/10\\\/03\\\/haydut-israilin-bakani-filo-aktivistleri-teror-mahkumu-sartlarinda-tutulacak\\\/\"},\"wordCount\":134,\"commentCount\":0,\"image\":{\"@id\":\"https:\\\/\\\/kuzeyinsesi.org\\\/index.php\\\/2025\\\/10\\\/03\\\/haydut-israilin-bakani-filo-aktivistleri-teror-mahkumu-sartlarinda-tutulacak\\\/#primaryimage\"},\"thumbnailUrl\":\"https:\\\/\\\/kuzeyinsesi.org\\\/wp-content\\\/uploads\\\/2025\\\/10\\\/sumud-reu-2403687.jpg\",\"articleSection\":[\"D\u00fcnya\"],\"inLanguage\":\"tr\",\"potentialAction\":[{\"@type\":\"CommentAction\",\"name\":\"Comment\",\"target\":[\"https:\\\/\\\/kuzeyinsesi.org\\\/index.php\\\/2025\\\/10\\\/03\\\/haydut-israilin-bakani-filo-aktivistleri-teror-mahkumu-sartlarinda-tutulacak\\\/#respond\"]}]},{\"@type\":\"WebPage\",\"@id\":\"https:\\\/\\\/kuzeyinsesi.org\\\/index.php\\\/2025\\\/10\\\/03\\\/haydut-israilin-bakani-filo-aktivistleri-teror-mahkumu-sartlarinda-tutulacak\\\/\",\"url\":\"https:\\\/\\\/kuzeyinsesi.org\\\/index.php\\\/2025\\\/10\\\/03\\\/haydut-israilin-bakani-filo-aktivistleri-teror-mahkumu-sartlarinda-tutulacak\\\/\",\"name\":\"Haydut \u0130srail&#039;in Bakan\u0131: Filo aktivistleri ter\u00f6r mahkumu \u015fartlar\u0131nda tutulacak - Kuzeyin Sesi\",\"isPartOf\":{\"@id\":\"https:\\\/\\\/kuzeyinsesi.org\\\/#website\"},\"primaryImageOfPage\":{\"@id\":\"https:\\\/\\\/kuzeyinsesi.org\\\/index.php\\\/2025\\\/10\\\/03\\\/haydut-israilin-bakani-filo-aktivistleri-teror-mahkumu-sartlarinda-tutulacak\\\/#primaryimage\"},\"image\":{\"@id\":\"https:\\\/\\\/kuzeyinsesi.org\\\/index.php\\\/2025\\\/10\\\/03\\\/haydut-israilin-bakani-filo-aktivistleri-teror-mahkumu-sartlarinda-tutulacak\\\/#primaryimage\"},\"thumbnailUrl\":\"https:\\\/\\\/kuzeyinsesi.org\\\/wp-content\\\/uploads\\\/2025\\\/10\\\/sumud-reu-2403687.jpg\",\"datePublished\":\"2025-10-03T11:04:21+00:00\",\"author\":{\"@id\":\"https:\\\/\\\/kuzeyinsesi.org\\\/#\\\/schema\\\/person\\\/9f859689cdf01485597712386e37f5aa\"},\"breadcrumb\":{\"@id\":\"https:\\\/\\\/kuzeyinsesi.org\\\/index.php\\\/2025\\\/10\\\/03\\\/haydut-israilin-bakani-filo-aktivistleri-teror-mahkumu-sartlarinda-tutulacak\\\/#breadcrumb\"},\"inLanguage\":\"tr\",\"potentialAction\":[{\"@type\":\"ReadAction\",\"target\":[\"https:\\\/\\\/kuzeyinsesi.org\\\/index.php\\\/2025\\\/10\\\/03\\\/haydut-israilin-bakani-filo-aktivistleri-teror-mahkumu-sartlarinda-tutulacak\\\/\"]}]},{\"@type\":\"ImageObject\",\"inLanguage\":\"tr\",\"@id\":\"https:\\\/\\\/kuzeyinsesi.org\\\/index.php\\\/2025\\\/10\\\/03\\\/haydut-israilin-bakani-filo-aktivistleri-teror-mahkumu-sartlarinda-tutulacak\\\/#primaryimage\",\"url\":\"https:\\\/\\\/kuzeyinsesi.org\\\/wp-content\\\/uploads\\\/2025\\\/10\\\/sumud-reu-2403687.jpg\",\"contentUrl\":\"https:\\\/\\\/kuzeyinsesi.org\\\/wp-content\\\/uploads\\\/2025\\\/10\\\/sumud-reu-2403687.jpg\",\"width\":1280,\"height\":720},{\"@type\":\"BreadcrumbList\",\"@id\":\"https:\\\/\\\/kuzeyinsesi.org\\\/index.php\\\/2025\\\/10\\\/03\\\/haydut-israilin-bakani-filo-aktivistleri-teror-mahkumu-sartlarinda-tutulacak\\\/#breadcrumb\",\"itemListElement\":[{\"@type\":\"ListItem\",\"position\":1,\"name\":\"Anasayfa\",\"item\":\"https:\\\/\\\/kuzeyinsesi.org\\\/\"},{\"@type\":\"ListItem\",\"position\":2,\"name\":\"Haydut \u0130srail&#039;in Bakan\u0131: Filo aktivistleri ter\u00f6r mahkumu \u015fartlar\u0131nda tutulacak\"}]},{\"@type\":\"WebSite\",\"@id\":\"https:\\\/\\\/kuzeyinsesi.org\\\/#website\",\"url\":\"https:\\\/\\\/kuzeyinsesi.org\\\/\",\"name\":\"Kuzeyin Sesi\",\"description\":\"Do\u011fru Haberin Adresi\",\"potentialAction\":[{\"@type\":\"SearchAction\",\"target\":{\"@type\":\"EntryPoint\",\"urlTemplate\":\"https:\\\/\\\/kuzeyinsesi.org\\\/?s={search_term_string}\"},\"query-input\":{\"@type\":\"PropertyValueSpecification\",\"valueRequired\":true,\"valueName\":\"search_term_string\"}}],\"inLanguage\":\"tr\"},{\"@type\":\"Person\",\"@id\":\"https:\\\/\\\/kuzeyinsesi.org\\\/#\\\/schema\\\/person\\\/9f859689cdf01485597712386e37f5aa\",\"name\":\"Kuzeyin Sesi\",\"image\":{\"@type\":\"ImageObject\",\"inLanguage\":\"tr\",\"@id\":\"https:\\\/\\\/secure.gravatar.com\\\/avatar\\\/bab33852abfd8b282518d6ed81826833d77c3c882d9ab608add591ccace47a44?s=96&d=mm&r=g\",\"url\":\"https:\\\/\\\/secure.gravatar.com\\\/avatar\\\/bab33852abfd8b282518d6ed81826833d77c3c882d9ab608add591ccace47a44?s=96&d=mm&r=g\",\"contentUrl\":\"https:\\\/\\\/secure.gravatar.com\\\/avatar\\\/bab33852abfd8b282518d6ed81826833d77c3c882d9ab608add591ccace47a44?s=96&d=mm&r=g\",\"caption\":\"Kuzeyin Sesi\"},\"sameAs\":[\"https:\\\/\\\/kuzeyinsesi.org\"],\"url\":\"https:\\\/\\\/kuzeyinsesi.org\\\/index.php\\\/author\\\/guven\\\/\"}]}<\/script>\n<!-- \/ Yoast SEO plugin. -->","yoast_head_json":{"title":"Haydut \u0130srail&#039;in Bakan\u0131: Filo aktivistleri ter\u00f6r mahkumu \u015fartlar\u0131nda tutulacak - Kuzeyin Sesi","robots":{"index":"index","follow":"follow","max-snippet":"max-snippet:-1","max-image-preview":"max-image-preview:large","max-video-preview":"max-video-preview:-1"},"canonical":"https:\/\/kuzeyinsesi.org\/index.php\/2025\/10\/03\/haydut-israilin-bakani-filo-aktivistleri-teror-mahkumu-sartlarinda-tutulacak\/","og_locale":"tr_TR","og_type":"article","og_title":"Haydut \u0130srail&#039;in Bakan\u0131: Filo aktivistleri ter\u00f6r mahkumu \u015fartlar\u0131nda tutulacak - Kuzeyin Sesi","og_description":"&#13; Soyk\u0131r\u0131mc\u0131 \u0130srail&#8217;in Kanal 14 televizyonu, hapishanelerden de sorumlu a\u015f\u0131r\u0131 sa\u011fc\u0131 Bakan Ben-Gvir&#8217;in, Sumud Filosu&#8217;ndan al\u0131konulan aktivistlerin tutuldu\u011fu, \u0130srail&#8217;in g\u00fcneyindeki Bir\u00fcssebi (Beer\u015feva) kentine ba\u011fl\u0131 Ketziot Hapishanesi&#8217;ni gezdi\u011fi g\u00f6r\u00fcnt\u00fcleri yay\u0131mlad\u0131. &#13; Haydut Ben-Gvir, &#8220;Ketziot Hapishanesi&#8217;ndeyiz, bu filo \u00fcyeleri ter\u00f6r destek\u00e7isi, \u015fimdi de g\u00fcvenlik hapishanesine konuyorlar. Oyun bitti. Burada ter\u00f6ristlerle ayn\u0131 ko\u015fullarda kalacaklar, mahkum tulumlar\u0131 giyecekler, t\u00fcm [&hellip;]","og_url":"https:\/\/kuzeyinsesi.org\/index.php\/2025\/10\/03\/haydut-israilin-bakani-filo-aktivistleri-teror-mahkumu-sartlarinda-tutulacak\/","og_site_name":"Kuzeyin Sesi","article_publisher":"https:\/\/www.facebook.com\/kuzeyinsesii","article_published_time":"2025-10-03T11:04:21+00:00","og_image":[{"url":"https:\/\/trthaberstatic.cdn.wp.trt.com.tr\/resimler\/2402000\/sumud-reu-2403687.jpg","type":"","width":"","height":""}],"author":"Kuzeyin Sesi","twitter_card":"summary_large_image","twitter_creator":"@kuzeyinsesii","twitter_site":"@kuzeyinsesii","twitter_misc":{"Yazan:":"Kuzeyin Sesi","Tahmini okuma s\u00fcresi":"1 dakika"},"schema":{"@context":"https:\/\/schema.org","@graph":[{"@type":"Article","@id":"https:\/\/kuzeyinsesi.org\/index.php\/2025\/10\/03\/haydut-israilin-bakani-filo-aktivistleri-teror-mahkumu-sartlarinda-tutulacak\/#article","isPartOf":{"@id":"https:\/\/kuzeyinsesi.org\/index.php\/2025\/10\/03\/haydut-israilin-bakani-filo-aktivistleri-teror-mahkumu-sartlarinda-tutulacak\/"},"author":{"name":"Kuzeyin Sesi","@id":"https:\/\/kuzeyinsesi.org\/#\/schema\/person\/9f859689cdf01485597712386e37f5aa"},"headline":"Haydut \u0130srail&#039;in Bakan\u0131: Filo aktivistleri ter\u00f6r mahkumu \u015fartlar\u0131nda tutulacak","datePublished":"2025-10-03T11:04:21+00:00","mainEntityOfPage":{"@id":"https:\/\/kuzeyinsesi.org\/index.php\/2025\/10\/03\/haydut-israilin-bakani-filo-aktivistleri-teror-mahkumu-sartlarinda-tutulacak\/"},"wordCount":134,"commentCount":0,"image":{"@id":"https:\/\/kuzeyinsesi.org\/index.php\/2025\/10\/03\/haydut-israilin-bakani-filo-aktivistleri-teror-mahkumu-sartlarinda-tutulacak\/#primaryimage"},"thumbnailUrl":"https:\/\/kuzeyinsesi.org\/wp-content\/uploads\/2025\/10\/sumud-reu-2403687.jpg","articleSection":["D\u00fcnya"],"inLanguage":"tr","potentialAction":[{"@type":"CommentAction","name":"Comment","target":["https:\/\/kuzeyinsesi.org\/index.php\/2025\/10\/03\/haydut-israilin-bakani-filo-aktivistleri-teror-mahkumu-sartlarinda-tutulacak\/#respond"]}]},{"@type":"WebPage","@id":"https:\/\/kuzeyinsesi.org\/index.php\/2025\/10\/03\/haydut-israilin-bakani-filo-aktivistleri-teror-mahkumu-sartlarinda-tutulacak\/","url":"https:\/\/kuzeyinsesi.org\/index.php\/2025\/10\/03\/haydut-israilin-bakani-filo-aktivistleri-teror-mahkumu-sartlarinda-tutulacak\/","name":"Haydut \u0130srail&#039;in Bakan\u0131: Filo aktivistleri ter\u00f6r mahkumu \u015fartlar\u0131nda tutulacak - Kuzeyin Sesi","isPartOf":{"@id":"https:\/\/kuzeyinsesi.org\/#website"},"primaryImageOfPage":{"@id":"https:\/\/kuzeyinsesi.org\/index.php\/2025\/10\/03\/haydut-israilin-bakani-filo-aktivistleri-teror-mahkumu-sartlarinda-tutulacak\/#primaryimage"},"image":{"@id":"https:\/\/kuzeyinsesi.org\/index.php\/2025\/10\/03\/haydut-israilin-bakani-filo-aktivistleri-teror-mahkumu-sartlarinda-tutulacak\/#primaryimage"},"thumbnailUrl":"https:\/\/kuzeyinsesi.org\/wp-content\/uploads\/2025\/10\/sumud-reu-2403687.jpg","datePublished":"2025-10-03T11:04:21+00:00","author":{"@id":"https:\/\/kuzeyinsesi.org\/#\/schema\/person\/9f859689cdf01485597712386e37f5aa"},"breadcrumb":{"@id":"https:\/\/kuzeyinsesi.org\/index.php\/2025\/10\/03\/haydut-israilin-bakani-filo-aktivistleri-teror-mahkumu-sartlarinda-tutulacak\/#breadcrumb"},"inLanguage":"tr","potentialAction":[{"@type":"ReadAction","target":["https:\/\/kuzeyinsesi.org\/index.php\/2025\/10\/03\/haydut-israilin-bakani-filo-aktivistleri-teror-mahkumu-sartlarinda-tutulacak\/"]}]},{"@type":"ImageObject","inLanguage":"tr","@id":"https:\/\/kuzeyinsesi.org\/index.php\/2025\/10\/03\/haydut-israilin-bakani-filo-aktivistleri-teror-mahkumu-sartlarinda-tutulacak\/#primaryimage","url":"https:\/\/kuzeyinsesi.org\/wp-content\/uploads\/2025\/10\/sumud-reu-2403687.jpg","contentUrl":"https:\/\/kuzeyinsesi.org\/wp-content\/uploads\/2025\/10\/sumud-reu-2403687.jpg","width":1280,"height":720},{"@type":"BreadcrumbList","@id":"https:\/\/kuzeyinsesi.org\/index.php\/2025\/10\/03\/haydut-israilin-bakani-filo-aktivistleri-teror-mahkumu-sartlarinda-tutulacak\/#breadcrumb","itemListElement":[{"@type":"ListItem","position":1,"name":"Anasayfa","item":"https:\/\/kuzeyinsesi.org\/"},{"@type":"ListItem","position":2,"name":"Haydut \u0130srail&#039;in Bakan\u0131: Filo aktivistleri ter\u00f6r mahkumu \u015fartlar\u0131nda tutulacak"}]},{"@type":"WebSite","@id":"https:\/\/kuzeyinsesi.org\/#website","url":"https:\/\/kuzeyinsesi.org\/","name":"Kuzeyin Sesi","description":"Do\u011fru Haberin Adresi","potentialAction":[{"@type":"SearchAction","target":{"@type":"EntryPoint","urlTemplate":"https:\/\/kuzeyinsesi.org\/?s={search_term_string}"},"query-input":{"@type":"PropertyValueSpecification","valueRequired":true,"valueName":"search_term_string"}}],"inLanguage":"tr"},{"@type":"Person","@id":"https:\/\/kuzeyinsesi.org\/#\/schema\/person\/9f859689cdf01485597712386e37f5aa","name":"Kuzeyin Sesi","image":{"@type":"ImageObject","inLanguage":"tr","@id":"https:\/\/secure.gravatar.com\/avatar\/bab33852abfd8b282518d6ed81826833d77c3c882d9ab608add591ccace47a44?s=96&d=mm&r=g","url":"https:\/\/secure.gravatar.com\/avatar\/bab33852abfd8b282518d6ed81826833d77c3c882d9ab608add591ccace47a44?s=96&d=mm&r=g","contentUrl":"https:\/\/secure.gravatar.com\/avatar\/bab33852abfd8b282518d6ed81826833d77c3c882d9ab608add591ccace47a44?s=96&d=mm&r=g","caption":"Kuzeyin Sesi"},"sameAs":["https:\/\/kuzeyinsesi.org"],"url":"https:\/\/kuzeyinsesi.org\/index.php\/author\/guven\/"}]}},"_links":{"self":[{"href":"https:\/\/kuzeyinsesi.org\/index.php\/wp-json\/wp\/v2\/posts\/32609","targetHints":{"allow":["GET"]}}],"collection":[{"href":"https:\/\/kuzeyinsesi.org\/index.php\/wp-json\/wp\/v2\/posts"}],"about":[{"href":"https:\/\/kuzeyinsesi.org\/index.php\/wp-json\/wp\/v2\/types\/post"}],"author":[{"embeddable":true,"href":"https:\/\/kuzeyinsesi.org\/index.php\/wp-json\/wp\/v2\/users\/1"}],"replies":[{"embeddable":true,"href":"https:\/\/kuzeyinsesi.org\/index.php\/wp-json\/wp\/v2\/comments?post=32609"}],"version-history":[{"count":0,"href":"https:\/\/kuzeyinsesi.org\/index.php\/wp-json\/wp\/v2\/posts\/32609\/revisions"}],"wp:featuredmedia":[{"embeddable":true,"href":"https:\/\/kuzeyinsesi.org\/index.php\/wp-json\/wp\/v2\/media\/32572"}],"wp:attachment":[{"href":"https:\/\/kuzeyinsesi.org\/index.php\/wp-json\/wp\/v2\/media?parent=32609"}],"wp:term":[{"taxonomy":"category","embeddable":true,"href":"https:\/\/kuzeyinsesi.org\/index.php\/wp-json\/wp\/v2\/categories?post=32609"},{"taxonomy":"post_tag","embeddable":true,"href":"https:\/\/kuzeyinsesi.org\/index.php\/wp-json\/wp\/v2\/tags?post=32609"}],"curies":[{"name":"wp","href":"https:\/\/api.w.org\/{rel}","templated":true}]}}