{"id":32602,"date":"2025-10-03T12:00:19","date_gmt":"2025-10-03T09:00:19","guid":{"rendered":"https:\/\/kuzeyinsesi.org\/index.php\/2025\/10\/03\/haydut-israil-kuresel-kararlilik-filosundaki-marinette-gemisini-de-gasbetti\/"},"modified":"2025-10-03T12:00:19","modified_gmt":"2025-10-03T09:00:19","slug":"haydut-israil-kuresel-kararlilik-filosundaki-marinette-gemisini-de-gasbetti","status":"publish","type":"post","link":"https:\/\/kuzeyinsesi.org\/index.php\/2025\/10\/03\/haydut-israil-kuresel-kararlilik-filosundaki-marinette-gemisini-de-gasbetti\/","title":{"rendered":"Haydut \u0130srail, K\u00fcresel Kararl\u0131l\u0131k Filosu&#039;ndaki Marinette gemisini de gasbetti"},"content":{"rendered":"<p><\/p>\n<div>\n<p>&#13;<br \/>\n\tK\u00fcresel Kararl\u0131l\u0131k Filosu&#8217;ndaki Gazze&#8217;ye do\u011fru ilerleyen son <a href=\"https:\/\/www.trthaber.com\/etiket\/gemi\/\" target=\"_blank\">gemi<\/a> Marinette teknesinden yap\u0131lan canl\u0131 yay\u0131nda haydut <a href=\"https:\/\/www.trthaber.com\/etiket\/israil\/\" target=\"_blank\">\u0130srail<\/a> donanmas\u0131ndan bir geminin tekneye yana\u015ft\u0131\u011f\u0131 g\u00f6r\u00fcld\u00fc.<\/p>\n<p>&#13;<br \/>\n\tBu s\u0131rada aktivistler haz\u0131rl\u0131klar\u0131n\u0131 yaparak telefonlar\u0131n\u0131 suya atmaya ba\u015flad\u0131.<\/p>\n<p>&#13;<br \/>\n\tTeknedeki yay\u0131n\u0131 kesen soyk\u0131r\u0131mc\u0131 \u0130srail askerlerinin aktivistleri yasa d\u0131\u015f\u0131 al\u0131koydu\u011fu d\u00fc\u015f\u00fcn\u00fcl\u00fcyor.<\/p>\n<h2>&#13;<br \/>\n\tFilonun en arkas\u0131nda kalm\u0131\u015ft\u0131<\/h2>\n<p>&#13;<br \/>\n\tMarinette ya\u015fad\u0131\u011f\u0131 ar\u0131za sebebiyle K\u00fcresel Kararl\u0131l\u0131k Filosu&#8217;nun en arkas\u0131nda kalm\u0131\u015ft\u0131.<\/p>\n<p>&#13;<br \/>\n\tFilonun gemi takip sisteminde de &#8220;Marinette&#8221;nin, haydut \u0130srail ordusu taraf\u0131ndan yasa d\u0131\u015f\u0131 ele ge\u00e7irilen gemilerin bulundu\u011fu noktan\u0131n en arkas\u0131nda yer ald\u0131\u011f\u0131 g\u00f6r\u00fcl\u00fcyordu.<\/p>\n<h2>&#13;<br \/>\n\tGemideki T\u00fcrk aktivist: A\u00e7\u0131k hedefiz<\/h2>\n<p>&#13;<br \/>\n\tGemide bulunan makine m\u00fchendisi ve Gazze g\u00f6n\u00fcll\u00fcs\u00fc \u00d6mer Faruk Narl\u0131, \u0130srail ordusunun sald\u0131r\u0131s\u0131 s\u0131ras\u0131nda manevralarla kurtulmay\u0131 ba\u015fard\u0131klar\u0131n\u0131 ve yollar\u0131na devam ettiklerini anlatm\u0131\u015ft\u0131.<\/p>\n<p>&#13;<br \/>\n\tGazze&#8217;ye 80 mil mesafede olduklar\u0131n\u0131 belirten Narl\u0131, &#8220;Yolumuza devam ediyoruz. K\u00fcresel Sumud Filosu&#8217;na bask\u0131n\u0131n yap\u0131ld\u0131\u011f\u0131 b\u00f6lgedeyiz. \u00d6n\u00fcm\u00fczdeki saatler ne getirir, bilmiyoruz.&#8221; demi\u015fti.<\/p>\n<p>&#13;<br \/>\n\tD\u00fcn geceden beri filodaki gemilere el konuldu\u011funu an\u0131msatan Narl\u0131, &#8220;\u015eu an tehlikenin orta yerindeyiz. 1 ya da 5 dakika sonra ne olaca\u011f\u0131n\u0131 bilemiyoruz. Tek ba\u015f\u0131m\u0131zay\u0131z.&#8221; ifadesini kullanm\u0131\u015ft\u0131.<\/p>\n<h2>&#13;<br \/>\n\tHaydut \u0130srail, filoyu gasbetti<\/h2>\n<p>&#13;<br \/>\n\tSoyk\u0131r\u0131mc\u0131 \u0130srail&#8217;in ablukas\u0131n\u0131 k\u0131rmak ve Gazze&#8217;ye insani yard\u0131m ula\u015ft\u0131rmak i\u00e7in yol alan K\u00fcresel Sumud Filosu, 1 Ekim ak\u015fam\u0131 Gazze sular\u0131na yakla\u015ft\u0131.<\/p>\n<p>&#13;<br \/>\n\tFiloya sald\u0131ran katil \u0130srail ordusu, onlarca tekne ve gemiyi yasa d\u0131\u015f\u0131 \u015fekilde gasbederek y\u00fczlerce yolcusunu al\u0131koydu.<\/p>\n<p>&#13;<br \/>\n\tK\u00fcresel Sumud Filosu, bug\u00fcne kadar Gazze&#8217;ye insani yard\u0131m ula\u015ft\u0131rmak i\u00e7in toplu \u015fekilde yola \u00e7\u0131kan en b\u00fcy\u00fck filo olma \u00f6zelli\u011fini ta\u015f\u0131yor.<\/p>\n<\/p><\/div>\n","protected":false},"excerpt":{"rendered":"<p>&#13; K\u00fcresel Kararl\u0131l\u0131k Filosu&#8217;ndaki Gazze&#8217;ye do\u011fru ilerleyen son gemi Marinette teknesinden yap\u0131lan canl\u0131 yay\u0131nda haydut \u0130srail donanmas\u0131ndan bir geminin tekneye yana\u015ft\u0131\u011f\u0131 g\u00f6r\u00fcld\u00fc. &#13; Bu s\u0131rada aktivistler haz\u0131rl\u0131klar\u0131n\u0131 yaparak telefonlar\u0131n\u0131 suya atmaya ba\u015flad\u0131. &#13; Teknedeki yay\u0131n\u0131 kesen soyk\u0131r\u0131mc\u0131 \u0130srail askerlerinin aktivistleri yasa d\u0131\u015f\u0131 al\u0131koydu\u011fu d\u00fc\u015f\u00fcn\u00fcl\u00fcyor. &#13; Filonun en arkas\u0131nda kalm\u0131\u015ft\u0131 &#13; Marinette ya\u015fad\u0131\u011f\u0131 ar\u0131za sebebiyle K\u00fcresel [&hellip;]<\/p>\n","protected":false},"author":1,"featured_media":32603,"comment_status":"open","ping_status":"open","sticky":false,"template":"","format":"standard","meta":{"jnews-multi-image_gallery":[],"jnews_single_post":[],"jnews_primary_category":[],"jnews_social_meta":[],"jnews_override_counter":[],"footnotes":""},"categories":[2],"tags":[],"class_list":["post-32602","post","type-post","status-publish","format-standard","has-post-thumbnail","hentry","category-dunya"],"yoast_head":"<!-- This site is optimized with the Yoast SEO plugin v27.5 - https:\/\/yoast.com\/product\/yoast-seo-wordpress\/ -->\n<title>Haydut \u0130srail, K\u00fcresel Kararl\u0131l\u0131k Filosu&#039;ndaki Marinette gemisini de gasbetti - Kuzeyin Sesi<\/title>\n<meta name=\"robots\" content=\"index, follow, max-snippet:-1, max-image-preview:large, max-video-preview:-1\" \/>\n<link rel=\"canonical\" href=\"https:\/\/kuzeyinsesi.org\/index.php\/2025\/10\/03\/haydut-israil-kuresel-kararlilik-filosundaki-marinette-gemisini-de-gasbetti\/\" \/>\n<meta property=\"og:locale\" content=\"tr_TR\" \/>\n<meta property=\"og:type\" content=\"article\" \/>\n<meta property=\"og:title\" content=\"Haydut \u0130srail, K\u00fcresel Kararl\u0131l\u0131k Filosu&#039;ndaki Marinette gemisini de gasbetti - Kuzeyin Sesi\" \/>\n<meta property=\"og:description\" content=\"&#013; K\u00fcresel Kararl\u0131l\u0131k Filosu&#8217;ndaki Gazze&#8217;ye do\u011fru ilerleyen son gemi Marinette teknesinden yap\u0131lan canl\u0131 yay\u0131nda haydut \u0130srail donanmas\u0131ndan bir geminin tekneye yana\u015ft\u0131\u011f\u0131 g\u00f6r\u00fcld\u00fc. &#013; Bu s\u0131rada aktivistler haz\u0131rl\u0131klar\u0131n\u0131 yaparak telefonlar\u0131n\u0131 suya atmaya ba\u015flad\u0131. &#013; Teknedeki yay\u0131n\u0131 kesen soyk\u0131r\u0131mc\u0131 \u0130srail askerlerinin aktivistleri yasa d\u0131\u015f\u0131 al\u0131koydu\u011fu d\u00fc\u015f\u00fcn\u00fcl\u00fcyor. &#013; Filonun en arkas\u0131nda kalm\u0131\u015ft\u0131 &#013; Marinette ya\u015fad\u0131\u011f\u0131 ar\u0131za sebebiyle K\u00fcresel [&hellip;]\" \/>\n<meta property=\"og:url\" content=\"https:\/\/kuzeyinsesi.org\/index.php\/2025\/10\/03\/haydut-israil-kuresel-kararlilik-filosundaki-marinette-gemisini-de-gasbetti\/\" \/>\n<meta property=\"og:site_name\" content=\"Kuzeyin Sesi\" \/>\n<meta property=\"article:publisher\" content=\"https:\/\/www.facebook.com\/kuzeyinsesii\" \/>\n<meta property=\"article:published_time\" content=\"2025-10-03T09:00:19+00:00\" \/>\n<meta property=\"og:image\" content=\"https:\/\/trthaberstatic.cdn.wp.trt.com.tr\/resimler\/2402000\/marinette-2403892.jpg\" \/>\n<meta name=\"author\" content=\"Kuzeyin Sesi\" \/>\n<meta name=\"twitter:card\" content=\"summary_large_image\" \/>\n<meta name=\"twitter:creator\" content=\"@kuzeyinsesii\" \/>\n<meta name=\"twitter:site\" content=\"@kuzeyinsesii\" \/>\n<meta name=\"twitter:label1\" content=\"Yazan:\" \/>\n\t<meta name=\"twitter:data1\" content=\"Kuzeyin Sesi\" \/>\n\t<meta name=\"twitter:label2\" content=\"Tahmini okuma s\u00fcresi\" \/>\n\t<meta name=\"twitter:data2\" content=\"2 dakika\" \/>\n<script type=\"application\/ld+json\" class=\"yoast-schema-graph\">{\"@context\":\"https:\\\/\\\/schema.org\",\"@graph\":[{\"@type\":\"Article\",\"@id\":\"https:\\\/\\\/kuzeyinsesi.org\\\/index.php\\\/2025\\\/10\\\/03\\\/haydut-israil-kuresel-kararlilik-filosundaki-marinette-gemisini-de-gasbetti\\\/#article\",\"isPartOf\":{\"@id\":\"https:\\\/\\\/kuzeyinsesi.org\\\/index.php\\\/2025\\\/10\\\/03\\\/haydut-israil-kuresel-kararlilik-filosundaki-marinette-gemisini-de-gasbetti\\\/\"},\"author\":{\"name\":\"Kuzeyin Sesi\",\"@id\":\"https:\\\/\\\/kuzeyinsesi.org\\\/#\\\/schema\\\/person\\\/9f859689cdf01485597712386e37f5aa\"},\"headline\":\"Haydut \u0130srail, K\u00fcresel Kararl\u0131l\u0131k Filosu&#039;ndaki Marinette gemisini de gasbetti\",\"datePublished\":\"2025-10-03T09:00:19+00:00\",\"mainEntityOfPage\":{\"@id\":\"https:\\\/\\\/kuzeyinsesi.org\\\/index.php\\\/2025\\\/10\\\/03\\\/haydut-israil-kuresel-kararlilik-filosundaki-marinette-gemisini-de-gasbetti\\\/\"},\"wordCount\":330,\"commentCount\":0,\"image\":{\"@id\":\"https:\\\/\\\/kuzeyinsesi.org\\\/index.php\\\/2025\\\/10\\\/03\\\/haydut-israil-kuresel-kararlilik-filosundaki-marinette-gemisini-de-gasbetti\\\/#primaryimage\"},\"thumbnailUrl\":\"https:\\\/\\\/kuzeyinsesi.org\\\/wp-content\\\/uploads\\\/2025\\\/10\\\/marinette-2403892.jpg\",\"articleSection\":[\"D\u00fcnya\"],\"inLanguage\":\"tr\",\"potentialAction\":[{\"@type\":\"CommentAction\",\"name\":\"Comment\",\"target\":[\"https:\\\/\\\/kuzeyinsesi.org\\\/index.php\\\/2025\\\/10\\\/03\\\/haydut-israil-kuresel-kararlilik-filosundaki-marinette-gemisini-de-gasbetti\\\/#respond\"]}]},{\"@type\":\"WebPage\",\"@id\":\"https:\\\/\\\/kuzeyinsesi.org\\\/index.php\\\/2025\\\/10\\\/03\\\/haydut-israil-kuresel-kararlilik-filosundaki-marinette-gemisini-de-gasbetti\\\/\",\"url\":\"https:\\\/\\\/kuzeyinsesi.org\\\/index.php\\\/2025\\\/10\\\/03\\\/haydut-israil-kuresel-kararlilik-filosundaki-marinette-gemisini-de-gasbetti\\\/\",\"name\":\"Haydut \u0130srail, K\u00fcresel Kararl\u0131l\u0131k Filosu&#039;ndaki Marinette gemisini de gasbetti - Kuzeyin Sesi\",\"isPartOf\":{\"@id\":\"https:\\\/\\\/kuzeyinsesi.org\\\/#website\"},\"primaryImageOfPage\":{\"@id\":\"https:\\\/\\\/kuzeyinsesi.org\\\/index.php\\\/2025\\\/10\\\/03\\\/haydut-israil-kuresel-kararlilik-filosundaki-marinette-gemisini-de-gasbetti\\\/#primaryimage\"},\"image\":{\"@id\":\"https:\\\/\\\/kuzeyinsesi.org\\\/index.php\\\/2025\\\/10\\\/03\\\/haydut-israil-kuresel-kararlilik-filosundaki-marinette-gemisini-de-gasbetti\\\/#primaryimage\"},\"thumbnailUrl\":\"https:\\\/\\\/kuzeyinsesi.org\\\/wp-content\\\/uploads\\\/2025\\\/10\\\/marinette-2403892.jpg\",\"datePublished\":\"2025-10-03T09:00:19+00:00\",\"author\":{\"@id\":\"https:\\\/\\\/kuzeyinsesi.org\\\/#\\\/schema\\\/person\\\/9f859689cdf01485597712386e37f5aa\"},\"breadcrumb\":{\"@id\":\"https:\\\/\\\/kuzeyinsesi.org\\\/index.php\\\/2025\\\/10\\\/03\\\/haydut-israil-kuresel-kararlilik-filosundaki-marinette-gemisini-de-gasbetti\\\/#breadcrumb\"},\"inLanguage\":\"tr\",\"potentialAction\":[{\"@type\":\"ReadAction\",\"target\":[\"https:\\\/\\\/kuzeyinsesi.org\\\/index.php\\\/2025\\\/10\\\/03\\\/haydut-israil-kuresel-kararlilik-filosundaki-marinette-gemisini-de-gasbetti\\\/\"]}]},{\"@type\":\"ImageObject\",\"inLanguage\":\"tr\",\"@id\":\"https:\\\/\\\/kuzeyinsesi.org\\\/index.php\\\/2025\\\/10\\\/03\\\/haydut-israil-kuresel-kararlilik-filosundaki-marinette-gemisini-de-gasbetti\\\/#primaryimage\",\"url\":\"https:\\\/\\\/kuzeyinsesi.org\\\/wp-content\\\/uploads\\\/2025\\\/10\\\/marinette-2403892.jpg\",\"contentUrl\":\"https:\\\/\\\/kuzeyinsesi.org\\\/wp-content\\\/uploads\\\/2025\\\/10\\\/marinette-2403892.jpg\",\"width\":1280,\"height\":720},{\"@type\":\"BreadcrumbList\",\"@id\":\"https:\\\/\\\/kuzeyinsesi.org\\\/index.php\\\/2025\\\/10\\\/03\\\/haydut-israil-kuresel-kararlilik-filosundaki-marinette-gemisini-de-gasbetti\\\/#breadcrumb\",\"itemListElement\":[{\"@type\":\"ListItem\",\"position\":1,\"name\":\"Anasayfa\",\"item\":\"https:\\\/\\\/kuzeyinsesi.org\\\/\"},{\"@type\":\"ListItem\",\"position\":2,\"name\":\"Haydut \u0130srail, K\u00fcresel Kararl\u0131l\u0131k Filosu&#039;ndaki Marinette gemisini de gasbetti\"}]},{\"@type\":\"WebSite\",\"@id\":\"https:\\\/\\\/kuzeyinsesi.org\\\/#website\",\"url\":\"https:\\\/\\\/kuzeyinsesi.org\\\/\",\"name\":\"Kuzeyin Sesi\",\"description\":\"Do\u011fru Haberin Adresi\",\"potentialAction\":[{\"@type\":\"SearchAction\",\"target\":{\"@type\":\"EntryPoint\",\"urlTemplate\":\"https:\\\/\\\/kuzeyinsesi.org\\\/?s={search_term_string}\"},\"query-input\":{\"@type\":\"PropertyValueSpecification\",\"valueRequired\":true,\"valueName\":\"search_term_string\"}}],\"inLanguage\":\"tr\"},{\"@type\":\"Person\",\"@id\":\"https:\\\/\\\/kuzeyinsesi.org\\\/#\\\/schema\\\/person\\\/9f859689cdf01485597712386e37f5aa\",\"name\":\"Kuzeyin Sesi\",\"image\":{\"@type\":\"ImageObject\",\"inLanguage\":\"tr\",\"@id\":\"https:\\\/\\\/secure.gravatar.com\\\/avatar\\\/bab33852abfd8b282518d6ed81826833d77c3c882d9ab608add591ccace47a44?s=96&d=mm&r=g\",\"url\":\"https:\\\/\\\/secure.gravatar.com\\\/avatar\\\/bab33852abfd8b282518d6ed81826833d77c3c882d9ab608add591ccace47a44?s=96&d=mm&r=g\",\"contentUrl\":\"https:\\\/\\\/secure.gravatar.com\\\/avatar\\\/bab33852abfd8b282518d6ed81826833d77c3c882d9ab608add591ccace47a44?s=96&d=mm&r=g\",\"caption\":\"Kuzeyin Sesi\"},\"sameAs\":[\"https:\\\/\\\/kuzeyinsesi.org\"],\"url\":\"https:\\\/\\\/kuzeyinsesi.org\\\/index.php\\\/author\\\/guven\\\/\"}]}<\/script>\n<!-- \/ Yoast SEO plugin. -->","yoast_head_json":{"title":"Haydut \u0130srail, K\u00fcresel Kararl\u0131l\u0131k Filosu&#039;ndaki Marinette gemisini de gasbetti - Kuzeyin Sesi","robots":{"index":"index","follow":"follow","max-snippet":"max-snippet:-1","max-image-preview":"max-image-preview:large","max-video-preview":"max-video-preview:-1"},"canonical":"https:\/\/kuzeyinsesi.org\/index.php\/2025\/10\/03\/haydut-israil-kuresel-kararlilik-filosundaki-marinette-gemisini-de-gasbetti\/","og_locale":"tr_TR","og_type":"article","og_title":"Haydut \u0130srail, K\u00fcresel Kararl\u0131l\u0131k Filosu&#039;ndaki Marinette gemisini de gasbetti - Kuzeyin Sesi","og_description":"&#13; K\u00fcresel Kararl\u0131l\u0131k Filosu&#8217;ndaki Gazze&#8217;ye do\u011fru ilerleyen son gemi Marinette teknesinden yap\u0131lan canl\u0131 yay\u0131nda haydut \u0130srail donanmas\u0131ndan bir geminin tekneye yana\u015ft\u0131\u011f\u0131 g\u00f6r\u00fcld\u00fc. &#13; Bu s\u0131rada aktivistler haz\u0131rl\u0131klar\u0131n\u0131 yaparak telefonlar\u0131n\u0131 suya atmaya ba\u015flad\u0131. &#13; Teknedeki yay\u0131n\u0131 kesen soyk\u0131r\u0131mc\u0131 \u0130srail askerlerinin aktivistleri yasa d\u0131\u015f\u0131 al\u0131koydu\u011fu d\u00fc\u015f\u00fcn\u00fcl\u00fcyor. &#13; Filonun en arkas\u0131nda kalm\u0131\u015ft\u0131 &#13; Marinette ya\u015fad\u0131\u011f\u0131 ar\u0131za sebebiyle K\u00fcresel [&hellip;]","og_url":"https:\/\/kuzeyinsesi.org\/index.php\/2025\/10\/03\/haydut-israil-kuresel-kararlilik-filosundaki-marinette-gemisini-de-gasbetti\/","og_site_name":"Kuzeyin Sesi","article_publisher":"https:\/\/www.facebook.com\/kuzeyinsesii","article_published_time":"2025-10-03T09:00:19+00:00","og_image":[{"url":"https:\/\/trthaberstatic.cdn.wp.trt.com.tr\/resimler\/2402000\/marinette-2403892.jpg","type":"","width":"","height":""}],"author":"Kuzeyin Sesi","twitter_card":"summary_large_image","twitter_creator":"@kuzeyinsesii","twitter_site":"@kuzeyinsesii","twitter_misc":{"Yazan:":"Kuzeyin Sesi","Tahmini okuma s\u00fcresi":"2 dakika"},"schema":{"@context":"https:\/\/schema.org","@graph":[{"@type":"Article","@id":"https:\/\/kuzeyinsesi.org\/index.php\/2025\/10\/03\/haydut-israil-kuresel-kararlilik-filosundaki-marinette-gemisini-de-gasbetti\/#article","isPartOf":{"@id":"https:\/\/kuzeyinsesi.org\/index.php\/2025\/10\/03\/haydut-israil-kuresel-kararlilik-filosundaki-marinette-gemisini-de-gasbetti\/"},"author":{"name":"Kuzeyin Sesi","@id":"https:\/\/kuzeyinsesi.org\/#\/schema\/person\/9f859689cdf01485597712386e37f5aa"},"headline":"Haydut \u0130srail, K\u00fcresel Kararl\u0131l\u0131k Filosu&#039;ndaki Marinette gemisini de gasbetti","datePublished":"2025-10-03T09:00:19+00:00","mainEntityOfPage":{"@id":"https:\/\/kuzeyinsesi.org\/index.php\/2025\/10\/03\/haydut-israil-kuresel-kararlilik-filosundaki-marinette-gemisini-de-gasbetti\/"},"wordCount":330,"commentCount":0,"image":{"@id":"https:\/\/kuzeyinsesi.org\/index.php\/2025\/10\/03\/haydut-israil-kuresel-kararlilik-filosundaki-marinette-gemisini-de-gasbetti\/#primaryimage"},"thumbnailUrl":"https:\/\/kuzeyinsesi.org\/wp-content\/uploads\/2025\/10\/marinette-2403892.jpg","articleSection":["D\u00fcnya"],"inLanguage":"tr","potentialAction":[{"@type":"CommentAction","name":"Comment","target":["https:\/\/kuzeyinsesi.org\/index.php\/2025\/10\/03\/haydut-israil-kuresel-kararlilik-filosundaki-marinette-gemisini-de-gasbetti\/#respond"]}]},{"@type":"WebPage","@id":"https:\/\/kuzeyinsesi.org\/index.php\/2025\/10\/03\/haydut-israil-kuresel-kararlilik-filosundaki-marinette-gemisini-de-gasbetti\/","url":"https:\/\/kuzeyinsesi.org\/index.php\/2025\/10\/03\/haydut-israil-kuresel-kararlilik-filosundaki-marinette-gemisini-de-gasbetti\/","name":"Haydut \u0130srail, K\u00fcresel Kararl\u0131l\u0131k Filosu&#039;ndaki Marinette gemisini de gasbetti - Kuzeyin Sesi","isPartOf":{"@id":"https:\/\/kuzeyinsesi.org\/#website"},"primaryImageOfPage":{"@id":"https:\/\/kuzeyinsesi.org\/index.php\/2025\/10\/03\/haydut-israil-kuresel-kararlilik-filosundaki-marinette-gemisini-de-gasbetti\/#primaryimage"},"image":{"@id":"https:\/\/kuzeyinsesi.org\/index.php\/2025\/10\/03\/haydut-israil-kuresel-kararlilik-filosundaki-marinette-gemisini-de-gasbetti\/#primaryimage"},"thumbnailUrl":"https:\/\/kuzeyinsesi.org\/wp-content\/uploads\/2025\/10\/marinette-2403892.jpg","datePublished":"2025-10-03T09:00:19+00:00","author":{"@id":"https:\/\/kuzeyinsesi.org\/#\/schema\/person\/9f859689cdf01485597712386e37f5aa"},"breadcrumb":{"@id":"https:\/\/kuzeyinsesi.org\/index.php\/2025\/10\/03\/haydut-israil-kuresel-kararlilik-filosundaki-marinette-gemisini-de-gasbetti\/#breadcrumb"},"inLanguage":"tr","potentialAction":[{"@type":"ReadAction","target":["https:\/\/kuzeyinsesi.org\/index.php\/2025\/10\/03\/haydut-israil-kuresel-kararlilik-filosundaki-marinette-gemisini-de-gasbetti\/"]}]},{"@type":"ImageObject","inLanguage":"tr","@id":"https:\/\/kuzeyinsesi.org\/index.php\/2025\/10\/03\/haydut-israil-kuresel-kararlilik-filosundaki-marinette-gemisini-de-gasbetti\/#primaryimage","url":"https:\/\/kuzeyinsesi.org\/wp-content\/uploads\/2025\/10\/marinette-2403892.jpg","contentUrl":"https:\/\/kuzeyinsesi.org\/wp-content\/uploads\/2025\/10\/marinette-2403892.jpg","width":1280,"height":720},{"@type":"BreadcrumbList","@id":"https:\/\/kuzeyinsesi.org\/index.php\/2025\/10\/03\/haydut-israil-kuresel-kararlilik-filosundaki-marinette-gemisini-de-gasbetti\/#breadcrumb","itemListElement":[{"@type":"ListItem","position":1,"name":"Anasayfa","item":"https:\/\/kuzeyinsesi.org\/"},{"@type":"ListItem","position":2,"name":"Haydut \u0130srail, K\u00fcresel Kararl\u0131l\u0131k Filosu&#039;ndaki Marinette gemisini de gasbetti"}]},{"@type":"WebSite","@id":"https:\/\/kuzeyinsesi.org\/#website","url":"https:\/\/kuzeyinsesi.org\/","name":"Kuzeyin Sesi","description":"Do\u011fru Haberin Adresi","potentialAction":[{"@type":"SearchAction","target":{"@type":"EntryPoint","urlTemplate":"https:\/\/kuzeyinsesi.org\/?s={search_term_string}"},"query-input":{"@type":"PropertyValueSpecification","valueRequired":true,"valueName":"search_term_string"}}],"inLanguage":"tr"},{"@type":"Person","@id":"https:\/\/kuzeyinsesi.org\/#\/schema\/person\/9f859689cdf01485597712386e37f5aa","name":"Kuzeyin Sesi","image":{"@type":"ImageObject","inLanguage":"tr","@id":"https:\/\/secure.gravatar.com\/avatar\/bab33852abfd8b282518d6ed81826833d77c3c882d9ab608add591ccace47a44?s=96&d=mm&r=g","url":"https:\/\/secure.gravatar.com\/avatar\/bab33852abfd8b282518d6ed81826833d77c3c882d9ab608add591ccace47a44?s=96&d=mm&r=g","contentUrl":"https:\/\/secure.gravatar.com\/avatar\/bab33852abfd8b282518d6ed81826833d77c3c882d9ab608add591ccace47a44?s=96&d=mm&r=g","caption":"Kuzeyin Sesi"},"sameAs":["https:\/\/kuzeyinsesi.org"],"url":"https:\/\/kuzeyinsesi.org\/index.php\/author\/guven\/"}]}},"_links":{"self":[{"href":"https:\/\/kuzeyinsesi.org\/index.php\/wp-json\/wp\/v2\/posts\/32602","targetHints":{"allow":["GET"]}}],"collection":[{"href":"https:\/\/kuzeyinsesi.org\/index.php\/wp-json\/wp\/v2\/posts"}],"about":[{"href":"https:\/\/kuzeyinsesi.org\/index.php\/wp-json\/wp\/v2\/types\/post"}],"author":[{"embeddable":true,"href":"https:\/\/kuzeyinsesi.org\/index.php\/wp-json\/wp\/v2\/users\/1"}],"replies":[{"embeddable":true,"href":"https:\/\/kuzeyinsesi.org\/index.php\/wp-json\/wp\/v2\/comments?post=32602"}],"version-history":[{"count":0,"href":"https:\/\/kuzeyinsesi.org\/index.php\/wp-json\/wp\/v2\/posts\/32602\/revisions"}],"wp:featuredmedia":[{"embeddable":true,"href":"https:\/\/kuzeyinsesi.org\/index.php\/wp-json\/wp\/v2\/media\/32603"}],"wp:attachment":[{"href":"https:\/\/kuzeyinsesi.org\/index.php\/wp-json\/wp\/v2\/media?parent=32602"}],"wp:term":[{"taxonomy":"category","embeddable":true,"href":"https:\/\/kuzeyinsesi.org\/index.php\/wp-json\/wp\/v2\/categories?post=32602"},{"taxonomy":"post_tag","embeddable":true,"href":"https:\/\/kuzeyinsesi.org\/index.php\/wp-json\/wp\/v2\/tags?post=32602"}],"curies":[{"name":"wp","href":"https:\/\/api.w.org\/{rel}","templated":true}]}}