{"id":32600,"date":"2025-10-03T10:58:22","date_gmt":"2025-10-03T07:58:22","guid":{"rendered":"https:\/\/kuzeyinsesi.org\/index.php\/2025\/10\/03\/hollanda-ve-belcikada-300den-fazla-muze-sanat-ve-kultur-kurulusundan-israile-boykot\/"},"modified":"2025-10-03T10:58:22","modified_gmt":"2025-10-03T07:58:22","slug":"hollanda-ve-belcikada-300den-fazla-muze-sanat-ve-kultur-kurulusundan-israile-boykot","status":"publish","type":"post","link":"https:\/\/kuzeyinsesi.org\/index.php\/2025\/10\/03\/hollanda-ve-belcikada-300den-fazla-muze-sanat-ve-kultur-kurulusundan-israile-boykot\/","title":{"rendered":"Hollanda ve Bel\u00e7ika&#039;da 300&#039;den fazla m\u00fcze, sanat ve k\u00fclt\u00fcr kurulu\u015fundan \u0130srail&#039;e boykot"},"content":{"rendered":"<p><\/p>\n<div>\n<p>&#13;<br \/>\n\t<a href=\"https:\/\/www.trthaber.com\/etiket\/hollanda\/\" target=\"_blank\">Hollanda<\/a> ve Bel\u00e7ika&#8217;dan 302 kurulu\u015fun imzalad\u0131klar\u0131 bildiri metninde, Gazze&#8217;de ya\u015fanan <a href=\"https:\/\/www.trthaber.com\/etiket\/soykirim\/\" target=\"_blank\">soyk\u0131r\u0131m<\/a> ve Bat\u0131 \u015eeria&#8217;daki i\u015fgalin s\u00fcrd\u00fcr\u00fclmesi sebebiyle t\u00fcm \u0130srailli kurumlar\u0131n ve firmalar\u0131n k\u00fclt\u00fcrel olarak boykot edilece\u011fi belirtildi.<\/p>\n<p>&#13;<br \/>\n\tBildiride, &#8220;Hollanda ve <a href=\"https:\/\/www.trthaber.com\/etiket\/belcika\/\" target=\"_blank\">Bel\u00e7ika<\/a> k\u00fclt\u00fcr sekt\u00f6r\u00fc \u00fcyeleri olarak, Filistin halk\u0131na y\u00f6nelik <a href=\"https:\/\/www.trthaber.com\/etiket\/savas\/\" target=\"_blank\">sava\u015f<\/a> su\u00e7lar\u0131, insanl\u0131\u011fa kar\u015f\u0131 su\u00e7lar ve t\u00fcm yetkili kurumlar taraf\u0131ndan tan\u0131nan soyk\u0131r\u0131m\u0131n kar\u015f\u0131s\u0131nda seyirci kalmak istemiyoruz.&#8221; ifadesine yer verildi.<\/p>\n<p>&#13;<br \/>\n\tK\u00fclt\u00fcrel boykot karar\u0131n\u0131n, Filistinli sanat\u00e7\u0131lar ve Filistinlilerden uzun s\u00fcredir gelen \u00e7a\u011fr\u0131lar\u0131n\u0131n ard\u0131ndan al\u0131nd\u0131\u011f\u0131 kaydedilen bildiride, <a href=\"https:\/\/www.trthaber.com\/etiket\/israil\/\" target=\"_blank\">\u0130srail<\/a> devleti ile \u0130srailli kurum ve \u015firketlere k\u00fclt\u00fcrel boykot uygulanaca\u011f\u0131 ifade edildi.<\/p>\n<p>&#13;<br \/>\n\tBildiride, uluslararas\u0131 <a href=\"https:\/\/www.trthaber.com\/etiket\/hukuk\/\" target=\"_blank\">hukuk<\/a> ihlallerinde su\u00e7 ortakl\u0131\u011f\u0131 yapmayan, soyk\u0131r\u0131ma, yasa d\u0131\u015f\u0131 i\u015fgallere ve apartheid uygulamalar\u0131na a\u00e7\u0131k \u015fekilde kar\u015f\u0131 \u00e7\u0131kan kurumlar\u0131n istisna tutuldu\u011fu aktar\u0131larak, boykotun Yahudilere veya \u0130srailli bireylere y\u00f6nelik olmad\u0131\u011f\u0131, Filistinlilere y\u00f6nelik insan haklar\u0131 ihlallerinde su\u00e7 ortakl\u0131\u011f\u0131 olanlara y\u00f6nelik oldu\u011fu vurguland\u0131.<\/p>\n<h2>&#13;<br \/>\n\t302 kurum ve 878 <a href=\"https:\/\/www.trthaber.com\/etiket\/sanatci\/\" target=\"_blank\">sanat\u00e7\u0131<\/a> imzalad\u0131<\/h2>\n<p>&#13;<br \/>\n\tHollanda ve Bel\u00e7ika&#8217;daki 302 m\u00fcze, sanat ve k\u00fclt\u00fcr kurulu\u015funun yan\u0131 s\u0131ra 878 sanat\u00e7\u0131n\u0131n da bireysel olarak bildirgeyi imzalad\u0131\u011f\u0131 aktar\u0131ld\u0131.<\/p>\n<p>&#13;<br \/>\n\tBoykota kat\u0131lanlar aras\u0131nda Maastricht Bonnefanten M\u00fczesi, Ghent <a href=\"https:\/\/www.trthaber.com\/etiket\/guzel-sanatlar\/\" target=\"_blank\">G\u00fczel Sanatlar<\/a> M\u00fczesi, Hollanda Film Festivali, Holland Opera, Flaman Kraliyet Tiyatrosu gibi \u00f6nde gelen kurumlar ve Marlene Dumas, Tom Lanoye, David <a href=\"https:\/\/www.trthaber.com\/etiket\/van\/\" target=\"_blank\">Van<\/a> Reybrouck, Ramsey Nasr ile Sinan \u00c7ankaya gibi isimler bulunuyor.<\/p>\n<h2>&#13;<br \/>\n\tSekt\u00f6rlerden destek<\/h2>\n<p>&#13;<br \/>\n\tBildiride, Gazze&#8217;deki kiliseler, camiler, <a href=\"https:\/\/www.trthaber.com\/etiket\/egitim\/\" target=\"_blank\">e\u011fitim<\/a> kurumlar\u0131, k\u00fct\u00fcphaneler ve k\u00fclt\u00fcrel miras\u0131n hedef oldu\u011fu gibi gazeteciler, insani yard\u0131m g\u00f6revlileri, sa\u011fl\u0131k \u00e7al\u0131\u015fanlar\u0131 ve sanat\u00e7\u0131lar\u0131n da hedef al\u0131nd\u0131\u011f\u0131 belirtildi.<\/p>\n<p>&#13;<br \/>\n\t<a href=\"https:\/\/www.trthaber.com\/etiket\/bati-seria\/\" target=\"_blank\">Bat\u0131 \u015eeria<\/a> ve Kud\u00fcs&#8217;te de Filistinlilerin ya\u015famlar\u0131n\u0131n giderek imkans\u0131z hale getirildi\u011fi anlat\u0131lan bildiride, bunun Filistinlilere onlarca y\u0131ld\u0131r sistematik olarak bask\u0131 kuran ve s\u00fcrg\u00fcn eden bir politikan\u0131n yaln\u0131zca en yeni a\u015famas\u0131 oldu\u011fu vurguland\u0131.<\/p>\n<p>&#13;<br \/>\n\tBildiride, son haftalarda \u0130srail&#8217;in soyk\u0131r\u0131m\u0131na kar\u015f\u0131 seslerin y\u00fckseldi\u011fi ve \u0130srail&#8217;in kat\u0131lmas\u0131 durumunda Hollanda&#8217;n\u0131n da aralar\u0131nda bulundu\u011fu be\u015f \u00fclkenin Eurovision \u015eark\u0131 Yar\u0131\u015fmas\u0131&#8217;na kat\u0131lmay\u0131 reddetti\u011fi hat\u0131rlat\u0131ld\u0131.<\/p>\n<h2>&#13;<br \/>\n\t&#8220;\u0130srail&#8217;i ancak birlik halinde uluslararas\u0131 hukuka uymaya zorlayabiliriz&#8221;<\/h2>\n<p>&#13;<br \/>\n\tDaha \u00f6nce <a href=\"https:\/\/www.trthaber.com\/etiket\/sinema\/\" target=\"_blank\">sinema<\/a> d\u00fcnyas\u0131nda 5 bin ki\u015finin art\u0131k \u0130srailli kurumlarla \u00e7al\u0131\u015fmayaca\u011f\u0131n\u0131 a\u00e7\u0131klad\u0131\u011f\u0131, 400&#8217;den fazla sanat\u00e7\u0131n\u0131n &#8220;Soyk\u0131r\u0131m \u0130\u00e7in <a href=\"https:\/\/www.trthaber.com\/etiket\/muzik\/\" target=\"_blank\">M\u00fczik<\/a> Yok&#8221; eylemine kat\u0131larak kendi m\u00fcziklerini \u0130srail&#8217;deki yay\u0131n platformlar\u0131nda engelledi\u011fi an\u0131msat\u0131lan bildiride, k\u00fclt\u00fcrel boykot karar\u0131n\u0131n ge\u00e7mi\u015fte G\u00fcney Afrika&#8217;daki apartheid politikas\u0131n\u0131n \u00e7\u00f6kmesine katk\u0131da bulundu\u011funa inan\u0131lan k\u00fclt\u00fcrel boykot deneyimine dayan\u0131ld\u0131\u011f\u0131 ifade edildi.<\/p>\n<p>&#13;<br \/>\n\tBoykot karar\u0131n\u0131n kolay al\u0131nmad\u0131\u011f\u0131n\u0131n alt\u0131 \u00e7izilen bildiride, k\u00fclt\u00fcr sekt\u00f6r\u00fcn\u00fcn d\u00fcnyay\u0131 daha iyi bir yer haline getirmeyi ama\u00e7lad\u0131\u011f\u0131 ve bu sebeple hi\u00e7bir \u015fey olmam\u0131\u015f gibi davran\u0131lamayaca\u011f\u0131 vurguland\u0131.<\/p>\n<p>&#13;<br \/>\n\tBildiride, &#8220;K\u00fclt\u00fcrel bir boykot, soyk\u0131r\u0131m\u0131 ve i\u015fgali durdurmak i\u00e7in yeterli olmayacakt\u0131r. Bu nedenle, spor sekt\u00f6r\u00fc, akademik d\u00fcnya, ekonomik kurulu\u015flar ve siyasetin de ba\u011flar\u0131 koparmalar\u0131n\u0131 istiyoruz. \u0130srail&#8217;i ancak birlik halinde uluslararas\u0131 hukuka uymaya zorlayabiliriz.&#8221; ifadesine yer verildi.<\/p>\n<\/p><\/div>\n","protected":false},"excerpt":{"rendered":"<p>&#13; Hollanda ve Bel\u00e7ika&#8217;dan 302 kurulu\u015fun imzalad\u0131klar\u0131 bildiri metninde, Gazze&#8217;de ya\u015fanan soyk\u0131r\u0131m ve Bat\u0131 \u015eeria&#8217;daki i\u015fgalin s\u00fcrd\u00fcr\u00fclmesi sebebiyle t\u00fcm \u0130srailli kurumlar\u0131n ve firmalar\u0131n k\u00fclt\u00fcrel olarak boykot edilece\u011fi belirtildi. &#13; Bildiride, &#8220;Hollanda ve Bel\u00e7ika k\u00fclt\u00fcr sekt\u00f6r\u00fc \u00fcyeleri olarak, Filistin halk\u0131na y\u00f6nelik sava\u015f su\u00e7lar\u0131, insanl\u0131\u011fa kar\u015f\u0131 su\u00e7lar ve t\u00fcm yetkili kurumlar taraf\u0131ndan tan\u0131nan soyk\u0131r\u0131m\u0131n kar\u015f\u0131s\u0131nda seyirci kalmak [&hellip;]<\/p>\n","protected":false},"author":1,"featured_media":32601,"comment_status":"open","ping_status":"open","sticky":false,"template":"","format":"standard","meta":{"jnews-multi-image_gallery":[],"jnews_single_post":[],"jnews_primary_category":[],"jnews_social_meta":[],"jnews_override_counter":[],"footnotes":""},"categories":[2],"tags":[],"class_list":["post-32600","post","type-post","status-publish","format-standard","has-post-thumbnail","hentry","category-dunya"],"yoast_head":"<!-- This site is optimized with the Yoast SEO plugin v27.5 - https:\/\/yoast.com\/product\/yoast-seo-wordpress\/ -->\n<title>Hollanda ve Bel\u00e7ika&#039;da 300&#039;den fazla m\u00fcze, sanat ve k\u00fclt\u00fcr kurulu\u015fundan \u0130srail&#039;e boykot - Kuzeyin Sesi<\/title>\n<meta name=\"robots\" content=\"index, follow, max-snippet:-1, max-image-preview:large, max-video-preview:-1\" \/>\n<link rel=\"canonical\" href=\"https:\/\/kuzeyinsesi.org\/index.php\/2025\/10\/03\/hollanda-ve-belcikada-300den-fazla-muze-sanat-ve-kultur-kurulusundan-israile-boykot\/\" \/>\n<meta property=\"og:locale\" content=\"tr_TR\" \/>\n<meta property=\"og:type\" content=\"article\" \/>\n<meta property=\"og:title\" content=\"Hollanda ve Bel\u00e7ika&#039;da 300&#039;den fazla m\u00fcze, sanat ve k\u00fclt\u00fcr kurulu\u015fundan \u0130srail&#039;e boykot - Kuzeyin Sesi\" \/>\n<meta property=\"og:description\" content=\"&#013; Hollanda ve Bel\u00e7ika&#8217;dan 302 kurulu\u015fun imzalad\u0131klar\u0131 bildiri metninde, Gazze&#8217;de ya\u015fanan soyk\u0131r\u0131m ve Bat\u0131 \u015eeria&#8217;daki i\u015fgalin s\u00fcrd\u00fcr\u00fclmesi sebebiyle t\u00fcm \u0130srailli kurumlar\u0131n ve firmalar\u0131n k\u00fclt\u00fcrel olarak boykot edilece\u011fi belirtildi. &#013; Bildiride, &#8220;Hollanda ve Bel\u00e7ika k\u00fclt\u00fcr sekt\u00f6r\u00fc \u00fcyeleri olarak, Filistin halk\u0131na y\u00f6nelik sava\u015f su\u00e7lar\u0131, insanl\u0131\u011fa kar\u015f\u0131 su\u00e7lar ve t\u00fcm yetkili kurumlar taraf\u0131ndan tan\u0131nan soyk\u0131r\u0131m\u0131n kar\u015f\u0131s\u0131nda seyirci kalmak [&hellip;]\" \/>\n<meta property=\"og:url\" content=\"https:\/\/kuzeyinsesi.org\/index.php\/2025\/10\/03\/hollanda-ve-belcikada-300den-fazla-muze-sanat-ve-kultur-kurulusundan-israile-boykot\/\" \/>\n<meta property=\"og:site_name\" content=\"Kuzeyin Sesi\" \/>\n<meta property=\"article:publisher\" content=\"https:\/\/www.facebook.com\/kuzeyinsesii\" \/>\n<meta property=\"article:published_time\" content=\"2025-10-03T07:58:22+00:00\" \/>\n<meta property=\"og:image\" content=\"https:\/\/trthaberstatic.cdn.wp.trt.com.tr\/resimler\/2276000\/hollanda-filistin-2276228.jpg\" \/>\n<meta name=\"author\" content=\"Kuzeyin Sesi\" \/>\n<meta name=\"twitter:card\" content=\"summary_large_image\" \/>\n<meta name=\"twitter:creator\" content=\"@kuzeyinsesii\" \/>\n<meta name=\"twitter:site\" content=\"@kuzeyinsesii\" \/>\n<meta name=\"twitter:label1\" content=\"Yazan:\" \/>\n\t<meta name=\"twitter:data1\" content=\"Kuzeyin Sesi\" \/>\n\t<meta name=\"twitter:label2\" content=\"Tahmini okuma s\u00fcresi\" \/>\n\t<meta name=\"twitter:data2\" content=\"3 dakika\" \/>\n<script type=\"application\/ld+json\" class=\"yoast-schema-graph\">{\"@context\":\"https:\\\/\\\/schema.org\",\"@graph\":[{\"@type\":\"Article\",\"@id\":\"https:\\\/\\\/kuzeyinsesi.org\\\/index.php\\\/2025\\\/10\\\/03\\\/hollanda-ve-belcikada-300den-fazla-muze-sanat-ve-kultur-kurulusundan-israile-boykot\\\/#article\",\"isPartOf\":{\"@id\":\"https:\\\/\\\/kuzeyinsesi.org\\\/index.php\\\/2025\\\/10\\\/03\\\/hollanda-ve-belcikada-300den-fazla-muze-sanat-ve-kultur-kurulusundan-israile-boykot\\\/\"},\"author\":{\"name\":\"Kuzeyin Sesi\",\"@id\":\"https:\\\/\\\/kuzeyinsesi.org\\\/#\\\/schema\\\/person\\\/9f859689cdf01485597712386e37f5aa\"},\"headline\":\"Hollanda ve Bel\u00e7ika&#039;da 300&#039;den fazla m\u00fcze, sanat ve k\u00fclt\u00fcr kurulu\u015fundan \u0130srail&#039;e boykot\",\"datePublished\":\"2025-10-03T07:58:22+00:00\",\"mainEntityOfPage\":{\"@id\":\"https:\\\/\\\/kuzeyinsesi.org\\\/index.php\\\/2025\\\/10\\\/03\\\/hollanda-ve-belcikada-300den-fazla-muze-sanat-ve-kultur-kurulusundan-israile-boykot\\\/\"},\"wordCount\":592,\"commentCount\":0,\"image\":{\"@id\":\"https:\\\/\\\/kuzeyinsesi.org\\\/index.php\\\/2025\\\/10\\\/03\\\/hollanda-ve-belcikada-300den-fazla-muze-sanat-ve-kultur-kurulusundan-israile-boykot\\\/#primaryimage\"},\"thumbnailUrl\":\"https:\\\/\\\/kuzeyinsesi.org\\\/wp-content\\\/uploads\\\/2025\\\/10\\\/hollanda-filistin-2276228.jpg\",\"articleSection\":[\"D\u00fcnya\"],\"inLanguage\":\"tr\",\"potentialAction\":[{\"@type\":\"CommentAction\",\"name\":\"Comment\",\"target\":[\"https:\\\/\\\/kuzeyinsesi.org\\\/index.php\\\/2025\\\/10\\\/03\\\/hollanda-ve-belcikada-300den-fazla-muze-sanat-ve-kultur-kurulusundan-israile-boykot\\\/#respond\"]}]},{\"@type\":\"WebPage\",\"@id\":\"https:\\\/\\\/kuzeyinsesi.org\\\/index.php\\\/2025\\\/10\\\/03\\\/hollanda-ve-belcikada-300den-fazla-muze-sanat-ve-kultur-kurulusundan-israile-boykot\\\/\",\"url\":\"https:\\\/\\\/kuzeyinsesi.org\\\/index.php\\\/2025\\\/10\\\/03\\\/hollanda-ve-belcikada-300den-fazla-muze-sanat-ve-kultur-kurulusundan-israile-boykot\\\/\",\"name\":\"Hollanda ve Bel\u00e7ika&#039;da 300&#039;den fazla m\u00fcze, sanat ve k\u00fclt\u00fcr kurulu\u015fundan \u0130srail&#039;e boykot - Kuzeyin Sesi\",\"isPartOf\":{\"@id\":\"https:\\\/\\\/kuzeyinsesi.org\\\/#website\"},\"primaryImageOfPage\":{\"@id\":\"https:\\\/\\\/kuzeyinsesi.org\\\/index.php\\\/2025\\\/10\\\/03\\\/hollanda-ve-belcikada-300den-fazla-muze-sanat-ve-kultur-kurulusundan-israile-boykot\\\/#primaryimage\"},\"image\":{\"@id\":\"https:\\\/\\\/kuzeyinsesi.org\\\/index.php\\\/2025\\\/10\\\/03\\\/hollanda-ve-belcikada-300den-fazla-muze-sanat-ve-kultur-kurulusundan-israile-boykot\\\/#primaryimage\"},\"thumbnailUrl\":\"https:\\\/\\\/kuzeyinsesi.org\\\/wp-content\\\/uploads\\\/2025\\\/10\\\/hollanda-filistin-2276228.jpg\",\"datePublished\":\"2025-10-03T07:58:22+00:00\",\"author\":{\"@id\":\"https:\\\/\\\/kuzeyinsesi.org\\\/#\\\/schema\\\/person\\\/9f859689cdf01485597712386e37f5aa\"},\"breadcrumb\":{\"@id\":\"https:\\\/\\\/kuzeyinsesi.org\\\/index.php\\\/2025\\\/10\\\/03\\\/hollanda-ve-belcikada-300den-fazla-muze-sanat-ve-kultur-kurulusundan-israile-boykot\\\/#breadcrumb\"},\"inLanguage\":\"tr\",\"potentialAction\":[{\"@type\":\"ReadAction\",\"target\":[\"https:\\\/\\\/kuzeyinsesi.org\\\/index.php\\\/2025\\\/10\\\/03\\\/hollanda-ve-belcikada-300den-fazla-muze-sanat-ve-kultur-kurulusundan-israile-boykot\\\/\"]}]},{\"@type\":\"ImageObject\",\"inLanguage\":\"tr\",\"@id\":\"https:\\\/\\\/kuzeyinsesi.org\\\/index.php\\\/2025\\\/10\\\/03\\\/hollanda-ve-belcikada-300den-fazla-muze-sanat-ve-kultur-kurulusundan-israile-boykot\\\/#primaryimage\",\"url\":\"https:\\\/\\\/kuzeyinsesi.org\\\/wp-content\\\/uploads\\\/2025\\\/10\\\/hollanda-filistin-2276228.jpg\",\"contentUrl\":\"https:\\\/\\\/kuzeyinsesi.org\\\/wp-content\\\/uploads\\\/2025\\\/10\\\/hollanda-filistin-2276228.jpg\",\"width\":1280,\"height\":720},{\"@type\":\"BreadcrumbList\",\"@id\":\"https:\\\/\\\/kuzeyinsesi.org\\\/index.php\\\/2025\\\/10\\\/03\\\/hollanda-ve-belcikada-300den-fazla-muze-sanat-ve-kultur-kurulusundan-israile-boykot\\\/#breadcrumb\",\"itemListElement\":[{\"@type\":\"ListItem\",\"position\":1,\"name\":\"Anasayfa\",\"item\":\"https:\\\/\\\/kuzeyinsesi.org\\\/\"},{\"@type\":\"ListItem\",\"position\":2,\"name\":\"Hollanda ve Bel\u00e7ika&#039;da 300&#039;den fazla m\u00fcze, sanat ve k\u00fclt\u00fcr kurulu\u015fundan \u0130srail&#039;e boykot\"}]},{\"@type\":\"WebSite\",\"@id\":\"https:\\\/\\\/kuzeyinsesi.org\\\/#website\",\"url\":\"https:\\\/\\\/kuzeyinsesi.org\\\/\",\"name\":\"Kuzeyin Sesi\",\"description\":\"Do\u011fru Haberin Adresi\",\"potentialAction\":[{\"@type\":\"SearchAction\",\"target\":{\"@type\":\"EntryPoint\",\"urlTemplate\":\"https:\\\/\\\/kuzeyinsesi.org\\\/?s={search_term_string}\"},\"query-input\":{\"@type\":\"PropertyValueSpecification\",\"valueRequired\":true,\"valueName\":\"search_term_string\"}}],\"inLanguage\":\"tr\"},{\"@type\":\"Person\",\"@id\":\"https:\\\/\\\/kuzeyinsesi.org\\\/#\\\/schema\\\/person\\\/9f859689cdf01485597712386e37f5aa\",\"name\":\"Kuzeyin Sesi\",\"image\":{\"@type\":\"ImageObject\",\"inLanguage\":\"tr\",\"@id\":\"https:\\\/\\\/secure.gravatar.com\\\/avatar\\\/bab33852abfd8b282518d6ed81826833d77c3c882d9ab608add591ccace47a44?s=96&d=mm&r=g\",\"url\":\"https:\\\/\\\/secure.gravatar.com\\\/avatar\\\/bab33852abfd8b282518d6ed81826833d77c3c882d9ab608add591ccace47a44?s=96&d=mm&r=g\",\"contentUrl\":\"https:\\\/\\\/secure.gravatar.com\\\/avatar\\\/bab33852abfd8b282518d6ed81826833d77c3c882d9ab608add591ccace47a44?s=96&d=mm&r=g\",\"caption\":\"Kuzeyin Sesi\"},\"sameAs\":[\"https:\\\/\\\/kuzeyinsesi.org\"],\"url\":\"https:\\\/\\\/kuzeyinsesi.org\\\/index.php\\\/author\\\/guven\\\/\"}]}<\/script>\n<!-- \/ Yoast SEO plugin. -->","yoast_head_json":{"title":"Hollanda ve Bel\u00e7ika&#039;da 300&#039;den fazla m\u00fcze, sanat ve k\u00fclt\u00fcr kurulu\u015fundan \u0130srail&#039;e boykot - Kuzeyin Sesi","robots":{"index":"index","follow":"follow","max-snippet":"max-snippet:-1","max-image-preview":"max-image-preview:large","max-video-preview":"max-video-preview:-1"},"canonical":"https:\/\/kuzeyinsesi.org\/index.php\/2025\/10\/03\/hollanda-ve-belcikada-300den-fazla-muze-sanat-ve-kultur-kurulusundan-israile-boykot\/","og_locale":"tr_TR","og_type":"article","og_title":"Hollanda ve Bel\u00e7ika&#039;da 300&#039;den fazla m\u00fcze, sanat ve k\u00fclt\u00fcr kurulu\u015fundan \u0130srail&#039;e boykot - Kuzeyin Sesi","og_description":"&#13; Hollanda ve Bel\u00e7ika&#8217;dan 302 kurulu\u015fun imzalad\u0131klar\u0131 bildiri metninde, Gazze&#8217;de ya\u015fanan soyk\u0131r\u0131m ve Bat\u0131 \u015eeria&#8217;daki i\u015fgalin s\u00fcrd\u00fcr\u00fclmesi sebebiyle t\u00fcm \u0130srailli kurumlar\u0131n ve firmalar\u0131n k\u00fclt\u00fcrel olarak boykot edilece\u011fi belirtildi. &#13; Bildiride, &#8220;Hollanda ve Bel\u00e7ika k\u00fclt\u00fcr sekt\u00f6r\u00fc \u00fcyeleri olarak, Filistin halk\u0131na y\u00f6nelik sava\u015f su\u00e7lar\u0131, insanl\u0131\u011fa kar\u015f\u0131 su\u00e7lar ve t\u00fcm yetkili kurumlar taraf\u0131ndan tan\u0131nan soyk\u0131r\u0131m\u0131n kar\u015f\u0131s\u0131nda seyirci kalmak [&hellip;]","og_url":"https:\/\/kuzeyinsesi.org\/index.php\/2025\/10\/03\/hollanda-ve-belcikada-300den-fazla-muze-sanat-ve-kultur-kurulusundan-israile-boykot\/","og_site_name":"Kuzeyin Sesi","article_publisher":"https:\/\/www.facebook.com\/kuzeyinsesii","article_published_time":"2025-10-03T07:58:22+00:00","og_image":[{"url":"https:\/\/trthaberstatic.cdn.wp.trt.com.tr\/resimler\/2276000\/hollanda-filistin-2276228.jpg","type":"","width":"","height":""}],"author":"Kuzeyin Sesi","twitter_card":"summary_large_image","twitter_creator":"@kuzeyinsesii","twitter_site":"@kuzeyinsesii","twitter_misc":{"Yazan:":"Kuzeyin Sesi","Tahmini okuma s\u00fcresi":"3 dakika"},"schema":{"@context":"https:\/\/schema.org","@graph":[{"@type":"Article","@id":"https:\/\/kuzeyinsesi.org\/index.php\/2025\/10\/03\/hollanda-ve-belcikada-300den-fazla-muze-sanat-ve-kultur-kurulusundan-israile-boykot\/#article","isPartOf":{"@id":"https:\/\/kuzeyinsesi.org\/index.php\/2025\/10\/03\/hollanda-ve-belcikada-300den-fazla-muze-sanat-ve-kultur-kurulusundan-israile-boykot\/"},"author":{"name":"Kuzeyin Sesi","@id":"https:\/\/kuzeyinsesi.org\/#\/schema\/person\/9f859689cdf01485597712386e37f5aa"},"headline":"Hollanda ve Bel\u00e7ika&#039;da 300&#039;den fazla m\u00fcze, sanat ve k\u00fclt\u00fcr kurulu\u015fundan \u0130srail&#039;e boykot","datePublished":"2025-10-03T07:58:22+00:00","mainEntityOfPage":{"@id":"https:\/\/kuzeyinsesi.org\/index.php\/2025\/10\/03\/hollanda-ve-belcikada-300den-fazla-muze-sanat-ve-kultur-kurulusundan-israile-boykot\/"},"wordCount":592,"commentCount":0,"image":{"@id":"https:\/\/kuzeyinsesi.org\/index.php\/2025\/10\/03\/hollanda-ve-belcikada-300den-fazla-muze-sanat-ve-kultur-kurulusundan-israile-boykot\/#primaryimage"},"thumbnailUrl":"https:\/\/kuzeyinsesi.org\/wp-content\/uploads\/2025\/10\/hollanda-filistin-2276228.jpg","articleSection":["D\u00fcnya"],"inLanguage":"tr","potentialAction":[{"@type":"CommentAction","name":"Comment","target":["https:\/\/kuzeyinsesi.org\/index.php\/2025\/10\/03\/hollanda-ve-belcikada-300den-fazla-muze-sanat-ve-kultur-kurulusundan-israile-boykot\/#respond"]}]},{"@type":"WebPage","@id":"https:\/\/kuzeyinsesi.org\/index.php\/2025\/10\/03\/hollanda-ve-belcikada-300den-fazla-muze-sanat-ve-kultur-kurulusundan-israile-boykot\/","url":"https:\/\/kuzeyinsesi.org\/index.php\/2025\/10\/03\/hollanda-ve-belcikada-300den-fazla-muze-sanat-ve-kultur-kurulusundan-israile-boykot\/","name":"Hollanda ve Bel\u00e7ika&#039;da 300&#039;den fazla m\u00fcze, sanat ve k\u00fclt\u00fcr kurulu\u015fundan \u0130srail&#039;e boykot - Kuzeyin Sesi","isPartOf":{"@id":"https:\/\/kuzeyinsesi.org\/#website"},"primaryImageOfPage":{"@id":"https:\/\/kuzeyinsesi.org\/index.php\/2025\/10\/03\/hollanda-ve-belcikada-300den-fazla-muze-sanat-ve-kultur-kurulusundan-israile-boykot\/#primaryimage"},"image":{"@id":"https:\/\/kuzeyinsesi.org\/index.php\/2025\/10\/03\/hollanda-ve-belcikada-300den-fazla-muze-sanat-ve-kultur-kurulusundan-israile-boykot\/#primaryimage"},"thumbnailUrl":"https:\/\/kuzeyinsesi.org\/wp-content\/uploads\/2025\/10\/hollanda-filistin-2276228.jpg","datePublished":"2025-10-03T07:58:22+00:00","author":{"@id":"https:\/\/kuzeyinsesi.org\/#\/schema\/person\/9f859689cdf01485597712386e37f5aa"},"breadcrumb":{"@id":"https:\/\/kuzeyinsesi.org\/index.php\/2025\/10\/03\/hollanda-ve-belcikada-300den-fazla-muze-sanat-ve-kultur-kurulusundan-israile-boykot\/#breadcrumb"},"inLanguage":"tr","potentialAction":[{"@type":"ReadAction","target":["https:\/\/kuzeyinsesi.org\/index.php\/2025\/10\/03\/hollanda-ve-belcikada-300den-fazla-muze-sanat-ve-kultur-kurulusundan-israile-boykot\/"]}]},{"@type":"ImageObject","inLanguage":"tr","@id":"https:\/\/kuzeyinsesi.org\/index.php\/2025\/10\/03\/hollanda-ve-belcikada-300den-fazla-muze-sanat-ve-kultur-kurulusundan-israile-boykot\/#primaryimage","url":"https:\/\/kuzeyinsesi.org\/wp-content\/uploads\/2025\/10\/hollanda-filistin-2276228.jpg","contentUrl":"https:\/\/kuzeyinsesi.org\/wp-content\/uploads\/2025\/10\/hollanda-filistin-2276228.jpg","width":1280,"height":720},{"@type":"BreadcrumbList","@id":"https:\/\/kuzeyinsesi.org\/index.php\/2025\/10\/03\/hollanda-ve-belcikada-300den-fazla-muze-sanat-ve-kultur-kurulusundan-israile-boykot\/#breadcrumb","itemListElement":[{"@type":"ListItem","position":1,"name":"Anasayfa","item":"https:\/\/kuzeyinsesi.org\/"},{"@type":"ListItem","position":2,"name":"Hollanda ve Bel\u00e7ika&#039;da 300&#039;den fazla m\u00fcze, sanat ve k\u00fclt\u00fcr kurulu\u015fundan \u0130srail&#039;e boykot"}]},{"@type":"WebSite","@id":"https:\/\/kuzeyinsesi.org\/#website","url":"https:\/\/kuzeyinsesi.org\/","name":"Kuzeyin Sesi","description":"Do\u011fru Haberin Adresi","potentialAction":[{"@type":"SearchAction","target":{"@type":"EntryPoint","urlTemplate":"https:\/\/kuzeyinsesi.org\/?s={search_term_string}"},"query-input":{"@type":"PropertyValueSpecification","valueRequired":true,"valueName":"search_term_string"}}],"inLanguage":"tr"},{"@type":"Person","@id":"https:\/\/kuzeyinsesi.org\/#\/schema\/person\/9f859689cdf01485597712386e37f5aa","name":"Kuzeyin Sesi","image":{"@type":"ImageObject","inLanguage":"tr","@id":"https:\/\/secure.gravatar.com\/avatar\/bab33852abfd8b282518d6ed81826833d77c3c882d9ab608add591ccace47a44?s=96&d=mm&r=g","url":"https:\/\/secure.gravatar.com\/avatar\/bab33852abfd8b282518d6ed81826833d77c3c882d9ab608add591ccace47a44?s=96&d=mm&r=g","contentUrl":"https:\/\/secure.gravatar.com\/avatar\/bab33852abfd8b282518d6ed81826833d77c3c882d9ab608add591ccace47a44?s=96&d=mm&r=g","caption":"Kuzeyin Sesi"},"sameAs":["https:\/\/kuzeyinsesi.org"],"url":"https:\/\/kuzeyinsesi.org\/index.php\/author\/guven\/"}]}},"_links":{"self":[{"href":"https:\/\/kuzeyinsesi.org\/index.php\/wp-json\/wp\/v2\/posts\/32600","targetHints":{"allow":["GET"]}}],"collection":[{"href":"https:\/\/kuzeyinsesi.org\/index.php\/wp-json\/wp\/v2\/posts"}],"about":[{"href":"https:\/\/kuzeyinsesi.org\/index.php\/wp-json\/wp\/v2\/types\/post"}],"author":[{"embeddable":true,"href":"https:\/\/kuzeyinsesi.org\/index.php\/wp-json\/wp\/v2\/users\/1"}],"replies":[{"embeddable":true,"href":"https:\/\/kuzeyinsesi.org\/index.php\/wp-json\/wp\/v2\/comments?post=32600"}],"version-history":[{"count":0,"href":"https:\/\/kuzeyinsesi.org\/index.php\/wp-json\/wp\/v2\/posts\/32600\/revisions"}],"wp:featuredmedia":[{"embeddable":true,"href":"https:\/\/kuzeyinsesi.org\/index.php\/wp-json\/wp\/v2\/media\/32601"}],"wp:attachment":[{"href":"https:\/\/kuzeyinsesi.org\/index.php\/wp-json\/wp\/v2\/media?parent=32600"}],"wp:term":[{"taxonomy":"category","embeddable":true,"href":"https:\/\/kuzeyinsesi.org\/index.php\/wp-json\/wp\/v2\/categories?post=32600"},{"taxonomy":"post_tag","embeddable":true,"href":"https:\/\/kuzeyinsesi.org\/index.php\/wp-json\/wp\/v2\/tags?post=32600"}],"curies":[{"name":"wp","href":"https:\/\/api.w.org\/{rel}","templated":true}]}}