{"id":32584,"date":"2025-10-03T06:48:25","date_gmt":"2025-10-03T03:48:25","guid":{"rendered":"https:\/\/kuzeyinsesi.org\/index.php\/2025\/10\/03\/munih-havalimaninda-drone-alarmi-ucuslar-durduruldu\/"},"modified":"2025-10-03T06:48:25","modified_gmt":"2025-10-03T03:48:25","slug":"munih-havalimaninda-drone-alarmi-ucuslar-durduruldu","status":"publish","type":"post","link":"https:\/\/kuzeyinsesi.org\/index.php\/2025\/10\/03\/munih-havalimaninda-drone-alarmi-ucuslar-durduruldu\/","title":{"rendered":"M\u00fcnih Havaliman\u0131nda drone alarm\u0131: U\u00e7u\u015flar durduruldu"},"content":{"rendered":"<p><\/p>\n<div>\n<p>&#13;<br \/>\n\tHavaliman\u0131 yetkilileri, en az 17 u\u00e7u\u015fun iptal edildi\u011fini, yakla\u015f\u0131k 3 bin yolcunun etkilendi\u011fini ve 15 u\u00e7a\u011f\u0131n Stuttgart, N\u00fcrnberg, Viyana ve Frankfurt\u2019a y\u00f6nlendirildi\u011fini a\u00e7\u0131klad\u0131.<\/p>\n<h2>&#13;<br \/>\n\tFederal <a href=\"https:\/\/www.trthaber.com\/etiket\/polis\/\" target=\"_blank\">polis<\/a> a\u00e7\u0131klamas\u0131<\/h2>\n<p>&#13;<br \/>\n\tFederal Polis S\u00f6zc\u00fcs\u00fc Stefan Bayer, ilk drone g\u00f6r\u00fcnt\u00fcs\u00fcn\u00fcn yerel saatle 21.30\u2019da, ikinci g\u00f6r\u00fcnt\u00fcn\u00fcn ise bir saat sonra tespit edildi\u011fini bildirdi. Havan\u0131n karanl\u0131k olmas\u0131 nedeniyle drone\u2019lar\u0131n t\u00fcr\u00fc, b\u00fcy\u00fckl\u00fc\u011f\u00fc ya da men\u015fei hakk\u0131nda bilgi verilmedi.<\/p>\n<p>&#13;<br \/>\n\tM\u00fcnih Havaliman\u0131\u2019ndan yap\u0131lan a\u00e7\u0131klamada, u\u00e7u\u015flar\u0131n tamamen \u201cask\u0131ya al\u0131nd\u0131\u011f\u0131\u201d ve durumun yetkililere bildirildi\u011fi belirtildi.<\/p>\n<h2>&#13;<br \/>\n\tAvrupa genelinde artan vaka<\/h2>\n<p>&#13;<br \/>\n\tSon haftalarda Avrupa\u2019daki bir\u00e7ok havaliman\u0131, kimli\u011fi belirsiz drone\u2019lar nedeniyle faaliyetlerini ge\u00e7ici olarak durdurdu. <a href=\"https:\/\/www.trthaber.com\/etiket\/danimarka\/\" target=\"_blank\">Danimarka<\/a> ve Norve\u00e7\u2019te havaalanlar\u0131 ile askeri b\u00f6lgelerin yak\u0131n\u0131nda drone g\u00f6r\u00fclmesi \u00fczerine Kopenhag ve Oslo havalimanlar\u0131 kapat\u0131lm\u0131\u015ft\u0131.<\/p>\n<p>&#13;<br \/>\n\tGe\u00e7ti\u011fimiz g\u00fcnlerde Kopenhag\u2019da yap\u0131lan <a href=\"https:\/\/www.trthaber.com\/etiket\/avrupa-birligi\/\" target=\"_blank\">Avrupa Birli\u011fi<\/a> zirvesinde de bu konunun ele al\u0131nd\u0131\u011f\u0131 biliniyor. Ayn\u0131 d\u00f6nemde <a href=\"https:\/\/www.trthaber.com\/etiket\/polonya\/\" target=\"_blank\">Polonya<\/a> hava sahas\u0131na 20 Rus drone\u2019unun girdi\u011fi, Rus MiG-31 <a href=\"https:\/\/www.trthaber.com\/etiket\/savas\/\" target=\"_blank\">sava\u015f<\/a> u\u00e7aklar\u0131n\u0131n ise <a href=\"https:\/\/www.trthaber.com\/etiket\/estonya\/\" target=\"_blank\">Estonya<\/a> hava sahas\u0131n\u0131 ihlal etti\u011fi a\u00e7\u0131klanm\u0131\u015ft\u0131.<\/p>\n<p>&#13;<br \/>\n\t<a href=\"https:\/\/www.trthaber.com\/etiket\/moskova\/\" target=\"_blank\">Moskova<\/a> y\u00f6netimi iddialar\u0131 reddederken, <a href=\"https:\/\/www.trthaber.com\/etiket\/rusya\/\" target=\"_blank\">Rusya<\/a> Devlet Ba\u015fkan\u0131 Vladimir Putin, Karadeniz k\u0131y\u0131s\u0131ndaki So\u00e7i\u2019de yapt\u0131\u011f\u0131 konu\u015fmada Danimarka\u2019ya y\u00f6nelik drone iddialar\u0131n\u0131 \u201cg\u00fclerek\u201d reddetti.<\/p>\n<h2>&#13;<br \/>\n\tOktoberfest d\u00f6nemine denk geldi<\/h2>\n<p>&#13;<br \/>\n\tM\u00fcnih\u2019teki olay binlerce yolcuyu havaliman\u0131nda mahsur b\u0131rak\u0131rken, yolcular i\u00e7in kamp yataklar\u0131 kuruldu, battaniye, i\u00e7ecek ve yiyecek ikram edildi.<\/p>\n<p>&#13;<br \/>\n\tOlay, kentin her y\u0131l milyonlarca turisti a\u011f\u0131rlayan Oktoberfest festivalinin s\u00fcrd\u00fc\u011f\u00fc g\u00fcnlerde ya\u015fand\u0131. <a href=\"https:\/\/www.trthaber.com\/etiket\/festival\/\" target=\"_blank\">Festival<\/a> 5 Ekim\u2019de sona erecek.<\/p>\n<\/p><\/div>\n","protected":false},"excerpt":{"rendered":"<p>&#13; Havaliman\u0131 yetkilileri, en az 17 u\u00e7u\u015fun iptal edildi\u011fini, yakla\u015f\u0131k 3 bin yolcunun etkilendi\u011fini ve 15 u\u00e7a\u011f\u0131n Stuttgart, N\u00fcrnberg, Viyana ve Frankfurt\u2019a y\u00f6nlendirildi\u011fini a\u00e7\u0131klad\u0131. &#13; Federal polis a\u00e7\u0131klamas\u0131 &#13; Federal Polis S\u00f6zc\u00fcs\u00fc Stefan Bayer, ilk drone g\u00f6r\u00fcnt\u00fcs\u00fcn\u00fcn yerel saatle 21.30\u2019da, ikinci g\u00f6r\u00fcnt\u00fcn\u00fcn ise bir saat sonra tespit edildi\u011fini bildirdi. Havan\u0131n karanl\u0131k olmas\u0131 nedeniyle drone\u2019lar\u0131n t\u00fcr\u00fc, [&hellip;]<\/p>\n","protected":false},"author":1,"featured_media":32585,"comment_status":"open","ping_status":"open","sticky":false,"template":"","format":"standard","meta":{"jnews-multi-image_gallery":[],"jnews_single_post":[],"jnews_primary_category":[],"jnews_social_meta":[],"jnews_override_counter":[],"footnotes":""},"categories":[2],"tags":[],"class_list":["post-32584","post","type-post","status-publish","format-standard","has-post-thumbnail","hentry","category-dunya"],"yoast_head":"<!-- This site is optimized with the Yoast SEO plugin v27.5 - https:\/\/yoast.com\/product\/yoast-seo-wordpress\/ -->\n<title>M\u00fcnih Havaliman\u0131nda drone alarm\u0131: U\u00e7u\u015flar durduruldu - Kuzeyin Sesi<\/title>\n<meta name=\"robots\" content=\"index, follow, max-snippet:-1, max-image-preview:large, max-video-preview:-1\" \/>\n<link rel=\"canonical\" href=\"https:\/\/kuzeyinsesi.org\/index.php\/2025\/10\/03\/munih-havalimaninda-drone-alarmi-ucuslar-durduruldu\/\" \/>\n<meta property=\"og:locale\" content=\"tr_TR\" \/>\n<meta property=\"og:type\" content=\"article\" \/>\n<meta property=\"og:title\" content=\"M\u00fcnih Havaliman\u0131nda drone alarm\u0131: U\u00e7u\u015flar durduruldu - Kuzeyin Sesi\" \/>\n<meta property=\"og:description\" content=\"&#013; Havaliman\u0131 yetkilileri, en az 17 u\u00e7u\u015fun iptal edildi\u011fini, yakla\u015f\u0131k 3 bin yolcunun etkilendi\u011fini ve 15 u\u00e7a\u011f\u0131n Stuttgart, N\u00fcrnberg, Viyana ve Frankfurt\u2019a y\u00f6nlendirildi\u011fini a\u00e7\u0131klad\u0131. &#013; Federal polis a\u00e7\u0131klamas\u0131 &#013; Federal Polis S\u00f6zc\u00fcs\u00fc Stefan Bayer, ilk drone g\u00f6r\u00fcnt\u00fcs\u00fcn\u00fcn yerel saatle 21.30\u2019da, ikinci g\u00f6r\u00fcnt\u00fcn\u00fcn ise bir saat sonra tespit edildi\u011fini bildirdi. Havan\u0131n karanl\u0131k olmas\u0131 nedeniyle drone\u2019lar\u0131n t\u00fcr\u00fc, [&hellip;]\" \/>\n<meta property=\"og:url\" content=\"https:\/\/kuzeyinsesi.org\/index.php\/2025\/10\/03\/munih-havalimaninda-drone-alarmi-ucuslar-durduruldu\/\" \/>\n<meta property=\"og:site_name\" content=\"Kuzeyin Sesi\" \/>\n<meta property=\"article:publisher\" content=\"https:\/\/www.facebook.com\/kuzeyinsesii\" \/>\n<meta property=\"article:published_time\" content=\"2025-10-03T03:48:25+00:00\" \/>\n<meta property=\"og:image\" content=\"https:\/\/trthaberstatic.cdn.wp.trt.com.tr\/resimler\/1474000\/havaalani-havalimani-yolcu-1475701.jpg\" \/>\n<meta name=\"author\" content=\"Kuzeyin Sesi\" \/>\n<meta name=\"twitter:card\" content=\"summary_large_image\" \/>\n<meta name=\"twitter:creator\" content=\"@kuzeyinsesii\" \/>\n<meta name=\"twitter:site\" content=\"@kuzeyinsesii\" \/>\n<meta name=\"twitter:label1\" content=\"Yazan:\" \/>\n\t<meta name=\"twitter:data1\" content=\"Kuzeyin Sesi\" \/>\n\t<meta name=\"twitter:label2\" content=\"Tahmini okuma s\u00fcresi\" \/>\n\t<meta name=\"twitter:data2\" content=\"1 dakika\" \/>\n<script type=\"application\/ld+json\" class=\"yoast-schema-graph\">{\"@context\":\"https:\\\/\\\/schema.org\",\"@graph\":[{\"@type\":\"Article\",\"@id\":\"https:\\\/\\\/kuzeyinsesi.org\\\/index.php\\\/2025\\\/10\\\/03\\\/munih-havalimaninda-drone-alarmi-ucuslar-durduruldu\\\/#article\",\"isPartOf\":{\"@id\":\"https:\\\/\\\/kuzeyinsesi.org\\\/index.php\\\/2025\\\/10\\\/03\\\/munih-havalimaninda-drone-alarmi-ucuslar-durduruldu\\\/\"},\"author\":{\"name\":\"Kuzeyin Sesi\",\"@id\":\"https:\\\/\\\/kuzeyinsesi.org\\\/#\\\/schema\\\/person\\\/9f859689cdf01485597712386e37f5aa\"},\"headline\":\"M\u00fcnih Havaliman\u0131nda drone alarm\u0131: U\u00e7u\u015flar durduruldu\",\"datePublished\":\"2025-10-03T03:48:25+00:00\",\"mainEntityOfPage\":{\"@id\":\"https:\\\/\\\/kuzeyinsesi.org\\\/index.php\\\/2025\\\/10\\\/03\\\/munih-havalimaninda-drone-alarmi-ucuslar-durduruldu\\\/\"},\"wordCount\":303,\"commentCount\":0,\"image\":{\"@id\":\"https:\\\/\\\/kuzeyinsesi.org\\\/index.php\\\/2025\\\/10\\\/03\\\/munih-havalimaninda-drone-alarmi-ucuslar-durduruldu\\\/#primaryimage\"},\"thumbnailUrl\":\"https:\\\/\\\/kuzeyinsesi.org\\\/wp-content\\\/uploads\\\/2025\\\/10\\\/havaalani-havalimani-yolcu-1475701.jpg\",\"articleSection\":[\"D\u00fcnya\"],\"inLanguage\":\"tr\",\"potentialAction\":[{\"@type\":\"CommentAction\",\"name\":\"Comment\",\"target\":[\"https:\\\/\\\/kuzeyinsesi.org\\\/index.php\\\/2025\\\/10\\\/03\\\/munih-havalimaninda-drone-alarmi-ucuslar-durduruldu\\\/#respond\"]}]},{\"@type\":\"WebPage\",\"@id\":\"https:\\\/\\\/kuzeyinsesi.org\\\/index.php\\\/2025\\\/10\\\/03\\\/munih-havalimaninda-drone-alarmi-ucuslar-durduruldu\\\/\",\"url\":\"https:\\\/\\\/kuzeyinsesi.org\\\/index.php\\\/2025\\\/10\\\/03\\\/munih-havalimaninda-drone-alarmi-ucuslar-durduruldu\\\/\",\"name\":\"M\u00fcnih Havaliman\u0131nda drone alarm\u0131: U\u00e7u\u015flar durduruldu - Kuzeyin Sesi\",\"isPartOf\":{\"@id\":\"https:\\\/\\\/kuzeyinsesi.org\\\/#website\"},\"primaryImageOfPage\":{\"@id\":\"https:\\\/\\\/kuzeyinsesi.org\\\/index.php\\\/2025\\\/10\\\/03\\\/munih-havalimaninda-drone-alarmi-ucuslar-durduruldu\\\/#primaryimage\"},\"image\":{\"@id\":\"https:\\\/\\\/kuzeyinsesi.org\\\/index.php\\\/2025\\\/10\\\/03\\\/munih-havalimaninda-drone-alarmi-ucuslar-durduruldu\\\/#primaryimage\"},\"thumbnailUrl\":\"https:\\\/\\\/kuzeyinsesi.org\\\/wp-content\\\/uploads\\\/2025\\\/10\\\/havaalani-havalimani-yolcu-1475701.jpg\",\"datePublished\":\"2025-10-03T03:48:25+00:00\",\"author\":{\"@id\":\"https:\\\/\\\/kuzeyinsesi.org\\\/#\\\/schema\\\/person\\\/9f859689cdf01485597712386e37f5aa\"},\"breadcrumb\":{\"@id\":\"https:\\\/\\\/kuzeyinsesi.org\\\/index.php\\\/2025\\\/10\\\/03\\\/munih-havalimaninda-drone-alarmi-ucuslar-durduruldu\\\/#breadcrumb\"},\"inLanguage\":\"tr\",\"potentialAction\":[{\"@type\":\"ReadAction\",\"target\":[\"https:\\\/\\\/kuzeyinsesi.org\\\/index.php\\\/2025\\\/10\\\/03\\\/munih-havalimaninda-drone-alarmi-ucuslar-durduruldu\\\/\"]}]},{\"@type\":\"ImageObject\",\"inLanguage\":\"tr\",\"@id\":\"https:\\\/\\\/kuzeyinsesi.org\\\/index.php\\\/2025\\\/10\\\/03\\\/munih-havalimaninda-drone-alarmi-ucuslar-durduruldu\\\/#primaryimage\",\"url\":\"https:\\\/\\\/kuzeyinsesi.org\\\/wp-content\\\/uploads\\\/2025\\\/10\\\/havaalani-havalimani-yolcu-1475701.jpg\",\"contentUrl\":\"https:\\\/\\\/kuzeyinsesi.org\\\/wp-content\\\/uploads\\\/2025\\\/10\\\/havaalani-havalimani-yolcu-1475701.jpg\",\"width\":1280,\"height\":720},{\"@type\":\"BreadcrumbList\",\"@id\":\"https:\\\/\\\/kuzeyinsesi.org\\\/index.php\\\/2025\\\/10\\\/03\\\/munih-havalimaninda-drone-alarmi-ucuslar-durduruldu\\\/#breadcrumb\",\"itemListElement\":[{\"@type\":\"ListItem\",\"position\":1,\"name\":\"Anasayfa\",\"item\":\"https:\\\/\\\/kuzeyinsesi.org\\\/\"},{\"@type\":\"ListItem\",\"position\":2,\"name\":\"M\u00fcnih Havaliman\u0131nda drone alarm\u0131: U\u00e7u\u015flar durduruldu\"}]},{\"@type\":\"WebSite\",\"@id\":\"https:\\\/\\\/kuzeyinsesi.org\\\/#website\",\"url\":\"https:\\\/\\\/kuzeyinsesi.org\\\/\",\"name\":\"Kuzeyin Sesi\",\"description\":\"Do\u011fru Haberin Adresi\",\"potentialAction\":[{\"@type\":\"SearchAction\",\"target\":{\"@type\":\"EntryPoint\",\"urlTemplate\":\"https:\\\/\\\/kuzeyinsesi.org\\\/?s={search_term_string}\"},\"query-input\":{\"@type\":\"PropertyValueSpecification\",\"valueRequired\":true,\"valueName\":\"search_term_string\"}}],\"inLanguage\":\"tr\"},{\"@type\":\"Person\",\"@id\":\"https:\\\/\\\/kuzeyinsesi.org\\\/#\\\/schema\\\/person\\\/9f859689cdf01485597712386e37f5aa\",\"name\":\"Kuzeyin Sesi\",\"image\":{\"@type\":\"ImageObject\",\"inLanguage\":\"tr\",\"@id\":\"https:\\\/\\\/secure.gravatar.com\\\/avatar\\\/bab33852abfd8b282518d6ed81826833d77c3c882d9ab608add591ccace47a44?s=96&d=mm&r=g\",\"url\":\"https:\\\/\\\/secure.gravatar.com\\\/avatar\\\/bab33852abfd8b282518d6ed81826833d77c3c882d9ab608add591ccace47a44?s=96&d=mm&r=g\",\"contentUrl\":\"https:\\\/\\\/secure.gravatar.com\\\/avatar\\\/bab33852abfd8b282518d6ed81826833d77c3c882d9ab608add591ccace47a44?s=96&d=mm&r=g\",\"caption\":\"Kuzeyin Sesi\"},\"sameAs\":[\"https:\\\/\\\/kuzeyinsesi.org\"],\"url\":\"https:\\\/\\\/kuzeyinsesi.org\\\/index.php\\\/author\\\/guven\\\/\"}]}<\/script>\n<!-- \/ Yoast SEO plugin. -->","yoast_head_json":{"title":"M\u00fcnih Havaliman\u0131nda drone alarm\u0131: U\u00e7u\u015flar durduruldu - Kuzeyin Sesi","robots":{"index":"index","follow":"follow","max-snippet":"max-snippet:-1","max-image-preview":"max-image-preview:large","max-video-preview":"max-video-preview:-1"},"canonical":"https:\/\/kuzeyinsesi.org\/index.php\/2025\/10\/03\/munih-havalimaninda-drone-alarmi-ucuslar-durduruldu\/","og_locale":"tr_TR","og_type":"article","og_title":"M\u00fcnih Havaliman\u0131nda drone alarm\u0131: U\u00e7u\u015flar durduruldu - Kuzeyin Sesi","og_description":"&#13; Havaliman\u0131 yetkilileri, en az 17 u\u00e7u\u015fun iptal edildi\u011fini, yakla\u015f\u0131k 3 bin yolcunun etkilendi\u011fini ve 15 u\u00e7a\u011f\u0131n Stuttgart, N\u00fcrnberg, Viyana ve Frankfurt\u2019a y\u00f6nlendirildi\u011fini a\u00e7\u0131klad\u0131. &#13; Federal polis a\u00e7\u0131klamas\u0131 &#13; Federal Polis S\u00f6zc\u00fcs\u00fc Stefan Bayer, ilk drone g\u00f6r\u00fcnt\u00fcs\u00fcn\u00fcn yerel saatle 21.30\u2019da, ikinci g\u00f6r\u00fcnt\u00fcn\u00fcn ise bir saat sonra tespit edildi\u011fini bildirdi. Havan\u0131n karanl\u0131k olmas\u0131 nedeniyle drone\u2019lar\u0131n t\u00fcr\u00fc, [&hellip;]","og_url":"https:\/\/kuzeyinsesi.org\/index.php\/2025\/10\/03\/munih-havalimaninda-drone-alarmi-ucuslar-durduruldu\/","og_site_name":"Kuzeyin Sesi","article_publisher":"https:\/\/www.facebook.com\/kuzeyinsesii","article_published_time":"2025-10-03T03:48:25+00:00","og_image":[{"url":"https:\/\/trthaberstatic.cdn.wp.trt.com.tr\/resimler\/1474000\/havaalani-havalimani-yolcu-1475701.jpg","type":"","width":"","height":""}],"author":"Kuzeyin Sesi","twitter_card":"summary_large_image","twitter_creator":"@kuzeyinsesii","twitter_site":"@kuzeyinsesii","twitter_misc":{"Yazan:":"Kuzeyin Sesi","Tahmini okuma s\u00fcresi":"1 dakika"},"schema":{"@context":"https:\/\/schema.org","@graph":[{"@type":"Article","@id":"https:\/\/kuzeyinsesi.org\/index.php\/2025\/10\/03\/munih-havalimaninda-drone-alarmi-ucuslar-durduruldu\/#article","isPartOf":{"@id":"https:\/\/kuzeyinsesi.org\/index.php\/2025\/10\/03\/munih-havalimaninda-drone-alarmi-ucuslar-durduruldu\/"},"author":{"name":"Kuzeyin Sesi","@id":"https:\/\/kuzeyinsesi.org\/#\/schema\/person\/9f859689cdf01485597712386e37f5aa"},"headline":"M\u00fcnih Havaliman\u0131nda drone alarm\u0131: U\u00e7u\u015flar durduruldu","datePublished":"2025-10-03T03:48:25+00:00","mainEntityOfPage":{"@id":"https:\/\/kuzeyinsesi.org\/index.php\/2025\/10\/03\/munih-havalimaninda-drone-alarmi-ucuslar-durduruldu\/"},"wordCount":303,"commentCount":0,"image":{"@id":"https:\/\/kuzeyinsesi.org\/index.php\/2025\/10\/03\/munih-havalimaninda-drone-alarmi-ucuslar-durduruldu\/#primaryimage"},"thumbnailUrl":"https:\/\/kuzeyinsesi.org\/wp-content\/uploads\/2025\/10\/havaalani-havalimani-yolcu-1475701.jpg","articleSection":["D\u00fcnya"],"inLanguage":"tr","potentialAction":[{"@type":"CommentAction","name":"Comment","target":["https:\/\/kuzeyinsesi.org\/index.php\/2025\/10\/03\/munih-havalimaninda-drone-alarmi-ucuslar-durduruldu\/#respond"]}]},{"@type":"WebPage","@id":"https:\/\/kuzeyinsesi.org\/index.php\/2025\/10\/03\/munih-havalimaninda-drone-alarmi-ucuslar-durduruldu\/","url":"https:\/\/kuzeyinsesi.org\/index.php\/2025\/10\/03\/munih-havalimaninda-drone-alarmi-ucuslar-durduruldu\/","name":"M\u00fcnih Havaliman\u0131nda drone alarm\u0131: U\u00e7u\u015flar durduruldu - Kuzeyin Sesi","isPartOf":{"@id":"https:\/\/kuzeyinsesi.org\/#website"},"primaryImageOfPage":{"@id":"https:\/\/kuzeyinsesi.org\/index.php\/2025\/10\/03\/munih-havalimaninda-drone-alarmi-ucuslar-durduruldu\/#primaryimage"},"image":{"@id":"https:\/\/kuzeyinsesi.org\/index.php\/2025\/10\/03\/munih-havalimaninda-drone-alarmi-ucuslar-durduruldu\/#primaryimage"},"thumbnailUrl":"https:\/\/kuzeyinsesi.org\/wp-content\/uploads\/2025\/10\/havaalani-havalimani-yolcu-1475701.jpg","datePublished":"2025-10-03T03:48:25+00:00","author":{"@id":"https:\/\/kuzeyinsesi.org\/#\/schema\/person\/9f859689cdf01485597712386e37f5aa"},"breadcrumb":{"@id":"https:\/\/kuzeyinsesi.org\/index.php\/2025\/10\/03\/munih-havalimaninda-drone-alarmi-ucuslar-durduruldu\/#breadcrumb"},"inLanguage":"tr","potentialAction":[{"@type":"ReadAction","target":["https:\/\/kuzeyinsesi.org\/index.php\/2025\/10\/03\/munih-havalimaninda-drone-alarmi-ucuslar-durduruldu\/"]}]},{"@type":"ImageObject","inLanguage":"tr","@id":"https:\/\/kuzeyinsesi.org\/index.php\/2025\/10\/03\/munih-havalimaninda-drone-alarmi-ucuslar-durduruldu\/#primaryimage","url":"https:\/\/kuzeyinsesi.org\/wp-content\/uploads\/2025\/10\/havaalani-havalimani-yolcu-1475701.jpg","contentUrl":"https:\/\/kuzeyinsesi.org\/wp-content\/uploads\/2025\/10\/havaalani-havalimani-yolcu-1475701.jpg","width":1280,"height":720},{"@type":"BreadcrumbList","@id":"https:\/\/kuzeyinsesi.org\/index.php\/2025\/10\/03\/munih-havalimaninda-drone-alarmi-ucuslar-durduruldu\/#breadcrumb","itemListElement":[{"@type":"ListItem","position":1,"name":"Anasayfa","item":"https:\/\/kuzeyinsesi.org\/"},{"@type":"ListItem","position":2,"name":"M\u00fcnih Havaliman\u0131nda drone alarm\u0131: U\u00e7u\u015flar durduruldu"}]},{"@type":"WebSite","@id":"https:\/\/kuzeyinsesi.org\/#website","url":"https:\/\/kuzeyinsesi.org\/","name":"Kuzeyin Sesi","description":"Do\u011fru Haberin Adresi","potentialAction":[{"@type":"SearchAction","target":{"@type":"EntryPoint","urlTemplate":"https:\/\/kuzeyinsesi.org\/?s={search_term_string}"},"query-input":{"@type":"PropertyValueSpecification","valueRequired":true,"valueName":"search_term_string"}}],"inLanguage":"tr"},{"@type":"Person","@id":"https:\/\/kuzeyinsesi.org\/#\/schema\/person\/9f859689cdf01485597712386e37f5aa","name":"Kuzeyin Sesi","image":{"@type":"ImageObject","inLanguage":"tr","@id":"https:\/\/secure.gravatar.com\/avatar\/bab33852abfd8b282518d6ed81826833d77c3c882d9ab608add591ccace47a44?s=96&d=mm&r=g","url":"https:\/\/secure.gravatar.com\/avatar\/bab33852abfd8b282518d6ed81826833d77c3c882d9ab608add591ccace47a44?s=96&d=mm&r=g","contentUrl":"https:\/\/secure.gravatar.com\/avatar\/bab33852abfd8b282518d6ed81826833d77c3c882d9ab608add591ccace47a44?s=96&d=mm&r=g","caption":"Kuzeyin Sesi"},"sameAs":["https:\/\/kuzeyinsesi.org"],"url":"https:\/\/kuzeyinsesi.org\/index.php\/author\/guven\/"}]}},"_links":{"self":[{"href":"https:\/\/kuzeyinsesi.org\/index.php\/wp-json\/wp\/v2\/posts\/32584","targetHints":{"allow":["GET"]}}],"collection":[{"href":"https:\/\/kuzeyinsesi.org\/index.php\/wp-json\/wp\/v2\/posts"}],"about":[{"href":"https:\/\/kuzeyinsesi.org\/index.php\/wp-json\/wp\/v2\/types\/post"}],"author":[{"embeddable":true,"href":"https:\/\/kuzeyinsesi.org\/index.php\/wp-json\/wp\/v2\/users\/1"}],"replies":[{"embeddable":true,"href":"https:\/\/kuzeyinsesi.org\/index.php\/wp-json\/wp\/v2\/comments?post=32584"}],"version-history":[{"count":0,"href":"https:\/\/kuzeyinsesi.org\/index.php\/wp-json\/wp\/v2\/posts\/32584\/revisions"}],"wp:featuredmedia":[{"embeddable":true,"href":"https:\/\/kuzeyinsesi.org\/index.php\/wp-json\/wp\/v2\/media\/32585"}],"wp:attachment":[{"href":"https:\/\/kuzeyinsesi.org\/index.php\/wp-json\/wp\/v2\/media?parent=32584"}],"wp:term":[{"taxonomy":"category","embeddable":true,"href":"https:\/\/kuzeyinsesi.org\/index.php\/wp-json\/wp\/v2\/categories?post=32584"},{"taxonomy":"post_tag","embeddable":true,"href":"https:\/\/kuzeyinsesi.org\/index.php\/wp-json\/wp\/v2\/tags?post=32584"}],"curies":[{"name":"wp","href":"https:\/\/api.w.org\/{rel}","templated":true}]}}