{"id":32574,"date":"2025-10-02T21:57:51","date_gmt":"2025-10-02T18:57:51","guid":{"rendered":"https:\/\/kuzeyinsesi.org\/index.php\/2025\/10\/02\/katil-israil-bugun-43-filistinliyi-daha-katletti\/"},"modified":"2025-10-02T21:57:51","modified_gmt":"2025-10-02T18:57:51","slug":"katil-israil-bugun-43-filistinliyi-daha-katletti","status":"publish","type":"post","link":"https:\/\/kuzeyinsesi.org\/index.php\/2025\/10\/02\/katil-israil-bugun-43-filistinliyi-daha-katletti\/","title":{"rendered":"Katil \u0130srail bug\u00fcn 43 Filistinliyi daha katletti"},"content":{"rendered":"<p><\/p>\n<div>\n<p>&#13;<br \/>\n\t<a href=\"https:\/\/www.trthaber.com\/etiket\/hastane\/\" target=\"_blank\">Hastane<\/a> kaynaklar\u0131 ve g\u00f6rg\u00fc tan\u0131klar\u0131ndan al\u0131nan bilgilere g\u00f6re, <a href=\"https:\/\/www.trthaber.com\/etiket\/israil\/\" target=\"_blank\">\u0130srail<\/a> ordusu, ba\u015fta kuzeydeki <a href=\"https:\/\/www.trthaber.com\/etiket\/gazze\/\" target=\"_blank\">Gazze<\/a> kenti olmak \u00fczere Gazze \u015eeridi&#8217;nin \u00e7e\u015fitli b\u00f6lgelerinde g\u00f6\u00e7e zorlanan Filistinlilerin s\u0131\u011f\u0131nd\u0131\u011f\u0131 \u00e7ad\u0131rlar\u0131, yard\u0131m bekleyenleri, evleri ve sivillerin topland\u0131\u011f\u0131 alanlar\u0131 vurdu.<\/p>\n<p>&#13;<br \/>\n\tGazze kentini i\u015fgal i\u00e7in kara sald\u0131r\u0131s\u0131 ba\u015flatan \u0130srail ordusu, kentin bat\u0131s\u0131ndaki liman yak\u0131nlar\u0131nda sivil bir grubu hedef ald\u0131. Sald\u0131r\u0131da 1 ki\u015fi \u00f6ld\u00fc, bir\u00e7ok ki\u015fi yaraland\u0131.<\/p>\n<p>&#13;<br \/>\n\tKentin g\u00fcneyindeki Zeytun Mahallesi&#8217;nde insans\u0131z hava arac\u0131ndan (\u0130HA) a\u00e7\u0131lan ate\u015fte 1 ki\u015fi hayat\u0131n\u0131 kaybetti.<\/p>\n<p>&#13;<br \/>\n\tGazze kentinin bat\u0131s\u0131ndaki Ensar Kav\u015fa\u011f\u0131 yak\u0131nlar\u0131na \u0130HA sald\u0131r\u0131s\u0131 d\u00fczenlendi. Sald\u0131r\u0131da 1 \u00e7ocuk hayat\u0131n\u0131 kaybetti.<\/p>\n<p>&#13;<br \/>\n\tKentteki \u015eati M\u00fclteci Kamp\u0131&#8217;nda bir ev bombaland\u0131. Bombard\u0131manda 1 \u00e7ocuk daha ya\u015fam\u0131n\u0131 yitirdi.<\/p>\n<p>&#13;<br \/>\n\tGazze kentinin g\u00fcneyindeki Sabra Mahallesi&#8217;nde, Filistinli &#8220;Sabiti&#8221; ailesinin evinin hedef al\u0131nd\u0131\u011f\u0131 hava sald\u0131r\u0131s\u0131nda 1 kad\u0131n hayat\u0131n\u0131 kaybetti.<\/p>\n<p>&#13;<br \/>\n\t\u0130srail ordusu, Gazze kentinin Sabra ve Tel el-Hava mahalleleri ile \u015eeyh R\u0131dvan ve Nasr b\u00f6lgelerinde onlarca evi bombal\u0131 ara\u00e7larla havaya u\u00e7urdu.<\/p>\n<p>&#13;<br \/>\n\tKentin farkl\u0131 b\u00f6lgelerinde d\u00fczenlenen sald\u0131r\u0131lar\u0131n ard\u0131ndan Saraya Sahra Hastanesi&#8217;ne 5 \u00f6l\u00fc, 37 yaral\u0131 getirildi.<\/p>\n<h2>&#13;<br \/>\n\tGazze \u015eeridi&#8217;nin orta kesimindeki Deyr el-Belah&#8217;ta sald\u0131r\u0131lar yo\u011funla\u015ft\u0131<\/h2>\n<p>&#13;<br \/>\n\t\u0130srail ordusu, Gazze \u015eeridi&#8217;nin orta kesiminde zorla yerinden edilen \u00e7ok say\u0131da Filistinlinin bulundu\u011fu Deyr el-Belah kentine sald\u0131r\u0131lar\u0131n\u0131 yo\u011funla\u015ft\u0131rd\u0131.<\/p>\n<p>&#13;<br \/>\n\tKentin Ebu Arif b\u00f6lgesinde sivillerin topland\u0131\u011f\u0131 bir alana d\u00fczenlenen \u0130HA sald\u0131r\u0131s\u0131nda 1 ki\u015fi \u00f6ld\u00fc, \u00e7ok say\u0131da ki\u015fi yaraland\u0131.<\/p>\n<p>&#13;<br \/>\n\tDeyr el-Belah&#8217;\u0131n bat\u0131s\u0131ndaki Me\u015faile b\u00f6lgesinde yerinden edilenlerin bulundu\u011fu \u00e7ad\u0131rlara d\u00fczenlenen sald\u0131r\u0131da 1&#8217;i kad\u0131n 3 Filistinli ya\u015fam\u0131n\u0131 yitirdi.<\/p>\n<p>&#13;<br \/>\n\tYine Deyr el-Belah\u2019\u0131n Vadi es-Silka b\u00f6lgesinde yerinden edilenlerin kald\u0131\u011f\u0131 bir \u00e7ad\u0131ra \u0130HA sald\u0131r\u0131s\u0131 d\u00fczenlendi. Sald\u0131r\u0131da 1 Filistinli hayat\u0131n\u0131 kaybetti.<\/p>\n<h2>&#13;<br \/>\n\tBureyc M\u00fclteci Kamp\u0131&#8217;nda odun toplayan 4 karde\u015f \u0130srail sald\u0131r\u0131s\u0131nda can verdi<\/h2>\n<p>&#13;<br \/>\n\tHicr el-Cami b\u00f6lgesinde bir \u00e7ad\u0131r\u0131n bombalanmas\u0131 sonucu 1 ki\u015fi ya\u015fam\u0131n\u0131 yitirirken, Bureyc M\u00fclteci Kamp\u0131&#8217;nda odun toplayan 4 karde\u015f \u0130srail sald\u0131r\u0131s\u0131nda can verdi.<\/p>\n<p>&#13;<br \/>\n\t\u0130srail ordusunun, Re\u015fid Caddesi yak\u0131nlar\u0131nda Netzarim Koridoru \u00e7evresine d\u00fczenledi\u011fi sald\u0131r\u0131da 1 Filistinli hayat\u0131n\u0131 kaybetti.<\/p>\n<h2>&#13;<br \/>\n\t\u0130srail &#8220;g\u00fcvenli&#8221; dedi\u011fi El-Mevasi&#8217;de a\u015fevini vurdu, \u00e7o\u011funlu\u011fu \u00e7ocuk 9 ki\u015fi \u00f6ld\u00fc<\/h2>\n<p>&#13;<br \/>\n\t\u0130srail ordusu Gazze \u015eeridi&#8217;nin g\u00fcneyindeki Han <a href=\"https:\/\/www.trthaber.com\/etiket\/yunus\/\" target=\"_blank\">Yunus<\/a> kentinde bir a\u015fevi ile yard\u0131m bekleyenleri ve \u00e7ad\u0131rlar\u0131 vurdu.<\/p>\n<p>&#13;<br \/>\n\tHan Yunus&#8217;un bat\u0131s\u0131ndaki El-Mavasi b\u00f6lgesinde bulunan bir a\u015fevine d\u00fczenlenen hava sald\u0131r\u0131s\u0131nda 9 Filistinli ya\u015fam\u0131n\u0131 yitirdi. \u00d6lenler aras\u0131nda bir baba, 4 \u00e7ocu\u011fu ve torununun da bulundu\u011fu aktar\u0131ld\u0131.<\/p>\n<h2>&#13;<br \/>\n\tHan Yunus&#8217;ta yard\u0131m bekleyenlere ate\u015f a\u00e7\u0131ld\u0131, 13 ki\u015fi \u00f6ld\u00fc<\/h2>\n<p>&#13;<br \/>\n\t\u0130srail g\u00fc\u00e7leri Han Yunus&#8217;un g\u00fcneyinde yard\u0131m bekleyen sivillere ate\u015f a\u00e7t\u0131. Sald\u0131r\u0131da biri kad\u0131n 13 ki\u015fi hayat\u0131n\u0131 kaybetti.<\/p>\n<p>&#13;<br \/>\n\tEl- Mevasi b\u00f6lgesinde bulunan Aksa \u00dcniversitesi yerle\u015fkesinde yerinden edilenlerin kald\u0131\u011f\u0131 \u00e7ad\u0131rlar, \u0130srail sald\u0131r\u0131s\u0131n\u0131n hedefi oldu. Sald\u0131r\u0131da \u00e7ok say\u0131da Filistinli yaraland\u0131.<\/p>\n<\/p><\/div>\n","protected":false},"excerpt":{"rendered":"<p>&#13; Hastane kaynaklar\u0131 ve g\u00f6rg\u00fc tan\u0131klar\u0131ndan al\u0131nan bilgilere g\u00f6re, \u0130srail ordusu, ba\u015fta kuzeydeki Gazze kenti olmak \u00fczere Gazze \u015eeridi&#8217;nin \u00e7e\u015fitli b\u00f6lgelerinde g\u00f6\u00e7e zorlanan Filistinlilerin s\u0131\u011f\u0131nd\u0131\u011f\u0131 \u00e7ad\u0131rlar\u0131, yard\u0131m bekleyenleri, evleri ve sivillerin topland\u0131\u011f\u0131 alanlar\u0131 vurdu. &#13; Gazze kentini i\u015fgal i\u00e7in kara sald\u0131r\u0131s\u0131 ba\u015flatan \u0130srail ordusu, kentin bat\u0131s\u0131ndaki liman yak\u0131nlar\u0131nda sivil bir grubu hedef ald\u0131. Sald\u0131r\u0131da 1 [&hellip;]<\/p>\n","protected":false},"author":1,"featured_media":32325,"comment_status":"open","ping_status":"open","sticky":false,"template":"","format":"standard","meta":{"jnews-multi-image_gallery":[],"jnews_single_post":[],"jnews_primary_category":[],"jnews_social_meta":[],"jnews_override_counter":[],"footnotes":""},"categories":[2],"tags":[],"class_list":["post-32574","post","type-post","status-publish","format-standard","has-post-thumbnail","hentry","category-dunya"],"yoast_head":"<!-- This site is optimized with the Yoast SEO plugin v27.5 - https:\/\/yoast.com\/product\/yoast-seo-wordpress\/ -->\n<title>Katil \u0130srail bug\u00fcn 43 Filistinliyi daha katletti - Kuzeyin Sesi<\/title>\n<meta name=\"robots\" content=\"index, follow, max-snippet:-1, max-image-preview:large, max-video-preview:-1\" \/>\n<link rel=\"canonical\" href=\"https:\/\/kuzeyinsesi.org\/index.php\/2025\/10\/02\/katil-israil-bugun-43-filistinliyi-daha-katletti\/\" \/>\n<meta property=\"og:locale\" content=\"tr_TR\" \/>\n<meta property=\"og:type\" content=\"article\" \/>\n<meta property=\"og:title\" content=\"Katil \u0130srail bug\u00fcn 43 Filistinliyi daha katletti - Kuzeyin Sesi\" \/>\n<meta property=\"og:description\" content=\"&#013; Hastane kaynaklar\u0131 ve g\u00f6rg\u00fc tan\u0131klar\u0131ndan al\u0131nan bilgilere g\u00f6re, \u0130srail ordusu, ba\u015fta kuzeydeki Gazze kenti olmak \u00fczere Gazze \u015eeridi&#8217;nin \u00e7e\u015fitli b\u00f6lgelerinde g\u00f6\u00e7e zorlanan Filistinlilerin s\u0131\u011f\u0131nd\u0131\u011f\u0131 \u00e7ad\u0131rlar\u0131, yard\u0131m bekleyenleri, evleri ve sivillerin topland\u0131\u011f\u0131 alanlar\u0131 vurdu. &#013; Gazze kentini i\u015fgal i\u00e7in kara sald\u0131r\u0131s\u0131 ba\u015flatan \u0130srail ordusu, kentin bat\u0131s\u0131ndaki liman yak\u0131nlar\u0131nda sivil bir grubu hedef ald\u0131. Sald\u0131r\u0131da 1 [&hellip;]\" \/>\n<meta property=\"og:url\" content=\"https:\/\/kuzeyinsesi.org\/index.php\/2025\/10\/02\/katil-israil-bugun-43-filistinliyi-daha-katletti\/\" \/>\n<meta property=\"og:site_name\" content=\"Kuzeyin Sesi\" \/>\n<meta property=\"article:publisher\" content=\"https:\/\/www.facebook.com\/kuzeyinsesii\" \/>\n<meta property=\"article:published_time\" content=\"2025-10-02T18:57:51+00:00\" \/>\n<meta property=\"og:image\" content=\"https:\/\/trthaberstatic.cdn.wp.trt.com.tr\/resimler\/2402000\/gazze-saldiri-a-2402037.jpg\" \/>\n<meta name=\"author\" content=\"Kuzeyin Sesi\" \/>\n<meta name=\"twitter:card\" content=\"summary_large_image\" \/>\n<meta name=\"twitter:creator\" content=\"@kuzeyinsesii\" \/>\n<meta name=\"twitter:site\" content=\"@kuzeyinsesii\" \/>\n<meta name=\"twitter:label1\" content=\"Yazan:\" \/>\n\t<meta name=\"twitter:data1\" content=\"Kuzeyin Sesi\" \/>\n\t<meta name=\"twitter:label2\" content=\"Tahmini okuma s\u00fcresi\" \/>\n\t<meta name=\"twitter:data2\" content=\"3 dakika\" \/>\n<script type=\"application\/ld+json\" class=\"yoast-schema-graph\">{\"@context\":\"https:\\\/\\\/schema.org\",\"@graph\":[{\"@type\":\"Article\",\"@id\":\"https:\\\/\\\/kuzeyinsesi.org\\\/index.php\\\/2025\\\/10\\\/02\\\/katil-israil-bugun-43-filistinliyi-daha-katletti\\\/#article\",\"isPartOf\":{\"@id\":\"https:\\\/\\\/kuzeyinsesi.org\\\/index.php\\\/2025\\\/10\\\/02\\\/katil-israil-bugun-43-filistinliyi-daha-katletti\\\/\"},\"author\":{\"name\":\"Kuzeyin Sesi\",\"@id\":\"https:\\\/\\\/kuzeyinsesi.org\\\/#\\\/schema\\\/person\\\/9f859689cdf01485597712386e37f5aa\"},\"headline\":\"Katil \u0130srail bug\u00fcn 43 Filistinliyi daha katletti\",\"datePublished\":\"2025-10-02T18:57:51+00:00\",\"mainEntityOfPage\":{\"@id\":\"https:\\\/\\\/kuzeyinsesi.org\\\/index.php\\\/2025\\\/10\\\/02\\\/katil-israil-bugun-43-filistinliyi-daha-katletti\\\/\"},\"wordCount\":555,\"commentCount\":0,\"image\":{\"@id\":\"https:\\\/\\\/kuzeyinsesi.org\\\/index.php\\\/2025\\\/10\\\/02\\\/katil-israil-bugun-43-filistinliyi-daha-katletti\\\/#primaryimage\"},\"thumbnailUrl\":\"https:\\\/\\\/kuzeyinsesi.org\\\/wp-content\\\/uploads\\\/2025\\\/09\\\/gazze-saldiri-a-2402037.jpg\",\"articleSection\":[\"D\u00fcnya\"],\"inLanguage\":\"tr\",\"potentialAction\":[{\"@type\":\"CommentAction\",\"name\":\"Comment\",\"target\":[\"https:\\\/\\\/kuzeyinsesi.org\\\/index.php\\\/2025\\\/10\\\/02\\\/katil-israil-bugun-43-filistinliyi-daha-katletti\\\/#respond\"]}]},{\"@type\":\"WebPage\",\"@id\":\"https:\\\/\\\/kuzeyinsesi.org\\\/index.php\\\/2025\\\/10\\\/02\\\/katil-israil-bugun-43-filistinliyi-daha-katletti\\\/\",\"url\":\"https:\\\/\\\/kuzeyinsesi.org\\\/index.php\\\/2025\\\/10\\\/02\\\/katil-israil-bugun-43-filistinliyi-daha-katletti\\\/\",\"name\":\"Katil \u0130srail bug\u00fcn 43 Filistinliyi daha katletti - Kuzeyin Sesi\",\"isPartOf\":{\"@id\":\"https:\\\/\\\/kuzeyinsesi.org\\\/#website\"},\"primaryImageOfPage\":{\"@id\":\"https:\\\/\\\/kuzeyinsesi.org\\\/index.php\\\/2025\\\/10\\\/02\\\/katil-israil-bugun-43-filistinliyi-daha-katletti\\\/#primaryimage\"},\"image\":{\"@id\":\"https:\\\/\\\/kuzeyinsesi.org\\\/index.php\\\/2025\\\/10\\\/02\\\/katil-israil-bugun-43-filistinliyi-daha-katletti\\\/#primaryimage\"},\"thumbnailUrl\":\"https:\\\/\\\/kuzeyinsesi.org\\\/wp-content\\\/uploads\\\/2025\\\/09\\\/gazze-saldiri-a-2402037.jpg\",\"datePublished\":\"2025-10-02T18:57:51+00:00\",\"author\":{\"@id\":\"https:\\\/\\\/kuzeyinsesi.org\\\/#\\\/schema\\\/person\\\/9f859689cdf01485597712386e37f5aa\"},\"breadcrumb\":{\"@id\":\"https:\\\/\\\/kuzeyinsesi.org\\\/index.php\\\/2025\\\/10\\\/02\\\/katil-israil-bugun-43-filistinliyi-daha-katletti\\\/#breadcrumb\"},\"inLanguage\":\"tr\",\"potentialAction\":[{\"@type\":\"ReadAction\",\"target\":[\"https:\\\/\\\/kuzeyinsesi.org\\\/index.php\\\/2025\\\/10\\\/02\\\/katil-israil-bugun-43-filistinliyi-daha-katletti\\\/\"]}]},{\"@type\":\"ImageObject\",\"inLanguage\":\"tr\",\"@id\":\"https:\\\/\\\/kuzeyinsesi.org\\\/index.php\\\/2025\\\/10\\\/02\\\/katil-israil-bugun-43-filistinliyi-daha-katletti\\\/#primaryimage\",\"url\":\"https:\\\/\\\/kuzeyinsesi.org\\\/wp-content\\\/uploads\\\/2025\\\/09\\\/gazze-saldiri-a-2402037.jpg\",\"contentUrl\":\"https:\\\/\\\/kuzeyinsesi.org\\\/wp-content\\\/uploads\\\/2025\\\/09\\\/gazze-saldiri-a-2402037.jpg\",\"width\":1280,\"height\":720},{\"@type\":\"BreadcrumbList\",\"@id\":\"https:\\\/\\\/kuzeyinsesi.org\\\/index.php\\\/2025\\\/10\\\/02\\\/katil-israil-bugun-43-filistinliyi-daha-katletti\\\/#breadcrumb\",\"itemListElement\":[{\"@type\":\"ListItem\",\"position\":1,\"name\":\"Anasayfa\",\"item\":\"https:\\\/\\\/kuzeyinsesi.org\\\/\"},{\"@type\":\"ListItem\",\"position\":2,\"name\":\"Katil \u0130srail bug\u00fcn 43 Filistinliyi daha katletti\"}]},{\"@type\":\"WebSite\",\"@id\":\"https:\\\/\\\/kuzeyinsesi.org\\\/#website\",\"url\":\"https:\\\/\\\/kuzeyinsesi.org\\\/\",\"name\":\"Kuzeyin Sesi\",\"description\":\"Do\u011fru Haberin Adresi\",\"potentialAction\":[{\"@type\":\"SearchAction\",\"target\":{\"@type\":\"EntryPoint\",\"urlTemplate\":\"https:\\\/\\\/kuzeyinsesi.org\\\/?s={search_term_string}\"},\"query-input\":{\"@type\":\"PropertyValueSpecification\",\"valueRequired\":true,\"valueName\":\"search_term_string\"}}],\"inLanguage\":\"tr\"},{\"@type\":\"Person\",\"@id\":\"https:\\\/\\\/kuzeyinsesi.org\\\/#\\\/schema\\\/person\\\/9f859689cdf01485597712386e37f5aa\",\"name\":\"Kuzeyin Sesi\",\"image\":{\"@type\":\"ImageObject\",\"inLanguage\":\"tr\",\"@id\":\"https:\\\/\\\/secure.gravatar.com\\\/avatar\\\/bab33852abfd8b282518d6ed81826833d77c3c882d9ab608add591ccace47a44?s=96&d=mm&r=g\",\"url\":\"https:\\\/\\\/secure.gravatar.com\\\/avatar\\\/bab33852abfd8b282518d6ed81826833d77c3c882d9ab608add591ccace47a44?s=96&d=mm&r=g\",\"contentUrl\":\"https:\\\/\\\/secure.gravatar.com\\\/avatar\\\/bab33852abfd8b282518d6ed81826833d77c3c882d9ab608add591ccace47a44?s=96&d=mm&r=g\",\"caption\":\"Kuzeyin Sesi\"},\"sameAs\":[\"https:\\\/\\\/kuzeyinsesi.org\"],\"url\":\"https:\\\/\\\/kuzeyinsesi.org\\\/index.php\\\/author\\\/guven\\\/\"}]}<\/script>\n<!-- \/ Yoast SEO plugin. -->","yoast_head_json":{"title":"Katil \u0130srail bug\u00fcn 43 Filistinliyi daha katletti - Kuzeyin Sesi","robots":{"index":"index","follow":"follow","max-snippet":"max-snippet:-1","max-image-preview":"max-image-preview:large","max-video-preview":"max-video-preview:-1"},"canonical":"https:\/\/kuzeyinsesi.org\/index.php\/2025\/10\/02\/katil-israil-bugun-43-filistinliyi-daha-katletti\/","og_locale":"tr_TR","og_type":"article","og_title":"Katil \u0130srail bug\u00fcn 43 Filistinliyi daha katletti - Kuzeyin Sesi","og_description":"&#13; Hastane kaynaklar\u0131 ve g\u00f6rg\u00fc tan\u0131klar\u0131ndan al\u0131nan bilgilere g\u00f6re, \u0130srail ordusu, ba\u015fta kuzeydeki Gazze kenti olmak \u00fczere Gazze \u015eeridi&#8217;nin \u00e7e\u015fitli b\u00f6lgelerinde g\u00f6\u00e7e zorlanan Filistinlilerin s\u0131\u011f\u0131nd\u0131\u011f\u0131 \u00e7ad\u0131rlar\u0131, yard\u0131m bekleyenleri, evleri ve sivillerin topland\u0131\u011f\u0131 alanlar\u0131 vurdu. &#13; Gazze kentini i\u015fgal i\u00e7in kara sald\u0131r\u0131s\u0131 ba\u015flatan \u0130srail ordusu, kentin bat\u0131s\u0131ndaki liman yak\u0131nlar\u0131nda sivil bir grubu hedef ald\u0131. Sald\u0131r\u0131da 1 [&hellip;]","og_url":"https:\/\/kuzeyinsesi.org\/index.php\/2025\/10\/02\/katil-israil-bugun-43-filistinliyi-daha-katletti\/","og_site_name":"Kuzeyin Sesi","article_publisher":"https:\/\/www.facebook.com\/kuzeyinsesii","article_published_time":"2025-10-02T18:57:51+00:00","og_image":[{"url":"https:\/\/trthaberstatic.cdn.wp.trt.com.tr\/resimler\/2402000\/gazze-saldiri-a-2402037.jpg","type":"","width":"","height":""}],"author":"Kuzeyin Sesi","twitter_card":"summary_large_image","twitter_creator":"@kuzeyinsesii","twitter_site":"@kuzeyinsesii","twitter_misc":{"Yazan:":"Kuzeyin Sesi","Tahmini okuma s\u00fcresi":"3 dakika"},"schema":{"@context":"https:\/\/schema.org","@graph":[{"@type":"Article","@id":"https:\/\/kuzeyinsesi.org\/index.php\/2025\/10\/02\/katil-israil-bugun-43-filistinliyi-daha-katletti\/#article","isPartOf":{"@id":"https:\/\/kuzeyinsesi.org\/index.php\/2025\/10\/02\/katil-israil-bugun-43-filistinliyi-daha-katletti\/"},"author":{"name":"Kuzeyin Sesi","@id":"https:\/\/kuzeyinsesi.org\/#\/schema\/person\/9f859689cdf01485597712386e37f5aa"},"headline":"Katil \u0130srail bug\u00fcn 43 Filistinliyi daha katletti","datePublished":"2025-10-02T18:57:51+00:00","mainEntityOfPage":{"@id":"https:\/\/kuzeyinsesi.org\/index.php\/2025\/10\/02\/katil-israil-bugun-43-filistinliyi-daha-katletti\/"},"wordCount":555,"commentCount":0,"image":{"@id":"https:\/\/kuzeyinsesi.org\/index.php\/2025\/10\/02\/katil-israil-bugun-43-filistinliyi-daha-katletti\/#primaryimage"},"thumbnailUrl":"https:\/\/kuzeyinsesi.org\/wp-content\/uploads\/2025\/09\/gazze-saldiri-a-2402037.jpg","articleSection":["D\u00fcnya"],"inLanguage":"tr","potentialAction":[{"@type":"CommentAction","name":"Comment","target":["https:\/\/kuzeyinsesi.org\/index.php\/2025\/10\/02\/katil-israil-bugun-43-filistinliyi-daha-katletti\/#respond"]}]},{"@type":"WebPage","@id":"https:\/\/kuzeyinsesi.org\/index.php\/2025\/10\/02\/katil-israil-bugun-43-filistinliyi-daha-katletti\/","url":"https:\/\/kuzeyinsesi.org\/index.php\/2025\/10\/02\/katil-israil-bugun-43-filistinliyi-daha-katletti\/","name":"Katil \u0130srail bug\u00fcn 43 Filistinliyi daha katletti - Kuzeyin Sesi","isPartOf":{"@id":"https:\/\/kuzeyinsesi.org\/#website"},"primaryImageOfPage":{"@id":"https:\/\/kuzeyinsesi.org\/index.php\/2025\/10\/02\/katil-israil-bugun-43-filistinliyi-daha-katletti\/#primaryimage"},"image":{"@id":"https:\/\/kuzeyinsesi.org\/index.php\/2025\/10\/02\/katil-israil-bugun-43-filistinliyi-daha-katletti\/#primaryimage"},"thumbnailUrl":"https:\/\/kuzeyinsesi.org\/wp-content\/uploads\/2025\/09\/gazze-saldiri-a-2402037.jpg","datePublished":"2025-10-02T18:57:51+00:00","author":{"@id":"https:\/\/kuzeyinsesi.org\/#\/schema\/person\/9f859689cdf01485597712386e37f5aa"},"breadcrumb":{"@id":"https:\/\/kuzeyinsesi.org\/index.php\/2025\/10\/02\/katil-israil-bugun-43-filistinliyi-daha-katletti\/#breadcrumb"},"inLanguage":"tr","potentialAction":[{"@type":"ReadAction","target":["https:\/\/kuzeyinsesi.org\/index.php\/2025\/10\/02\/katil-israil-bugun-43-filistinliyi-daha-katletti\/"]}]},{"@type":"ImageObject","inLanguage":"tr","@id":"https:\/\/kuzeyinsesi.org\/index.php\/2025\/10\/02\/katil-israil-bugun-43-filistinliyi-daha-katletti\/#primaryimage","url":"https:\/\/kuzeyinsesi.org\/wp-content\/uploads\/2025\/09\/gazze-saldiri-a-2402037.jpg","contentUrl":"https:\/\/kuzeyinsesi.org\/wp-content\/uploads\/2025\/09\/gazze-saldiri-a-2402037.jpg","width":1280,"height":720},{"@type":"BreadcrumbList","@id":"https:\/\/kuzeyinsesi.org\/index.php\/2025\/10\/02\/katil-israil-bugun-43-filistinliyi-daha-katletti\/#breadcrumb","itemListElement":[{"@type":"ListItem","position":1,"name":"Anasayfa","item":"https:\/\/kuzeyinsesi.org\/"},{"@type":"ListItem","position":2,"name":"Katil \u0130srail bug\u00fcn 43 Filistinliyi daha katletti"}]},{"@type":"WebSite","@id":"https:\/\/kuzeyinsesi.org\/#website","url":"https:\/\/kuzeyinsesi.org\/","name":"Kuzeyin Sesi","description":"Do\u011fru Haberin Adresi","potentialAction":[{"@type":"SearchAction","target":{"@type":"EntryPoint","urlTemplate":"https:\/\/kuzeyinsesi.org\/?s={search_term_string}"},"query-input":{"@type":"PropertyValueSpecification","valueRequired":true,"valueName":"search_term_string"}}],"inLanguage":"tr"},{"@type":"Person","@id":"https:\/\/kuzeyinsesi.org\/#\/schema\/person\/9f859689cdf01485597712386e37f5aa","name":"Kuzeyin Sesi","image":{"@type":"ImageObject","inLanguage":"tr","@id":"https:\/\/secure.gravatar.com\/avatar\/bab33852abfd8b282518d6ed81826833d77c3c882d9ab608add591ccace47a44?s=96&d=mm&r=g","url":"https:\/\/secure.gravatar.com\/avatar\/bab33852abfd8b282518d6ed81826833d77c3c882d9ab608add591ccace47a44?s=96&d=mm&r=g","contentUrl":"https:\/\/secure.gravatar.com\/avatar\/bab33852abfd8b282518d6ed81826833d77c3c882d9ab608add591ccace47a44?s=96&d=mm&r=g","caption":"Kuzeyin Sesi"},"sameAs":["https:\/\/kuzeyinsesi.org"],"url":"https:\/\/kuzeyinsesi.org\/index.php\/author\/guven\/"}]}},"_links":{"self":[{"href":"https:\/\/kuzeyinsesi.org\/index.php\/wp-json\/wp\/v2\/posts\/32574","targetHints":{"allow":["GET"]}}],"collection":[{"href":"https:\/\/kuzeyinsesi.org\/index.php\/wp-json\/wp\/v2\/posts"}],"about":[{"href":"https:\/\/kuzeyinsesi.org\/index.php\/wp-json\/wp\/v2\/types\/post"}],"author":[{"embeddable":true,"href":"https:\/\/kuzeyinsesi.org\/index.php\/wp-json\/wp\/v2\/users\/1"}],"replies":[{"embeddable":true,"href":"https:\/\/kuzeyinsesi.org\/index.php\/wp-json\/wp\/v2\/comments?post=32574"}],"version-history":[{"count":0,"href":"https:\/\/kuzeyinsesi.org\/index.php\/wp-json\/wp\/v2\/posts\/32574\/revisions"}],"wp:featuredmedia":[{"embeddable":true,"href":"https:\/\/kuzeyinsesi.org\/index.php\/wp-json\/wp\/v2\/media\/32325"}],"wp:attachment":[{"href":"https:\/\/kuzeyinsesi.org\/index.php\/wp-json\/wp\/v2\/media?parent=32574"}],"wp:term":[{"taxonomy":"category","embeddable":true,"href":"https:\/\/kuzeyinsesi.org\/index.php\/wp-json\/wp\/v2\/categories?post=32574"},{"taxonomy":"post_tag","embeddable":true,"href":"https:\/\/kuzeyinsesi.org\/index.php\/wp-json\/wp\/v2\/tags?post=32574"}],"curies":[{"name":"wp","href":"https:\/\/api.w.org\/{rel}","templated":true}]}}