{"id":3254,"date":"2024-05-23T19:12:45","date_gmt":"2024-05-23T16:12:45","guid":{"rendered":"https:\/\/kuzeyinsesi.com\/index.php\/2024\/05\/23\/ulus-yesilada-kitap-tanitim-ve-soylesi-etkinligi-duzenledi\/"},"modified":"2024-05-23T19:12:45","modified_gmt":"2024-05-23T16:12:45","slug":"ulus-yesilada-kitap-tanitim-ve-soylesi-etkinligi-duzenledi","status":"publish","type":"post","link":"https:\/\/kuzeyinsesi.org\/index.php\/2024\/05\/23\/ulus-yesilada-kitap-tanitim-ve-soylesi-etkinligi-duzenledi\/","title":{"rendered":"Ulus Ye\u015filada, kitap tan\u0131t\u0131m ve s\u00f6yle\u015fi etkinli\u011fi d\u00fczenledi"},"content":{"rendered":"<div>\n<div class=\"mariselle-image-container center\">\n                                            <\/div>\n<p> K\u0131br\u0131s T\u00fcrk Musiki Cemiyeti Kurucu Ba\u015fkan\u0131 ve \u015eefi, Milli E\u011fitim Bakanl\u0131\u011f\u0131 T\u00fcrk M\u00fczi\u011fi Korosu Kurucusu Ulus Ye\u015filada kitap tan\u0131t\u0131m\u0131, s\u00f6yle\u015fi ve m\u00fczik dinletisi d\u00fczenledi.<\/p>\n<div class=\"mariselle-image-container center\">\n                <img decoding=\"async\" width=\"1288\" height=\"651\" class=\"lazy-image\" alt=\"\" sizes=\"(max-width: 1288px) 100vw, 1288px\" src=\"https:\/\/brtk.net\/wp-content\/uploads\/2024\/05\/23\/5d1f0e77-7bfc-48d9-a433-5f6ddec67cd1.jpg?ver=f0bb55e3ec2facfcdb3d74d618ec8a29\" srcset=\"https:\/\/brtk.net\/wp-content\/uploads\/2024\/05\/23\/5d1f0e77-7bfc-48d9-a433-5f6ddec67cd1.jpg?ver=f0bb55e3ec2facfcdb3d74d618ec8a29 1288w, https:\/\/brtk.net\/wp-content\/uploads\/2024\/05\/23\/5d1f0e77-7bfc-48d9-a433-5f6ddec67cd1-300x152.jpg?ver=f3184f569c2950cb3ef50f95cb7b7e48 300w, https:\/\/brtk.net\/wp-content\/uploads\/2024\/05\/23\/5d1f0e77-7bfc-48d9-a433-5f6ddec67cd1-1024x518.jpg?ver=f3184f569c2950cb3ef50f95cb7b7e48 1024w, https:\/\/brtk.net\/wp-content\/uploads\/2024\/05\/23\/5d1f0e77-7bfc-48d9-a433-5f6ddec67cd1-768x388.jpg?ver=f3184f569c2950cb3ef50f95cb7b7e48 768w\"\/>                            <\/div>\n<p>Verdi\u011fi bilgiye g\u00f6re, Ye\u015filada\u2019n\u0131n  Girne Halk K\u00fct\u00fcphanesi\u2019nde yer alan \u201cT\u00fcrk M\u00fczi\u011fi Makamlar\u0131 Rehber Kitab\u0131\u201d tan\u0131t\u0131m etkinli\u011finde, kitap tan\u0131t\u0131m\u0131n\u0131n yan\u0131 s\u0131ra s\u00f6yle\u015fi ve m\u00fczik dinletisi de ger\u00e7ekle\u015ftirildi.<\/p>\n<p>Etkinli\u011fe, Meclis Ba\u015fkan\u0131 Zorlu T\u00f6re  de kat\u0131ld\u0131.<\/p>\n<\/p><\/div>\n<p><script async\n                    defer\n                    crossorigin=\"anonymous\"\n                    src=\"https:\/\/connect.facebook.net\/tr_TR\/sdk.js#xfbml=1&#038;version=v3.3\"\n            ><\/script><\/p>\n","protected":false},"excerpt":{"rendered":"<p>K\u0131br\u0131s T\u00fcrk Musiki Cemiyeti Kurucu Ba\u015fkan\u0131 ve \u015eefi, Milli E\u011fitim Bakanl\u0131\u011f\u0131 T\u00fcrk M\u00fczi\u011fi Korosu Kurucusu Ulus Ye\u015filada kitap tan\u0131t\u0131m\u0131, s\u00f6yle\u015fi ve m\u00fczik dinletisi d\u00fczenledi. Verdi\u011fi bilgiye g\u00f6re, Ye\u015filada\u2019n\u0131n Girne Halk K\u00fct\u00fcphanesi\u2019nde yer alan \u201cT\u00fcrk M\u00fczi\u011fi Makamlar\u0131 Rehber Kitab\u0131\u201d tan\u0131t\u0131m etkinli\u011finde, kitap tan\u0131t\u0131m\u0131n\u0131n yan\u0131 s\u0131ra s\u00f6yle\u015fi ve m\u00fczik dinletisi de ger\u00e7ekle\u015ftirildi. Etkinli\u011fe, Meclis Ba\u015fkan\u0131 Zorlu T\u00f6re [&hellip;]<\/p>\n","protected":false},"author":1,"featured_media":3255,"comment_status":"open","ping_status":"open","sticky":false,"template":"","format":"standard","meta":{"jnews-multi-image_gallery":[],"jnews_single_post":[],"jnews_primary_category":[],"jnews_social_meta":[],"jnews_override_counter":[],"footnotes":""},"categories":[6],"tags":[],"class_list":["post-3254","post","type-post","status-publish","format-standard","has-post-thumbnail","hentry","category-yasam"],"yoast_head":"<!-- This site is optimized with the Yoast SEO plugin v27.5 - https:\/\/yoast.com\/product\/yoast-seo-wordpress\/ -->\n<title>Ulus Ye\u015filada, kitap tan\u0131t\u0131m ve s\u00f6yle\u015fi etkinli\u011fi d\u00fczenledi - Kuzeyin Sesi<\/title>\n<meta name=\"robots\" content=\"index, follow, max-snippet:-1, max-image-preview:large, max-video-preview:-1\" \/>\n<link rel=\"canonical\" href=\"https:\/\/kuzeyinsesi.org\/index.php\/2024\/05\/23\/ulus-yesilada-kitap-tanitim-ve-soylesi-etkinligi-duzenledi\/\" \/>\n<meta property=\"og:locale\" content=\"tr_TR\" \/>\n<meta property=\"og:type\" content=\"article\" \/>\n<meta property=\"og:title\" content=\"Ulus Ye\u015filada, kitap tan\u0131t\u0131m ve s\u00f6yle\u015fi etkinli\u011fi d\u00fczenledi - Kuzeyin Sesi\" \/>\n<meta property=\"og:description\" content=\"K\u0131br\u0131s T\u00fcrk Musiki Cemiyeti Kurucu Ba\u015fkan\u0131 ve \u015eefi, Milli E\u011fitim Bakanl\u0131\u011f\u0131 T\u00fcrk M\u00fczi\u011fi Korosu Kurucusu Ulus Ye\u015filada kitap tan\u0131t\u0131m\u0131, s\u00f6yle\u015fi ve m\u00fczik dinletisi d\u00fczenledi. Verdi\u011fi bilgiye g\u00f6re, Ye\u015filada\u2019n\u0131n Girne Halk K\u00fct\u00fcphanesi\u2019nde yer alan \u201cT\u00fcrk M\u00fczi\u011fi Makamlar\u0131 Rehber Kitab\u0131\u201d tan\u0131t\u0131m etkinli\u011finde, kitap tan\u0131t\u0131m\u0131n\u0131n yan\u0131 s\u0131ra s\u00f6yle\u015fi ve m\u00fczik dinletisi de ger\u00e7ekle\u015ftirildi. Etkinli\u011fe, Meclis Ba\u015fkan\u0131 Zorlu T\u00f6re [&hellip;]\" \/>\n<meta property=\"og:url\" content=\"https:\/\/kuzeyinsesi.org\/index.php\/2024\/05\/23\/ulus-yesilada-kitap-tanitim-ve-soylesi-etkinligi-duzenledi\/\" \/>\n<meta property=\"og:site_name\" content=\"Kuzeyin Sesi\" \/>\n<meta property=\"article:publisher\" content=\"https:\/\/www.facebook.com\/kuzeyinsesii\" \/>\n<meta property=\"article:published_time\" content=\"2024-05-23T16:12:45+00:00\" \/>\n<meta property=\"og:image\" content=\"https:\/\/kuzeyinsesi.org\/wp-content\/uploads\/2024\/05\/ULUS-YESILADA.jpg\" \/>\n\t<meta property=\"og:image:width\" content=\"1600\" \/>\n\t<meta property=\"og:image:height\" content=\"1069\" \/>\n\t<meta property=\"og:image:type\" content=\"image\/jpeg\" \/>\n<meta name=\"author\" content=\"Kuzeyin Sesi\" \/>\n<meta name=\"twitter:card\" content=\"summary_large_image\" \/>\n<meta name=\"twitter:creator\" content=\"@kuzeyinsesii\" \/>\n<meta name=\"twitter:site\" content=\"@kuzeyinsesii\" \/>\n<meta name=\"twitter:label1\" content=\"Yazan:\" \/>\n\t<meta name=\"twitter:data1\" content=\"Kuzeyin Sesi\" \/>\n\t<meta name=\"twitter:label2\" content=\"Tahmini okuma s\u00fcresi\" \/>\n\t<meta name=\"twitter:data2\" content=\"1 dakika\" \/>\n<script type=\"application\/ld+json\" class=\"yoast-schema-graph\">{\"@context\":\"https:\\\/\\\/schema.org\",\"@graph\":[{\"@type\":\"Article\",\"@id\":\"https:\\\/\\\/kuzeyinsesi.org\\\/index.php\\\/2024\\\/05\\\/23\\\/ulus-yesilada-kitap-tanitim-ve-soylesi-etkinligi-duzenledi\\\/#article\",\"isPartOf\":{\"@id\":\"https:\\\/\\\/kuzeyinsesi.org\\\/index.php\\\/2024\\\/05\\\/23\\\/ulus-yesilada-kitap-tanitim-ve-soylesi-etkinligi-duzenledi\\\/\"},\"author\":{\"name\":\"Kuzeyin Sesi\",\"@id\":\"https:\\\/\\\/kuzeyinsesi.org\\\/#\\\/schema\\\/person\\\/9f859689cdf01485597712386e37f5aa\"},\"headline\":\"Ulus Ye\u015filada, kitap tan\u0131t\u0131m ve s\u00f6yle\u015fi etkinli\u011fi d\u00fczenledi\",\"datePublished\":\"2024-05-23T16:12:45+00:00\",\"mainEntityOfPage\":{\"@id\":\"https:\\\/\\\/kuzeyinsesi.org\\\/index.php\\\/2024\\\/05\\\/23\\\/ulus-yesilada-kitap-tanitim-ve-soylesi-etkinligi-duzenledi\\\/\"},\"wordCount\":115,\"commentCount\":0,\"image\":{\"@id\":\"https:\\\/\\\/kuzeyinsesi.org\\\/index.php\\\/2024\\\/05\\\/23\\\/ulus-yesilada-kitap-tanitim-ve-soylesi-etkinligi-duzenledi\\\/#primaryimage\"},\"thumbnailUrl\":\"https:\\\/\\\/kuzeyinsesi.org\\\/wp-content\\\/uploads\\\/2024\\\/05\\\/ULUS-YESILADA.jpg\",\"articleSection\":[\"Ya\u015fam\"],\"inLanguage\":\"tr\",\"potentialAction\":[{\"@type\":\"CommentAction\",\"name\":\"Comment\",\"target\":[\"https:\\\/\\\/kuzeyinsesi.org\\\/index.php\\\/2024\\\/05\\\/23\\\/ulus-yesilada-kitap-tanitim-ve-soylesi-etkinligi-duzenledi\\\/#respond\"]}]},{\"@type\":\"WebPage\",\"@id\":\"https:\\\/\\\/kuzeyinsesi.org\\\/index.php\\\/2024\\\/05\\\/23\\\/ulus-yesilada-kitap-tanitim-ve-soylesi-etkinligi-duzenledi\\\/\",\"url\":\"https:\\\/\\\/kuzeyinsesi.org\\\/index.php\\\/2024\\\/05\\\/23\\\/ulus-yesilada-kitap-tanitim-ve-soylesi-etkinligi-duzenledi\\\/\",\"name\":\"Ulus Ye\u015filada, kitap tan\u0131t\u0131m ve s\u00f6yle\u015fi etkinli\u011fi d\u00fczenledi - Kuzeyin Sesi\",\"isPartOf\":{\"@id\":\"https:\\\/\\\/kuzeyinsesi.org\\\/#website\"},\"primaryImageOfPage\":{\"@id\":\"https:\\\/\\\/kuzeyinsesi.org\\\/index.php\\\/2024\\\/05\\\/23\\\/ulus-yesilada-kitap-tanitim-ve-soylesi-etkinligi-duzenledi\\\/#primaryimage\"},\"image\":{\"@id\":\"https:\\\/\\\/kuzeyinsesi.org\\\/index.php\\\/2024\\\/05\\\/23\\\/ulus-yesilada-kitap-tanitim-ve-soylesi-etkinligi-duzenledi\\\/#primaryimage\"},\"thumbnailUrl\":\"https:\\\/\\\/kuzeyinsesi.org\\\/wp-content\\\/uploads\\\/2024\\\/05\\\/ULUS-YESILADA.jpg\",\"datePublished\":\"2024-05-23T16:12:45+00:00\",\"author\":{\"@id\":\"https:\\\/\\\/kuzeyinsesi.org\\\/#\\\/schema\\\/person\\\/9f859689cdf01485597712386e37f5aa\"},\"breadcrumb\":{\"@id\":\"https:\\\/\\\/kuzeyinsesi.org\\\/index.php\\\/2024\\\/05\\\/23\\\/ulus-yesilada-kitap-tanitim-ve-soylesi-etkinligi-duzenledi\\\/#breadcrumb\"},\"inLanguage\":\"tr\",\"potentialAction\":[{\"@type\":\"ReadAction\",\"target\":[\"https:\\\/\\\/kuzeyinsesi.org\\\/index.php\\\/2024\\\/05\\\/23\\\/ulus-yesilada-kitap-tanitim-ve-soylesi-etkinligi-duzenledi\\\/\"]}]},{\"@type\":\"ImageObject\",\"inLanguage\":\"tr\",\"@id\":\"https:\\\/\\\/kuzeyinsesi.org\\\/index.php\\\/2024\\\/05\\\/23\\\/ulus-yesilada-kitap-tanitim-ve-soylesi-etkinligi-duzenledi\\\/#primaryimage\",\"url\":\"https:\\\/\\\/kuzeyinsesi.org\\\/wp-content\\\/uploads\\\/2024\\\/05\\\/ULUS-YESILADA.jpg\",\"contentUrl\":\"https:\\\/\\\/kuzeyinsesi.org\\\/wp-content\\\/uploads\\\/2024\\\/05\\\/ULUS-YESILADA.jpg\",\"width\":1600,\"height\":1069},{\"@type\":\"BreadcrumbList\",\"@id\":\"https:\\\/\\\/kuzeyinsesi.org\\\/index.php\\\/2024\\\/05\\\/23\\\/ulus-yesilada-kitap-tanitim-ve-soylesi-etkinligi-duzenledi\\\/#breadcrumb\",\"itemListElement\":[{\"@type\":\"ListItem\",\"position\":1,\"name\":\"Anasayfa\",\"item\":\"https:\\\/\\\/kuzeyinsesi.org\\\/\"},{\"@type\":\"ListItem\",\"position\":2,\"name\":\"Ulus Ye\u015filada, kitap tan\u0131t\u0131m ve s\u00f6yle\u015fi etkinli\u011fi d\u00fczenledi\"}]},{\"@type\":\"WebSite\",\"@id\":\"https:\\\/\\\/kuzeyinsesi.org\\\/#website\",\"url\":\"https:\\\/\\\/kuzeyinsesi.org\\\/\",\"name\":\"Kuzeyin Sesi\",\"description\":\"Do\u011fru Haberin Adresi\",\"potentialAction\":[{\"@type\":\"SearchAction\",\"target\":{\"@type\":\"EntryPoint\",\"urlTemplate\":\"https:\\\/\\\/kuzeyinsesi.org\\\/?s={search_term_string}\"},\"query-input\":{\"@type\":\"PropertyValueSpecification\",\"valueRequired\":true,\"valueName\":\"search_term_string\"}}],\"inLanguage\":\"tr\"},{\"@type\":\"Person\",\"@id\":\"https:\\\/\\\/kuzeyinsesi.org\\\/#\\\/schema\\\/person\\\/9f859689cdf01485597712386e37f5aa\",\"name\":\"Kuzeyin Sesi\",\"image\":{\"@type\":\"ImageObject\",\"inLanguage\":\"tr\",\"@id\":\"https:\\\/\\\/secure.gravatar.com\\\/avatar\\\/bab33852abfd8b282518d6ed81826833d77c3c882d9ab608add591ccace47a44?s=96&d=mm&r=g\",\"url\":\"https:\\\/\\\/secure.gravatar.com\\\/avatar\\\/bab33852abfd8b282518d6ed81826833d77c3c882d9ab608add591ccace47a44?s=96&d=mm&r=g\",\"contentUrl\":\"https:\\\/\\\/secure.gravatar.com\\\/avatar\\\/bab33852abfd8b282518d6ed81826833d77c3c882d9ab608add591ccace47a44?s=96&d=mm&r=g\",\"caption\":\"Kuzeyin Sesi\"},\"sameAs\":[\"https:\\\/\\\/kuzeyinsesi.org\"],\"url\":\"https:\\\/\\\/kuzeyinsesi.org\\\/index.php\\\/author\\\/guven\\\/\"}]}<\/script>\n<!-- \/ Yoast SEO plugin. -->","yoast_head_json":{"title":"Ulus Ye\u015filada, kitap tan\u0131t\u0131m ve s\u00f6yle\u015fi etkinli\u011fi d\u00fczenledi - Kuzeyin Sesi","robots":{"index":"index","follow":"follow","max-snippet":"max-snippet:-1","max-image-preview":"max-image-preview:large","max-video-preview":"max-video-preview:-1"},"canonical":"https:\/\/kuzeyinsesi.org\/index.php\/2024\/05\/23\/ulus-yesilada-kitap-tanitim-ve-soylesi-etkinligi-duzenledi\/","og_locale":"tr_TR","og_type":"article","og_title":"Ulus Ye\u015filada, kitap tan\u0131t\u0131m ve s\u00f6yle\u015fi etkinli\u011fi d\u00fczenledi - Kuzeyin Sesi","og_description":"K\u0131br\u0131s T\u00fcrk Musiki Cemiyeti Kurucu Ba\u015fkan\u0131 ve \u015eefi, Milli E\u011fitim Bakanl\u0131\u011f\u0131 T\u00fcrk M\u00fczi\u011fi Korosu Kurucusu Ulus Ye\u015filada kitap tan\u0131t\u0131m\u0131, s\u00f6yle\u015fi ve m\u00fczik dinletisi d\u00fczenledi. Verdi\u011fi bilgiye g\u00f6re, Ye\u015filada\u2019n\u0131n Girne Halk K\u00fct\u00fcphanesi\u2019nde yer alan \u201cT\u00fcrk M\u00fczi\u011fi Makamlar\u0131 Rehber Kitab\u0131\u201d tan\u0131t\u0131m etkinli\u011finde, kitap tan\u0131t\u0131m\u0131n\u0131n yan\u0131 s\u0131ra s\u00f6yle\u015fi ve m\u00fczik dinletisi de ger\u00e7ekle\u015ftirildi. Etkinli\u011fe, Meclis Ba\u015fkan\u0131 Zorlu T\u00f6re [&hellip;]","og_url":"https:\/\/kuzeyinsesi.org\/index.php\/2024\/05\/23\/ulus-yesilada-kitap-tanitim-ve-soylesi-etkinligi-duzenledi\/","og_site_name":"Kuzeyin Sesi","article_publisher":"https:\/\/www.facebook.com\/kuzeyinsesii","article_published_time":"2024-05-23T16:12:45+00:00","og_image":[{"width":1600,"height":1069,"url":"https:\/\/kuzeyinsesi.org\/wp-content\/uploads\/2024\/05\/ULUS-YESILADA.jpg","type":"image\/jpeg"}],"author":"Kuzeyin Sesi","twitter_card":"summary_large_image","twitter_creator":"@kuzeyinsesii","twitter_site":"@kuzeyinsesii","twitter_misc":{"Yazan:":"Kuzeyin Sesi","Tahmini okuma s\u00fcresi":"1 dakika"},"schema":{"@context":"https:\/\/schema.org","@graph":[{"@type":"Article","@id":"https:\/\/kuzeyinsesi.org\/index.php\/2024\/05\/23\/ulus-yesilada-kitap-tanitim-ve-soylesi-etkinligi-duzenledi\/#article","isPartOf":{"@id":"https:\/\/kuzeyinsesi.org\/index.php\/2024\/05\/23\/ulus-yesilada-kitap-tanitim-ve-soylesi-etkinligi-duzenledi\/"},"author":{"name":"Kuzeyin Sesi","@id":"https:\/\/kuzeyinsesi.org\/#\/schema\/person\/9f859689cdf01485597712386e37f5aa"},"headline":"Ulus Ye\u015filada, kitap tan\u0131t\u0131m ve s\u00f6yle\u015fi etkinli\u011fi d\u00fczenledi","datePublished":"2024-05-23T16:12:45+00:00","mainEntityOfPage":{"@id":"https:\/\/kuzeyinsesi.org\/index.php\/2024\/05\/23\/ulus-yesilada-kitap-tanitim-ve-soylesi-etkinligi-duzenledi\/"},"wordCount":115,"commentCount":0,"image":{"@id":"https:\/\/kuzeyinsesi.org\/index.php\/2024\/05\/23\/ulus-yesilada-kitap-tanitim-ve-soylesi-etkinligi-duzenledi\/#primaryimage"},"thumbnailUrl":"https:\/\/kuzeyinsesi.org\/wp-content\/uploads\/2024\/05\/ULUS-YESILADA.jpg","articleSection":["Ya\u015fam"],"inLanguage":"tr","potentialAction":[{"@type":"CommentAction","name":"Comment","target":["https:\/\/kuzeyinsesi.org\/index.php\/2024\/05\/23\/ulus-yesilada-kitap-tanitim-ve-soylesi-etkinligi-duzenledi\/#respond"]}]},{"@type":"WebPage","@id":"https:\/\/kuzeyinsesi.org\/index.php\/2024\/05\/23\/ulus-yesilada-kitap-tanitim-ve-soylesi-etkinligi-duzenledi\/","url":"https:\/\/kuzeyinsesi.org\/index.php\/2024\/05\/23\/ulus-yesilada-kitap-tanitim-ve-soylesi-etkinligi-duzenledi\/","name":"Ulus Ye\u015filada, kitap tan\u0131t\u0131m ve s\u00f6yle\u015fi etkinli\u011fi d\u00fczenledi - Kuzeyin Sesi","isPartOf":{"@id":"https:\/\/kuzeyinsesi.org\/#website"},"primaryImageOfPage":{"@id":"https:\/\/kuzeyinsesi.org\/index.php\/2024\/05\/23\/ulus-yesilada-kitap-tanitim-ve-soylesi-etkinligi-duzenledi\/#primaryimage"},"image":{"@id":"https:\/\/kuzeyinsesi.org\/index.php\/2024\/05\/23\/ulus-yesilada-kitap-tanitim-ve-soylesi-etkinligi-duzenledi\/#primaryimage"},"thumbnailUrl":"https:\/\/kuzeyinsesi.org\/wp-content\/uploads\/2024\/05\/ULUS-YESILADA.jpg","datePublished":"2024-05-23T16:12:45+00:00","author":{"@id":"https:\/\/kuzeyinsesi.org\/#\/schema\/person\/9f859689cdf01485597712386e37f5aa"},"breadcrumb":{"@id":"https:\/\/kuzeyinsesi.org\/index.php\/2024\/05\/23\/ulus-yesilada-kitap-tanitim-ve-soylesi-etkinligi-duzenledi\/#breadcrumb"},"inLanguage":"tr","potentialAction":[{"@type":"ReadAction","target":["https:\/\/kuzeyinsesi.org\/index.php\/2024\/05\/23\/ulus-yesilada-kitap-tanitim-ve-soylesi-etkinligi-duzenledi\/"]}]},{"@type":"ImageObject","inLanguage":"tr","@id":"https:\/\/kuzeyinsesi.org\/index.php\/2024\/05\/23\/ulus-yesilada-kitap-tanitim-ve-soylesi-etkinligi-duzenledi\/#primaryimage","url":"https:\/\/kuzeyinsesi.org\/wp-content\/uploads\/2024\/05\/ULUS-YESILADA.jpg","contentUrl":"https:\/\/kuzeyinsesi.org\/wp-content\/uploads\/2024\/05\/ULUS-YESILADA.jpg","width":1600,"height":1069},{"@type":"BreadcrumbList","@id":"https:\/\/kuzeyinsesi.org\/index.php\/2024\/05\/23\/ulus-yesilada-kitap-tanitim-ve-soylesi-etkinligi-duzenledi\/#breadcrumb","itemListElement":[{"@type":"ListItem","position":1,"name":"Anasayfa","item":"https:\/\/kuzeyinsesi.org\/"},{"@type":"ListItem","position":2,"name":"Ulus Ye\u015filada, kitap tan\u0131t\u0131m ve s\u00f6yle\u015fi etkinli\u011fi d\u00fczenledi"}]},{"@type":"WebSite","@id":"https:\/\/kuzeyinsesi.org\/#website","url":"https:\/\/kuzeyinsesi.org\/","name":"Kuzeyin Sesi","description":"Do\u011fru Haberin Adresi","potentialAction":[{"@type":"SearchAction","target":{"@type":"EntryPoint","urlTemplate":"https:\/\/kuzeyinsesi.org\/?s={search_term_string}"},"query-input":{"@type":"PropertyValueSpecification","valueRequired":true,"valueName":"search_term_string"}}],"inLanguage":"tr"},{"@type":"Person","@id":"https:\/\/kuzeyinsesi.org\/#\/schema\/person\/9f859689cdf01485597712386e37f5aa","name":"Kuzeyin Sesi","image":{"@type":"ImageObject","inLanguage":"tr","@id":"https:\/\/secure.gravatar.com\/avatar\/bab33852abfd8b282518d6ed81826833d77c3c882d9ab608add591ccace47a44?s=96&d=mm&r=g","url":"https:\/\/secure.gravatar.com\/avatar\/bab33852abfd8b282518d6ed81826833d77c3c882d9ab608add591ccace47a44?s=96&d=mm&r=g","contentUrl":"https:\/\/secure.gravatar.com\/avatar\/bab33852abfd8b282518d6ed81826833d77c3c882d9ab608add591ccace47a44?s=96&d=mm&r=g","caption":"Kuzeyin Sesi"},"sameAs":["https:\/\/kuzeyinsesi.org"],"url":"https:\/\/kuzeyinsesi.org\/index.php\/author\/guven\/"}]}},"_links":{"self":[{"href":"https:\/\/kuzeyinsesi.org\/index.php\/wp-json\/wp\/v2\/posts\/3254","targetHints":{"allow":["GET"]}}],"collection":[{"href":"https:\/\/kuzeyinsesi.org\/index.php\/wp-json\/wp\/v2\/posts"}],"about":[{"href":"https:\/\/kuzeyinsesi.org\/index.php\/wp-json\/wp\/v2\/types\/post"}],"author":[{"embeddable":true,"href":"https:\/\/kuzeyinsesi.org\/index.php\/wp-json\/wp\/v2\/users\/1"}],"replies":[{"embeddable":true,"href":"https:\/\/kuzeyinsesi.org\/index.php\/wp-json\/wp\/v2\/comments?post=3254"}],"version-history":[{"count":0,"href":"https:\/\/kuzeyinsesi.org\/index.php\/wp-json\/wp\/v2\/posts\/3254\/revisions"}],"wp:featuredmedia":[{"embeddable":true,"href":"https:\/\/kuzeyinsesi.org\/index.php\/wp-json\/wp\/v2\/media\/3255"}],"wp:attachment":[{"href":"https:\/\/kuzeyinsesi.org\/index.php\/wp-json\/wp\/v2\/media?parent=3254"}],"wp:term":[{"taxonomy":"category","embeddable":true,"href":"https:\/\/kuzeyinsesi.org\/index.php\/wp-json\/wp\/v2\/categories?post=3254"},{"taxonomy":"post_tag","embeddable":true,"href":"https:\/\/kuzeyinsesi.org\/index.php\/wp-json\/wp\/v2\/tags?post=3254"}],"curies":[{"name":"wp","href":"https:\/\/api.w.org\/{rel}","templated":true}]}}