{"id":3228,"date":"2024-05-23T16:08:16","date_gmt":"2024-05-23T13:08:16","guid":{"rendered":"https:\/\/kuzeyinsesi.com\/index.php\/2024\/05\/23\/lefke-ceviz-festivali-2-haziranda-yapilacak\/"},"modified":"2024-05-23T16:08:16","modified_gmt":"2024-05-23T13:08:16","slug":"lefke-ceviz-festivali-2-haziranda-yapilacak","status":"publish","type":"post","link":"https:\/\/kuzeyinsesi.org\/index.php\/2024\/05\/23\/lefke-ceviz-festivali-2-haziranda-yapilacak\/","title":{"rendered":"Lefke Ceviz Festivali 2 Haziran\u2019da yap\u0131lacak"},"content":{"rendered":"<div>\n<div class=\"mariselle-image-container center\">\n                                            <\/div>\n<p>Lefke Belediyesi, Lefke Turizm Derne\u011fi i\u015f birli\u011finde ve Telsim katk\u0131lar\u0131yla d\u00fczenlenecek Lefke Ceviz Festivali, 2 Haziran Pazar g\u00fcn\u00fc yap\u0131lacak.<\/p>\n<p>Lefke Belediyesi\u2019nden yap\u0131lan a\u00e7\u0131klamaya g\u00f6re Festival, 2 Haziran Pazar g\u00fcn\u00fc 10.00 \u2013 20.00 saatleri aras\u0131nda Lefke \u00c7ar\u015f\u0131\u2019da yer alacak.<\/p>\n<p>Ceviz \u00fcreticilerinin a\u00e7\u0131l\u0131\u015f\u0131n\u0131 yapaca\u011f\u0131 Festival\u2019de g\u00fcn boyu m\u00fczik ve halk danslar\u0131 g\u00f6sterilerinin yan\u0131 s\u0131ra k\u00fclt\u00fcrel \u00fcr\u00fcnler bulunacak. Festivalde, Erdem \u00c7olako\u011flu\u2019nun \u201cK\u0131br\u0131s ve Lefke A\u015fk\u0131\u201d isimli foto\u011fraf sergisi, Lefke Belediyesi Kad\u0131n Kursu Sergisi ve b\u00f6lge okullar\u0131n\u0131n geri d\u00f6n\u00fc\u015f\u00fcm sergileri de a\u00e7\u0131lacak.<\/p>\n<p>Festivalde ayr\u0131ca, Cevizli \u00dcr\u00fcnler Yar\u0131\u015fmas\u0131 ve rehber e\u015fli\u011finde \u00fccretsiz Cittaslow Lefke Yava\u015f Y\u00fcr\u00fcy\u00fc\u015f\u00fc de d\u00fczenlenecek.<\/p>\n<\/p><\/div>\n<p><script async\n                    defer\n                    crossorigin=\"anonymous\"\n                    src=\"https:\/\/connect.facebook.net\/tr_TR\/sdk.js#xfbml=1&#038;version=v3.3\"\n            ><\/script><\/p>\n","protected":false},"excerpt":{"rendered":"<p>Lefke Belediyesi, Lefke Turizm Derne\u011fi i\u015f birli\u011finde ve Telsim katk\u0131lar\u0131yla d\u00fczenlenecek Lefke Ceviz Festivali, 2 Haziran Pazar g\u00fcn\u00fc yap\u0131lacak. Lefke Belediyesi\u2019nden yap\u0131lan a\u00e7\u0131klamaya g\u00f6re Festival, 2 Haziran Pazar g\u00fcn\u00fc 10.00 \u2013 20.00 saatleri aras\u0131nda Lefke \u00c7ar\u015f\u0131\u2019da yer alacak. Ceviz \u00fcreticilerinin a\u00e7\u0131l\u0131\u015f\u0131n\u0131 yapaca\u011f\u0131 Festival\u2019de g\u00fcn boyu m\u00fczik ve halk danslar\u0131 g\u00f6sterilerinin yan\u0131 s\u0131ra k\u00fclt\u00fcrel \u00fcr\u00fcnler bulunacak. [&hellip;]<\/p>\n","protected":false},"author":1,"featured_media":3229,"comment_status":"open","ping_status":"open","sticky":false,"template":"","format":"standard","meta":{"jnews-multi-image_gallery":[],"jnews_single_post":[],"jnews_primary_category":[],"jnews_social_meta":[],"jnews_override_counter":[],"footnotes":""},"categories":[6],"tags":[],"class_list":["post-3228","post","type-post","status-publish","format-standard","has-post-thumbnail","hentry","category-yasam"],"yoast_head":"<!-- This site is optimized with the Yoast SEO plugin v27.5 - https:\/\/yoast.com\/product\/yoast-seo-wordpress\/ -->\n<title>Lefke Ceviz Festivali 2 Haziran\u2019da yap\u0131lacak - Kuzeyin Sesi<\/title>\n<meta name=\"robots\" content=\"index, follow, max-snippet:-1, max-image-preview:large, max-video-preview:-1\" \/>\n<link rel=\"canonical\" href=\"https:\/\/kuzeyinsesi.org\/index.php\/2024\/05\/23\/lefke-ceviz-festivali-2-haziranda-yapilacak\/\" \/>\n<meta property=\"og:locale\" content=\"tr_TR\" \/>\n<meta property=\"og:type\" content=\"article\" \/>\n<meta property=\"og:title\" content=\"Lefke Ceviz Festivali 2 Haziran\u2019da yap\u0131lacak - Kuzeyin Sesi\" \/>\n<meta property=\"og:description\" content=\"Lefke Belediyesi, Lefke Turizm Derne\u011fi i\u015f birli\u011finde ve Telsim katk\u0131lar\u0131yla d\u00fczenlenecek Lefke Ceviz Festivali, 2 Haziran Pazar g\u00fcn\u00fc yap\u0131lacak. Lefke Belediyesi\u2019nden yap\u0131lan a\u00e7\u0131klamaya g\u00f6re Festival, 2 Haziran Pazar g\u00fcn\u00fc 10.00 \u2013 20.00 saatleri aras\u0131nda Lefke \u00c7ar\u015f\u0131\u2019da yer alacak. Ceviz \u00fcreticilerinin a\u00e7\u0131l\u0131\u015f\u0131n\u0131 yapaca\u011f\u0131 Festival\u2019de g\u00fcn boyu m\u00fczik ve halk danslar\u0131 g\u00f6sterilerinin yan\u0131 s\u0131ra k\u00fclt\u00fcrel \u00fcr\u00fcnler bulunacak. [&hellip;]\" \/>\n<meta property=\"og:url\" content=\"https:\/\/kuzeyinsesi.org\/index.php\/2024\/05\/23\/lefke-ceviz-festivali-2-haziranda-yapilacak\/\" \/>\n<meta property=\"og:site_name\" content=\"Kuzeyin Sesi\" \/>\n<meta property=\"article:publisher\" content=\"https:\/\/www.facebook.com\/kuzeyinsesii\" \/>\n<meta property=\"article:published_time\" content=\"2024-05-23T13:08:16+00:00\" \/>\n<meta property=\"og:image\" content=\"https:\/\/kuzeyinsesi.org\/wp-content\/uploads\/2024\/05\/lefke-ceviz-festivali.png\" \/>\n\t<meta property=\"og:image:width\" content=\"1080\" \/>\n\t<meta property=\"og:image:height\" content=\"1080\" \/>\n\t<meta property=\"og:image:type\" content=\"image\/png\" \/>\n<meta name=\"author\" content=\"Kuzeyin Sesi\" \/>\n<meta name=\"twitter:card\" content=\"summary_large_image\" \/>\n<meta name=\"twitter:creator\" content=\"@kuzeyinsesii\" \/>\n<meta name=\"twitter:site\" content=\"@kuzeyinsesii\" \/>\n<meta name=\"twitter:label1\" content=\"Yazan:\" \/>\n\t<meta name=\"twitter:data1\" content=\"Kuzeyin Sesi\" \/>\n\t<meta name=\"twitter:label2\" content=\"Tahmini okuma s\u00fcresi\" \/>\n\t<meta name=\"twitter:data2\" content=\"1 dakika\" \/>\n<script type=\"application\/ld+json\" class=\"yoast-schema-graph\">{\"@context\":\"https:\\\/\\\/schema.org\",\"@graph\":[{\"@type\":\"Article\",\"@id\":\"https:\\\/\\\/kuzeyinsesi.org\\\/index.php\\\/2024\\\/05\\\/23\\\/lefke-ceviz-festivali-2-haziranda-yapilacak\\\/#article\",\"isPartOf\":{\"@id\":\"https:\\\/\\\/kuzeyinsesi.org\\\/index.php\\\/2024\\\/05\\\/23\\\/lefke-ceviz-festivali-2-haziranda-yapilacak\\\/\"},\"author\":{\"name\":\"Kuzeyin Sesi\",\"@id\":\"https:\\\/\\\/kuzeyinsesi.org\\\/#\\\/schema\\\/person\\\/9f859689cdf01485597712386e37f5aa\"},\"headline\":\"Lefke Ceviz Festivali 2 Haziran\u2019da yap\u0131lacak\",\"datePublished\":\"2024-05-23T13:08:16+00:00\",\"mainEntityOfPage\":{\"@id\":\"https:\\\/\\\/kuzeyinsesi.org\\\/index.php\\\/2024\\\/05\\\/23\\\/lefke-ceviz-festivali-2-haziranda-yapilacak\\\/\"},\"wordCount\":140,\"commentCount\":0,\"image\":{\"@id\":\"https:\\\/\\\/kuzeyinsesi.org\\\/index.php\\\/2024\\\/05\\\/23\\\/lefke-ceviz-festivali-2-haziranda-yapilacak\\\/#primaryimage\"},\"thumbnailUrl\":\"https:\\\/\\\/kuzeyinsesi.org\\\/wp-content\\\/uploads\\\/2024\\\/05\\\/lefke-ceviz-festivali.png\",\"articleSection\":[\"Ya\u015fam\"],\"inLanguage\":\"tr\",\"potentialAction\":[{\"@type\":\"CommentAction\",\"name\":\"Comment\",\"target\":[\"https:\\\/\\\/kuzeyinsesi.org\\\/index.php\\\/2024\\\/05\\\/23\\\/lefke-ceviz-festivali-2-haziranda-yapilacak\\\/#respond\"]}]},{\"@type\":\"WebPage\",\"@id\":\"https:\\\/\\\/kuzeyinsesi.org\\\/index.php\\\/2024\\\/05\\\/23\\\/lefke-ceviz-festivali-2-haziranda-yapilacak\\\/\",\"url\":\"https:\\\/\\\/kuzeyinsesi.org\\\/index.php\\\/2024\\\/05\\\/23\\\/lefke-ceviz-festivali-2-haziranda-yapilacak\\\/\",\"name\":\"Lefke Ceviz Festivali 2 Haziran\u2019da yap\u0131lacak - Kuzeyin Sesi\",\"isPartOf\":{\"@id\":\"https:\\\/\\\/kuzeyinsesi.org\\\/#website\"},\"primaryImageOfPage\":{\"@id\":\"https:\\\/\\\/kuzeyinsesi.org\\\/index.php\\\/2024\\\/05\\\/23\\\/lefke-ceviz-festivali-2-haziranda-yapilacak\\\/#primaryimage\"},\"image\":{\"@id\":\"https:\\\/\\\/kuzeyinsesi.org\\\/index.php\\\/2024\\\/05\\\/23\\\/lefke-ceviz-festivali-2-haziranda-yapilacak\\\/#primaryimage\"},\"thumbnailUrl\":\"https:\\\/\\\/kuzeyinsesi.org\\\/wp-content\\\/uploads\\\/2024\\\/05\\\/lefke-ceviz-festivali.png\",\"datePublished\":\"2024-05-23T13:08:16+00:00\",\"author\":{\"@id\":\"https:\\\/\\\/kuzeyinsesi.org\\\/#\\\/schema\\\/person\\\/9f859689cdf01485597712386e37f5aa\"},\"breadcrumb\":{\"@id\":\"https:\\\/\\\/kuzeyinsesi.org\\\/index.php\\\/2024\\\/05\\\/23\\\/lefke-ceviz-festivali-2-haziranda-yapilacak\\\/#breadcrumb\"},\"inLanguage\":\"tr\",\"potentialAction\":[{\"@type\":\"ReadAction\",\"target\":[\"https:\\\/\\\/kuzeyinsesi.org\\\/index.php\\\/2024\\\/05\\\/23\\\/lefke-ceviz-festivali-2-haziranda-yapilacak\\\/\"]}]},{\"@type\":\"ImageObject\",\"inLanguage\":\"tr\",\"@id\":\"https:\\\/\\\/kuzeyinsesi.org\\\/index.php\\\/2024\\\/05\\\/23\\\/lefke-ceviz-festivali-2-haziranda-yapilacak\\\/#primaryimage\",\"url\":\"https:\\\/\\\/kuzeyinsesi.org\\\/wp-content\\\/uploads\\\/2024\\\/05\\\/lefke-ceviz-festivali.png\",\"contentUrl\":\"https:\\\/\\\/kuzeyinsesi.org\\\/wp-content\\\/uploads\\\/2024\\\/05\\\/lefke-ceviz-festivali.png\",\"width\":1080,\"height\":1080},{\"@type\":\"BreadcrumbList\",\"@id\":\"https:\\\/\\\/kuzeyinsesi.org\\\/index.php\\\/2024\\\/05\\\/23\\\/lefke-ceviz-festivali-2-haziranda-yapilacak\\\/#breadcrumb\",\"itemListElement\":[{\"@type\":\"ListItem\",\"position\":1,\"name\":\"Anasayfa\",\"item\":\"https:\\\/\\\/kuzeyinsesi.org\\\/\"},{\"@type\":\"ListItem\",\"position\":2,\"name\":\"Lefke Ceviz Festivali 2 Haziran\u2019da yap\u0131lacak\"}]},{\"@type\":\"WebSite\",\"@id\":\"https:\\\/\\\/kuzeyinsesi.org\\\/#website\",\"url\":\"https:\\\/\\\/kuzeyinsesi.org\\\/\",\"name\":\"Kuzeyin Sesi\",\"description\":\"Do\u011fru Haberin Adresi\",\"potentialAction\":[{\"@type\":\"SearchAction\",\"target\":{\"@type\":\"EntryPoint\",\"urlTemplate\":\"https:\\\/\\\/kuzeyinsesi.org\\\/?s={search_term_string}\"},\"query-input\":{\"@type\":\"PropertyValueSpecification\",\"valueRequired\":true,\"valueName\":\"search_term_string\"}}],\"inLanguage\":\"tr\"},{\"@type\":\"Person\",\"@id\":\"https:\\\/\\\/kuzeyinsesi.org\\\/#\\\/schema\\\/person\\\/9f859689cdf01485597712386e37f5aa\",\"name\":\"Kuzeyin Sesi\",\"image\":{\"@type\":\"ImageObject\",\"inLanguage\":\"tr\",\"@id\":\"https:\\\/\\\/secure.gravatar.com\\\/avatar\\\/bab33852abfd8b282518d6ed81826833d77c3c882d9ab608add591ccace47a44?s=96&d=mm&r=g\",\"url\":\"https:\\\/\\\/secure.gravatar.com\\\/avatar\\\/bab33852abfd8b282518d6ed81826833d77c3c882d9ab608add591ccace47a44?s=96&d=mm&r=g\",\"contentUrl\":\"https:\\\/\\\/secure.gravatar.com\\\/avatar\\\/bab33852abfd8b282518d6ed81826833d77c3c882d9ab608add591ccace47a44?s=96&d=mm&r=g\",\"caption\":\"Kuzeyin Sesi\"},\"sameAs\":[\"https:\\\/\\\/kuzeyinsesi.org\"],\"url\":\"https:\\\/\\\/kuzeyinsesi.org\\\/index.php\\\/author\\\/guven\\\/\"}]}<\/script>\n<!-- \/ Yoast SEO plugin. -->","yoast_head_json":{"title":"Lefke Ceviz Festivali 2 Haziran\u2019da yap\u0131lacak - Kuzeyin Sesi","robots":{"index":"index","follow":"follow","max-snippet":"max-snippet:-1","max-image-preview":"max-image-preview:large","max-video-preview":"max-video-preview:-1"},"canonical":"https:\/\/kuzeyinsesi.org\/index.php\/2024\/05\/23\/lefke-ceviz-festivali-2-haziranda-yapilacak\/","og_locale":"tr_TR","og_type":"article","og_title":"Lefke Ceviz Festivali 2 Haziran\u2019da yap\u0131lacak - Kuzeyin Sesi","og_description":"Lefke Belediyesi, Lefke Turizm Derne\u011fi i\u015f birli\u011finde ve Telsim katk\u0131lar\u0131yla d\u00fczenlenecek Lefke Ceviz Festivali, 2 Haziran Pazar g\u00fcn\u00fc yap\u0131lacak. Lefke Belediyesi\u2019nden yap\u0131lan a\u00e7\u0131klamaya g\u00f6re Festival, 2 Haziran Pazar g\u00fcn\u00fc 10.00 \u2013 20.00 saatleri aras\u0131nda Lefke \u00c7ar\u015f\u0131\u2019da yer alacak. Ceviz \u00fcreticilerinin a\u00e7\u0131l\u0131\u015f\u0131n\u0131 yapaca\u011f\u0131 Festival\u2019de g\u00fcn boyu m\u00fczik ve halk danslar\u0131 g\u00f6sterilerinin yan\u0131 s\u0131ra k\u00fclt\u00fcrel \u00fcr\u00fcnler bulunacak. [&hellip;]","og_url":"https:\/\/kuzeyinsesi.org\/index.php\/2024\/05\/23\/lefke-ceviz-festivali-2-haziranda-yapilacak\/","og_site_name":"Kuzeyin Sesi","article_publisher":"https:\/\/www.facebook.com\/kuzeyinsesii","article_published_time":"2024-05-23T13:08:16+00:00","og_image":[{"width":1080,"height":1080,"url":"https:\/\/kuzeyinsesi.org\/wp-content\/uploads\/2024\/05\/lefke-ceviz-festivali.png","type":"image\/png"}],"author":"Kuzeyin Sesi","twitter_card":"summary_large_image","twitter_creator":"@kuzeyinsesii","twitter_site":"@kuzeyinsesii","twitter_misc":{"Yazan:":"Kuzeyin Sesi","Tahmini okuma s\u00fcresi":"1 dakika"},"schema":{"@context":"https:\/\/schema.org","@graph":[{"@type":"Article","@id":"https:\/\/kuzeyinsesi.org\/index.php\/2024\/05\/23\/lefke-ceviz-festivali-2-haziranda-yapilacak\/#article","isPartOf":{"@id":"https:\/\/kuzeyinsesi.org\/index.php\/2024\/05\/23\/lefke-ceviz-festivali-2-haziranda-yapilacak\/"},"author":{"name":"Kuzeyin Sesi","@id":"https:\/\/kuzeyinsesi.org\/#\/schema\/person\/9f859689cdf01485597712386e37f5aa"},"headline":"Lefke Ceviz Festivali 2 Haziran\u2019da yap\u0131lacak","datePublished":"2024-05-23T13:08:16+00:00","mainEntityOfPage":{"@id":"https:\/\/kuzeyinsesi.org\/index.php\/2024\/05\/23\/lefke-ceviz-festivali-2-haziranda-yapilacak\/"},"wordCount":140,"commentCount":0,"image":{"@id":"https:\/\/kuzeyinsesi.org\/index.php\/2024\/05\/23\/lefke-ceviz-festivali-2-haziranda-yapilacak\/#primaryimage"},"thumbnailUrl":"https:\/\/kuzeyinsesi.org\/wp-content\/uploads\/2024\/05\/lefke-ceviz-festivali.png","articleSection":["Ya\u015fam"],"inLanguage":"tr","potentialAction":[{"@type":"CommentAction","name":"Comment","target":["https:\/\/kuzeyinsesi.org\/index.php\/2024\/05\/23\/lefke-ceviz-festivali-2-haziranda-yapilacak\/#respond"]}]},{"@type":"WebPage","@id":"https:\/\/kuzeyinsesi.org\/index.php\/2024\/05\/23\/lefke-ceviz-festivali-2-haziranda-yapilacak\/","url":"https:\/\/kuzeyinsesi.org\/index.php\/2024\/05\/23\/lefke-ceviz-festivali-2-haziranda-yapilacak\/","name":"Lefke Ceviz Festivali 2 Haziran\u2019da yap\u0131lacak - Kuzeyin Sesi","isPartOf":{"@id":"https:\/\/kuzeyinsesi.org\/#website"},"primaryImageOfPage":{"@id":"https:\/\/kuzeyinsesi.org\/index.php\/2024\/05\/23\/lefke-ceviz-festivali-2-haziranda-yapilacak\/#primaryimage"},"image":{"@id":"https:\/\/kuzeyinsesi.org\/index.php\/2024\/05\/23\/lefke-ceviz-festivali-2-haziranda-yapilacak\/#primaryimage"},"thumbnailUrl":"https:\/\/kuzeyinsesi.org\/wp-content\/uploads\/2024\/05\/lefke-ceviz-festivali.png","datePublished":"2024-05-23T13:08:16+00:00","author":{"@id":"https:\/\/kuzeyinsesi.org\/#\/schema\/person\/9f859689cdf01485597712386e37f5aa"},"breadcrumb":{"@id":"https:\/\/kuzeyinsesi.org\/index.php\/2024\/05\/23\/lefke-ceviz-festivali-2-haziranda-yapilacak\/#breadcrumb"},"inLanguage":"tr","potentialAction":[{"@type":"ReadAction","target":["https:\/\/kuzeyinsesi.org\/index.php\/2024\/05\/23\/lefke-ceviz-festivali-2-haziranda-yapilacak\/"]}]},{"@type":"ImageObject","inLanguage":"tr","@id":"https:\/\/kuzeyinsesi.org\/index.php\/2024\/05\/23\/lefke-ceviz-festivali-2-haziranda-yapilacak\/#primaryimage","url":"https:\/\/kuzeyinsesi.org\/wp-content\/uploads\/2024\/05\/lefke-ceviz-festivali.png","contentUrl":"https:\/\/kuzeyinsesi.org\/wp-content\/uploads\/2024\/05\/lefke-ceviz-festivali.png","width":1080,"height":1080},{"@type":"BreadcrumbList","@id":"https:\/\/kuzeyinsesi.org\/index.php\/2024\/05\/23\/lefke-ceviz-festivali-2-haziranda-yapilacak\/#breadcrumb","itemListElement":[{"@type":"ListItem","position":1,"name":"Anasayfa","item":"https:\/\/kuzeyinsesi.org\/"},{"@type":"ListItem","position":2,"name":"Lefke Ceviz Festivali 2 Haziran\u2019da yap\u0131lacak"}]},{"@type":"WebSite","@id":"https:\/\/kuzeyinsesi.org\/#website","url":"https:\/\/kuzeyinsesi.org\/","name":"Kuzeyin Sesi","description":"Do\u011fru Haberin Adresi","potentialAction":[{"@type":"SearchAction","target":{"@type":"EntryPoint","urlTemplate":"https:\/\/kuzeyinsesi.org\/?s={search_term_string}"},"query-input":{"@type":"PropertyValueSpecification","valueRequired":true,"valueName":"search_term_string"}}],"inLanguage":"tr"},{"@type":"Person","@id":"https:\/\/kuzeyinsesi.org\/#\/schema\/person\/9f859689cdf01485597712386e37f5aa","name":"Kuzeyin Sesi","image":{"@type":"ImageObject","inLanguage":"tr","@id":"https:\/\/secure.gravatar.com\/avatar\/bab33852abfd8b282518d6ed81826833d77c3c882d9ab608add591ccace47a44?s=96&d=mm&r=g","url":"https:\/\/secure.gravatar.com\/avatar\/bab33852abfd8b282518d6ed81826833d77c3c882d9ab608add591ccace47a44?s=96&d=mm&r=g","contentUrl":"https:\/\/secure.gravatar.com\/avatar\/bab33852abfd8b282518d6ed81826833d77c3c882d9ab608add591ccace47a44?s=96&d=mm&r=g","caption":"Kuzeyin Sesi"},"sameAs":["https:\/\/kuzeyinsesi.org"],"url":"https:\/\/kuzeyinsesi.org\/index.php\/author\/guven\/"}]}},"_links":{"self":[{"href":"https:\/\/kuzeyinsesi.org\/index.php\/wp-json\/wp\/v2\/posts\/3228","targetHints":{"allow":["GET"]}}],"collection":[{"href":"https:\/\/kuzeyinsesi.org\/index.php\/wp-json\/wp\/v2\/posts"}],"about":[{"href":"https:\/\/kuzeyinsesi.org\/index.php\/wp-json\/wp\/v2\/types\/post"}],"author":[{"embeddable":true,"href":"https:\/\/kuzeyinsesi.org\/index.php\/wp-json\/wp\/v2\/users\/1"}],"replies":[{"embeddable":true,"href":"https:\/\/kuzeyinsesi.org\/index.php\/wp-json\/wp\/v2\/comments?post=3228"}],"version-history":[{"count":0,"href":"https:\/\/kuzeyinsesi.org\/index.php\/wp-json\/wp\/v2\/posts\/3228\/revisions"}],"wp:featuredmedia":[{"embeddable":true,"href":"https:\/\/kuzeyinsesi.org\/index.php\/wp-json\/wp\/v2\/media\/3229"}],"wp:attachment":[{"href":"https:\/\/kuzeyinsesi.org\/index.php\/wp-json\/wp\/v2\/media?parent=3228"}],"wp:term":[{"taxonomy":"category","embeddable":true,"href":"https:\/\/kuzeyinsesi.org\/index.php\/wp-json\/wp\/v2\/categories?post=3228"},{"taxonomy":"post_tag","embeddable":true,"href":"https:\/\/kuzeyinsesi.org\/index.php\/wp-json\/wp\/v2\/tags?post=3228"}],"curies":[{"name":"wp","href":"https:\/\/api.w.org\/{rel}","templated":true}]}}