{"id":32252,"date":"2025-09-25T20:57:17","date_gmt":"2025-09-25T17:57:17","guid":{"rendered":"https:\/\/kuzeyinsesi.org\/index.php\/2025\/09\/25\/super-lig-ve-1-ligde-ikinci-video-yardimci-hakem-gorev-yapacak\/"},"modified":"2025-09-25T20:57:17","modified_gmt":"2025-09-25T17:57:17","slug":"super-lig-ve-1-ligde-ikinci-video-yardimci-hakem-gorev-yapacak","status":"publish","type":"post","link":"https:\/\/kuzeyinsesi.org\/index.php\/2025\/09\/25\/super-lig-ve-1-ligde-ikinci-video-yardimci-hakem-gorev-yapacak\/","title":{"rendered":"S\u00fcper Lig ve 1. Lig&#039;de \u0130kinci Video Yard\u0131mc\u0131 Hakem g\u00f6rev yapacak"},"content":{"rendered":"<p><\/p>\n<div>\n<p>&#13;<br \/>\n\tMerkez Hakem Kurulu&#8217;nun <a href=\"https:\/\/www.trthaber.com\/etiket\/abd\/\" target=\"_blank\">ABD<\/a> merkezli X \u015firketinin sosyal <a href=\"https:\/\/www.trthaber.com\/etiket\/medya\/\" target=\"_blank\">medya<\/a> platformundan yapt\u0131\u011f\u0131 a\u00e7\u0131klamada, \u015fu ifadeler kullan\u0131ld\u0131:<\/p>\n<p>&#13;<br \/>\n\t&#8220;Merkez Hakem Kurulu, hakemlerimizin <a href=\"https:\/\/www.trthaber.com\/etiket\/egitim\/\" target=\"_blank\">e\u011fitim<\/a> ve tecr\u00fcbe kazan\u0131m\u0131n\u0131 desteklemek amac\u0131yla \u0130kinci Video Yard\u0131mc\u0131 Hakem Asistan\u0131 (AVAR 2) uygulamas\u0131n\u0131n 24 Eyl\u00fcl&#8217;den itibaren Trendyol <a href=\"https:\/\/www.trthaber.com\/etiket\/super-lig\/\" target=\"_blank\">S\u00fcper Lig<\/a> m\u00fcsabakalar\u0131nda yeniden ba\u015flat\u0131lmas\u0131na karar vermi\u015ftir. Ge\u00e7ti\u011fimiz sezon Trendyol 1. Lig&#8217;de ba\u015far\u0131yla uygulanan bu program kapsam\u0131nda AVAR 2 olarak belirlenen ma\u00e7 g\u00f6revlisi, Video Yard\u0131mc\u0131 Hakem (VAR) sisteminin i\u015fleyi\u015f s\u00fcrecini g\u00f6zlemleyecektir. AVAR 2 g\u00f6revlisinin, m\u00fcsabakalarda karar alma s\u00fcre\u00e7lerine m\u00fcdahale yetkisi veya sorumlulu\u011fu bulunmamaktad\u0131r. Bu uygulama do\u011frultusunda hakemlerimizin VAR sistemine y\u00f6nelik bilgi ve becerilerinin geli\u015ftirilmesi hedeflenmektedir.&#8221;<\/p>\n<\/p><\/div>\n","protected":false},"excerpt":{"rendered":"<p>&#13; Merkez Hakem Kurulu&#8217;nun ABD merkezli X \u015firketinin sosyal medya platformundan yapt\u0131\u011f\u0131 a\u00e7\u0131klamada, \u015fu ifadeler kullan\u0131ld\u0131: &#13; &#8220;Merkez Hakem Kurulu, hakemlerimizin e\u011fitim ve tecr\u00fcbe kazan\u0131m\u0131n\u0131 desteklemek amac\u0131yla \u0130kinci Video Yard\u0131mc\u0131 Hakem Asistan\u0131 (AVAR 2) uygulamas\u0131n\u0131n 24 Eyl\u00fcl&#8217;den itibaren Trendyol S\u00fcper Lig m\u00fcsabakalar\u0131nda yeniden ba\u015flat\u0131lmas\u0131na karar vermi\u015ftir. Ge\u00e7ti\u011fimiz sezon Trendyol 1. Lig&#8217;de ba\u015far\u0131yla uygulanan bu program [&hellip;]<\/p>\n","protected":false},"author":1,"featured_media":32253,"comment_status":"open","ping_status":"open","sticky":false,"template":"","format":"standard","meta":{"jnews-multi-image_gallery":[],"jnews_single_post":[],"jnews_primary_category":[],"jnews_social_meta":[],"jnews_override_counter":[],"footnotes":""},"categories":[4],"tags":[],"class_list":["post-32252","post","type-post","status-publish","format-standard","has-post-thumbnail","hentry","category-spor"],"yoast_head":"<!-- This site is optimized with the Yoast SEO plugin v27.5 - https:\/\/yoast.com\/product\/yoast-seo-wordpress\/ -->\n<title>S\u00fcper Lig ve 1. Lig&#039;de \u0130kinci Video Yard\u0131mc\u0131 Hakem g\u00f6rev yapacak - Kuzeyin Sesi<\/title>\n<meta name=\"robots\" content=\"index, follow, max-snippet:-1, max-image-preview:large, max-video-preview:-1\" \/>\n<link rel=\"canonical\" href=\"https:\/\/kuzeyinsesi.org\/index.php\/2025\/09\/25\/super-lig-ve-1-ligde-ikinci-video-yardimci-hakem-gorev-yapacak\/\" \/>\n<meta property=\"og:locale\" content=\"tr_TR\" \/>\n<meta property=\"og:type\" content=\"article\" \/>\n<meta property=\"og:title\" content=\"S\u00fcper Lig ve 1. Lig&#039;de \u0130kinci Video Yard\u0131mc\u0131 Hakem g\u00f6rev yapacak - Kuzeyin Sesi\" \/>\n<meta property=\"og:description\" content=\"&#013; Merkez Hakem Kurulu&#8217;nun ABD merkezli X \u015firketinin sosyal medya platformundan yapt\u0131\u011f\u0131 a\u00e7\u0131klamada, \u015fu ifadeler kullan\u0131ld\u0131: &#013; &#8220;Merkez Hakem Kurulu, hakemlerimizin e\u011fitim ve tecr\u00fcbe kazan\u0131m\u0131n\u0131 desteklemek amac\u0131yla \u0130kinci Video Yard\u0131mc\u0131 Hakem Asistan\u0131 (AVAR 2) uygulamas\u0131n\u0131n 24 Eyl\u00fcl&#8217;den itibaren Trendyol S\u00fcper Lig m\u00fcsabakalar\u0131nda yeniden ba\u015flat\u0131lmas\u0131na karar vermi\u015ftir. Ge\u00e7ti\u011fimiz sezon Trendyol 1. Lig&#8217;de ba\u015far\u0131yla uygulanan bu program [&hellip;]\" \/>\n<meta property=\"og:url\" content=\"https:\/\/kuzeyinsesi.org\/index.php\/2025\/09\/25\/super-lig-ve-1-ligde-ikinci-video-yardimci-hakem-gorev-yapacak\/\" \/>\n<meta property=\"og:site_name\" content=\"Kuzeyin Sesi\" \/>\n<meta property=\"article:publisher\" content=\"https:\/\/www.facebook.com\/kuzeyinsesii\" \/>\n<meta property=\"article:published_time\" content=\"2025-09-25T17:57:17+00:00\" \/>\n<meta property=\"og:image\" content=\"https:\/\/trthaberstatic.cdn.wp.trt.com.tr\/resimler\/2400000\/var-hakem-2401786.jpg\" \/>\n<meta name=\"author\" content=\"Kuzeyin Sesi\" \/>\n<meta name=\"twitter:card\" content=\"summary_large_image\" \/>\n<meta name=\"twitter:creator\" content=\"@kuzeyinsesii\" \/>\n<meta name=\"twitter:site\" content=\"@kuzeyinsesii\" \/>\n<meta name=\"twitter:label1\" content=\"Yazan:\" \/>\n\t<meta name=\"twitter:data1\" content=\"Kuzeyin Sesi\" \/>\n\t<meta name=\"twitter:label2\" content=\"Tahmini okuma s\u00fcresi\" \/>\n\t<meta name=\"twitter:data2\" content=\"1 dakika\" \/>\n<script type=\"application\/ld+json\" class=\"yoast-schema-graph\">{\"@context\":\"https:\\\/\\\/schema.org\",\"@graph\":[{\"@type\":\"Article\",\"@id\":\"https:\\\/\\\/kuzeyinsesi.org\\\/index.php\\\/2025\\\/09\\\/25\\\/super-lig-ve-1-ligde-ikinci-video-yardimci-hakem-gorev-yapacak\\\/#article\",\"isPartOf\":{\"@id\":\"https:\\\/\\\/kuzeyinsesi.org\\\/index.php\\\/2025\\\/09\\\/25\\\/super-lig-ve-1-ligde-ikinci-video-yardimci-hakem-gorev-yapacak\\\/\"},\"author\":{\"name\":\"Kuzeyin Sesi\",\"@id\":\"https:\\\/\\\/kuzeyinsesi.org\\\/#\\\/schema\\\/person\\\/9f859689cdf01485597712386e37f5aa\"},\"headline\":\"S\u00fcper Lig ve 1. Lig&#039;de \u0130kinci Video Yard\u0131mc\u0131 Hakem g\u00f6rev yapacak\",\"datePublished\":\"2025-09-25T17:57:17+00:00\",\"mainEntityOfPage\":{\"@id\":\"https:\\\/\\\/kuzeyinsesi.org\\\/index.php\\\/2025\\\/09\\\/25\\\/super-lig-ve-1-ligde-ikinci-video-yardimci-hakem-gorev-yapacak\\\/\"},\"wordCount\":142,\"commentCount\":0,\"image\":{\"@id\":\"https:\\\/\\\/kuzeyinsesi.org\\\/index.php\\\/2025\\\/09\\\/25\\\/super-lig-ve-1-ligde-ikinci-video-yardimci-hakem-gorev-yapacak\\\/#primaryimage\"},\"thumbnailUrl\":\"https:\\\/\\\/kuzeyinsesi.org\\\/wp-content\\\/uploads\\\/2025\\\/09\\\/var-hakem-2401786.jpg\",\"articleSection\":[\"Spor\"],\"inLanguage\":\"tr\",\"potentialAction\":[{\"@type\":\"CommentAction\",\"name\":\"Comment\",\"target\":[\"https:\\\/\\\/kuzeyinsesi.org\\\/index.php\\\/2025\\\/09\\\/25\\\/super-lig-ve-1-ligde-ikinci-video-yardimci-hakem-gorev-yapacak\\\/#respond\"]}]},{\"@type\":\"WebPage\",\"@id\":\"https:\\\/\\\/kuzeyinsesi.org\\\/index.php\\\/2025\\\/09\\\/25\\\/super-lig-ve-1-ligde-ikinci-video-yardimci-hakem-gorev-yapacak\\\/\",\"url\":\"https:\\\/\\\/kuzeyinsesi.org\\\/index.php\\\/2025\\\/09\\\/25\\\/super-lig-ve-1-ligde-ikinci-video-yardimci-hakem-gorev-yapacak\\\/\",\"name\":\"S\u00fcper Lig ve 1. Lig&#039;de \u0130kinci Video Yard\u0131mc\u0131 Hakem g\u00f6rev yapacak - Kuzeyin Sesi\",\"isPartOf\":{\"@id\":\"https:\\\/\\\/kuzeyinsesi.org\\\/#website\"},\"primaryImageOfPage\":{\"@id\":\"https:\\\/\\\/kuzeyinsesi.org\\\/index.php\\\/2025\\\/09\\\/25\\\/super-lig-ve-1-ligde-ikinci-video-yardimci-hakem-gorev-yapacak\\\/#primaryimage\"},\"image\":{\"@id\":\"https:\\\/\\\/kuzeyinsesi.org\\\/index.php\\\/2025\\\/09\\\/25\\\/super-lig-ve-1-ligde-ikinci-video-yardimci-hakem-gorev-yapacak\\\/#primaryimage\"},\"thumbnailUrl\":\"https:\\\/\\\/kuzeyinsesi.org\\\/wp-content\\\/uploads\\\/2025\\\/09\\\/var-hakem-2401786.jpg\",\"datePublished\":\"2025-09-25T17:57:17+00:00\",\"author\":{\"@id\":\"https:\\\/\\\/kuzeyinsesi.org\\\/#\\\/schema\\\/person\\\/9f859689cdf01485597712386e37f5aa\"},\"breadcrumb\":{\"@id\":\"https:\\\/\\\/kuzeyinsesi.org\\\/index.php\\\/2025\\\/09\\\/25\\\/super-lig-ve-1-ligde-ikinci-video-yardimci-hakem-gorev-yapacak\\\/#breadcrumb\"},\"inLanguage\":\"tr\",\"potentialAction\":[{\"@type\":\"ReadAction\",\"target\":[\"https:\\\/\\\/kuzeyinsesi.org\\\/index.php\\\/2025\\\/09\\\/25\\\/super-lig-ve-1-ligde-ikinci-video-yardimci-hakem-gorev-yapacak\\\/\"]}]},{\"@type\":\"ImageObject\",\"inLanguage\":\"tr\",\"@id\":\"https:\\\/\\\/kuzeyinsesi.org\\\/index.php\\\/2025\\\/09\\\/25\\\/super-lig-ve-1-ligde-ikinci-video-yardimci-hakem-gorev-yapacak\\\/#primaryimage\",\"url\":\"https:\\\/\\\/kuzeyinsesi.org\\\/wp-content\\\/uploads\\\/2025\\\/09\\\/var-hakem-2401786.jpg\",\"contentUrl\":\"https:\\\/\\\/kuzeyinsesi.org\\\/wp-content\\\/uploads\\\/2025\\\/09\\\/var-hakem-2401786.jpg\",\"width\":1280,\"height\":720},{\"@type\":\"BreadcrumbList\",\"@id\":\"https:\\\/\\\/kuzeyinsesi.org\\\/index.php\\\/2025\\\/09\\\/25\\\/super-lig-ve-1-ligde-ikinci-video-yardimci-hakem-gorev-yapacak\\\/#breadcrumb\",\"itemListElement\":[{\"@type\":\"ListItem\",\"position\":1,\"name\":\"Anasayfa\",\"item\":\"https:\\\/\\\/kuzeyinsesi.org\\\/\"},{\"@type\":\"ListItem\",\"position\":2,\"name\":\"S\u00fcper Lig ve 1. Lig&#039;de \u0130kinci Video Yard\u0131mc\u0131 Hakem g\u00f6rev yapacak\"}]},{\"@type\":\"WebSite\",\"@id\":\"https:\\\/\\\/kuzeyinsesi.org\\\/#website\",\"url\":\"https:\\\/\\\/kuzeyinsesi.org\\\/\",\"name\":\"Kuzeyin Sesi\",\"description\":\"Do\u011fru Haberin Adresi\",\"potentialAction\":[{\"@type\":\"SearchAction\",\"target\":{\"@type\":\"EntryPoint\",\"urlTemplate\":\"https:\\\/\\\/kuzeyinsesi.org\\\/?s={search_term_string}\"},\"query-input\":{\"@type\":\"PropertyValueSpecification\",\"valueRequired\":true,\"valueName\":\"search_term_string\"}}],\"inLanguage\":\"tr\"},{\"@type\":\"Person\",\"@id\":\"https:\\\/\\\/kuzeyinsesi.org\\\/#\\\/schema\\\/person\\\/9f859689cdf01485597712386e37f5aa\",\"name\":\"Kuzeyin Sesi\",\"image\":{\"@type\":\"ImageObject\",\"inLanguage\":\"tr\",\"@id\":\"https:\\\/\\\/secure.gravatar.com\\\/avatar\\\/bab33852abfd8b282518d6ed81826833d77c3c882d9ab608add591ccace47a44?s=96&d=mm&r=g\",\"url\":\"https:\\\/\\\/secure.gravatar.com\\\/avatar\\\/bab33852abfd8b282518d6ed81826833d77c3c882d9ab608add591ccace47a44?s=96&d=mm&r=g\",\"contentUrl\":\"https:\\\/\\\/secure.gravatar.com\\\/avatar\\\/bab33852abfd8b282518d6ed81826833d77c3c882d9ab608add591ccace47a44?s=96&d=mm&r=g\",\"caption\":\"Kuzeyin Sesi\"},\"sameAs\":[\"https:\\\/\\\/kuzeyinsesi.org\"],\"url\":\"https:\\\/\\\/kuzeyinsesi.org\\\/index.php\\\/author\\\/guven\\\/\"}]}<\/script>\n<!-- \/ Yoast SEO plugin. -->","yoast_head_json":{"title":"S\u00fcper Lig ve 1. Lig&#039;de \u0130kinci Video Yard\u0131mc\u0131 Hakem g\u00f6rev yapacak - Kuzeyin Sesi","robots":{"index":"index","follow":"follow","max-snippet":"max-snippet:-1","max-image-preview":"max-image-preview:large","max-video-preview":"max-video-preview:-1"},"canonical":"https:\/\/kuzeyinsesi.org\/index.php\/2025\/09\/25\/super-lig-ve-1-ligde-ikinci-video-yardimci-hakem-gorev-yapacak\/","og_locale":"tr_TR","og_type":"article","og_title":"S\u00fcper Lig ve 1. Lig&#039;de \u0130kinci Video Yard\u0131mc\u0131 Hakem g\u00f6rev yapacak - Kuzeyin Sesi","og_description":"&#13; Merkez Hakem Kurulu&#8217;nun ABD merkezli X \u015firketinin sosyal medya platformundan yapt\u0131\u011f\u0131 a\u00e7\u0131klamada, \u015fu ifadeler kullan\u0131ld\u0131: &#13; &#8220;Merkez Hakem Kurulu, hakemlerimizin e\u011fitim ve tecr\u00fcbe kazan\u0131m\u0131n\u0131 desteklemek amac\u0131yla \u0130kinci Video Yard\u0131mc\u0131 Hakem Asistan\u0131 (AVAR 2) uygulamas\u0131n\u0131n 24 Eyl\u00fcl&#8217;den itibaren Trendyol S\u00fcper Lig m\u00fcsabakalar\u0131nda yeniden ba\u015flat\u0131lmas\u0131na karar vermi\u015ftir. Ge\u00e7ti\u011fimiz sezon Trendyol 1. Lig&#8217;de ba\u015far\u0131yla uygulanan bu program [&hellip;]","og_url":"https:\/\/kuzeyinsesi.org\/index.php\/2025\/09\/25\/super-lig-ve-1-ligde-ikinci-video-yardimci-hakem-gorev-yapacak\/","og_site_name":"Kuzeyin Sesi","article_publisher":"https:\/\/www.facebook.com\/kuzeyinsesii","article_published_time":"2025-09-25T17:57:17+00:00","og_image":[{"url":"https:\/\/trthaberstatic.cdn.wp.trt.com.tr\/resimler\/2400000\/var-hakem-2401786.jpg","type":"","width":"","height":""}],"author":"Kuzeyin Sesi","twitter_card":"summary_large_image","twitter_creator":"@kuzeyinsesii","twitter_site":"@kuzeyinsesii","twitter_misc":{"Yazan:":"Kuzeyin Sesi","Tahmini okuma s\u00fcresi":"1 dakika"},"schema":{"@context":"https:\/\/schema.org","@graph":[{"@type":"Article","@id":"https:\/\/kuzeyinsesi.org\/index.php\/2025\/09\/25\/super-lig-ve-1-ligde-ikinci-video-yardimci-hakem-gorev-yapacak\/#article","isPartOf":{"@id":"https:\/\/kuzeyinsesi.org\/index.php\/2025\/09\/25\/super-lig-ve-1-ligde-ikinci-video-yardimci-hakem-gorev-yapacak\/"},"author":{"name":"Kuzeyin Sesi","@id":"https:\/\/kuzeyinsesi.org\/#\/schema\/person\/9f859689cdf01485597712386e37f5aa"},"headline":"S\u00fcper Lig ve 1. Lig&#039;de \u0130kinci Video Yard\u0131mc\u0131 Hakem g\u00f6rev yapacak","datePublished":"2025-09-25T17:57:17+00:00","mainEntityOfPage":{"@id":"https:\/\/kuzeyinsesi.org\/index.php\/2025\/09\/25\/super-lig-ve-1-ligde-ikinci-video-yardimci-hakem-gorev-yapacak\/"},"wordCount":142,"commentCount":0,"image":{"@id":"https:\/\/kuzeyinsesi.org\/index.php\/2025\/09\/25\/super-lig-ve-1-ligde-ikinci-video-yardimci-hakem-gorev-yapacak\/#primaryimage"},"thumbnailUrl":"https:\/\/kuzeyinsesi.org\/wp-content\/uploads\/2025\/09\/var-hakem-2401786.jpg","articleSection":["Spor"],"inLanguage":"tr","potentialAction":[{"@type":"CommentAction","name":"Comment","target":["https:\/\/kuzeyinsesi.org\/index.php\/2025\/09\/25\/super-lig-ve-1-ligde-ikinci-video-yardimci-hakem-gorev-yapacak\/#respond"]}]},{"@type":"WebPage","@id":"https:\/\/kuzeyinsesi.org\/index.php\/2025\/09\/25\/super-lig-ve-1-ligde-ikinci-video-yardimci-hakem-gorev-yapacak\/","url":"https:\/\/kuzeyinsesi.org\/index.php\/2025\/09\/25\/super-lig-ve-1-ligde-ikinci-video-yardimci-hakem-gorev-yapacak\/","name":"S\u00fcper Lig ve 1. Lig&#039;de \u0130kinci Video Yard\u0131mc\u0131 Hakem g\u00f6rev yapacak - Kuzeyin Sesi","isPartOf":{"@id":"https:\/\/kuzeyinsesi.org\/#website"},"primaryImageOfPage":{"@id":"https:\/\/kuzeyinsesi.org\/index.php\/2025\/09\/25\/super-lig-ve-1-ligde-ikinci-video-yardimci-hakem-gorev-yapacak\/#primaryimage"},"image":{"@id":"https:\/\/kuzeyinsesi.org\/index.php\/2025\/09\/25\/super-lig-ve-1-ligde-ikinci-video-yardimci-hakem-gorev-yapacak\/#primaryimage"},"thumbnailUrl":"https:\/\/kuzeyinsesi.org\/wp-content\/uploads\/2025\/09\/var-hakem-2401786.jpg","datePublished":"2025-09-25T17:57:17+00:00","author":{"@id":"https:\/\/kuzeyinsesi.org\/#\/schema\/person\/9f859689cdf01485597712386e37f5aa"},"breadcrumb":{"@id":"https:\/\/kuzeyinsesi.org\/index.php\/2025\/09\/25\/super-lig-ve-1-ligde-ikinci-video-yardimci-hakem-gorev-yapacak\/#breadcrumb"},"inLanguage":"tr","potentialAction":[{"@type":"ReadAction","target":["https:\/\/kuzeyinsesi.org\/index.php\/2025\/09\/25\/super-lig-ve-1-ligde-ikinci-video-yardimci-hakem-gorev-yapacak\/"]}]},{"@type":"ImageObject","inLanguage":"tr","@id":"https:\/\/kuzeyinsesi.org\/index.php\/2025\/09\/25\/super-lig-ve-1-ligde-ikinci-video-yardimci-hakem-gorev-yapacak\/#primaryimage","url":"https:\/\/kuzeyinsesi.org\/wp-content\/uploads\/2025\/09\/var-hakem-2401786.jpg","contentUrl":"https:\/\/kuzeyinsesi.org\/wp-content\/uploads\/2025\/09\/var-hakem-2401786.jpg","width":1280,"height":720},{"@type":"BreadcrumbList","@id":"https:\/\/kuzeyinsesi.org\/index.php\/2025\/09\/25\/super-lig-ve-1-ligde-ikinci-video-yardimci-hakem-gorev-yapacak\/#breadcrumb","itemListElement":[{"@type":"ListItem","position":1,"name":"Anasayfa","item":"https:\/\/kuzeyinsesi.org\/"},{"@type":"ListItem","position":2,"name":"S\u00fcper Lig ve 1. Lig&#039;de \u0130kinci Video Yard\u0131mc\u0131 Hakem g\u00f6rev yapacak"}]},{"@type":"WebSite","@id":"https:\/\/kuzeyinsesi.org\/#website","url":"https:\/\/kuzeyinsesi.org\/","name":"Kuzeyin Sesi","description":"Do\u011fru Haberin Adresi","potentialAction":[{"@type":"SearchAction","target":{"@type":"EntryPoint","urlTemplate":"https:\/\/kuzeyinsesi.org\/?s={search_term_string}"},"query-input":{"@type":"PropertyValueSpecification","valueRequired":true,"valueName":"search_term_string"}}],"inLanguage":"tr"},{"@type":"Person","@id":"https:\/\/kuzeyinsesi.org\/#\/schema\/person\/9f859689cdf01485597712386e37f5aa","name":"Kuzeyin Sesi","image":{"@type":"ImageObject","inLanguage":"tr","@id":"https:\/\/secure.gravatar.com\/avatar\/bab33852abfd8b282518d6ed81826833d77c3c882d9ab608add591ccace47a44?s=96&d=mm&r=g","url":"https:\/\/secure.gravatar.com\/avatar\/bab33852abfd8b282518d6ed81826833d77c3c882d9ab608add591ccace47a44?s=96&d=mm&r=g","contentUrl":"https:\/\/secure.gravatar.com\/avatar\/bab33852abfd8b282518d6ed81826833d77c3c882d9ab608add591ccace47a44?s=96&d=mm&r=g","caption":"Kuzeyin Sesi"},"sameAs":["https:\/\/kuzeyinsesi.org"],"url":"https:\/\/kuzeyinsesi.org\/index.php\/author\/guven\/"}]}},"_links":{"self":[{"href":"https:\/\/kuzeyinsesi.org\/index.php\/wp-json\/wp\/v2\/posts\/32252","targetHints":{"allow":["GET"]}}],"collection":[{"href":"https:\/\/kuzeyinsesi.org\/index.php\/wp-json\/wp\/v2\/posts"}],"about":[{"href":"https:\/\/kuzeyinsesi.org\/index.php\/wp-json\/wp\/v2\/types\/post"}],"author":[{"embeddable":true,"href":"https:\/\/kuzeyinsesi.org\/index.php\/wp-json\/wp\/v2\/users\/1"}],"replies":[{"embeddable":true,"href":"https:\/\/kuzeyinsesi.org\/index.php\/wp-json\/wp\/v2\/comments?post=32252"}],"version-history":[{"count":0,"href":"https:\/\/kuzeyinsesi.org\/index.php\/wp-json\/wp\/v2\/posts\/32252\/revisions"}],"wp:featuredmedia":[{"embeddable":true,"href":"https:\/\/kuzeyinsesi.org\/index.php\/wp-json\/wp\/v2\/media\/32253"}],"wp:attachment":[{"href":"https:\/\/kuzeyinsesi.org\/index.php\/wp-json\/wp\/v2\/media?parent=32252"}],"wp:term":[{"taxonomy":"category","embeddable":true,"href":"https:\/\/kuzeyinsesi.org\/index.php\/wp-json\/wp\/v2\/categories?post=32252"},{"taxonomy":"post_tag","embeddable":true,"href":"https:\/\/kuzeyinsesi.org\/index.php\/wp-json\/wp\/v2\/tags?post=32252"}],"curies":[{"name":"wp","href":"https:\/\/api.w.org\/{rel}","templated":true}]}}