{"id":32199,"date":"2025-09-25T01:37:04","date_gmt":"2025-09-24T22:37:04","guid":{"rendered":"https:\/\/kuzeyinsesi.org\/index.php\/2025\/09\/25\/fenerbahce-beko-38-erkekler-cumhurbaskanligi-kupasini-aldi\/"},"modified":"2025-09-25T01:37:04","modified_gmt":"2025-09-24T22:37:04","slug":"fenerbahce-beko-38-erkekler-cumhurbaskanligi-kupasini-aldi","status":"publish","type":"post","link":"https:\/\/kuzeyinsesi.org\/index.php\/2025\/09\/25\/fenerbahce-beko-38-erkekler-cumhurbaskanligi-kupasini-aldi\/","title":{"rendered":"Fenerbah\u00e7e Beko, 38. Erkekler Cumhurba\u015fkanl\u0131\u011f\u0131 Kupas\u0131&#039;n\u0131 ald\u0131"},"content":{"rendered":"<p><\/p>\n<div>\n<p>&#13;<br \/>\n\tGe\u00e7en sezon Avrupa Ligi, T\u00fcrkiye <a href=\"https:\/\/www.trthaber.com\/etiket\/sigorta\/\" target=\"_blank\">Sigorta<\/a> <a href=\"https:\/\/www.trthaber.com\/etiket\/basketbol\/\" target=\"_blank\">Basketbol<\/a> S\u00fcper Ligi ve Erkekler T\u00fcrkiye Kupas\u0131&#8217;n\u0131 m\u00fczesine g\u00f6t\u00fcren <a href=\"https:\/\/www.trthaber.com\/etiket\/fenerbahce\/\" target=\"_blank\">Fenerbah\u00e7e<\/a> Beko, 38. <a href=\"https:\/\/www.trthaber.com\/etiket\/cumhurbaskanligi\/\" target=\"_blank\">Cumhurba\u015fkanl\u0131\u011f\u0131<\/a> Kupas\u0131&#8217;nda da zafere uzand\u0131.<\/p>\n<p>&#13;<br \/>\n\tSinan Erdem Spor Salonu&#8217;nda oynanan m\u00fcsabakada <a href=\"https:\/\/www.trthaber.com\/etiket\/besiktas\/\" target=\"_blank\">Be\u015fikta\u015f<\/a> GA\u0130N&#8217;i 85-83 ma\u011flup eden sar\u0131-lacivertliler, organizasyonda 8. kez kupay\u0131 kazand\u0131.<\/p>\n<p>&#13;<br \/>\n\tFenerbah\u00e7e Beko&#8217;da oyuncular\u0131n ve teknik ekibin madalyalar\u0131n\u0131 <a href=\"https:\/\/www.trthaber.com\/etiket\/turkiye-basketbol-federasyonu\/\" target=\"_blank\">T\u00fcrkiye Basketbol Federasyonu<\/a> Ba\u015fkan\u0131 <a href=\"https:\/\/www.trthaber.com\/etiket\/hidayet-turkoglu\/\" target=\"_blank\">Hidayet T\u00fcrko\u011flu<\/a> ve y\u00f6netim kurulu \u00fcyeleri verirken, kupay\u0131 ise Gen\u00e7lik ve Spor Bakan\u0131 Osman A\u015fk\u0131n Bak, tak\u0131m kaptan\u0131 Melih Mahmuto\u011flu&#8217;na takdim etti.<\/p>\n<p>&#13;<br \/>\n\tFenerbah\u00e7e&#8217;de ba\u015fkan se\u00e7ilen Sadettin Saran kupa seremonisine sar\u0131-lacivertli kul\u00fcb\u00fcn eski y\u00f6neticisi ve eski basketbol \u015fube sorumlusu Serta\u00e7 Komsuo\u011flu&#8217;yla birlikte \u00e7\u0131kt\u0131.<\/p>\n<p>&#13;<br \/>\n\tMelih Mahmuto\u011flu&#8217;nun kupay\u0131 kald\u0131rmas\u0131n\u0131n ard\u0131ndan Saran, Mahmuto\u011flu&#8217;na kupay\u0131 Komsuo\u011flu&#8217;na vermesini iletti. Komsuo\u011flu da tak\u0131m ve teknik ekiple birlikte kupa co\u015fkusunu ya\u015fad\u0131.<\/p>\n<h2>&#13;<br \/>\n\tEn de\u011ferli oyuncu Hall<\/h2>\n<p>&#13;<br \/>\n\tM\u00fcsabakan\u0131n en de\u011ferli oyuncusu Fenerbah\u00e7e Beko&#8217;dan Devon Hall oldu.<\/p>\n<p>&#13;<br \/>\n\tKar\u015f\u0131la\u015fmay\u0131 23 say\u0131, 4 ribaunt ve 3 asistle tamamlayan ABD&#8217;li oyuncu, ma\u00e7\u0131n en de\u011ferli oyuncusu se\u00e7ildi.<\/p>\n<p>&#13;<br \/>\n\tTecr\u00fcbeli basketbolcuya \u00f6d\u00fcl\u00fcn\u00fc T\u00fcrkiye Basketbol Federasyonu Y\u00f6netim Kurulu \u00dcyesi Y\u0131lmaz Arg\u00fcden takdim etti.<\/p>\n<p>&#13;<br \/>\n\tBe\u015fikta\u015f Kaptan\u0131 Yi\u011fit Arslan, ikincilik \u015filtini T\u00fcrkiye Basketbol Federasyonu Ba\u015fkan Vekili Harun Erdenay&#8217;\u0131n elinden ald\u0131.<\/p>\n<h2>&#13;<br \/>\n\tCumhurba\u015fkan\u0131 Erdo\u011fan Fenerbah\u00e7e Beko&#8217;yu kutlad\u0131<\/h2>\n<p>&#13;<br \/>\n\tCumhurba\u015fkan\u0131 Recep Tayyip Erdo\u011fan, basketbolda 38. Erkekler Cumhurba\u015fkanl\u0131\u011f\u0131 Kupas\u0131&#8217;n\u0131 kazanan Fenerbah\u00e7e Beko&#8217;yu tebrik etti.<\/p>\n<p>&#13;<br \/>\n\tErdo\u011fan, sosyal medya hesab\u0131ndan yapt\u0131\u011f\u0131 payla\u015f\u0131mda, &#8220;38&#8217;inci Erkekler Cumhurba\u015fkanl\u0131\u011f\u0131 Kupas\u0131 \u015fampiyonu olan Fenerbah\u00e7e Beko basketbol tak\u0131m\u0131n\u0131 ve t\u00fcm Fenerbah\u00e7e camias\u0131n\u0131 y\u00fcrekten tebrik ediyorum.&#8221; ifadesini kulland\u0131.<\/p>\n<\/p><\/div>\n","protected":false},"excerpt":{"rendered":"<p>&#13; Ge\u00e7en sezon Avrupa Ligi, T\u00fcrkiye Sigorta Basketbol S\u00fcper Ligi ve Erkekler T\u00fcrkiye Kupas\u0131&#8217;n\u0131 m\u00fczesine g\u00f6t\u00fcren Fenerbah\u00e7e Beko, 38. Cumhurba\u015fkanl\u0131\u011f\u0131 Kupas\u0131&#8217;nda da zafere uzand\u0131. &#13; Sinan Erdem Spor Salonu&#8217;nda oynanan m\u00fcsabakada Be\u015fikta\u015f GA\u0130N&#8217;i 85-83 ma\u011flup eden sar\u0131-lacivertliler, organizasyonda 8. kez kupay\u0131 kazand\u0131. &#13; Fenerbah\u00e7e Beko&#8217;da oyuncular\u0131n ve teknik ekibin madalyalar\u0131n\u0131 T\u00fcrkiye Basketbol Federasyonu Ba\u015fkan\u0131 Hidayet [&hellip;]<\/p>\n","protected":false},"author":1,"featured_media":32200,"comment_status":"open","ping_status":"open","sticky":false,"template":"","format":"standard","meta":{"jnews-multi-image_gallery":[],"jnews_single_post":[],"jnews_primary_category":[],"jnews_social_meta":[],"jnews_override_counter":[],"footnotes":""},"categories":[4],"tags":[],"class_list":["post-32199","post","type-post","status-publish","format-standard","has-post-thumbnail","hentry","category-spor"],"yoast_head":"<!-- This site is optimized with the Yoast SEO plugin v27.5 - https:\/\/yoast.com\/product\/yoast-seo-wordpress\/ -->\n<title>Fenerbah\u00e7e Beko, 38. Erkekler Cumhurba\u015fkanl\u0131\u011f\u0131 Kupas\u0131&#039;n\u0131 ald\u0131 - Kuzeyin Sesi<\/title>\n<meta name=\"robots\" content=\"index, follow, max-snippet:-1, max-image-preview:large, max-video-preview:-1\" \/>\n<link rel=\"canonical\" href=\"https:\/\/kuzeyinsesi.org\/index.php\/2025\/09\/25\/fenerbahce-beko-38-erkekler-cumhurbaskanligi-kupasini-aldi\/\" \/>\n<meta property=\"og:locale\" content=\"tr_TR\" \/>\n<meta property=\"og:type\" content=\"article\" \/>\n<meta property=\"og:title\" content=\"Fenerbah\u00e7e Beko, 38. Erkekler Cumhurba\u015fkanl\u0131\u011f\u0131 Kupas\u0131&#039;n\u0131 ald\u0131 - Kuzeyin Sesi\" \/>\n<meta property=\"og:description\" content=\"&#013; Ge\u00e7en sezon Avrupa Ligi, T\u00fcrkiye Sigorta Basketbol S\u00fcper Ligi ve Erkekler T\u00fcrkiye Kupas\u0131&#8217;n\u0131 m\u00fczesine g\u00f6t\u00fcren Fenerbah\u00e7e Beko, 38. Cumhurba\u015fkanl\u0131\u011f\u0131 Kupas\u0131&#8217;nda da zafere uzand\u0131. &#013; Sinan Erdem Spor Salonu&#8217;nda oynanan m\u00fcsabakada Be\u015fikta\u015f GA\u0130N&#8217;i 85-83 ma\u011flup eden sar\u0131-lacivertliler, organizasyonda 8. kez kupay\u0131 kazand\u0131. &#013; Fenerbah\u00e7e Beko&#8217;da oyuncular\u0131n ve teknik ekibin madalyalar\u0131n\u0131 T\u00fcrkiye Basketbol Federasyonu Ba\u015fkan\u0131 Hidayet [&hellip;]\" \/>\n<meta property=\"og:url\" content=\"https:\/\/kuzeyinsesi.org\/index.php\/2025\/09\/25\/fenerbahce-beko-38-erkekler-cumhurbaskanligi-kupasini-aldi\/\" \/>\n<meta property=\"og:site_name\" content=\"Kuzeyin Sesi\" \/>\n<meta property=\"article:publisher\" content=\"https:\/\/www.facebook.com\/kuzeyinsesii\" \/>\n<meta property=\"article:published_time\" content=\"2025-09-24T22:37:04+00:00\" \/>\n<meta property=\"og:image\" content=\"https:\/\/trthaberstatic.cdn.wp.trt.com.tr\/resimler\/2400000\/fenerbahce-sampiyon-2401343.jpg\" \/>\n<meta name=\"author\" content=\"Kuzeyin Sesi\" \/>\n<meta name=\"twitter:card\" content=\"summary_large_image\" \/>\n<meta name=\"twitter:creator\" content=\"@kuzeyinsesii\" \/>\n<meta name=\"twitter:site\" content=\"@kuzeyinsesii\" \/>\n<meta name=\"twitter:label1\" content=\"Yazan:\" \/>\n\t<meta name=\"twitter:data1\" content=\"Kuzeyin Sesi\" \/>\n\t<meta name=\"twitter:label2\" content=\"Tahmini okuma s\u00fcresi\" \/>\n\t<meta name=\"twitter:data2\" content=\"1 dakika\" \/>\n<script type=\"application\/ld+json\" class=\"yoast-schema-graph\">{\"@context\":\"https:\\\/\\\/schema.org\",\"@graph\":[{\"@type\":\"Article\",\"@id\":\"https:\\\/\\\/kuzeyinsesi.org\\\/index.php\\\/2025\\\/09\\\/25\\\/fenerbahce-beko-38-erkekler-cumhurbaskanligi-kupasini-aldi\\\/#article\",\"isPartOf\":{\"@id\":\"https:\\\/\\\/kuzeyinsesi.org\\\/index.php\\\/2025\\\/09\\\/25\\\/fenerbahce-beko-38-erkekler-cumhurbaskanligi-kupasini-aldi\\\/\"},\"author\":{\"name\":\"Kuzeyin Sesi\",\"@id\":\"https:\\\/\\\/kuzeyinsesi.org\\\/#\\\/schema\\\/person\\\/9f859689cdf01485597712386e37f5aa\"},\"headline\":\"Fenerbah\u00e7e Beko, 38. Erkekler Cumhurba\u015fkanl\u0131\u011f\u0131 Kupas\u0131&#039;n\u0131 ald\u0131\",\"datePublished\":\"2025-09-24T22:37:04+00:00\",\"mainEntityOfPage\":{\"@id\":\"https:\\\/\\\/kuzeyinsesi.org\\\/index.php\\\/2025\\\/09\\\/25\\\/fenerbahce-beko-38-erkekler-cumhurbaskanligi-kupasini-aldi\\\/\"},\"wordCount\":320,\"commentCount\":0,\"image\":{\"@id\":\"https:\\\/\\\/kuzeyinsesi.org\\\/index.php\\\/2025\\\/09\\\/25\\\/fenerbahce-beko-38-erkekler-cumhurbaskanligi-kupasini-aldi\\\/#primaryimage\"},\"thumbnailUrl\":\"https:\\\/\\\/kuzeyinsesi.org\\\/wp-content\\\/uploads\\\/2025\\\/09\\\/fenerbahce-sampiyon-2401343.jpg\",\"articleSection\":[\"Spor\"],\"inLanguage\":\"tr\",\"potentialAction\":[{\"@type\":\"CommentAction\",\"name\":\"Comment\",\"target\":[\"https:\\\/\\\/kuzeyinsesi.org\\\/index.php\\\/2025\\\/09\\\/25\\\/fenerbahce-beko-38-erkekler-cumhurbaskanligi-kupasini-aldi\\\/#respond\"]}]},{\"@type\":\"WebPage\",\"@id\":\"https:\\\/\\\/kuzeyinsesi.org\\\/index.php\\\/2025\\\/09\\\/25\\\/fenerbahce-beko-38-erkekler-cumhurbaskanligi-kupasini-aldi\\\/\",\"url\":\"https:\\\/\\\/kuzeyinsesi.org\\\/index.php\\\/2025\\\/09\\\/25\\\/fenerbahce-beko-38-erkekler-cumhurbaskanligi-kupasini-aldi\\\/\",\"name\":\"Fenerbah\u00e7e Beko, 38. Erkekler Cumhurba\u015fkanl\u0131\u011f\u0131 Kupas\u0131&#039;n\u0131 ald\u0131 - Kuzeyin Sesi\",\"isPartOf\":{\"@id\":\"https:\\\/\\\/kuzeyinsesi.org\\\/#website\"},\"primaryImageOfPage\":{\"@id\":\"https:\\\/\\\/kuzeyinsesi.org\\\/index.php\\\/2025\\\/09\\\/25\\\/fenerbahce-beko-38-erkekler-cumhurbaskanligi-kupasini-aldi\\\/#primaryimage\"},\"image\":{\"@id\":\"https:\\\/\\\/kuzeyinsesi.org\\\/index.php\\\/2025\\\/09\\\/25\\\/fenerbahce-beko-38-erkekler-cumhurbaskanligi-kupasini-aldi\\\/#primaryimage\"},\"thumbnailUrl\":\"https:\\\/\\\/kuzeyinsesi.org\\\/wp-content\\\/uploads\\\/2025\\\/09\\\/fenerbahce-sampiyon-2401343.jpg\",\"datePublished\":\"2025-09-24T22:37:04+00:00\",\"author\":{\"@id\":\"https:\\\/\\\/kuzeyinsesi.org\\\/#\\\/schema\\\/person\\\/9f859689cdf01485597712386e37f5aa\"},\"breadcrumb\":{\"@id\":\"https:\\\/\\\/kuzeyinsesi.org\\\/index.php\\\/2025\\\/09\\\/25\\\/fenerbahce-beko-38-erkekler-cumhurbaskanligi-kupasini-aldi\\\/#breadcrumb\"},\"inLanguage\":\"tr\",\"potentialAction\":[{\"@type\":\"ReadAction\",\"target\":[\"https:\\\/\\\/kuzeyinsesi.org\\\/index.php\\\/2025\\\/09\\\/25\\\/fenerbahce-beko-38-erkekler-cumhurbaskanligi-kupasini-aldi\\\/\"]}]},{\"@type\":\"ImageObject\",\"inLanguage\":\"tr\",\"@id\":\"https:\\\/\\\/kuzeyinsesi.org\\\/index.php\\\/2025\\\/09\\\/25\\\/fenerbahce-beko-38-erkekler-cumhurbaskanligi-kupasini-aldi\\\/#primaryimage\",\"url\":\"https:\\\/\\\/kuzeyinsesi.org\\\/wp-content\\\/uploads\\\/2025\\\/09\\\/fenerbahce-sampiyon-2401343.jpg\",\"contentUrl\":\"https:\\\/\\\/kuzeyinsesi.org\\\/wp-content\\\/uploads\\\/2025\\\/09\\\/fenerbahce-sampiyon-2401343.jpg\",\"width\":1280,\"height\":720},{\"@type\":\"BreadcrumbList\",\"@id\":\"https:\\\/\\\/kuzeyinsesi.org\\\/index.php\\\/2025\\\/09\\\/25\\\/fenerbahce-beko-38-erkekler-cumhurbaskanligi-kupasini-aldi\\\/#breadcrumb\",\"itemListElement\":[{\"@type\":\"ListItem\",\"position\":1,\"name\":\"Anasayfa\",\"item\":\"https:\\\/\\\/kuzeyinsesi.org\\\/\"},{\"@type\":\"ListItem\",\"position\":2,\"name\":\"Fenerbah\u00e7e Beko, 38. Erkekler Cumhurba\u015fkanl\u0131\u011f\u0131 Kupas\u0131&#039;n\u0131 ald\u0131\"}]},{\"@type\":\"WebSite\",\"@id\":\"https:\\\/\\\/kuzeyinsesi.org\\\/#website\",\"url\":\"https:\\\/\\\/kuzeyinsesi.org\\\/\",\"name\":\"Kuzeyin Sesi\",\"description\":\"Do\u011fru Haberin Adresi\",\"potentialAction\":[{\"@type\":\"SearchAction\",\"target\":{\"@type\":\"EntryPoint\",\"urlTemplate\":\"https:\\\/\\\/kuzeyinsesi.org\\\/?s={search_term_string}\"},\"query-input\":{\"@type\":\"PropertyValueSpecification\",\"valueRequired\":true,\"valueName\":\"search_term_string\"}}],\"inLanguage\":\"tr\"},{\"@type\":\"Person\",\"@id\":\"https:\\\/\\\/kuzeyinsesi.org\\\/#\\\/schema\\\/person\\\/9f859689cdf01485597712386e37f5aa\",\"name\":\"Kuzeyin Sesi\",\"image\":{\"@type\":\"ImageObject\",\"inLanguage\":\"tr\",\"@id\":\"https:\\\/\\\/secure.gravatar.com\\\/avatar\\\/bab33852abfd8b282518d6ed81826833d77c3c882d9ab608add591ccace47a44?s=96&d=mm&r=g\",\"url\":\"https:\\\/\\\/secure.gravatar.com\\\/avatar\\\/bab33852abfd8b282518d6ed81826833d77c3c882d9ab608add591ccace47a44?s=96&d=mm&r=g\",\"contentUrl\":\"https:\\\/\\\/secure.gravatar.com\\\/avatar\\\/bab33852abfd8b282518d6ed81826833d77c3c882d9ab608add591ccace47a44?s=96&d=mm&r=g\",\"caption\":\"Kuzeyin Sesi\"},\"sameAs\":[\"https:\\\/\\\/kuzeyinsesi.org\"],\"url\":\"https:\\\/\\\/kuzeyinsesi.org\\\/index.php\\\/author\\\/guven\\\/\"}]}<\/script>\n<!-- \/ Yoast SEO plugin. -->","yoast_head_json":{"title":"Fenerbah\u00e7e Beko, 38. Erkekler Cumhurba\u015fkanl\u0131\u011f\u0131 Kupas\u0131&#039;n\u0131 ald\u0131 - Kuzeyin Sesi","robots":{"index":"index","follow":"follow","max-snippet":"max-snippet:-1","max-image-preview":"max-image-preview:large","max-video-preview":"max-video-preview:-1"},"canonical":"https:\/\/kuzeyinsesi.org\/index.php\/2025\/09\/25\/fenerbahce-beko-38-erkekler-cumhurbaskanligi-kupasini-aldi\/","og_locale":"tr_TR","og_type":"article","og_title":"Fenerbah\u00e7e Beko, 38. Erkekler Cumhurba\u015fkanl\u0131\u011f\u0131 Kupas\u0131&#039;n\u0131 ald\u0131 - Kuzeyin Sesi","og_description":"&#13; Ge\u00e7en sezon Avrupa Ligi, T\u00fcrkiye Sigorta Basketbol S\u00fcper Ligi ve Erkekler T\u00fcrkiye Kupas\u0131&#8217;n\u0131 m\u00fczesine g\u00f6t\u00fcren Fenerbah\u00e7e Beko, 38. Cumhurba\u015fkanl\u0131\u011f\u0131 Kupas\u0131&#8217;nda da zafere uzand\u0131. &#13; Sinan Erdem Spor Salonu&#8217;nda oynanan m\u00fcsabakada Be\u015fikta\u015f GA\u0130N&#8217;i 85-83 ma\u011flup eden sar\u0131-lacivertliler, organizasyonda 8. kez kupay\u0131 kazand\u0131. &#13; Fenerbah\u00e7e Beko&#8217;da oyuncular\u0131n ve teknik ekibin madalyalar\u0131n\u0131 T\u00fcrkiye Basketbol Federasyonu Ba\u015fkan\u0131 Hidayet [&hellip;]","og_url":"https:\/\/kuzeyinsesi.org\/index.php\/2025\/09\/25\/fenerbahce-beko-38-erkekler-cumhurbaskanligi-kupasini-aldi\/","og_site_name":"Kuzeyin Sesi","article_publisher":"https:\/\/www.facebook.com\/kuzeyinsesii","article_published_time":"2025-09-24T22:37:04+00:00","og_image":[{"url":"https:\/\/trthaberstatic.cdn.wp.trt.com.tr\/resimler\/2400000\/fenerbahce-sampiyon-2401343.jpg","type":"","width":"","height":""}],"author":"Kuzeyin Sesi","twitter_card":"summary_large_image","twitter_creator":"@kuzeyinsesii","twitter_site":"@kuzeyinsesii","twitter_misc":{"Yazan:":"Kuzeyin Sesi","Tahmini okuma s\u00fcresi":"1 dakika"},"schema":{"@context":"https:\/\/schema.org","@graph":[{"@type":"Article","@id":"https:\/\/kuzeyinsesi.org\/index.php\/2025\/09\/25\/fenerbahce-beko-38-erkekler-cumhurbaskanligi-kupasini-aldi\/#article","isPartOf":{"@id":"https:\/\/kuzeyinsesi.org\/index.php\/2025\/09\/25\/fenerbahce-beko-38-erkekler-cumhurbaskanligi-kupasini-aldi\/"},"author":{"name":"Kuzeyin Sesi","@id":"https:\/\/kuzeyinsesi.org\/#\/schema\/person\/9f859689cdf01485597712386e37f5aa"},"headline":"Fenerbah\u00e7e Beko, 38. Erkekler Cumhurba\u015fkanl\u0131\u011f\u0131 Kupas\u0131&#039;n\u0131 ald\u0131","datePublished":"2025-09-24T22:37:04+00:00","mainEntityOfPage":{"@id":"https:\/\/kuzeyinsesi.org\/index.php\/2025\/09\/25\/fenerbahce-beko-38-erkekler-cumhurbaskanligi-kupasini-aldi\/"},"wordCount":320,"commentCount":0,"image":{"@id":"https:\/\/kuzeyinsesi.org\/index.php\/2025\/09\/25\/fenerbahce-beko-38-erkekler-cumhurbaskanligi-kupasini-aldi\/#primaryimage"},"thumbnailUrl":"https:\/\/kuzeyinsesi.org\/wp-content\/uploads\/2025\/09\/fenerbahce-sampiyon-2401343.jpg","articleSection":["Spor"],"inLanguage":"tr","potentialAction":[{"@type":"CommentAction","name":"Comment","target":["https:\/\/kuzeyinsesi.org\/index.php\/2025\/09\/25\/fenerbahce-beko-38-erkekler-cumhurbaskanligi-kupasini-aldi\/#respond"]}]},{"@type":"WebPage","@id":"https:\/\/kuzeyinsesi.org\/index.php\/2025\/09\/25\/fenerbahce-beko-38-erkekler-cumhurbaskanligi-kupasini-aldi\/","url":"https:\/\/kuzeyinsesi.org\/index.php\/2025\/09\/25\/fenerbahce-beko-38-erkekler-cumhurbaskanligi-kupasini-aldi\/","name":"Fenerbah\u00e7e Beko, 38. Erkekler Cumhurba\u015fkanl\u0131\u011f\u0131 Kupas\u0131&#039;n\u0131 ald\u0131 - Kuzeyin Sesi","isPartOf":{"@id":"https:\/\/kuzeyinsesi.org\/#website"},"primaryImageOfPage":{"@id":"https:\/\/kuzeyinsesi.org\/index.php\/2025\/09\/25\/fenerbahce-beko-38-erkekler-cumhurbaskanligi-kupasini-aldi\/#primaryimage"},"image":{"@id":"https:\/\/kuzeyinsesi.org\/index.php\/2025\/09\/25\/fenerbahce-beko-38-erkekler-cumhurbaskanligi-kupasini-aldi\/#primaryimage"},"thumbnailUrl":"https:\/\/kuzeyinsesi.org\/wp-content\/uploads\/2025\/09\/fenerbahce-sampiyon-2401343.jpg","datePublished":"2025-09-24T22:37:04+00:00","author":{"@id":"https:\/\/kuzeyinsesi.org\/#\/schema\/person\/9f859689cdf01485597712386e37f5aa"},"breadcrumb":{"@id":"https:\/\/kuzeyinsesi.org\/index.php\/2025\/09\/25\/fenerbahce-beko-38-erkekler-cumhurbaskanligi-kupasini-aldi\/#breadcrumb"},"inLanguage":"tr","potentialAction":[{"@type":"ReadAction","target":["https:\/\/kuzeyinsesi.org\/index.php\/2025\/09\/25\/fenerbahce-beko-38-erkekler-cumhurbaskanligi-kupasini-aldi\/"]}]},{"@type":"ImageObject","inLanguage":"tr","@id":"https:\/\/kuzeyinsesi.org\/index.php\/2025\/09\/25\/fenerbahce-beko-38-erkekler-cumhurbaskanligi-kupasini-aldi\/#primaryimage","url":"https:\/\/kuzeyinsesi.org\/wp-content\/uploads\/2025\/09\/fenerbahce-sampiyon-2401343.jpg","contentUrl":"https:\/\/kuzeyinsesi.org\/wp-content\/uploads\/2025\/09\/fenerbahce-sampiyon-2401343.jpg","width":1280,"height":720},{"@type":"BreadcrumbList","@id":"https:\/\/kuzeyinsesi.org\/index.php\/2025\/09\/25\/fenerbahce-beko-38-erkekler-cumhurbaskanligi-kupasini-aldi\/#breadcrumb","itemListElement":[{"@type":"ListItem","position":1,"name":"Anasayfa","item":"https:\/\/kuzeyinsesi.org\/"},{"@type":"ListItem","position":2,"name":"Fenerbah\u00e7e Beko, 38. Erkekler Cumhurba\u015fkanl\u0131\u011f\u0131 Kupas\u0131&#039;n\u0131 ald\u0131"}]},{"@type":"WebSite","@id":"https:\/\/kuzeyinsesi.org\/#website","url":"https:\/\/kuzeyinsesi.org\/","name":"Kuzeyin Sesi","description":"Do\u011fru Haberin Adresi","potentialAction":[{"@type":"SearchAction","target":{"@type":"EntryPoint","urlTemplate":"https:\/\/kuzeyinsesi.org\/?s={search_term_string}"},"query-input":{"@type":"PropertyValueSpecification","valueRequired":true,"valueName":"search_term_string"}}],"inLanguage":"tr"},{"@type":"Person","@id":"https:\/\/kuzeyinsesi.org\/#\/schema\/person\/9f859689cdf01485597712386e37f5aa","name":"Kuzeyin Sesi","image":{"@type":"ImageObject","inLanguage":"tr","@id":"https:\/\/secure.gravatar.com\/avatar\/bab33852abfd8b282518d6ed81826833d77c3c882d9ab608add591ccace47a44?s=96&d=mm&r=g","url":"https:\/\/secure.gravatar.com\/avatar\/bab33852abfd8b282518d6ed81826833d77c3c882d9ab608add591ccace47a44?s=96&d=mm&r=g","contentUrl":"https:\/\/secure.gravatar.com\/avatar\/bab33852abfd8b282518d6ed81826833d77c3c882d9ab608add591ccace47a44?s=96&d=mm&r=g","caption":"Kuzeyin Sesi"},"sameAs":["https:\/\/kuzeyinsesi.org"],"url":"https:\/\/kuzeyinsesi.org\/index.php\/author\/guven\/"}]}},"_links":{"self":[{"href":"https:\/\/kuzeyinsesi.org\/index.php\/wp-json\/wp\/v2\/posts\/32199","targetHints":{"allow":["GET"]}}],"collection":[{"href":"https:\/\/kuzeyinsesi.org\/index.php\/wp-json\/wp\/v2\/posts"}],"about":[{"href":"https:\/\/kuzeyinsesi.org\/index.php\/wp-json\/wp\/v2\/types\/post"}],"author":[{"embeddable":true,"href":"https:\/\/kuzeyinsesi.org\/index.php\/wp-json\/wp\/v2\/users\/1"}],"replies":[{"embeddable":true,"href":"https:\/\/kuzeyinsesi.org\/index.php\/wp-json\/wp\/v2\/comments?post=32199"}],"version-history":[{"count":0,"href":"https:\/\/kuzeyinsesi.org\/index.php\/wp-json\/wp\/v2\/posts\/32199\/revisions"}],"wp:featuredmedia":[{"embeddable":true,"href":"https:\/\/kuzeyinsesi.org\/index.php\/wp-json\/wp\/v2\/media\/32200"}],"wp:attachment":[{"href":"https:\/\/kuzeyinsesi.org\/index.php\/wp-json\/wp\/v2\/media?parent=32199"}],"wp:term":[{"taxonomy":"category","embeddable":true,"href":"https:\/\/kuzeyinsesi.org\/index.php\/wp-json\/wp\/v2\/categories?post=32199"},{"taxonomy":"post_tag","embeddable":true,"href":"https:\/\/kuzeyinsesi.org\/index.php\/wp-json\/wp\/v2\/tags?post=32199"}],"curies":[{"name":"wp","href":"https:\/\/api.w.org\/{rel}","templated":true}]}}