{"id":32197,"date":"2025-09-25T00:33:25","date_gmt":"2025-09-24T21:33:25","guid":{"rendered":"https:\/\/kuzeyinsesi.org\/index.php\/2025\/09\/25\/fenerbahce-uefa-avrupa-ligine-maglubiyetle-basladi\/"},"modified":"2025-09-25T00:33:25","modified_gmt":"2025-09-24T21:33:25","slug":"fenerbahce-uefa-avrupa-ligine-maglubiyetle-basladi","status":"publish","type":"post","link":"https:\/\/kuzeyinsesi.org\/index.php\/2025\/09\/25\/fenerbahce-uefa-avrupa-ligine-maglubiyetle-basladi\/","title":{"rendered":"Fenerbah\u00e7e, UEFA Avrupa Ligi&#039;ne ma\u011flubiyetle ba\u015flad\u0131"},"content":{"rendered":"<p><\/p>\n<div>\n<p>&#13;<br \/>\n\tMaksimir Stad\u0131&#8217;nda oynanan kar\u015f\u0131la\u015fmaya iki tak\u0131mda kontroll\u00fc ba\u015flad\u0131. Fenerbah\u00e7e, <a href=\"https:\/\/www.trthaber.com\/etiket\/oyun\/\" target=\"_blank\">oyun<\/a> kontrol\u00fcn\u00fc sa\u011flad\u0131\u011f\u0131 b\u00f6l\u00fcmde olu\u015fan karambolde 21. dakikada Dion Beljo&#8217;nun gol\u00fcyle yenik duruma d\u00fc\u015ft\u00fc. \u00c7abuk toparlanan sar\u0131-lacivertliler, 25. dakikada Sebastian Szymanski ile beraberli\u011fi yakalad\u0131. Kalan b\u00f6l\u00fcmde ba\u015fka gol olmad\u0131 ve ekipler soyunma odas\u0131na 1-1 e\u015fitlikle girdi.<\/p>\n<p>&#13;<br \/>\n\t\u0130kinci yar\u0131ya h\u0131zl\u0131 giren Dinamo Zagreb, 50. dakikada yine Dion Beljo&#8217;nun gol\u00fcyle \u00f6ne ge\u00e7ti. Kalan b\u00f6l\u00fcmde net gol pozisyonuna giremeyen sar\u0131-lacivertli ekip, 90+5. dakikada Mounsef Bakrar ile kalesinde bir gol daha g\u00f6rd\u00fc ve sahadan 3-1 ma\u011flup ayr\u0131ld\u0131.<\/p>\n<p>&#13;<br \/>\n\tBu sonu\u00e7la sar\u0131-lacivertliler, <a href=\"https:\/\/www.trthaber.com\/etiket\/uefa\/\" target=\"_blank\">UEFA<\/a> Avrupa Ligi&#8217;ne ma\u011flubiyetle ba\u015flad\u0131.<\/p>\n<p>&#13;<br \/>\n\tFenerbah\u00e7e, ligdeki ikinci ma\u00e7\u0131nda 2 Ekim&#8217;de Fransa&#8217;n\u0131n Nice tak\u0131m\u0131yla sahas\u0131nda kar\u015f\u0131la\u015facak.<\/p>\n<h2>&#13;<br \/>\n\tSzymanski siftah yapt\u0131<\/h2>\n<p>&#13;<br \/>\n\tFenerbah\u00e7e&#8217;nin Polonyal\u0131 orta sahas\u0131 Sebastian Szymanski, bu sezon ilk gol\u00fcn\u00fc kaydetti.<\/p>\n<p>&#13;<br \/>\n\tSar\u0131-lacivertli tak\u0131ma ilk kat\u0131ld\u0131\u011f\u0131 d\u00f6nemde skorer bir performans ortaya koyan, daha sonra gol yollar\u0131nda tutuk kalan Szymanski, bu sezon ise gol atmay\u0131 ba\u015faramam\u0131\u015ft\u0131.<\/p>\n<p>&#13;<br \/>\n\tDinamo Zagreb ma\u00e7\u0131 \u00f6ncesinde 7&#8217;si ilk 11&#8217;de 10 kar\u015f\u0131la\u015fmada g\u00f6rev alan Szymanski, bu sezon ilk gol\u00fcn\u00fc <a href=\"https:\/\/www.trthaber.com\/etiket\/hirvatistan\/\" target=\"_blank\">H\u0131rvatistan<\/a> temsilcisi kar\u015f\u0131s\u0131nda kaydetti.<\/p>\n<h2>&#13;<br \/>\n\t\u00c7a\u011flar sa\u011f bekte, Semedo orta alanda oynad\u0131<\/h2>\n<p>&#13;<br \/>\n\t<a href=\"https:\/\/www.trthaber.com\/etiket\/fenerbahce\/\" target=\"_blank\">Fenerbah\u00e7e<\/a> Teknik Direkt\u00f6r\u00fc Domenico Tedesco, Dinamo Zagreb kar\u015f\u0131s\u0131nda oyuncular\u0131n\u0131 farkl\u0131 pozisyonlarda de\u011ferlendirdi.<\/p>\n<p>&#13;<br \/>\n\tGen\u00e7 teknik adam, stoper \u00c7a\u011flar S\u00f6y\u00fcnc\u00fc&#8217;y\u00fc sa\u011f bekte, sa\u011f bek Nelson Semedo&#8217;yu ise orta alanda de\u011ferlendirdi.<\/p>\n<p>&#13;<br \/>\n\t\u00c7a\u011flar&#8217;\u0131 59. dakikada oyundan alan Tedesco, yerine Fred&#8217;i de\u011ferlendirdi ve Semedo&#8217;yu kendi pozisyonuna \u00e7ekti.<\/p>\n<h2>&#13;<br \/>\n\t13 bin 926 seyirci takip etti<\/h2>\n<p>&#13;<br \/>\n\tDinamo Zagreb ile Fenerbah\u00e7e aras\u0131nda oynanan m\u00fcsabakay\u0131 13 bin 926 biletli seyirci takip etti.<\/p>\n<p>&#13;<br \/>\n\tSar\u0131-lacivertli taraftarlar da kendilerine ayr\u0131lan b\u00f6l\u00fcm\u00fcn b\u00fcy\u00fck \u00e7o\u011funlu\u011funu doldurdu.<\/p>\n<\/p><\/div>\n","protected":false},"excerpt":{"rendered":"<p>&#13; Maksimir Stad\u0131&#8217;nda oynanan kar\u015f\u0131la\u015fmaya iki tak\u0131mda kontroll\u00fc ba\u015flad\u0131. Fenerbah\u00e7e, oyun kontrol\u00fcn\u00fc sa\u011flad\u0131\u011f\u0131 b\u00f6l\u00fcmde olu\u015fan karambolde 21. dakikada Dion Beljo&#8217;nun gol\u00fcyle yenik duruma d\u00fc\u015ft\u00fc. \u00c7abuk toparlanan sar\u0131-lacivertliler, 25. dakikada Sebastian Szymanski ile beraberli\u011fi yakalad\u0131. Kalan b\u00f6l\u00fcmde ba\u015fka gol olmad\u0131 ve ekipler soyunma odas\u0131na 1-1 e\u015fitlikle girdi. &#13; \u0130kinci yar\u0131ya h\u0131zl\u0131 giren Dinamo Zagreb, 50. dakikada [&hellip;]<\/p>\n","protected":false},"author":1,"featured_media":32198,"comment_status":"open","ping_status":"open","sticky":false,"template":"","format":"standard","meta":{"jnews-multi-image_gallery":[],"jnews_single_post":[],"jnews_primary_category":[],"jnews_social_meta":[],"jnews_override_counter":[],"footnotes":""},"categories":[4],"tags":[],"class_list":["post-32197","post","type-post","status-publish","format-standard","has-post-thumbnail","hentry","category-spor"],"yoast_head":"<!-- This site is optimized with the Yoast SEO plugin v27.5 - https:\/\/yoast.com\/product\/yoast-seo-wordpress\/ -->\n<title>Fenerbah\u00e7e, UEFA Avrupa Ligi&#039;ne ma\u011flubiyetle ba\u015flad\u0131 - Kuzeyin Sesi<\/title>\n<meta name=\"robots\" content=\"index, follow, max-snippet:-1, max-image-preview:large, max-video-preview:-1\" \/>\n<link rel=\"canonical\" href=\"https:\/\/kuzeyinsesi.org\/index.php\/2025\/09\/25\/fenerbahce-uefa-avrupa-ligine-maglubiyetle-basladi\/\" \/>\n<meta property=\"og:locale\" content=\"tr_TR\" \/>\n<meta property=\"og:type\" content=\"article\" \/>\n<meta property=\"og:title\" content=\"Fenerbah\u00e7e, UEFA Avrupa Ligi&#039;ne ma\u011flubiyetle ba\u015flad\u0131 - Kuzeyin Sesi\" \/>\n<meta property=\"og:description\" content=\"&#013; Maksimir Stad\u0131&#8217;nda oynanan kar\u015f\u0131la\u015fmaya iki tak\u0131mda kontroll\u00fc ba\u015flad\u0131. Fenerbah\u00e7e, oyun kontrol\u00fcn\u00fc sa\u011flad\u0131\u011f\u0131 b\u00f6l\u00fcmde olu\u015fan karambolde 21. dakikada Dion Beljo&#8217;nun gol\u00fcyle yenik duruma d\u00fc\u015ft\u00fc. \u00c7abuk toparlanan sar\u0131-lacivertliler, 25. dakikada Sebastian Szymanski ile beraberli\u011fi yakalad\u0131. Kalan b\u00f6l\u00fcmde ba\u015fka gol olmad\u0131 ve ekipler soyunma odas\u0131na 1-1 e\u015fitlikle girdi. &#013; \u0130kinci yar\u0131ya h\u0131zl\u0131 giren Dinamo Zagreb, 50. dakikada [&hellip;]\" \/>\n<meta property=\"og:url\" content=\"https:\/\/kuzeyinsesi.org\/index.php\/2025\/09\/25\/fenerbahce-uefa-avrupa-ligine-maglubiyetle-basladi\/\" \/>\n<meta property=\"og:site_name\" content=\"Kuzeyin Sesi\" \/>\n<meta property=\"article:publisher\" content=\"https:\/\/www.facebook.com\/kuzeyinsesii\" \/>\n<meta property=\"article:published_time\" content=\"2025-09-24T21:33:25+00:00\" \/>\n<meta property=\"og:image\" content=\"https:\/\/trthaberstatic.cdn.wp.trt.com.tr\/resimler\/2400000\/fenerbahce-2401345.jpg\" \/>\n<meta name=\"author\" content=\"Kuzeyin Sesi\" \/>\n<meta name=\"twitter:card\" content=\"summary_large_image\" \/>\n<meta name=\"twitter:creator\" content=\"@kuzeyinsesii\" \/>\n<meta name=\"twitter:site\" content=\"@kuzeyinsesii\" \/>\n<meta name=\"twitter:label1\" content=\"Yazan:\" \/>\n\t<meta name=\"twitter:data1\" content=\"Kuzeyin Sesi\" \/>\n\t<meta name=\"twitter:label2\" content=\"Tahmini okuma s\u00fcresi\" \/>\n\t<meta name=\"twitter:data2\" content=\"2 dakika\" \/>\n<script type=\"application\/ld+json\" class=\"yoast-schema-graph\">{\"@context\":\"https:\\\/\\\/schema.org\",\"@graph\":[{\"@type\":\"Article\",\"@id\":\"https:\\\/\\\/kuzeyinsesi.org\\\/index.php\\\/2025\\\/09\\\/25\\\/fenerbahce-uefa-avrupa-ligine-maglubiyetle-basladi\\\/#article\",\"isPartOf\":{\"@id\":\"https:\\\/\\\/kuzeyinsesi.org\\\/index.php\\\/2025\\\/09\\\/25\\\/fenerbahce-uefa-avrupa-ligine-maglubiyetle-basladi\\\/\"},\"author\":{\"name\":\"Kuzeyin Sesi\",\"@id\":\"https:\\\/\\\/kuzeyinsesi.org\\\/#\\\/schema\\\/person\\\/9f859689cdf01485597712386e37f5aa\"},\"headline\":\"Fenerbah\u00e7e, UEFA Avrupa Ligi&#039;ne ma\u011flubiyetle ba\u015flad\u0131\",\"datePublished\":\"2025-09-24T21:33:25+00:00\",\"mainEntityOfPage\":{\"@id\":\"https:\\\/\\\/kuzeyinsesi.org\\\/index.php\\\/2025\\\/09\\\/25\\\/fenerbahce-uefa-avrupa-ligine-maglubiyetle-basladi\\\/\"},\"wordCount\":328,\"commentCount\":0,\"image\":{\"@id\":\"https:\\\/\\\/kuzeyinsesi.org\\\/index.php\\\/2025\\\/09\\\/25\\\/fenerbahce-uefa-avrupa-ligine-maglubiyetle-basladi\\\/#primaryimage\"},\"thumbnailUrl\":\"https:\\\/\\\/kuzeyinsesi.org\\\/wp-content\\\/uploads\\\/2025\\\/09\\\/fenerbahce-2401345.jpg\",\"articleSection\":[\"Spor\"],\"inLanguage\":\"tr\",\"potentialAction\":[{\"@type\":\"CommentAction\",\"name\":\"Comment\",\"target\":[\"https:\\\/\\\/kuzeyinsesi.org\\\/index.php\\\/2025\\\/09\\\/25\\\/fenerbahce-uefa-avrupa-ligine-maglubiyetle-basladi\\\/#respond\"]}]},{\"@type\":\"WebPage\",\"@id\":\"https:\\\/\\\/kuzeyinsesi.org\\\/index.php\\\/2025\\\/09\\\/25\\\/fenerbahce-uefa-avrupa-ligine-maglubiyetle-basladi\\\/\",\"url\":\"https:\\\/\\\/kuzeyinsesi.org\\\/index.php\\\/2025\\\/09\\\/25\\\/fenerbahce-uefa-avrupa-ligine-maglubiyetle-basladi\\\/\",\"name\":\"Fenerbah\u00e7e, UEFA Avrupa Ligi&#039;ne ma\u011flubiyetle ba\u015flad\u0131 - Kuzeyin Sesi\",\"isPartOf\":{\"@id\":\"https:\\\/\\\/kuzeyinsesi.org\\\/#website\"},\"primaryImageOfPage\":{\"@id\":\"https:\\\/\\\/kuzeyinsesi.org\\\/index.php\\\/2025\\\/09\\\/25\\\/fenerbahce-uefa-avrupa-ligine-maglubiyetle-basladi\\\/#primaryimage\"},\"image\":{\"@id\":\"https:\\\/\\\/kuzeyinsesi.org\\\/index.php\\\/2025\\\/09\\\/25\\\/fenerbahce-uefa-avrupa-ligine-maglubiyetle-basladi\\\/#primaryimage\"},\"thumbnailUrl\":\"https:\\\/\\\/kuzeyinsesi.org\\\/wp-content\\\/uploads\\\/2025\\\/09\\\/fenerbahce-2401345.jpg\",\"datePublished\":\"2025-09-24T21:33:25+00:00\",\"author\":{\"@id\":\"https:\\\/\\\/kuzeyinsesi.org\\\/#\\\/schema\\\/person\\\/9f859689cdf01485597712386e37f5aa\"},\"breadcrumb\":{\"@id\":\"https:\\\/\\\/kuzeyinsesi.org\\\/index.php\\\/2025\\\/09\\\/25\\\/fenerbahce-uefa-avrupa-ligine-maglubiyetle-basladi\\\/#breadcrumb\"},\"inLanguage\":\"tr\",\"potentialAction\":[{\"@type\":\"ReadAction\",\"target\":[\"https:\\\/\\\/kuzeyinsesi.org\\\/index.php\\\/2025\\\/09\\\/25\\\/fenerbahce-uefa-avrupa-ligine-maglubiyetle-basladi\\\/\"]}]},{\"@type\":\"ImageObject\",\"inLanguage\":\"tr\",\"@id\":\"https:\\\/\\\/kuzeyinsesi.org\\\/index.php\\\/2025\\\/09\\\/25\\\/fenerbahce-uefa-avrupa-ligine-maglubiyetle-basladi\\\/#primaryimage\",\"url\":\"https:\\\/\\\/kuzeyinsesi.org\\\/wp-content\\\/uploads\\\/2025\\\/09\\\/fenerbahce-2401345.jpg\",\"contentUrl\":\"https:\\\/\\\/kuzeyinsesi.org\\\/wp-content\\\/uploads\\\/2025\\\/09\\\/fenerbahce-2401345.jpg\",\"width\":1280,\"height\":720},{\"@type\":\"BreadcrumbList\",\"@id\":\"https:\\\/\\\/kuzeyinsesi.org\\\/index.php\\\/2025\\\/09\\\/25\\\/fenerbahce-uefa-avrupa-ligine-maglubiyetle-basladi\\\/#breadcrumb\",\"itemListElement\":[{\"@type\":\"ListItem\",\"position\":1,\"name\":\"Anasayfa\",\"item\":\"https:\\\/\\\/kuzeyinsesi.org\\\/\"},{\"@type\":\"ListItem\",\"position\":2,\"name\":\"Fenerbah\u00e7e, UEFA Avrupa Ligi&#039;ne ma\u011flubiyetle ba\u015flad\u0131\"}]},{\"@type\":\"WebSite\",\"@id\":\"https:\\\/\\\/kuzeyinsesi.org\\\/#website\",\"url\":\"https:\\\/\\\/kuzeyinsesi.org\\\/\",\"name\":\"Kuzeyin Sesi\",\"description\":\"Do\u011fru Haberin Adresi\",\"potentialAction\":[{\"@type\":\"SearchAction\",\"target\":{\"@type\":\"EntryPoint\",\"urlTemplate\":\"https:\\\/\\\/kuzeyinsesi.org\\\/?s={search_term_string}\"},\"query-input\":{\"@type\":\"PropertyValueSpecification\",\"valueRequired\":true,\"valueName\":\"search_term_string\"}}],\"inLanguage\":\"tr\"},{\"@type\":\"Person\",\"@id\":\"https:\\\/\\\/kuzeyinsesi.org\\\/#\\\/schema\\\/person\\\/9f859689cdf01485597712386e37f5aa\",\"name\":\"Kuzeyin Sesi\",\"image\":{\"@type\":\"ImageObject\",\"inLanguage\":\"tr\",\"@id\":\"https:\\\/\\\/secure.gravatar.com\\\/avatar\\\/bab33852abfd8b282518d6ed81826833d77c3c882d9ab608add591ccace47a44?s=96&d=mm&r=g\",\"url\":\"https:\\\/\\\/secure.gravatar.com\\\/avatar\\\/bab33852abfd8b282518d6ed81826833d77c3c882d9ab608add591ccace47a44?s=96&d=mm&r=g\",\"contentUrl\":\"https:\\\/\\\/secure.gravatar.com\\\/avatar\\\/bab33852abfd8b282518d6ed81826833d77c3c882d9ab608add591ccace47a44?s=96&d=mm&r=g\",\"caption\":\"Kuzeyin Sesi\"},\"sameAs\":[\"https:\\\/\\\/kuzeyinsesi.org\"],\"url\":\"https:\\\/\\\/kuzeyinsesi.org\\\/index.php\\\/author\\\/guven\\\/\"}]}<\/script>\n<!-- \/ Yoast SEO plugin. -->","yoast_head_json":{"title":"Fenerbah\u00e7e, UEFA Avrupa Ligi&#039;ne ma\u011flubiyetle ba\u015flad\u0131 - Kuzeyin Sesi","robots":{"index":"index","follow":"follow","max-snippet":"max-snippet:-1","max-image-preview":"max-image-preview:large","max-video-preview":"max-video-preview:-1"},"canonical":"https:\/\/kuzeyinsesi.org\/index.php\/2025\/09\/25\/fenerbahce-uefa-avrupa-ligine-maglubiyetle-basladi\/","og_locale":"tr_TR","og_type":"article","og_title":"Fenerbah\u00e7e, UEFA Avrupa Ligi&#039;ne ma\u011flubiyetle ba\u015flad\u0131 - Kuzeyin Sesi","og_description":"&#13; Maksimir Stad\u0131&#8217;nda oynanan kar\u015f\u0131la\u015fmaya iki tak\u0131mda kontroll\u00fc ba\u015flad\u0131. Fenerbah\u00e7e, oyun kontrol\u00fcn\u00fc sa\u011flad\u0131\u011f\u0131 b\u00f6l\u00fcmde olu\u015fan karambolde 21. dakikada Dion Beljo&#8217;nun gol\u00fcyle yenik duruma d\u00fc\u015ft\u00fc. \u00c7abuk toparlanan sar\u0131-lacivertliler, 25. dakikada Sebastian Szymanski ile beraberli\u011fi yakalad\u0131. Kalan b\u00f6l\u00fcmde ba\u015fka gol olmad\u0131 ve ekipler soyunma odas\u0131na 1-1 e\u015fitlikle girdi. &#13; \u0130kinci yar\u0131ya h\u0131zl\u0131 giren Dinamo Zagreb, 50. dakikada [&hellip;]","og_url":"https:\/\/kuzeyinsesi.org\/index.php\/2025\/09\/25\/fenerbahce-uefa-avrupa-ligine-maglubiyetle-basladi\/","og_site_name":"Kuzeyin Sesi","article_publisher":"https:\/\/www.facebook.com\/kuzeyinsesii","article_published_time":"2025-09-24T21:33:25+00:00","og_image":[{"url":"https:\/\/trthaberstatic.cdn.wp.trt.com.tr\/resimler\/2400000\/fenerbahce-2401345.jpg","type":"","width":"","height":""}],"author":"Kuzeyin Sesi","twitter_card":"summary_large_image","twitter_creator":"@kuzeyinsesii","twitter_site":"@kuzeyinsesii","twitter_misc":{"Yazan:":"Kuzeyin Sesi","Tahmini okuma s\u00fcresi":"2 dakika"},"schema":{"@context":"https:\/\/schema.org","@graph":[{"@type":"Article","@id":"https:\/\/kuzeyinsesi.org\/index.php\/2025\/09\/25\/fenerbahce-uefa-avrupa-ligine-maglubiyetle-basladi\/#article","isPartOf":{"@id":"https:\/\/kuzeyinsesi.org\/index.php\/2025\/09\/25\/fenerbahce-uefa-avrupa-ligine-maglubiyetle-basladi\/"},"author":{"name":"Kuzeyin Sesi","@id":"https:\/\/kuzeyinsesi.org\/#\/schema\/person\/9f859689cdf01485597712386e37f5aa"},"headline":"Fenerbah\u00e7e, UEFA Avrupa Ligi&#039;ne ma\u011flubiyetle ba\u015flad\u0131","datePublished":"2025-09-24T21:33:25+00:00","mainEntityOfPage":{"@id":"https:\/\/kuzeyinsesi.org\/index.php\/2025\/09\/25\/fenerbahce-uefa-avrupa-ligine-maglubiyetle-basladi\/"},"wordCount":328,"commentCount":0,"image":{"@id":"https:\/\/kuzeyinsesi.org\/index.php\/2025\/09\/25\/fenerbahce-uefa-avrupa-ligine-maglubiyetle-basladi\/#primaryimage"},"thumbnailUrl":"https:\/\/kuzeyinsesi.org\/wp-content\/uploads\/2025\/09\/fenerbahce-2401345.jpg","articleSection":["Spor"],"inLanguage":"tr","potentialAction":[{"@type":"CommentAction","name":"Comment","target":["https:\/\/kuzeyinsesi.org\/index.php\/2025\/09\/25\/fenerbahce-uefa-avrupa-ligine-maglubiyetle-basladi\/#respond"]}]},{"@type":"WebPage","@id":"https:\/\/kuzeyinsesi.org\/index.php\/2025\/09\/25\/fenerbahce-uefa-avrupa-ligine-maglubiyetle-basladi\/","url":"https:\/\/kuzeyinsesi.org\/index.php\/2025\/09\/25\/fenerbahce-uefa-avrupa-ligine-maglubiyetle-basladi\/","name":"Fenerbah\u00e7e, UEFA Avrupa Ligi&#039;ne ma\u011flubiyetle ba\u015flad\u0131 - Kuzeyin Sesi","isPartOf":{"@id":"https:\/\/kuzeyinsesi.org\/#website"},"primaryImageOfPage":{"@id":"https:\/\/kuzeyinsesi.org\/index.php\/2025\/09\/25\/fenerbahce-uefa-avrupa-ligine-maglubiyetle-basladi\/#primaryimage"},"image":{"@id":"https:\/\/kuzeyinsesi.org\/index.php\/2025\/09\/25\/fenerbahce-uefa-avrupa-ligine-maglubiyetle-basladi\/#primaryimage"},"thumbnailUrl":"https:\/\/kuzeyinsesi.org\/wp-content\/uploads\/2025\/09\/fenerbahce-2401345.jpg","datePublished":"2025-09-24T21:33:25+00:00","author":{"@id":"https:\/\/kuzeyinsesi.org\/#\/schema\/person\/9f859689cdf01485597712386e37f5aa"},"breadcrumb":{"@id":"https:\/\/kuzeyinsesi.org\/index.php\/2025\/09\/25\/fenerbahce-uefa-avrupa-ligine-maglubiyetle-basladi\/#breadcrumb"},"inLanguage":"tr","potentialAction":[{"@type":"ReadAction","target":["https:\/\/kuzeyinsesi.org\/index.php\/2025\/09\/25\/fenerbahce-uefa-avrupa-ligine-maglubiyetle-basladi\/"]}]},{"@type":"ImageObject","inLanguage":"tr","@id":"https:\/\/kuzeyinsesi.org\/index.php\/2025\/09\/25\/fenerbahce-uefa-avrupa-ligine-maglubiyetle-basladi\/#primaryimage","url":"https:\/\/kuzeyinsesi.org\/wp-content\/uploads\/2025\/09\/fenerbahce-2401345.jpg","contentUrl":"https:\/\/kuzeyinsesi.org\/wp-content\/uploads\/2025\/09\/fenerbahce-2401345.jpg","width":1280,"height":720},{"@type":"BreadcrumbList","@id":"https:\/\/kuzeyinsesi.org\/index.php\/2025\/09\/25\/fenerbahce-uefa-avrupa-ligine-maglubiyetle-basladi\/#breadcrumb","itemListElement":[{"@type":"ListItem","position":1,"name":"Anasayfa","item":"https:\/\/kuzeyinsesi.org\/"},{"@type":"ListItem","position":2,"name":"Fenerbah\u00e7e, UEFA Avrupa Ligi&#039;ne ma\u011flubiyetle ba\u015flad\u0131"}]},{"@type":"WebSite","@id":"https:\/\/kuzeyinsesi.org\/#website","url":"https:\/\/kuzeyinsesi.org\/","name":"Kuzeyin Sesi","description":"Do\u011fru Haberin Adresi","potentialAction":[{"@type":"SearchAction","target":{"@type":"EntryPoint","urlTemplate":"https:\/\/kuzeyinsesi.org\/?s={search_term_string}"},"query-input":{"@type":"PropertyValueSpecification","valueRequired":true,"valueName":"search_term_string"}}],"inLanguage":"tr"},{"@type":"Person","@id":"https:\/\/kuzeyinsesi.org\/#\/schema\/person\/9f859689cdf01485597712386e37f5aa","name":"Kuzeyin Sesi","image":{"@type":"ImageObject","inLanguage":"tr","@id":"https:\/\/secure.gravatar.com\/avatar\/bab33852abfd8b282518d6ed81826833d77c3c882d9ab608add591ccace47a44?s=96&d=mm&r=g","url":"https:\/\/secure.gravatar.com\/avatar\/bab33852abfd8b282518d6ed81826833d77c3c882d9ab608add591ccace47a44?s=96&d=mm&r=g","contentUrl":"https:\/\/secure.gravatar.com\/avatar\/bab33852abfd8b282518d6ed81826833d77c3c882d9ab608add591ccace47a44?s=96&d=mm&r=g","caption":"Kuzeyin Sesi"},"sameAs":["https:\/\/kuzeyinsesi.org"],"url":"https:\/\/kuzeyinsesi.org\/index.php\/author\/guven\/"}]}},"_links":{"self":[{"href":"https:\/\/kuzeyinsesi.org\/index.php\/wp-json\/wp\/v2\/posts\/32197","targetHints":{"allow":["GET"]}}],"collection":[{"href":"https:\/\/kuzeyinsesi.org\/index.php\/wp-json\/wp\/v2\/posts"}],"about":[{"href":"https:\/\/kuzeyinsesi.org\/index.php\/wp-json\/wp\/v2\/types\/post"}],"author":[{"embeddable":true,"href":"https:\/\/kuzeyinsesi.org\/index.php\/wp-json\/wp\/v2\/users\/1"}],"replies":[{"embeddable":true,"href":"https:\/\/kuzeyinsesi.org\/index.php\/wp-json\/wp\/v2\/comments?post=32197"}],"version-history":[{"count":0,"href":"https:\/\/kuzeyinsesi.org\/index.php\/wp-json\/wp\/v2\/posts\/32197\/revisions"}],"wp:featuredmedia":[{"embeddable":true,"href":"https:\/\/kuzeyinsesi.org\/index.php\/wp-json\/wp\/v2\/media\/32198"}],"wp:attachment":[{"href":"https:\/\/kuzeyinsesi.org\/index.php\/wp-json\/wp\/v2\/media?parent=32197"}],"wp:term":[{"taxonomy":"category","embeddable":true,"href":"https:\/\/kuzeyinsesi.org\/index.php\/wp-json\/wp\/v2\/categories?post=32197"},{"taxonomy":"post_tag","embeddable":true,"href":"https:\/\/kuzeyinsesi.org\/index.php\/wp-json\/wp\/v2\/tags?post=32197"}],"curies":[{"name":"wp","href":"https:\/\/api.w.org\/{rel}","templated":true}]}}