{"id":32118,"date":"2025-09-23T17:54:05","date_gmt":"2025-09-23T14:54:05","guid":{"rendered":"https:\/\/kuzeyinsesi.org\/index.php\/2025\/09\/23\/basketbolda-38-erkekler-cumhurbaskanligi-kupasi-sahibini-buluyor\/"},"modified":"2025-09-23T17:54:05","modified_gmt":"2025-09-23T14:54:05","slug":"basketbolda-38-erkekler-cumhurbaskanligi-kupasi-sahibini-buluyor","status":"publish","type":"post","link":"https:\/\/kuzeyinsesi.org\/index.php\/2025\/09\/23\/basketbolda-38-erkekler-cumhurbaskanligi-kupasi-sahibini-buluyor\/","title":{"rendered":"Basketbolda 38. Erkekler Cumhurba\u015fkanl\u0131\u011f\u0131 Kupas\u0131 sahibini buluyor"},"content":{"rendered":"<p><\/p>\n<div>\n<p>&#13;<br \/>\n\tSinan Erdem Spor Salonu&#8217;nda oynanacak m\u00fcsabaka, saat 20.30&#8217;da ba\u015flayacak.<\/p>\n<p>&#13;<br \/>\n\tEmin Mo\u011fulko\u00e7, Serdar \u00dcnal ve \u00c7isil G\u00fcng\u00f6r hakem \u00fc\u00e7l\u00fcs\u00fc g\u00f6rev yapaca\u011f\u0131 m\u00fccadele, beIN Sports 5&#8217;ten canl\u0131 yay\u0131nlanacak.<\/p>\n<h2>&#13;<br \/>\n\t\u0130ki tak\u0131m\u0131n kupada ilk randevusu<\/h2>\n<p>&#13;<br \/>\n\t<a href=\"https:\/\/www.trthaber.com\/etiket\/fenerbahce\/\" target=\"_blank\">Fenerbah\u00e7e<\/a> Beko ile <a href=\"https:\/\/www.trthaber.com\/etiket\/besiktas\/\" target=\"_blank\">Be\u015fikta\u015f<\/a> GA\u0130N, <a href=\"https:\/\/www.trthaber.com\/etiket\/cumhurbaskanligi\/\" target=\"_blank\">Cumhurba\u015fkanl\u0131\u011f\u0131<\/a> Kupas\u0131&#8217;nda ilk kez kar\u015f\u0131la\u015facak.<\/p>\n<p>&#13;<br \/>\n\tSar\u0131-lacivertli tak\u0131m, ge\u00e7en sezon <a href=\"https:\/\/www.trthaber.com\/etiket\/basketbol\/\" target=\"_blank\">Basketbol<\/a> S\u00fcper Ligi play-off final serisinde siyah-beyazl\u0131lara 4-1 \u00fcst\u00fcnl\u00fck kurarak kupan\u0131n sahibi oldu.<\/p>\n<p>&#13;<br \/>\n\tFenerbah\u00e7e, <a href=\"https:\/\/www.trthaber.com\/etiket\/turkiye-kupasi\/\" target=\"_blank\">T\u00fcrkiye Kupas\u0131<\/a> finalinde de Be\u015fikta\u015f&#8217;\u0131 104-81 yenerek \u015fampiyonlu\u011fa ula\u015ft\u0131.<\/p>\n<h2>&#13;<br \/>\n\tFenerbah\u00e7e Beko, 7 kez \u015fampiyon oldu<\/h2>\n<p>&#13;<br \/>\n\tSar\u0131-lacivertli ekip, Cumhurba\u015fkanl\u0131\u011f\u0131 Kupas\u0131&#8217;n\u0131 7 kez m\u00fczesine g\u00f6t\u00fcrd\u00fc.<\/p>\n<p>&#13;<br \/>\n\tFenerbah\u00e7e, kupada ilk \u015fampiyonlu\u011funu 1989-1990 sezonunda Galatasaray&#8217;\u0131 95-86 yenerek elde etti.<\/p>\n<p>&#13;<br \/>\n\t1990-1991 ile 1993-1994&#8217;te de kupan\u0131n sahibi olan sar\u0131-lacivertliler, ard\u0131ndan uzun bir s\u00fcre organizasyonda sahne alamad\u0131. 2006-2007 sezonunda <a href=\"https:\/\/www.trthaber.com\/etiket\/anadolu\/\" target=\"_blank\">Anadolu<\/a> Efes&#8217;e 79-77 \u00fcst\u00fcnl\u00fck kurarak 13 y\u0131l sonra \u015fampiyonluk ipini g\u00f6\u011f\u00fcsleyen Fenerbah\u00e7e Beko, 2012-2013, 2015-2016 ve 2016-2017&#8217;de de mutlu sona ula\u015ft\u0131.<\/p>\n<p>&#13;<br \/>\n\tSarunas Jasikevicius&#8217;un ba\u015fantren\u00f6rl\u00fc\u011f\u00fcn\u00fc \u00fcstlendi\u011fi sar\u0131-lacivertliler, 19. kez m\u00fccadele edece\u011fi kupada 8 y\u0131ll\u0131k \u015fampiyonluk \u00f6zlemine son vermeye \u00e7al\u0131\u015facak.<\/p>\n<h2>&#13;<br \/>\n\tBe\u015fikta\u015f, bir defa kazand\u0131<\/h2>\n<p>&#13;<br \/>\n\tSiyah-beyazl\u0131 tak\u0131m, Cumhurba\u015fkanl\u0131\u011f\u0131 Kupas\u0131&#8217;nda sadece bir kez \u015fampiyonluk ya\u015fad\u0131.<\/p>\n<p>&#13;<br \/>\n\tBe\u015fikta\u015f, 30 Eyl\u00fcl 2012&#8217;de oynanan kar\u015f\u0131la\u015fmada Anadolu Efes&#8217;i 77-75 yenerek kupay\u0131 ilk kez m\u00fczesine g\u00f6t\u00fcrd\u00fc.<\/p>\n<p>&#13;<br \/>\n\tSiyah-beyazl\u0131lar, 1986-1987&#8217;de ise Kar\u015f\u0131yaka&#8217;ya 81-65 ma\u011flup olarak ikincilikle yetindi.<\/p>\n<p>&#13;<br \/>\n\tDusan Alimpijevic&#8217;in ba\u015fantren\u00f6rl\u00fc\u011f\u00fcn\u00fc yapt\u0131\u011f\u0131 Be\u015fikta\u015f GA\u0130N, derbide Fenerbah\u00e7e&#8217;ye \u00fcst\u00fcnl\u00fck sa\u011flad\u0131\u011f\u0131 takdirde 13 y\u0131l sonra Cumhurba\u015fkanl\u0131\u011f\u0131 Kupas\u0131&#8217;n\u0131n sahibi olacak.<\/p>\n<h2>&#13;<br \/>\n\tAnadolu Efes, 14 \u015fampiyonlukla zirvede<\/h2>\n<p>&#13;<br \/>\n\tLacivert-beyazl\u0131lar, Cumhurba\u015fkanl\u0131\u011f\u0131 Kupas\u0131&#8217;n\u0131 en \u00e7ok m\u00fczesine g\u00f6t\u00fcren tak\u0131m konumunda bulunuyor.<\/p>\n<p>&#13;<br \/>\n\tAnadolu Efes, kupada 1985-1986, 1991-1992, 1992-1993, 1995-1996, 1997-1998, 1999-2000, 2005-2006, 2008-2009, 2009-2010, 2014-2015, 2017-2018, 2018-2019, 2021-2022 ve 2023-2024&#8217;te \u015fampiyonlu\u011fa ula\u015ft\u0131.<\/p>\n<p>&#13;<br \/>\n\tNOT: Lacivert-beyazl\u0131 tak\u0131m, 14 \u015fampiyonlu\u011fun ilk 9&#8217;unu Efes Pilsen, son 5&#8217;ini <a href=\"https:\/\/www.trthaber.com\/etiket\/anadolu-efes\/\" target=\"_blank\">Anadolu Efes<\/a> ad\u0131 alt\u0131nda kazand\u0131.<\/p>\n<h2>&#13;<br \/>\n\t\u00dclkerspor, \u00fcst \u00fcste 5 kez kazanan tek ekip<\/h2>\n<p>&#13;<br \/>\n\tCumhurba\u015fkanl\u0131\u011f\u0131 Kupas\u0131&#8217;nda 6 \u015fampiyonlu\u011fu bulunan \u00dclkerspor, kupay\u0131 \u00fcst \u00fcste 5 kez m\u00fczesine g\u00f6t\u00fcren tek tak\u0131m olarak dikkati \u00e7ekiyor.<\/p>\n<p>&#13;<br \/>\n\t\u00dclkerspor, organizasyonda 1994-1995, 2000-2001, 2001-2002, 2002-2003, 2003-2004 ve 2004-2005 sezonlar\u0131nda \u015fampiyon oldu.<\/p>\n<p>&#13;<br \/>\n\t1985&#8217;ten bu yana organize edilen kupada Galatasaray, P\u0131nar Kar\u015f\u0131yaka ve T\u00fcrk Telekom iki\u015fer, Eczac\u0131ba\u015f\u0131, \u00c7ukurova ve TOFA\u015e da birer kez mutlu sona ula\u015ft\u0131.<\/p>\n<\/p><\/div>\n","protected":false},"excerpt":{"rendered":"<p>&#13; Sinan Erdem Spor Salonu&#8217;nda oynanacak m\u00fcsabaka, saat 20.30&#8217;da ba\u015flayacak. &#13; Emin Mo\u011fulko\u00e7, Serdar \u00dcnal ve \u00c7isil G\u00fcng\u00f6r hakem \u00fc\u00e7l\u00fcs\u00fc g\u00f6rev yapaca\u011f\u0131 m\u00fccadele, beIN Sports 5&#8217;ten canl\u0131 yay\u0131nlanacak. &#13; \u0130ki tak\u0131m\u0131n kupada ilk randevusu &#13; Fenerbah\u00e7e Beko ile Be\u015fikta\u015f GA\u0130N, Cumhurba\u015fkanl\u0131\u011f\u0131 Kupas\u0131&#8217;nda ilk kez kar\u015f\u0131la\u015facak. &#13; Sar\u0131-lacivertli tak\u0131m, ge\u00e7en sezon Basketbol S\u00fcper Ligi play-off final [&hellip;]<\/p>\n","protected":false},"author":1,"featured_media":32119,"comment_status":"open","ping_status":"open","sticky":false,"template":"","format":"standard","meta":{"jnews-multi-image_gallery":[],"jnews_single_post":[],"jnews_primary_category":[],"jnews_social_meta":[],"jnews_override_counter":[],"footnotes":""},"categories":[4],"tags":[],"class_list":["post-32118","post","type-post","status-publish","format-standard","has-post-thumbnail","hentry","category-spor"],"yoast_head":"<!-- This site is optimized with the Yoast SEO plugin v27.5 - https:\/\/yoast.com\/product\/yoast-seo-wordpress\/ -->\n<title>Basketbolda 38. Erkekler Cumhurba\u015fkanl\u0131\u011f\u0131 Kupas\u0131 sahibini buluyor - Kuzeyin Sesi<\/title>\n<meta name=\"robots\" content=\"index, follow, max-snippet:-1, max-image-preview:large, max-video-preview:-1\" \/>\n<link rel=\"canonical\" href=\"https:\/\/kuzeyinsesi.org\/index.php\/2025\/09\/23\/basketbolda-38-erkekler-cumhurbaskanligi-kupasi-sahibini-buluyor\/\" \/>\n<meta property=\"og:locale\" content=\"tr_TR\" \/>\n<meta property=\"og:type\" content=\"article\" \/>\n<meta property=\"og:title\" content=\"Basketbolda 38. Erkekler Cumhurba\u015fkanl\u0131\u011f\u0131 Kupas\u0131 sahibini buluyor - Kuzeyin Sesi\" \/>\n<meta property=\"og:description\" content=\"&#013; Sinan Erdem Spor Salonu&#8217;nda oynanacak m\u00fcsabaka, saat 20.30&#8217;da ba\u015flayacak. &#013; Emin Mo\u011fulko\u00e7, Serdar \u00dcnal ve \u00c7isil G\u00fcng\u00f6r hakem \u00fc\u00e7l\u00fcs\u00fc g\u00f6rev yapaca\u011f\u0131 m\u00fccadele, beIN Sports 5&#8217;ten canl\u0131 yay\u0131nlanacak. &#013; \u0130ki tak\u0131m\u0131n kupada ilk randevusu &#013; Fenerbah\u00e7e Beko ile Be\u015fikta\u015f GA\u0130N, Cumhurba\u015fkanl\u0131\u011f\u0131 Kupas\u0131&#8217;nda ilk kez kar\u015f\u0131la\u015facak. &#013; Sar\u0131-lacivertli tak\u0131m, ge\u00e7en sezon Basketbol S\u00fcper Ligi play-off final [&hellip;]\" \/>\n<meta property=\"og:url\" content=\"https:\/\/kuzeyinsesi.org\/index.php\/2025\/09\/23\/basketbolda-38-erkekler-cumhurbaskanligi-kupasi-sahibini-buluyor\/\" \/>\n<meta property=\"og:site_name\" content=\"Kuzeyin Sesi\" \/>\n<meta property=\"article:publisher\" content=\"https:\/\/www.facebook.com\/kuzeyinsesii\" \/>\n<meta property=\"article:published_time\" content=\"2025-09-23T14:54:05+00:00\" \/>\n<meta property=\"og:image\" content=\"https:\/\/trthaberstatic.cdn.wp.trt.com.tr\/resimler\/2400000\/basketbol-kupa-2400843.jpg\" \/>\n<meta name=\"author\" content=\"Kuzeyin Sesi\" \/>\n<meta name=\"twitter:card\" content=\"summary_large_image\" \/>\n<meta name=\"twitter:creator\" content=\"@kuzeyinsesii\" \/>\n<meta name=\"twitter:site\" content=\"@kuzeyinsesii\" \/>\n<meta name=\"twitter:label1\" content=\"Yazan:\" \/>\n\t<meta name=\"twitter:data1\" content=\"Kuzeyin Sesi\" \/>\n\t<meta name=\"twitter:label2\" content=\"Tahmini okuma s\u00fcresi\" \/>\n\t<meta name=\"twitter:data2\" content=\"2 dakika\" \/>\n<script type=\"application\/ld+json\" class=\"yoast-schema-graph\">{\"@context\":\"https:\\\/\\\/schema.org\",\"@graph\":[{\"@type\":\"Article\",\"@id\":\"https:\\\/\\\/kuzeyinsesi.org\\\/index.php\\\/2025\\\/09\\\/23\\\/basketbolda-38-erkekler-cumhurbaskanligi-kupasi-sahibini-buluyor\\\/#article\",\"isPartOf\":{\"@id\":\"https:\\\/\\\/kuzeyinsesi.org\\\/index.php\\\/2025\\\/09\\\/23\\\/basketbolda-38-erkekler-cumhurbaskanligi-kupasi-sahibini-buluyor\\\/\"},\"author\":{\"name\":\"Kuzeyin Sesi\",\"@id\":\"https:\\\/\\\/kuzeyinsesi.org\\\/#\\\/schema\\\/person\\\/9f859689cdf01485597712386e37f5aa\"},\"headline\":\"Basketbolda 38. Erkekler Cumhurba\u015fkanl\u0131\u011f\u0131 Kupas\u0131 sahibini buluyor\",\"datePublished\":\"2025-09-23T14:54:05+00:00\",\"mainEntityOfPage\":{\"@id\":\"https:\\\/\\\/kuzeyinsesi.org\\\/index.php\\\/2025\\\/09\\\/23\\\/basketbolda-38-erkekler-cumhurbaskanligi-kupasi-sahibini-buluyor\\\/\"},\"wordCount\":435,\"commentCount\":0,\"image\":{\"@id\":\"https:\\\/\\\/kuzeyinsesi.org\\\/index.php\\\/2025\\\/09\\\/23\\\/basketbolda-38-erkekler-cumhurbaskanligi-kupasi-sahibini-buluyor\\\/#primaryimage\"},\"thumbnailUrl\":\"https:\\\/\\\/kuzeyinsesi.org\\\/wp-content\\\/uploads\\\/2025\\\/09\\\/basketbol-kupa-2400843.jpg\",\"articleSection\":[\"Spor\"],\"inLanguage\":\"tr\",\"potentialAction\":[{\"@type\":\"CommentAction\",\"name\":\"Comment\",\"target\":[\"https:\\\/\\\/kuzeyinsesi.org\\\/index.php\\\/2025\\\/09\\\/23\\\/basketbolda-38-erkekler-cumhurbaskanligi-kupasi-sahibini-buluyor\\\/#respond\"]}]},{\"@type\":\"WebPage\",\"@id\":\"https:\\\/\\\/kuzeyinsesi.org\\\/index.php\\\/2025\\\/09\\\/23\\\/basketbolda-38-erkekler-cumhurbaskanligi-kupasi-sahibini-buluyor\\\/\",\"url\":\"https:\\\/\\\/kuzeyinsesi.org\\\/index.php\\\/2025\\\/09\\\/23\\\/basketbolda-38-erkekler-cumhurbaskanligi-kupasi-sahibini-buluyor\\\/\",\"name\":\"Basketbolda 38. Erkekler Cumhurba\u015fkanl\u0131\u011f\u0131 Kupas\u0131 sahibini buluyor - Kuzeyin Sesi\",\"isPartOf\":{\"@id\":\"https:\\\/\\\/kuzeyinsesi.org\\\/#website\"},\"primaryImageOfPage\":{\"@id\":\"https:\\\/\\\/kuzeyinsesi.org\\\/index.php\\\/2025\\\/09\\\/23\\\/basketbolda-38-erkekler-cumhurbaskanligi-kupasi-sahibini-buluyor\\\/#primaryimage\"},\"image\":{\"@id\":\"https:\\\/\\\/kuzeyinsesi.org\\\/index.php\\\/2025\\\/09\\\/23\\\/basketbolda-38-erkekler-cumhurbaskanligi-kupasi-sahibini-buluyor\\\/#primaryimage\"},\"thumbnailUrl\":\"https:\\\/\\\/kuzeyinsesi.org\\\/wp-content\\\/uploads\\\/2025\\\/09\\\/basketbol-kupa-2400843.jpg\",\"datePublished\":\"2025-09-23T14:54:05+00:00\",\"author\":{\"@id\":\"https:\\\/\\\/kuzeyinsesi.org\\\/#\\\/schema\\\/person\\\/9f859689cdf01485597712386e37f5aa\"},\"breadcrumb\":{\"@id\":\"https:\\\/\\\/kuzeyinsesi.org\\\/index.php\\\/2025\\\/09\\\/23\\\/basketbolda-38-erkekler-cumhurbaskanligi-kupasi-sahibini-buluyor\\\/#breadcrumb\"},\"inLanguage\":\"tr\",\"potentialAction\":[{\"@type\":\"ReadAction\",\"target\":[\"https:\\\/\\\/kuzeyinsesi.org\\\/index.php\\\/2025\\\/09\\\/23\\\/basketbolda-38-erkekler-cumhurbaskanligi-kupasi-sahibini-buluyor\\\/\"]}]},{\"@type\":\"ImageObject\",\"inLanguage\":\"tr\",\"@id\":\"https:\\\/\\\/kuzeyinsesi.org\\\/index.php\\\/2025\\\/09\\\/23\\\/basketbolda-38-erkekler-cumhurbaskanligi-kupasi-sahibini-buluyor\\\/#primaryimage\",\"url\":\"https:\\\/\\\/kuzeyinsesi.org\\\/wp-content\\\/uploads\\\/2025\\\/09\\\/basketbol-kupa-2400843.jpg\",\"contentUrl\":\"https:\\\/\\\/kuzeyinsesi.org\\\/wp-content\\\/uploads\\\/2025\\\/09\\\/basketbol-kupa-2400843.jpg\",\"width\":1280,\"height\":720},{\"@type\":\"BreadcrumbList\",\"@id\":\"https:\\\/\\\/kuzeyinsesi.org\\\/index.php\\\/2025\\\/09\\\/23\\\/basketbolda-38-erkekler-cumhurbaskanligi-kupasi-sahibini-buluyor\\\/#breadcrumb\",\"itemListElement\":[{\"@type\":\"ListItem\",\"position\":1,\"name\":\"Anasayfa\",\"item\":\"https:\\\/\\\/kuzeyinsesi.org\\\/\"},{\"@type\":\"ListItem\",\"position\":2,\"name\":\"Basketbolda 38. Erkekler Cumhurba\u015fkanl\u0131\u011f\u0131 Kupas\u0131 sahibini buluyor\"}]},{\"@type\":\"WebSite\",\"@id\":\"https:\\\/\\\/kuzeyinsesi.org\\\/#website\",\"url\":\"https:\\\/\\\/kuzeyinsesi.org\\\/\",\"name\":\"Kuzeyin Sesi\",\"description\":\"Do\u011fru Haberin Adresi\",\"potentialAction\":[{\"@type\":\"SearchAction\",\"target\":{\"@type\":\"EntryPoint\",\"urlTemplate\":\"https:\\\/\\\/kuzeyinsesi.org\\\/?s={search_term_string}\"},\"query-input\":{\"@type\":\"PropertyValueSpecification\",\"valueRequired\":true,\"valueName\":\"search_term_string\"}}],\"inLanguage\":\"tr\"},{\"@type\":\"Person\",\"@id\":\"https:\\\/\\\/kuzeyinsesi.org\\\/#\\\/schema\\\/person\\\/9f859689cdf01485597712386e37f5aa\",\"name\":\"Kuzeyin Sesi\",\"image\":{\"@type\":\"ImageObject\",\"inLanguage\":\"tr\",\"@id\":\"https:\\\/\\\/secure.gravatar.com\\\/avatar\\\/bab33852abfd8b282518d6ed81826833d77c3c882d9ab608add591ccace47a44?s=96&d=mm&r=g\",\"url\":\"https:\\\/\\\/secure.gravatar.com\\\/avatar\\\/bab33852abfd8b282518d6ed81826833d77c3c882d9ab608add591ccace47a44?s=96&d=mm&r=g\",\"contentUrl\":\"https:\\\/\\\/secure.gravatar.com\\\/avatar\\\/bab33852abfd8b282518d6ed81826833d77c3c882d9ab608add591ccace47a44?s=96&d=mm&r=g\",\"caption\":\"Kuzeyin Sesi\"},\"sameAs\":[\"https:\\\/\\\/kuzeyinsesi.org\"],\"url\":\"https:\\\/\\\/kuzeyinsesi.org\\\/index.php\\\/author\\\/guven\\\/\"}]}<\/script>\n<!-- \/ Yoast SEO plugin. -->","yoast_head_json":{"title":"Basketbolda 38. Erkekler Cumhurba\u015fkanl\u0131\u011f\u0131 Kupas\u0131 sahibini buluyor - Kuzeyin Sesi","robots":{"index":"index","follow":"follow","max-snippet":"max-snippet:-1","max-image-preview":"max-image-preview:large","max-video-preview":"max-video-preview:-1"},"canonical":"https:\/\/kuzeyinsesi.org\/index.php\/2025\/09\/23\/basketbolda-38-erkekler-cumhurbaskanligi-kupasi-sahibini-buluyor\/","og_locale":"tr_TR","og_type":"article","og_title":"Basketbolda 38. Erkekler Cumhurba\u015fkanl\u0131\u011f\u0131 Kupas\u0131 sahibini buluyor - Kuzeyin Sesi","og_description":"&#13; Sinan Erdem Spor Salonu&#8217;nda oynanacak m\u00fcsabaka, saat 20.30&#8217;da ba\u015flayacak. &#13; Emin Mo\u011fulko\u00e7, Serdar \u00dcnal ve \u00c7isil G\u00fcng\u00f6r hakem \u00fc\u00e7l\u00fcs\u00fc g\u00f6rev yapaca\u011f\u0131 m\u00fccadele, beIN Sports 5&#8217;ten canl\u0131 yay\u0131nlanacak. &#13; \u0130ki tak\u0131m\u0131n kupada ilk randevusu &#13; Fenerbah\u00e7e Beko ile Be\u015fikta\u015f GA\u0130N, Cumhurba\u015fkanl\u0131\u011f\u0131 Kupas\u0131&#8217;nda ilk kez kar\u015f\u0131la\u015facak. &#13; Sar\u0131-lacivertli tak\u0131m, ge\u00e7en sezon Basketbol S\u00fcper Ligi play-off final [&hellip;]","og_url":"https:\/\/kuzeyinsesi.org\/index.php\/2025\/09\/23\/basketbolda-38-erkekler-cumhurbaskanligi-kupasi-sahibini-buluyor\/","og_site_name":"Kuzeyin Sesi","article_publisher":"https:\/\/www.facebook.com\/kuzeyinsesii","article_published_time":"2025-09-23T14:54:05+00:00","og_image":[{"url":"https:\/\/trthaberstatic.cdn.wp.trt.com.tr\/resimler\/2400000\/basketbol-kupa-2400843.jpg","type":"","width":"","height":""}],"author":"Kuzeyin Sesi","twitter_card":"summary_large_image","twitter_creator":"@kuzeyinsesii","twitter_site":"@kuzeyinsesii","twitter_misc":{"Yazan:":"Kuzeyin Sesi","Tahmini okuma s\u00fcresi":"2 dakika"},"schema":{"@context":"https:\/\/schema.org","@graph":[{"@type":"Article","@id":"https:\/\/kuzeyinsesi.org\/index.php\/2025\/09\/23\/basketbolda-38-erkekler-cumhurbaskanligi-kupasi-sahibini-buluyor\/#article","isPartOf":{"@id":"https:\/\/kuzeyinsesi.org\/index.php\/2025\/09\/23\/basketbolda-38-erkekler-cumhurbaskanligi-kupasi-sahibini-buluyor\/"},"author":{"name":"Kuzeyin Sesi","@id":"https:\/\/kuzeyinsesi.org\/#\/schema\/person\/9f859689cdf01485597712386e37f5aa"},"headline":"Basketbolda 38. Erkekler Cumhurba\u015fkanl\u0131\u011f\u0131 Kupas\u0131 sahibini buluyor","datePublished":"2025-09-23T14:54:05+00:00","mainEntityOfPage":{"@id":"https:\/\/kuzeyinsesi.org\/index.php\/2025\/09\/23\/basketbolda-38-erkekler-cumhurbaskanligi-kupasi-sahibini-buluyor\/"},"wordCount":435,"commentCount":0,"image":{"@id":"https:\/\/kuzeyinsesi.org\/index.php\/2025\/09\/23\/basketbolda-38-erkekler-cumhurbaskanligi-kupasi-sahibini-buluyor\/#primaryimage"},"thumbnailUrl":"https:\/\/kuzeyinsesi.org\/wp-content\/uploads\/2025\/09\/basketbol-kupa-2400843.jpg","articleSection":["Spor"],"inLanguage":"tr","potentialAction":[{"@type":"CommentAction","name":"Comment","target":["https:\/\/kuzeyinsesi.org\/index.php\/2025\/09\/23\/basketbolda-38-erkekler-cumhurbaskanligi-kupasi-sahibini-buluyor\/#respond"]}]},{"@type":"WebPage","@id":"https:\/\/kuzeyinsesi.org\/index.php\/2025\/09\/23\/basketbolda-38-erkekler-cumhurbaskanligi-kupasi-sahibini-buluyor\/","url":"https:\/\/kuzeyinsesi.org\/index.php\/2025\/09\/23\/basketbolda-38-erkekler-cumhurbaskanligi-kupasi-sahibini-buluyor\/","name":"Basketbolda 38. Erkekler Cumhurba\u015fkanl\u0131\u011f\u0131 Kupas\u0131 sahibini buluyor - Kuzeyin Sesi","isPartOf":{"@id":"https:\/\/kuzeyinsesi.org\/#website"},"primaryImageOfPage":{"@id":"https:\/\/kuzeyinsesi.org\/index.php\/2025\/09\/23\/basketbolda-38-erkekler-cumhurbaskanligi-kupasi-sahibini-buluyor\/#primaryimage"},"image":{"@id":"https:\/\/kuzeyinsesi.org\/index.php\/2025\/09\/23\/basketbolda-38-erkekler-cumhurbaskanligi-kupasi-sahibini-buluyor\/#primaryimage"},"thumbnailUrl":"https:\/\/kuzeyinsesi.org\/wp-content\/uploads\/2025\/09\/basketbol-kupa-2400843.jpg","datePublished":"2025-09-23T14:54:05+00:00","author":{"@id":"https:\/\/kuzeyinsesi.org\/#\/schema\/person\/9f859689cdf01485597712386e37f5aa"},"breadcrumb":{"@id":"https:\/\/kuzeyinsesi.org\/index.php\/2025\/09\/23\/basketbolda-38-erkekler-cumhurbaskanligi-kupasi-sahibini-buluyor\/#breadcrumb"},"inLanguage":"tr","potentialAction":[{"@type":"ReadAction","target":["https:\/\/kuzeyinsesi.org\/index.php\/2025\/09\/23\/basketbolda-38-erkekler-cumhurbaskanligi-kupasi-sahibini-buluyor\/"]}]},{"@type":"ImageObject","inLanguage":"tr","@id":"https:\/\/kuzeyinsesi.org\/index.php\/2025\/09\/23\/basketbolda-38-erkekler-cumhurbaskanligi-kupasi-sahibini-buluyor\/#primaryimage","url":"https:\/\/kuzeyinsesi.org\/wp-content\/uploads\/2025\/09\/basketbol-kupa-2400843.jpg","contentUrl":"https:\/\/kuzeyinsesi.org\/wp-content\/uploads\/2025\/09\/basketbol-kupa-2400843.jpg","width":1280,"height":720},{"@type":"BreadcrumbList","@id":"https:\/\/kuzeyinsesi.org\/index.php\/2025\/09\/23\/basketbolda-38-erkekler-cumhurbaskanligi-kupasi-sahibini-buluyor\/#breadcrumb","itemListElement":[{"@type":"ListItem","position":1,"name":"Anasayfa","item":"https:\/\/kuzeyinsesi.org\/"},{"@type":"ListItem","position":2,"name":"Basketbolda 38. Erkekler Cumhurba\u015fkanl\u0131\u011f\u0131 Kupas\u0131 sahibini buluyor"}]},{"@type":"WebSite","@id":"https:\/\/kuzeyinsesi.org\/#website","url":"https:\/\/kuzeyinsesi.org\/","name":"Kuzeyin Sesi","description":"Do\u011fru Haberin Adresi","potentialAction":[{"@type":"SearchAction","target":{"@type":"EntryPoint","urlTemplate":"https:\/\/kuzeyinsesi.org\/?s={search_term_string}"},"query-input":{"@type":"PropertyValueSpecification","valueRequired":true,"valueName":"search_term_string"}}],"inLanguage":"tr"},{"@type":"Person","@id":"https:\/\/kuzeyinsesi.org\/#\/schema\/person\/9f859689cdf01485597712386e37f5aa","name":"Kuzeyin Sesi","image":{"@type":"ImageObject","inLanguage":"tr","@id":"https:\/\/secure.gravatar.com\/avatar\/bab33852abfd8b282518d6ed81826833d77c3c882d9ab608add591ccace47a44?s=96&d=mm&r=g","url":"https:\/\/secure.gravatar.com\/avatar\/bab33852abfd8b282518d6ed81826833d77c3c882d9ab608add591ccace47a44?s=96&d=mm&r=g","contentUrl":"https:\/\/secure.gravatar.com\/avatar\/bab33852abfd8b282518d6ed81826833d77c3c882d9ab608add591ccace47a44?s=96&d=mm&r=g","caption":"Kuzeyin Sesi"},"sameAs":["https:\/\/kuzeyinsesi.org"],"url":"https:\/\/kuzeyinsesi.org\/index.php\/author\/guven\/"}]}},"_links":{"self":[{"href":"https:\/\/kuzeyinsesi.org\/index.php\/wp-json\/wp\/v2\/posts\/32118","targetHints":{"allow":["GET"]}}],"collection":[{"href":"https:\/\/kuzeyinsesi.org\/index.php\/wp-json\/wp\/v2\/posts"}],"about":[{"href":"https:\/\/kuzeyinsesi.org\/index.php\/wp-json\/wp\/v2\/types\/post"}],"author":[{"embeddable":true,"href":"https:\/\/kuzeyinsesi.org\/index.php\/wp-json\/wp\/v2\/users\/1"}],"replies":[{"embeddable":true,"href":"https:\/\/kuzeyinsesi.org\/index.php\/wp-json\/wp\/v2\/comments?post=32118"}],"version-history":[{"count":0,"href":"https:\/\/kuzeyinsesi.org\/index.php\/wp-json\/wp\/v2\/posts\/32118\/revisions"}],"wp:featuredmedia":[{"embeddable":true,"href":"https:\/\/kuzeyinsesi.org\/index.php\/wp-json\/wp\/v2\/media\/32119"}],"wp:attachment":[{"href":"https:\/\/kuzeyinsesi.org\/index.php\/wp-json\/wp\/v2\/media?parent=32118"}],"wp:term":[{"taxonomy":"category","embeddable":true,"href":"https:\/\/kuzeyinsesi.org\/index.php\/wp-json\/wp\/v2\/categories?post=32118"},{"taxonomy":"post_tag","embeddable":true,"href":"https:\/\/kuzeyinsesi.org\/index.php\/wp-json\/wp\/v2\/tags?post=32118"}],"curies":[{"name":"wp","href":"https:\/\/api.w.org\/{rel}","templated":true}]}}