{"id":3210,"date":"2024-05-23T14:05:18","date_gmt":"2024-05-23T11:05:18","guid":{"rendered":"https:\/\/kuzeyinsesi.com\/index.php\/2024\/05\/23\/makamer-seslerin-ozgurlugu-kadinlar-korosu-turkiye-korolar-senligine-katiliyor\/"},"modified":"2024-05-23T14:05:18","modified_gmt":"2024-05-23T11:05:18","slug":"makamer-seslerin-ozgurlugu-kadinlar-korosu-turkiye-korolar-senligine-katiliyor","status":"publish","type":"post","link":"https:\/\/kuzeyinsesi.org\/index.php\/2024\/05\/23\/makamer-seslerin-ozgurlugu-kadinlar-korosu-turkiye-korolar-senligine-katiliyor\/","title":{"rendered":"MAKAMER Seslerin \u00d6zg\u00fcrl\u00fc\u011f\u00fc Kad\u0131nlar Korosu, T\u00fcrkiye Korolar \u015eenli\u011fi\u2019ne kat\u0131l\u0131yor"},"content":{"rendered":"<div>\n<div class=\"mariselle-image-container center\">\n                                            <\/div>\n<p>Ma\u011fusa Kad\u0131n Merkezi Derne\u011fi (MAKAMER) Seslerin \u00d6zg\u00fcrl\u00fc\u011f\u00fc Kad\u0131nlar Korosu, 26. T\u00fcrkiye Korolar \u015eenli\u011fi\u2019ne kat\u0131l\u0131yor.<\/p>\n<p>MAKAMER\u2019den yap\u0131lan yaz\u0131l\u0131 a\u00e7\u0131klamaya g\u00f6re, T\u00fcrkiye Polifonik Korolar Derne\u011fi\u2019nin 28 May\u0131s -2 Haziran tarihleri aras\u0131nda d\u00fczenleyece\u011fi \u015fenli\u011fe kat\u0131lacak koroya \u015eef Rana Ulu\u00e7ay e\u015flik edecek.<\/p>\n<p>Etkinlikte, kad\u0131nlar\u0131n hak ve \u00f6zg\u00fcrl\u00fckleri, kad\u0131na kar\u015f\u0131 \u015fiddete fark\u0131ndal\u0131k i\u00e7eren \u015fark\u0131lar\u0131n yan\u0131 s\u0131ra K\u0131br\u0131s Halk \u015eark\u0131lar\u0131 ve \u015eampiyon Meleklerin an\u0131s\u0131na \u015eirin Zaimo\u011flu taraf\u0131ndan yaz\u0131lan ve Oskay Hoca taraf\u0131ndan bestelenen \u201cYasak \u015eubat\u201d adl\u0131 \u015fark\u0131 seslendirilecek.<\/p>\n<p>Koroya, piyanoda Uliana Kremenetskaya, kemanda K\u00fcr\u015fat Tilki ve yan fl\u00fctte Mehmet Sakarya e\u015flik edecek.<\/p>\n<\/p><\/div>\n<p><script async\n                    defer\n                    crossorigin=\"anonymous\"\n                    src=\"https:\/\/connect.facebook.net\/tr_TR\/sdk.js#xfbml=1&#038;version=v3.3\"\n            ><\/script><\/p>\n","protected":false},"excerpt":{"rendered":"<p>Ma\u011fusa Kad\u0131n Merkezi Derne\u011fi (MAKAMER) Seslerin \u00d6zg\u00fcrl\u00fc\u011f\u00fc Kad\u0131nlar Korosu, 26. T\u00fcrkiye Korolar \u015eenli\u011fi\u2019ne kat\u0131l\u0131yor. MAKAMER\u2019den yap\u0131lan yaz\u0131l\u0131 a\u00e7\u0131klamaya g\u00f6re, T\u00fcrkiye Polifonik Korolar Derne\u011fi\u2019nin 28 May\u0131s -2 Haziran tarihleri aras\u0131nda d\u00fczenleyece\u011fi \u015fenli\u011fe kat\u0131lacak koroya \u015eef Rana Ulu\u00e7ay e\u015flik edecek. Etkinlikte, kad\u0131nlar\u0131n hak ve \u00f6zg\u00fcrl\u00fckleri, kad\u0131na kar\u015f\u0131 \u015fiddete fark\u0131ndal\u0131k i\u00e7eren \u015fark\u0131lar\u0131n yan\u0131 s\u0131ra K\u0131br\u0131s Halk \u015eark\u0131lar\u0131 ve [&hellip;]<\/p>\n","protected":false},"author":1,"featured_media":3211,"comment_status":"open","ping_status":"open","sticky":false,"template":"","format":"standard","meta":{"jnews-multi-image_gallery":[],"jnews_single_post":[],"jnews_primary_category":[],"jnews_social_meta":[],"jnews_override_counter":[],"footnotes":""},"categories":[6],"tags":[],"class_list":["post-3210","post","type-post","status-publish","format-standard","has-post-thumbnail","hentry","category-yasam"],"yoast_head":"<!-- This site is optimized with the Yoast SEO plugin v27.5 - https:\/\/yoast.com\/product\/yoast-seo-wordpress\/ -->\n<title>MAKAMER Seslerin \u00d6zg\u00fcrl\u00fc\u011f\u00fc Kad\u0131nlar Korosu, T\u00fcrkiye Korolar \u015eenli\u011fi\u2019ne kat\u0131l\u0131yor - Kuzeyin Sesi<\/title>\n<meta name=\"robots\" content=\"index, follow, max-snippet:-1, max-image-preview:large, max-video-preview:-1\" \/>\n<link rel=\"canonical\" href=\"https:\/\/kuzeyinsesi.org\/index.php\/2024\/05\/23\/makamer-seslerin-ozgurlugu-kadinlar-korosu-turkiye-korolar-senligine-katiliyor\/\" \/>\n<meta property=\"og:locale\" content=\"tr_TR\" \/>\n<meta property=\"og:type\" content=\"article\" \/>\n<meta property=\"og:title\" content=\"MAKAMER Seslerin \u00d6zg\u00fcrl\u00fc\u011f\u00fc Kad\u0131nlar Korosu, T\u00fcrkiye Korolar \u015eenli\u011fi\u2019ne kat\u0131l\u0131yor - Kuzeyin Sesi\" \/>\n<meta property=\"og:description\" content=\"Ma\u011fusa Kad\u0131n Merkezi Derne\u011fi (MAKAMER) Seslerin \u00d6zg\u00fcrl\u00fc\u011f\u00fc Kad\u0131nlar Korosu, 26. T\u00fcrkiye Korolar \u015eenli\u011fi\u2019ne kat\u0131l\u0131yor. MAKAMER\u2019den yap\u0131lan yaz\u0131l\u0131 a\u00e7\u0131klamaya g\u00f6re, T\u00fcrkiye Polifonik Korolar Derne\u011fi\u2019nin 28 May\u0131s -2 Haziran tarihleri aras\u0131nda d\u00fczenleyece\u011fi \u015fenli\u011fe kat\u0131lacak koroya \u015eef Rana Ulu\u00e7ay e\u015flik edecek. Etkinlikte, kad\u0131nlar\u0131n hak ve \u00f6zg\u00fcrl\u00fckleri, kad\u0131na kar\u015f\u0131 \u015fiddete fark\u0131ndal\u0131k i\u00e7eren \u015fark\u0131lar\u0131n yan\u0131 s\u0131ra K\u0131br\u0131s Halk \u015eark\u0131lar\u0131 ve [&hellip;]\" \/>\n<meta property=\"og:url\" content=\"https:\/\/kuzeyinsesi.org\/index.php\/2024\/05\/23\/makamer-seslerin-ozgurlugu-kadinlar-korosu-turkiye-korolar-senligine-katiliyor\/\" \/>\n<meta property=\"og:site_name\" content=\"Kuzeyin Sesi\" \/>\n<meta property=\"article:publisher\" content=\"https:\/\/www.facebook.com\/kuzeyinsesii\" \/>\n<meta property=\"article:published_time\" content=\"2024-05-23T11:05:18+00:00\" \/>\n<meta property=\"og:image\" content=\"https:\/\/kuzeyinsesi.org\/wp-content\/uploads\/2024\/05\/4232-scaled.jpg\" \/>\n\t<meta property=\"og:image:width\" content=\"2560\" \/>\n\t<meta property=\"og:image:height\" content=\"1304\" \/>\n\t<meta property=\"og:image:type\" content=\"image\/jpeg\" \/>\n<meta name=\"author\" content=\"Kuzeyin Sesi\" \/>\n<meta name=\"twitter:card\" content=\"summary_large_image\" \/>\n<meta name=\"twitter:creator\" content=\"@kuzeyinsesii\" \/>\n<meta name=\"twitter:site\" content=\"@kuzeyinsesii\" \/>\n<meta name=\"twitter:label1\" content=\"Yazan:\" \/>\n\t<meta name=\"twitter:data1\" content=\"Kuzeyin Sesi\" \/>\n\t<meta name=\"twitter:label2\" content=\"Tahmini okuma s\u00fcresi\" \/>\n\t<meta name=\"twitter:data2\" content=\"1 dakika\" \/>\n<script type=\"application\/ld+json\" class=\"yoast-schema-graph\">{\"@context\":\"https:\\\/\\\/schema.org\",\"@graph\":[{\"@type\":\"Article\",\"@id\":\"https:\\\/\\\/kuzeyinsesi.org\\\/index.php\\\/2024\\\/05\\\/23\\\/makamer-seslerin-ozgurlugu-kadinlar-korosu-turkiye-korolar-senligine-katiliyor\\\/#article\",\"isPartOf\":{\"@id\":\"https:\\\/\\\/kuzeyinsesi.org\\\/index.php\\\/2024\\\/05\\\/23\\\/makamer-seslerin-ozgurlugu-kadinlar-korosu-turkiye-korolar-senligine-katiliyor\\\/\"},\"author\":{\"name\":\"Kuzeyin Sesi\",\"@id\":\"https:\\\/\\\/kuzeyinsesi.org\\\/#\\\/schema\\\/person\\\/9f859689cdf01485597712386e37f5aa\"},\"headline\":\"MAKAMER Seslerin \u00d6zg\u00fcrl\u00fc\u011f\u00fc Kad\u0131nlar Korosu, T\u00fcrkiye Korolar \u015eenli\u011fi\u2019ne kat\u0131l\u0131yor\",\"datePublished\":\"2024-05-23T11:05:18+00:00\",\"mainEntityOfPage\":{\"@id\":\"https:\\\/\\\/kuzeyinsesi.org\\\/index.php\\\/2024\\\/05\\\/23\\\/makamer-seslerin-ozgurlugu-kadinlar-korosu-turkiye-korolar-senligine-katiliyor\\\/\"},\"wordCount\":150,\"commentCount\":0,\"image\":{\"@id\":\"https:\\\/\\\/kuzeyinsesi.org\\\/index.php\\\/2024\\\/05\\\/23\\\/makamer-seslerin-ozgurlugu-kadinlar-korosu-turkiye-korolar-senligine-katiliyor\\\/#primaryimage\"},\"thumbnailUrl\":\"https:\\\/\\\/kuzeyinsesi.org\\\/wp-content\\\/uploads\\\/2024\\\/05\\\/4232-scaled.jpg\",\"articleSection\":[\"Ya\u015fam\"],\"inLanguage\":\"tr\",\"potentialAction\":[{\"@type\":\"CommentAction\",\"name\":\"Comment\",\"target\":[\"https:\\\/\\\/kuzeyinsesi.org\\\/index.php\\\/2024\\\/05\\\/23\\\/makamer-seslerin-ozgurlugu-kadinlar-korosu-turkiye-korolar-senligine-katiliyor\\\/#respond\"]}]},{\"@type\":\"WebPage\",\"@id\":\"https:\\\/\\\/kuzeyinsesi.org\\\/index.php\\\/2024\\\/05\\\/23\\\/makamer-seslerin-ozgurlugu-kadinlar-korosu-turkiye-korolar-senligine-katiliyor\\\/\",\"url\":\"https:\\\/\\\/kuzeyinsesi.org\\\/index.php\\\/2024\\\/05\\\/23\\\/makamer-seslerin-ozgurlugu-kadinlar-korosu-turkiye-korolar-senligine-katiliyor\\\/\",\"name\":\"MAKAMER Seslerin \u00d6zg\u00fcrl\u00fc\u011f\u00fc Kad\u0131nlar Korosu, T\u00fcrkiye Korolar \u015eenli\u011fi\u2019ne kat\u0131l\u0131yor - Kuzeyin Sesi\",\"isPartOf\":{\"@id\":\"https:\\\/\\\/kuzeyinsesi.org\\\/#website\"},\"primaryImageOfPage\":{\"@id\":\"https:\\\/\\\/kuzeyinsesi.org\\\/index.php\\\/2024\\\/05\\\/23\\\/makamer-seslerin-ozgurlugu-kadinlar-korosu-turkiye-korolar-senligine-katiliyor\\\/#primaryimage\"},\"image\":{\"@id\":\"https:\\\/\\\/kuzeyinsesi.org\\\/index.php\\\/2024\\\/05\\\/23\\\/makamer-seslerin-ozgurlugu-kadinlar-korosu-turkiye-korolar-senligine-katiliyor\\\/#primaryimage\"},\"thumbnailUrl\":\"https:\\\/\\\/kuzeyinsesi.org\\\/wp-content\\\/uploads\\\/2024\\\/05\\\/4232-scaled.jpg\",\"datePublished\":\"2024-05-23T11:05:18+00:00\",\"author\":{\"@id\":\"https:\\\/\\\/kuzeyinsesi.org\\\/#\\\/schema\\\/person\\\/9f859689cdf01485597712386e37f5aa\"},\"breadcrumb\":{\"@id\":\"https:\\\/\\\/kuzeyinsesi.org\\\/index.php\\\/2024\\\/05\\\/23\\\/makamer-seslerin-ozgurlugu-kadinlar-korosu-turkiye-korolar-senligine-katiliyor\\\/#breadcrumb\"},\"inLanguage\":\"tr\",\"potentialAction\":[{\"@type\":\"ReadAction\",\"target\":[\"https:\\\/\\\/kuzeyinsesi.org\\\/index.php\\\/2024\\\/05\\\/23\\\/makamer-seslerin-ozgurlugu-kadinlar-korosu-turkiye-korolar-senligine-katiliyor\\\/\"]}]},{\"@type\":\"ImageObject\",\"inLanguage\":\"tr\",\"@id\":\"https:\\\/\\\/kuzeyinsesi.org\\\/index.php\\\/2024\\\/05\\\/23\\\/makamer-seslerin-ozgurlugu-kadinlar-korosu-turkiye-korolar-senligine-katiliyor\\\/#primaryimage\",\"url\":\"https:\\\/\\\/kuzeyinsesi.org\\\/wp-content\\\/uploads\\\/2024\\\/05\\\/4232-scaled.jpg\",\"contentUrl\":\"https:\\\/\\\/kuzeyinsesi.org\\\/wp-content\\\/uploads\\\/2024\\\/05\\\/4232-scaled.jpg\",\"width\":2560,\"height\":1304},{\"@type\":\"BreadcrumbList\",\"@id\":\"https:\\\/\\\/kuzeyinsesi.org\\\/index.php\\\/2024\\\/05\\\/23\\\/makamer-seslerin-ozgurlugu-kadinlar-korosu-turkiye-korolar-senligine-katiliyor\\\/#breadcrumb\",\"itemListElement\":[{\"@type\":\"ListItem\",\"position\":1,\"name\":\"Anasayfa\",\"item\":\"https:\\\/\\\/kuzeyinsesi.org\\\/\"},{\"@type\":\"ListItem\",\"position\":2,\"name\":\"MAKAMER Seslerin \u00d6zg\u00fcrl\u00fc\u011f\u00fc Kad\u0131nlar Korosu, T\u00fcrkiye Korolar \u015eenli\u011fi\u2019ne kat\u0131l\u0131yor\"}]},{\"@type\":\"WebSite\",\"@id\":\"https:\\\/\\\/kuzeyinsesi.org\\\/#website\",\"url\":\"https:\\\/\\\/kuzeyinsesi.org\\\/\",\"name\":\"Kuzeyin Sesi\",\"description\":\"Do\u011fru Haberin Adresi\",\"potentialAction\":[{\"@type\":\"SearchAction\",\"target\":{\"@type\":\"EntryPoint\",\"urlTemplate\":\"https:\\\/\\\/kuzeyinsesi.org\\\/?s={search_term_string}\"},\"query-input\":{\"@type\":\"PropertyValueSpecification\",\"valueRequired\":true,\"valueName\":\"search_term_string\"}}],\"inLanguage\":\"tr\"},{\"@type\":\"Person\",\"@id\":\"https:\\\/\\\/kuzeyinsesi.org\\\/#\\\/schema\\\/person\\\/9f859689cdf01485597712386e37f5aa\",\"name\":\"Kuzeyin Sesi\",\"image\":{\"@type\":\"ImageObject\",\"inLanguage\":\"tr\",\"@id\":\"https:\\\/\\\/secure.gravatar.com\\\/avatar\\\/bab33852abfd8b282518d6ed81826833d77c3c882d9ab608add591ccace47a44?s=96&d=mm&r=g\",\"url\":\"https:\\\/\\\/secure.gravatar.com\\\/avatar\\\/bab33852abfd8b282518d6ed81826833d77c3c882d9ab608add591ccace47a44?s=96&d=mm&r=g\",\"contentUrl\":\"https:\\\/\\\/secure.gravatar.com\\\/avatar\\\/bab33852abfd8b282518d6ed81826833d77c3c882d9ab608add591ccace47a44?s=96&d=mm&r=g\",\"caption\":\"Kuzeyin Sesi\"},\"sameAs\":[\"https:\\\/\\\/kuzeyinsesi.org\"],\"url\":\"https:\\\/\\\/kuzeyinsesi.org\\\/index.php\\\/author\\\/guven\\\/\"}]}<\/script>\n<!-- \/ Yoast SEO plugin. -->","yoast_head_json":{"title":"MAKAMER Seslerin \u00d6zg\u00fcrl\u00fc\u011f\u00fc Kad\u0131nlar Korosu, T\u00fcrkiye Korolar \u015eenli\u011fi\u2019ne kat\u0131l\u0131yor - Kuzeyin Sesi","robots":{"index":"index","follow":"follow","max-snippet":"max-snippet:-1","max-image-preview":"max-image-preview:large","max-video-preview":"max-video-preview:-1"},"canonical":"https:\/\/kuzeyinsesi.org\/index.php\/2024\/05\/23\/makamer-seslerin-ozgurlugu-kadinlar-korosu-turkiye-korolar-senligine-katiliyor\/","og_locale":"tr_TR","og_type":"article","og_title":"MAKAMER Seslerin \u00d6zg\u00fcrl\u00fc\u011f\u00fc Kad\u0131nlar Korosu, T\u00fcrkiye Korolar \u015eenli\u011fi\u2019ne kat\u0131l\u0131yor - Kuzeyin Sesi","og_description":"Ma\u011fusa Kad\u0131n Merkezi Derne\u011fi (MAKAMER) Seslerin \u00d6zg\u00fcrl\u00fc\u011f\u00fc Kad\u0131nlar Korosu, 26. T\u00fcrkiye Korolar \u015eenli\u011fi\u2019ne kat\u0131l\u0131yor. MAKAMER\u2019den yap\u0131lan yaz\u0131l\u0131 a\u00e7\u0131klamaya g\u00f6re, T\u00fcrkiye Polifonik Korolar Derne\u011fi\u2019nin 28 May\u0131s -2 Haziran tarihleri aras\u0131nda d\u00fczenleyece\u011fi \u015fenli\u011fe kat\u0131lacak koroya \u015eef Rana Ulu\u00e7ay e\u015flik edecek. Etkinlikte, kad\u0131nlar\u0131n hak ve \u00f6zg\u00fcrl\u00fckleri, kad\u0131na kar\u015f\u0131 \u015fiddete fark\u0131ndal\u0131k i\u00e7eren \u015fark\u0131lar\u0131n yan\u0131 s\u0131ra K\u0131br\u0131s Halk \u015eark\u0131lar\u0131 ve [&hellip;]","og_url":"https:\/\/kuzeyinsesi.org\/index.php\/2024\/05\/23\/makamer-seslerin-ozgurlugu-kadinlar-korosu-turkiye-korolar-senligine-katiliyor\/","og_site_name":"Kuzeyin Sesi","article_publisher":"https:\/\/www.facebook.com\/kuzeyinsesii","article_published_time":"2024-05-23T11:05:18+00:00","og_image":[{"width":2560,"height":1304,"url":"https:\/\/kuzeyinsesi.org\/wp-content\/uploads\/2024\/05\/4232-scaled.jpg","type":"image\/jpeg"}],"author":"Kuzeyin Sesi","twitter_card":"summary_large_image","twitter_creator":"@kuzeyinsesii","twitter_site":"@kuzeyinsesii","twitter_misc":{"Yazan:":"Kuzeyin Sesi","Tahmini okuma s\u00fcresi":"1 dakika"},"schema":{"@context":"https:\/\/schema.org","@graph":[{"@type":"Article","@id":"https:\/\/kuzeyinsesi.org\/index.php\/2024\/05\/23\/makamer-seslerin-ozgurlugu-kadinlar-korosu-turkiye-korolar-senligine-katiliyor\/#article","isPartOf":{"@id":"https:\/\/kuzeyinsesi.org\/index.php\/2024\/05\/23\/makamer-seslerin-ozgurlugu-kadinlar-korosu-turkiye-korolar-senligine-katiliyor\/"},"author":{"name":"Kuzeyin Sesi","@id":"https:\/\/kuzeyinsesi.org\/#\/schema\/person\/9f859689cdf01485597712386e37f5aa"},"headline":"MAKAMER Seslerin \u00d6zg\u00fcrl\u00fc\u011f\u00fc Kad\u0131nlar Korosu, T\u00fcrkiye Korolar \u015eenli\u011fi\u2019ne kat\u0131l\u0131yor","datePublished":"2024-05-23T11:05:18+00:00","mainEntityOfPage":{"@id":"https:\/\/kuzeyinsesi.org\/index.php\/2024\/05\/23\/makamer-seslerin-ozgurlugu-kadinlar-korosu-turkiye-korolar-senligine-katiliyor\/"},"wordCount":150,"commentCount":0,"image":{"@id":"https:\/\/kuzeyinsesi.org\/index.php\/2024\/05\/23\/makamer-seslerin-ozgurlugu-kadinlar-korosu-turkiye-korolar-senligine-katiliyor\/#primaryimage"},"thumbnailUrl":"https:\/\/kuzeyinsesi.org\/wp-content\/uploads\/2024\/05\/4232-scaled.jpg","articleSection":["Ya\u015fam"],"inLanguage":"tr","potentialAction":[{"@type":"CommentAction","name":"Comment","target":["https:\/\/kuzeyinsesi.org\/index.php\/2024\/05\/23\/makamer-seslerin-ozgurlugu-kadinlar-korosu-turkiye-korolar-senligine-katiliyor\/#respond"]}]},{"@type":"WebPage","@id":"https:\/\/kuzeyinsesi.org\/index.php\/2024\/05\/23\/makamer-seslerin-ozgurlugu-kadinlar-korosu-turkiye-korolar-senligine-katiliyor\/","url":"https:\/\/kuzeyinsesi.org\/index.php\/2024\/05\/23\/makamer-seslerin-ozgurlugu-kadinlar-korosu-turkiye-korolar-senligine-katiliyor\/","name":"MAKAMER Seslerin \u00d6zg\u00fcrl\u00fc\u011f\u00fc Kad\u0131nlar Korosu, T\u00fcrkiye Korolar \u015eenli\u011fi\u2019ne kat\u0131l\u0131yor - Kuzeyin Sesi","isPartOf":{"@id":"https:\/\/kuzeyinsesi.org\/#website"},"primaryImageOfPage":{"@id":"https:\/\/kuzeyinsesi.org\/index.php\/2024\/05\/23\/makamer-seslerin-ozgurlugu-kadinlar-korosu-turkiye-korolar-senligine-katiliyor\/#primaryimage"},"image":{"@id":"https:\/\/kuzeyinsesi.org\/index.php\/2024\/05\/23\/makamer-seslerin-ozgurlugu-kadinlar-korosu-turkiye-korolar-senligine-katiliyor\/#primaryimage"},"thumbnailUrl":"https:\/\/kuzeyinsesi.org\/wp-content\/uploads\/2024\/05\/4232-scaled.jpg","datePublished":"2024-05-23T11:05:18+00:00","author":{"@id":"https:\/\/kuzeyinsesi.org\/#\/schema\/person\/9f859689cdf01485597712386e37f5aa"},"breadcrumb":{"@id":"https:\/\/kuzeyinsesi.org\/index.php\/2024\/05\/23\/makamer-seslerin-ozgurlugu-kadinlar-korosu-turkiye-korolar-senligine-katiliyor\/#breadcrumb"},"inLanguage":"tr","potentialAction":[{"@type":"ReadAction","target":["https:\/\/kuzeyinsesi.org\/index.php\/2024\/05\/23\/makamer-seslerin-ozgurlugu-kadinlar-korosu-turkiye-korolar-senligine-katiliyor\/"]}]},{"@type":"ImageObject","inLanguage":"tr","@id":"https:\/\/kuzeyinsesi.org\/index.php\/2024\/05\/23\/makamer-seslerin-ozgurlugu-kadinlar-korosu-turkiye-korolar-senligine-katiliyor\/#primaryimage","url":"https:\/\/kuzeyinsesi.org\/wp-content\/uploads\/2024\/05\/4232-scaled.jpg","contentUrl":"https:\/\/kuzeyinsesi.org\/wp-content\/uploads\/2024\/05\/4232-scaled.jpg","width":2560,"height":1304},{"@type":"BreadcrumbList","@id":"https:\/\/kuzeyinsesi.org\/index.php\/2024\/05\/23\/makamer-seslerin-ozgurlugu-kadinlar-korosu-turkiye-korolar-senligine-katiliyor\/#breadcrumb","itemListElement":[{"@type":"ListItem","position":1,"name":"Anasayfa","item":"https:\/\/kuzeyinsesi.org\/"},{"@type":"ListItem","position":2,"name":"MAKAMER Seslerin \u00d6zg\u00fcrl\u00fc\u011f\u00fc Kad\u0131nlar Korosu, T\u00fcrkiye Korolar \u015eenli\u011fi\u2019ne kat\u0131l\u0131yor"}]},{"@type":"WebSite","@id":"https:\/\/kuzeyinsesi.org\/#website","url":"https:\/\/kuzeyinsesi.org\/","name":"Kuzeyin Sesi","description":"Do\u011fru Haberin Adresi","potentialAction":[{"@type":"SearchAction","target":{"@type":"EntryPoint","urlTemplate":"https:\/\/kuzeyinsesi.org\/?s={search_term_string}"},"query-input":{"@type":"PropertyValueSpecification","valueRequired":true,"valueName":"search_term_string"}}],"inLanguage":"tr"},{"@type":"Person","@id":"https:\/\/kuzeyinsesi.org\/#\/schema\/person\/9f859689cdf01485597712386e37f5aa","name":"Kuzeyin Sesi","image":{"@type":"ImageObject","inLanguage":"tr","@id":"https:\/\/secure.gravatar.com\/avatar\/bab33852abfd8b282518d6ed81826833d77c3c882d9ab608add591ccace47a44?s=96&d=mm&r=g","url":"https:\/\/secure.gravatar.com\/avatar\/bab33852abfd8b282518d6ed81826833d77c3c882d9ab608add591ccace47a44?s=96&d=mm&r=g","contentUrl":"https:\/\/secure.gravatar.com\/avatar\/bab33852abfd8b282518d6ed81826833d77c3c882d9ab608add591ccace47a44?s=96&d=mm&r=g","caption":"Kuzeyin Sesi"},"sameAs":["https:\/\/kuzeyinsesi.org"],"url":"https:\/\/kuzeyinsesi.org\/index.php\/author\/guven\/"}]}},"_links":{"self":[{"href":"https:\/\/kuzeyinsesi.org\/index.php\/wp-json\/wp\/v2\/posts\/3210","targetHints":{"allow":["GET"]}}],"collection":[{"href":"https:\/\/kuzeyinsesi.org\/index.php\/wp-json\/wp\/v2\/posts"}],"about":[{"href":"https:\/\/kuzeyinsesi.org\/index.php\/wp-json\/wp\/v2\/types\/post"}],"author":[{"embeddable":true,"href":"https:\/\/kuzeyinsesi.org\/index.php\/wp-json\/wp\/v2\/users\/1"}],"replies":[{"embeddable":true,"href":"https:\/\/kuzeyinsesi.org\/index.php\/wp-json\/wp\/v2\/comments?post=3210"}],"version-history":[{"count":0,"href":"https:\/\/kuzeyinsesi.org\/index.php\/wp-json\/wp\/v2\/posts\/3210\/revisions"}],"wp:featuredmedia":[{"embeddable":true,"href":"https:\/\/kuzeyinsesi.org\/index.php\/wp-json\/wp\/v2\/media\/3211"}],"wp:attachment":[{"href":"https:\/\/kuzeyinsesi.org\/index.php\/wp-json\/wp\/v2\/media?parent=3210"}],"wp:term":[{"taxonomy":"category","embeddable":true,"href":"https:\/\/kuzeyinsesi.org\/index.php\/wp-json\/wp\/v2\/categories?post=3210"},{"taxonomy":"post_tag","embeddable":true,"href":"https:\/\/kuzeyinsesi.org\/index.php\/wp-json\/wp\/v2\/tags?post=3210"}],"curies":[{"name":"wp","href":"https:\/\/api.w.org\/{rel}","templated":true}]}}