{"id":3204,"date":"2024-05-23T13:04:06","date_gmt":"2024-05-23T10:04:06","guid":{"rendered":"https:\/\/kuzeyinsesi.com\/index.php\/2024\/05\/23\/19-uluslararasi-bellapais-ilkbahar-muzik-festivali-suruyor\/"},"modified":"2024-05-23T13:04:06","modified_gmt":"2024-05-23T10:04:06","slug":"19-uluslararasi-bellapais-ilkbahar-muzik-festivali-suruyor","status":"publish","type":"post","link":"https:\/\/kuzeyinsesi.org\/index.php\/2024\/05\/23\/19-uluslararasi-bellapais-ilkbahar-muzik-festivali-suruyor\/","title":{"rendered":"19. Uluslararas\u0131 Bellapais \u0130lkbahar M\u00fczik Festivali s\u00fcr\u00fcyor"},"content":{"rendered":"<div>\n<div class=\"mariselle-image-container center\">\n                                            <\/div>\n<p>19. Uluslararas\u0131 Bellapais \u0130lkbahar M\u00fczik Festivali kapsam\u0131nda yar\u0131n ak\u015fam Expromte Trio ve Bariton Evren Karag\u00f6z konser verecek. <\/p>\n<p>Bellapais Manast\u0131r\u0131\u2019nda saat 20.00\u2019de ba\u015flayacak konserin ilk b\u00f6l\u00fcm\u00fcnde Expromte Trio Beethoven\u2019in \u201cDo min\u00f6r piyanolu trio\u201dsunu seslendirecek. Konserin ikinci b\u00f6l\u00fcm\u00fcnde ise Expromte Trio ve Bariton Evren Karag\u00f6z, T\u00fcrk\u00e7e ve yabanc\u0131 pop\u00fcler \u015fark\u0131lar sunacak.<\/p>\n<p>Ba\u015fbakan Yard\u0131mc\u0131l\u0131\u011f\u0131 Turizm, K\u00fclt\u00fcr, Gen\u00e7lik ve \u00c7evre Bakanl\u0131\u011f\u0131, Deniz Plaza, Bellapais Gardens ve Kybele\u2019nin katk\u0131lar\u0131yla, Kuzey K\u0131br\u0131s M\u00fczik Derne\u011fi taraf\u0131ndan d\u00fczenlenen festival, 31 May\u0131s\u2019 a kadar 12 farkl\u0131 konsere ev sahipli\u011fi yapacak.<\/p>\n<p>Konser biletleri; Deniz Plaza ma\u011fazalar\u0131, Bellapais Manast\u0131r\u0131 bilet ofisi, konser giri\u015fi veya online bilet olarak \u201cbiletfest.com\u201d dan temin edilebiliyor.<\/p>\n<\/p><\/div>\n<p><script async\n                    defer\n                    crossorigin=\"anonymous\"\n                    src=\"https:\/\/connect.facebook.net\/tr_TR\/sdk.js#xfbml=1&#038;version=v3.3\"\n            ><\/script><\/p>\n","protected":false},"excerpt":{"rendered":"<p>19. Uluslararas\u0131 Bellapais \u0130lkbahar M\u00fczik Festivali kapsam\u0131nda yar\u0131n ak\u015fam Expromte Trio ve Bariton Evren Karag\u00f6z konser verecek. Bellapais Manast\u0131r\u0131\u2019nda saat 20.00\u2019de ba\u015flayacak konserin ilk b\u00f6l\u00fcm\u00fcnde Expromte Trio Beethoven\u2019in \u201cDo min\u00f6r piyanolu trio\u201dsunu seslendirecek. Konserin ikinci b\u00f6l\u00fcm\u00fcnde ise Expromte Trio ve Bariton Evren Karag\u00f6z, T\u00fcrk\u00e7e ve yabanc\u0131 pop\u00fcler \u015fark\u0131lar sunacak. Ba\u015fbakan Yard\u0131mc\u0131l\u0131\u011f\u0131 Turizm, K\u00fclt\u00fcr, Gen\u00e7lik ve [&hellip;]<\/p>\n","protected":false},"author":1,"featured_media":3205,"comment_status":"open","ping_status":"open","sticky":false,"template":"","format":"standard","meta":{"jnews-multi-image_gallery":[],"jnews_single_post":[],"jnews_primary_category":[],"jnews_social_meta":[],"jnews_override_counter":[],"footnotes":""},"categories":[6],"tags":[],"class_list":["post-3204","post","type-post","status-publish","format-standard","has-post-thumbnail","hentry","category-yasam"],"yoast_head":"<!-- This site is optimized with the Yoast SEO plugin v27.5 - https:\/\/yoast.com\/product\/yoast-seo-wordpress\/ -->\n<title>19. Uluslararas\u0131 Bellapais \u0130lkbahar M\u00fczik Festivali s\u00fcr\u00fcyor - Kuzeyin Sesi<\/title>\n<meta name=\"robots\" content=\"index, follow, max-snippet:-1, max-image-preview:large, max-video-preview:-1\" \/>\n<link rel=\"canonical\" href=\"https:\/\/kuzeyinsesi.org\/index.php\/2024\/05\/23\/19-uluslararasi-bellapais-ilkbahar-muzik-festivali-suruyor\/\" \/>\n<meta property=\"og:locale\" content=\"tr_TR\" \/>\n<meta property=\"og:type\" content=\"article\" \/>\n<meta property=\"og:title\" content=\"19. Uluslararas\u0131 Bellapais \u0130lkbahar M\u00fczik Festivali s\u00fcr\u00fcyor - Kuzeyin Sesi\" \/>\n<meta property=\"og:description\" content=\"19. Uluslararas\u0131 Bellapais \u0130lkbahar M\u00fczik Festivali kapsam\u0131nda yar\u0131n ak\u015fam Expromte Trio ve Bariton Evren Karag\u00f6z konser verecek. Bellapais Manast\u0131r\u0131\u2019nda saat 20.00\u2019de ba\u015flayacak konserin ilk b\u00f6l\u00fcm\u00fcnde Expromte Trio Beethoven\u2019in \u201cDo min\u00f6r piyanolu trio\u201dsunu seslendirecek. Konserin ikinci b\u00f6l\u00fcm\u00fcnde ise Expromte Trio ve Bariton Evren Karag\u00f6z, T\u00fcrk\u00e7e ve yabanc\u0131 pop\u00fcler \u015fark\u0131lar sunacak. Ba\u015fbakan Yard\u0131mc\u0131l\u0131\u011f\u0131 Turizm, K\u00fclt\u00fcr, Gen\u00e7lik ve [&hellip;]\" \/>\n<meta property=\"og:url\" content=\"https:\/\/kuzeyinsesi.org\/index.php\/2024\/05\/23\/19-uluslararasi-bellapais-ilkbahar-muzik-festivali-suruyor\/\" \/>\n<meta property=\"og:site_name\" content=\"Kuzeyin Sesi\" \/>\n<meta property=\"article:publisher\" content=\"https:\/\/www.facebook.com\/kuzeyinsesii\" \/>\n<meta property=\"article:published_time\" content=\"2024-05-23T10:04:06+00:00\" \/>\n<meta property=\"og:image\" content=\"https:\/\/kuzeyinsesi.org\/wp-content\/uploads\/2024\/05\/bellapais-muzik-festivali1.jpg\" \/>\n\t<meta property=\"og:image:width\" content=\"1080\" \/>\n\t<meta property=\"og:image:height\" content=\"565\" \/>\n\t<meta property=\"og:image:type\" content=\"image\/jpeg\" \/>\n<meta name=\"author\" content=\"Kuzeyin Sesi\" \/>\n<meta name=\"twitter:card\" content=\"summary_large_image\" \/>\n<meta name=\"twitter:creator\" content=\"@kuzeyinsesii\" \/>\n<meta name=\"twitter:site\" content=\"@kuzeyinsesii\" \/>\n<meta name=\"twitter:label1\" content=\"Yazan:\" \/>\n\t<meta name=\"twitter:data1\" content=\"Kuzeyin Sesi\" \/>\n\t<meta name=\"twitter:label2\" content=\"Tahmini okuma s\u00fcresi\" \/>\n\t<meta name=\"twitter:data2\" content=\"1 dakika\" \/>\n<script type=\"application\/ld+json\" class=\"yoast-schema-graph\">{\"@context\":\"https:\\\/\\\/schema.org\",\"@graph\":[{\"@type\":\"Article\",\"@id\":\"https:\\\/\\\/kuzeyinsesi.org\\\/index.php\\\/2024\\\/05\\\/23\\\/19-uluslararasi-bellapais-ilkbahar-muzik-festivali-suruyor\\\/#article\",\"isPartOf\":{\"@id\":\"https:\\\/\\\/kuzeyinsesi.org\\\/index.php\\\/2024\\\/05\\\/23\\\/19-uluslararasi-bellapais-ilkbahar-muzik-festivali-suruyor\\\/\"},\"author\":{\"name\":\"Kuzeyin Sesi\",\"@id\":\"https:\\\/\\\/kuzeyinsesi.org\\\/#\\\/schema\\\/person\\\/9f859689cdf01485597712386e37f5aa\"},\"headline\":\"19. Uluslararas\u0131 Bellapais \u0130lkbahar M\u00fczik Festivali s\u00fcr\u00fcyor\",\"datePublished\":\"2024-05-23T10:04:06+00:00\",\"mainEntityOfPage\":{\"@id\":\"https:\\\/\\\/kuzeyinsesi.org\\\/index.php\\\/2024\\\/05\\\/23\\\/19-uluslararasi-bellapais-ilkbahar-muzik-festivali-suruyor\\\/\"},\"wordCount\":149,\"commentCount\":0,\"image\":{\"@id\":\"https:\\\/\\\/kuzeyinsesi.org\\\/index.php\\\/2024\\\/05\\\/23\\\/19-uluslararasi-bellapais-ilkbahar-muzik-festivali-suruyor\\\/#primaryimage\"},\"thumbnailUrl\":\"https:\\\/\\\/kuzeyinsesi.org\\\/wp-content\\\/uploads\\\/2024\\\/05\\\/bellapais-muzik-festivali1.jpg\",\"articleSection\":[\"Ya\u015fam\"],\"inLanguage\":\"tr\",\"potentialAction\":[{\"@type\":\"CommentAction\",\"name\":\"Comment\",\"target\":[\"https:\\\/\\\/kuzeyinsesi.org\\\/index.php\\\/2024\\\/05\\\/23\\\/19-uluslararasi-bellapais-ilkbahar-muzik-festivali-suruyor\\\/#respond\"]}]},{\"@type\":\"WebPage\",\"@id\":\"https:\\\/\\\/kuzeyinsesi.org\\\/index.php\\\/2024\\\/05\\\/23\\\/19-uluslararasi-bellapais-ilkbahar-muzik-festivali-suruyor\\\/\",\"url\":\"https:\\\/\\\/kuzeyinsesi.org\\\/index.php\\\/2024\\\/05\\\/23\\\/19-uluslararasi-bellapais-ilkbahar-muzik-festivali-suruyor\\\/\",\"name\":\"19. Uluslararas\u0131 Bellapais \u0130lkbahar M\u00fczik Festivali s\u00fcr\u00fcyor - Kuzeyin Sesi\",\"isPartOf\":{\"@id\":\"https:\\\/\\\/kuzeyinsesi.org\\\/#website\"},\"primaryImageOfPage\":{\"@id\":\"https:\\\/\\\/kuzeyinsesi.org\\\/index.php\\\/2024\\\/05\\\/23\\\/19-uluslararasi-bellapais-ilkbahar-muzik-festivali-suruyor\\\/#primaryimage\"},\"image\":{\"@id\":\"https:\\\/\\\/kuzeyinsesi.org\\\/index.php\\\/2024\\\/05\\\/23\\\/19-uluslararasi-bellapais-ilkbahar-muzik-festivali-suruyor\\\/#primaryimage\"},\"thumbnailUrl\":\"https:\\\/\\\/kuzeyinsesi.org\\\/wp-content\\\/uploads\\\/2024\\\/05\\\/bellapais-muzik-festivali1.jpg\",\"datePublished\":\"2024-05-23T10:04:06+00:00\",\"author\":{\"@id\":\"https:\\\/\\\/kuzeyinsesi.org\\\/#\\\/schema\\\/person\\\/9f859689cdf01485597712386e37f5aa\"},\"breadcrumb\":{\"@id\":\"https:\\\/\\\/kuzeyinsesi.org\\\/index.php\\\/2024\\\/05\\\/23\\\/19-uluslararasi-bellapais-ilkbahar-muzik-festivali-suruyor\\\/#breadcrumb\"},\"inLanguage\":\"tr\",\"potentialAction\":[{\"@type\":\"ReadAction\",\"target\":[\"https:\\\/\\\/kuzeyinsesi.org\\\/index.php\\\/2024\\\/05\\\/23\\\/19-uluslararasi-bellapais-ilkbahar-muzik-festivali-suruyor\\\/\"]}]},{\"@type\":\"ImageObject\",\"inLanguage\":\"tr\",\"@id\":\"https:\\\/\\\/kuzeyinsesi.org\\\/index.php\\\/2024\\\/05\\\/23\\\/19-uluslararasi-bellapais-ilkbahar-muzik-festivali-suruyor\\\/#primaryimage\",\"url\":\"https:\\\/\\\/kuzeyinsesi.org\\\/wp-content\\\/uploads\\\/2024\\\/05\\\/bellapais-muzik-festivali1.jpg\",\"contentUrl\":\"https:\\\/\\\/kuzeyinsesi.org\\\/wp-content\\\/uploads\\\/2024\\\/05\\\/bellapais-muzik-festivali1.jpg\",\"width\":1080,\"height\":565},{\"@type\":\"BreadcrumbList\",\"@id\":\"https:\\\/\\\/kuzeyinsesi.org\\\/index.php\\\/2024\\\/05\\\/23\\\/19-uluslararasi-bellapais-ilkbahar-muzik-festivali-suruyor\\\/#breadcrumb\",\"itemListElement\":[{\"@type\":\"ListItem\",\"position\":1,\"name\":\"Anasayfa\",\"item\":\"https:\\\/\\\/kuzeyinsesi.org\\\/\"},{\"@type\":\"ListItem\",\"position\":2,\"name\":\"19. Uluslararas\u0131 Bellapais \u0130lkbahar M\u00fczik Festivali s\u00fcr\u00fcyor\"}]},{\"@type\":\"WebSite\",\"@id\":\"https:\\\/\\\/kuzeyinsesi.org\\\/#website\",\"url\":\"https:\\\/\\\/kuzeyinsesi.org\\\/\",\"name\":\"Kuzeyin Sesi\",\"description\":\"Do\u011fru Haberin Adresi\",\"potentialAction\":[{\"@type\":\"SearchAction\",\"target\":{\"@type\":\"EntryPoint\",\"urlTemplate\":\"https:\\\/\\\/kuzeyinsesi.org\\\/?s={search_term_string}\"},\"query-input\":{\"@type\":\"PropertyValueSpecification\",\"valueRequired\":true,\"valueName\":\"search_term_string\"}}],\"inLanguage\":\"tr\"},{\"@type\":\"Person\",\"@id\":\"https:\\\/\\\/kuzeyinsesi.org\\\/#\\\/schema\\\/person\\\/9f859689cdf01485597712386e37f5aa\",\"name\":\"Kuzeyin Sesi\",\"image\":{\"@type\":\"ImageObject\",\"inLanguage\":\"tr\",\"@id\":\"https:\\\/\\\/secure.gravatar.com\\\/avatar\\\/bab33852abfd8b282518d6ed81826833d77c3c882d9ab608add591ccace47a44?s=96&d=mm&r=g\",\"url\":\"https:\\\/\\\/secure.gravatar.com\\\/avatar\\\/bab33852abfd8b282518d6ed81826833d77c3c882d9ab608add591ccace47a44?s=96&d=mm&r=g\",\"contentUrl\":\"https:\\\/\\\/secure.gravatar.com\\\/avatar\\\/bab33852abfd8b282518d6ed81826833d77c3c882d9ab608add591ccace47a44?s=96&d=mm&r=g\",\"caption\":\"Kuzeyin Sesi\"},\"sameAs\":[\"https:\\\/\\\/kuzeyinsesi.org\"],\"url\":\"https:\\\/\\\/kuzeyinsesi.org\\\/index.php\\\/author\\\/guven\\\/\"}]}<\/script>\n<!-- \/ Yoast SEO plugin. -->","yoast_head_json":{"title":"19. Uluslararas\u0131 Bellapais \u0130lkbahar M\u00fczik Festivali s\u00fcr\u00fcyor - Kuzeyin Sesi","robots":{"index":"index","follow":"follow","max-snippet":"max-snippet:-1","max-image-preview":"max-image-preview:large","max-video-preview":"max-video-preview:-1"},"canonical":"https:\/\/kuzeyinsesi.org\/index.php\/2024\/05\/23\/19-uluslararasi-bellapais-ilkbahar-muzik-festivali-suruyor\/","og_locale":"tr_TR","og_type":"article","og_title":"19. Uluslararas\u0131 Bellapais \u0130lkbahar M\u00fczik Festivali s\u00fcr\u00fcyor - Kuzeyin Sesi","og_description":"19. Uluslararas\u0131 Bellapais \u0130lkbahar M\u00fczik Festivali kapsam\u0131nda yar\u0131n ak\u015fam Expromte Trio ve Bariton Evren Karag\u00f6z konser verecek. Bellapais Manast\u0131r\u0131\u2019nda saat 20.00\u2019de ba\u015flayacak konserin ilk b\u00f6l\u00fcm\u00fcnde Expromte Trio Beethoven\u2019in \u201cDo min\u00f6r piyanolu trio\u201dsunu seslendirecek. Konserin ikinci b\u00f6l\u00fcm\u00fcnde ise Expromte Trio ve Bariton Evren Karag\u00f6z, T\u00fcrk\u00e7e ve yabanc\u0131 pop\u00fcler \u015fark\u0131lar sunacak. Ba\u015fbakan Yard\u0131mc\u0131l\u0131\u011f\u0131 Turizm, K\u00fclt\u00fcr, Gen\u00e7lik ve [&hellip;]","og_url":"https:\/\/kuzeyinsesi.org\/index.php\/2024\/05\/23\/19-uluslararasi-bellapais-ilkbahar-muzik-festivali-suruyor\/","og_site_name":"Kuzeyin Sesi","article_publisher":"https:\/\/www.facebook.com\/kuzeyinsesii","article_published_time":"2024-05-23T10:04:06+00:00","og_image":[{"width":1080,"height":565,"url":"https:\/\/kuzeyinsesi.org\/wp-content\/uploads\/2024\/05\/bellapais-muzik-festivali1.jpg","type":"image\/jpeg"}],"author":"Kuzeyin Sesi","twitter_card":"summary_large_image","twitter_creator":"@kuzeyinsesii","twitter_site":"@kuzeyinsesii","twitter_misc":{"Yazan:":"Kuzeyin Sesi","Tahmini okuma s\u00fcresi":"1 dakika"},"schema":{"@context":"https:\/\/schema.org","@graph":[{"@type":"Article","@id":"https:\/\/kuzeyinsesi.org\/index.php\/2024\/05\/23\/19-uluslararasi-bellapais-ilkbahar-muzik-festivali-suruyor\/#article","isPartOf":{"@id":"https:\/\/kuzeyinsesi.org\/index.php\/2024\/05\/23\/19-uluslararasi-bellapais-ilkbahar-muzik-festivali-suruyor\/"},"author":{"name":"Kuzeyin Sesi","@id":"https:\/\/kuzeyinsesi.org\/#\/schema\/person\/9f859689cdf01485597712386e37f5aa"},"headline":"19. Uluslararas\u0131 Bellapais \u0130lkbahar M\u00fczik Festivali s\u00fcr\u00fcyor","datePublished":"2024-05-23T10:04:06+00:00","mainEntityOfPage":{"@id":"https:\/\/kuzeyinsesi.org\/index.php\/2024\/05\/23\/19-uluslararasi-bellapais-ilkbahar-muzik-festivali-suruyor\/"},"wordCount":149,"commentCount":0,"image":{"@id":"https:\/\/kuzeyinsesi.org\/index.php\/2024\/05\/23\/19-uluslararasi-bellapais-ilkbahar-muzik-festivali-suruyor\/#primaryimage"},"thumbnailUrl":"https:\/\/kuzeyinsesi.org\/wp-content\/uploads\/2024\/05\/bellapais-muzik-festivali1.jpg","articleSection":["Ya\u015fam"],"inLanguage":"tr","potentialAction":[{"@type":"CommentAction","name":"Comment","target":["https:\/\/kuzeyinsesi.org\/index.php\/2024\/05\/23\/19-uluslararasi-bellapais-ilkbahar-muzik-festivali-suruyor\/#respond"]}]},{"@type":"WebPage","@id":"https:\/\/kuzeyinsesi.org\/index.php\/2024\/05\/23\/19-uluslararasi-bellapais-ilkbahar-muzik-festivali-suruyor\/","url":"https:\/\/kuzeyinsesi.org\/index.php\/2024\/05\/23\/19-uluslararasi-bellapais-ilkbahar-muzik-festivali-suruyor\/","name":"19. Uluslararas\u0131 Bellapais \u0130lkbahar M\u00fczik Festivali s\u00fcr\u00fcyor - Kuzeyin Sesi","isPartOf":{"@id":"https:\/\/kuzeyinsesi.org\/#website"},"primaryImageOfPage":{"@id":"https:\/\/kuzeyinsesi.org\/index.php\/2024\/05\/23\/19-uluslararasi-bellapais-ilkbahar-muzik-festivali-suruyor\/#primaryimage"},"image":{"@id":"https:\/\/kuzeyinsesi.org\/index.php\/2024\/05\/23\/19-uluslararasi-bellapais-ilkbahar-muzik-festivali-suruyor\/#primaryimage"},"thumbnailUrl":"https:\/\/kuzeyinsesi.org\/wp-content\/uploads\/2024\/05\/bellapais-muzik-festivali1.jpg","datePublished":"2024-05-23T10:04:06+00:00","author":{"@id":"https:\/\/kuzeyinsesi.org\/#\/schema\/person\/9f859689cdf01485597712386e37f5aa"},"breadcrumb":{"@id":"https:\/\/kuzeyinsesi.org\/index.php\/2024\/05\/23\/19-uluslararasi-bellapais-ilkbahar-muzik-festivali-suruyor\/#breadcrumb"},"inLanguage":"tr","potentialAction":[{"@type":"ReadAction","target":["https:\/\/kuzeyinsesi.org\/index.php\/2024\/05\/23\/19-uluslararasi-bellapais-ilkbahar-muzik-festivali-suruyor\/"]}]},{"@type":"ImageObject","inLanguage":"tr","@id":"https:\/\/kuzeyinsesi.org\/index.php\/2024\/05\/23\/19-uluslararasi-bellapais-ilkbahar-muzik-festivali-suruyor\/#primaryimage","url":"https:\/\/kuzeyinsesi.org\/wp-content\/uploads\/2024\/05\/bellapais-muzik-festivali1.jpg","contentUrl":"https:\/\/kuzeyinsesi.org\/wp-content\/uploads\/2024\/05\/bellapais-muzik-festivali1.jpg","width":1080,"height":565},{"@type":"BreadcrumbList","@id":"https:\/\/kuzeyinsesi.org\/index.php\/2024\/05\/23\/19-uluslararasi-bellapais-ilkbahar-muzik-festivali-suruyor\/#breadcrumb","itemListElement":[{"@type":"ListItem","position":1,"name":"Anasayfa","item":"https:\/\/kuzeyinsesi.org\/"},{"@type":"ListItem","position":2,"name":"19. Uluslararas\u0131 Bellapais \u0130lkbahar M\u00fczik Festivali s\u00fcr\u00fcyor"}]},{"@type":"WebSite","@id":"https:\/\/kuzeyinsesi.org\/#website","url":"https:\/\/kuzeyinsesi.org\/","name":"Kuzeyin Sesi","description":"Do\u011fru Haberin Adresi","potentialAction":[{"@type":"SearchAction","target":{"@type":"EntryPoint","urlTemplate":"https:\/\/kuzeyinsesi.org\/?s={search_term_string}"},"query-input":{"@type":"PropertyValueSpecification","valueRequired":true,"valueName":"search_term_string"}}],"inLanguage":"tr"},{"@type":"Person","@id":"https:\/\/kuzeyinsesi.org\/#\/schema\/person\/9f859689cdf01485597712386e37f5aa","name":"Kuzeyin Sesi","image":{"@type":"ImageObject","inLanguage":"tr","@id":"https:\/\/secure.gravatar.com\/avatar\/bab33852abfd8b282518d6ed81826833d77c3c882d9ab608add591ccace47a44?s=96&d=mm&r=g","url":"https:\/\/secure.gravatar.com\/avatar\/bab33852abfd8b282518d6ed81826833d77c3c882d9ab608add591ccace47a44?s=96&d=mm&r=g","contentUrl":"https:\/\/secure.gravatar.com\/avatar\/bab33852abfd8b282518d6ed81826833d77c3c882d9ab608add591ccace47a44?s=96&d=mm&r=g","caption":"Kuzeyin Sesi"},"sameAs":["https:\/\/kuzeyinsesi.org"],"url":"https:\/\/kuzeyinsesi.org\/index.php\/author\/guven\/"}]}},"_links":{"self":[{"href":"https:\/\/kuzeyinsesi.org\/index.php\/wp-json\/wp\/v2\/posts\/3204","targetHints":{"allow":["GET"]}}],"collection":[{"href":"https:\/\/kuzeyinsesi.org\/index.php\/wp-json\/wp\/v2\/posts"}],"about":[{"href":"https:\/\/kuzeyinsesi.org\/index.php\/wp-json\/wp\/v2\/types\/post"}],"author":[{"embeddable":true,"href":"https:\/\/kuzeyinsesi.org\/index.php\/wp-json\/wp\/v2\/users\/1"}],"replies":[{"embeddable":true,"href":"https:\/\/kuzeyinsesi.org\/index.php\/wp-json\/wp\/v2\/comments?post=3204"}],"version-history":[{"count":0,"href":"https:\/\/kuzeyinsesi.org\/index.php\/wp-json\/wp\/v2\/posts\/3204\/revisions"}],"wp:featuredmedia":[{"embeddable":true,"href":"https:\/\/kuzeyinsesi.org\/index.php\/wp-json\/wp\/v2\/media\/3205"}],"wp:attachment":[{"href":"https:\/\/kuzeyinsesi.org\/index.php\/wp-json\/wp\/v2\/media?parent=3204"}],"wp:term":[{"taxonomy":"category","embeddable":true,"href":"https:\/\/kuzeyinsesi.org\/index.php\/wp-json\/wp\/v2\/categories?post=3204"},{"taxonomy":"post_tag","embeddable":true,"href":"https:\/\/kuzeyinsesi.org\/index.php\/wp-json\/wp\/v2\/tags?post=3204"}],"curies":[{"name":"wp","href":"https:\/\/api.w.org\/{rel}","templated":true}]}}