{"id":32023,"date":"2025-09-21T21:57:05","date_gmt":"2025-09-21T18:57:05","guid":{"rendered":"https:\/\/kuzeyinsesi.org\/index.php\/2025\/09\/21\/fenerbahcenin-yeni-baskani-belli-oldu\/"},"modified":"2025-09-21T21:57:05","modified_gmt":"2025-09-21T18:57:05","slug":"fenerbahcenin-yeni-baskani-belli-oldu","status":"publish","type":"post","link":"https:\/\/kuzeyinsesi.org\/index.php\/2025\/09\/21\/fenerbahcenin-yeni-baskani-belli-oldu\/","title":{"rendered":"Fenerbah\u00e7e&#039;nin yeni ba\u015fkan\u0131 belli oldu"},"content":{"rendered":"<p><\/p>\n<div>\n<p>&#13;<br \/>\n\tChobani Stad\u0131 ile biti\u015fik parselde bulunan eski Kenan Evren Lisesi arsas\u0131nda ger\u00e7ekle\u015ftirilen oy verme i\u015fleminin ard\u0131ndan ba\u015fkan adaylar\u0131 ve kongre \u00fcyeleri, <a href=\"https:\/\/secim.trthaber.com\" class=\"external-tagged-url\" target=\"_blank\">se\u00e7im<\/a> sonu\u00e7lar\u0131n\u0131 Chobani Stad\u0131&#8217;nda bekledi.<\/p>\n<p>&#13;<br \/>\n\t49 bin 268 genel kurul \u00fcyesinin oy kullanma hakk\u0131 oldu\u011fu kongrede 24 bin 732 \u00fcye oy verdi. Kullan\u0131lan oylar\u0131n 24 bin 393&#8217;\u00fc ge\u00e7erli say\u0131ld\u0131.<\/p>\n<p>&#13;<br \/>\n\tSaat 10.00&#8217;da ba\u015flayan oy verme i\u015flemi, saat 17.00&#8217;de son buldu. Genel Kurul Divan Ba\u015fkan\u0131 \u015eekip Mosturo\u011flu&#8217;nun \u00f6nc\u00fcl\u00fc\u011f\u00fcnde oy say\u0131m i\u015flemine ba\u015fland\u0131.<\/p>\n<p>&#13;<br \/>\n\tSay\u0131mlar\u0131n ard\u0131ndan Mosturo\u011flu sonu\u00e7lar\u0131 a\u00e7\u0131klarken Sadettin Saran, 12 bin 325 oyla Fenerbah\u00e7e&#8217;nin yeni ba\u015fkan\u0131 oldu. Ali Ko\u00e7 ise 12 bin 68 oy ald\u0131.<\/p>\n<p>&#13;<br \/>\n\tSonu\u00e7lar\u0131n a\u00e7\u0131klanmas\u0131 i\u00e7in Sadettin Saran ve Ali Ko\u00e7, k\u00fcrs\u00fcye birlikte y\u00fcr\u00fcd\u00fc.<\/p>\n<p><\/p>\n<h2>&#13;<br \/>\n\tY\u00f6netim kurulu<\/h2>\n<p>&#13;<br \/>\n\tFenerbah\u00e7e&#8217;nin yeni ba\u015fkan\u0131 Sadettin Saran&#8217;\u0131n y\u00f6netim kurulu listesinde \u015fu isimler bulunuyor:<\/p>\n<p>&#13;<br \/>\n\tAdem K\u00f6z, Orhan Demirel, Taner S\u00f6nmezer, Ahmet Murat Emaneto\u011flu, \u0130lker Alkun, Bur\u00e7in G\u00f6zl\u00fckl\u00fc, Ali G\u00fcrb\u00fcz, Ertan Toruno\u011fullar\u0131, Murat Salar, Ufuk \u015eansal, Olcay Do\u011fan, Cem Cirit\u00e7i, Erdem Sezer, Ozan Vural, Ertu\u011frul Eren Ergen, \u0130lyas Y\u0131lmaz, Orhan Orak\u00e7\u0131o\u011flu, G\u00f6khan Ta\u015fkaya, \u0130lker Arslan, Zeynep Yal\u0131m Uzun, Serhan Y\u0131lmaz<\/p>\n<h2>&#13;<br \/>\n\tSadettin Saran kimdir?<\/h2>\n<p>&#13;<br \/>\n\tFenerbah\u00e7e Kul\u00fcb\u00fcn\u00fcn Ola\u011fan\u00fcst\u00fc Se\u00e7imli Genel Kurulu&#8217;nda 12 bin 325 oy alan Sadettin Saran, sar\u0131-lacivertlilerin 38. ba\u015fkan\u0131 oldu.<\/p>\n<p>&#13;<br \/>\n\tSaran \u015eirketler Grubu Y\u00f6netim Kurulu Ba\u015fkan\u0131 Sadettin Saran, 1964&#8217;te ABD&#8217;de d\u00fcnyaya geldi. 4 erkek karde\u015fin en b\u00fcy\u00fc\u011f\u00fc olan Sadettin Saran, aslen K\u0131r\u0131kkale Keskin&#8217;lidir.<\/p>\n<p>&#13;<br \/>\n\tE\u011fitim hayat\u0131n\u0131 T\u00fcrkiye&#8217;de ge\u00e7iren Saran, 1984-1985 y\u0131llar\u0131nda T\u00fcrkiye Y\u00fczme Milli Tak\u0131m\u0131 kaptanl\u0131\u011f\u0131n\u0131 yapt\u0131 ve 50 metre serbest stil y\u00fczmede T\u00fcrkiye rekoru k\u0131rd\u0131.<\/p>\n<p>&#13;<br \/>\n\tMilli sporcu bursuyla ABD&#8217;de bulunan Kentucky \u00dcniversitesi\u2019nde master yapan Saran, makine m\u00fchendisli\u011fi \u00fczerine master\u0131n ard\u0131ndan Arkansas\u2019ta bulunan Ensco Environmental Services&#8217;te \u00e7al\u0131\u015fmaya ba\u015flad\u0131.<\/p>\n<p>&#13;<br \/>\n\t1988&#8217;de T\u00fcrkiye&#8217;ye d\u00f6nen Sadettin Saran, K\u00fclt\u00fcr ve Turizm Bakanl\u0131\u011f\u0131&#8217;nda D\u0131\u015f \u0130li\u015fkiler Dan\u0131\u015fman\u0131 olarak g\u00f6rev yapt\u0131.<\/p>\n<p><img decoding=\"async\" alt=\"Fenerbah\u00e7e'nin yeni ba\u015fkan\u0131 belli oldu\" src=\"https:\/\/www.trthaber.com\/dosyalar\/images\/AA-39181742.jpg\"\/><\/p>\n<p>&#13;<br \/>\n\tSaran, mevcut \u015firketlerinin temellerini ise 1989 y\u0131l\u0131nda Saran International&#8217;\u0131 kurarak att\u0131. ESPN, Lockheed Martin gibi \u015firketlerin temsilciliklerini \u00fcstlenen Saran, yay\u0131nc\u0131l\u0131k sekt\u00f6r\u00fcne ad\u0131m att\u0131.<\/p>\n<p>&#13;<br \/>\n\tSaran Holding; medya, havac\u0131l\u0131k, internet yay\u0131nc\u0131l\u0131\u011f\u0131, \u015fans oyunlar\u0131, savunma sanayi alanlar\u0131nda faaliyet g\u00f6steriyor.<\/p>\n<h2>&#13;<br \/>\n\tY\u00f6neticilik d\u00f6nemi<\/h2>\n<p>&#13;<br \/>\n\tFenerbah\u00e7e&#8217;de 2001 y\u0131l\u0131nda ger\u00e7ekle\u015ftirilen ola\u011fan\u00fcst\u00fc se\u00e7imli genel kurula Aziz Y\u0131ld\u0131r\u0131m tek aday olarak girerken, Sadettin Saran da ilk kez sar\u0131-lacivertli kul\u00fcb\u00fcn y\u00f6netim kuruluna dahil oldu.<\/p>\n<p>&#13;<br \/>\n\tG\u00f6revde oldu\u011fu s\u00fcre i\u00e7inde futbol \u015fube sorumlulu\u011fu da yapan Sadettin Saran, 2003 y\u0131l\u0131nda ise istifa ederek y\u00f6netim kurulundan ayr\u0131ld\u0131.<\/p>\n<p>&#13;<br \/>\n\t2004 y\u0131l\u0131nda Almanya&#8217;n\u0131n \u00f6nde gelen futbol kul\u00fcplerinden Borussia Dortmund&#8217;un hisselerini alarak kul\u00fcbe ortak olan Saran, hisseleri 2005 y\u0131l\u0131nda satt\u0131.<\/p>\n<\/p><\/div>\n","protected":false},"excerpt":{"rendered":"<p>&#13; Chobani Stad\u0131 ile biti\u015fik parselde bulunan eski Kenan Evren Lisesi arsas\u0131nda ger\u00e7ekle\u015ftirilen oy verme i\u015fleminin ard\u0131ndan ba\u015fkan adaylar\u0131 ve kongre \u00fcyeleri, se\u00e7im sonu\u00e7lar\u0131n\u0131 Chobani Stad\u0131&#8217;nda bekledi. &#13; 49 bin 268 genel kurul \u00fcyesinin oy kullanma hakk\u0131 oldu\u011fu kongrede 24 bin 732 \u00fcye oy verdi. Kullan\u0131lan oylar\u0131n 24 bin 393&#8217;\u00fc ge\u00e7erli say\u0131ld\u0131. &#13; Saat 10.00&#8217;da [&hellip;]<\/p>\n","protected":false},"author":1,"featured_media":32024,"comment_status":"open","ping_status":"open","sticky":false,"template":"","format":"standard","meta":{"jnews-multi-image_gallery":[],"jnews_single_post":[],"jnews_primary_category":[],"jnews_social_meta":[],"jnews_override_counter":[],"footnotes":""},"categories":[4],"tags":[],"class_list":["post-32023","post","type-post","status-publish","format-standard","has-post-thumbnail","hentry","category-spor"],"yoast_head":"<!-- This site is optimized with the Yoast SEO plugin v27.5 - https:\/\/yoast.com\/product\/yoast-seo-wordpress\/ -->\n<title>Fenerbah\u00e7e&#039;nin yeni ba\u015fkan\u0131 belli oldu - Kuzeyin Sesi<\/title>\n<meta name=\"robots\" content=\"index, follow, max-snippet:-1, max-image-preview:large, max-video-preview:-1\" \/>\n<link rel=\"canonical\" href=\"https:\/\/kuzeyinsesi.org\/index.php\/2025\/09\/21\/fenerbahcenin-yeni-baskani-belli-oldu\/\" \/>\n<meta property=\"og:locale\" content=\"tr_TR\" \/>\n<meta property=\"og:type\" content=\"article\" \/>\n<meta property=\"og:title\" content=\"Fenerbah\u00e7e&#039;nin yeni ba\u015fkan\u0131 belli oldu - Kuzeyin Sesi\" \/>\n<meta property=\"og:description\" content=\"&#013; Chobani Stad\u0131 ile biti\u015fik parselde bulunan eski Kenan Evren Lisesi arsas\u0131nda ger\u00e7ekle\u015ftirilen oy verme i\u015fleminin ard\u0131ndan ba\u015fkan adaylar\u0131 ve kongre \u00fcyeleri, se\u00e7im sonu\u00e7lar\u0131n\u0131 Chobani Stad\u0131&#8217;nda bekledi. &#013; 49 bin 268 genel kurul \u00fcyesinin oy kullanma hakk\u0131 oldu\u011fu kongrede 24 bin 732 \u00fcye oy verdi. Kullan\u0131lan oylar\u0131n 24 bin 393&#8217;\u00fc ge\u00e7erli say\u0131ld\u0131. &#013; Saat 10.00&#8217;da [&hellip;]\" \/>\n<meta property=\"og:url\" content=\"https:\/\/kuzeyinsesi.org\/index.php\/2025\/09\/21\/fenerbahcenin-yeni-baskani-belli-oldu\/\" \/>\n<meta property=\"og:site_name\" content=\"Kuzeyin Sesi\" \/>\n<meta property=\"article:publisher\" content=\"https:\/\/www.facebook.com\/kuzeyinsesii\" \/>\n<meta property=\"article:published_time\" content=\"2025-09-21T18:57:05+00:00\" \/>\n<meta property=\"og:image\" content=\"https:\/\/www.trthaber.com\/dosyalar\/images\/AA-39186713.jpg\" \/>\n<meta name=\"author\" content=\"Kuzeyin Sesi\" \/>\n<meta name=\"twitter:card\" content=\"summary_large_image\" \/>\n<meta name=\"twitter:creator\" content=\"@kuzeyinsesii\" \/>\n<meta name=\"twitter:site\" content=\"@kuzeyinsesii\" \/>\n<meta name=\"twitter:label1\" content=\"Yazan:\" \/>\n\t<meta name=\"twitter:data1\" content=\"Kuzeyin Sesi\" \/>\n\t<meta name=\"twitter:label2\" content=\"Tahmini okuma s\u00fcresi\" \/>\n\t<meta name=\"twitter:data2\" content=\"3 dakika\" \/>\n<script type=\"application\/ld+json\" class=\"yoast-schema-graph\">{\"@context\":\"https:\\\/\\\/schema.org\",\"@graph\":[{\"@type\":\"Article\",\"@id\":\"https:\\\/\\\/kuzeyinsesi.org\\\/index.php\\\/2025\\\/09\\\/21\\\/fenerbahcenin-yeni-baskani-belli-oldu\\\/#article\",\"isPartOf\":{\"@id\":\"https:\\\/\\\/kuzeyinsesi.org\\\/index.php\\\/2025\\\/09\\\/21\\\/fenerbahcenin-yeni-baskani-belli-oldu\\\/\"},\"author\":{\"name\":\"Kuzeyin Sesi\",\"@id\":\"https:\\\/\\\/kuzeyinsesi.org\\\/#\\\/schema\\\/person\\\/9f859689cdf01485597712386e37f5aa\"},\"headline\":\"Fenerbah\u00e7e&#039;nin yeni ba\u015fkan\u0131 belli oldu\",\"datePublished\":\"2025-09-21T18:57:05+00:00\",\"mainEntityOfPage\":{\"@id\":\"https:\\\/\\\/kuzeyinsesi.org\\\/index.php\\\/2025\\\/09\\\/21\\\/fenerbahcenin-yeni-baskani-belli-oldu\\\/\"},\"wordCount\":524,\"commentCount\":0,\"image\":{\"@id\":\"https:\\\/\\\/kuzeyinsesi.org\\\/index.php\\\/2025\\\/09\\\/21\\\/fenerbahcenin-yeni-baskani-belli-oldu\\\/#primaryimage\"},\"thumbnailUrl\":\"https:\\\/\\\/kuzeyinsesi.org\\\/wp-content\\\/uploads\\\/2025\\\/09\\\/sadettin-saranaa-2399916.jpg\",\"articleSection\":[\"Spor\"],\"inLanguage\":\"tr\",\"potentialAction\":[{\"@type\":\"CommentAction\",\"name\":\"Comment\",\"target\":[\"https:\\\/\\\/kuzeyinsesi.org\\\/index.php\\\/2025\\\/09\\\/21\\\/fenerbahcenin-yeni-baskani-belli-oldu\\\/#respond\"]}]},{\"@type\":\"WebPage\",\"@id\":\"https:\\\/\\\/kuzeyinsesi.org\\\/index.php\\\/2025\\\/09\\\/21\\\/fenerbahcenin-yeni-baskani-belli-oldu\\\/\",\"url\":\"https:\\\/\\\/kuzeyinsesi.org\\\/index.php\\\/2025\\\/09\\\/21\\\/fenerbahcenin-yeni-baskani-belli-oldu\\\/\",\"name\":\"Fenerbah\u00e7e&#039;nin yeni ba\u015fkan\u0131 belli oldu - Kuzeyin Sesi\",\"isPartOf\":{\"@id\":\"https:\\\/\\\/kuzeyinsesi.org\\\/#website\"},\"primaryImageOfPage\":{\"@id\":\"https:\\\/\\\/kuzeyinsesi.org\\\/index.php\\\/2025\\\/09\\\/21\\\/fenerbahcenin-yeni-baskani-belli-oldu\\\/#primaryimage\"},\"image\":{\"@id\":\"https:\\\/\\\/kuzeyinsesi.org\\\/index.php\\\/2025\\\/09\\\/21\\\/fenerbahcenin-yeni-baskani-belli-oldu\\\/#primaryimage\"},\"thumbnailUrl\":\"https:\\\/\\\/kuzeyinsesi.org\\\/wp-content\\\/uploads\\\/2025\\\/09\\\/sadettin-saranaa-2399916.jpg\",\"datePublished\":\"2025-09-21T18:57:05+00:00\",\"author\":{\"@id\":\"https:\\\/\\\/kuzeyinsesi.org\\\/#\\\/schema\\\/person\\\/9f859689cdf01485597712386e37f5aa\"},\"breadcrumb\":{\"@id\":\"https:\\\/\\\/kuzeyinsesi.org\\\/index.php\\\/2025\\\/09\\\/21\\\/fenerbahcenin-yeni-baskani-belli-oldu\\\/#breadcrumb\"},\"inLanguage\":\"tr\",\"potentialAction\":[{\"@type\":\"ReadAction\",\"target\":[\"https:\\\/\\\/kuzeyinsesi.org\\\/index.php\\\/2025\\\/09\\\/21\\\/fenerbahcenin-yeni-baskani-belli-oldu\\\/\"]}]},{\"@type\":\"ImageObject\",\"inLanguage\":\"tr\",\"@id\":\"https:\\\/\\\/kuzeyinsesi.org\\\/index.php\\\/2025\\\/09\\\/21\\\/fenerbahcenin-yeni-baskani-belli-oldu\\\/#primaryimage\",\"url\":\"https:\\\/\\\/kuzeyinsesi.org\\\/wp-content\\\/uploads\\\/2025\\\/09\\\/sadettin-saranaa-2399916.jpg\",\"contentUrl\":\"https:\\\/\\\/kuzeyinsesi.org\\\/wp-content\\\/uploads\\\/2025\\\/09\\\/sadettin-saranaa-2399916.jpg\",\"width\":1280,\"height\":720},{\"@type\":\"BreadcrumbList\",\"@id\":\"https:\\\/\\\/kuzeyinsesi.org\\\/index.php\\\/2025\\\/09\\\/21\\\/fenerbahcenin-yeni-baskani-belli-oldu\\\/#breadcrumb\",\"itemListElement\":[{\"@type\":\"ListItem\",\"position\":1,\"name\":\"Anasayfa\",\"item\":\"https:\\\/\\\/kuzeyinsesi.org\\\/\"},{\"@type\":\"ListItem\",\"position\":2,\"name\":\"Fenerbah\u00e7e&#039;nin yeni ba\u015fkan\u0131 belli oldu\"}]},{\"@type\":\"WebSite\",\"@id\":\"https:\\\/\\\/kuzeyinsesi.org\\\/#website\",\"url\":\"https:\\\/\\\/kuzeyinsesi.org\\\/\",\"name\":\"Kuzeyin Sesi\",\"description\":\"Do\u011fru Haberin Adresi\",\"potentialAction\":[{\"@type\":\"SearchAction\",\"target\":{\"@type\":\"EntryPoint\",\"urlTemplate\":\"https:\\\/\\\/kuzeyinsesi.org\\\/?s={search_term_string}\"},\"query-input\":{\"@type\":\"PropertyValueSpecification\",\"valueRequired\":true,\"valueName\":\"search_term_string\"}}],\"inLanguage\":\"tr\"},{\"@type\":\"Person\",\"@id\":\"https:\\\/\\\/kuzeyinsesi.org\\\/#\\\/schema\\\/person\\\/9f859689cdf01485597712386e37f5aa\",\"name\":\"Kuzeyin Sesi\",\"image\":{\"@type\":\"ImageObject\",\"inLanguage\":\"tr\",\"@id\":\"https:\\\/\\\/secure.gravatar.com\\\/avatar\\\/bab33852abfd8b282518d6ed81826833d77c3c882d9ab608add591ccace47a44?s=96&d=mm&r=g\",\"url\":\"https:\\\/\\\/secure.gravatar.com\\\/avatar\\\/bab33852abfd8b282518d6ed81826833d77c3c882d9ab608add591ccace47a44?s=96&d=mm&r=g\",\"contentUrl\":\"https:\\\/\\\/secure.gravatar.com\\\/avatar\\\/bab33852abfd8b282518d6ed81826833d77c3c882d9ab608add591ccace47a44?s=96&d=mm&r=g\",\"caption\":\"Kuzeyin Sesi\"},\"sameAs\":[\"https:\\\/\\\/kuzeyinsesi.org\"],\"url\":\"https:\\\/\\\/kuzeyinsesi.org\\\/index.php\\\/author\\\/guven\\\/\"}]}<\/script>\n<!-- \/ Yoast SEO plugin. -->","yoast_head_json":{"title":"Fenerbah\u00e7e&#039;nin yeni ba\u015fkan\u0131 belli oldu - Kuzeyin Sesi","robots":{"index":"index","follow":"follow","max-snippet":"max-snippet:-1","max-image-preview":"max-image-preview:large","max-video-preview":"max-video-preview:-1"},"canonical":"https:\/\/kuzeyinsesi.org\/index.php\/2025\/09\/21\/fenerbahcenin-yeni-baskani-belli-oldu\/","og_locale":"tr_TR","og_type":"article","og_title":"Fenerbah\u00e7e&#039;nin yeni ba\u015fkan\u0131 belli oldu - Kuzeyin Sesi","og_description":"&#13; Chobani Stad\u0131 ile biti\u015fik parselde bulunan eski Kenan Evren Lisesi arsas\u0131nda ger\u00e7ekle\u015ftirilen oy verme i\u015fleminin ard\u0131ndan ba\u015fkan adaylar\u0131 ve kongre \u00fcyeleri, se\u00e7im sonu\u00e7lar\u0131n\u0131 Chobani Stad\u0131&#8217;nda bekledi. &#13; 49 bin 268 genel kurul \u00fcyesinin oy kullanma hakk\u0131 oldu\u011fu kongrede 24 bin 732 \u00fcye oy verdi. Kullan\u0131lan oylar\u0131n 24 bin 393&#8217;\u00fc ge\u00e7erli say\u0131ld\u0131. &#13; Saat 10.00&#8217;da [&hellip;]","og_url":"https:\/\/kuzeyinsesi.org\/index.php\/2025\/09\/21\/fenerbahcenin-yeni-baskani-belli-oldu\/","og_site_name":"Kuzeyin Sesi","article_publisher":"https:\/\/www.facebook.com\/kuzeyinsesii","article_published_time":"2025-09-21T18:57:05+00:00","og_image":[{"url":"https:\/\/www.trthaber.com\/dosyalar\/images\/AA-39186713.jpg","type":"","width":"","height":""}],"author":"Kuzeyin Sesi","twitter_card":"summary_large_image","twitter_creator":"@kuzeyinsesii","twitter_site":"@kuzeyinsesii","twitter_misc":{"Yazan:":"Kuzeyin Sesi","Tahmini okuma s\u00fcresi":"3 dakika"},"schema":{"@context":"https:\/\/schema.org","@graph":[{"@type":"Article","@id":"https:\/\/kuzeyinsesi.org\/index.php\/2025\/09\/21\/fenerbahcenin-yeni-baskani-belli-oldu\/#article","isPartOf":{"@id":"https:\/\/kuzeyinsesi.org\/index.php\/2025\/09\/21\/fenerbahcenin-yeni-baskani-belli-oldu\/"},"author":{"name":"Kuzeyin Sesi","@id":"https:\/\/kuzeyinsesi.org\/#\/schema\/person\/9f859689cdf01485597712386e37f5aa"},"headline":"Fenerbah\u00e7e&#039;nin yeni ba\u015fkan\u0131 belli oldu","datePublished":"2025-09-21T18:57:05+00:00","mainEntityOfPage":{"@id":"https:\/\/kuzeyinsesi.org\/index.php\/2025\/09\/21\/fenerbahcenin-yeni-baskani-belli-oldu\/"},"wordCount":524,"commentCount":0,"image":{"@id":"https:\/\/kuzeyinsesi.org\/index.php\/2025\/09\/21\/fenerbahcenin-yeni-baskani-belli-oldu\/#primaryimage"},"thumbnailUrl":"https:\/\/kuzeyinsesi.org\/wp-content\/uploads\/2025\/09\/sadettin-saranaa-2399916.jpg","articleSection":["Spor"],"inLanguage":"tr","potentialAction":[{"@type":"CommentAction","name":"Comment","target":["https:\/\/kuzeyinsesi.org\/index.php\/2025\/09\/21\/fenerbahcenin-yeni-baskani-belli-oldu\/#respond"]}]},{"@type":"WebPage","@id":"https:\/\/kuzeyinsesi.org\/index.php\/2025\/09\/21\/fenerbahcenin-yeni-baskani-belli-oldu\/","url":"https:\/\/kuzeyinsesi.org\/index.php\/2025\/09\/21\/fenerbahcenin-yeni-baskani-belli-oldu\/","name":"Fenerbah\u00e7e&#039;nin yeni ba\u015fkan\u0131 belli oldu - Kuzeyin Sesi","isPartOf":{"@id":"https:\/\/kuzeyinsesi.org\/#website"},"primaryImageOfPage":{"@id":"https:\/\/kuzeyinsesi.org\/index.php\/2025\/09\/21\/fenerbahcenin-yeni-baskani-belli-oldu\/#primaryimage"},"image":{"@id":"https:\/\/kuzeyinsesi.org\/index.php\/2025\/09\/21\/fenerbahcenin-yeni-baskani-belli-oldu\/#primaryimage"},"thumbnailUrl":"https:\/\/kuzeyinsesi.org\/wp-content\/uploads\/2025\/09\/sadettin-saranaa-2399916.jpg","datePublished":"2025-09-21T18:57:05+00:00","author":{"@id":"https:\/\/kuzeyinsesi.org\/#\/schema\/person\/9f859689cdf01485597712386e37f5aa"},"breadcrumb":{"@id":"https:\/\/kuzeyinsesi.org\/index.php\/2025\/09\/21\/fenerbahcenin-yeni-baskani-belli-oldu\/#breadcrumb"},"inLanguage":"tr","potentialAction":[{"@type":"ReadAction","target":["https:\/\/kuzeyinsesi.org\/index.php\/2025\/09\/21\/fenerbahcenin-yeni-baskani-belli-oldu\/"]}]},{"@type":"ImageObject","inLanguage":"tr","@id":"https:\/\/kuzeyinsesi.org\/index.php\/2025\/09\/21\/fenerbahcenin-yeni-baskani-belli-oldu\/#primaryimage","url":"https:\/\/kuzeyinsesi.org\/wp-content\/uploads\/2025\/09\/sadettin-saranaa-2399916.jpg","contentUrl":"https:\/\/kuzeyinsesi.org\/wp-content\/uploads\/2025\/09\/sadettin-saranaa-2399916.jpg","width":1280,"height":720},{"@type":"BreadcrumbList","@id":"https:\/\/kuzeyinsesi.org\/index.php\/2025\/09\/21\/fenerbahcenin-yeni-baskani-belli-oldu\/#breadcrumb","itemListElement":[{"@type":"ListItem","position":1,"name":"Anasayfa","item":"https:\/\/kuzeyinsesi.org\/"},{"@type":"ListItem","position":2,"name":"Fenerbah\u00e7e&#039;nin yeni ba\u015fkan\u0131 belli oldu"}]},{"@type":"WebSite","@id":"https:\/\/kuzeyinsesi.org\/#website","url":"https:\/\/kuzeyinsesi.org\/","name":"Kuzeyin Sesi","description":"Do\u011fru Haberin Adresi","potentialAction":[{"@type":"SearchAction","target":{"@type":"EntryPoint","urlTemplate":"https:\/\/kuzeyinsesi.org\/?s={search_term_string}"},"query-input":{"@type":"PropertyValueSpecification","valueRequired":true,"valueName":"search_term_string"}}],"inLanguage":"tr"},{"@type":"Person","@id":"https:\/\/kuzeyinsesi.org\/#\/schema\/person\/9f859689cdf01485597712386e37f5aa","name":"Kuzeyin Sesi","image":{"@type":"ImageObject","inLanguage":"tr","@id":"https:\/\/secure.gravatar.com\/avatar\/bab33852abfd8b282518d6ed81826833d77c3c882d9ab608add591ccace47a44?s=96&d=mm&r=g","url":"https:\/\/secure.gravatar.com\/avatar\/bab33852abfd8b282518d6ed81826833d77c3c882d9ab608add591ccace47a44?s=96&d=mm&r=g","contentUrl":"https:\/\/secure.gravatar.com\/avatar\/bab33852abfd8b282518d6ed81826833d77c3c882d9ab608add591ccace47a44?s=96&d=mm&r=g","caption":"Kuzeyin Sesi"},"sameAs":["https:\/\/kuzeyinsesi.org"],"url":"https:\/\/kuzeyinsesi.org\/index.php\/author\/guven\/"}]}},"_links":{"self":[{"href":"https:\/\/kuzeyinsesi.org\/index.php\/wp-json\/wp\/v2\/posts\/32023","targetHints":{"allow":["GET"]}}],"collection":[{"href":"https:\/\/kuzeyinsesi.org\/index.php\/wp-json\/wp\/v2\/posts"}],"about":[{"href":"https:\/\/kuzeyinsesi.org\/index.php\/wp-json\/wp\/v2\/types\/post"}],"author":[{"embeddable":true,"href":"https:\/\/kuzeyinsesi.org\/index.php\/wp-json\/wp\/v2\/users\/1"}],"replies":[{"embeddable":true,"href":"https:\/\/kuzeyinsesi.org\/index.php\/wp-json\/wp\/v2\/comments?post=32023"}],"version-history":[{"count":0,"href":"https:\/\/kuzeyinsesi.org\/index.php\/wp-json\/wp\/v2\/posts\/32023\/revisions"}],"wp:featuredmedia":[{"embeddable":true,"href":"https:\/\/kuzeyinsesi.org\/index.php\/wp-json\/wp\/v2\/media\/32024"}],"wp:attachment":[{"href":"https:\/\/kuzeyinsesi.org\/index.php\/wp-json\/wp\/v2\/media?parent=32023"}],"wp:term":[{"taxonomy":"category","embeddable":true,"href":"https:\/\/kuzeyinsesi.org\/index.php\/wp-json\/wp\/v2\/categories?post=32023"},{"taxonomy":"post_tag","embeddable":true,"href":"https:\/\/kuzeyinsesi.org\/index.php\/wp-json\/wp\/v2\/tags?post=32023"}],"curies":[{"name":"wp","href":"https:\/\/api.w.org\/{rel}","templated":true}]}}