{"id":3198,"date":"2024-05-23T12:03:04","date_gmt":"2024-05-23T09:03:04","guid":{"rendered":"https:\/\/kuzeyinsesi.com\/index.php\/2024\/05\/23\/don-pasquale-operasi-dun-aksam-girnede-sahnelendi\/"},"modified":"2024-05-23T12:03:04","modified_gmt":"2024-05-23T09:03:04","slug":"don-pasquale-operasi-dun-aksam-girnede-sahnelendi","status":"publish","type":"post","link":"https:\/\/kuzeyinsesi.org\/index.php\/2024\/05\/23\/don-pasquale-operasi-dun-aksam-girnede-sahnelendi\/","title":{"rendered":"\u2018Don Pasquale Operas\u0131\u2019 d\u00fcn ak\u015fam Girne\u2019de sahnelendi"},"content":{"rendered":"<div>\n<div class=\"mariselle-image-container center\">\n                                            <\/div>\n<p>Don Pasquale Operas\u0131, Girne Amerikan \u00dcniveristesi\u2019nde sahnelendi.<\/p>\n<p>Donizetti\u2019nin \u201cDon Pasquale\u201d operas\u0131, Ba\u015fbakan Yard\u0131mc\u0131l\u0131\u011f\u0131, Turizm, K\u00fclt\u00fcr, Gen\u00e7lik ve \u00c7evre Bakanl\u0131\u011f\u0131 Devlet Opera ve Bale Koordinasyon Merkezi, Cumhurba\u015fkanl\u0131\u011f\u0131 Senfoni Orkestras\u0131 ve T\u00fcrkiye K\u00fclt\u00fcr ve Turizm Bakanl\u0131\u011f\u0131 Devlet Opera ve Balesi Genel M\u00fcd\u00fcrl\u00fc\u011f\u00fc ortakl\u0131\u011f\u0131nda yap\u0131ld\u0131. <\/p>\n<p>Don Pasquale\u2019yi Cumhurba\u015fkan\u0131 Vekili, Cumhuriyet Meclisi Ba\u015fkan\u0131 Zorlu T\u00f6re de izledi.<\/p>\n<\/p><\/div>\n<p><script async\n                    defer\n                    crossorigin=\"anonymous\"\n                    src=\"https:\/\/connect.facebook.net\/tr_TR\/sdk.js#xfbml=1&#038;version=v3.3\"\n            ><\/script><\/p>\n","protected":false},"excerpt":{"rendered":"<p>Don Pasquale Operas\u0131, Girne Amerikan \u00dcniveristesi\u2019nde sahnelendi. Donizetti\u2019nin \u201cDon Pasquale\u201d operas\u0131, Ba\u015fbakan Yard\u0131mc\u0131l\u0131\u011f\u0131, Turizm, K\u00fclt\u00fcr, Gen\u00e7lik ve \u00c7evre Bakanl\u0131\u011f\u0131 Devlet Opera ve Bale Koordinasyon Merkezi, Cumhurba\u015fkanl\u0131\u011f\u0131 Senfoni Orkestras\u0131 ve T\u00fcrkiye K\u00fclt\u00fcr ve Turizm Bakanl\u0131\u011f\u0131 Devlet Opera ve Balesi Genel M\u00fcd\u00fcrl\u00fc\u011f\u00fc ortakl\u0131\u011f\u0131nda yap\u0131ld\u0131. Don Pasquale\u2019yi Cumhurba\u015fkan\u0131 Vekili, Cumhuriyet Meclisi Ba\u015fkan\u0131 Zorlu T\u00f6re de izledi.<\/p>\n","protected":false},"author":1,"featured_media":3199,"comment_status":"open","ping_status":"open","sticky":false,"template":"","format":"standard","meta":{"jnews-multi-image_gallery":[],"jnews_single_post":[],"jnews_primary_category":[],"jnews_social_meta":[],"jnews_override_counter":[],"footnotes":""},"categories":[6],"tags":[],"class_list":["post-3198","post","type-post","status-publish","format-standard","has-post-thumbnail","hentry","category-yasam"],"yoast_head":"<!-- This site is optimized with the Yoast SEO plugin v27.5 - https:\/\/yoast.com\/product\/yoast-seo-wordpress\/ -->\n<title>\u2018Don Pasquale Operas\u0131\u2019 d\u00fcn ak\u015fam Girne\u2019de sahnelendi - Kuzeyin Sesi<\/title>\n<meta name=\"robots\" content=\"index, follow, max-snippet:-1, max-image-preview:large, max-video-preview:-1\" \/>\n<link rel=\"canonical\" href=\"https:\/\/kuzeyinsesi.org\/index.php\/2024\/05\/23\/don-pasquale-operasi-dun-aksam-girnede-sahnelendi\/\" \/>\n<meta property=\"og:locale\" content=\"tr_TR\" \/>\n<meta property=\"og:type\" content=\"article\" \/>\n<meta property=\"og:title\" content=\"\u2018Don Pasquale Operas\u0131\u2019 d\u00fcn ak\u015fam Girne\u2019de sahnelendi - Kuzeyin Sesi\" \/>\n<meta property=\"og:description\" content=\"Don Pasquale Operas\u0131, Girne Amerikan \u00dcniveristesi\u2019nde sahnelendi. Donizetti\u2019nin \u201cDon Pasquale\u201d operas\u0131, Ba\u015fbakan Yard\u0131mc\u0131l\u0131\u011f\u0131, Turizm, K\u00fclt\u00fcr, Gen\u00e7lik ve \u00c7evre Bakanl\u0131\u011f\u0131 Devlet Opera ve Bale Koordinasyon Merkezi, Cumhurba\u015fkanl\u0131\u011f\u0131 Senfoni Orkestras\u0131 ve T\u00fcrkiye K\u00fclt\u00fcr ve Turizm Bakanl\u0131\u011f\u0131 Devlet Opera ve Balesi Genel M\u00fcd\u00fcrl\u00fc\u011f\u00fc ortakl\u0131\u011f\u0131nda yap\u0131ld\u0131. Don Pasquale\u2019yi Cumhurba\u015fkan\u0131 Vekili, Cumhuriyet Meclisi Ba\u015fkan\u0131 Zorlu T\u00f6re de izledi.\" \/>\n<meta property=\"og:url\" content=\"https:\/\/kuzeyinsesi.org\/index.php\/2024\/05\/23\/don-pasquale-operasi-dun-aksam-girnede-sahnelendi\/\" \/>\n<meta property=\"og:site_name\" content=\"Kuzeyin Sesi\" \/>\n<meta property=\"article:publisher\" content=\"https:\/\/www.facebook.com\/kuzeyinsesii\" \/>\n<meta property=\"article:published_time\" content=\"2024-05-23T09:03:04+00:00\" \/>\n<meta property=\"og:image\" content=\"https:\/\/kuzeyinsesi.org\/wp-content\/uploads\/2024\/05\/5119f3d2-b48c-4964-8c8c-27ebac8da9c4ffffffffffffffffffff-1.jpg\" \/>\n\t<meta property=\"og:image:width\" content=\"1600\" \/>\n\t<meta property=\"og:image:height\" content=\"749\" \/>\n\t<meta property=\"og:image:type\" content=\"image\/jpeg\" \/>\n<meta name=\"author\" content=\"Kuzeyin Sesi\" \/>\n<meta name=\"twitter:card\" content=\"summary_large_image\" \/>\n<meta name=\"twitter:creator\" content=\"@kuzeyinsesii\" \/>\n<meta name=\"twitter:site\" content=\"@kuzeyinsesii\" \/>\n<meta name=\"twitter:label1\" content=\"Yazan:\" \/>\n\t<meta name=\"twitter:data1\" content=\"Kuzeyin Sesi\" \/>\n<script type=\"application\/ld+json\" class=\"yoast-schema-graph\">{\"@context\":\"https:\\\/\\\/schema.org\",\"@graph\":[{\"@type\":\"Article\",\"@id\":\"https:\\\/\\\/kuzeyinsesi.org\\\/index.php\\\/2024\\\/05\\\/23\\\/don-pasquale-operasi-dun-aksam-girnede-sahnelendi\\\/#article\",\"isPartOf\":{\"@id\":\"https:\\\/\\\/kuzeyinsesi.org\\\/index.php\\\/2024\\\/05\\\/23\\\/don-pasquale-operasi-dun-aksam-girnede-sahnelendi\\\/\"},\"author\":{\"name\":\"Kuzeyin Sesi\",\"@id\":\"https:\\\/\\\/kuzeyinsesi.org\\\/#\\\/schema\\\/person\\\/9f859689cdf01485597712386e37f5aa\"},\"headline\":\"\u2018Don Pasquale Operas\u0131\u2019 d\u00fcn ak\u015fam Girne\u2019de sahnelendi\",\"datePublished\":\"2024-05-23T09:03:04+00:00\",\"mainEntityOfPage\":{\"@id\":\"https:\\\/\\\/kuzeyinsesi.org\\\/index.php\\\/2024\\\/05\\\/23\\\/don-pasquale-operasi-dun-aksam-girnede-sahnelendi\\\/\"},\"wordCount\":83,\"commentCount\":0,\"image\":{\"@id\":\"https:\\\/\\\/kuzeyinsesi.org\\\/index.php\\\/2024\\\/05\\\/23\\\/don-pasquale-operasi-dun-aksam-girnede-sahnelendi\\\/#primaryimage\"},\"thumbnailUrl\":\"https:\\\/\\\/kuzeyinsesi.org\\\/wp-content\\\/uploads\\\/2024\\\/05\\\/5119f3d2-b48c-4964-8c8c-27ebac8da9c4ffffffffffffffffffff-1.jpg\",\"articleSection\":[\"Ya\u015fam\"],\"inLanguage\":\"tr\",\"potentialAction\":[{\"@type\":\"CommentAction\",\"name\":\"Comment\",\"target\":[\"https:\\\/\\\/kuzeyinsesi.org\\\/index.php\\\/2024\\\/05\\\/23\\\/don-pasquale-operasi-dun-aksam-girnede-sahnelendi\\\/#respond\"]}]},{\"@type\":\"WebPage\",\"@id\":\"https:\\\/\\\/kuzeyinsesi.org\\\/index.php\\\/2024\\\/05\\\/23\\\/don-pasquale-operasi-dun-aksam-girnede-sahnelendi\\\/\",\"url\":\"https:\\\/\\\/kuzeyinsesi.org\\\/index.php\\\/2024\\\/05\\\/23\\\/don-pasquale-operasi-dun-aksam-girnede-sahnelendi\\\/\",\"name\":\"\u2018Don Pasquale Operas\u0131\u2019 d\u00fcn ak\u015fam Girne\u2019de sahnelendi - Kuzeyin Sesi\",\"isPartOf\":{\"@id\":\"https:\\\/\\\/kuzeyinsesi.org\\\/#website\"},\"primaryImageOfPage\":{\"@id\":\"https:\\\/\\\/kuzeyinsesi.org\\\/index.php\\\/2024\\\/05\\\/23\\\/don-pasquale-operasi-dun-aksam-girnede-sahnelendi\\\/#primaryimage\"},\"image\":{\"@id\":\"https:\\\/\\\/kuzeyinsesi.org\\\/index.php\\\/2024\\\/05\\\/23\\\/don-pasquale-operasi-dun-aksam-girnede-sahnelendi\\\/#primaryimage\"},\"thumbnailUrl\":\"https:\\\/\\\/kuzeyinsesi.org\\\/wp-content\\\/uploads\\\/2024\\\/05\\\/5119f3d2-b48c-4964-8c8c-27ebac8da9c4ffffffffffffffffffff-1.jpg\",\"datePublished\":\"2024-05-23T09:03:04+00:00\",\"author\":{\"@id\":\"https:\\\/\\\/kuzeyinsesi.org\\\/#\\\/schema\\\/person\\\/9f859689cdf01485597712386e37f5aa\"},\"breadcrumb\":{\"@id\":\"https:\\\/\\\/kuzeyinsesi.org\\\/index.php\\\/2024\\\/05\\\/23\\\/don-pasquale-operasi-dun-aksam-girnede-sahnelendi\\\/#breadcrumb\"},\"inLanguage\":\"tr\",\"potentialAction\":[{\"@type\":\"ReadAction\",\"target\":[\"https:\\\/\\\/kuzeyinsesi.org\\\/index.php\\\/2024\\\/05\\\/23\\\/don-pasquale-operasi-dun-aksam-girnede-sahnelendi\\\/\"]}]},{\"@type\":\"ImageObject\",\"inLanguage\":\"tr\",\"@id\":\"https:\\\/\\\/kuzeyinsesi.org\\\/index.php\\\/2024\\\/05\\\/23\\\/don-pasquale-operasi-dun-aksam-girnede-sahnelendi\\\/#primaryimage\",\"url\":\"https:\\\/\\\/kuzeyinsesi.org\\\/wp-content\\\/uploads\\\/2024\\\/05\\\/5119f3d2-b48c-4964-8c8c-27ebac8da9c4ffffffffffffffffffff-1.jpg\",\"contentUrl\":\"https:\\\/\\\/kuzeyinsesi.org\\\/wp-content\\\/uploads\\\/2024\\\/05\\\/5119f3d2-b48c-4964-8c8c-27ebac8da9c4ffffffffffffffffffff-1.jpg\",\"width\":1600,\"height\":749},{\"@type\":\"BreadcrumbList\",\"@id\":\"https:\\\/\\\/kuzeyinsesi.org\\\/index.php\\\/2024\\\/05\\\/23\\\/don-pasquale-operasi-dun-aksam-girnede-sahnelendi\\\/#breadcrumb\",\"itemListElement\":[{\"@type\":\"ListItem\",\"position\":1,\"name\":\"Anasayfa\",\"item\":\"https:\\\/\\\/kuzeyinsesi.org\\\/\"},{\"@type\":\"ListItem\",\"position\":2,\"name\":\"\u2018Don Pasquale Operas\u0131\u2019 d\u00fcn ak\u015fam Girne\u2019de sahnelendi\"}]},{\"@type\":\"WebSite\",\"@id\":\"https:\\\/\\\/kuzeyinsesi.org\\\/#website\",\"url\":\"https:\\\/\\\/kuzeyinsesi.org\\\/\",\"name\":\"Kuzeyin Sesi\",\"description\":\"Do\u011fru Haberin Adresi\",\"potentialAction\":[{\"@type\":\"SearchAction\",\"target\":{\"@type\":\"EntryPoint\",\"urlTemplate\":\"https:\\\/\\\/kuzeyinsesi.org\\\/?s={search_term_string}\"},\"query-input\":{\"@type\":\"PropertyValueSpecification\",\"valueRequired\":true,\"valueName\":\"search_term_string\"}}],\"inLanguage\":\"tr\"},{\"@type\":\"Person\",\"@id\":\"https:\\\/\\\/kuzeyinsesi.org\\\/#\\\/schema\\\/person\\\/9f859689cdf01485597712386e37f5aa\",\"name\":\"Kuzeyin Sesi\",\"image\":{\"@type\":\"ImageObject\",\"inLanguage\":\"tr\",\"@id\":\"https:\\\/\\\/secure.gravatar.com\\\/avatar\\\/bab33852abfd8b282518d6ed81826833d77c3c882d9ab608add591ccace47a44?s=96&d=mm&r=g\",\"url\":\"https:\\\/\\\/secure.gravatar.com\\\/avatar\\\/bab33852abfd8b282518d6ed81826833d77c3c882d9ab608add591ccace47a44?s=96&d=mm&r=g\",\"contentUrl\":\"https:\\\/\\\/secure.gravatar.com\\\/avatar\\\/bab33852abfd8b282518d6ed81826833d77c3c882d9ab608add591ccace47a44?s=96&d=mm&r=g\",\"caption\":\"Kuzeyin Sesi\"},\"sameAs\":[\"https:\\\/\\\/kuzeyinsesi.org\"],\"url\":\"https:\\\/\\\/kuzeyinsesi.org\\\/index.php\\\/author\\\/guven\\\/\"}]}<\/script>\n<!-- \/ Yoast SEO plugin. -->","yoast_head_json":{"title":"\u2018Don Pasquale Operas\u0131\u2019 d\u00fcn ak\u015fam Girne\u2019de sahnelendi - Kuzeyin Sesi","robots":{"index":"index","follow":"follow","max-snippet":"max-snippet:-1","max-image-preview":"max-image-preview:large","max-video-preview":"max-video-preview:-1"},"canonical":"https:\/\/kuzeyinsesi.org\/index.php\/2024\/05\/23\/don-pasquale-operasi-dun-aksam-girnede-sahnelendi\/","og_locale":"tr_TR","og_type":"article","og_title":"\u2018Don Pasquale Operas\u0131\u2019 d\u00fcn ak\u015fam Girne\u2019de sahnelendi - Kuzeyin Sesi","og_description":"Don Pasquale Operas\u0131, Girne Amerikan \u00dcniveristesi\u2019nde sahnelendi. Donizetti\u2019nin \u201cDon Pasquale\u201d operas\u0131, Ba\u015fbakan Yard\u0131mc\u0131l\u0131\u011f\u0131, Turizm, K\u00fclt\u00fcr, Gen\u00e7lik ve \u00c7evre Bakanl\u0131\u011f\u0131 Devlet Opera ve Bale Koordinasyon Merkezi, Cumhurba\u015fkanl\u0131\u011f\u0131 Senfoni Orkestras\u0131 ve T\u00fcrkiye K\u00fclt\u00fcr ve Turizm Bakanl\u0131\u011f\u0131 Devlet Opera ve Balesi Genel M\u00fcd\u00fcrl\u00fc\u011f\u00fc ortakl\u0131\u011f\u0131nda yap\u0131ld\u0131. Don Pasquale\u2019yi Cumhurba\u015fkan\u0131 Vekili, Cumhuriyet Meclisi Ba\u015fkan\u0131 Zorlu T\u00f6re de izledi.","og_url":"https:\/\/kuzeyinsesi.org\/index.php\/2024\/05\/23\/don-pasquale-operasi-dun-aksam-girnede-sahnelendi\/","og_site_name":"Kuzeyin Sesi","article_publisher":"https:\/\/www.facebook.com\/kuzeyinsesii","article_published_time":"2024-05-23T09:03:04+00:00","og_image":[{"width":1600,"height":749,"url":"https:\/\/kuzeyinsesi.org\/wp-content\/uploads\/2024\/05\/5119f3d2-b48c-4964-8c8c-27ebac8da9c4ffffffffffffffffffff-1.jpg","type":"image\/jpeg"}],"author":"Kuzeyin Sesi","twitter_card":"summary_large_image","twitter_creator":"@kuzeyinsesii","twitter_site":"@kuzeyinsesii","twitter_misc":{"Yazan:":"Kuzeyin Sesi"},"schema":{"@context":"https:\/\/schema.org","@graph":[{"@type":"Article","@id":"https:\/\/kuzeyinsesi.org\/index.php\/2024\/05\/23\/don-pasquale-operasi-dun-aksam-girnede-sahnelendi\/#article","isPartOf":{"@id":"https:\/\/kuzeyinsesi.org\/index.php\/2024\/05\/23\/don-pasquale-operasi-dun-aksam-girnede-sahnelendi\/"},"author":{"name":"Kuzeyin Sesi","@id":"https:\/\/kuzeyinsesi.org\/#\/schema\/person\/9f859689cdf01485597712386e37f5aa"},"headline":"\u2018Don Pasquale Operas\u0131\u2019 d\u00fcn ak\u015fam Girne\u2019de sahnelendi","datePublished":"2024-05-23T09:03:04+00:00","mainEntityOfPage":{"@id":"https:\/\/kuzeyinsesi.org\/index.php\/2024\/05\/23\/don-pasquale-operasi-dun-aksam-girnede-sahnelendi\/"},"wordCount":83,"commentCount":0,"image":{"@id":"https:\/\/kuzeyinsesi.org\/index.php\/2024\/05\/23\/don-pasquale-operasi-dun-aksam-girnede-sahnelendi\/#primaryimage"},"thumbnailUrl":"https:\/\/kuzeyinsesi.org\/wp-content\/uploads\/2024\/05\/5119f3d2-b48c-4964-8c8c-27ebac8da9c4ffffffffffffffffffff-1.jpg","articleSection":["Ya\u015fam"],"inLanguage":"tr","potentialAction":[{"@type":"CommentAction","name":"Comment","target":["https:\/\/kuzeyinsesi.org\/index.php\/2024\/05\/23\/don-pasquale-operasi-dun-aksam-girnede-sahnelendi\/#respond"]}]},{"@type":"WebPage","@id":"https:\/\/kuzeyinsesi.org\/index.php\/2024\/05\/23\/don-pasquale-operasi-dun-aksam-girnede-sahnelendi\/","url":"https:\/\/kuzeyinsesi.org\/index.php\/2024\/05\/23\/don-pasquale-operasi-dun-aksam-girnede-sahnelendi\/","name":"\u2018Don Pasquale Operas\u0131\u2019 d\u00fcn ak\u015fam Girne\u2019de sahnelendi - Kuzeyin Sesi","isPartOf":{"@id":"https:\/\/kuzeyinsesi.org\/#website"},"primaryImageOfPage":{"@id":"https:\/\/kuzeyinsesi.org\/index.php\/2024\/05\/23\/don-pasquale-operasi-dun-aksam-girnede-sahnelendi\/#primaryimage"},"image":{"@id":"https:\/\/kuzeyinsesi.org\/index.php\/2024\/05\/23\/don-pasquale-operasi-dun-aksam-girnede-sahnelendi\/#primaryimage"},"thumbnailUrl":"https:\/\/kuzeyinsesi.org\/wp-content\/uploads\/2024\/05\/5119f3d2-b48c-4964-8c8c-27ebac8da9c4ffffffffffffffffffff-1.jpg","datePublished":"2024-05-23T09:03:04+00:00","author":{"@id":"https:\/\/kuzeyinsesi.org\/#\/schema\/person\/9f859689cdf01485597712386e37f5aa"},"breadcrumb":{"@id":"https:\/\/kuzeyinsesi.org\/index.php\/2024\/05\/23\/don-pasquale-operasi-dun-aksam-girnede-sahnelendi\/#breadcrumb"},"inLanguage":"tr","potentialAction":[{"@type":"ReadAction","target":["https:\/\/kuzeyinsesi.org\/index.php\/2024\/05\/23\/don-pasquale-operasi-dun-aksam-girnede-sahnelendi\/"]}]},{"@type":"ImageObject","inLanguage":"tr","@id":"https:\/\/kuzeyinsesi.org\/index.php\/2024\/05\/23\/don-pasquale-operasi-dun-aksam-girnede-sahnelendi\/#primaryimage","url":"https:\/\/kuzeyinsesi.org\/wp-content\/uploads\/2024\/05\/5119f3d2-b48c-4964-8c8c-27ebac8da9c4ffffffffffffffffffff-1.jpg","contentUrl":"https:\/\/kuzeyinsesi.org\/wp-content\/uploads\/2024\/05\/5119f3d2-b48c-4964-8c8c-27ebac8da9c4ffffffffffffffffffff-1.jpg","width":1600,"height":749},{"@type":"BreadcrumbList","@id":"https:\/\/kuzeyinsesi.org\/index.php\/2024\/05\/23\/don-pasquale-operasi-dun-aksam-girnede-sahnelendi\/#breadcrumb","itemListElement":[{"@type":"ListItem","position":1,"name":"Anasayfa","item":"https:\/\/kuzeyinsesi.org\/"},{"@type":"ListItem","position":2,"name":"\u2018Don Pasquale Operas\u0131\u2019 d\u00fcn ak\u015fam Girne\u2019de sahnelendi"}]},{"@type":"WebSite","@id":"https:\/\/kuzeyinsesi.org\/#website","url":"https:\/\/kuzeyinsesi.org\/","name":"Kuzeyin Sesi","description":"Do\u011fru Haberin Adresi","potentialAction":[{"@type":"SearchAction","target":{"@type":"EntryPoint","urlTemplate":"https:\/\/kuzeyinsesi.org\/?s={search_term_string}"},"query-input":{"@type":"PropertyValueSpecification","valueRequired":true,"valueName":"search_term_string"}}],"inLanguage":"tr"},{"@type":"Person","@id":"https:\/\/kuzeyinsesi.org\/#\/schema\/person\/9f859689cdf01485597712386e37f5aa","name":"Kuzeyin Sesi","image":{"@type":"ImageObject","inLanguage":"tr","@id":"https:\/\/secure.gravatar.com\/avatar\/bab33852abfd8b282518d6ed81826833d77c3c882d9ab608add591ccace47a44?s=96&d=mm&r=g","url":"https:\/\/secure.gravatar.com\/avatar\/bab33852abfd8b282518d6ed81826833d77c3c882d9ab608add591ccace47a44?s=96&d=mm&r=g","contentUrl":"https:\/\/secure.gravatar.com\/avatar\/bab33852abfd8b282518d6ed81826833d77c3c882d9ab608add591ccace47a44?s=96&d=mm&r=g","caption":"Kuzeyin Sesi"},"sameAs":["https:\/\/kuzeyinsesi.org"],"url":"https:\/\/kuzeyinsesi.org\/index.php\/author\/guven\/"}]}},"_links":{"self":[{"href":"https:\/\/kuzeyinsesi.org\/index.php\/wp-json\/wp\/v2\/posts\/3198","targetHints":{"allow":["GET"]}}],"collection":[{"href":"https:\/\/kuzeyinsesi.org\/index.php\/wp-json\/wp\/v2\/posts"}],"about":[{"href":"https:\/\/kuzeyinsesi.org\/index.php\/wp-json\/wp\/v2\/types\/post"}],"author":[{"embeddable":true,"href":"https:\/\/kuzeyinsesi.org\/index.php\/wp-json\/wp\/v2\/users\/1"}],"replies":[{"embeddable":true,"href":"https:\/\/kuzeyinsesi.org\/index.php\/wp-json\/wp\/v2\/comments?post=3198"}],"version-history":[{"count":0,"href":"https:\/\/kuzeyinsesi.org\/index.php\/wp-json\/wp\/v2\/posts\/3198\/revisions"}],"wp:featuredmedia":[{"embeddable":true,"href":"https:\/\/kuzeyinsesi.org\/index.php\/wp-json\/wp\/v2\/media\/3199"}],"wp:attachment":[{"href":"https:\/\/kuzeyinsesi.org\/index.php\/wp-json\/wp\/v2\/media?parent=3198"}],"wp:term":[{"taxonomy":"category","embeddable":true,"href":"https:\/\/kuzeyinsesi.org\/index.php\/wp-json\/wp\/v2\/categories?post=3198"},{"taxonomy":"post_tag","embeddable":true,"href":"https:\/\/kuzeyinsesi.org\/index.php\/wp-json\/wp\/v2\/tags?post=3198"}],"curies":[{"name":"wp","href":"https:\/\/api.w.org\/{rel}","templated":true}]}}