{"id":3192,"date":"2024-05-23T11:02:05","date_gmt":"2024-05-23T08:02:05","guid":{"rendered":"https:\/\/kuzeyinsesi.com\/index.php\/2024\/05\/23\/fogemin-16-uluslararasi-yaz-sevinci-cocuk-festivali-3-haziranda-basliyor\/"},"modified":"2024-05-23T11:02:05","modified_gmt":"2024-05-23T08:02:05","slug":"fogemin-16-uluslararasi-yaz-sevinci-cocuk-festivali-3-haziranda-basliyor","status":"publish","type":"post","link":"https:\/\/kuzeyinsesi.org\/index.php\/2024\/05\/23\/fogemin-16-uluslararasi-yaz-sevinci-cocuk-festivali-3-haziranda-basliyor\/","title":{"rendered":"FOGEM\u2019in 16. Uluslararas\u0131 Yaz Sevinci \u00c7ocuk Festivali 3 Haziran\u2019da ba\u015fl\u0131yor"},"content":{"rendered":"<div>\n<div class=\"mariselle-image-container center\">\n                                            <\/div>\n<p>KKTC Folklor ve Gen\u00e7lik Merkezi\u2019nin (FOGEM) 16. Uluslararas\u0131 Yaz Sevinci \u00c7ocuk Festivali 3-9 Haziran\u2019da yap\u0131lacak.<\/p>\n<p>FOGEM\u2019den verilen bilgiye g\u00f6re, bu y\u0131l festivale T\u00fcrkiye, Kazakistan, Bulgaristan, Ukrayna ve K\u0131rg\u0131zistan\u2019dan ekipler de kat\u0131lacak.<\/p>\n<p>\u0130lk g\u00f6sterileri 4 Haziran Sal\u0131 g\u00fcn\u00fc Lefko\u015fa\u2019da yap\u0131lacak festival kapsam\u0131nda Girne, Dikmen, Beyarmudu ve \u00c7atalk\u00f6y\u2019de de g\u00f6steriler d\u00fczenleyecek.<\/p>\n<p>Uluslararas\u0131 Festivaller Birli\u011fi (CIOFF) ve T\u00fcrkiye Uluslararas\u0131 Festivaller Birli\u011fi\u2019nin (UFB) resmi \u00fcyesi olan festivalde, T\u00fcrkiye ve di\u011fer \u00fclkelerden gelecek ekiplerin yan\u0131 s\u0131ra FOGEM ve di\u011fer merkezlerin \u00e7ocuk halk danslar\u0131 gruplar\u0131 sahne alacak.<br \/>Geleneksel olarak ger\u00e7ekle\u015ftirilen \u201cFOGEM ile Yaz Bembeyaz\u201d etkinli\u011fi ise 7 Haziran Cuma gecesi Girne\u2019de ger\u00e7ekle\u015ftirilecek.<\/p>\n<\/p><\/div>\n<p><script async\n                    defer\n                    crossorigin=\"anonymous\"\n                    src=\"https:\/\/connect.facebook.net\/tr_TR\/sdk.js#xfbml=1&#038;version=v3.3\"\n            ><\/script><\/p>\n","protected":false},"excerpt":{"rendered":"<p>KKTC Folklor ve Gen\u00e7lik Merkezi\u2019nin (FOGEM) 16. Uluslararas\u0131 Yaz Sevinci \u00c7ocuk Festivali 3-9 Haziran\u2019da yap\u0131lacak. FOGEM\u2019den verilen bilgiye g\u00f6re, bu y\u0131l festivale T\u00fcrkiye, Kazakistan, Bulgaristan, Ukrayna ve K\u0131rg\u0131zistan\u2019dan ekipler de kat\u0131lacak. \u0130lk g\u00f6sterileri 4 Haziran Sal\u0131 g\u00fcn\u00fc Lefko\u015fa\u2019da yap\u0131lacak festival kapsam\u0131nda Girne, Dikmen, Beyarmudu ve \u00c7atalk\u00f6y\u2019de de g\u00f6steriler d\u00fczenleyecek. Uluslararas\u0131 Festivaller Birli\u011fi (CIOFF) ve T\u00fcrkiye [&hellip;]<\/p>\n","protected":false},"author":1,"featured_media":3193,"comment_status":"open","ping_status":"open","sticky":false,"template":"","format":"standard","meta":{"jnews-multi-image_gallery":[],"jnews_single_post":[],"jnews_primary_category":[],"jnews_social_meta":[],"jnews_override_counter":[],"footnotes":""},"categories":[6],"tags":[],"class_list":["post-3192","post","type-post","status-publish","format-standard","has-post-thumbnail","hentry","category-yasam"],"yoast_head":"<!-- This site is optimized with the Yoast SEO plugin v27.5 - https:\/\/yoast.com\/product\/yoast-seo-wordpress\/ -->\n<title>FOGEM\u2019in 16. Uluslararas\u0131 Yaz Sevinci \u00c7ocuk Festivali 3 Haziran\u2019da ba\u015fl\u0131yor - Kuzeyin Sesi<\/title>\n<meta name=\"robots\" content=\"index, follow, max-snippet:-1, max-image-preview:large, max-video-preview:-1\" \/>\n<link rel=\"canonical\" href=\"https:\/\/kuzeyinsesi.org\/index.php\/2024\/05\/23\/fogemin-16-uluslararasi-yaz-sevinci-cocuk-festivali-3-haziranda-basliyor\/\" \/>\n<meta property=\"og:locale\" content=\"tr_TR\" \/>\n<meta property=\"og:type\" content=\"article\" \/>\n<meta property=\"og:title\" content=\"FOGEM\u2019in 16. Uluslararas\u0131 Yaz Sevinci \u00c7ocuk Festivali 3 Haziran\u2019da ba\u015fl\u0131yor - Kuzeyin Sesi\" \/>\n<meta property=\"og:description\" content=\"KKTC Folklor ve Gen\u00e7lik Merkezi\u2019nin (FOGEM) 16. Uluslararas\u0131 Yaz Sevinci \u00c7ocuk Festivali 3-9 Haziran\u2019da yap\u0131lacak. FOGEM\u2019den verilen bilgiye g\u00f6re, bu y\u0131l festivale T\u00fcrkiye, Kazakistan, Bulgaristan, Ukrayna ve K\u0131rg\u0131zistan\u2019dan ekipler de kat\u0131lacak. \u0130lk g\u00f6sterileri 4 Haziran Sal\u0131 g\u00fcn\u00fc Lefko\u015fa\u2019da yap\u0131lacak festival kapsam\u0131nda Girne, Dikmen, Beyarmudu ve \u00c7atalk\u00f6y\u2019de de g\u00f6steriler d\u00fczenleyecek. Uluslararas\u0131 Festivaller Birli\u011fi (CIOFF) ve T\u00fcrkiye [&hellip;]\" \/>\n<meta property=\"og:url\" content=\"https:\/\/kuzeyinsesi.org\/index.php\/2024\/05\/23\/fogemin-16-uluslararasi-yaz-sevinci-cocuk-festivali-3-haziranda-basliyor\/\" \/>\n<meta property=\"og:site_name\" content=\"Kuzeyin Sesi\" \/>\n<meta property=\"article:publisher\" content=\"https:\/\/www.facebook.com\/kuzeyinsesii\" \/>\n<meta property=\"article:published_time\" content=\"2024-05-23T08:02:05+00:00\" \/>\n<meta property=\"og:image\" content=\"https:\/\/kuzeyinsesi.org\/wp-content\/uploads\/2024\/05\/16.-Uluslararasi-Yaz-Sevinci-Cocuk-Festivali.webp.webp\" \/>\n\t<meta property=\"og:image:width\" content=\"1280\" \/>\n\t<meta property=\"og:image:height\" content=\"720\" \/>\n\t<meta property=\"og:image:type\" content=\"image\/webp\" \/>\n<meta name=\"author\" content=\"Kuzeyin Sesi\" \/>\n<meta name=\"twitter:card\" content=\"summary_large_image\" \/>\n<meta name=\"twitter:creator\" content=\"@kuzeyinsesii\" \/>\n<meta name=\"twitter:site\" content=\"@kuzeyinsesii\" \/>\n<meta name=\"twitter:label1\" content=\"Yazan:\" \/>\n\t<meta name=\"twitter:data1\" content=\"Kuzeyin Sesi\" \/>\n\t<meta name=\"twitter:label2\" content=\"Tahmini okuma s\u00fcresi\" \/>\n\t<meta name=\"twitter:data2\" content=\"1 dakika\" \/>\n<script type=\"application\/ld+json\" class=\"yoast-schema-graph\">{\"@context\":\"https:\\\/\\\/schema.org\",\"@graph\":[{\"@type\":\"Article\",\"@id\":\"https:\\\/\\\/kuzeyinsesi.org\\\/index.php\\\/2024\\\/05\\\/23\\\/fogemin-16-uluslararasi-yaz-sevinci-cocuk-festivali-3-haziranda-basliyor\\\/#article\",\"isPartOf\":{\"@id\":\"https:\\\/\\\/kuzeyinsesi.org\\\/index.php\\\/2024\\\/05\\\/23\\\/fogemin-16-uluslararasi-yaz-sevinci-cocuk-festivali-3-haziranda-basliyor\\\/\"},\"author\":{\"name\":\"Kuzeyin Sesi\",\"@id\":\"https:\\\/\\\/kuzeyinsesi.org\\\/#\\\/schema\\\/person\\\/9f859689cdf01485597712386e37f5aa\"},\"headline\":\"FOGEM\u2019in 16. Uluslararas\u0131 Yaz Sevinci \u00c7ocuk Festivali 3 Haziran\u2019da ba\u015fl\u0131yor\",\"datePublished\":\"2024-05-23T08:02:05+00:00\",\"mainEntityOfPage\":{\"@id\":\"https:\\\/\\\/kuzeyinsesi.org\\\/index.php\\\/2024\\\/05\\\/23\\\/fogemin-16-uluslararasi-yaz-sevinci-cocuk-festivali-3-haziranda-basliyor\\\/\"},\"wordCount\":141,\"commentCount\":0,\"image\":{\"@id\":\"https:\\\/\\\/kuzeyinsesi.org\\\/index.php\\\/2024\\\/05\\\/23\\\/fogemin-16-uluslararasi-yaz-sevinci-cocuk-festivali-3-haziranda-basliyor\\\/#primaryimage\"},\"thumbnailUrl\":\"https:\\\/\\\/kuzeyinsesi.org\\\/wp-content\\\/uploads\\\/2024\\\/05\\\/16.-Uluslararasi-Yaz-Sevinci-Cocuk-Festivali.webp.webp\",\"articleSection\":[\"Ya\u015fam\"],\"inLanguage\":\"tr\",\"potentialAction\":[{\"@type\":\"CommentAction\",\"name\":\"Comment\",\"target\":[\"https:\\\/\\\/kuzeyinsesi.org\\\/index.php\\\/2024\\\/05\\\/23\\\/fogemin-16-uluslararasi-yaz-sevinci-cocuk-festivali-3-haziranda-basliyor\\\/#respond\"]}]},{\"@type\":\"WebPage\",\"@id\":\"https:\\\/\\\/kuzeyinsesi.org\\\/index.php\\\/2024\\\/05\\\/23\\\/fogemin-16-uluslararasi-yaz-sevinci-cocuk-festivali-3-haziranda-basliyor\\\/\",\"url\":\"https:\\\/\\\/kuzeyinsesi.org\\\/index.php\\\/2024\\\/05\\\/23\\\/fogemin-16-uluslararasi-yaz-sevinci-cocuk-festivali-3-haziranda-basliyor\\\/\",\"name\":\"FOGEM\u2019in 16. Uluslararas\u0131 Yaz Sevinci \u00c7ocuk Festivali 3 Haziran\u2019da ba\u015fl\u0131yor - Kuzeyin Sesi\",\"isPartOf\":{\"@id\":\"https:\\\/\\\/kuzeyinsesi.org\\\/#website\"},\"primaryImageOfPage\":{\"@id\":\"https:\\\/\\\/kuzeyinsesi.org\\\/index.php\\\/2024\\\/05\\\/23\\\/fogemin-16-uluslararasi-yaz-sevinci-cocuk-festivali-3-haziranda-basliyor\\\/#primaryimage\"},\"image\":{\"@id\":\"https:\\\/\\\/kuzeyinsesi.org\\\/index.php\\\/2024\\\/05\\\/23\\\/fogemin-16-uluslararasi-yaz-sevinci-cocuk-festivali-3-haziranda-basliyor\\\/#primaryimage\"},\"thumbnailUrl\":\"https:\\\/\\\/kuzeyinsesi.org\\\/wp-content\\\/uploads\\\/2024\\\/05\\\/16.-Uluslararasi-Yaz-Sevinci-Cocuk-Festivali.webp.webp\",\"datePublished\":\"2024-05-23T08:02:05+00:00\",\"author\":{\"@id\":\"https:\\\/\\\/kuzeyinsesi.org\\\/#\\\/schema\\\/person\\\/9f859689cdf01485597712386e37f5aa\"},\"breadcrumb\":{\"@id\":\"https:\\\/\\\/kuzeyinsesi.org\\\/index.php\\\/2024\\\/05\\\/23\\\/fogemin-16-uluslararasi-yaz-sevinci-cocuk-festivali-3-haziranda-basliyor\\\/#breadcrumb\"},\"inLanguage\":\"tr\",\"potentialAction\":[{\"@type\":\"ReadAction\",\"target\":[\"https:\\\/\\\/kuzeyinsesi.org\\\/index.php\\\/2024\\\/05\\\/23\\\/fogemin-16-uluslararasi-yaz-sevinci-cocuk-festivali-3-haziranda-basliyor\\\/\"]}]},{\"@type\":\"ImageObject\",\"inLanguage\":\"tr\",\"@id\":\"https:\\\/\\\/kuzeyinsesi.org\\\/index.php\\\/2024\\\/05\\\/23\\\/fogemin-16-uluslararasi-yaz-sevinci-cocuk-festivali-3-haziranda-basliyor\\\/#primaryimage\",\"url\":\"https:\\\/\\\/kuzeyinsesi.org\\\/wp-content\\\/uploads\\\/2024\\\/05\\\/16.-Uluslararasi-Yaz-Sevinci-Cocuk-Festivali.webp.webp\",\"contentUrl\":\"https:\\\/\\\/kuzeyinsesi.org\\\/wp-content\\\/uploads\\\/2024\\\/05\\\/16.-Uluslararasi-Yaz-Sevinci-Cocuk-Festivali.webp.webp\",\"width\":1280,\"height\":720},{\"@type\":\"BreadcrumbList\",\"@id\":\"https:\\\/\\\/kuzeyinsesi.org\\\/index.php\\\/2024\\\/05\\\/23\\\/fogemin-16-uluslararasi-yaz-sevinci-cocuk-festivali-3-haziranda-basliyor\\\/#breadcrumb\",\"itemListElement\":[{\"@type\":\"ListItem\",\"position\":1,\"name\":\"Anasayfa\",\"item\":\"https:\\\/\\\/kuzeyinsesi.org\\\/\"},{\"@type\":\"ListItem\",\"position\":2,\"name\":\"FOGEM\u2019in 16. Uluslararas\u0131 Yaz Sevinci \u00c7ocuk Festivali 3 Haziran\u2019da ba\u015fl\u0131yor\"}]},{\"@type\":\"WebSite\",\"@id\":\"https:\\\/\\\/kuzeyinsesi.org\\\/#website\",\"url\":\"https:\\\/\\\/kuzeyinsesi.org\\\/\",\"name\":\"Kuzeyin Sesi\",\"description\":\"Do\u011fru Haberin Adresi\",\"potentialAction\":[{\"@type\":\"SearchAction\",\"target\":{\"@type\":\"EntryPoint\",\"urlTemplate\":\"https:\\\/\\\/kuzeyinsesi.org\\\/?s={search_term_string}\"},\"query-input\":{\"@type\":\"PropertyValueSpecification\",\"valueRequired\":true,\"valueName\":\"search_term_string\"}}],\"inLanguage\":\"tr\"},{\"@type\":\"Person\",\"@id\":\"https:\\\/\\\/kuzeyinsesi.org\\\/#\\\/schema\\\/person\\\/9f859689cdf01485597712386e37f5aa\",\"name\":\"Kuzeyin Sesi\",\"image\":{\"@type\":\"ImageObject\",\"inLanguage\":\"tr\",\"@id\":\"https:\\\/\\\/secure.gravatar.com\\\/avatar\\\/bab33852abfd8b282518d6ed81826833d77c3c882d9ab608add591ccace47a44?s=96&d=mm&r=g\",\"url\":\"https:\\\/\\\/secure.gravatar.com\\\/avatar\\\/bab33852abfd8b282518d6ed81826833d77c3c882d9ab608add591ccace47a44?s=96&d=mm&r=g\",\"contentUrl\":\"https:\\\/\\\/secure.gravatar.com\\\/avatar\\\/bab33852abfd8b282518d6ed81826833d77c3c882d9ab608add591ccace47a44?s=96&d=mm&r=g\",\"caption\":\"Kuzeyin Sesi\"},\"sameAs\":[\"https:\\\/\\\/kuzeyinsesi.org\"],\"url\":\"https:\\\/\\\/kuzeyinsesi.org\\\/index.php\\\/author\\\/guven\\\/\"}]}<\/script>\n<!-- \/ Yoast SEO plugin. -->","yoast_head_json":{"title":"FOGEM\u2019in 16. Uluslararas\u0131 Yaz Sevinci \u00c7ocuk Festivali 3 Haziran\u2019da ba\u015fl\u0131yor - Kuzeyin Sesi","robots":{"index":"index","follow":"follow","max-snippet":"max-snippet:-1","max-image-preview":"max-image-preview:large","max-video-preview":"max-video-preview:-1"},"canonical":"https:\/\/kuzeyinsesi.org\/index.php\/2024\/05\/23\/fogemin-16-uluslararasi-yaz-sevinci-cocuk-festivali-3-haziranda-basliyor\/","og_locale":"tr_TR","og_type":"article","og_title":"FOGEM\u2019in 16. Uluslararas\u0131 Yaz Sevinci \u00c7ocuk Festivali 3 Haziran\u2019da ba\u015fl\u0131yor - Kuzeyin Sesi","og_description":"KKTC Folklor ve Gen\u00e7lik Merkezi\u2019nin (FOGEM) 16. Uluslararas\u0131 Yaz Sevinci \u00c7ocuk Festivali 3-9 Haziran\u2019da yap\u0131lacak. FOGEM\u2019den verilen bilgiye g\u00f6re, bu y\u0131l festivale T\u00fcrkiye, Kazakistan, Bulgaristan, Ukrayna ve K\u0131rg\u0131zistan\u2019dan ekipler de kat\u0131lacak. \u0130lk g\u00f6sterileri 4 Haziran Sal\u0131 g\u00fcn\u00fc Lefko\u015fa\u2019da yap\u0131lacak festival kapsam\u0131nda Girne, Dikmen, Beyarmudu ve \u00c7atalk\u00f6y\u2019de de g\u00f6steriler d\u00fczenleyecek. Uluslararas\u0131 Festivaller Birli\u011fi (CIOFF) ve T\u00fcrkiye [&hellip;]","og_url":"https:\/\/kuzeyinsesi.org\/index.php\/2024\/05\/23\/fogemin-16-uluslararasi-yaz-sevinci-cocuk-festivali-3-haziranda-basliyor\/","og_site_name":"Kuzeyin Sesi","article_publisher":"https:\/\/www.facebook.com\/kuzeyinsesii","article_published_time":"2024-05-23T08:02:05+00:00","og_image":[{"width":1280,"height":720,"url":"https:\/\/kuzeyinsesi.org\/wp-content\/uploads\/2024\/05\/16.-Uluslararasi-Yaz-Sevinci-Cocuk-Festivali.webp.webp","type":"image\/webp"}],"author":"Kuzeyin Sesi","twitter_card":"summary_large_image","twitter_creator":"@kuzeyinsesii","twitter_site":"@kuzeyinsesii","twitter_misc":{"Yazan:":"Kuzeyin Sesi","Tahmini okuma s\u00fcresi":"1 dakika"},"schema":{"@context":"https:\/\/schema.org","@graph":[{"@type":"Article","@id":"https:\/\/kuzeyinsesi.org\/index.php\/2024\/05\/23\/fogemin-16-uluslararasi-yaz-sevinci-cocuk-festivali-3-haziranda-basliyor\/#article","isPartOf":{"@id":"https:\/\/kuzeyinsesi.org\/index.php\/2024\/05\/23\/fogemin-16-uluslararasi-yaz-sevinci-cocuk-festivali-3-haziranda-basliyor\/"},"author":{"name":"Kuzeyin Sesi","@id":"https:\/\/kuzeyinsesi.org\/#\/schema\/person\/9f859689cdf01485597712386e37f5aa"},"headline":"FOGEM\u2019in 16. Uluslararas\u0131 Yaz Sevinci \u00c7ocuk Festivali 3 Haziran\u2019da ba\u015fl\u0131yor","datePublished":"2024-05-23T08:02:05+00:00","mainEntityOfPage":{"@id":"https:\/\/kuzeyinsesi.org\/index.php\/2024\/05\/23\/fogemin-16-uluslararasi-yaz-sevinci-cocuk-festivali-3-haziranda-basliyor\/"},"wordCount":141,"commentCount":0,"image":{"@id":"https:\/\/kuzeyinsesi.org\/index.php\/2024\/05\/23\/fogemin-16-uluslararasi-yaz-sevinci-cocuk-festivali-3-haziranda-basliyor\/#primaryimage"},"thumbnailUrl":"https:\/\/kuzeyinsesi.org\/wp-content\/uploads\/2024\/05\/16.-Uluslararasi-Yaz-Sevinci-Cocuk-Festivali.webp.webp","articleSection":["Ya\u015fam"],"inLanguage":"tr","potentialAction":[{"@type":"CommentAction","name":"Comment","target":["https:\/\/kuzeyinsesi.org\/index.php\/2024\/05\/23\/fogemin-16-uluslararasi-yaz-sevinci-cocuk-festivali-3-haziranda-basliyor\/#respond"]}]},{"@type":"WebPage","@id":"https:\/\/kuzeyinsesi.org\/index.php\/2024\/05\/23\/fogemin-16-uluslararasi-yaz-sevinci-cocuk-festivali-3-haziranda-basliyor\/","url":"https:\/\/kuzeyinsesi.org\/index.php\/2024\/05\/23\/fogemin-16-uluslararasi-yaz-sevinci-cocuk-festivali-3-haziranda-basliyor\/","name":"FOGEM\u2019in 16. Uluslararas\u0131 Yaz Sevinci \u00c7ocuk Festivali 3 Haziran\u2019da ba\u015fl\u0131yor - Kuzeyin Sesi","isPartOf":{"@id":"https:\/\/kuzeyinsesi.org\/#website"},"primaryImageOfPage":{"@id":"https:\/\/kuzeyinsesi.org\/index.php\/2024\/05\/23\/fogemin-16-uluslararasi-yaz-sevinci-cocuk-festivali-3-haziranda-basliyor\/#primaryimage"},"image":{"@id":"https:\/\/kuzeyinsesi.org\/index.php\/2024\/05\/23\/fogemin-16-uluslararasi-yaz-sevinci-cocuk-festivali-3-haziranda-basliyor\/#primaryimage"},"thumbnailUrl":"https:\/\/kuzeyinsesi.org\/wp-content\/uploads\/2024\/05\/16.-Uluslararasi-Yaz-Sevinci-Cocuk-Festivali.webp.webp","datePublished":"2024-05-23T08:02:05+00:00","author":{"@id":"https:\/\/kuzeyinsesi.org\/#\/schema\/person\/9f859689cdf01485597712386e37f5aa"},"breadcrumb":{"@id":"https:\/\/kuzeyinsesi.org\/index.php\/2024\/05\/23\/fogemin-16-uluslararasi-yaz-sevinci-cocuk-festivali-3-haziranda-basliyor\/#breadcrumb"},"inLanguage":"tr","potentialAction":[{"@type":"ReadAction","target":["https:\/\/kuzeyinsesi.org\/index.php\/2024\/05\/23\/fogemin-16-uluslararasi-yaz-sevinci-cocuk-festivali-3-haziranda-basliyor\/"]}]},{"@type":"ImageObject","inLanguage":"tr","@id":"https:\/\/kuzeyinsesi.org\/index.php\/2024\/05\/23\/fogemin-16-uluslararasi-yaz-sevinci-cocuk-festivali-3-haziranda-basliyor\/#primaryimage","url":"https:\/\/kuzeyinsesi.org\/wp-content\/uploads\/2024\/05\/16.-Uluslararasi-Yaz-Sevinci-Cocuk-Festivali.webp.webp","contentUrl":"https:\/\/kuzeyinsesi.org\/wp-content\/uploads\/2024\/05\/16.-Uluslararasi-Yaz-Sevinci-Cocuk-Festivali.webp.webp","width":1280,"height":720},{"@type":"BreadcrumbList","@id":"https:\/\/kuzeyinsesi.org\/index.php\/2024\/05\/23\/fogemin-16-uluslararasi-yaz-sevinci-cocuk-festivali-3-haziranda-basliyor\/#breadcrumb","itemListElement":[{"@type":"ListItem","position":1,"name":"Anasayfa","item":"https:\/\/kuzeyinsesi.org\/"},{"@type":"ListItem","position":2,"name":"FOGEM\u2019in 16. Uluslararas\u0131 Yaz Sevinci \u00c7ocuk Festivali 3 Haziran\u2019da ba\u015fl\u0131yor"}]},{"@type":"WebSite","@id":"https:\/\/kuzeyinsesi.org\/#website","url":"https:\/\/kuzeyinsesi.org\/","name":"Kuzeyin Sesi","description":"Do\u011fru Haberin Adresi","potentialAction":[{"@type":"SearchAction","target":{"@type":"EntryPoint","urlTemplate":"https:\/\/kuzeyinsesi.org\/?s={search_term_string}"},"query-input":{"@type":"PropertyValueSpecification","valueRequired":true,"valueName":"search_term_string"}}],"inLanguage":"tr"},{"@type":"Person","@id":"https:\/\/kuzeyinsesi.org\/#\/schema\/person\/9f859689cdf01485597712386e37f5aa","name":"Kuzeyin Sesi","image":{"@type":"ImageObject","inLanguage":"tr","@id":"https:\/\/secure.gravatar.com\/avatar\/bab33852abfd8b282518d6ed81826833d77c3c882d9ab608add591ccace47a44?s=96&d=mm&r=g","url":"https:\/\/secure.gravatar.com\/avatar\/bab33852abfd8b282518d6ed81826833d77c3c882d9ab608add591ccace47a44?s=96&d=mm&r=g","contentUrl":"https:\/\/secure.gravatar.com\/avatar\/bab33852abfd8b282518d6ed81826833d77c3c882d9ab608add591ccace47a44?s=96&d=mm&r=g","caption":"Kuzeyin Sesi"},"sameAs":["https:\/\/kuzeyinsesi.org"],"url":"https:\/\/kuzeyinsesi.org\/index.php\/author\/guven\/"}]}},"_links":{"self":[{"href":"https:\/\/kuzeyinsesi.org\/index.php\/wp-json\/wp\/v2\/posts\/3192","targetHints":{"allow":["GET"]}}],"collection":[{"href":"https:\/\/kuzeyinsesi.org\/index.php\/wp-json\/wp\/v2\/posts"}],"about":[{"href":"https:\/\/kuzeyinsesi.org\/index.php\/wp-json\/wp\/v2\/types\/post"}],"author":[{"embeddable":true,"href":"https:\/\/kuzeyinsesi.org\/index.php\/wp-json\/wp\/v2\/users\/1"}],"replies":[{"embeddable":true,"href":"https:\/\/kuzeyinsesi.org\/index.php\/wp-json\/wp\/v2\/comments?post=3192"}],"version-history":[{"count":0,"href":"https:\/\/kuzeyinsesi.org\/index.php\/wp-json\/wp\/v2\/posts\/3192\/revisions"}],"wp:featuredmedia":[{"embeddable":true,"href":"https:\/\/kuzeyinsesi.org\/index.php\/wp-json\/wp\/v2\/media\/3193"}],"wp:attachment":[{"href":"https:\/\/kuzeyinsesi.org\/index.php\/wp-json\/wp\/v2\/media?parent=3192"}],"wp:term":[{"taxonomy":"category","embeddable":true,"href":"https:\/\/kuzeyinsesi.org\/index.php\/wp-json\/wp\/v2\/categories?post=3192"},{"taxonomy":"post_tag","embeddable":true,"href":"https:\/\/kuzeyinsesi.org\/index.php\/wp-json\/wp\/v2\/tags?post=3192"}],"curies":[{"name":"wp","href":"https:\/\/api.w.org\/{rel}","templated":true}]}}