{"id":31687,"date":"2025-09-15T07:45:51","date_gmt":"2025-09-15T04:45:51","guid":{"rendered":"https:\/\/kuzeyinsesi.org\/index.php\/2025\/09\/15\/ergin-ataman-eurobasket-2025in-en-degerli-basantrenoru-secildi\/"},"modified":"2025-09-15T07:45:51","modified_gmt":"2025-09-15T04:45:51","slug":"ergin-ataman-eurobasket-2025in-en-degerli-basantrenoru-secildi","status":"publish","type":"post","link":"https:\/\/kuzeyinsesi.org\/index.php\/2025\/09\/15\/ergin-ataman-eurobasket-2025in-en-degerli-basantrenoru-secildi\/","title":{"rendered":"Ergin Ataman, EuroBasket 2025&#039;in &#039;En De\u011ferli Ba\u015fantren\u00f6r\u00fc&#039; se\u00e7ildi"},"content":{"rendered":"<p><\/p>\n<div>\n<p>&#13;<br \/>\n\t\u015eampiyonaya akredite olan bas\u0131n mensuplar\u0131n\u0131n oylamas\u0131nda Ataman, EuroBasket 2025&#8217;in en de\u011ferli ba\u015fantren\u00f6r\u00fc se\u00e7ildi.<\/p>\n<p>&#13;<br \/>\n\tTurnuvada &#8220;En \u0130yi Savunma Oyuncusu&#8221; \u00f6d\u00fcl\u00fc, \u015fampiyon Almanya&#8217;dan Isaac Bonga&#8217;ya verildi. &#8220;Y\u00fckselen Y\u0131ld\u0131z&#8221; \u00f6d\u00fcl\u00fcn\u00fcn sahibi ise Finlandiya&#8217;dan Miikka Muurinen oldu.<\/p>\n<p>&#13;<br \/>\n\tA Milli Tak\u0131m&#8217;da kaptan Cedi Osman, 2025 Avrupa \u015eampiyonas\u0131&#8217;nda &#8220;En \u0130yi \u0130kinci 5&#8243;e ad\u0131n\u0131 yazd\u0131rd\u0131. Tak\u0131mda, 30 ya\u015f\u0131ndaki milli oyuncunun yan\u0131 s\u0131ra Jordan Loyd (Polonya), Deni Avdija (\u0130srail), Lauri Markkanen (Finlandiya) ve Nikola Jokic (S\u0131rbistan) yer ald\u0131.<\/p>\n<\/p><\/div>\n","protected":false},"excerpt":{"rendered":"<p>&#13; \u015eampiyonaya akredite olan bas\u0131n mensuplar\u0131n\u0131n oylamas\u0131nda Ataman, EuroBasket 2025&#8217;in en de\u011ferli ba\u015fantren\u00f6r\u00fc se\u00e7ildi. &#13; Turnuvada &#8220;En \u0130yi Savunma Oyuncusu&#8221; \u00f6d\u00fcl\u00fc, \u015fampiyon Almanya&#8217;dan Isaac Bonga&#8217;ya verildi. &#8220;Y\u00fckselen Y\u0131ld\u0131z&#8221; \u00f6d\u00fcl\u00fcn\u00fcn sahibi ise Finlandiya&#8217;dan Miikka Muurinen oldu. &#13; A Milli Tak\u0131m&#8217;da kaptan Cedi Osman, 2025 Avrupa \u015eampiyonas\u0131&#8217;nda &#8220;En \u0130yi \u0130kinci 5&#8243;e ad\u0131n\u0131 yazd\u0131rd\u0131. Tak\u0131mda, 30 ya\u015f\u0131ndaki milli [&hellip;]<\/p>\n","protected":false},"author":1,"featured_media":31688,"comment_status":"open","ping_status":"open","sticky":false,"template":"","format":"standard","meta":{"jnews-multi-image_gallery":[],"jnews_single_post":[],"jnews_primary_category":[],"jnews_social_meta":[],"jnews_override_counter":[],"footnotes":""},"categories":[4],"tags":[],"class_list":["post-31687","post","type-post","status-publish","format-standard","has-post-thumbnail","hentry","category-spor"],"yoast_head":"<!-- This site is optimized with the Yoast SEO plugin v27.5 - https:\/\/yoast.com\/product\/yoast-seo-wordpress\/ -->\n<title>Ergin Ataman, EuroBasket 2025&#039;in &#039;En De\u011ferli Ba\u015fantren\u00f6r\u00fc&#039; se\u00e7ildi - Kuzeyin Sesi<\/title>\n<meta name=\"robots\" content=\"index, follow, max-snippet:-1, max-image-preview:large, max-video-preview:-1\" \/>\n<link rel=\"canonical\" href=\"https:\/\/kuzeyinsesi.org\/index.php\/2025\/09\/15\/ergin-ataman-eurobasket-2025in-en-degerli-basantrenoru-secildi\/\" \/>\n<meta property=\"og:locale\" content=\"tr_TR\" \/>\n<meta property=\"og:type\" content=\"article\" \/>\n<meta property=\"og:title\" content=\"Ergin Ataman, EuroBasket 2025&#039;in &#039;En De\u011ferli Ba\u015fantren\u00f6r\u00fc&#039; se\u00e7ildi - Kuzeyin Sesi\" \/>\n<meta property=\"og:description\" content=\"&#013; \u015eampiyonaya akredite olan bas\u0131n mensuplar\u0131n\u0131n oylamas\u0131nda Ataman, EuroBasket 2025&#8217;in en de\u011ferli ba\u015fantren\u00f6r\u00fc se\u00e7ildi. &#013; Turnuvada &#8220;En \u0130yi Savunma Oyuncusu&#8221; \u00f6d\u00fcl\u00fc, \u015fampiyon Almanya&#8217;dan Isaac Bonga&#8217;ya verildi. &#8220;Y\u00fckselen Y\u0131ld\u0131z&#8221; \u00f6d\u00fcl\u00fcn\u00fcn sahibi ise Finlandiya&#8217;dan Miikka Muurinen oldu. &#013; A Milli Tak\u0131m&#8217;da kaptan Cedi Osman, 2025 Avrupa \u015eampiyonas\u0131&#8217;nda &#8220;En \u0130yi \u0130kinci 5&#8243;e ad\u0131n\u0131 yazd\u0131rd\u0131. Tak\u0131mda, 30 ya\u015f\u0131ndaki milli [&hellip;]\" \/>\n<meta property=\"og:url\" content=\"https:\/\/kuzeyinsesi.org\/index.php\/2025\/09\/15\/ergin-ataman-eurobasket-2025in-en-degerli-basantrenoru-secildi\/\" \/>\n<meta property=\"og:site_name\" content=\"Kuzeyin Sesi\" \/>\n<meta property=\"article:publisher\" content=\"https:\/\/www.facebook.com\/kuzeyinsesii\" \/>\n<meta property=\"article:published_time\" content=\"2025-09-15T04:45:51+00:00\" \/>\n<meta property=\"og:image\" content=\"https:\/\/trthaberstatic.cdn.wp.trt.com.tr\/resimler\/2396000\/ergin-atamanaa-2397661.jpg\" \/>\n<meta name=\"author\" content=\"Kuzeyin Sesi\" \/>\n<meta name=\"twitter:card\" content=\"summary_large_image\" \/>\n<meta name=\"twitter:creator\" content=\"@kuzeyinsesii\" \/>\n<meta name=\"twitter:site\" content=\"@kuzeyinsesii\" \/>\n<meta name=\"twitter:label1\" content=\"Yazan:\" \/>\n\t<meta name=\"twitter:data1\" content=\"Kuzeyin Sesi\" \/>\n<script type=\"application\/ld+json\" class=\"yoast-schema-graph\">{\"@context\":\"https:\\\/\\\/schema.org\",\"@graph\":[{\"@type\":\"Article\",\"@id\":\"https:\\\/\\\/kuzeyinsesi.org\\\/index.php\\\/2025\\\/09\\\/15\\\/ergin-ataman-eurobasket-2025in-en-degerli-basantrenoru-secildi\\\/#article\",\"isPartOf\":{\"@id\":\"https:\\\/\\\/kuzeyinsesi.org\\\/index.php\\\/2025\\\/09\\\/15\\\/ergin-ataman-eurobasket-2025in-en-degerli-basantrenoru-secildi\\\/\"},\"author\":{\"name\":\"Kuzeyin Sesi\",\"@id\":\"https:\\\/\\\/kuzeyinsesi.org\\\/#\\\/schema\\\/person\\\/9f859689cdf01485597712386e37f5aa\"},\"headline\":\"Ergin Ataman, EuroBasket 2025&#039;in &#039;En De\u011ferli Ba\u015fantren\u00f6r\u00fc&#039; se\u00e7ildi\",\"datePublished\":\"2025-09-15T04:45:51+00:00\",\"mainEntityOfPage\":{\"@id\":\"https:\\\/\\\/kuzeyinsesi.org\\\/index.php\\\/2025\\\/09\\\/15\\\/ergin-ataman-eurobasket-2025in-en-degerli-basantrenoru-secildi\\\/\"},\"wordCount\":107,\"commentCount\":0,\"image\":{\"@id\":\"https:\\\/\\\/kuzeyinsesi.org\\\/index.php\\\/2025\\\/09\\\/15\\\/ergin-ataman-eurobasket-2025in-en-degerli-basantrenoru-secildi\\\/#primaryimage\"},\"thumbnailUrl\":\"https:\\\/\\\/kuzeyinsesi.org\\\/wp-content\\\/uploads\\\/2025\\\/09\\\/ergin-atamanaa-2397661.jpg\",\"articleSection\":[\"Spor\"],\"inLanguage\":\"tr\",\"potentialAction\":[{\"@type\":\"CommentAction\",\"name\":\"Comment\",\"target\":[\"https:\\\/\\\/kuzeyinsesi.org\\\/index.php\\\/2025\\\/09\\\/15\\\/ergin-ataman-eurobasket-2025in-en-degerli-basantrenoru-secildi\\\/#respond\"]}]},{\"@type\":\"WebPage\",\"@id\":\"https:\\\/\\\/kuzeyinsesi.org\\\/index.php\\\/2025\\\/09\\\/15\\\/ergin-ataman-eurobasket-2025in-en-degerli-basantrenoru-secildi\\\/\",\"url\":\"https:\\\/\\\/kuzeyinsesi.org\\\/index.php\\\/2025\\\/09\\\/15\\\/ergin-ataman-eurobasket-2025in-en-degerli-basantrenoru-secildi\\\/\",\"name\":\"Ergin Ataman, EuroBasket 2025&#039;in &#039;En De\u011ferli Ba\u015fantren\u00f6r\u00fc&#039; se\u00e7ildi - Kuzeyin Sesi\",\"isPartOf\":{\"@id\":\"https:\\\/\\\/kuzeyinsesi.org\\\/#website\"},\"primaryImageOfPage\":{\"@id\":\"https:\\\/\\\/kuzeyinsesi.org\\\/index.php\\\/2025\\\/09\\\/15\\\/ergin-ataman-eurobasket-2025in-en-degerli-basantrenoru-secildi\\\/#primaryimage\"},\"image\":{\"@id\":\"https:\\\/\\\/kuzeyinsesi.org\\\/index.php\\\/2025\\\/09\\\/15\\\/ergin-ataman-eurobasket-2025in-en-degerli-basantrenoru-secildi\\\/#primaryimage\"},\"thumbnailUrl\":\"https:\\\/\\\/kuzeyinsesi.org\\\/wp-content\\\/uploads\\\/2025\\\/09\\\/ergin-atamanaa-2397661.jpg\",\"datePublished\":\"2025-09-15T04:45:51+00:00\",\"author\":{\"@id\":\"https:\\\/\\\/kuzeyinsesi.org\\\/#\\\/schema\\\/person\\\/9f859689cdf01485597712386e37f5aa\"},\"breadcrumb\":{\"@id\":\"https:\\\/\\\/kuzeyinsesi.org\\\/index.php\\\/2025\\\/09\\\/15\\\/ergin-ataman-eurobasket-2025in-en-degerli-basantrenoru-secildi\\\/#breadcrumb\"},\"inLanguage\":\"tr\",\"potentialAction\":[{\"@type\":\"ReadAction\",\"target\":[\"https:\\\/\\\/kuzeyinsesi.org\\\/index.php\\\/2025\\\/09\\\/15\\\/ergin-ataman-eurobasket-2025in-en-degerli-basantrenoru-secildi\\\/\"]}]},{\"@type\":\"ImageObject\",\"inLanguage\":\"tr\",\"@id\":\"https:\\\/\\\/kuzeyinsesi.org\\\/index.php\\\/2025\\\/09\\\/15\\\/ergin-ataman-eurobasket-2025in-en-degerli-basantrenoru-secildi\\\/#primaryimage\",\"url\":\"https:\\\/\\\/kuzeyinsesi.org\\\/wp-content\\\/uploads\\\/2025\\\/09\\\/ergin-atamanaa-2397661.jpg\",\"contentUrl\":\"https:\\\/\\\/kuzeyinsesi.org\\\/wp-content\\\/uploads\\\/2025\\\/09\\\/ergin-atamanaa-2397661.jpg\",\"width\":1280,\"height\":720},{\"@type\":\"BreadcrumbList\",\"@id\":\"https:\\\/\\\/kuzeyinsesi.org\\\/index.php\\\/2025\\\/09\\\/15\\\/ergin-ataman-eurobasket-2025in-en-degerli-basantrenoru-secildi\\\/#breadcrumb\",\"itemListElement\":[{\"@type\":\"ListItem\",\"position\":1,\"name\":\"Anasayfa\",\"item\":\"https:\\\/\\\/kuzeyinsesi.org\\\/\"},{\"@type\":\"ListItem\",\"position\":2,\"name\":\"Ergin Ataman, EuroBasket 2025&#039;in &#039;En De\u011ferli Ba\u015fantren\u00f6r\u00fc&#039; se\u00e7ildi\"}]},{\"@type\":\"WebSite\",\"@id\":\"https:\\\/\\\/kuzeyinsesi.org\\\/#website\",\"url\":\"https:\\\/\\\/kuzeyinsesi.org\\\/\",\"name\":\"Kuzeyin Sesi\",\"description\":\"Do\u011fru Haberin Adresi\",\"potentialAction\":[{\"@type\":\"SearchAction\",\"target\":{\"@type\":\"EntryPoint\",\"urlTemplate\":\"https:\\\/\\\/kuzeyinsesi.org\\\/?s={search_term_string}\"},\"query-input\":{\"@type\":\"PropertyValueSpecification\",\"valueRequired\":true,\"valueName\":\"search_term_string\"}}],\"inLanguage\":\"tr\"},{\"@type\":\"Person\",\"@id\":\"https:\\\/\\\/kuzeyinsesi.org\\\/#\\\/schema\\\/person\\\/9f859689cdf01485597712386e37f5aa\",\"name\":\"Kuzeyin Sesi\",\"image\":{\"@type\":\"ImageObject\",\"inLanguage\":\"tr\",\"@id\":\"https:\\\/\\\/secure.gravatar.com\\\/avatar\\\/bab33852abfd8b282518d6ed81826833d77c3c882d9ab608add591ccace47a44?s=96&d=mm&r=g\",\"url\":\"https:\\\/\\\/secure.gravatar.com\\\/avatar\\\/bab33852abfd8b282518d6ed81826833d77c3c882d9ab608add591ccace47a44?s=96&d=mm&r=g\",\"contentUrl\":\"https:\\\/\\\/secure.gravatar.com\\\/avatar\\\/bab33852abfd8b282518d6ed81826833d77c3c882d9ab608add591ccace47a44?s=96&d=mm&r=g\",\"caption\":\"Kuzeyin Sesi\"},\"sameAs\":[\"https:\\\/\\\/kuzeyinsesi.org\"],\"url\":\"https:\\\/\\\/kuzeyinsesi.org\\\/index.php\\\/author\\\/guven\\\/\"}]}<\/script>\n<!-- \/ Yoast SEO plugin. -->","yoast_head_json":{"title":"Ergin Ataman, EuroBasket 2025&#039;in &#039;En De\u011ferli Ba\u015fantren\u00f6r\u00fc&#039; se\u00e7ildi - Kuzeyin Sesi","robots":{"index":"index","follow":"follow","max-snippet":"max-snippet:-1","max-image-preview":"max-image-preview:large","max-video-preview":"max-video-preview:-1"},"canonical":"https:\/\/kuzeyinsesi.org\/index.php\/2025\/09\/15\/ergin-ataman-eurobasket-2025in-en-degerli-basantrenoru-secildi\/","og_locale":"tr_TR","og_type":"article","og_title":"Ergin Ataman, EuroBasket 2025&#039;in &#039;En De\u011ferli Ba\u015fantren\u00f6r\u00fc&#039; se\u00e7ildi - Kuzeyin Sesi","og_description":"&#13; \u015eampiyonaya akredite olan bas\u0131n mensuplar\u0131n\u0131n oylamas\u0131nda Ataman, EuroBasket 2025&#8217;in en de\u011ferli ba\u015fantren\u00f6r\u00fc se\u00e7ildi. &#13; Turnuvada &#8220;En \u0130yi Savunma Oyuncusu&#8221; \u00f6d\u00fcl\u00fc, \u015fampiyon Almanya&#8217;dan Isaac Bonga&#8217;ya verildi. &#8220;Y\u00fckselen Y\u0131ld\u0131z&#8221; \u00f6d\u00fcl\u00fcn\u00fcn sahibi ise Finlandiya&#8217;dan Miikka Muurinen oldu. &#13; A Milli Tak\u0131m&#8217;da kaptan Cedi Osman, 2025 Avrupa \u015eampiyonas\u0131&#8217;nda &#8220;En \u0130yi \u0130kinci 5&#8243;e ad\u0131n\u0131 yazd\u0131rd\u0131. Tak\u0131mda, 30 ya\u015f\u0131ndaki milli [&hellip;]","og_url":"https:\/\/kuzeyinsesi.org\/index.php\/2025\/09\/15\/ergin-ataman-eurobasket-2025in-en-degerli-basantrenoru-secildi\/","og_site_name":"Kuzeyin Sesi","article_publisher":"https:\/\/www.facebook.com\/kuzeyinsesii","article_published_time":"2025-09-15T04:45:51+00:00","og_image":[{"url":"https:\/\/trthaberstatic.cdn.wp.trt.com.tr\/resimler\/2396000\/ergin-atamanaa-2397661.jpg","type":"","width":"","height":""}],"author":"Kuzeyin Sesi","twitter_card":"summary_large_image","twitter_creator":"@kuzeyinsesii","twitter_site":"@kuzeyinsesii","twitter_misc":{"Yazan:":"Kuzeyin Sesi"},"schema":{"@context":"https:\/\/schema.org","@graph":[{"@type":"Article","@id":"https:\/\/kuzeyinsesi.org\/index.php\/2025\/09\/15\/ergin-ataman-eurobasket-2025in-en-degerli-basantrenoru-secildi\/#article","isPartOf":{"@id":"https:\/\/kuzeyinsesi.org\/index.php\/2025\/09\/15\/ergin-ataman-eurobasket-2025in-en-degerli-basantrenoru-secildi\/"},"author":{"name":"Kuzeyin Sesi","@id":"https:\/\/kuzeyinsesi.org\/#\/schema\/person\/9f859689cdf01485597712386e37f5aa"},"headline":"Ergin Ataman, EuroBasket 2025&#039;in &#039;En De\u011ferli Ba\u015fantren\u00f6r\u00fc&#039; se\u00e7ildi","datePublished":"2025-09-15T04:45:51+00:00","mainEntityOfPage":{"@id":"https:\/\/kuzeyinsesi.org\/index.php\/2025\/09\/15\/ergin-ataman-eurobasket-2025in-en-degerli-basantrenoru-secildi\/"},"wordCount":107,"commentCount":0,"image":{"@id":"https:\/\/kuzeyinsesi.org\/index.php\/2025\/09\/15\/ergin-ataman-eurobasket-2025in-en-degerli-basantrenoru-secildi\/#primaryimage"},"thumbnailUrl":"https:\/\/kuzeyinsesi.org\/wp-content\/uploads\/2025\/09\/ergin-atamanaa-2397661.jpg","articleSection":["Spor"],"inLanguage":"tr","potentialAction":[{"@type":"CommentAction","name":"Comment","target":["https:\/\/kuzeyinsesi.org\/index.php\/2025\/09\/15\/ergin-ataman-eurobasket-2025in-en-degerli-basantrenoru-secildi\/#respond"]}]},{"@type":"WebPage","@id":"https:\/\/kuzeyinsesi.org\/index.php\/2025\/09\/15\/ergin-ataman-eurobasket-2025in-en-degerli-basantrenoru-secildi\/","url":"https:\/\/kuzeyinsesi.org\/index.php\/2025\/09\/15\/ergin-ataman-eurobasket-2025in-en-degerli-basantrenoru-secildi\/","name":"Ergin Ataman, EuroBasket 2025&#039;in &#039;En De\u011ferli Ba\u015fantren\u00f6r\u00fc&#039; se\u00e7ildi - Kuzeyin Sesi","isPartOf":{"@id":"https:\/\/kuzeyinsesi.org\/#website"},"primaryImageOfPage":{"@id":"https:\/\/kuzeyinsesi.org\/index.php\/2025\/09\/15\/ergin-ataman-eurobasket-2025in-en-degerli-basantrenoru-secildi\/#primaryimage"},"image":{"@id":"https:\/\/kuzeyinsesi.org\/index.php\/2025\/09\/15\/ergin-ataman-eurobasket-2025in-en-degerli-basantrenoru-secildi\/#primaryimage"},"thumbnailUrl":"https:\/\/kuzeyinsesi.org\/wp-content\/uploads\/2025\/09\/ergin-atamanaa-2397661.jpg","datePublished":"2025-09-15T04:45:51+00:00","author":{"@id":"https:\/\/kuzeyinsesi.org\/#\/schema\/person\/9f859689cdf01485597712386e37f5aa"},"breadcrumb":{"@id":"https:\/\/kuzeyinsesi.org\/index.php\/2025\/09\/15\/ergin-ataman-eurobasket-2025in-en-degerli-basantrenoru-secildi\/#breadcrumb"},"inLanguage":"tr","potentialAction":[{"@type":"ReadAction","target":["https:\/\/kuzeyinsesi.org\/index.php\/2025\/09\/15\/ergin-ataman-eurobasket-2025in-en-degerli-basantrenoru-secildi\/"]}]},{"@type":"ImageObject","inLanguage":"tr","@id":"https:\/\/kuzeyinsesi.org\/index.php\/2025\/09\/15\/ergin-ataman-eurobasket-2025in-en-degerli-basantrenoru-secildi\/#primaryimage","url":"https:\/\/kuzeyinsesi.org\/wp-content\/uploads\/2025\/09\/ergin-atamanaa-2397661.jpg","contentUrl":"https:\/\/kuzeyinsesi.org\/wp-content\/uploads\/2025\/09\/ergin-atamanaa-2397661.jpg","width":1280,"height":720},{"@type":"BreadcrumbList","@id":"https:\/\/kuzeyinsesi.org\/index.php\/2025\/09\/15\/ergin-ataman-eurobasket-2025in-en-degerli-basantrenoru-secildi\/#breadcrumb","itemListElement":[{"@type":"ListItem","position":1,"name":"Anasayfa","item":"https:\/\/kuzeyinsesi.org\/"},{"@type":"ListItem","position":2,"name":"Ergin Ataman, EuroBasket 2025&#039;in &#039;En De\u011ferli Ba\u015fantren\u00f6r\u00fc&#039; se\u00e7ildi"}]},{"@type":"WebSite","@id":"https:\/\/kuzeyinsesi.org\/#website","url":"https:\/\/kuzeyinsesi.org\/","name":"Kuzeyin Sesi","description":"Do\u011fru Haberin Adresi","potentialAction":[{"@type":"SearchAction","target":{"@type":"EntryPoint","urlTemplate":"https:\/\/kuzeyinsesi.org\/?s={search_term_string}"},"query-input":{"@type":"PropertyValueSpecification","valueRequired":true,"valueName":"search_term_string"}}],"inLanguage":"tr"},{"@type":"Person","@id":"https:\/\/kuzeyinsesi.org\/#\/schema\/person\/9f859689cdf01485597712386e37f5aa","name":"Kuzeyin Sesi","image":{"@type":"ImageObject","inLanguage":"tr","@id":"https:\/\/secure.gravatar.com\/avatar\/bab33852abfd8b282518d6ed81826833d77c3c882d9ab608add591ccace47a44?s=96&d=mm&r=g","url":"https:\/\/secure.gravatar.com\/avatar\/bab33852abfd8b282518d6ed81826833d77c3c882d9ab608add591ccace47a44?s=96&d=mm&r=g","contentUrl":"https:\/\/secure.gravatar.com\/avatar\/bab33852abfd8b282518d6ed81826833d77c3c882d9ab608add591ccace47a44?s=96&d=mm&r=g","caption":"Kuzeyin Sesi"},"sameAs":["https:\/\/kuzeyinsesi.org"],"url":"https:\/\/kuzeyinsesi.org\/index.php\/author\/guven\/"}]}},"_links":{"self":[{"href":"https:\/\/kuzeyinsesi.org\/index.php\/wp-json\/wp\/v2\/posts\/31687","targetHints":{"allow":["GET"]}}],"collection":[{"href":"https:\/\/kuzeyinsesi.org\/index.php\/wp-json\/wp\/v2\/posts"}],"about":[{"href":"https:\/\/kuzeyinsesi.org\/index.php\/wp-json\/wp\/v2\/types\/post"}],"author":[{"embeddable":true,"href":"https:\/\/kuzeyinsesi.org\/index.php\/wp-json\/wp\/v2\/users\/1"}],"replies":[{"embeddable":true,"href":"https:\/\/kuzeyinsesi.org\/index.php\/wp-json\/wp\/v2\/comments?post=31687"}],"version-history":[{"count":0,"href":"https:\/\/kuzeyinsesi.org\/index.php\/wp-json\/wp\/v2\/posts\/31687\/revisions"}],"wp:featuredmedia":[{"embeddable":true,"href":"https:\/\/kuzeyinsesi.org\/index.php\/wp-json\/wp\/v2\/media\/31688"}],"wp:attachment":[{"href":"https:\/\/kuzeyinsesi.org\/index.php\/wp-json\/wp\/v2\/media?parent=31687"}],"wp:term":[{"taxonomy":"category","embeddable":true,"href":"https:\/\/kuzeyinsesi.org\/index.php\/wp-json\/wp\/v2\/categories?post=31687"},{"taxonomy":"post_tag","embeddable":true,"href":"https:\/\/kuzeyinsesi.org\/index.php\/wp-json\/wp\/v2\/tags?post=31687"}],"curies":[{"name":"wp","href":"https:\/\/api.w.org\/{rel}","templated":true}]}}