{"id":31682,"date":"2025-09-14T23:30:04","date_gmt":"2025-09-14T20:30:04","guid":{"rendered":"https:\/\/kuzeyinsesi.org\/index.php\/2025\/09\/14\/milli-boksor-buse-naz-cakiroglu-dunya-ikincisi-oldu\/"},"modified":"2025-09-14T23:30:04","modified_gmt":"2025-09-14T20:30:04","slug":"milli-boksor-buse-naz-cakiroglu-dunya-ikincisi-oldu","status":"publish","type":"post","link":"https:\/\/kuzeyinsesi.org\/index.php\/2025\/09\/14\/milli-boksor-buse-naz-cakiroglu-dunya-ikincisi-oldu\/","title":{"rendered":"Milli boks\u00f6r Buse Naz \u00c7ak\u0131ro\u011flu d\u00fcnya ikincisi oldu"},"content":{"rendered":"<p><\/p>\n<div>\n<p>&#13;<br \/>\n\tLiverpool \u015fehrindeki M&amp;S Bank Arena&#8217;da d\u00fczenlenen D\u00fcnya \u015eampiyonas\u0131&#8217;nda Buse Naz, finalde d\u00fcnya ve Avrupa \u015fampiyonluklar\u0131 bulunan Kazak sporcu Alua Balkibekova ile kar\u015f\u0131la\u015ft\u0131.<\/p>\n<p>&#13;<br \/>\n\t\u00d6zellikle ikinci rauntta etkili yumruklar atmas\u0131na ra\u011fmen masa hakemlerinden istedi\u011fi puan\u0131 alamayan Buse Naz \u00c7ak\u0131ro\u011flu, ma\u00e7\u0131 5-0 kaybederek g\u00fcm\u00fc\u015f madalyada kald\u0131.<\/p>\n<p>&#13;<br \/>\n\tKar\u015f\u0131la\u015fman\u0131n ard\u0131ndan T\u00fcrk teknik heyeti ve federasyon yetkilileri, hakemlere b\u00fcy\u00fck tepki g\u00f6sterdi.<\/p>\n<p>&#13;<br \/>\n\tBuse Naz \u00c7ak\u0131ro\u011flu, ald\u0131\u011f\u0131 bu g\u00fcm\u00fc\u015f madalyayla d\u00fcnya \u015fampiyonalar\u0131ndaki madalya say\u0131s\u0131n\u0131 4&#8217;e y\u00fckseltmi\u015f oldu. Ba\u015far\u0131l\u0131 sporcunun 1 alt\u0131n, 3 g\u00fcm\u00fc\u015f madalyas\u0131 bulunuyor.<\/p>\n<p>&#13;<br \/>\n\tT\u00fcrkiye ise organizasyonu kad\u0131nlarda 2 g\u00fcm\u00fc\u015f, 1 bronz madalyayla tamamlad\u0131.<\/p>\n<h2>&#13;<br \/>\n\t&#8220;Hakemlere ra\u011fmen risk al\u0131p ma\u00e7 yapmaya \u00e7al\u0131\u015f\u0131yoruz&#8221;<\/h2>\n<p>&#13;<br \/>\n\tM\u00fcsabakadan sonra bas\u0131n mensuplar\u0131na a\u00e7\u0131klamalarda bulunan Buse Naz \u00c7ak\u0131ro\u011flu, \u015funlar\u0131 kaydetti:<\/p>\n<p>&#13;<br \/>\n\t&#8220;2024 Paris Olimpiyat Oyunlar\u0131&#8217;ndan beri bug\u00fcn i\u00e7in \u00e7al\u0131\u015f\u0131yoruz. Yakla\u015f\u0131k 10-11 ayd\u0131r kamptay\u0131z. Ger\u00e7ekten belirsizlikler i\u00e7erisinde, kenarda oturan ve duygusal kararlar veren 5 hakeme ra\u011fmen risk al\u0131p ma\u00e7 yapmaya \u00e7al\u0131\u015f\u0131yoruz. Sonu\u00e7 b\u00f6yle oldu, problem yok.&#8221;<\/p>\n<p>&#13;<br \/>\n\tHedefinin daha y\u00fcksek oldu\u011funu ve 2028&#8217;deki olimpiyatta alt\u0131n madalya kazanmak istedi\u011fini dile getiren Buse Naz, &#8220;Bazen birinci olaca\u011f\u0131z, bazen madalya kazanamayaca\u011f\u0131z. Bug\u00fcn b\u00f6yle bir sonu\u00e7 oldu, yapacak bir \u015fey yok. Dinlenip kald\u0131\u011f\u0131m\u0131z yerden devam edece\u011fiz. Kimse yenilgiyi kabul etmez. Elimden geleni yapt\u0131m, en az\u0131ndan bu y\u00fczden mutluyum&#8221; diyerek s\u00f6zlerini tamamlad\u0131.<\/p>\n<\/p><\/div>\n","protected":false},"excerpt":{"rendered":"<p>&#13; Liverpool \u015fehrindeki M&amp;S Bank Arena&#8217;da d\u00fczenlenen D\u00fcnya \u015eampiyonas\u0131&#8217;nda Buse Naz, finalde d\u00fcnya ve Avrupa \u015fampiyonluklar\u0131 bulunan Kazak sporcu Alua Balkibekova ile kar\u015f\u0131la\u015ft\u0131. &#13; \u00d6zellikle ikinci rauntta etkili yumruklar atmas\u0131na ra\u011fmen masa hakemlerinden istedi\u011fi puan\u0131 alamayan Buse Naz \u00c7ak\u0131ro\u011flu, ma\u00e7\u0131 5-0 kaybederek g\u00fcm\u00fc\u015f madalyada kald\u0131. &#13; Kar\u015f\u0131la\u015fman\u0131n ard\u0131ndan T\u00fcrk teknik heyeti ve federasyon yetkilileri, hakemlere [&hellip;]<\/p>\n","protected":false},"author":1,"featured_media":31683,"comment_status":"open","ping_status":"open","sticky":false,"template":"","format":"standard","meta":{"jnews-multi-image_gallery":[],"jnews_single_post":[],"jnews_primary_category":[],"jnews_social_meta":[],"jnews_override_counter":[],"footnotes":""},"categories":[4],"tags":[],"class_list":["post-31682","post","type-post","status-publish","format-standard","has-post-thumbnail","hentry","category-spor"],"yoast_head":"<!-- This site is optimized with the Yoast SEO plugin v27.5 - https:\/\/yoast.com\/product\/yoast-seo-wordpress\/ -->\n<title>Milli boks\u00f6r Buse Naz \u00c7ak\u0131ro\u011flu d\u00fcnya ikincisi oldu - Kuzeyin Sesi<\/title>\n<meta name=\"robots\" content=\"index, follow, max-snippet:-1, max-image-preview:large, max-video-preview:-1\" \/>\n<link rel=\"canonical\" href=\"https:\/\/kuzeyinsesi.org\/index.php\/2025\/09\/14\/milli-boksor-buse-naz-cakiroglu-dunya-ikincisi-oldu\/\" \/>\n<meta property=\"og:locale\" content=\"tr_TR\" \/>\n<meta property=\"og:type\" content=\"article\" \/>\n<meta property=\"og:title\" content=\"Milli boks\u00f6r Buse Naz \u00c7ak\u0131ro\u011flu d\u00fcnya ikincisi oldu - Kuzeyin Sesi\" \/>\n<meta property=\"og:description\" content=\"&#013; Liverpool \u015fehrindeki M&amp;S Bank Arena&#8217;da d\u00fczenlenen D\u00fcnya \u015eampiyonas\u0131&#8217;nda Buse Naz, finalde d\u00fcnya ve Avrupa \u015fampiyonluklar\u0131 bulunan Kazak sporcu Alua Balkibekova ile kar\u015f\u0131la\u015ft\u0131. &#013; \u00d6zellikle ikinci rauntta etkili yumruklar atmas\u0131na ra\u011fmen masa hakemlerinden istedi\u011fi puan\u0131 alamayan Buse Naz \u00c7ak\u0131ro\u011flu, ma\u00e7\u0131 5-0 kaybederek g\u00fcm\u00fc\u015f madalyada kald\u0131. &#013; Kar\u015f\u0131la\u015fman\u0131n ard\u0131ndan T\u00fcrk teknik heyeti ve federasyon yetkilileri, hakemlere [&hellip;]\" \/>\n<meta property=\"og:url\" content=\"https:\/\/kuzeyinsesi.org\/index.php\/2025\/09\/14\/milli-boksor-buse-naz-cakiroglu-dunya-ikincisi-oldu\/\" \/>\n<meta property=\"og:site_name\" content=\"Kuzeyin Sesi\" \/>\n<meta property=\"article:publisher\" content=\"https:\/\/www.facebook.com\/kuzeyinsesii\" \/>\n<meta property=\"article:published_time\" content=\"2025-09-14T20:30:04+00:00\" \/>\n<meta property=\"og:image\" content=\"https:\/\/trthaberstatic.cdn.wp.trt.com.tr\/resimler\/2262000\/buse-naz-cakiroglu-aa-2263699.jpg\" \/>\n<meta name=\"author\" content=\"Kuzeyin Sesi\" \/>\n<meta name=\"twitter:card\" content=\"summary_large_image\" \/>\n<meta name=\"twitter:creator\" content=\"@kuzeyinsesii\" \/>\n<meta name=\"twitter:site\" content=\"@kuzeyinsesii\" \/>\n<meta name=\"twitter:label1\" content=\"Yazan:\" \/>\n\t<meta name=\"twitter:data1\" content=\"Kuzeyin Sesi\" \/>\n\t<meta name=\"twitter:label2\" content=\"Tahmini okuma s\u00fcresi\" \/>\n\t<meta name=\"twitter:data2\" content=\"1 dakika\" \/>\n<script type=\"application\/ld+json\" class=\"yoast-schema-graph\">{\"@context\":\"https:\\\/\\\/schema.org\",\"@graph\":[{\"@type\":\"Article\",\"@id\":\"https:\\\/\\\/kuzeyinsesi.org\\\/index.php\\\/2025\\\/09\\\/14\\\/milli-boksor-buse-naz-cakiroglu-dunya-ikincisi-oldu\\\/#article\",\"isPartOf\":{\"@id\":\"https:\\\/\\\/kuzeyinsesi.org\\\/index.php\\\/2025\\\/09\\\/14\\\/milli-boksor-buse-naz-cakiroglu-dunya-ikincisi-oldu\\\/\"},\"author\":{\"name\":\"Kuzeyin Sesi\",\"@id\":\"https:\\\/\\\/kuzeyinsesi.org\\\/#\\\/schema\\\/person\\\/9f859689cdf01485597712386e37f5aa\"},\"headline\":\"Milli boks\u00f6r Buse Naz \u00c7ak\u0131ro\u011flu d\u00fcnya ikincisi oldu\",\"datePublished\":\"2025-09-14T20:30:04+00:00\",\"mainEntityOfPage\":{\"@id\":\"https:\\\/\\\/kuzeyinsesi.org\\\/index.php\\\/2025\\\/09\\\/14\\\/milli-boksor-buse-naz-cakiroglu-dunya-ikincisi-oldu\\\/\"},\"wordCount\":270,\"commentCount\":0,\"image\":{\"@id\":\"https:\\\/\\\/kuzeyinsesi.org\\\/index.php\\\/2025\\\/09\\\/14\\\/milli-boksor-buse-naz-cakiroglu-dunya-ikincisi-oldu\\\/#primaryimage\"},\"thumbnailUrl\":\"https:\\\/\\\/kuzeyinsesi.org\\\/wp-content\\\/uploads\\\/2025\\\/09\\\/buse-naz-cakiroglu-aa-2263699.jpg\",\"articleSection\":[\"Spor\"],\"inLanguage\":\"tr\",\"potentialAction\":[{\"@type\":\"CommentAction\",\"name\":\"Comment\",\"target\":[\"https:\\\/\\\/kuzeyinsesi.org\\\/index.php\\\/2025\\\/09\\\/14\\\/milli-boksor-buse-naz-cakiroglu-dunya-ikincisi-oldu\\\/#respond\"]}]},{\"@type\":\"WebPage\",\"@id\":\"https:\\\/\\\/kuzeyinsesi.org\\\/index.php\\\/2025\\\/09\\\/14\\\/milli-boksor-buse-naz-cakiroglu-dunya-ikincisi-oldu\\\/\",\"url\":\"https:\\\/\\\/kuzeyinsesi.org\\\/index.php\\\/2025\\\/09\\\/14\\\/milli-boksor-buse-naz-cakiroglu-dunya-ikincisi-oldu\\\/\",\"name\":\"Milli boks\u00f6r Buse Naz \u00c7ak\u0131ro\u011flu d\u00fcnya ikincisi oldu - Kuzeyin Sesi\",\"isPartOf\":{\"@id\":\"https:\\\/\\\/kuzeyinsesi.org\\\/#website\"},\"primaryImageOfPage\":{\"@id\":\"https:\\\/\\\/kuzeyinsesi.org\\\/index.php\\\/2025\\\/09\\\/14\\\/milli-boksor-buse-naz-cakiroglu-dunya-ikincisi-oldu\\\/#primaryimage\"},\"image\":{\"@id\":\"https:\\\/\\\/kuzeyinsesi.org\\\/index.php\\\/2025\\\/09\\\/14\\\/milli-boksor-buse-naz-cakiroglu-dunya-ikincisi-oldu\\\/#primaryimage\"},\"thumbnailUrl\":\"https:\\\/\\\/kuzeyinsesi.org\\\/wp-content\\\/uploads\\\/2025\\\/09\\\/buse-naz-cakiroglu-aa-2263699.jpg\",\"datePublished\":\"2025-09-14T20:30:04+00:00\",\"author\":{\"@id\":\"https:\\\/\\\/kuzeyinsesi.org\\\/#\\\/schema\\\/person\\\/9f859689cdf01485597712386e37f5aa\"},\"breadcrumb\":{\"@id\":\"https:\\\/\\\/kuzeyinsesi.org\\\/index.php\\\/2025\\\/09\\\/14\\\/milli-boksor-buse-naz-cakiroglu-dunya-ikincisi-oldu\\\/#breadcrumb\"},\"inLanguage\":\"tr\",\"potentialAction\":[{\"@type\":\"ReadAction\",\"target\":[\"https:\\\/\\\/kuzeyinsesi.org\\\/index.php\\\/2025\\\/09\\\/14\\\/milli-boksor-buse-naz-cakiroglu-dunya-ikincisi-oldu\\\/\"]}]},{\"@type\":\"ImageObject\",\"inLanguage\":\"tr\",\"@id\":\"https:\\\/\\\/kuzeyinsesi.org\\\/index.php\\\/2025\\\/09\\\/14\\\/milli-boksor-buse-naz-cakiroglu-dunya-ikincisi-oldu\\\/#primaryimage\",\"url\":\"https:\\\/\\\/kuzeyinsesi.org\\\/wp-content\\\/uploads\\\/2025\\\/09\\\/buse-naz-cakiroglu-aa-2263699.jpg\",\"contentUrl\":\"https:\\\/\\\/kuzeyinsesi.org\\\/wp-content\\\/uploads\\\/2025\\\/09\\\/buse-naz-cakiroglu-aa-2263699.jpg\",\"width\":1280,\"height\":720},{\"@type\":\"BreadcrumbList\",\"@id\":\"https:\\\/\\\/kuzeyinsesi.org\\\/index.php\\\/2025\\\/09\\\/14\\\/milli-boksor-buse-naz-cakiroglu-dunya-ikincisi-oldu\\\/#breadcrumb\",\"itemListElement\":[{\"@type\":\"ListItem\",\"position\":1,\"name\":\"Anasayfa\",\"item\":\"https:\\\/\\\/kuzeyinsesi.org\\\/\"},{\"@type\":\"ListItem\",\"position\":2,\"name\":\"Milli boks\u00f6r Buse Naz \u00c7ak\u0131ro\u011flu d\u00fcnya ikincisi oldu\"}]},{\"@type\":\"WebSite\",\"@id\":\"https:\\\/\\\/kuzeyinsesi.org\\\/#website\",\"url\":\"https:\\\/\\\/kuzeyinsesi.org\\\/\",\"name\":\"Kuzeyin Sesi\",\"description\":\"Do\u011fru Haberin Adresi\",\"potentialAction\":[{\"@type\":\"SearchAction\",\"target\":{\"@type\":\"EntryPoint\",\"urlTemplate\":\"https:\\\/\\\/kuzeyinsesi.org\\\/?s={search_term_string}\"},\"query-input\":{\"@type\":\"PropertyValueSpecification\",\"valueRequired\":true,\"valueName\":\"search_term_string\"}}],\"inLanguage\":\"tr\"},{\"@type\":\"Person\",\"@id\":\"https:\\\/\\\/kuzeyinsesi.org\\\/#\\\/schema\\\/person\\\/9f859689cdf01485597712386e37f5aa\",\"name\":\"Kuzeyin Sesi\",\"image\":{\"@type\":\"ImageObject\",\"inLanguage\":\"tr\",\"@id\":\"https:\\\/\\\/secure.gravatar.com\\\/avatar\\\/bab33852abfd8b282518d6ed81826833d77c3c882d9ab608add591ccace47a44?s=96&d=mm&r=g\",\"url\":\"https:\\\/\\\/secure.gravatar.com\\\/avatar\\\/bab33852abfd8b282518d6ed81826833d77c3c882d9ab608add591ccace47a44?s=96&d=mm&r=g\",\"contentUrl\":\"https:\\\/\\\/secure.gravatar.com\\\/avatar\\\/bab33852abfd8b282518d6ed81826833d77c3c882d9ab608add591ccace47a44?s=96&d=mm&r=g\",\"caption\":\"Kuzeyin Sesi\"},\"sameAs\":[\"https:\\\/\\\/kuzeyinsesi.org\"],\"url\":\"https:\\\/\\\/kuzeyinsesi.org\\\/index.php\\\/author\\\/guven\\\/\"}]}<\/script>\n<!-- \/ Yoast SEO plugin. -->","yoast_head_json":{"title":"Milli boks\u00f6r Buse Naz \u00c7ak\u0131ro\u011flu d\u00fcnya ikincisi oldu - Kuzeyin Sesi","robots":{"index":"index","follow":"follow","max-snippet":"max-snippet:-1","max-image-preview":"max-image-preview:large","max-video-preview":"max-video-preview:-1"},"canonical":"https:\/\/kuzeyinsesi.org\/index.php\/2025\/09\/14\/milli-boksor-buse-naz-cakiroglu-dunya-ikincisi-oldu\/","og_locale":"tr_TR","og_type":"article","og_title":"Milli boks\u00f6r Buse Naz \u00c7ak\u0131ro\u011flu d\u00fcnya ikincisi oldu - Kuzeyin Sesi","og_description":"&#13; Liverpool \u015fehrindeki M&amp;S Bank Arena&#8217;da d\u00fczenlenen D\u00fcnya \u015eampiyonas\u0131&#8217;nda Buse Naz, finalde d\u00fcnya ve Avrupa \u015fampiyonluklar\u0131 bulunan Kazak sporcu Alua Balkibekova ile kar\u015f\u0131la\u015ft\u0131. &#13; \u00d6zellikle ikinci rauntta etkili yumruklar atmas\u0131na ra\u011fmen masa hakemlerinden istedi\u011fi puan\u0131 alamayan Buse Naz \u00c7ak\u0131ro\u011flu, ma\u00e7\u0131 5-0 kaybederek g\u00fcm\u00fc\u015f madalyada kald\u0131. &#13; Kar\u015f\u0131la\u015fman\u0131n ard\u0131ndan T\u00fcrk teknik heyeti ve federasyon yetkilileri, hakemlere [&hellip;]","og_url":"https:\/\/kuzeyinsesi.org\/index.php\/2025\/09\/14\/milli-boksor-buse-naz-cakiroglu-dunya-ikincisi-oldu\/","og_site_name":"Kuzeyin Sesi","article_publisher":"https:\/\/www.facebook.com\/kuzeyinsesii","article_published_time":"2025-09-14T20:30:04+00:00","og_image":[{"url":"https:\/\/trthaberstatic.cdn.wp.trt.com.tr\/resimler\/2262000\/buse-naz-cakiroglu-aa-2263699.jpg","type":"","width":"","height":""}],"author":"Kuzeyin Sesi","twitter_card":"summary_large_image","twitter_creator":"@kuzeyinsesii","twitter_site":"@kuzeyinsesii","twitter_misc":{"Yazan:":"Kuzeyin Sesi","Tahmini okuma s\u00fcresi":"1 dakika"},"schema":{"@context":"https:\/\/schema.org","@graph":[{"@type":"Article","@id":"https:\/\/kuzeyinsesi.org\/index.php\/2025\/09\/14\/milli-boksor-buse-naz-cakiroglu-dunya-ikincisi-oldu\/#article","isPartOf":{"@id":"https:\/\/kuzeyinsesi.org\/index.php\/2025\/09\/14\/milli-boksor-buse-naz-cakiroglu-dunya-ikincisi-oldu\/"},"author":{"name":"Kuzeyin Sesi","@id":"https:\/\/kuzeyinsesi.org\/#\/schema\/person\/9f859689cdf01485597712386e37f5aa"},"headline":"Milli boks\u00f6r Buse Naz \u00c7ak\u0131ro\u011flu d\u00fcnya ikincisi oldu","datePublished":"2025-09-14T20:30:04+00:00","mainEntityOfPage":{"@id":"https:\/\/kuzeyinsesi.org\/index.php\/2025\/09\/14\/milli-boksor-buse-naz-cakiroglu-dunya-ikincisi-oldu\/"},"wordCount":270,"commentCount":0,"image":{"@id":"https:\/\/kuzeyinsesi.org\/index.php\/2025\/09\/14\/milli-boksor-buse-naz-cakiroglu-dunya-ikincisi-oldu\/#primaryimage"},"thumbnailUrl":"https:\/\/kuzeyinsesi.org\/wp-content\/uploads\/2025\/09\/buse-naz-cakiroglu-aa-2263699.jpg","articleSection":["Spor"],"inLanguage":"tr","potentialAction":[{"@type":"CommentAction","name":"Comment","target":["https:\/\/kuzeyinsesi.org\/index.php\/2025\/09\/14\/milli-boksor-buse-naz-cakiroglu-dunya-ikincisi-oldu\/#respond"]}]},{"@type":"WebPage","@id":"https:\/\/kuzeyinsesi.org\/index.php\/2025\/09\/14\/milli-boksor-buse-naz-cakiroglu-dunya-ikincisi-oldu\/","url":"https:\/\/kuzeyinsesi.org\/index.php\/2025\/09\/14\/milli-boksor-buse-naz-cakiroglu-dunya-ikincisi-oldu\/","name":"Milli boks\u00f6r Buse Naz \u00c7ak\u0131ro\u011flu d\u00fcnya ikincisi oldu - Kuzeyin Sesi","isPartOf":{"@id":"https:\/\/kuzeyinsesi.org\/#website"},"primaryImageOfPage":{"@id":"https:\/\/kuzeyinsesi.org\/index.php\/2025\/09\/14\/milli-boksor-buse-naz-cakiroglu-dunya-ikincisi-oldu\/#primaryimage"},"image":{"@id":"https:\/\/kuzeyinsesi.org\/index.php\/2025\/09\/14\/milli-boksor-buse-naz-cakiroglu-dunya-ikincisi-oldu\/#primaryimage"},"thumbnailUrl":"https:\/\/kuzeyinsesi.org\/wp-content\/uploads\/2025\/09\/buse-naz-cakiroglu-aa-2263699.jpg","datePublished":"2025-09-14T20:30:04+00:00","author":{"@id":"https:\/\/kuzeyinsesi.org\/#\/schema\/person\/9f859689cdf01485597712386e37f5aa"},"breadcrumb":{"@id":"https:\/\/kuzeyinsesi.org\/index.php\/2025\/09\/14\/milli-boksor-buse-naz-cakiroglu-dunya-ikincisi-oldu\/#breadcrumb"},"inLanguage":"tr","potentialAction":[{"@type":"ReadAction","target":["https:\/\/kuzeyinsesi.org\/index.php\/2025\/09\/14\/milli-boksor-buse-naz-cakiroglu-dunya-ikincisi-oldu\/"]}]},{"@type":"ImageObject","inLanguage":"tr","@id":"https:\/\/kuzeyinsesi.org\/index.php\/2025\/09\/14\/milli-boksor-buse-naz-cakiroglu-dunya-ikincisi-oldu\/#primaryimage","url":"https:\/\/kuzeyinsesi.org\/wp-content\/uploads\/2025\/09\/buse-naz-cakiroglu-aa-2263699.jpg","contentUrl":"https:\/\/kuzeyinsesi.org\/wp-content\/uploads\/2025\/09\/buse-naz-cakiroglu-aa-2263699.jpg","width":1280,"height":720},{"@type":"BreadcrumbList","@id":"https:\/\/kuzeyinsesi.org\/index.php\/2025\/09\/14\/milli-boksor-buse-naz-cakiroglu-dunya-ikincisi-oldu\/#breadcrumb","itemListElement":[{"@type":"ListItem","position":1,"name":"Anasayfa","item":"https:\/\/kuzeyinsesi.org\/"},{"@type":"ListItem","position":2,"name":"Milli boks\u00f6r Buse Naz \u00c7ak\u0131ro\u011flu d\u00fcnya ikincisi oldu"}]},{"@type":"WebSite","@id":"https:\/\/kuzeyinsesi.org\/#website","url":"https:\/\/kuzeyinsesi.org\/","name":"Kuzeyin Sesi","description":"Do\u011fru Haberin Adresi","potentialAction":[{"@type":"SearchAction","target":{"@type":"EntryPoint","urlTemplate":"https:\/\/kuzeyinsesi.org\/?s={search_term_string}"},"query-input":{"@type":"PropertyValueSpecification","valueRequired":true,"valueName":"search_term_string"}}],"inLanguage":"tr"},{"@type":"Person","@id":"https:\/\/kuzeyinsesi.org\/#\/schema\/person\/9f859689cdf01485597712386e37f5aa","name":"Kuzeyin Sesi","image":{"@type":"ImageObject","inLanguage":"tr","@id":"https:\/\/secure.gravatar.com\/avatar\/bab33852abfd8b282518d6ed81826833d77c3c882d9ab608add591ccace47a44?s=96&d=mm&r=g","url":"https:\/\/secure.gravatar.com\/avatar\/bab33852abfd8b282518d6ed81826833d77c3c882d9ab608add591ccace47a44?s=96&d=mm&r=g","contentUrl":"https:\/\/secure.gravatar.com\/avatar\/bab33852abfd8b282518d6ed81826833d77c3c882d9ab608add591ccace47a44?s=96&d=mm&r=g","caption":"Kuzeyin Sesi"},"sameAs":["https:\/\/kuzeyinsesi.org"],"url":"https:\/\/kuzeyinsesi.org\/index.php\/author\/guven\/"}]}},"_links":{"self":[{"href":"https:\/\/kuzeyinsesi.org\/index.php\/wp-json\/wp\/v2\/posts\/31682","targetHints":{"allow":["GET"]}}],"collection":[{"href":"https:\/\/kuzeyinsesi.org\/index.php\/wp-json\/wp\/v2\/posts"}],"about":[{"href":"https:\/\/kuzeyinsesi.org\/index.php\/wp-json\/wp\/v2\/types\/post"}],"author":[{"embeddable":true,"href":"https:\/\/kuzeyinsesi.org\/index.php\/wp-json\/wp\/v2\/users\/1"}],"replies":[{"embeddable":true,"href":"https:\/\/kuzeyinsesi.org\/index.php\/wp-json\/wp\/v2\/comments?post=31682"}],"version-history":[{"count":0,"href":"https:\/\/kuzeyinsesi.org\/index.php\/wp-json\/wp\/v2\/posts\/31682\/revisions"}],"wp:featuredmedia":[{"embeddable":true,"href":"https:\/\/kuzeyinsesi.org\/index.php\/wp-json\/wp\/v2\/media\/31683"}],"wp:attachment":[{"href":"https:\/\/kuzeyinsesi.org\/index.php\/wp-json\/wp\/v2\/media?parent=31682"}],"wp:term":[{"taxonomy":"category","embeddable":true,"href":"https:\/\/kuzeyinsesi.org\/index.php\/wp-json\/wp\/v2\/categories?post=31682"},{"taxonomy":"post_tag","embeddable":true,"href":"https:\/\/kuzeyinsesi.org\/index.php\/wp-json\/wp\/v2\/tags?post=31682"}],"curies":[{"name":"wp","href":"https:\/\/api.w.org\/{rel}","templated":true}]}}