{"id":3166,"date":"2024-05-22T18:34:55","date_gmt":"2024-05-22T15:34:55","guid":{"rendered":"https:\/\/kuzeyinsesi.com\/index.php\/2024\/05\/22\/kultur-dairesi-ercan-havalimanina-kutuphane-acacak\/"},"modified":"2024-05-22T18:34:55","modified_gmt":"2024-05-22T15:34:55","slug":"kultur-dairesi-ercan-havalimanina-kutuphane-acacak","status":"publish","type":"post","link":"https:\/\/kuzeyinsesi.org\/index.php\/2024\/05\/22\/kultur-dairesi-ercan-havalimanina-kutuphane-acacak\/","title":{"rendered":"K\u00fclt\u00fcr Dairesi Ercan Havaliman\u0131\u2019na k\u00fct\u00fcphane a\u00e7acak"},"content":{"rendered":"<div>\n<div class=\"mariselle-image-container center\">\n                                            <\/div>\n<p>K\u00fclt\u00fcr Dairesi, Ercan Havaliman\u0131\u2019nda K\u0131br\u0131sl\u0131 yazar ve \u015fairlerin kitaplar\u0131ndan olu\u015facak k\u00fct\u00fcphane a\u00e7\u0131yor. <\/p>\n<p>K\u00fct\u00fcphane, Ba\u015fbakan Yard\u0131mc\u0131l\u0131\u011f\u0131, Turizm, K\u00fclt\u00fcr, Gen\u00e7lik ve \u00c7evre Bakanl\u0131\u011f\u0131\u2019na ba\u011fl\u0131 K\u00fclt\u00fcr Dairesi M\u00fcd\u00fcrl\u00fc\u011f\u00fc, Bay\u0131nd\u0131rl\u0131k ve Ula\u015ft\u0131rma Bakanl\u0131\u011f\u0131 ile T&amp;T Havaliman\u0131 \u0130\u015fletmecili\u011fi i\u015f birli\u011finde Havaliman\u0131\u2019n\u0131n giden yolcu b\u00f6l\u00fcm\u00fcne a\u00e7\u0131lacak. K\u00fct\u00fcphanede sadece \u00e7ocuk kitaplar\u0131n\u0131n yer alaca\u011f\u0131 bir b\u00f6l\u00fcm de d\u00fczenlenecek. <\/p>\n<p>K\u00fct\u00fcr Dairesi\u2019nden verilen bilgiye g\u00f6re K\u00fclt\u00fcr Dairesi M\u00fcd\u00fcr\u00fc \u015eirin Zafery\u0131ld\u0131z\u0131 Zaima\u011fao\u011flu konuyla ilgili a\u00e7\u0131klamas\u0131nda, k\u00fct\u00fcphaneyi 15  Haziran\u2019da a\u00e7may\u0131 hedeflediklerini belirtti. <\/p>\n<p>Zaima\u011fao\u011flu, K\u00fclt\u00fcr Merkezi Y\u00f6netmeni Ceyhan \u00d6zy\u0131ld\u0131z, Girne Halk K\u00fct\u00fcphanesi Sorumlusu Rukiye Kaymak ve G\u00fczelyurt Halk K\u00fct\u00fcphanesi Sorumlusu Elif Bilokcuo\u011flu \u00e7al\u0131\u015fma ile alakal\u0131 Ercan Havaliman\u0131\u2019nda incelemelerde bulundu. <\/p>\n<p>Zaima\u011fao\u011flu, Ercan Havaliman\u0131\u2019nda a\u00e7\u0131lacak k\u00fct\u00fcphanede, sadece K\u0131br\u0131sl\u0131 yazar ve \u015fairlerin kitaplar\u0131na yer vereceklerini ve kitaplar\u0131n K\u00fclt\u00fcr Dairesi taraf\u0131ndan sa\u011flanaca\u011f\u0131n\u0131 belirtti. <\/p>\n<p>K\u00fct\u00fcphanenin a\u00e7\u0131l\u0131\u015f\u0131nda K\u00fclt\u00fcr Dairesi koleksiyonunda yer alan \u201cK\u0131br\u0131s Kap\u0131lar\u0131\u201d tablolar\u0131n\u0131 da ilk kez Ercan Havaliman\u0131\u2019nda sergileyeceklerini ifade eden Zaima\u011fao\u011flu, \u201cK\u0131br\u0131s Kap\u0131lar\u0131\u201d sergisinin ard\u0131ndan, K\u00fclt\u00fcr Dairesi koleksiyonunda bulunan Devlet Foto\u011fraf Yar\u0131\u015fmas\u0131\u2019n\u0131n \u00f6d\u00fcll\u00fc foto\u011fraflar\u0131ndan derlenecek bir sergi kuracaklar\u0131n\u0131 belirtti. <\/p>\n<p>Zaima\u011fao\u011flu, yolcular\u0131n Ercan Havaliman\u0131\u2019nda bulunduklar\u0131 s\u00fcre boyunca K\u0131br\u0131s T\u00fcrk k\u00fclt\u00fcr ve sanat\u0131n\u0131 tan\u0131malar\u0131na olanak sa\u011flamak hedefiyle K\u00fclt\u00fcr Dairesi koordinasyonuyla daha ba\u015fka projeleri de hayata ge\u00e7ireceklerini belirtti.<\/p>\n<\/p><\/div>\n<p><script async\n                    defer\n                    crossorigin=\"anonymous\"\n                    src=\"https:\/\/connect.facebook.net\/tr_TR\/sdk.js#xfbml=1&#038;version=v3.3\"\n            ><\/script><\/p>\n","protected":false},"excerpt":{"rendered":"<p>K\u00fclt\u00fcr Dairesi, Ercan Havaliman\u0131\u2019nda K\u0131br\u0131sl\u0131 yazar ve \u015fairlerin kitaplar\u0131ndan olu\u015facak k\u00fct\u00fcphane a\u00e7\u0131yor. K\u00fct\u00fcphane, Ba\u015fbakan Yard\u0131mc\u0131l\u0131\u011f\u0131, Turizm, K\u00fclt\u00fcr, Gen\u00e7lik ve \u00c7evre Bakanl\u0131\u011f\u0131\u2019na ba\u011fl\u0131 K\u00fclt\u00fcr Dairesi M\u00fcd\u00fcrl\u00fc\u011f\u00fc, Bay\u0131nd\u0131rl\u0131k ve Ula\u015ft\u0131rma Bakanl\u0131\u011f\u0131 ile T&amp;T Havaliman\u0131 \u0130\u015fletmecili\u011fi i\u015f birli\u011finde Havaliman\u0131\u2019n\u0131n giden yolcu b\u00f6l\u00fcm\u00fcne a\u00e7\u0131lacak. K\u00fct\u00fcphanede sadece \u00e7ocuk kitaplar\u0131n\u0131n yer alaca\u011f\u0131 bir b\u00f6l\u00fcm de d\u00fczenlenecek. K\u00fct\u00fcr Dairesi\u2019nden verilen bilgiye g\u00f6re [&hellip;]<\/p>\n","protected":false},"author":1,"featured_media":3167,"comment_status":"open","ping_status":"open","sticky":false,"template":"","format":"standard","meta":{"jnews-multi-image_gallery":[],"jnews_single_post":[],"jnews_primary_category":[],"jnews_social_meta":[],"jnews_override_counter":[],"footnotes":""},"categories":[6],"tags":[],"class_list":["post-3166","post","type-post","status-publish","format-standard","has-post-thumbnail","hentry","category-yasam"],"yoast_head":"<!-- This site is optimized with the Yoast SEO plugin v27.5 - https:\/\/yoast.com\/product\/yoast-seo-wordpress\/ -->\n<title>K\u00fclt\u00fcr Dairesi Ercan Havaliman\u0131\u2019na k\u00fct\u00fcphane a\u00e7acak - Kuzeyin Sesi<\/title>\n<meta name=\"robots\" content=\"index, follow, max-snippet:-1, max-image-preview:large, max-video-preview:-1\" \/>\n<link rel=\"canonical\" href=\"https:\/\/kuzeyinsesi.org\/index.php\/2024\/05\/22\/kultur-dairesi-ercan-havalimanina-kutuphane-acacak\/\" \/>\n<meta property=\"og:locale\" content=\"tr_TR\" \/>\n<meta property=\"og:type\" content=\"article\" \/>\n<meta property=\"og:title\" content=\"K\u00fclt\u00fcr Dairesi Ercan Havaliman\u0131\u2019na k\u00fct\u00fcphane a\u00e7acak - Kuzeyin Sesi\" \/>\n<meta property=\"og:description\" content=\"K\u00fclt\u00fcr Dairesi, Ercan Havaliman\u0131\u2019nda K\u0131br\u0131sl\u0131 yazar ve \u015fairlerin kitaplar\u0131ndan olu\u015facak k\u00fct\u00fcphane a\u00e7\u0131yor. K\u00fct\u00fcphane, Ba\u015fbakan Yard\u0131mc\u0131l\u0131\u011f\u0131, Turizm, K\u00fclt\u00fcr, Gen\u00e7lik ve \u00c7evre Bakanl\u0131\u011f\u0131\u2019na ba\u011fl\u0131 K\u00fclt\u00fcr Dairesi M\u00fcd\u00fcrl\u00fc\u011f\u00fc, Bay\u0131nd\u0131rl\u0131k ve Ula\u015ft\u0131rma Bakanl\u0131\u011f\u0131 ile T&amp;T Havaliman\u0131 \u0130\u015fletmecili\u011fi i\u015f birli\u011finde Havaliman\u0131\u2019n\u0131n giden yolcu b\u00f6l\u00fcm\u00fcne a\u00e7\u0131lacak. K\u00fct\u00fcphanede sadece \u00e7ocuk kitaplar\u0131n\u0131n yer alaca\u011f\u0131 bir b\u00f6l\u00fcm de d\u00fczenlenecek. K\u00fct\u00fcr Dairesi\u2019nden verilen bilgiye g\u00f6re [&hellip;]\" \/>\n<meta property=\"og:url\" content=\"https:\/\/kuzeyinsesi.org\/index.php\/2024\/05\/22\/kultur-dairesi-ercan-havalimanina-kutuphane-acacak\/\" \/>\n<meta property=\"og:site_name\" content=\"Kuzeyin Sesi\" \/>\n<meta property=\"article:publisher\" content=\"https:\/\/www.facebook.com\/kuzeyinsesii\" \/>\n<meta property=\"article:published_time\" content=\"2024-05-22T15:34:55+00:00\" \/>\n<meta property=\"og:image\" content=\"https:\/\/kuzeyinsesi.org\/wp-content\/uploads\/2024\/05\/kultur-dairesi-ercan.jpeg\" \/>\n\t<meta property=\"og:image:width\" content=\"1600\" \/>\n\t<meta property=\"og:image:height\" content=\"1200\" \/>\n\t<meta property=\"og:image:type\" content=\"image\/jpeg\" \/>\n<meta name=\"author\" content=\"Kuzeyin Sesi\" \/>\n<meta name=\"twitter:card\" content=\"summary_large_image\" \/>\n<meta name=\"twitter:creator\" content=\"@kuzeyinsesii\" \/>\n<meta name=\"twitter:site\" content=\"@kuzeyinsesii\" \/>\n<meta name=\"twitter:label1\" content=\"Yazan:\" \/>\n\t<meta name=\"twitter:data1\" content=\"Kuzeyin Sesi\" \/>\n\t<meta name=\"twitter:label2\" content=\"Tahmini okuma s\u00fcresi\" \/>\n\t<meta name=\"twitter:data2\" content=\"2 dakika\" \/>\n<script type=\"application\/ld+json\" class=\"yoast-schema-graph\">{\"@context\":\"https:\\\/\\\/schema.org\",\"@graph\":[{\"@type\":\"Article\",\"@id\":\"https:\\\/\\\/kuzeyinsesi.org\\\/index.php\\\/2024\\\/05\\\/22\\\/kultur-dairesi-ercan-havalimanina-kutuphane-acacak\\\/#article\",\"isPartOf\":{\"@id\":\"https:\\\/\\\/kuzeyinsesi.org\\\/index.php\\\/2024\\\/05\\\/22\\\/kultur-dairesi-ercan-havalimanina-kutuphane-acacak\\\/\"},\"author\":{\"name\":\"Kuzeyin Sesi\",\"@id\":\"https:\\\/\\\/kuzeyinsesi.org\\\/#\\\/schema\\\/person\\\/9f859689cdf01485597712386e37f5aa\"},\"headline\":\"K\u00fclt\u00fcr Dairesi Ercan Havaliman\u0131\u2019na k\u00fct\u00fcphane a\u00e7acak\",\"datePublished\":\"2024-05-22T15:34:55+00:00\",\"mainEntityOfPage\":{\"@id\":\"https:\\\/\\\/kuzeyinsesi.org\\\/index.php\\\/2024\\\/05\\\/22\\\/kultur-dairesi-ercan-havalimanina-kutuphane-acacak\\\/\"},\"wordCount\":329,\"commentCount\":0,\"image\":{\"@id\":\"https:\\\/\\\/kuzeyinsesi.org\\\/index.php\\\/2024\\\/05\\\/22\\\/kultur-dairesi-ercan-havalimanina-kutuphane-acacak\\\/#primaryimage\"},\"thumbnailUrl\":\"https:\\\/\\\/kuzeyinsesi.org\\\/wp-content\\\/uploads\\\/2024\\\/05\\\/kultur-dairesi-ercan.jpeg\",\"articleSection\":[\"Ya\u015fam\"],\"inLanguage\":\"tr\",\"potentialAction\":[{\"@type\":\"CommentAction\",\"name\":\"Comment\",\"target\":[\"https:\\\/\\\/kuzeyinsesi.org\\\/index.php\\\/2024\\\/05\\\/22\\\/kultur-dairesi-ercan-havalimanina-kutuphane-acacak\\\/#respond\"]}]},{\"@type\":\"WebPage\",\"@id\":\"https:\\\/\\\/kuzeyinsesi.org\\\/index.php\\\/2024\\\/05\\\/22\\\/kultur-dairesi-ercan-havalimanina-kutuphane-acacak\\\/\",\"url\":\"https:\\\/\\\/kuzeyinsesi.org\\\/index.php\\\/2024\\\/05\\\/22\\\/kultur-dairesi-ercan-havalimanina-kutuphane-acacak\\\/\",\"name\":\"K\u00fclt\u00fcr Dairesi Ercan Havaliman\u0131\u2019na k\u00fct\u00fcphane a\u00e7acak - Kuzeyin Sesi\",\"isPartOf\":{\"@id\":\"https:\\\/\\\/kuzeyinsesi.org\\\/#website\"},\"primaryImageOfPage\":{\"@id\":\"https:\\\/\\\/kuzeyinsesi.org\\\/index.php\\\/2024\\\/05\\\/22\\\/kultur-dairesi-ercan-havalimanina-kutuphane-acacak\\\/#primaryimage\"},\"image\":{\"@id\":\"https:\\\/\\\/kuzeyinsesi.org\\\/index.php\\\/2024\\\/05\\\/22\\\/kultur-dairesi-ercan-havalimanina-kutuphane-acacak\\\/#primaryimage\"},\"thumbnailUrl\":\"https:\\\/\\\/kuzeyinsesi.org\\\/wp-content\\\/uploads\\\/2024\\\/05\\\/kultur-dairesi-ercan.jpeg\",\"datePublished\":\"2024-05-22T15:34:55+00:00\",\"author\":{\"@id\":\"https:\\\/\\\/kuzeyinsesi.org\\\/#\\\/schema\\\/person\\\/9f859689cdf01485597712386e37f5aa\"},\"breadcrumb\":{\"@id\":\"https:\\\/\\\/kuzeyinsesi.org\\\/index.php\\\/2024\\\/05\\\/22\\\/kultur-dairesi-ercan-havalimanina-kutuphane-acacak\\\/#breadcrumb\"},\"inLanguage\":\"tr\",\"potentialAction\":[{\"@type\":\"ReadAction\",\"target\":[\"https:\\\/\\\/kuzeyinsesi.org\\\/index.php\\\/2024\\\/05\\\/22\\\/kultur-dairesi-ercan-havalimanina-kutuphane-acacak\\\/\"]}]},{\"@type\":\"ImageObject\",\"inLanguage\":\"tr\",\"@id\":\"https:\\\/\\\/kuzeyinsesi.org\\\/index.php\\\/2024\\\/05\\\/22\\\/kultur-dairesi-ercan-havalimanina-kutuphane-acacak\\\/#primaryimage\",\"url\":\"https:\\\/\\\/kuzeyinsesi.org\\\/wp-content\\\/uploads\\\/2024\\\/05\\\/kultur-dairesi-ercan.jpeg\",\"contentUrl\":\"https:\\\/\\\/kuzeyinsesi.org\\\/wp-content\\\/uploads\\\/2024\\\/05\\\/kultur-dairesi-ercan.jpeg\",\"width\":1600,\"height\":1200},{\"@type\":\"BreadcrumbList\",\"@id\":\"https:\\\/\\\/kuzeyinsesi.org\\\/index.php\\\/2024\\\/05\\\/22\\\/kultur-dairesi-ercan-havalimanina-kutuphane-acacak\\\/#breadcrumb\",\"itemListElement\":[{\"@type\":\"ListItem\",\"position\":1,\"name\":\"Anasayfa\",\"item\":\"https:\\\/\\\/kuzeyinsesi.org\\\/\"},{\"@type\":\"ListItem\",\"position\":2,\"name\":\"K\u00fclt\u00fcr Dairesi Ercan Havaliman\u0131\u2019na k\u00fct\u00fcphane a\u00e7acak\"}]},{\"@type\":\"WebSite\",\"@id\":\"https:\\\/\\\/kuzeyinsesi.org\\\/#website\",\"url\":\"https:\\\/\\\/kuzeyinsesi.org\\\/\",\"name\":\"Kuzeyin Sesi\",\"description\":\"Do\u011fru Haberin Adresi\",\"potentialAction\":[{\"@type\":\"SearchAction\",\"target\":{\"@type\":\"EntryPoint\",\"urlTemplate\":\"https:\\\/\\\/kuzeyinsesi.org\\\/?s={search_term_string}\"},\"query-input\":{\"@type\":\"PropertyValueSpecification\",\"valueRequired\":true,\"valueName\":\"search_term_string\"}}],\"inLanguage\":\"tr\"},{\"@type\":\"Person\",\"@id\":\"https:\\\/\\\/kuzeyinsesi.org\\\/#\\\/schema\\\/person\\\/9f859689cdf01485597712386e37f5aa\",\"name\":\"Kuzeyin Sesi\",\"image\":{\"@type\":\"ImageObject\",\"inLanguage\":\"tr\",\"@id\":\"https:\\\/\\\/secure.gravatar.com\\\/avatar\\\/bab33852abfd8b282518d6ed81826833d77c3c882d9ab608add591ccace47a44?s=96&d=mm&r=g\",\"url\":\"https:\\\/\\\/secure.gravatar.com\\\/avatar\\\/bab33852abfd8b282518d6ed81826833d77c3c882d9ab608add591ccace47a44?s=96&d=mm&r=g\",\"contentUrl\":\"https:\\\/\\\/secure.gravatar.com\\\/avatar\\\/bab33852abfd8b282518d6ed81826833d77c3c882d9ab608add591ccace47a44?s=96&d=mm&r=g\",\"caption\":\"Kuzeyin Sesi\"},\"sameAs\":[\"https:\\\/\\\/kuzeyinsesi.org\"],\"url\":\"https:\\\/\\\/kuzeyinsesi.org\\\/index.php\\\/author\\\/guven\\\/\"}]}<\/script>\n<!-- \/ Yoast SEO plugin. -->","yoast_head_json":{"title":"K\u00fclt\u00fcr Dairesi Ercan Havaliman\u0131\u2019na k\u00fct\u00fcphane a\u00e7acak - Kuzeyin Sesi","robots":{"index":"index","follow":"follow","max-snippet":"max-snippet:-1","max-image-preview":"max-image-preview:large","max-video-preview":"max-video-preview:-1"},"canonical":"https:\/\/kuzeyinsesi.org\/index.php\/2024\/05\/22\/kultur-dairesi-ercan-havalimanina-kutuphane-acacak\/","og_locale":"tr_TR","og_type":"article","og_title":"K\u00fclt\u00fcr Dairesi Ercan Havaliman\u0131\u2019na k\u00fct\u00fcphane a\u00e7acak - Kuzeyin Sesi","og_description":"K\u00fclt\u00fcr Dairesi, Ercan Havaliman\u0131\u2019nda K\u0131br\u0131sl\u0131 yazar ve \u015fairlerin kitaplar\u0131ndan olu\u015facak k\u00fct\u00fcphane a\u00e7\u0131yor. K\u00fct\u00fcphane, Ba\u015fbakan Yard\u0131mc\u0131l\u0131\u011f\u0131, Turizm, K\u00fclt\u00fcr, Gen\u00e7lik ve \u00c7evre Bakanl\u0131\u011f\u0131\u2019na ba\u011fl\u0131 K\u00fclt\u00fcr Dairesi M\u00fcd\u00fcrl\u00fc\u011f\u00fc, Bay\u0131nd\u0131rl\u0131k ve Ula\u015ft\u0131rma Bakanl\u0131\u011f\u0131 ile T&amp;T Havaliman\u0131 \u0130\u015fletmecili\u011fi i\u015f birli\u011finde Havaliman\u0131\u2019n\u0131n giden yolcu b\u00f6l\u00fcm\u00fcne a\u00e7\u0131lacak. K\u00fct\u00fcphanede sadece \u00e7ocuk kitaplar\u0131n\u0131n yer alaca\u011f\u0131 bir b\u00f6l\u00fcm de d\u00fczenlenecek. K\u00fct\u00fcr Dairesi\u2019nden verilen bilgiye g\u00f6re [&hellip;]","og_url":"https:\/\/kuzeyinsesi.org\/index.php\/2024\/05\/22\/kultur-dairesi-ercan-havalimanina-kutuphane-acacak\/","og_site_name":"Kuzeyin Sesi","article_publisher":"https:\/\/www.facebook.com\/kuzeyinsesii","article_published_time":"2024-05-22T15:34:55+00:00","og_image":[{"width":1600,"height":1200,"url":"https:\/\/kuzeyinsesi.org\/wp-content\/uploads\/2024\/05\/kultur-dairesi-ercan.jpeg","type":"image\/jpeg"}],"author":"Kuzeyin Sesi","twitter_card":"summary_large_image","twitter_creator":"@kuzeyinsesii","twitter_site":"@kuzeyinsesii","twitter_misc":{"Yazan:":"Kuzeyin Sesi","Tahmini okuma s\u00fcresi":"2 dakika"},"schema":{"@context":"https:\/\/schema.org","@graph":[{"@type":"Article","@id":"https:\/\/kuzeyinsesi.org\/index.php\/2024\/05\/22\/kultur-dairesi-ercan-havalimanina-kutuphane-acacak\/#article","isPartOf":{"@id":"https:\/\/kuzeyinsesi.org\/index.php\/2024\/05\/22\/kultur-dairesi-ercan-havalimanina-kutuphane-acacak\/"},"author":{"name":"Kuzeyin Sesi","@id":"https:\/\/kuzeyinsesi.org\/#\/schema\/person\/9f859689cdf01485597712386e37f5aa"},"headline":"K\u00fclt\u00fcr Dairesi Ercan Havaliman\u0131\u2019na k\u00fct\u00fcphane a\u00e7acak","datePublished":"2024-05-22T15:34:55+00:00","mainEntityOfPage":{"@id":"https:\/\/kuzeyinsesi.org\/index.php\/2024\/05\/22\/kultur-dairesi-ercan-havalimanina-kutuphane-acacak\/"},"wordCount":329,"commentCount":0,"image":{"@id":"https:\/\/kuzeyinsesi.org\/index.php\/2024\/05\/22\/kultur-dairesi-ercan-havalimanina-kutuphane-acacak\/#primaryimage"},"thumbnailUrl":"https:\/\/kuzeyinsesi.org\/wp-content\/uploads\/2024\/05\/kultur-dairesi-ercan.jpeg","articleSection":["Ya\u015fam"],"inLanguage":"tr","potentialAction":[{"@type":"CommentAction","name":"Comment","target":["https:\/\/kuzeyinsesi.org\/index.php\/2024\/05\/22\/kultur-dairesi-ercan-havalimanina-kutuphane-acacak\/#respond"]}]},{"@type":"WebPage","@id":"https:\/\/kuzeyinsesi.org\/index.php\/2024\/05\/22\/kultur-dairesi-ercan-havalimanina-kutuphane-acacak\/","url":"https:\/\/kuzeyinsesi.org\/index.php\/2024\/05\/22\/kultur-dairesi-ercan-havalimanina-kutuphane-acacak\/","name":"K\u00fclt\u00fcr Dairesi Ercan Havaliman\u0131\u2019na k\u00fct\u00fcphane a\u00e7acak - Kuzeyin Sesi","isPartOf":{"@id":"https:\/\/kuzeyinsesi.org\/#website"},"primaryImageOfPage":{"@id":"https:\/\/kuzeyinsesi.org\/index.php\/2024\/05\/22\/kultur-dairesi-ercan-havalimanina-kutuphane-acacak\/#primaryimage"},"image":{"@id":"https:\/\/kuzeyinsesi.org\/index.php\/2024\/05\/22\/kultur-dairesi-ercan-havalimanina-kutuphane-acacak\/#primaryimage"},"thumbnailUrl":"https:\/\/kuzeyinsesi.org\/wp-content\/uploads\/2024\/05\/kultur-dairesi-ercan.jpeg","datePublished":"2024-05-22T15:34:55+00:00","author":{"@id":"https:\/\/kuzeyinsesi.org\/#\/schema\/person\/9f859689cdf01485597712386e37f5aa"},"breadcrumb":{"@id":"https:\/\/kuzeyinsesi.org\/index.php\/2024\/05\/22\/kultur-dairesi-ercan-havalimanina-kutuphane-acacak\/#breadcrumb"},"inLanguage":"tr","potentialAction":[{"@type":"ReadAction","target":["https:\/\/kuzeyinsesi.org\/index.php\/2024\/05\/22\/kultur-dairesi-ercan-havalimanina-kutuphane-acacak\/"]}]},{"@type":"ImageObject","inLanguage":"tr","@id":"https:\/\/kuzeyinsesi.org\/index.php\/2024\/05\/22\/kultur-dairesi-ercan-havalimanina-kutuphane-acacak\/#primaryimage","url":"https:\/\/kuzeyinsesi.org\/wp-content\/uploads\/2024\/05\/kultur-dairesi-ercan.jpeg","contentUrl":"https:\/\/kuzeyinsesi.org\/wp-content\/uploads\/2024\/05\/kultur-dairesi-ercan.jpeg","width":1600,"height":1200},{"@type":"BreadcrumbList","@id":"https:\/\/kuzeyinsesi.org\/index.php\/2024\/05\/22\/kultur-dairesi-ercan-havalimanina-kutuphane-acacak\/#breadcrumb","itemListElement":[{"@type":"ListItem","position":1,"name":"Anasayfa","item":"https:\/\/kuzeyinsesi.org\/"},{"@type":"ListItem","position":2,"name":"K\u00fclt\u00fcr Dairesi Ercan Havaliman\u0131\u2019na k\u00fct\u00fcphane a\u00e7acak"}]},{"@type":"WebSite","@id":"https:\/\/kuzeyinsesi.org\/#website","url":"https:\/\/kuzeyinsesi.org\/","name":"Kuzeyin Sesi","description":"Do\u011fru Haberin Adresi","potentialAction":[{"@type":"SearchAction","target":{"@type":"EntryPoint","urlTemplate":"https:\/\/kuzeyinsesi.org\/?s={search_term_string}"},"query-input":{"@type":"PropertyValueSpecification","valueRequired":true,"valueName":"search_term_string"}}],"inLanguage":"tr"},{"@type":"Person","@id":"https:\/\/kuzeyinsesi.org\/#\/schema\/person\/9f859689cdf01485597712386e37f5aa","name":"Kuzeyin Sesi","image":{"@type":"ImageObject","inLanguage":"tr","@id":"https:\/\/secure.gravatar.com\/avatar\/bab33852abfd8b282518d6ed81826833d77c3c882d9ab608add591ccace47a44?s=96&d=mm&r=g","url":"https:\/\/secure.gravatar.com\/avatar\/bab33852abfd8b282518d6ed81826833d77c3c882d9ab608add591ccace47a44?s=96&d=mm&r=g","contentUrl":"https:\/\/secure.gravatar.com\/avatar\/bab33852abfd8b282518d6ed81826833d77c3c882d9ab608add591ccace47a44?s=96&d=mm&r=g","caption":"Kuzeyin Sesi"},"sameAs":["https:\/\/kuzeyinsesi.org"],"url":"https:\/\/kuzeyinsesi.org\/index.php\/author\/guven\/"}]}},"_links":{"self":[{"href":"https:\/\/kuzeyinsesi.org\/index.php\/wp-json\/wp\/v2\/posts\/3166","targetHints":{"allow":["GET"]}}],"collection":[{"href":"https:\/\/kuzeyinsesi.org\/index.php\/wp-json\/wp\/v2\/posts"}],"about":[{"href":"https:\/\/kuzeyinsesi.org\/index.php\/wp-json\/wp\/v2\/types\/post"}],"author":[{"embeddable":true,"href":"https:\/\/kuzeyinsesi.org\/index.php\/wp-json\/wp\/v2\/users\/1"}],"replies":[{"embeddable":true,"href":"https:\/\/kuzeyinsesi.org\/index.php\/wp-json\/wp\/v2\/comments?post=3166"}],"version-history":[{"count":0,"href":"https:\/\/kuzeyinsesi.org\/index.php\/wp-json\/wp\/v2\/posts\/3166\/revisions"}],"wp:featuredmedia":[{"embeddable":true,"href":"https:\/\/kuzeyinsesi.org\/index.php\/wp-json\/wp\/v2\/media\/3167"}],"wp:attachment":[{"href":"https:\/\/kuzeyinsesi.org\/index.php\/wp-json\/wp\/v2\/media?parent=3166"}],"wp:term":[{"taxonomy":"category","embeddable":true,"href":"https:\/\/kuzeyinsesi.org\/index.php\/wp-json\/wp\/v2\/categories?post=3166"},{"taxonomy":"post_tag","embeddable":true,"href":"https:\/\/kuzeyinsesi.org\/index.php\/wp-json\/wp\/v2\/tags?post=3166"}],"curies":[{"name":"wp","href":"https:\/\/api.w.org\/{rel}","templated":true}]}}