{"id":31656,"date":"2025-09-13T21:58:46","date_gmt":"2025-09-13T18:58:46","guid":{"rendered":"https:\/\/kuzeyinsesi.org\/index.php\/2025\/09\/13\/buse-naz-cakiroglu-finale-yukseldi\/"},"modified":"2025-09-13T21:58:46","modified_gmt":"2025-09-13T18:58:46","slug":"buse-naz-cakiroglu-finale-yukseldi","status":"publish","type":"post","link":"https:\/\/kuzeyinsesi.org\/index.php\/2025\/09\/13\/buse-naz-cakiroglu-finale-yukseldi\/","title":{"rendered":"Buse Naz \u00c7ak\u0131ro\u011flu finale y\u00fckseldi"},"content":{"rendered":"<p><\/p>\n<div>\n<p>&#13;<br \/>\n\t\u0130ngiltere&#8217;de devam eden D\u00fcnya Boks \u015eampiyonas\u0131&#8217;nda kad\u0131nlar 51 kiloda Buse Naz \u00c7ak\u0131ro\u011flu, finale y\u00fckseldi.<\/p>\n<p>&#13;<br \/>\n\tLiverpool \u015fehrindeki M&amp;S Bank Arena&#8217;da d\u00fczenlenen D\u00fcnya \u015eampiyonas\u0131&#8217;nda Buse Naz, yar\u0131 finalde \u00d6zbekistan&#8217;dan Feruza Kazakova ile kar\u015f\u0131 kar\u015f\u0131ya geldi.<\/p>\n<p>&#13;<br \/>\n\tRakibini 4-1 ma\u011flup eden Buse Naz, ad\u0131n\u0131 finale yazd\u0131rd\u0131.<\/p>\n<p>&#13;<br \/>\n\tD\u00fcnya \u015fampiyonalar\u0131nda daha \u00f6nce 1 alt\u0131n, 2 g\u00fcm\u00fc\u015f madalyas\u0131 olan Buse Naz, 4. kez d\u00fcnya finali oynama \u015fans\u0131 elde etti.<\/p>\n<p>&#13;<br \/>\n\tBuse Naz \u00c7ak\u0131ro\u011flu, d\u00fcnya ve Asya \u015fampiyonluklar\u0131 bulunan Kazakistan&#8217;dan Alua Balkibekova ile yar\u0131n TS\u0130 20.00&#8217;de kar\u015f\u0131la\u015facak.<\/p>\n<p>&#13;<br \/>\n\tDaha \u00f6nce olimpiyatlarda 2, Avrupa \u015fampiyonalar\u0131nda da 4 finali olan Buse Naz, b\u00fcy\u00fck organizasyonlardaki final say\u0131s\u0131n\u0131 da 10&#8217;a y\u00fckseltti.<\/p>\n<h2>&#13;<br \/>\n\t&#8220;\u0130n\u015fallah B\u00fc\u015fra ile birlikte alt\u0131n madalya alarak d\u00f6nmek istiyoruz&#8221;<\/h2>\n<p>&#13;<br \/>\n\tBuse Naz \u00c7ak\u0131ro\u011flu, kar\u015f\u0131la\u015fmadan sonra yapt\u0131\u011f\u0131 a\u00e7\u0131klamada \u00e7ok mutlu oldu\u011funu yar\u0131n da kazanarak alt\u0131n madalya almak istedi\u011fini s\u00f6yledi.<\/p>\n<p>&#13;<br \/>\n\tArt\u0131k her s\u0131klette zor ma\u00e7lar oldu\u011funu vurgulayan Buse Naz, &#8220;Teknik olarak eksik sporcu bile sava\u015farak madalya kazanmak istiyor. \u00c7ok zor ama g\u00fczel ma\u00e7t\u0131. \u0130n\u015fallah B\u00fc\u015fra ile birlikte alt\u0131n madalya alarak d\u00f6nmek istiyoruz.&#8221; dedi.<\/p>\n<p>&#13;<br \/>\n\tB\u00fcy\u00fck organizasyonlarda 10. kez final oynayaca\u011f\u0131n\u0131n hat\u0131rlat\u0131lmas\u0131 \u00fczerine Buse Naz, &#8220;Bu sefer g\u00fcm\u00fc\u015f olmas\u0131n, g\u00fcm\u00fc\u015ften s\u0131k\u0131ld\u0131m. Art\u0131k alt\u0131n alaca\u011f\u0131m ve g\u00fczel bir \u015fekilde \u015fampiyonay\u0131 tamamlayaca\u011f\u0131z.&#8221; diye konu\u015ftu.<\/p>\n<p>&#13;<br \/>\n\t\u00d6te yandan Gen\u00e7lik ve Spor Bakan Yard\u0131mc\u0131s\u0131 Hamza Yerlikaya ile T\u00fcrkiye Boks Federasyonu Ba\u015fkan\u0131 Suat Hekimo\u011flu da kar\u015f\u0131la\u015fmay\u0131 takip etti. Buse Naz&#8217;\u0131n ma\u00e7\u0131nda ba\u015fta Busenaz S\u00fcrmeneli olmak \u00fczere t\u00fcm tak\u0131m arkada\u015flar\u0131 da milli sporcuya trib\u00fcnden destek verdi.<\/p>\n<\/p><\/div>\n","protected":false},"excerpt":{"rendered":"<p>&#13; \u0130ngiltere&#8217;de devam eden D\u00fcnya Boks \u015eampiyonas\u0131&#8217;nda kad\u0131nlar 51 kiloda Buse Naz \u00c7ak\u0131ro\u011flu, finale y\u00fckseldi. &#13; Liverpool \u015fehrindeki M&amp;S Bank Arena&#8217;da d\u00fczenlenen D\u00fcnya \u015eampiyonas\u0131&#8217;nda Buse Naz, yar\u0131 finalde \u00d6zbekistan&#8217;dan Feruza Kazakova ile kar\u015f\u0131 kar\u015f\u0131ya geldi. &#13; Rakibini 4-1 ma\u011flup eden Buse Naz, ad\u0131n\u0131 finale yazd\u0131rd\u0131. &#13; D\u00fcnya \u015fampiyonalar\u0131nda daha \u00f6nce 1 alt\u0131n, 2 g\u00fcm\u00fc\u015f madalyas\u0131 [&hellip;]<\/p>\n","protected":false},"author":1,"featured_media":31657,"comment_status":"open","ping_status":"open","sticky":false,"template":"","format":"standard","meta":{"jnews-multi-image_gallery":[],"jnews_single_post":[],"jnews_primary_category":[],"jnews_social_meta":[],"jnews_override_counter":[],"footnotes":""},"categories":[4],"tags":[],"class_list":["post-31656","post","type-post","status-publish","format-standard","has-post-thumbnail","hentry","category-spor"],"yoast_head":"<!-- This site is optimized with the Yoast SEO plugin v27.5 - https:\/\/yoast.com\/product\/yoast-seo-wordpress\/ -->\n<title>Buse Naz \u00c7ak\u0131ro\u011flu finale y\u00fckseldi - Kuzeyin Sesi<\/title>\n<meta name=\"robots\" content=\"index, follow, max-snippet:-1, max-image-preview:large, max-video-preview:-1\" \/>\n<link rel=\"canonical\" href=\"https:\/\/kuzeyinsesi.org\/index.php\/2025\/09\/13\/buse-naz-cakiroglu-finale-yukseldi\/\" \/>\n<meta property=\"og:locale\" content=\"tr_TR\" \/>\n<meta property=\"og:type\" content=\"article\" \/>\n<meta property=\"og:title\" content=\"Buse Naz \u00c7ak\u0131ro\u011flu finale y\u00fckseldi - Kuzeyin Sesi\" \/>\n<meta property=\"og:description\" content=\"&#013; \u0130ngiltere&#8217;de devam eden D\u00fcnya Boks \u015eampiyonas\u0131&#8217;nda kad\u0131nlar 51 kiloda Buse Naz \u00c7ak\u0131ro\u011flu, finale y\u00fckseldi. &#013; Liverpool \u015fehrindeki M&amp;S Bank Arena&#8217;da d\u00fczenlenen D\u00fcnya \u015eampiyonas\u0131&#8217;nda Buse Naz, yar\u0131 finalde \u00d6zbekistan&#8217;dan Feruza Kazakova ile kar\u015f\u0131 kar\u015f\u0131ya geldi. &#013; Rakibini 4-1 ma\u011flup eden Buse Naz, ad\u0131n\u0131 finale yazd\u0131rd\u0131. &#013; D\u00fcnya \u015fampiyonalar\u0131nda daha \u00f6nce 1 alt\u0131n, 2 g\u00fcm\u00fc\u015f madalyas\u0131 [&hellip;]\" \/>\n<meta property=\"og:url\" content=\"https:\/\/kuzeyinsesi.org\/index.php\/2025\/09\/13\/buse-naz-cakiroglu-finale-yukseldi\/\" \/>\n<meta property=\"og:site_name\" content=\"Kuzeyin Sesi\" \/>\n<meta property=\"article:publisher\" content=\"https:\/\/www.facebook.com\/kuzeyinsesii\" \/>\n<meta property=\"article:published_time\" content=\"2025-09-13T18:58:46+00:00\" \/>\n<meta property=\"og:image\" content=\"https:\/\/trthaberstatic.cdn.wp.trt.com.tr\/resimler\/2396000\/buse-naz-cakiroglu-2397433.jpg\" \/>\n<meta name=\"author\" content=\"Kuzeyin Sesi\" \/>\n<meta name=\"twitter:card\" content=\"summary_large_image\" \/>\n<meta name=\"twitter:creator\" content=\"@kuzeyinsesii\" \/>\n<meta name=\"twitter:site\" content=\"@kuzeyinsesii\" \/>\n<meta name=\"twitter:label1\" content=\"Yazan:\" \/>\n\t<meta name=\"twitter:data1\" content=\"Kuzeyin Sesi\" \/>\n\t<meta name=\"twitter:label2\" content=\"Tahmini okuma s\u00fcresi\" \/>\n\t<meta name=\"twitter:data2\" content=\"2 dakika\" \/>\n<script type=\"application\/ld+json\" class=\"yoast-schema-graph\">{\"@context\":\"https:\\\/\\\/schema.org\",\"@graph\":[{\"@type\":\"Article\",\"@id\":\"https:\\\/\\\/kuzeyinsesi.org\\\/index.php\\\/2025\\\/09\\\/13\\\/buse-naz-cakiroglu-finale-yukseldi\\\/#article\",\"isPartOf\":{\"@id\":\"https:\\\/\\\/kuzeyinsesi.org\\\/index.php\\\/2025\\\/09\\\/13\\\/buse-naz-cakiroglu-finale-yukseldi\\\/\"},\"author\":{\"name\":\"Kuzeyin Sesi\",\"@id\":\"https:\\\/\\\/kuzeyinsesi.org\\\/#\\\/schema\\\/person\\\/9f859689cdf01485597712386e37f5aa\"},\"headline\":\"Buse Naz \u00c7ak\u0131ro\u011flu finale y\u00fckseldi\",\"datePublished\":\"2025-09-13T18:58:46+00:00\",\"mainEntityOfPage\":{\"@id\":\"https:\\\/\\\/kuzeyinsesi.org\\\/index.php\\\/2025\\\/09\\\/13\\\/buse-naz-cakiroglu-finale-yukseldi\\\/\"},\"wordCount\":318,\"commentCount\":0,\"image\":{\"@id\":\"https:\\\/\\\/kuzeyinsesi.org\\\/index.php\\\/2025\\\/09\\\/13\\\/buse-naz-cakiroglu-finale-yukseldi\\\/#primaryimage\"},\"thumbnailUrl\":\"https:\\\/\\\/kuzeyinsesi.org\\\/wp-content\\\/uploads\\\/2025\\\/09\\\/buse-naz-cakiroglu-2397433.jpg\",\"articleSection\":[\"Spor\"],\"inLanguage\":\"tr\",\"potentialAction\":[{\"@type\":\"CommentAction\",\"name\":\"Comment\",\"target\":[\"https:\\\/\\\/kuzeyinsesi.org\\\/index.php\\\/2025\\\/09\\\/13\\\/buse-naz-cakiroglu-finale-yukseldi\\\/#respond\"]}]},{\"@type\":\"WebPage\",\"@id\":\"https:\\\/\\\/kuzeyinsesi.org\\\/index.php\\\/2025\\\/09\\\/13\\\/buse-naz-cakiroglu-finale-yukseldi\\\/\",\"url\":\"https:\\\/\\\/kuzeyinsesi.org\\\/index.php\\\/2025\\\/09\\\/13\\\/buse-naz-cakiroglu-finale-yukseldi\\\/\",\"name\":\"Buse Naz \u00c7ak\u0131ro\u011flu finale y\u00fckseldi - Kuzeyin Sesi\",\"isPartOf\":{\"@id\":\"https:\\\/\\\/kuzeyinsesi.org\\\/#website\"},\"primaryImageOfPage\":{\"@id\":\"https:\\\/\\\/kuzeyinsesi.org\\\/index.php\\\/2025\\\/09\\\/13\\\/buse-naz-cakiroglu-finale-yukseldi\\\/#primaryimage\"},\"image\":{\"@id\":\"https:\\\/\\\/kuzeyinsesi.org\\\/index.php\\\/2025\\\/09\\\/13\\\/buse-naz-cakiroglu-finale-yukseldi\\\/#primaryimage\"},\"thumbnailUrl\":\"https:\\\/\\\/kuzeyinsesi.org\\\/wp-content\\\/uploads\\\/2025\\\/09\\\/buse-naz-cakiroglu-2397433.jpg\",\"datePublished\":\"2025-09-13T18:58:46+00:00\",\"author\":{\"@id\":\"https:\\\/\\\/kuzeyinsesi.org\\\/#\\\/schema\\\/person\\\/9f859689cdf01485597712386e37f5aa\"},\"breadcrumb\":{\"@id\":\"https:\\\/\\\/kuzeyinsesi.org\\\/index.php\\\/2025\\\/09\\\/13\\\/buse-naz-cakiroglu-finale-yukseldi\\\/#breadcrumb\"},\"inLanguage\":\"tr\",\"potentialAction\":[{\"@type\":\"ReadAction\",\"target\":[\"https:\\\/\\\/kuzeyinsesi.org\\\/index.php\\\/2025\\\/09\\\/13\\\/buse-naz-cakiroglu-finale-yukseldi\\\/\"]}]},{\"@type\":\"ImageObject\",\"inLanguage\":\"tr\",\"@id\":\"https:\\\/\\\/kuzeyinsesi.org\\\/index.php\\\/2025\\\/09\\\/13\\\/buse-naz-cakiroglu-finale-yukseldi\\\/#primaryimage\",\"url\":\"https:\\\/\\\/kuzeyinsesi.org\\\/wp-content\\\/uploads\\\/2025\\\/09\\\/buse-naz-cakiroglu-2397433.jpg\",\"contentUrl\":\"https:\\\/\\\/kuzeyinsesi.org\\\/wp-content\\\/uploads\\\/2025\\\/09\\\/buse-naz-cakiroglu-2397433.jpg\",\"width\":1280,\"height\":720},{\"@type\":\"BreadcrumbList\",\"@id\":\"https:\\\/\\\/kuzeyinsesi.org\\\/index.php\\\/2025\\\/09\\\/13\\\/buse-naz-cakiroglu-finale-yukseldi\\\/#breadcrumb\",\"itemListElement\":[{\"@type\":\"ListItem\",\"position\":1,\"name\":\"Anasayfa\",\"item\":\"https:\\\/\\\/kuzeyinsesi.org\\\/\"},{\"@type\":\"ListItem\",\"position\":2,\"name\":\"Buse Naz \u00c7ak\u0131ro\u011flu finale y\u00fckseldi\"}]},{\"@type\":\"WebSite\",\"@id\":\"https:\\\/\\\/kuzeyinsesi.org\\\/#website\",\"url\":\"https:\\\/\\\/kuzeyinsesi.org\\\/\",\"name\":\"Kuzeyin Sesi\",\"description\":\"Do\u011fru Haberin Adresi\",\"potentialAction\":[{\"@type\":\"SearchAction\",\"target\":{\"@type\":\"EntryPoint\",\"urlTemplate\":\"https:\\\/\\\/kuzeyinsesi.org\\\/?s={search_term_string}\"},\"query-input\":{\"@type\":\"PropertyValueSpecification\",\"valueRequired\":true,\"valueName\":\"search_term_string\"}}],\"inLanguage\":\"tr\"},{\"@type\":\"Person\",\"@id\":\"https:\\\/\\\/kuzeyinsesi.org\\\/#\\\/schema\\\/person\\\/9f859689cdf01485597712386e37f5aa\",\"name\":\"Kuzeyin Sesi\",\"image\":{\"@type\":\"ImageObject\",\"inLanguage\":\"tr\",\"@id\":\"https:\\\/\\\/secure.gravatar.com\\\/avatar\\\/bab33852abfd8b282518d6ed81826833d77c3c882d9ab608add591ccace47a44?s=96&d=mm&r=g\",\"url\":\"https:\\\/\\\/secure.gravatar.com\\\/avatar\\\/bab33852abfd8b282518d6ed81826833d77c3c882d9ab608add591ccace47a44?s=96&d=mm&r=g\",\"contentUrl\":\"https:\\\/\\\/secure.gravatar.com\\\/avatar\\\/bab33852abfd8b282518d6ed81826833d77c3c882d9ab608add591ccace47a44?s=96&d=mm&r=g\",\"caption\":\"Kuzeyin Sesi\"},\"sameAs\":[\"https:\\\/\\\/kuzeyinsesi.org\"],\"url\":\"https:\\\/\\\/kuzeyinsesi.org\\\/index.php\\\/author\\\/guven\\\/\"}]}<\/script>\n<!-- \/ Yoast SEO plugin. -->","yoast_head_json":{"title":"Buse Naz \u00c7ak\u0131ro\u011flu finale y\u00fckseldi - Kuzeyin Sesi","robots":{"index":"index","follow":"follow","max-snippet":"max-snippet:-1","max-image-preview":"max-image-preview:large","max-video-preview":"max-video-preview:-1"},"canonical":"https:\/\/kuzeyinsesi.org\/index.php\/2025\/09\/13\/buse-naz-cakiroglu-finale-yukseldi\/","og_locale":"tr_TR","og_type":"article","og_title":"Buse Naz \u00c7ak\u0131ro\u011flu finale y\u00fckseldi - Kuzeyin Sesi","og_description":"&#13; \u0130ngiltere&#8217;de devam eden D\u00fcnya Boks \u015eampiyonas\u0131&#8217;nda kad\u0131nlar 51 kiloda Buse Naz \u00c7ak\u0131ro\u011flu, finale y\u00fckseldi. &#13; Liverpool \u015fehrindeki M&amp;S Bank Arena&#8217;da d\u00fczenlenen D\u00fcnya \u015eampiyonas\u0131&#8217;nda Buse Naz, yar\u0131 finalde \u00d6zbekistan&#8217;dan Feruza Kazakova ile kar\u015f\u0131 kar\u015f\u0131ya geldi. &#13; Rakibini 4-1 ma\u011flup eden Buse Naz, ad\u0131n\u0131 finale yazd\u0131rd\u0131. &#13; D\u00fcnya \u015fampiyonalar\u0131nda daha \u00f6nce 1 alt\u0131n, 2 g\u00fcm\u00fc\u015f madalyas\u0131 [&hellip;]","og_url":"https:\/\/kuzeyinsesi.org\/index.php\/2025\/09\/13\/buse-naz-cakiroglu-finale-yukseldi\/","og_site_name":"Kuzeyin Sesi","article_publisher":"https:\/\/www.facebook.com\/kuzeyinsesii","article_published_time":"2025-09-13T18:58:46+00:00","og_image":[{"url":"https:\/\/trthaberstatic.cdn.wp.trt.com.tr\/resimler\/2396000\/buse-naz-cakiroglu-2397433.jpg","type":"","width":"","height":""}],"author":"Kuzeyin Sesi","twitter_card":"summary_large_image","twitter_creator":"@kuzeyinsesii","twitter_site":"@kuzeyinsesii","twitter_misc":{"Yazan:":"Kuzeyin Sesi","Tahmini okuma s\u00fcresi":"2 dakika"},"schema":{"@context":"https:\/\/schema.org","@graph":[{"@type":"Article","@id":"https:\/\/kuzeyinsesi.org\/index.php\/2025\/09\/13\/buse-naz-cakiroglu-finale-yukseldi\/#article","isPartOf":{"@id":"https:\/\/kuzeyinsesi.org\/index.php\/2025\/09\/13\/buse-naz-cakiroglu-finale-yukseldi\/"},"author":{"name":"Kuzeyin Sesi","@id":"https:\/\/kuzeyinsesi.org\/#\/schema\/person\/9f859689cdf01485597712386e37f5aa"},"headline":"Buse Naz \u00c7ak\u0131ro\u011flu finale y\u00fckseldi","datePublished":"2025-09-13T18:58:46+00:00","mainEntityOfPage":{"@id":"https:\/\/kuzeyinsesi.org\/index.php\/2025\/09\/13\/buse-naz-cakiroglu-finale-yukseldi\/"},"wordCount":318,"commentCount":0,"image":{"@id":"https:\/\/kuzeyinsesi.org\/index.php\/2025\/09\/13\/buse-naz-cakiroglu-finale-yukseldi\/#primaryimage"},"thumbnailUrl":"https:\/\/kuzeyinsesi.org\/wp-content\/uploads\/2025\/09\/buse-naz-cakiroglu-2397433.jpg","articleSection":["Spor"],"inLanguage":"tr","potentialAction":[{"@type":"CommentAction","name":"Comment","target":["https:\/\/kuzeyinsesi.org\/index.php\/2025\/09\/13\/buse-naz-cakiroglu-finale-yukseldi\/#respond"]}]},{"@type":"WebPage","@id":"https:\/\/kuzeyinsesi.org\/index.php\/2025\/09\/13\/buse-naz-cakiroglu-finale-yukseldi\/","url":"https:\/\/kuzeyinsesi.org\/index.php\/2025\/09\/13\/buse-naz-cakiroglu-finale-yukseldi\/","name":"Buse Naz \u00c7ak\u0131ro\u011flu finale y\u00fckseldi - Kuzeyin Sesi","isPartOf":{"@id":"https:\/\/kuzeyinsesi.org\/#website"},"primaryImageOfPage":{"@id":"https:\/\/kuzeyinsesi.org\/index.php\/2025\/09\/13\/buse-naz-cakiroglu-finale-yukseldi\/#primaryimage"},"image":{"@id":"https:\/\/kuzeyinsesi.org\/index.php\/2025\/09\/13\/buse-naz-cakiroglu-finale-yukseldi\/#primaryimage"},"thumbnailUrl":"https:\/\/kuzeyinsesi.org\/wp-content\/uploads\/2025\/09\/buse-naz-cakiroglu-2397433.jpg","datePublished":"2025-09-13T18:58:46+00:00","author":{"@id":"https:\/\/kuzeyinsesi.org\/#\/schema\/person\/9f859689cdf01485597712386e37f5aa"},"breadcrumb":{"@id":"https:\/\/kuzeyinsesi.org\/index.php\/2025\/09\/13\/buse-naz-cakiroglu-finale-yukseldi\/#breadcrumb"},"inLanguage":"tr","potentialAction":[{"@type":"ReadAction","target":["https:\/\/kuzeyinsesi.org\/index.php\/2025\/09\/13\/buse-naz-cakiroglu-finale-yukseldi\/"]}]},{"@type":"ImageObject","inLanguage":"tr","@id":"https:\/\/kuzeyinsesi.org\/index.php\/2025\/09\/13\/buse-naz-cakiroglu-finale-yukseldi\/#primaryimage","url":"https:\/\/kuzeyinsesi.org\/wp-content\/uploads\/2025\/09\/buse-naz-cakiroglu-2397433.jpg","contentUrl":"https:\/\/kuzeyinsesi.org\/wp-content\/uploads\/2025\/09\/buse-naz-cakiroglu-2397433.jpg","width":1280,"height":720},{"@type":"BreadcrumbList","@id":"https:\/\/kuzeyinsesi.org\/index.php\/2025\/09\/13\/buse-naz-cakiroglu-finale-yukseldi\/#breadcrumb","itemListElement":[{"@type":"ListItem","position":1,"name":"Anasayfa","item":"https:\/\/kuzeyinsesi.org\/"},{"@type":"ListItem","position":2,"name":"Buse Naz \u00c7ak\u0131ro\u011flu finale y\u00fckseldi"}]},{"@type":"WebSite","@id":"https:\/\/kuzeyinsesi.org\/#website","url":"https:\/\/kuzeyinsesi.org\/","name":"Kuzeyin Sesi","description":"Do\u011fru Haberin Adresi","potentialAction":[{"@type":"SearchAction","target":{"@type":"EntryPoint","urlTemplate":"https:\/\/kuzeyinsesi.org\/?s={search_term_string}"},"query-input":{"@type":"PropertyValueSpecification","valueRequired":true,"valueName":"search_term_string"}}],"inLanguage":"tr"},{"@type":"Person","@id":"https:\/\/kuzeyinsesi.org\/#\/schema\/person\/9f859689cdf01485597712386e37f5aa","name":"Kuzeyin Sesi","image":{"@type":"ImageObject","inLanguage":"tr","@id":"https:\/\/secure.gravatar.com\/avatar\/bab33852abfd8b282518d6ed81826833d77c3c882d9ab608add591ccace47a44?s=96&d=mm&r=g","url":"https:\/\/secure.gravatar.com\/avatar\/bab33852abfd8b282518d6ed81826833d77c3c882d9ab608add591ccace47a44?s=96&d=mm&r=g","contentUrl":"https:\/\/secure.gravatar.com\/avatar\/bab33852abfd8b282518d6ed81826833d77c3c882d9ab608add591ccace47a44?s=96&d=mm&r=g","caption":"Kuzeyin Sesi"},"sameAs":["https:\/\/kuzeyinsesi.org"],"url":"https:\/\/kuzeyinsesi.org\/index.php\/author\/guven\/"}]}},"_links":{"self":[{"href":"https:\/\/kuzeyinsesi.org\/index.php\/wp-json\/wp\/v2\/posts\/31656","targetHints":{"allow":["GET"]}}],"collection":[{"href":"https:\/\/kuzeyinsesi.org\/index.php\/wp-json\/wp\/v2\/posts"}],"about":[{"href":"https:\/\/kuzeyinsesi.org\/index.php\/wp-json\/wp\/v2\/types\/post"}],"author":[{"embeddable":true,"href":"https:\/\/kuzeyinsesi.org\/index.php\/wp-json\/wp\/v2\/users\/1"}],"replies":[{"embeddable":true,"href":"https:\/\/kuzeyinsesi.org\/index.php\/wp-json\/wp\/v2\/comments?post=31656"}],"version-history":[{"count":0,"href":"https:\/\/kuzeyinsesi.org\/index.php\/wp-json\/wp\/v2\/posts\/31656\/revisions"}],"wp:featuredmedia":[{"embeddable":true,"href":"https:\/\/kuzeyinsesi.org\/index.php\/wp-json\/wp\/v2\/media\/31657"}],"wp:attachment":[{"href":"https:\/\/kuzeyinsesi.org\/index.php\/wp-json\/wp\/v2\/media?parent=31656"}],"wp:term":[{"taxonomy":"category","embeddable":true,"href":"https:\/\/kuzeyinsesi.org\/index.php\/wp-json\/wp\/v2\/categories?post=31656"},{"taxonomy":"post_tag","embeddable":true,"href":"https:\/\/kuzeyinsesi.org\/index.php\/wp-json\/wp\/v2\/tags?post=31656"}],"curies":[{"name":"wp","href":"https:\/\/api.w.org\/{rel}","templated":true}]}}