{"id":31654,"date":"2025-09-13T20:57:38","date_gmt":"2025-09-13T17:57:38","guid":{"rendered":"https:\/\/kuzeyinsesi.org\/index.php\/2025\/09\/13\/milli-boksor-busra-isildar-dunya-sampiyonasinda-finale-yukseldi\/"},"modified":"2025-09-13T20:57:38","modified_gmt":"2025-09-13T17:57:38","slug":"milli-boksor-busra-isildar-dunya-sampiyonasinda-finale-yukseldi","status":"publish","type":"post","link":"https:\/\/kuzeyinsesi.org\/index.php\/2025\/09\/13\/milli-boksor-busra-isildar-dunya-sampiyonasinda-finale-yukseldi\/","title":{"rendered":"Milli boks\u00f6r B\u00fc\u015fra I\u015f\u0131ldar, D\u00fcnya \u015eampiyonas\u0131&#039;nda finale y\u00fckseldi"},"content":{"rendered":"<p><\/p>\n<div>\n<p>&#13;<br \/>\n\t\u0130ngiltere&#8217;nin <a href=\"https:\/\/www.trthaber.com\/etiket\/liverpool\/\" target=\"_blank\">Liverpool<\/a> \u015fehrinde d\u00fczenlenen \u015fampiyonada B\u00fc\u015fra, yar\u0131 finalde Avustralya&#8217;dan Emma Sue Greentree ile kar\u015f\u0131la\u015ft\u0131. Rakibini \u00fcst\u00fcn bir oyunla 4-1 ma\u011flup eden B\u00fc\u015fra, d\u00fcnya \u015fampiyonas\u0131nda \u00fcst \u00fcste ikinci kez finale \u00e7\u0131kmay\u0131 ba\u015fard\u0131.<\/p>\n<p>&#13;<br \/>\n\tYine bu y\u0131l S\u0131rbistan&#8217;da d\u00fczenlenen D\u00fcnya \u015eampiyonas\u0131&#8217;nda final oynayan ve g\u00fcm\u00fc\u015f madalya alan B\u00fc\u015fra, bu sefer <a href=\"https:\/\/www.trthaber.com\/etiket\/altin\/\" target=\"_blank\">alt\u0131n<\/a> madalya almaya \u00e7al\u0131\u015facak.<\/p>\n<p>&#13;<br \/>\n\tB\u00fc\u015fra I\u015f\u0131ldar, 75 kilo finalinde yar\u0131n TS\u0130 13.30&#8217;da \u00fc\u00e7 Avrupa \u015fampiyonlu\u011fu bulunan \u0130rlandal\u0131 boks\u00f6r Aoife O&#8217;Rourke ile kar\u015f\u0131la\u015facak.<\/p>\n<h2>&#13;<br \/>\n\t&#8220;Boksta da bir zafere imza ataca\u011f\u0131z&#8221;<\/h2>\n<p>&#13;<br \/>\n\tGen\u00e7lik ve Spor Bakan Yard\u0131mc\u0131s\u0131 Hamza Yerlikaya, milli sporcuyu \u0130ngiltere&#8217;de yaln\u0131z b\u0131rakmad\u0131 ve B\u00fc\u015fra&#8217;n\u0131n alt\u0131n madalyay\u0131 da alaca\u011f\u0131na inand\u0131\u011f\u0131n\u0131 s\u00f6yledi.<\/p>\n<p>&#13;<br \/>\n\tYerlikaya, T\u00fcrk sporunun her yerde b\u00fcy\u00fck ba\u015far\u0131lar kazand\u0131\u011f\u0131 bir d\u00f6nem ya\u015fad\u0131klar\u0131n\u0131 anlatarak, &#8220;\u0130n\u015fallah B\u00fc\u015fra finalde de alt\u0131n madalya kazanacak. Voleybolla ba\u015flad\u0131k basketbolla devam ediyoruz. Boksta da in\u015fallah yar\u0131n bir zafere imza ataca\u011f\u0131z.&#8221; dedi.<\/p>\n<p>&#13;<br \/>\n\tT\u00fcrkiye <a href=\"https:\/\/www.trthaber.com\/etiket\/boks\/\" target=\"_blank\">Boks<\/a> Federasyonu Ba\u015fkan\u0131 Suat Hekimo\u011flu ise B\u00fc\u015fra&#8217;ya \u00e7ok g\u00fcvendiklerini belirterek, &#8220;K\u0131z\u0131m\u0131z alt\u0131n madalyay\u0131 alacak, bize s\u00f6z\u00fc var. \u00dclkemizi gururland\u0131rmaya devam edecek.&#8221; diye konu\u015ftu.<\/p>\n<p>&#13;<br \/>\n\t\u00c7ok iyi bir haz\u0131rl\u0131k d\u00f6nemi ge\u00e7irdi\u011fini dile getiren milli sporcu B\u00fc\u015fra I\u015f\u0131ldar ise, &#8220;B\u00fcy\u00fck bir m\u00fccadele vard\u0131. Hocalar\u0131m\u0131z\u0131n eme\u011fine sa\u011fl\u0131k. Finalde de alt\u0131n madalyay\u0131 almak istiyorum. \u0130n\u015fallah Buse Naz ablamla alt\u0131n madalya kazanaca\u011f\u0131z. Bakan Yard\u0131mc\u0131m\u0131z Hamza Yerlikaya&#8217;n\u0131n ve Ba\u015fkan\u0131m\u0131z Suat Hekimo\u011flu&#8217;nun deste\u011fini \u00e7ok net hissettim. \u0130n\u015fallah finalde de alt\u0131n madalya al\u0131p \u00fclkemize d\u00f6nece\u011fiz.&#8221; ifadelerini kulland\u0131.<\/p>\n<\/p><\/div>\n","protected":false},"excerpt":{"rendered":"<p>&#13; \u0130ngiltere&#8217;nin Liverpool \u015fehrinde d\u00fczenlenen \u015fampiyonada B\u00fc\u015fra, yar\u0131 finalde Avustralya&#8217;dan Emma Sue Greentree ile kar\u015f\u0131la\u015ft\u0131. Rakibini \u00fcst\u00fcn bir oyunla 4-1 ma\u011flup eden B\u00fc\u015fra, d\u00fcnya \u015fampiyonas\u0131nda \u00fcst \u00fcste ikinci kez finale \u00e7\u0131kmay\u0131 ba\u015fard\u0131. &#13; Yine bu y\u0131l S\u0131rbistan&#8217;da d\u00fczenlenen D\u00fcnya \u015eampiyonas\u0131&#8217;nda final oynayan ve g\u00fcm\u00fc\u015f madalya alan B\u00fc\u015fra, bu sefer alt\u0131n madalya almaya \u00e7al\u0131\u015facak. &#13; B\u00fc\u015fra [&hellip;]<\/p>\n","protected":false},"author":1,"featured_media":31655,"comment_status":"open","ping_status":"open","sticky":false,"template":"","format":"standard","meta":{"jnews-multi-image_gallery":[],"jnews_single_post":[],"jnews_primary_category":[],"jnews_social_meta":[],"jnews_override_counter":[],"footnotes":""},"categories":[4],"tags":[],"class_list":["post-31654","post","type-post","status-publish","format-standard","has-post-thumbnail","hentry","category-spor"],"yoast_head":"<!-- This site is optimized with the Yoast SEO plugin v27.5 - https:\/\/yoast.com\/product\/yoast-seo-wordpress\/ -->\n<title>Milli boks\u00f6r B\u00fc\u015fra I\u015f\u0131ldar, D\u00fcnya \u015eampiyonas\u0131&#039;nda finale y\u00fckseldi - Kuzeyin Sesi<\/title>\n<meta name=\"robots\" content=\"index, follow, max-snippet:-1, max-image-preview:large, max-video-preview:-1\" \/>\n<link rel=\"canonical\" href=\"https:\/\/kuzeyinsesi.org\/index.php\/2025\/09\/13\/milli-boksor-busra-isildar-dunya-sampiyonasinda-finale-yukseldi\/\" \/>\n<meta property=\"og:locale\" content=\"tr_TR\" \/>\n<meta property=\"og:type\" content=\"article\" \/>\n<meta property=\"og:title\" content=\"Milli boks\u00f6r B\u00fc\u015fra I\u015f\u0131ldar, D\u00fcnya \u015eampiyonas\u0131&#039;nda finale y\u00fckseldi - Kuzeyin Sesi\" \/>\n<meta property=\"og:description\" content=\"&#013; \u0130ngiltere&#8217;nin Liverpool \u015fehrinde d\u00fczenlenen \u015fampiyonada B\u00fc\u015fra, yar\u0131 finalde Avustralya&#8217;dan Emma Sue Greentree ile kar\u015f\u0131la\u015ft\u0131. Rakibini \u00fcst\u00fcn bir oyunla 4-1 ma\u011flup eden B\u00fc\u015fra, d\u00fcnya \u015fampiyonas\u0131nda \u00fcst \u00fcste ikinci kez finale \u00e7\u0131kmay\u0131 ba\u015fard\u0131. &#013; Yine bu y\u0131l S\u0131rbistan&#8217;da d\u00fczenlenen D\u00fcnya \u015eampiyonas\u0131&#8217;nda final oynayan ve g\u00fcm\u00fc\u015f madalya alan B\u00fc\u015fra, bu sefer alt\u0131n madalya almaya \u00e7al\u0131\u015facak. &#013; B\u00fc\u015fra [&hellip;]\" \/>\n<meta property=\"og:url\" content=\"https:\/\/kuzeyinsesi.org\/index.php\/2025\/09\/13\/milli-boksor-busra-isildar-dunya-sampiyonasinda-finale-yukseldi\/\" \/>\n<meta property=\"og:site_name\" content=\"Kuzeyin Sesi\" \/>\n<meta property=\"article:publisher\" content=\"https:\/\/www.facebook.com\/kuzeyinsesii\" \/>\n<meta property=\"article:published_time\" content=\"2025-09-13T17:57:38+00:00\" \/>\n<meta property=\"og:image\" content=\"https:\/\/trthaberstatic.cdn.wp.trt.com.tr\/resimler\/2396000\/busra-isildar-2397434.jpg\" \/>\n<meta name=\"author\" content=\"Kuzeyin Sesi\" \/>\n<meta name=\"twitter:card\" content=\"summary_large_image\" \/>\n<meta name=\"twitter:creator\" content=\"@kuzeyinsesii\" \/>\n<meta name=\"twitter:site\" content=\"@kuzeyinsesii\" \/>\n<meta name=\"twitter:label1\" content=\"Yazan:\" \/>\n\t<meta name=\"twitter:data1\" content=\"Kuzeyin Sesi\" \/>\n\t<meta name=\"twitter:label2\" content=\"Tahmini okuma s\u00fcresi\" \/>\n\t<meta name=\"twitter:data2\" content=\"2 dakika\" \/>\n<script type=\"application\/ld+json\" class=\"yoast-schema-graph\">{\"@context\":\"https:\\\/\\\/schema.org\",\"@graph\":[{\"@type\":\"Article\",\"@id\":\"https:\\\/\\\/kuzeyinsesi.org\\\/index.php\\\/2025\\\/09\\\/13\\\/milli-boksor-busra-isildar-dunya-sampiyonasinda-finale-yukseldi\\\/#article\",\"isPartOf\":{\"@id\":\"https:\\\/\\\/kuzeyinsesi.org\\\/index.php\\\/2025\\\/09\\\/13\\\/milli-boksor-busra-isildar-dunya-sampiyonasinda-finale-yukseldi\\\/\"},\"author\":{\"name\":\"Kuzeyin Sesi\",\"@id\":\"https:\\\/\\\/kuzeyinsesi.org\\\/#\\\/schema\\\/person\\\/9f859689cdf01485597712386e37f5aa\"},\"headline\":\"Milli boks\u00f6r B\u00fc\u015fra I\u015f\u0131ldar, D\u00fcnya \u015eampiyonas\u0131&#039;nda finale y\u00fckseldi\",\"datePublished\":\"2025-09-13T17:57:38+00:00\",\"mainEntityOfPage\":{\"@id\":\"https:\\\/\\\/kuzeyinsesi.org\\\/index.php\\\/2025\\\/09\\\/13\\\/milli-boksor-busra-isildar-dunya-sampiyonasinda-finale-yukseldi\\\/\"},\"wordCount\":329,\"commentCount\":0,\"image\":{\"@id\":\"https:\\\/\\\/kuzeyinsesi.org\\\/index.php\\\/2025\\\/09\\\/13\\\/milli-boksor-busra-isildar-dunya-sampiyonasinda-finale-yukseldi\\\/#primaryimage\"},\"thumbnailUrl\":\"https:\\\/\\\/kuzeyinsesi.org\\\/wp-content\\\/uploads\\\/2025\\\/09\\\/busra-isildar-2397434.jpg\",\"articleSection\":[\"Spor\"],\"inLanguage\":\"tr\",\"potentialAction\":[{\"@type\":\"CommentAction\",\"name\":\"Comment\",\"target\":[\"https:\\\/\\\/kuzeyinsesi.org\\\/index.php\\\/2025\\\/09\\\/13\\\/milli-boksor-busra-isildar-dunya-sampiyonasinda-finale-yukseldi\\\/#respond\"]}]},{\"@type\":\"WebPage\",\"@id\":\"https:\\\/\\\/kuzeyinsesi.org\\\/index.php\\\/2025\\\/09\\\/13\\\/milli-boksor-busra-isildar-dunya-sampiyonasinda-finale-yukseldi\\\/\",\"url\":\"https:\\\/\\\/kuzeyinsesi.org\\\/index.php\\\/2025\\\/09\\\/13\\\/milli-boksor-busra-isildar-dunya-sampiyonasinda-finale-yukseldi\\\/\",\"name\":\"Milli boks\u00f6r B\u00fc\u015fra I\u015f\u0131ldar, D\u00fcnya \u015eampiyonas\u0131&#039;nda finale y\u00fckseldi - Kuzeyin Sesi\",\"isPartOf\":{\"@id\":\"https:\\\/\\\/kuzeyinsesi.org\\\/#website\"},\"primaryImageOfPage\":{\"@id\":\"https:\\\/\\\/kuzeyinsesi.org\\\/index.php\\\/2025\\\/09\\\/13\\\/milli-boksor-busra-isildar-dunya-sampiyonasinda-finale-yukseldi\\\/#primaryimage\"},\"image\":{\"@id\":\"https:\\\/\\\/kuzeyinsesi.org\\\/index.php\\\/2025\\\/09\\\/13\\\/milli-boksor-busra-isildar-dunya-sampiyonasinda-finale-yukseldi\\\/#primaryimage\"},\"thumbnailUrl\":\"https:\\\/\\\/kuzeyinsesi.org\\\/wp-content\\\/uploads\\\/2025\\\/09\\\/busra-isildar-2397434.jpg\",\"datePublished\":\"2025-09-13T17:57:38+00:00\",\"author\":{\"@id\":\"https:\\\/\\\/kuzeyinsesi.org\\\/#\\\/schema\\\/person\\\/9f859689cdf01485597712386e37f5aa\"},\"breadcrumb\":{\"@id\":\"https:\\\/\\\/kuzeyinsesi.org\\\/index.php\\\/2025\\\/09\\\/13\\\/milli-boksor-busra-isildar-dunya-sampiyonasinda-finale-yukseldi\\\/#breadcrumb\"},\"inLanguage\":\"tr\",\"potentialAction\":[{\"@type\":\"ReadAction\",\"target\":[\"https:\\\/\\\/kuzeyinsesi.org\\\/index.php\\\/2025\\\/09\\\/13\\\/milli-boksor-busra-isildar-dunya-sampiyonasinda-finale-yukseldi\\\/\"]}]},{\"@type\":\"ImageObject\",\"inLanguage\":\"tr\",\"@id\":\"https:\\\/\\\/kuzeyinsesi.org\\\/index.php\\\/2025\\\/09\\\/13\\\/milli-boksor-busra-isildar-dunya-sampiyonasinda-finale-yukseldi\\\/#primaryimage\",\"url\":\"https:\\\/\\\/kuzeyinsesi.org\\\/wp-content\\\/uploads\\\/2025\\\/09\\\/busra-isildar-2397434.jpg\",\"contentUrl\":\"https:\\\/\\\/kuzeyinsesi.org\\\/wp-content\\\/uploads\\\/2025\\\/09\\\/busra-isildar-2397434.jpg\",\"width\":1280,\"height\":720},{\"@type\":\"BreadcrumbList\",\"@id\":\"https:\\\/\\\/kuzeyinsesi.org\\\/index.php\\\/2025\\\/09\\\/13\\\/milli-boksor-busra-isildar-dunya-sampiyonasinda-finale-yukseldi\\\/#breadcrumb\",\"itemListElement\":[{\"@type\":\"ListItem\",\"position\":1,\"name\":\"Anasayfa\",\"item\":\"https:\\\/\\\/kuzeyinsesi.org\\\/\"},{\"@type\":\"ListItem\",\"position\":2,\"name\":\"Milli boks\u00f6r B\u00fc\u015fra I\u015f\u0131ldar, D\u00fcnya \u015eampiyonas\u0131&#039;nda finale y\u00fckseldi\"}]},{\"@type\":\"WebSite\",\"@id\":\"https:\\\/\\\/kuzeyinsesi.org\\\/#website\",\"url\":\"https:\\\/\\\/kuzeyinsesi.org\\\/\",\"name\":\"Kuzeyin Sesi\",\"description\":\"Do\u011fru Haberin Adresi\",\"potentialAction\":[{\"@type\":\"SearchAction\",\"target\":{\"@type\":\"EntryPoint\",\"urlTemplate\":\"https:\\\/\\\/kuzeyinsesi.org\\\/?s={search_term_string}\"},\"query-input\":{\"@type\":\"PropertyValueSpecification\",\"valueRequired\":true,\"valueName\":\"search_term_string\"}}],\"inLanguage\":\"tr\"},{\"@type\":\"Person\",\"@id\":\"https:\\\/\\\/kuzeyinsesi.org\\\/#\\\/schema\\\/person\\\/9f859689cdf01485597712386e37f5aa\",\"name\":\"Kuzeyin Sesi\",\"image\":{\"@type\":\"ImageObject\",\"inLanguage\":\"tr\",\"@id\":\"https:\\\/\\\/secure.gravatar.com\\\/avatar\\\/bab33852abfd8b282518d6ed81826833d77c3c882d9ab608add591ccace47a44?s=96&d=mm&r=g\",\"url\":\"https:\\\/\\\/secure.gravatar.com\\\/avatar\\\/bab33852abfd8b282518d6ed81826833d77c3c882d9ab608add591ccace47a44?s=96&d=mm&r=g\",\"contentUrl\":\"https:\\\/\\\/secure.gravatar.com\\\/avatar\\\/bab33852abfd8b282518d6ed81826833d77c3c882d9ab608add591ccace47a44?s=96&d=mm&r=g\",\"caption\":\"Kuzeyin Sesi\"},\"sameAs\":[\"https:\\\/\\\/kuzeyinsesi.org\"],\"url\":\"https:\\\/\\\/kuzeyinsesi.org\\\/index.php\\\/author\\\/guven\\\/\"}]}<\/script>\n<!-- \/ Yoast SEO plugin. -->","yoast_head_json":{"title":"Milli boks\u00f6r B\u00fc\u015fra I\u015f\u0131ldar, D\u00fcnya \u015eampiyonas\u0131&#039;nda finale y\u00fckseldi - Kuzeyin Sesi","robots":{"index":"index","follow":"follow","max-snippet":"max-snippet:-1","max-image-preview":"max-image-preview:large","max-video-preview":"max-video-preview:-1"},"canonical":"https:\/\/kuzeyinsesi.org\/index.php\/2025\/09\/13\/milli-boksor-busra-isildar-dunya-sampiyonasinda-finale-yukseldi\/","og_locale":"tr_TR","og_type":"article","og_title":"Milli boks\u00f6r B\u00fc\u015fra I\u015f\u0131ldar, D\u00fcnya \u015eampiyonas\u0131&#039;nda finale y\u00fckseldi - Kuzeyin Sesi","og_description":"&#13; \u0130ngiltere&#8217;nin Liverpool \u015fehrinde d\u00fczenlenen \u015fampiyonada B\u00fc\u015fra, yar\u0131 finalde Avustralya&#8217;dan Emma Sue Greentree ile kar\u015f\u0131la\u015ft\u0131. Rakibini \u00fcst\u00fcn bir oyunla 4-1 ma\u011flup eden B\u00fc\u015fra, d\u00fcnya \u015fampiyonas\u0131nda \u00fcst \u00fcste ikinci kez finale \u00e7\u0131kmay\u0131 ba\u015fard\u0131. &#13; Yine bu y\u0131l S\u0131rbistan&#8217;da d\u00fczenlenen D\u00fcnya \u015eampiyonas\u0131&#8217;nda final oynayan ve g\u00fcm\u00fc\u015f madalya alan B\u00fc\u015fra, bu sefer alt\u0131n madalya almaya \u00e7al\u0131\u015facak. &#13; B\u00fc\u015fra [&hellip;]","og_url":"https:\/\/kuzeyinsesi.org\/index.php\/2025\/09\/13\/milli-boksor-busra-isildar-dunya-sampiyonasinda-finale-yukseldi\/","og_site_name":"Kuzeyin Sesi","article_publisher":"https:\/\/www.facebook.com\/kuzeyinsesii","article_published_time":"2025-09-13T17:57:38+00:00","og_image":[{"url":"https:\/\/trthaberstatic.cdn.wp.trt.com.tr\/resimler\/2396000\/busra-isildar-2397434.jpg","type":"","width":"","height":""}],"author":"Kuzeyin Sesi","twitter_card":"summary_large_image","twitter_creator":"@kuzeyinsesii","twitter_site":"@kuzeyinsesii","twitter_misc":{"Yazan:":"Kuzeyin Sesi","Tahmini okuma s\u00fcresi":"2 dakika"},"schema":{"@context":"https:\/\/schema.org","@graph":[{"@type":"Article","@id":"https:\/\/kuzeyinsesi.org\/index.php\/2025\/09\/13\/milli-boksor-busra-isildar-dunya-sampiyonasinda-finale-yukseldi\/#article","isPartOf":{"@id":"https:\/\/kuzeyinsesi.org\/index.php\/2025\/09\/13\/milli-boksor-busra-isildar-dunya-sampiyonasinda-finale-yukseldi\/"},"author":{"name":"Kuzeyin Sesi","@id":"https:\/\/kuzeyinsesi.org\/#\/schema\/person\/9f859689cdf01485597712386e37f5aa"},"headline":"Milli boks\u00f6r B\u00fc\u015fra I\u015f\u0131ldar, D\u00fcnya \u015eampiyonas\u0131&#039;nda finale y\u00fckseldi","datePublished":"2025-09-13T17:57:38+00:00","mainEntityOfPage":{"@id":"https:\/\/kuzeyinsesi.org\/index.php\/2025\/09\/13\/milli-boksor-busra-isildar-dunya-sampiyonasinda-finale-yukseldi\/"},"wordCount":329,"commentCount":0,"image":{"@id":"https:\/\/kuzeyinsesi.org\/index.php\/2025\/09\/13\/milli-boksor-busra-isildar-dunya-sampiyonasinda-finale-yukseldi\/#primaryimage"},"thumbnailUrl":"https:\/\/kuzeyinsesi.org\/wp-content\/uploads\/2025\/09\/busra-isildar-2397434.jpg","articleSection":["Spor"],"inLanguage":"tr","potentialAction":[{"@type":"CommentAction","name":"Comment","target":["https:\/\/kuzeyinsesi.org\/index.php\/2025\/09\/13\/milli-boksor-busra-isildar-dunya-sampiyonasinda-finale-yukseldi\/#respond"]}]},{"@type":"WebPage","@id":"https:\/\/kuzeyinsesi.org\/index.php\/2025\/09\/13\/milli-boksor-busra-isildar-dunya-sampiyonasinda-finale-yukseldi\/","url":"https:\/\/kuzeyinsesi.org\/index.php\/2025\/09\/13\/milli-boksor-busra-isildar-dunya-sampiyonasinda-finale-yukseldi\/","name":"Milli boks\u00f6r B\u00fc\u015fra I\u015f\u0131ldar, D\u00fcnya \u015eampiyonas\u0131&#039;nda finale y\u00fckseldi - Kuzeyin Sesi","isPartOf":{"@id":"https:\/\/kuzeyinsesi.org\/#website"},"primaryImageOfPage":{"@id":"https:\/\/kuzeyinsesi.org\/index.php\/2025\/09\/13\/milli-boksor-busra-isildar-dunya-sampiyonasinda-finale-yukseldi\/#primaryimage"},"image":{"@id":"https:\/\/kuzeyinsesi.org\/index.php\/2025\/09\/13\/milli-boksor-busra-isildar-dunya-sampiyonasinda-finale-yukseldi\/#primaryimage"},"thumbnailUrl":"https:\/\/kuzeyinsesi.org\/wp-content\/uploads\/2025\/09\/busra-isildar-2397434.jpg","datePublished":"2025-09-13T17:57:38+00:00","author":{"@id":"https:\/\/kuzeyinsesi.org\/#\/schema\/person\/9f859689cdf01485597712386e37f5aa"},"breadcrumb":{"@id":"https:\/\/kuzeyinsesi.org\/index.php\/2025\/09\/13\/milli-boksor-busra-isildar-dunya-sampiyonasinda-finale-yukseldi\/#breadcrumb"},"inLanguage":"tr","potentialAction":[{"@type":"ReadAction","target":["https:\/\/kuzeyinsesi.org\/index.php\/2025\/09\/13\/milli-boksor-busra-isildar-dunya-sampiyonasinda-finale-yukseldi\/"]}]},{"@type":"ImageObject","inLanguage":"tr","@id":"https:\/\/kuzeyinsesi.org\/index.php\/2025\/09\/13\/milli-boksor-busra-isildar-dunya-sampiyonasinda-finale-yukseldi\/#primaryimage","url":"https:\/\/kuzeyinsesi.org\/wp-content\/uploads\/2025\/09\/busra-isildar-2397434.jpg","contentUrl":"https:\/\/kuzeyinsesi.org\/wp-content\/uploads\/2025\/09\/busra-isildar-2397434.jpg","width":1280,"height":720},{"@type":"BreadcrumbList","@id":"https:\/\/kuzeyinsesi.org\/index.php\/2025\/09\/13\/milli-boksor-busra-isildar-dunya-sampiyonasinda-finale-yukseldi\/#breadcrumb","itemListElement":[{"@type":"ListItem","position":1,"name":"Anasayfa","item":"https:\/\/kuzeyinsesi.org\/"},{"@type":"ListItem","position":2,"name":"Milli boks\u00f6r B\u00fc\u015fra I\u015f\u0131ldar, D\u00fcnya \u015eampiyonas\u0131&#039;nda finale y\u00fckseldi"}]},{"@type":"WebSite","@id":"https:\/\/kuzeyinsesi.org\/#website","url":"https:\/\/kuzeyinsesi.org\/","name":"Kuzeyin Sesi","description":"Do\u011fru Haberin Adresi","potentialAction":[{"@type":"SearchAction","target":{"@type":"EntryPoint","urlTemplate":"https:\/\/kuzeyinsesi.org\/?s={search_term_string}"},"query-input":{"@type":"PropertyValueSpecification","valueRequired":true,"valueName":"search_term_string"}}],"inLanguage":"tr"},{"@type":"Person","@id":"https:\/\/kuzeyinsesi.org\/#\/schema\/person\/9f859689cdf01485597712386e37f5aa","name":"Kuzeyin Sesi","image":{"@type":"ImageObject","inLanguage":"tr","@id":"https:\/\/secure.gravatar.com\/avatar\/bab33852abfd8b282518d6ed81826833d77c3c882d9ab608add591ccace47a44?s=96&d=mm&r=g","url":"https:\/\/secure.gravatar.com\/avatar\/bab33852abfd8b282518d6ed81826833d77c3c882d9ab608add591ccace47a44?s=96&d=mm&r=g","contentUrl":"https:\/\/secure.gravatar.com\/avatar\/bab33852abfd8b282518d6ed81826833d77c3c882d9ab608add591ccace47a44?s=96&d=mm&r=g","caption":"Kuzeyin Sesi"},"sameAs":["https:\/\/kuzeyinsesi.org"],"url":"https:\/\/kuzeyinsesi.org\/index.php\/author\/guven\/"}]}},"_links":{"self":[{"href":"https:\/\/kuzeyinsesi.org\/index.php\/wp-json\/wp\/v2\/posts\/31654","targetHints":{"allow":["GET"]}}],"collection":[{"href":"https:\/\/kuzeyinsesi.org\/index.php\/wp-json\/wp\/v2\/posts"}],"about":[{"href":"https:\/\/kuzeyinsesi.org\/index.php\/wp-json\/wp\/v2\/types\/post"}],"author":[{"embeddable":true,"href":"https:\/\/kuzeyinsesi.org\/index.php\/wp-json\/wp\/v2\/users\/1"}],"replies":[{"embeddable":true,"href":"https:\/\/kuzeyinsesi.org\/index.php\/wp-json\/wp\/v2\/comments?post=31654"}],"version-history":[{"count":0,"href":"https:\/\/kuzeyinsesi.org\/index.php\/wp-json\/wp\/v2\/posts\/31654\/revisions"}],"wp:featuredmedia":[{"embeddable":true,"href":"https:\/\/kuzeyinsesi.org\/index.php\/wp-json\/wp\/v2\/media\/31655"}],"wp:attachment":[{"href":"https:\/\/kuzeyinsesi.org\/index.php\/wp-json\/wp\/v2\/media?parent=31654"}],"wp:term":[{"taxonomy":"category","embeddable":true,"href":"https:\/\/kuzeyinsesi.org\/index.php\/wp-json\/wp\/v2\/categories?post=31654"},{"taxonomy":"post_tag","embeddable":true,"href":"https:\/\/kuzeyinsesi.org\/index.php\/wp-json\/wp\/v2\/tags?post=31654"}],"curies":[{"name":"wp","href":"https:\/\/api.w.org\/{rel}","templated":true}]}}