{"id":31645,"date":"2025-09-13T15:06:25","date_gmt":"2025-09-13T12:06:25","guid":{"rendered":"https:\/\/kuzeyinsesi.org\/index.php\/2025\/09\/13\/mavi-gozler-aslinda-neden-mavi-degil\/"},"modified":"2025-09-13T15:06:25","modified_gmt":"2025-09-13T12:06:25","slug":"mavi-gozler-aslinda-neden-mavi-degil","status":"publish","type":"post","link":"https:\/\/kuzeyinsesi.org\/index.php\/2025\/09\/13\/mavi-gozler-aslinda-neden-mavi-degil\/","title":{"rendered":"Mavi g\u00f6zler asl\u0131nda neden mavi de\u011fil?"},"content":{"rendered":"<p><\/p>\n<div>\n<p>&#13;<br \/>\n\tPeki bu renk farkl\u0131l\u0131klar\u0131n\u0131n arkas\u0131nda ne yat\u0131yor? Cevap, <a href=\"https:\/\/www.trthaber.com\/etiket\/goz\/\" target=\"_blank\">g\u00f6z<\/a> bebe\u011fini \u00e7evreleyen renkli doku halkas\u0131 olan iriste gizli. Burada, melanin ad\u0131 verilen bir pigment neredeyse t\u00fcm i\u015fi yap\u0131yor. Kahverengi g\u00f6zler, \u0131\u015f\u0131\u011f\u0131 emen y\u00fcksek oranda melanin i\u00e7erir ve bu koyu g\u00f6r\u00fcn\u00fcm\u00fc olu\u015fturur. Mavi g\u00f6zlerde ise \u00e7ok az melanin bulunur. Renkleri, pigmentten de\u011fil, irisin i\u00e7inde \u0131\u015f\u0131\u011f\u0131n sa\u00e7\u0131lmas\u0131yla ortaya \u00e7\u0131kan fiziksel bir etkiden, yani g\u00f6ky\u00fcz\u00fcn\u00fc mavi g\u00f6steren etkiyle ayn\u0131 olan Tyndall etkisiyle olu\u015fur.<\/p>\n<p>&#13;<br \/>\n\tMavi g\u00f6zlerde, k\u0131sa dalga boyundaki \u0131\u015f\u0131klar (mavi gibi), daha uzun dalga boyundaki (k\u0131rm\u0131z\u0131 veya sar\u0131 gibi) \u0131\u015f\u0131klara g\u00f6re daha etkili bir \u015fekilde sa\u00e7\u0131l\u0131r. Melanin konsantrasyonu d\u00fc\u015f\u00fck oldu\u011fu i\u00e7in daha az \u0131\u015f\u0131k emilir, bu da sa\u00e7\u0131lan mavi \u0131\u015f\u0131\u011f\u0131n bask\u0131n olmas\u0131n\u0131 sa\u011flar. Bu mavi ton, pigmentten de\u011fil, \u0131\u015f\u0131\u011f\u0131n g\u00f6z\u00fcn yap\u0131s\u0131yla etkile\u015fim \u015feklinden kaynaklan\u0131r.<\/p>\n<p>&#13;<br \/>\n\tYe\u015fil g\u00f6zler ise, orta miktarda melanin pigmentinin \u0131\u015f\u0131k sa\u00e7\u0131lmas\u0131yla dengelenmesi sonucu olu\u015fur. Ela g\u00f6zler daha da karma\u015f\u0131k. \u0130risteki d\u00fczensiz melanin da\u011f\u0131l\u0131m\u0131, ortam \u0131\u015f\u0131\u011f\u0131na ba\u011fl\u0131 olarak de\u011fi\u015febilen bir renk mozai\u011fi yarat\u0131r.<\/p>\n<h2>&#13;<br \/>\n\tPeki ya genetik?<\/h2>\n<p>&#13;<br \/>\n\tG\u00f6z renginin geneti\u011fi de bir o kadar b\u00fcy\u00fcleyici. Uzun s\u00fcre boyunca, bilim insanlar\u0131 tek bir genin kontrol etti\u011fi basit bir &#8220;kahverengi maviyi yener&#8221; modeline inand\u0131lar. Ancak ara\u015ft\u0131rmalar, ger\u00e7e\u011fin \u00e7ok daha karma\u015f\u0131k oldu\u011funu g\u00f6steriyor. Bir\u00e7ok gen g\u00f6z renginin belirlenmesine katk\u0131da bulunur. Bu da ayn\u0131 ailedeki \u00e7ocuklar\u0131n neden dramatik \u015fekilde farkl\u0131 g\u00f6z renklerine sahip olabildi\u011fini ve iki mavi g\u00f6zl\u00fc ebeveynin neden bazen ye\u015fil, hatta a\u00e7\u0131k kahverengi g\u00f6zl\u00fc bir \u00e7ocu\u011fa sahip olabildi\u011fini a\u00e7\u0131klar.<\/p>\n<p>&#13;<br \/>\n\tG\u00f6z rengi zamanla da de\u011fi\u015fir. Avrupa k\u00f6kenli bir\u00e7ok bebek, melanin seviyeleri hen\u00fcz d\u00fc\u015f\u00fck oldu\u011fu i\u00e7in mavi veya gri g\u00f6zlerle do\u011far. Ya\u015fam\u0131n ilk birka\u00e7 y\u0131l\u0131nda pigment kademeli olarak biriktik\u00e7e, bu mavi g\u00f6zler ye\u015file veya kahverengiye d\u00f6nebilir.<\/p>\n<p>&#13;<br \/>\n\tYeti\u015fkinlikte g\u00f6z rengi daha kararl\u0131 olma e\u011filimindedir, ancak \u0131\u015f\u0131\u011fa, k\u0131yafete veya g\u00f6z bebe\u011fi boyutuna ba\u011fl\u0131 olarak k\u00fc\u00e7\u00fck g\u00f6r\u00fcn\u00fcm de\u011fi\u015fiklikleri yayg\u0131n.<\/p>\n<h2>&#13;<br \/>\n\tAs\u0131l ilgin\u00e7 olanlar<\/h2>\n<p>&#13;<br \/>\n\tBir de ger\u00e7ek nadir durumlar var. Heterokromi, yani bir g\u00f6z\u00fcn di\u011ferinden farkl\u0131 renkte olmas\u0131 veya tek bir irisin iki farkl\u0131 renk i\u00e7ermesi nadir ancak \u00e7arp\u0131c\u0131. David Bowie&#8217;nin g\u00f6zlerinin farkl\u0131 renklerde g\u00f6r\u00fcnmesi ise bir kaza sonras\u0131 g\u00f6z bebe\u011finin kal\u0131c\u0131 olarak geni\u015flemesinden kaynaklanan, heterokromi yan\u0131lsamas\u0131 veren bir durumdu.<\/p>\n<p>&#13;<br \/>\n\tSonu\u00e7 olarak, g\u00f6z rengi sadece <a href=\"https:\/\/www.trthaber.com\/etiket\/genetik\/\" target=\"_blank\">genetik<\/a> ve fiziksel bir tuhafl\u0131ktan fazlas\u0131. Biyoloji ve g\u00fczelli\u011fin nas\u0131l i\u00e7 i\u00e7e ge\u00e7ti\u011finin bir hat\u0131rlat\u0131c\u0131s\u0131. Her iris, bak\u0131\u015f a\u00e7\u0131n\u0131za g\u00f6re farkl\u0131 \u0131\u015f\u0131k yakalayan pigment halkalar\u0131, <a href=\"https:\/\/www.trthaber.com\/etiket\/altin\/\" target=\"_blank\">alt\u0131n<\/a> benekleri veya derin kahverengi havuzlar\u0131 olan minik bir evren gibi.<\/p>\n<\/p><\/div>\n","protected":false},"excerpt":{"rendered":"<p>&#13; Peki bu renk farkl\u0131l\u0131klar\u0131n\u0131n arkas\u0131nda ne yat\u0131yor? Cevap, g\u00f6z bebe\u011fini \u00e7evreleyen renkli doku halkas\u0131 olan iriste gizli. Burada, melanin ad\u0131 verilen bir pigment neredeyse t\u00fcm i\u015fi yap\u0131yor. Kahverengi g\u00f6zler, \u0131\u015f\u0131\u011f\u0131 emen y\u00fcksek oranda melanin i\u00e7erir ve bu koyu g\u00f6r\u00fcn\u00fcm\u00fc olu\u015fturur. Mavi g\u00f6zlerde ise \u00e7ok az melanin bulunur. Renkleri, pigmentten de\u011fil, irisin i\u00e7inde \u0131\u015f\u0131\u011f\u0131n sa\u00e7\u0131lmas\u0131yla [&hellip;]<\/p>\n","protected":false},"author":1,"featured_media":31646,"comment_status":"open","ping_status":"open","sticky":false,"template":"","format":"standard","meta":{"jnews-multi-image_gallery":[],"jnews_single_post":[],"jnews_primary_category":[],"jnews_social_meta":[],"jnews_override_counter":[],"footnotes":""},"categories":[2],"tags":[],"class_list":["post-31645","post","type-post","status-publish","format-standard","has-post-thumbnail","hentry","category-dunya"],"yoast_head":"<!-- This site is optimized with the Yoast SEO plugin v27.5 - https:\/\/yoast.com\/product\/yoast-seo-wordpress\/ -->\n<title>Mavi g\u00f6zler asl\u0131nda neden mavi de\u011fil? - Kuzeyin Sesi<\/title>\n<meta name=\"robots\" content=\"index, follow, max-snippet:-1, max-image-preview:large, max-video-preview:-1\" \/>\n<link rel=\"canonical\" href=\"https:\/\/kuzeyinsesi.org\/index.php\/2025\/09\/13\/mavi-gozler-aslinda-neden-mavi-degil\/\" \/>\n<meta property=\"og:locale\" content=\"tr_TR\" \/>\n<meta property=\"og:type\" content=\"article\" \/>\n<meta property=\"og:title\" content=\"Mavi g\u00f6zler asl\u0131nda neden mavi de\u011fil? - Kuzeyin Sesi\" \/>\n<meta property=\"og:description\" content=\"&#013; Peki bu renk farkl\u0131l\u0131klar\u0131n\u0131n arkas\u0131nda ne yat\u0131yor? Cevap, g\u00f6z bebe\u011fini \u00e7evreleyen renkli doku halkas\u0131 olan iriste gizli. Burada, melanin ad\u0131 verilen bir pigment neredeyse t\u00fcm i\u015fi yap\u0131yor. Kahverengi g\u00f6zler, \u0131\u015f\u0131\u011f\u0131 emen y\u00fcksek oranda melanin i\u00e7erir ve bu koyu g\u00f6r\u00fcn\u00fcm\u00fc olu\u015fturur. Mavi g\u00f6zlerde ise \u00e7ok az melanin bulunur. Renkleri, pigmentten de\u011fil, irisin i\u00e7inde \u0131\u015f\u0131\u011f\u0131n sa\u00e7\u0131lmas\u0131yla [&hellip;]\" \/>\n<meta property=\"og:url\" content=\"https:\/\/kuzeyinsesi.org\/index.php\/2025\/09\/13\/mavi-gozler-aslinda-neden-mavi-degil\/\" \/>\n<meta property=\"og:site_name\" content=\"Kuzeyin Sesi\" \/>\n<meta property=\"article:publisher\" content=\"https:\/\/www.facebook.com\/kuzeyinsesii\" \/>\n<meta property=\"article:published_time\" content=\"2025-09-13T12:06:25+00:00\" \/>\n<meta property=\"og:image\" content=\"https:\/\/trthaberstatic.cdn.wp.trt.com.tr\/resimler\/2396000\/goz-2397393.jpg\" \/>\n<meta name=\"author\" content=\"Kuzeyin Sesi\" \/>\n<meta name=\"twitter:card\" content=\"summary_large_image\" \/>\n<meta name=\"twitter:creator\" content=\"@kuzeyinsesii\" \/>\n<meta name=\"twitter:site\" content=\"@kuzeyinsesii\" \/>\n<meta name=\"twitter:label1\" content=\"Yazan:\" \/>\n\t<meta name=\"twitter:data1\" content=\"Kuzeyin Sesi\" \/>\n\t<meta name=\"twitter:label2\" content=\"Tahmini okuma s\u00fcresi\" \/>\n\t<meta name=\"twitter:data2\" content=\"3 dakika\" \/>\n<script type=\"application\/ld+json\" class=\"yoast-schema-graph\">{\"@context\":\"https:\\\/\\\/schema.org\",\"@graph\":[{\"@type\":\"Article\",\"@id\":\"https:\\\/\\\/kuzeyinsesi.org\\\/index.php\\\/2025\\\/09\\\/13\\\/mavi-gozler-aslinda-neden-mavi-degil\\\/#article\",\"isPartOf\":{\"@id\":\"https:\\\/\\\/kuzeyinsesi.org\\\/index.php\\\/2025\\\/09\\\/13\\\/mavi-gozler-aslinda-neden-mavi-degil\\\/\"},\"author\":{\"name\":\"Kuzeyin Sesi\",\"@id\":\"https:\\\/\\\/kuzeyinsesi.org\\\/#\\\/schema\\\/person\\\/9f859689cdf01485597712386e37f5aa\"},\"headline\":\"Mavi g\u00f6zler asl\u0131nda neden mavi de\u011fil?\",\"datePublished\":\"2025-09-13T12:06:25+00:00\",\"mainEntityOfPage\":{\"@id\":\"https:\\\/\\\/kuzeyinsesi.org\\\/index.php\\\/2025\\\/09\\\/13\\\/mavi-gozler-aslinda-neden-mavi-degil\\\/\"},\"wordCount\":531,\"commentCount\":0,\"image\":{\"@id\":\"https:\\\/\\\/kuzeyinsesi.org\\\/index.php\\\/2025\\\/09\\\/13\\\/mavi-gozler-aslinda-neden-mavi-degil\\\/#primaryimage\"},\"thumbnailUrl\":\"https:\\\/\\\/kuzeyinsesi.org\\\/wp-content\\\/uploads\\\/2025\\\/09\\\/goz-2397393.jpg\",\"articleSection\":[\"D\u00fcnya\"],\"inLanguage\":\"tr\",\"potentialAction\":[{\"@type\":\"CommentAction\",\"name\":\"Comment\",\"target\":[\"https:\\\/\\\/kuzeyinsesi.org\\\/index.php\\\/2025\\\/09\\\/13\\\/mavi-gozler-aslinda-neden-mavi-degil\\\/#respond\"]}]},{\"@type\":\"WebPage\",\"@id\":\"https:\\\/\\\/kuzeyinsesi.org\\\/index.php\\\/2025\\\/09\\\/13\\\/mavi-gozler-aslinda-neden-mavi-degil\\\/\",\"url\":\"https:\\\/\\\/kuzeyinsesi.org\\\/index.php\\\/2025\\\/09\\\/13\\\/mavi-gozler-aslinda-neden-mavi-degil\\\/\",\"name\":\"Mavi g\u00f6zler asl\u0131nda neden mavi de\u011fil? - Kuzeyin Sesi\",\"isPartOf\":{\"@id\":\"https:\\\/\\\/kuzeyinsesi.org\\\/#website\"},\"primaryImageOfPage\":{\"@id\":\"https:\\\/\\\/kuzeyinsesi.org\\\/index.php\\\/2025\\\/09\\\/13\\\/mavi-gozler-aslinda-neden-mavi-degil\\\/#primaryimage\"},\"image\":{\"@id\":\"https:\\\/\\\/kuzeyinsesi.org\\\/index.php\\\/2025\\\/09\\\/13\\\/mavi-gozler-aslinda-neden-mavi-degil\\\/#primaryimage\"},\"thumbnailUrl\":\"https:\\\/\\\/kuzeyinsesi.org\\\/wp-content\\\/uploads\\\/2025\\\/09\\\/goz-2397393.jpg\",\"datePublished\":\"2025-09-13T12:06:25+00:00\",\"author\":{\"@id\":\"https:\\\/\\\/kuzeyinsesi.org\\\/#\\\/schema\\\/person\\\/9f859689cdf01485597712386e37f5aa\"},\"breadcrumb\":{\"@id\":\"https:\\\/\\\/kuzeyinsesi.org\\\/index.php\\\/2025\\\/09\\\/13\\\/mavi-gozler-aslinda-neden-mavi-degil\\\/#breadcrumb\"},\"inLanguage\":\"tr\",\"potentialAction\":[{\"@type\":\"ReadAction\",\"target\":[\"https:\\\/\\\/kuzeyinsesi.org\\\/index.php\\\/2025\\\/09\\\/13\\\/mavi-gozler-aslinda-neden-mavi-degil\\\/\"]}]},{\"@type\":\"ImageObject\",\"inLanguage\":\"tr\",\"@id\":\"https:\\\/\\\/kuzeyinsesi.org\\\/index.php\\\/2025\\\/09\\\/13\\\/mavi-gozler-aslinda-neden-mavi-degil\\\/#primaryimage\",\"url\":\"https:\\\/\\\/kuzeyinsesi.org\\\/wp-content\\\/uploads\\\/2025\\\/09\\\/goz-2397393.jpg\",\"contentUrl\":\"https:\\\/\\\/kuzeyinsesi.org\\\/wp-content\\\/uploads\\\/2025\\\/09\\\/goz-2397393.jpg\",\"width\":1280,\"height\":720},{\"@type\":\"BreadcrumbList\",\"@id\":\"https:\\\/\\\/kuzeyinsesi.org\\\/index.php\\\/2025\\\/09\\\/13\\\/mavi-gozler-aslinda-neden-mavi-degil\\\/#breadcrumb\",\"itemListElement\":[{\"@type\":\"ListItem\",\"position\":1,\"name\":\"Anasayfa\",\"item\":\"https:\\\/\\\/kuzeyinsesi.org\\\/\"},{\"@type\":\"ListItem\",\"position\":2,\"name\":\"Mavi g\u00f6zler asl\u0131nda neden mavi de\u011fil?\"}]},{\"@type\":\"WebSite\",\"@id\":\"https:\\\/\\\/kuzeyinsesi.org\\\/#website\",\"url\":\"https:\\\/\\\/kuzeyinsesi.org\\\/\",\"name\":\"Kuzeyin Sesi\",\"description\":\"Do\u011fru Haberin Adresi\",\"potentialAction\":[{\"@type\":\"SearchAction\",\"target\":{\"@type\":\"EntryPoint\",\"urlTemplate\":\"https:\\\/\\\/kuzeyinsesi.org\\\/?s={search_term_string}\"},\"query-input\":{\"@type\":\"PropertyValueSpecification\",\"valueRequired\":true,\"valueName\":\"search_term_string\"}}],\"inLanguage\":\"tr\"},{\"@type\":\"Person\",\"@id\":\"https:\\\/\\\/kuzeyinsesi.org\\\/#\\\/schema\\\/person\\\/9f859689cdf01485597712386e37f5aa\",\"name\":\"Kuzeyin Sesi\",\"image\":{\"@type\":\"ImageObject\",\"inLanguage\":\"tr\",\"@id\":\"https:\\\/\\\/secure.gravatar.com\\\/avatar\\\/bab33852abfd8b282518d6ed81826833d77c3c882d9ab608add591ccace47a44?s=96&d=mm&r=g\",\"url\":\"https:\\\/\\\/secure.gravatar.com\\\/avatar\\\/bab33852abfd8b282518d6ed81826833d77c3c882d9ab608add591ccace47a44?s=96&d=mm&r=g\",\"contentUrl\":\"https:\\\/\\\/secure.gravatar.com\\\/avatar\\\/bab33852abfd8b282518d6ed81826833d77c3c882d9ab608add591ccace47a44?s=96&d=mm&r=g\",\"caption\":\"Kuzeyin Sesi\"},\"sameAs\":[\"https:\\\/\\\/kuzeyinsesi.org\"],\"url\":\"https:\\\/\\\/kuzeyinsesi.org\\\/index.php\\\/author\\\/guven\\\/\"}]}<\/script>\n<!-- \/ Yoast SEO plugin. -->","yoast_head_json":{"title":"Mavi g\u00f6zler asl\u0131nda neden mavi de\u011fil? - Kuzeyin Sesi","robots":{"index":"index","follow":"follow","max-snippet":"max-snippet:-1","max-image-preview":"max-image-preview:large","max-video-preview":"max-video-preview:-1"},"canonical":"https:\/\/kuzeyinsesi.org\/index.php\/2025\/09\/13\/mavi-gozler-aslinda-neden-mavi-degil\/","og_locale":"tr_TR","og_type":"article","og_title":"Mavi g\u00f6zler asl\u0131nda neden mavi de\u011fil? - Kuzeyin Sesi","og_description":"&#13; Peki bu renk farkl\u0131l\u0131klar\u0131n\u0131n arkas\u0131nda ne yat\u0131yor? Cevap, g\u00f6z bebe\u011fini \u00e7evreleyen renkli doku halkas\u0131 olan iriste gizli. Burada, melanin ad\u0131 verilen bir pigment neredeyse t\u00fcm i\u015fi yap\u0131yor. Kahverengi g\u00f6zler, \u0131\u015f\u0131\u011f\u0131 emen y\u00fcksek oranda melanin i\u00e7erir ve bu koyu g\u00f6r\u00fcn\u00fcm\u00fc olu\u015fturur. Mavi g\u00f6zlerde ise \u00e7ok az melanin bulunur. Renkleri, pigmentten de\u011fil, irisin i\u00e7inde \u0131\u015f\u0131\u011f\u0131n sa\u00e7\u0131lmas\u0131yla [&hellip;]","og_url":"https:\/\/kuzeyinsesi.org\/index.php\/2025\/09\/13\/mavi-gozler-aslinda-neden-mavi-degil\/","og_site_name":"Kuzeyin Sesi","article_publisher":"https:\/\/www.facebook.com\/kuzeyinsesii","article_published_time":"2025-09-13T12:06:25+00:00","og_image":[{"url":"https:\/\/trthaberstatic.cdn.wp.trt.com.tr\/resimler\/2396000\/goz-2397393.jpg","type":"","width":"","height":""}],"author":"Kuzeyin Sesi","twitter_card":"summary_large_image","twitter_creator":"@kuzeyinsesii","twitter_site":"@kuzeyinsesii","twitter_misc":{"Yazan:":"Kuzeyin Sesi","Tahmini okuma s\u00fcresi":"3 dakika"},"schema":{"@context":"https:\/\/schema.org","@graph":[{"@type":"Article","@id":"https:\/\/kuzeyinsesi.org\/index.php\/2025\/09\/13\/mavi-gozler-aslinda-neden-mavi-degil\/#article","isPartOf":{"@id":"https:\/\/kuzeyinsesi.org\/index.php\/2025\/09\/13\/mavi-gozler-aslinda-neden-mavi-degil\/"},"author":{"name":"Kuzeyin Sesi","@id":"https:\/\/kuzeyinsesi.org\/#\/schema\/person\/9f859689cdf01485597712386e37f5aa"},"headline":"Mavi g\u00f6zler asl\u0131nda neden mavi de\u011fil?","datePublished":"2025-09-13T12:06:25+00:00","mainEntityOfPage":{"@id":"https:\/\/kuzeyinsesi.org\/index.php\/2025\/09\/13\/mavi-gozler-aslinda-neden-mavi-degil\/"},"wordCount":531,"commentCount":0,"image":{"@id":"https:\/\/kuzeyinsesi.org\/index.php\/2025\/09\/13\/mavi-gozler-aslinda-neden-mavi-degil\/#primaryimage"},"thumbnailUrl":"https:\/\/kuzeyinsesi.org\/wp-content\/uploads\/2025\/09\/goz-2397393.jpg","articleSection":["D\u00fcnya"],"inLanguage":"tr","potentialAction":[{"@type":"CommentAction","name":"Comment","target":["https:\/\/kuzeyinsesi.org\/index.php\/2025\/09\/13\/mavi-gozler-aslinda-neden-mavi-degil\/#respond"]}]},{"@type":"WebPage","@id":"https:\/\/kuzeyinsesi.org\/index.php\/2025\/09\/13\/mavi-gozler-aslinda-neden-mavi-degil\/","url":"https:\/\/kuzeyinsesi.org\/index.php\/2025\/09\/13\/mavi-gozler-aslinda-neden-mavi-degil\/","name":"Mavi g\u00f6zler asl\u0131nda neden mavi de\u011fil? - Kuzeyin Sesi","isPartOf":{"@id":"https:\/\/kuzeyinsesi.org\/#website"},"primaryImageOfPage":{"@id":"https:\/\/kuzeyinsesi.org\/index.php\/2025\/09\/13\/mavi-gozler-aslinda-neden-mavi-degil\/#primaryimage"},"image":{"@id":"https:\/\/kuzeyinsesi.org\/index.php\/2025\/09\/13\/mavi-gozler-aslinda-neden-mavi-degil\/#primaryimage"},"thumbnailUrl":"https:\/\/kuzeyinsesi.org\/wp-content\/uploads\/2025\/09\/goz-2397393.jpg","datePublished":"2025-09-13T12:06:25+00:00","author":{"@id":"https:\/\/kuzeyinsesi.org\/#\/schema\/person\/9f859689cdf01485597712386e37f5aa"},"breadcrumb":{"@id":"https:\/\/kuzeyinsesi.org\/index.php\/2025\/09\/13\/mavi-gozler-aslinda-neden-mavi-degil\/#breadcrumb"},"inLanguage":"tr","potentialAction":[{"@type":"ReadAction","target":["https:\/\/kuzeyinsesi.org\/index.php\/2025\/09\/13\/mavi-gozler-aslinda-neden-mavi-degil\/"]}]},{"@type":"ImageObject","inLanguage":"tr","@id":"https:\/\/kuzeyinsesi.org\/index.php\/2025\/09\/13\/mavi-gozler-aslinda-neden-mavi-degil\/#primaryimage","url":"https:\/\/kuzeyinsesi.org\/wp-content\/uploads\/2025\/09\/goz-2397393.jpg","contentUrl":"https:\/\/kuzeyinsesi.org\/wp-content\/uploads\/2025\/09\/goz-2397393.jpg","width":1280,"height":720},{"@type":"BreadcrumbList","@id":"https:\/\/kuzeyinsesi.org\/index.php\/2025\/09\/13\/mavi-gozler-aslinda-neden-mavi-degil\/#breadcrumb","itemListElement":[{"@type":"ListItem","position":1,"name":"Anasayfa","item":"https:\/\/kuzeyinsesi.org\/"},{"@type":"ListItem","position":2,"name":"Mavi g\u00f6zler asl\u0131nda neden mavi de\u011fil?"}]},{"@type":"WebSite","@id":"https:\/\/kuzeyinsesi.org\/#website","url":"https:\/\/kuzeyinsesi.org\/","name":"Kuzeyin Sesi","description":"Do\u011fru Haberin Adresi","potentialAction":[{"@type":"SearchAction","target":{"@type":"EntryPoint","urlTemplate":"https:\/\/kuzeyinsesi.org\/?s={search_term_string}"},"query-input":{"@type":"PropertyValueSpecification","valueRequired":true,"valueName":"search_term_string"}}],"inLanguage":"tr"},{"@type":"Person","@id":"https:\/\/kuzeyinsesi.org\/#\/schema\/person\/9f859689cdf01485597712386e37f5aa","name":"Kuzeyin Sesi","image":{"@type":"ImageObject","inLanguage":"tr","@id":"https:\/\/secure.gravatar.com\/avatar\/bab33852abfd8b282518d6ed81826833d77c3c882d9ab608add591ccace47a44?s=96&d=mm&r=g","url":"https:\/\/secure.gravatar.com\/avatar\/bab33852abfd8b282518d6ed81826833d77c3c882d9ab608add591ccace47a44?s=96&d=mm&r=g","contentUrl":"https:\/\/secure.gravatar.com\/avatar\/bab33852abfd8b282518d6ed81826833d77c3c882d9ab608add591ccace47a44?s=96&d=mm&r=g","caption":"Kuzeyin Sesi"},"sameAs":["https:\/\/kuzeyinsesi.org"],"url":"https:\/\/kuzeyinsesi.org\/index.php\/author\/guven\/"}]}},"_links":{"self":[{"href":"https:\/\/kuzeyinsesi.org\/index.php\/wp-json\/wp\/v2\/posts\/31645","targetHints":{"allow":["GET"]}}],"collection":[{"href":"https:\/\/kuzeyinsesi.org\/index.php\/wp-json\/wp\/v2\/posts"}],"about":[{"href":"https:\/\/kuzeyinsesi.org\/index.php\/wp-json\/wp\/v2\/types\/post"}],"author":[{"embeddable":true,"href":"https:\/\/kuzeyinsesi.org\/index.php\/wp-json\/wp\/v2\/users\/1"}],"replies":[{"embeddable":true,"href":"https:\/\/kuzeyinsesi.org\/index.php\/wp-json\/wp\/v2\/comments?post=31645"}],"version-history":[{"count":0,"href":"https:\/\/kuzeyinsesi.org\/index.php\/wp-json\/wp\/v2\/posts\/31645\/revisions"}],"wp:featuredmedia":[{"embeddable":true,"href":"https:\/\/kuzeyinsesi.org\/index.php\/wp-json\/wp\/v2\/media\/31646"}],"wp:attachment":[{"href":"https:\/\/kuzeyinsesi.org\/index.php\/wp-json\/wp\/v2\/media?parent=31645"}],"wp:term":[{"taxonomy":"category","embeddable":true,"href":"https:\/\/kuzeyinsesi.org\/index.php\/wp-json\/wp\/v2\/categories?post=31645"},{"taxonomy":"post_tag","embeddable":true,"href":"https:\/\/kuzeyinsesi.org\/index.php\/wp-json\/wp\/v2\/tags?post=31645"}],"curies":[{"name":"wp","href":"https:\/\/api.w.org\/{rel}","templated":true}]}}