{"id":31640,"date":"2025-09-13T13:02:19","date_gmt":"2025-09-13T10:02:19","guid":{"rendered":"https:\/\/kuzeyinsesi.org\/index.php\/2025\/09\/13\/nato-dogu-kanadinin-savunmasini-guclendiriyor\/"},"modified":"2025-09-13T13:02:19","modified_gmt":"2025-09-13T10:02:19","slug":"nato-dogu-kanadinin-savunmasini-guclendiriyor","status":"publish","type":"post","link":"https:\/\/kuzeyinsesi.org\/index.php\/2025\/09\/13\/nato-dogu-kanadinin-savunmasini-guclendiriyor\/","title":{"rendered":"NATO, do\u011fu kanad\u0131n\u0131n savunmas\u0131n\u0131 g\u00fc\u00e7lendiriyor"},"content":{"rendered":"<p><\/p>\n<div>\n<p>&#13;<br \/>\n\tRutte, Br\u00fcksel&#8217;deki karargahta Avrupa M\u00fcttefik Y\u00fcksek Komutan\u0131 (SACEUR) Orgeneral Alexus G. Grynkewich ile ortak bas\u0131n toplant\u0131s\u0131 d\u00fczenledi.<\/p>\n<p>&#13;<br \/>\n\tRus insans\u0131z hava ara\u00e7lar\u0131n\u0131n (\u0130HA), 9 Eyl\u00fcl\u2019\u00fc 10 Eyl\u00fcl\u2019e ba\u011flayan gece Polonya\u2019n\u0131n hava sahas\u0131na girmesi \u00fczerine <a href=\"https:\/\/www.trthaber.com\/etiket\/nato\/\" target=\"_blank\">NATO<\/a> ve Polonya\u2019n\u0131n hava savunma sistemlerinin kar\u015f\u0131l\u0131k verdi\u011fini belirten Rutte &#8220;Ya\u015fananlar m\u00fcnferit bir olay de\u011fildi. Rusya&#8217;n\u0131n do\u011fu kanad\u0131m\u0131zdaki hava sald\u0131r\u0131lar\u0131ndaki pervas\u0131zl\u0131\u011f\u0131 giderek art\u0131yor. Romanya, Estonya, Letonya ve Litvanya&#8217;da hava saham\u0131z\u0131 ihlal eden \u0130HA&#8217;lar g\u00f6rd\u00fck. \u0130ster kas\u0131tl\u0131 ister kas\u0131ts\u0131z olsun, bu tehlikeli ve kabul edilemez.&#8221; dedi.<\/p>\n<p>&#13;<br \/>\n\tRutte, NATO&#8217;nun kurulu\u015f antla\u015fmas\u0131n\u0131n 4. maddesi uyar\u0131nca olay\u0131n isti\u015fare edilmesi talebi \u00fczerine ertesi g\u00fcn bu konuyu m\u00fcttefik \u00fclkelerle g\u00f6r\u00fc\u015ft\u00fcklerini vurgulayarak, &#8220;NATO, do\u011fu kanad\u0131m\u0131zdaki duru\u015fumuzu daha da g\u00fc\u00e7lendirmek i\u00e7in Do\u011fu G\u00f6zc\u00fcs\u00fc&#8217;n\u00fc ba\u015flat\u0131yor. \u0130lerleyen g\u00fcnlerde ba\u015flayacak olan bu askeri faaliyet, Danimarka, Fransa, \u0130ngiltere, <a href=\"https:\/\/www.trthaber.com\/etiket\/almanya\/\" target=\"_blank\">Almanya<\/a> ve di\u011ferleri de dahil olmak \u00fczere m\u00fcttefiklerden gelen \u00e7e\u015fitli unsurlar\u0131 i\u00e7erecek. Daha geleneksel askeri yeteneklerin yan\u0131 s\u0131ra bu giri\u015fim, \u0130HA&#8217;lar\u0131n kullan\u0131m\u0131yla ilgili \u00f6zel zorluklar\u0131 ele almak \u00fczere tasarlanm\u0131\u015f unsurlar da i\u00e7erecek.&#8221; diye konu\u015ftu.<\/p>\n<h2>&#13;<br \/>\n\tDo\u011fu kanad\u0131ndaki savunma stratejisinde k\u00f6kl\u00fc de\u011fi\u015fiklik<\/h2>\n<p>&#13;<br \/>\n\tOrgeneral Grynkewich de bu giri\u015fimi &#8220;tamamen yeni bir savunma tasar\u0131m\u0131&#8221; olarak tan\u0131mlayarak, &#8220;Daha \u00f6nce do\u011fu kanad\u0131nda kendimizi organize etme \u015feklimiz, farkl\u0131 noktalarda ayr\u0131 hava devriyeleri ve birka\u00e7 ayr\u0131 noktada kara tabanl\u0131 hava savunma sistemleri uygulamakt\u0131. Tehditleri g\u00f6rd\u00fck\u00e7e, her bir \u00fclkeyle ayr\u0131 ayr\u0131 \u00e7al\u0131\u015f\u0131yoruz. Bu, kapsaml\u0131 ve entegre bir yakla\u015f\u0131m olacak ve ek kaynaklarla, hattaki bo\u015fluklar\u0131 doldurabilece\u011fiz. Belirli bir tehdit an\u0131nda savunma yapmak i\u00e7in kuvvetlerimizi ihtiya\u00e7 duydu\u011fumuz yerlere yo\u011funla\u015ft\u0131rabilece\u011fiz. T\u00fcm do\u011fu kanad\u0131nda \u00e7ok daha iyi bir ileti\u015fim kuraca\u011f\u0131z, b\u00f6ylece bu savunmaya ger\u00e7ekten entegre bir yakla\u015f\u0131m olacak.&#8221; ifadelerini kulland\u0131.<\/p>\n<h2>&#13;<br \/>\n\tRusya&#8217;n\u0131n <a href=\"https:\/\/www.trthaber.com\/etiket\/polonya\/\" target=\"_blank\">Polonya<\/a> hava sahas\u0131n\u0131 ihlali<\/h2>\n<p>&#13;<br \/>\n\tPolonya Silahl\u0131 Kuvvetleri Operasyonel Komutanl\u0131\u011f\u0131, 10 Eyl\u00fcl&#8217;de yapt\u0131\u011f\u0131 a\u00e7\u0131klamada, Rusya&#8217;n\u0131n <a href=\"https:\/\/www.trthaber.com\/etiket\/ukrayna\/\" target=\"_blank\">Ukrayna<\/a> topraklar\u0131na y\u00f6nelik sald\u0131r\u0131s\u0131 s\u0131ras\u0131nda Polonya hava sahas\u0131nda &#8220;e\u015fi benzeri g\u00f6r\u00fclmemi\u015f&#8221; ihlallerin ya\u015fand\u0131\u011f\u0131n\u0131 bildirmi\u015fti.<\/p>\n<p>&#13;<br \/>\n\tPolonya, Rusya&#8217;n\u0131n Ukrayna&#8217;daki hedeflere d\u00fczenledi\u011fi sald\u0131r\u0131lar s\u0131ras\u0131nda hava sahas\u0131n\u0131 defalarca ihlal eden baz\u0131 \u0130HA&#8217;lar\u0131 d\u00fc\u015f\u00fcrd\u00fc\u011f\u00fcn\u00fc duyurmu\u015ftu.<\/p>\n<p>&#13;<br \/>\n\t<a href=\"https:\/\/www.trthaber.com\/etiket\/rusya\/\" target=\"_blank\">Rusya<\/a> Savunma Bakanl\u0131\u011f\u0131 taraf\u0131ndan yap\u0131lan a\u00e7\u0131klamada ise &#8220;Ukrayna&#8217;daki tesislere y\u00f6nelik yo\u011fun sald\u0131r\u0131lar kapsam\u0131nda Polonya topraklar\u0131ndaki tesisler hedef al\u0131nmam\u0131\u015ft\u0131r.&#8221; ifadesine yer verilmi\u015fti.<\/p>\n<p>&#13;<br \/>\n\tA\u00e7\u0131klamada, Rusya&#8217;n\u0131n olaya ili\u015fkin Polonya taraf\u0131yla isti\u015farelerde bulunmaya haz\u0131r oldu\u011fu belirtilmi\u015fti.<\/p>\n<\/p><\/div>\n","protected":false},"excerpt":{"rendered":"<p>&#13; Rutte, Br\u00fcksel&#8217;deki karargahta Avrupa M\u00fcttefik Y\u00fcksek Komutan\u0131 (SACEUR) Orgeneral Alexus G. Grynkewich ile ortak bas\u0131n toplant\u0131s\u0131 d\u00fczenledi. &#13; Rus insans\u0131z hava ara\u00e7lar\u0131n\u0131n (\u0130HA), 9 Eyl\u00fcl\u2019\u00fc 10 Eyl\u00fcl\u2019e ba\u011flayan gece Polonya\u2019n\u0131n hava sahas\u0131na girmesi \u00fczerine NATO ve Polonya\u2019n\u0131n hava savunma sistemlerinin kar\u015f\u0131l\u0131k verdi\u011fini belirten Rutte &#8220;Ya\u015fananlar m\u00fcnferit bir olay de\u011fildi. Rusya&#8217;n\u0131n do\u011fu kanad\u0131m\u0131zdaki hava sald\u0131r\u0131lar\u0131ndaki [&hellip;]<\/p>\n","protected":false},"author":1,"featured_media":30334,"comment_status":"open","ping_status":"open","sticky":false,"template":"","format":"standard","meta":{"jnews-multi-image_gallery":[],"jnews_single_post":[],"jnews_primary_category":[],"jnews_social_meta":[],"jnews_override_counter":[],"footnotes":""},"categories":[2],"tags":[],"class_list":["post-31640","post","type-post","status-publish","format-standard","has-post-thumbnail","hentry","category-dunya"],"yoast_head":"<!-- This site is optimized with the Yoast SEO plugin v27.5 - https:\/\/yoast.com\/product\/yoast-seo-wordpress\/ -->\n<title>NATO, do\u011fu kanad\u0131n\u0131n savunmas\u0131n\u0131 g\u00fc\u00e7lendiriyor - Kuzeyin Sesi<\/title>\n<meta name=\"robots\" content=\"index, follow, max-snippet:-1, max-image-preview:large, max-video-preview:-1\" \/>\n<link rel=\"canonical\" href=\"https:\/\/kuzeyinsesi.org\/index.php\/2025\/09\/13\/nato-dogu-kanadinin-savunmasini-guclendiriyor\/\" \/>\n<meta property=\"og:locale\" content=\"tr_TR\" \/>\n<meta property=\"og:type\" content=\"article\" \/>\n<meta property=\"og:title\" content=\"NATO, do\u011fu kanad\u0131n\u0131n savunmas\u0131n\u0131 g\u00fc\u00e7lendiriyor - Kuzeyin Sesi\" \/>\n<meta property=\"og:description\" content=\"&#013; Rutte, Br\u00fcksel&#8217;deki karargahta Avrupa M\u00fcttefik Y\u00fcksek Komutan\u0131 (SACEUR) Orgeneral Alexus G. Grynkewich ile ortak bas\u0131n toplant\u0131s\u0131 d\u00fczenledi. &#013; Rus insans\u0131z hava ara\u00e7lar\u0131n\u0131n (\u0130HA), 9 Eyl\u00fcl\u2019\u00fc 10 Eyl\u00fcl\u2019e ba\u011flayan gece Polonya\u2019n\u0131n hava sahas\u0131na girmesi \u00fczerine NATO ve Polonya\u2019n\u0131n hava savunma sistemlerinin kar\u015f\u0131l\u0131k verdi\u011fini belirten Rutte &#8220;Ya\u015fananlar m\u00fcnferit bir olay de\u011fildi. Rusya&#8217;n\u0131n do\u011fu kanad\u0131m\u0131zdaki hava sald\u0131r\u0131lar\u0131ndaki [&hellip;]\" \/>\n<meta property=\"og:url\" content=\"https:\/\/kuzeyinsesi.org\/index.php\/2025\/09\/13\/nato-dogu-kanadinin-savunmasini-guclendiriyor\/\" \/>\n<meta property=\"og:site_name\" content=\"Kuzeyin Sesi\" \/>\n<meta property=\"article:publisher\" content=\"https:\/\/www.facebook.com\/kuzeyinsesii\" \/>\n<meta property=\"article:published_time\" content=\"2025-09-13T10:02:19+00:00\" \/>\n<meta property=\"og:image\" content=\"https:\/\/trthaberstatic.cdn.wp.trt.com.tr\/resimler\/2324000\/mark-rutte-re-2324553.jpg\" \/>\n<meta name=\"author\" content=\"Kuzeyin Sesi\" \/>\n<meta name=\"twitter:card\" content=\"summary_large_image\" \/>\n<meta name=\"twitter:creator\" content=\"@kuzeyinsesii\" \/>\n<meta name=\"twitter:site\" content=\"@kuzeyinsesii\" \/>\n<meta name=\"twitter:label1\" content=\"Yazan:\" \/>\n\t<meta name=\"twitter:data1\" content=\"Kuzeyin Sesi\" \/>\n\t<meta name=\"twitter:label2\" content=\"Tahmini okuma s\u00fcresi\" \/>\n\t<meta name=\"twitter:data2\" content=\"2 dakika\" \/>\n<script type=\"application\/ld+json\" class=\"yoast-schema-graph\">{\"@context\":\"https:\\\/\\\/schema.org\",\"@graph\":[{\"@type\":\"Article\",\"@id\":\"https:\\\/\\\/kuzeyinsesi.org\\\/index.php\\\/2025\\\/09\\\/13\\\/nato-dogu-kanadinin-savunmasini-guclendiriyor\\\/#article\",\"isPartOf\":{\"@id\":\"https:\\\/\\\/kuzeyinsesi.org\\\/index.php\\\/2025\\\/09\\\/13\\\/nato-dogu-kanadinin-savunmasini-guclendiriyor\\\/\"},\"author\":{\"name\":\"Kuzeyin Sesi\",\"@id\":\"https:\\\/\\\/kuzeyinsesi.org\\\/#\\\/schema\\\/person\\\/9f859689cdf01485597712386e37f5aa\"},\"headline\":\"NATO, do\u011fu kanad\u0131n\u0131n savunmas\u0131n\u0131 g\u00fc\u00e7lendiriyor\",\"datePublished\":\"2025-09-13T10:02:19+00:00\",\"mainEntityOfPage\":{\"@id\":\"https:\\\/\\\/kuzeyinsesi.org\\\/index.php\\\/2025\\\/09\\\/13\\\/nato-dogu-kanadinin-savunmasini-guclendiriyor\\\/\"},\"wordCount\":501,\"commentCount\":0,\"image\":{\"@id\":\"https:\\\/\\\/kuzeyinsesi.org\\\/index.php\\\/2025\\\/09\\\/13\\\/nato-dogu-kanadinin-savunmasini-guclendiriyor\\\/#primaryimage\"},\"thumbnailUrl\":\"https:\\\/\\\/kuzeyinsesi.org\\\/wp-content\\\/uploads\\\/2025\\\/08\\\/mark-rutte-re-2324553.jpg\",\"articleSection\":[\"D\u00fcnya\"],\"inLanguage\":\"tr\",\"potentialAction\":[{\"@type\":\"CommentAction\",\"name\":\"Comment\",\"target\":[\"https:\\\/\\\/kuzeyinsesi.org\\\/index.php\\\/2025\\\/09\\\/13\\\/nato-dogu-kanadinin-savunmasini-guclendiriyor\\\/#respond\"]}]},{\"@type\":\"WebPage\",\"@id\":\"https:\\\/\\\/kuzeyinsesi.org\\\/index.php\\\/2025\\\/09\\\/13\\\/nato-dogu-kanadinin-savunmasini-guclendiriyor\\\/\",\"url\":\"https:\\\/\\\/kuzeyinsesi.org\\\/index.php\\\/2025\\\/09\\\/13\\\/nato-dogu-kanadinin-savunmasini-guclendiriyor\\\/\",\"name\":\"NATO, do\u011fu kanad\u0131n\u0131n savunmas\u0131n\u0131 g\u00fc\u00e7lendiriyor - Kuzeyin Sesi\",\"isPartOf\":{\"@id\":\"https:\\\/\\\/kuzeyinsesi.org\\\/#website\"},\"primaryImageOfPage\":{\"@id\":\"https:\\\/\\\/kuzeyinsesi.org\\\/index.php\\\/2025\\\/09\\\/13\\\/nato-dogu-kanadinin-savunmasini-guclendiriyor\\\/#primaryimage\"},\"image\":{\"@id\":\"https:\\\/\\\/kuzeyinsesi.org\\\/index.php\\\/2025\\\/09\\\/13\\\/nato-dogu-kanadinin-savunmasini-guclendiriyor\\\/#primaryimage\"},\"thumbnailUrl\":\"https:\\\/\\\/kuzeyinsesi.org\\\/wp-content\\\/uploads\\\/2025\\\/08\\\/mark-rutte-re-2324553.jpg\",\"datePublished\":\"2025-09-13T10:02:19+00:00\",\"author\":{\"@id\":\"https:\\\/\\\/kuzeyinsesi.org\\\/#\\\/schema\\\/person\\\/9f859689cdf01485597712386e37f5aa\"},\"breadcrumb\":{\"@id\":\"https:\\\/\\\/kuzeyinsesi.org\\\/index.php\\\/2025\\\/09\\\/13\\\/nato-dogu-kanadinin-savunmasini-guclendiriyor\\\/#breadcrumb\"},\"inLanguage\":\"tr\",\"potentialAction\":[{\"@type\":\"ReadAction\",\"target\":[\"https:\\\/\\\/kuzeyinsesi.org\\\/index.php\\\/2025\\\/09\\\/13\\\/nato-dogu-kanadinin-savunmasini-guclendiriyor\\\/\"]}]},{\"@type\":\"ImageObject\",\"inLanguage\":\"tr\",\"@id\":\"https:\\\/\\\/kuzeyinsesi.org\\\/index.php\\\/2025\\\/09\\\/13\\\/nato-dogu-kanadinin-savunmasini-guclendiriyor\\\/#primaryimage\",\"url\":\"https:\\\/\\\/kuzeyinsesi.org\\\/wp-content\\\/uploads\\\/2025\\\/08\\\/mark-rutte-re-2324553.jpg\",\"contentUrl\":\"https:\\\/\\\/kuzeyinsesi.org\\\/wp-content\\\/uploads\\\/2025\\\/08\\\/mark-rutte-re-2324553.jpg\",\"width\":1280,\"height\":720},{\"@type\":\"BreadcrumbList\",\"@id\":\"https:\\\/\\\/kuzeyinsesi.org\\\/index.php\\\/2025\\\/09\\\/13\\\/nato-dogu-kanadinin-savunmasini-guclendiriyor\\\/#breadcrumb\",\"itemListElement\":[{\"@type\":\"ListItem\",\"position\":1,\"name\":\"Anasayfa\",\"item\":\"https:\\\/\\\/kuzeyinsesi.org\\\/\"},{\"@type\":\"ListItem\",\"position\":2,\"name\":\"NATO, do\u011fu kanad\u0131n\u0131n savunmas\u0131n\u0131 g\u00fc\u00e7lendiriyor\"}]},{\"@type\":\"WebSite\",\"@id\":\"https:\\\/\\\/kuzeyinsesi.org\\\/#website\",\"url\":\"https:\\\/\\\/kuzeyinsesi.org\\\/\",\"name\":\"Kuzeyin Sesi\",\"description\":\"Do\u011fru Haberin Adresi\",\"potentialAction\":[{\"@type\":\"SearchAction\",\"target\":{\"@type\":\"EntryPoint\",\"urlTemplate\":\"https:\\\/\\\/kuzeyinsesi.org\\\/?s={search_term_string}\"},\"query-input\":{\"@type\":\"PropertyValueSpecification\",\"valueRequired\":true,\"valueName\":\"search_term_string\"}}],\"inLanguage\":\"tr\"},{\"@type\":\"Person\",\"@id\":\"https:\\\/\\\/kuzeyinsesi.org\\\/#\\\/schema\\\/person\\\/9f859689cdf01485597712386e37f5aa\",\"name\":\"Kuzeyin Sesi\",\"image\":{\"@type\":\"ImageObject\",\"inLanguage\":\"tr\",\"@id\":\"https:\\\/\\\/secure.gravatar.com\\\/avatar\\\/bab33852abfd8b282518d6ed81826833d77c3c882d9ab608add591ccace47a44?s=96&d=mm&r=g\",\"url\":\"https:\\\/\\\/secure.gravatar.com\\\/avatar\\\/bab33852abfd8b282518d6ed81826833d77c3c882d9ab608add591ccace47a44?s=96&d=mm&r=g\",\"contentUrl\":\"https:\\\/\\\/secure.gravatar.com\\\/avatar\\\/bab33852abfd8b282518d6ed81826833d77c3c882d9ab608add591ccace47a44?s=96&d=mm&r=g\",\"caption\":\"Kuzeyin Sesi\"},\"sameAs\":[\"https:\\\/\\\/kuzeyinsesi.org\"],\"url\":\"https:\\\/\\\/kuzeyinsesi.org\\\/index.php\\\/author\\\/guven\\\/\"}]}<\/script>\n<!-- \/ Yoast SEO plugin. -->","yoast_head_json":{"title":"NATO, do\u011fu kanad\u0131n\u0131n savunmas\u0131n\u0131 g\u00fc\u00e7lendiriyor - Kuzeyin Sesi","robots":{"index":"index","follow":"follow","max-snippet":"max-snippet:-1","max-image-preview":"max-image-preview:large","max-video-preview":"max-video-preview:-1"},"canonical":"https:\/\/kuzeyinsesi.org\/index.php\/2025\/09\/13\/nato-dogu-kanadinin-savunmasini-guclendiriyor\/","og_locale":"tr_TR","og_type":"article","og_title":"NATO, do\u011fu kanad\u0131n\u0131n savunmas\u0131n\u0131 g\u00fc\u00e7lendiriyor - Kuzeyin Sesi","og_description":"&#13; Rutte, Br\u00fcksel&#8217;deki karargahta Avrupa M\u00fcttefik Y\u00fcksek Komutan\u0131 (SACEUR) Orgeneral Alexus G. Grynkewich ile ortak bas\u0131n toplant\u0131s\u0131 d\u00fczenledi. &#13; Rus insans\u0131z hava ara\u00e7lar\u0131n\u0131n (\u0130HA), 9 Eyl\u00fcl\u2019\u00fc 10 Eyl\u00fcl\u2019e ba\u011flayan gece Polonya\u2019n\u0131n hava sahas\u0131na girmesi \u00fczerine NATO ve Polonya\u2019n\u0131n hava savunma sistemlerinin kar\u015f\u0131l\u0131k verdi\u011fini belirten Rutte &#8220;Ya\u015fananlar m\u00fcnferit bir olay de\u011fildi. Rusya&#8217;n\u0131n do\u011fu kanad\u0131m\u0131zdaki hava sald\u0131r\u0131lar\u0131ndaki [&hellip;]","og_url":"https:\/\/kuzeyinsesi.org\/index.php\/2025\/09\/13\/nato-dogu-kanadinin-savunmasini-guclendiriyor\/","og_site_name":"Kuzeyin Sesi","article_publisher":"https:\/\/www.facebook.com\/kuzeyinsesii","article_published_time":"2025-09-13T10:02:19+00:00","og_image":[{"url":"https:\/\/trthaberstatic.cdn.wp.trt.com.tr\/resimler\/2324000\/mark-rutte-re-2324553.jpg","type":"","width":"","height":""}],"author":"Kuzeyin Sesi","twitter_card":"summary_large_image","twitter_creator":"@kuzeyinsesii","twitter_site":"@kuzeyinsesii","twitter_misc":{"Yazan:":"Kuzeyin Sesi","Tahmini okuma s\u00fcresi":"2 dakika"},"schema":{"@context":"https:\/\/schema.org","@graph":[{"@type":"Article","@id":"https:\/\/kuzeyinsesi.org\/index.php\/2025\/09\/13\/nato-dogu-kanadinin-savunmasini-guclendiriyor\/#article","isPartOf":{"@id":"https:\/\/kuzeyinsesi.org\/index.php\/2025\/09\/13\/nato-dogu-kanadinin-savunmasini-guclendiriyor\/"},"author":{"name":"Kuzeyin Sesi","@id":"https:\/\/kuzeyinsesi.org\/#\/schema\/person\/9f859689cdf01485597712386e37f5aa"},"headline":"NATO, do\u011fu kanad\u0131n\u0131n savunmas\u0131n\u0131 g\u00fc\u00e7lendiriyor","datePublished":"2025-09-13T10:02:19+00:00","mainEntityOfPage":{"@id":"https:\/\/kuzeyinsesi.org\/index.php\/2025\/09\/13\/nato-dogu-kanadinin-savunmasini-guclendiriyor\/"},"wordCount":501,"commentCount":0,"image":{"@id":"https:\/\/kuzeyinsesi.org\/index.php\/2025\/09\/13\/nato-dogu-kanadinin-savunmasini-guclendiriyor\/#primaryimage"},"thumbnailUrl":"https:\/\/kuzeyinsesi.org\/wp-content\/uploads\/2025\/08\/mark-rutte-re-2324553.jpg","articleSection":["D\u00fcnya"],"inLanguage":"tr","potentialAction":[{"@type":"CommentAction","name":"Comment","target":["https:\/\/kuzeyinsesi.org\/index.php\/2025\/09\/13\/nato-dogu-kanadinin-savunmasini-guclendiriyor\/#respond"]}]},{"@type":"WebPage","@id":"https:\/\/kuzeyinsesi.org\/index.php\/2025\/09\/13\/nato-dogu-kanadinin-savunmasini-guclendiriyor\/","url":"https:\/\/kuzeyinsesi.org\/index.php\/2025\/09\/13\/nato-dogu-kanadinin-savunmasini-guclendiriyor\/","name":"NATO, do\u011fu kanad\u0131n\u0131n savunmas\u0131n\u0131 g\u00fc\u00e7lendiriyor - Kuzeyin Sesi","isPartOf":{"@id":"https:\/\/kuzeyinsesi.org\/#website"},"primaryImageOfPage":{"@id":"https:\/\/kuzeyinsesi.org\/index.php\/2025\/09\/13\/nato-dogu-kanadinin-savunmasini-guclendiriyor\/#primaryimage"},"image":{"@id":"https:\/\/kuzeyinsesi.org\/index.php\/2025\/09\/13\/nato-dogu-kanadinin-savunmasini-guclendiriyor\/#primaryimage"},"thumbnailUrl":"https:\/\/kuzeyinsesi.org\/wp-content\/uploads\/2025\/08\/mark-rutte-re-2324553.jpg","datePublished":"2025-09-13T10:02:19+00:00","author":{"@id":"https:\/\/kuzeyinsesi.org\/#\/schema\/person\/9f859689cdf01485597712386e37f5aa"},"breadcrumb":{"@id":"https:\/\/kuzeyinsesi.org\/index.php\/2025\/09\/13\/nato-dogu-kanadinin-savunmasini-guclendiriyor\/#breadcrumb"},"inLanguage":"tr","potentialAction":[{"@type":"ReadAction","target":["https:\/\/kuzeyinsesi.org\/index.php\/2025\/09\/13\/nato-dogu-kanadinin-savunmasini-guclendiriyor\/"]}]},{"@type":"ImageObject","inLanguage":"tr","@id":"https:\/\/kuzeyinsesi.org\/index.php\/2025\/09\/13\/nato-dogu-kanadinin-savunmasini-guclendiriyor\/#primaryimage","url":"https:\/\/kuzeyinsesi.org\/wp-content\/uploads\/2025\/08\/mark-rutte-re-2324553.jpg","contentUrl":"https:\/\/kuzeyinsesi.org\/wp-content\/uploads\/2025\/08\/mark-rutte-re-2324553.jpg","width":1280,"height":720},{"@type":"BreadcrumbList","@id":"https:\/\/kuzeyinsesi.org\/index.php\/2025\/09\/13\/nato-dogu-kanadinin-savunmasini-guclendiriyor\/#breadcrumb","itemListElement":[{"@type":"ListItem","position":1,"name":"Anasayfa","item":"https:\/\/kuzeyinsesi.org\/"},{"@type":"ListItem","position":2,"name":"NATO, do\u011fu kanad\u0131n\u0131n savunmas\u0131n\u0131 g\u00fc\u00e7lendiriyor"}]},{"@type":"WebSite","@id":"https:\/\/kuzeyinsesi.org\/#website","url":"https:\/\/kuzeyinsesi.org\/","name":"Kuzeyin Sesi","description":"Do\u011fru Haberin Adresi","potentialAction":[{"@type":"SearchAction","target":{"@type":"EntryPoint","urlTemplate":"https:\/\/kuzeyinsesi.org\/?s={search_term_string}"},"query-input":{"@type":"PropertyValueSpecification","valueRequired":true,"valueName":"search_term_string"}}],"inLanguage":"tr"},{"@type":"Person","@id":"https:\/\/kuzeyinsesi.org\/#\/schema\/person\/9f859689cdf01485597712386e37f5aa","name":"Kuzeyin Sesi","image":{"@type":"ImageObject","inLanguage":"tr","@id":"https:\/\/secure.gravatar.com\/avatar\/bab33852abfd8b282518d6ed81826833d77c3c882d9ab608add591ccace47a44?s=96&d=mm&r=g","url":"https:\/\/secure.gravatar.com\/avatar\/bab33852abfd8b282518d6ed81826833d77c3c882d9ab608add591ccace47a44?s=96&d=mm&r=g","contentUrl":"https:\/\/secure.gravatar.com\/avatar\/bab33852abfd8b282518d6ed81826833d77c3c882d9ab608add591ccace47a44?s=96&d=mm&r=g","caption":"Kuzeyin Sesi"},"sameAs":["https:\/\/kuzeyinsesi.org"],"url":"https:\/\/kuzeyinsesi.org\/index.php\/author\/guven\/"}]}},"_links":{"self":[{"href":"https:\/\/kuzeyinsesi.org\/index.php\/wp-json\/wp\/v2\/posts\/31640","targetHints":{"allow":["GET"]}}],"collection":[{"href":"https:\/\/kuzeyinsesi.org\/index.php\/wp-json\/wp\/v2\/posts"}],"about":[{"href":"https:\/\/kuzeyinsesi.org\/index.php\/wp-json\/wp\/v2\/types\/post"}],"author":[{"embeddable":true,"href":"https:\/\/kuzeyinsesi.org\/index.php\/wp-json\/wp\/v2\/users\/1"}],"replies":[{"embeddable":true,"href":"https:\/\/kuzeyinsesi.org\/index.php\/wp-json\/wp\/v2\/comments?post=31640"}],"version-history":[{"count":0,"href":"https:\/\/kuzeyinsesi.org\/index.php\/wp-json\/wp\/v2\/posts\/31640\/revisions"}],"wp:featuredmedia":[{"embeddable":true,"href":"https:\/\/kuzeyinsesi.org\/index.php\/wp-json\/wp\/v2\/media\/30334"}],"wp:attachment":[{"href":"https:\/\/kuzeyinsesi.org\/index.php\/wp-json\/wp\/v2\/media?parent=31640"}],"wp:term":[{"taxonomy":"category","embeddable":true,"href":"https:\/\/kuzeyinsesi.org\/index.php\/wp-json\/wp\/v2\/categories?post=31640"},{"taxonomy":"post_tag","embeddable":true,"href":"https:\/\/kuzeyinsesi.org\/index.php\/wp-json\/wp\/v2\/tags?post=31640"}],"curies":[{"name":"wp","href":"https:\/\/api.w.org\/{rel}","templated":true}]}}