{"id":3164,"date":"2024-05-22T17:34:02","date_gmt":"2024-05-22T14:34:02","guid":{"rendered":"https:\/\/kuzeyinsesi.com\/index.php\/2024\/05\/22\/karma-karisik-kitabi-cumartesi-gunu-tanitiliyor\/"},"modified":"2024-05-22T17:34:02","modified_gmt":"2024-05-22T14:34:02","slug":"karma-karisik-kitabi-cumartesi-gunu-tanitiliyor","status":"publish","type":"post","link":"https:\/\/kuzeyinsesi.org\/index.php\/2024\/05\/22\/karma-karisik-kitabi-cumartesi-gunu-tanitiliyor\/","title":{"rendered":"\u201cKarma Kar\u0131\u015f\u0131k\u201d kitab\u0131 Cumartesi g\u00fcn\u00fc tan\u0131t\u0131l\u0131yor"},"content":{"rendered":"<div>\n<div class=\"mariselle-image-container center\">\n                                            <\/div>\n<p> \u015eair Feray Karah\u00fcseyin ve \u015eair Fato\u015f Muhtaro\u011flu\u2019nun ikinci \u015fiir kitab\u0131 \u201cKarma Kar\u0131\u015f\u0131k\u201d, cumartesi g\u00fcn\u00fc tan\u0131t\u0131l\u0131yor.<\/p>\n<p>R\u00fcstem Kitabevi\u2019nde saat 11.00\u2019de \u015fairlerin d\u00fczenleyece\u011fi kitap tan\u0131t\u0131m ve imza etkinli\u011finde,  kitap tan\u0131t\u0131m\u0131, duygu ve d\u00fc\u015f\u00fcncelerin payla\u015f\u0131m\u0131 yan\u0131nda \u015fiir dinletisi de yer alacak.<\/p>\n<\/p><\/div>\n<p><script async\n                    defer\n                    crossorigin=\"anonymous\"\n                    src=\"https:\/\/connect.facebook.net\/tr_TR\/sdk.js#xfbml=1&#038;version=v3.3\"\n            ><\/script><\/p>\n","protected":false},"excerpt":{"rendered":"<p>\u015eair Feray Karah\u00fcseyin ve \u015eair Fato\u015f Muhtaro\u011flu\u2019nun ikinci \u015fiir kitab\u0131 \u201cKarma Kar\u0131\u015f\u0131k\u201d, cumartesi g\u00fcn\u00fc tan\u0131t\u0131l\u0131yor. R\u00fcstem Kitabevi\u2019nde saat 11.00\u2019de \u015fairlerin d\u00fczenleyece\u011fi kitap tan\u0131t\u0131m ve imza etkinli\u011finde, kitap tan\u0131t\u0131m\u0131, duygu ve d\u00fc\u015f\u00fcncelerin payla\u015f\u0131m\u0131 yan\u0131nda \u015fiir dinletisi de yer alacak.<\/p>\n","protected":false},"author":1,"featured_media":3165,"comment_status":"open","ping_status":"open","sticky":false,"template":"","format":"standard","meta":{"jnews-multi-image_gallery":[],"jnews_single_post":[],"jnews_primary_category":[],"jnews_social_meta":[],"jnews_override_counter":[],"footnotes":""},"categories":[6],"tags":[],"class_list":["post-3164","post","type-post","status-publish","format-standard","has-post-thumbnail","hentry","category-yasam"],"yoast_head":"<!-- This site is optimized with the Yoast SEO plugin v27.5 - https:\/\/yoast.com\/product\/yoast-seo-wordpress\/ -->\n<title>\u201cKarma Kar\u0131\u015f\u0131k\u201d kitab\u0131 Cumartesi g\u00fcn\u00fc tan\u0131t\u0131l\u0131yor - Kuzeyin Sesi<\/title>\n<meta name=\"robots\" content=\"index, follow, max-snippet:-1, max-image-preview:large, max-video-preview:-1\" \/>\n<link rel=\"canonical\" href=\"https:\/\/kuzeyinsesi.org\/index.php\/2024\/05\/22\/karma-karisik-kitabi-cumartesi-gunu-tanitiliyor\/\" \/>\n<meta property=\"og:locale\" content=\"tr_TR\" \/>\n<meta property=\"og:type\" content=\"article\" \/>\n<meta property=\"og:title\" content=\"\u201cKarma Kar\u0131\u015f\u0131k\u201d kitab\u0131 Cumartesi g\u00fcn\u00fc tan\u0131t\u0131l\u0131yor - Kuzeyin Sesi\" \/>\n<meta property=\"og:description\" content=\"\u015eair Feray Karah\u00fcseyin ve \u015eair Fato\u015f Muhtaro\u011flu\u2019nun ikinci \u015fiir kitab\u0131 \u201cKarma Kar\u0131\u015f\u0131k\u201d, cumartesi g\u00fcn\u00fc tan\u0131t\u0131l\u0131yor. R\u00fcstem Kitabevi\u2019nde saat 11.00\u2019de \u015fairlerin d\u00fczenleyece\u011fi kitap tan\u0131t\u0131m ve imza etkinli\u011finde, kitap tan\u0131t\u0131m\u0131, duygu ve d\u00fc\u015f\u00fcncelerin payla\u015f\u0131m\u0131 yan\u0131nda \u015fiir dinletisi de yer alacak.\" \/>\n<meta property=\"og:url\" content=\"https:\/\/kuzeyinsesi.org\/index.php\/2024\/05\/22\/karma-karisik-kitabi-cumartesi-gunu-tanitiliyor\/\" \/>\n<meta property=\"og:site_name\" content=\"Kuzeyin Sesi\" \/>\n<meta property=\"article:publisher\" content=\"https:\/\/www.facebook.com\/kuzeyinsesii\" \/>\n<meta property=\"article:published_time\" content=\"2024-05-22T14:34:02+00:00\" \/>\n<meta property=\"og:image\" content=\"https:\/\/kuzeyinsesi.org\/wp-content\/uploads\/2024\/05\/feray-karahuseyin-kitap-tanitim.jpg\" \/>\n\t<meta property=\"og:image:width\" content=\"1857\" \/>\n\t<meta property=\"og:image:height\" content=\"1489\" \/>\n\t<meta property=\"og:image:type\" content=\"image\/jpeg\" \/>\n<meta name=\"author\" content=\"Kuzeyin Sesi\" \/>\n<meta name=\"twitter:card\" content=\"summary_large_image\" \/>\n<meta name=\"twitter:creator\" content=\"@kuzeyinsesii\" \/>\n<meta name=\"twitter:site\" content=\"@kuzeyinsesii\" \/>\n<meta name=\"twitter:label1\" content=\"Yazan:\" \/>\n\t<meta name=\"twitter:data1\" content=\"Kuzeyin Sesi\" \/>\n<script type=\"application\/ld+json\" class=\"yoast-schema-graph\">{\"@context\":\"https:\\\/\\\/schema.org\",\"@graph\":[{\"@type\":\"Article\",\"@id\":\"https:\\\/\\\/kuzeyinsesi.org\\\/index.php\\\/2024\\\/05\\\/22\\\/karma-karisik-kitabi-cumartesi-gunu-tanitiliyor\\\/#article\",\"isPartOf\":{\"@id\":\"https:\\\/\\\/kuzeyinsesi.org\\\/index.php\\\/2024\\\/05\\\/22\\\/karma-karisik-kitabi-cumartesi-gunu-tanitiliyor\\\/\"},\"author\":{\"name\":\"Kuzeyin Sesi\",\"@id\":\"https:\\\/\\\/kuzeyinsesi.org\\\/#\\\/schema\\\/person\\\/9f859689cdf01485597712386e37f5aa\"},\"headline\":\"\u201cKarma Kar\u0131\u015f\u0131k\u201d kitab\u0131 Cumartesi g\u00fcn\u00fc tan\u0131t\u0131l\u0131yor\",\"datePublished\":\"2024-05-22T14:34:02+00:00\",\"mainEntityOfPage\":{\"@id\":\"https:\\\/\\\/kuzeyinsesi.org\\\/index.php\\\/2024\\\/05\\\/22\\\/karma-karisik-kitabi-cumartesi-gunu-tanitiliyor\\\/\"},\"wordCount\":69,\"commentCount\":0,\"image\":{\"@id\":\"https:\\\/\\\/kuzeyinsesi.org\\\/index.php\\\/2024\\\/05\\\/22\\\/karma-karisik-kitabi-cumartesi-gunu-tanitiliyor\\\/#primaryimage\"},\"thumbnailUrl\":\"https:\\\/\\\/kuzeyinsesi.org\\\/wp-content\\\/uploads\\\/2024\\\/05\\\/feray-karahuseyin-kitap-tanitim.jpg\",\"articleSection\":[\"Ya\u015fam\"],\"inLanguage\":\"tr\",\"potentialAction\":[{\"@type\":\"CommentAction\",\"name\":\"Comment\",\"target\":[\"https:\\\/\\\/kuzeyinsesi.org\\\/index.php\\\/2024\\\/05\\\/22\\\/karma-karisik-kitabi-cumartesi-gunu-tanitiliyor\\\/#respond\"]}]},{\"@type\":\"WebPage\",\"@id\":\"https:\\\/\\\/kuzeyinsesi.org\\\/index.php\\\/2024\\\/05\\\/22\\\/karma-karisik-kitabi-cumartesi-gunu-tanitiliyor\\\/\",\"url\":\"https:\\\/\\\/kuzeyinsesi.org\\\/index.php\\\/2024\\\/05\\\/22\\\/karma-karisik-kitabi-cumartesi-gunu-tanitiliyor\\\/\",\"name\":\"\u201cKarma Kar\u0131\u015f\u0131k\u201d kitab\u0131 Cumartesi g\u00fcn\u00fc tan\u0131t\u0131l\u0131yor - Kuzeyin Sesi\",\"isPartOf\":{\"@id\":\"https:\\\/\\\/kuzeyinsesi.org\\\/#website\"},\"primaryImageOfPage\":{\"@id\":\"https:\\\/\\\/kuzeyinsesi.org\\\/index.php\\\/2024\\\/05\\\/22\\\/karma-karisik-kitabi-cumartesi-gunu-tanitiliyor\\\/#primaryimage\"},\"image\":{\"@id\":\"https:\\\/\\\/kuzeyinsesi.org\\\/index.php\\\/2024\\\/05\\\/22\\\/karma-karisik-kitabi-cumartesi-gunu-tanitiliyor\\\/#primaryimage\"},\"thumbnailUrl\":\"https:\\\/\\\/kuzeyinsesi.org\\\/wp-content\\\/uploads\\\/2024\\\/05\\\/feray-karahuseyin-kitap-tanitim.jpg\",\"datePublished\":\"2024-05-22T14:34:02+00:00\",\"author\":{\"@id\":\"https:\\\/\\\/kuzeyinsesi.org\\\/#\\\/schema\\\/person\\\/9f859689cdf01485597712386e37f5aa\"},\"breadcrumb\":{\"@id\":\"https:\\\/\\\/kuzeyinsesi.org\\\/index.php\\\/2024\\\/05\\\/22\\\/karma-karisik-kitabi-cumartesi-gunu-tanitiliyor\\\/#breadcrumb\"},\"inLanguage\":\"tr\",\"potentialAction\":[{\"@type\":\"ReadAction\",\"target\":[\"https:\\\/\\\/kuzeyinsesi.org\\\/index.php\\\/2024\\\/05\\\/22\\\/karma-karisik-kitabi-cumartesi-gunu-tanitiliyor\\\/\"]}]},{\"@type\":\"ImageObject\",\"inLanguage\":\"tr\",\"@id\":\"https:\\\/\\\/kuzeyinsesi.org\\\/index.php\\\/2024\\\/05\\\/22\\\/karma-karisik-kitabi-cumartesi-gunu-tanitiliyor\\\/#primaryimage\",\"url\":\"https:\\\/\\\/kuzeyinsesi.org\\\/wp-content\\\/uploads\\\/2024\\\/05\\\/feray-karahuseyin-kitap-tanitim.jpg\",\"contentUrl\":\"https:\\\/\\\/kuzeyinsesi.org\\\/wp-content\\\/uploads\\\/2024\\\/05\\\/feray-karahuseyin-kitap-tanitim.jpg\",\"width\":1857,\"height\":1489},{\"@type\":\"BreadcrumbList\",\"@id\":\"https:\\\/\\\/kuzeyinsesi.org\\\/index.php\\\/2024\\\/05\\\/22\\\/karma-karisik-kitabi-cumartesi-gunu-tanitiliyor\\\/#breadcrumb\",\"itemListElement\":[{\"@type\":\"ListItem\",\"position\":1,\"name\":\"Anasayfa\",\"item\":\"https:\\\/\\\/kuzeyinsesi.org\\\/\"},{\"@type\":\"ListItem\",\"position\":2,\"name\":\"\u201cKarma Kar\u0131\u015f\u0131k\u201d kitab\u0131 Cumartesi g\u00fcn\u00fc tan\u0131t\u0131l\u0131yor\"}]},{\"@type\":\"WebSite\",\"@id\":\"https:\\\/\\\/kuzeyinsesi.org\\\/#website\",\"url\":\"https:\\\/\\\/kuzeyinsesi.org\\\/\",\"name\":\"Kuzeyin Sesi\",\"description\":\"Do\u011fru Haberin Adresi\",\"potentialAction\":[{\"@type\":\"SearchAction\",\"target\":{\"@type\":\"EntryPoint\",\"urlTemplate\":\"https:\\\/\\\/kuzeyinsesi.org\\\/?s={search_term_string}\"},\"query-input\":{\"@type\":\"PropertyValueSpecification\",\"valueRequired\":true,\"valueName\":\"search_term_string\"}}],\"inLanguage\":\"tr\"},{\"@type\":\"Person\",\"@id\":\"https:\\\/\\\/kuzeyinsesi.org\\\/#\\\/schema\\\/person\\\/9f859689cdf01485597712386e37f5aa\",\"name\":\"Kuzeyin Sesi\",\"image\":{\"@type\":\"ImageObject\",\"inLanguage\":\"tr\",\"@id\":\"https:\\\/\\\/secure.gravatar.com\\\/avatar\\\/bab33852abfd8b282518d6ed81826833d77c3c882d9ab608add591ccace47a44?s=96&d=mm&r=g\",\"url\":\"https:\\\/\\\/secure.gravatar.com\\\/avatar\\\/bab33852abfd8b282518d6ed81826833d77c3c882d9ab608add591ccace47a44?s=96&d=mm&r=g\",\"contentUrl\":\"https:\\\/\\\/secure.gravatar.com\\\/avatar\\\/bab33852abfd8b282518d6ed81826833d77c3c882d9ab608add591ccace47a44?s=96&d=mm&r=g\",\"caption\":\"Kuzeyin Sesi\"},\"sameAs\":[\"https:\\\/\\\/kuzeyinsesi.org\"],\"url\":\"https:\\\/\\\/kuzeyinsesi.org\\\/index.php\\\/author\\\/guven\\\/\"}]}<\/script>\n<!-- \/ Yoast SEO plugin. -->","yoast_head_json":{"title":"\u201cKarma Kar\u0131\u015f\u0131k\u201d kitab\u0131 Cumartesi g\u00fcn\u00fc tan\u0131t\u0131l\u0131yor - Kuzeyin Sesi","robots":{"index":"index","follow":"follow","max-snippet":"max-snippet:-1","max-image-preview":"max-image-preview:large","max-video-preview":"max-video-preview:-1"},"canonical":"https:\/\/kuzeyinsesi.org\/index.php\/2024\/05\/22\/karma-karisik-kitabi-cumartesi-gunu-tanitiliyor\/","og_locale":"tr_TR","og_type":"article","og_title":"\u201cKarma Kar\u0131\u015f\u0131k\u201d kitab\u0131 Cumartesi g\u00fcn\u00fc tan\u0131t\u0131l\u0131yor - Kuzeyin Sesi","og_description":"\u015eair Feray Karah\u00fcseyin ve \u015eair Fato\u015f Muhtaro\u011flu\u2019nun ikinci \u015fiir kitab\u0131 \u201cKarma Kar\u0131\u015f\u0131k\u201d, cumartesi g\u00fcn\u00fc tan\u0131t\u0131l\u0131yor. R\u00fcstem Kitabevi\u2019nde saat 11.00\u2019de \u015fairlerin d\u00fczenleyece\u011fi kitap tan\u0131t\u0131m ve imza etkinli\u011finde, kitap tan\u0131t\u0131m\u0131, duygu ve d\u00fc\u015f\u00fcncelerin payla\u015f\u0131m\u0131 yan\u0131nda \u015fiir dinletisi de yer alacak.","og_url":"https:\/\/kuzeyinsesi.org\/index.php\/2024\/05\/22\/karma-karisik-kitabi-cumartesi-gunu-tanitiliyor\/","og_site_name":"Kuzeyin Sesi","article_publisher":"https:\/\/www.facebook.com\/kuzeyinsesii","article_published_time":"2024-05-22T14:34:02+00:00","og_image":[{"width":1857,"height":1489,"url":"https:\/\/kuzeyinsesi.org\/wp-content\/uploads\/2024\/05\/feray-karahuseyin-kitap-tanitim.jpg","type":"image\/jpeg"}],"author":"Kuzeyin Sesi","twitter_card":"summary_large_image","twitter_creator":"@kuzeyinsesii","twitter_site":"@kuzeyinsesii","twitter_misc":{"Yazan:":"Kuzeyin Sesi"},"schema":{"@context":"https:\/\/schema.org","@graph":[{"@type":"Article","@id":"https:\/\/kuzeyinsesi.org\/index.php\/2024\/05\/22\/karma-karisik-kitabi-cumartesi-gunu-tanitiliyor\/#article","isPartOf":{"@id":"https:\/\/kuzeyinsesi.org\/index.php\/2024\/05\/22\/karma-karisik-kitabi-cumartesi-gunu-tanitiliyor\/"},"author":{"name":"Kuzeyin Sesi","@id":"https:\/\/kuzeyinsesi.org\/#\/schema\/person\/9f859689cdf01485597712386e37f5aa"},"headline":"\u201cKarma Kar\u0131\u015f\u0131k\u201d kitab\u0131 Cumartesi g\u00fcn\u00fc tan\u0131t\u0131l\u0131yor","datePublished":"2024-05-22T14:34:02+00:00","mainEntityOfPage":{"@id":"https:\/\/kuzeyinsesi.org\/index.php\/2024\/05\/22\/karma-karisik-kitabi-cumartesi-gunu-tanitiliyor\/"},"wordCount":69,"commentCount":0,"image":{"@id":"https:\/\/kuzeyinsesi.org\/index.php\/2024\/05\/22\/karma-karisik-kitabi-cumartesi-gunu-tanitiliyor\/#primaryimage"},"thumbnailUrl":"https:\/\/kuzeyinsesi.org\/wp-content\/uploads\/2024\/05\/feray-karahuseyin-kitap-tanitim.jpg","articleSection":["Ya\u015fam"],"inLanguage":"tr","potentialAction":[{"@type":"CommentAction","name":"Comment","target":["https:\/\/kuzeyinsesi.org\/index.php\/2024\/05\/22\/karma-karisik-kitabi-cumartesi-gunu-tanitiliyor\/#respond"]}]},{"@type":"WebPage","@id":"https:\/\/kuzeyinsesi.org\/index.php\/2024\/05\/22\/karma-karisik-kitabi-cumartesi-gunu-tanitiliyor\/","url":"https:\/\/kuzeyinsesi.org\/index.php\/2024\/05\/22\/karma-karisik-kitabi-cumartesi-gunu-tanitiliyor\/","name":"\u201cKarma Kar\u0131\u015f\u0131k\u201d kitab\u0131 Cumartesi g\u00fcn\u00fc tan\u0131t\u0131l\u0131yor - Kuzeyin Sesi","isPartOf":{"@id":"https:\/\/kuzeyinsesi.org\/#website"},"primaryImageOfPage":{"@id":"https:\/\/kuzeyinsesi.org\/index.php\/2024\/05\/22\/karma-karisik-kitabi-cumartesi-gunu-tanitiliyor\/#primaryimage"},"image":{"@id":"https:\/\/kuzeyinsesi.org\/index.php\/2024\/05\/22\/karma-karisik-kitabi-cumartesi-gunu-tanitiliyor\/#primaryimage"},"thumbnailUrl":"https:\/\/kuzeyinsesi.org\/wp-content\/uploads\/2024\/05\/feray-karahuseyin-kitap-tanitim.jpg","datePublished":"2024-05-22T14:34:02+00:00","author":{"@id":"https:\/\/kuzeyinsesi.org\/#\/schema\/person\/9f859689cdf01485597712386e37f5aa"},"breadcrumb":{"@id":"https:\/\/kuzeyinsesi.org\/index.php\/2024\/05\/22\/karma-karisik-kitabi-cumartesi-gunu-tanitiliyor\/#breadcrumb"},"inLanguage":"tr","potentialAction":[{"@type":"ReadAction","target":["https:\/\/kuzeyinsesi.org\/index.php\/2024\/05\/22\/karma-karisik-kitabi-cumartesi-gunu-tanitiliyor\/"]}]},{"@type":"ImageObject","inLanguage":"tr","@id":"https:\/\/kuzeyinsesi.org\/index.php\/2024\/05\/22\/karma-karisik-kitabi-cumartesi-gunu-tanitiliyor\/#primaryimage","url":"https:\/\/kuzeyinsesi.org\/wp-content\/uploads\/2024\/05\/feray-karahuseyin-kitap-tanitim.jpg","contentUrl":"https:\/\/kuzeyinsesi.org\/wp-content\/uploads\/2024\/05\/feray-karahuseyin-kitap-tanitim.jpg","width":1857,"height":1489},{"@type":"BreadcrumbList","@id":"https:\/\/kuzeyinsesi.org\/index.php\/2024\/05\/22\/karma-karisik-kitabi-cumartesi-gunu-tanitiliyor\/#breadcrumb","itemListElement":[{"@type":"ListItem","position":1,"name":"Anasayfa","item":"https:\/\/kuzeyinsesi.org\/"},{"@type":"ListItem","position":2,"name":"\u201cKarma Kar\u0131\u015f\u0131k\u201d kitab\u0131 Cumartesi g\u00fcn\u00fc tan\u0131t\u0131l\u0131yor"}]},{"@type":"WebSite","@id":"https:\/\/kuzeyinsesi.org\/#website","url":"https:\/\/kuzeyinsesi.org\/","name":"Kuzeyin Sesi","description":"Do\u011fru Haberin Adresi","potentialAction":[{"@type":"SearchAction","target":{"@type":"EntryPoint","urlTemplate":"https:\/\/kuzeyinsesi.org\/?s={search_term_string}"},"query-input":{"@type":"PropertyValueSpecification","valueRequired":true,"valueName":"search_term_string"}}],"inLanguage":"tr"},{"@type":"Person","@id":"https:\/\/kuzeyinsesi.org\/#\/schema\/person\/9f859689cdf01485597712386e37f5aa","name":"Kuzeyin Sesi","image":{"@type":"ImageObject","inLanguage":"tr","@id":"https:\/\/secure.gravatar.com\/avatar\/bab33852abfd8b282518d6ed81826833d77c3c882d9ab608add591ccace47a44?s=96&d=mm&r=g","url":"https:\/\/secure.gravatar.com\/avatar\/bab33852abfd8b282518d6ed81826833d77c3c882d9ab608add591ccace47a44?s=96&d=mm&r=g","contentUrl":"https:\/\/secure.gravatar.com\/avatar\/bab33852abfd8b282518d6ed81826833d77c3c882d9ab608add591ccace47a44?s=96&d=mm&r=g","caption":"Kuzeyin Sesi"},"sameAs":["https:\/\/kuzeyinsesi.org"],"url":"https:\/\/kuzeyinsesi.org\/index.php\/author\/guven\/"}]}},"_links":{"self":[{"href":"https:\/\/kuzeyinsesi.org\/index.php\/wp-json\/wp\/v2\/posts\/3164","targetHints":{"allow":["GET"]}}],"collection":[{"href":"https:\/\/kuzeyinsesi.org\/index.php\/wp-json\/wp\/v2\/posts"}],"about":[{"href":"https:\/\/kuzeyinsesi.org\/index.php\/wp-json\/wp\/v2\/types\/post"}],"author":[{"embeddable":true,"href":"https:\/\/kuzeyinsesi.org\/index.php\/wp-json\/wp\/v2\/users\/1"}],"replies":[{"embeddable":true,"href":"https:\/\/kuzeyinsesi.org\/index.php\/wp-json\/wp\/v2\/comments?post=3164"}],"version-history":[{"count":0,"href":"https:\/\/kuzeyinsesi.org\/index.php\/wp-json\/wp\/v2\/posts\/3164\/revisions"}],"wp:featuredmedia":[{"embeddable":true,"href":"https:\/\/kuzeyinsesi.org\/index.php\/wp-json\/wp\/v2\/media\/3165"}],"wp:attachment":[{"href":"https:\/\/kuzeyinsesi.org\/index.php\/wp-json\/wp\/v2\/media?parent=3164"}],"wp:term":[{"taxonomy":"category","embeddable":true,"href":"https:\/\/kuzeyinsesi.org\/index.php\/wp-json\/wp\/v2\/categories?post=3164"},{"taxonomy":"post_tag","embeddable":true,"href":"https:\/\/kuzeyinsesi.org\/index.php\/wp-json\/wp\/v2\/tags?post=3164"}],"curies":[{"name":"wp","href":"https:\/\/api.w.org\/{rel}","templated":true}]}}