{"id":31638,"date":"2025-09-13T12:31:24","date_gmt":"2025-09-13T09:31:24","guid":{"rendered":"https:\/\/kuzeyinsesi.org\/index.php\/2025\/09\/13\/gazzede-aclik-savasi-2-yasindaki-imad-yasam-mucadelesi-veriyor\/"},"modified":"2025-09-13T12:31:24","modified_gmt":"2025-09-13T09:31:24","slug":"gazzede-aclik-savasi-2-yasindaki-imad-yasam-mucadelesi-veriyor","status":"publish","type":"post","link":"https:\/\/kuzeyinsesi.org\/index.php\/2025\/09\/13\/gazzede-aclik-savasi-2-yasindaki-imad-yasam-mucadelesi-veriyor\/","title":{"rendered":"Gazze&#039;de a\u00e7l\u0131k sava\u015f\u0131: 2 ya\u015f\u0131ndaki \u0130mad ya\u015fam m\u00fccadelesi veriyor"},"content":{"rendered":"<p><\/p>\n<div>\n<p>&#13;<br \/>\n\tSoyk\u0131r\u0131mc\u0131 \u0130srail&#8217;in <a href=\"https:\/\/www.trthaber.com\/etiket\/gazze\/\" target=\"_blank\">Gazze<\/a> \u015eeridi&#8217;ne uygulad\u0131\u011f\u0131 yo\u011fun ku\u015fatma, sivillerin, \u00f6zellikle de \u00e7ocuklar\u0131n hayat\u0131n\u0131 tehdit etmeye devam ediyor. Deyr Belah&#8217;taki Aksa \u015eehitleri Hastanesi&#8217;ne getirilen 2 ya\u015f\u0131ndaki \u0130mad Musab Ebu Frih&#8217;in durumu, b\u00f6lgede <a href=\"https:\/\/www.trthaber.com\/etiket\/gida\/\" target=\"_blank\">g\u0131da<\/a> krizi nedeniyle kritik sa\u011fl\u0131k ko\u015fullar\u0131na s\u00fcr\u00fcklenen onlarca \u00e7ocu\u011fun ya\u015fad\u0131\u011f\u0131 dram\u0131 g\u00f6zler \u00f6n\u00fcne seriyor.<\/p>\n<p>&#13;<br \/>\n\tDoktorlar, hastaneye getirilen k\u00fc\u00e7\u00fck \u00e7ocu\u011fun, yetersiz beslenme nedeniyle v\u00fccut a\u011f\u0131rl\u0131\u011f\u0131n\u0131n yar\u0131s\u0131ndan fazlas\u0131n\u0131 kaybetti\u011fini belirtti. Gazze genelinde \u00e7ocuklar aras\u0131nda a\u00e7l\u0131k ve yetersiz beslenmenin h\u0131zla yay\u0131ld\u0131\u011f\u0131n\u0131 vurgulayan sa\u011fl\u0131k g\u00f6revlileri, insani yard\u0131mlar\u0131n ve temel ihtiya\u00e7 maddelerinin b\u00f6lgeye giri\u015finin bir an \u00f6nce sa\u011flanmas\u0131 i\u00e7in uluslararas\u0131 topluma \u00e7a\u011fr\u0131da bulunuyor.<\/p>\n<\/p><\/div>\n","protected":false},"excerpt":{"rendered":"<p>&#13; Soyk\u0131r\u0131mc\u0131 \u0130srail&#8217;in Gazze \u015eeridi&#8217;ne uygulad\u0131\u011f\u0131 yo\u011fun ku\u015fatma, sivillerin, \u00f6zellikle de \u00e7ocuklar\u0131n hayat\u0131n\u0131 tehdit etmeye devam ediyor. Deyr Belah&#8217;taki Aksa \u015eehitleri Hastanesi&#8217;ne getirilen 2 ya\u015f\u0131ndaki \u0130mad Musab Ebu Frih&#8217;in durumu, b\u00f6lgede g\u0131da krizi nedeniyle kritik sa\u011fl\u0131k ko\u015fullar\u0131na s\u00fcr\u00fcklenen onlarca \u00e7ocu\u011fun ya\u015fad\u0131\u011f\u0131 dram\u0131 g\u00f6zler \u00f6n\u00fcne seriyor. &#13; Doktorlar, hastaneye getirilen k\u00fc\u00e7\u00fck \u00e7ocu\u011fun, yetersiz beslenme nedeniyle v\u00fccut [&hellip;]<\/p>\n","protected":false},"author":1,"featured_media":31639,"comment_status":"open","ping_status":"open","sticky":false,"template":"","format":"standard","meta":{"jnews-multi-image_gallery":[],"jnews_single_post":[],"jnews_primary_category":[],"jnews_social_meta":[],"jnews_override_counter":[],"footnotes":""},"categories":[2],"tags":[],"class_list":["post-31638","post","type-post","status-publish","format-standard","has-post-thumbnail","hentry","category-dunya"],"yoast_head":"<!-- This site is optimized with the Yoast SEO plugin v27.5 - https:\/\/yoast.com\/product\/yoast-seo-wordpress\/ -->\n<title>Gazze&#039;de a\u00e7l\u0131k sava\u015f\u0131: 2 ya\u015f\u0131ndaki \u0130mad ya\u015fam m\u00fccadelesi veriyor - Kuzeyin Sesi<\/title>\n<meta name=\"robots\" content=\"index, follow, max-snippet:-1, max-image-preview:large, max-video-preview:-1\" \/>\n<link rel=\"canonical\" href=\"https:\/\/kuzeyinsesi.org\/index.php\/2025\/09\/13\/gazzede-aclik-savasi-2-yasindaki-imad-yasam-mucadelesi-veriyor\/\" \/>\n<meta property=\"og:locale\" content=\"tr_TR\" \/>\n<meta property=\"og:type\" content=\"article\" \/>\n<meta property=\"og:title\" content=\"Gazze&#039;de a\u00e7l\u0131k sava\u015f\u0131: 2 ya\u015f\u0131ndaki \u0130mad ya\u015fam m\u00fccadelesi veriyor - Kuzeyin Sesi\" \/>\n<meta property=\"og:description\" content=\"&#013; Soyk\u0131r\u0131mc\u0131 \u0130srail&#8217;in Gazze \u015eeridi&#8217;ne uygulad\u0131\u011f\u0131 yo\u011fun ku\u015fatma, sivillerin, \u00f6zellikle de \u00e7ocuklar\u0131n hayat\u0131n\u0131 tehdit etmeye devam ediyor. Deyr Belah&#8217;taki Aksa \u015eehitleri Hastanesi&#8217;ne getirilen 2 ya\u015f\u0131ndaki \u0130mad Musab Ebu Frih&#8217;in durumu, b\u00f6lgede g\u0131da krizi nedeniyle kritik sa\u011fl\u0131k ko\u015fullar\u0131na s\u00fcr\u00fcklenen onlarca \u00e7ocu\u011fun ya\u015fad\u0131\u011f\u0131 dram\u0131 g\u00f6zler \u00f6n\u00fcne seriyor. &#013; Doktorlar, hastaneye getirilen k\u00fc\u00e7\u00fck \u00e7ocu\u011fun, yetersiz beslenme nedeniyle v\u00fccut [&hellip;]\" \/>\n<meta property=\"og:url\" content=\"https:\/\/kuzeyinsesi.org\/index.php\/2025\/09\/13\/gazzede-aclik-savasi-2-yasindaki-imad-yasam-mucadelesi-veriyor\/\" \/>\n<meta property=\"og:site_name\" content=\"Kuzeyin Sesi\" \/>\n<meta property=\"article:publisher\" content=\"https:\/\/www.facebook.com\/kuzeyinsesii\" \/>\n<meta property=\"article:published_time\" content=\"2025-09-13T09:31:24+00:00\" \/>\n<meta property=\"og:image\" content=\"https:\/\/trthaberstatic.cdn.wp.trt.com.tr\/resimler\/2396000\/gazze-aclik-aa-2397391.jpg\" \/>\n<meta name=\"author\" content=\"Kuzeyin Sesi\" \/>\n<meta name=\"twitter:card\" content=\"summary_large_image\" \/>\n<meta name=\"twitter:creator\" content=\"@kuzeyinsesii\" \/>\n<meta name=\"twitter:site\" content=\"@kuzeyinsesii\" \/>\n<meta name=\"twitter:label1\" content=\"Yazan:\" \/>\n\t<meta name=\"twitter:data1\" content=\"Kuzeyin Sesi\" \/>\n\t<meta name=\"twitter:label2\" content=\"Tahmini okuma s\u00fcresi\" \/>\n\t<meta name=\"twitter:data2\" content=\"1 dakika\" \/>\n<script type=\"application\/ld+json\" class=\"yoast-schema-graph\">{\"@context\":\"https:\\\/\\\/schema.org\",\"@graph\":[{\"@type\":\"Article\",\"@id\":\"https:\\\/\\\/kuzeyinsesi.org\\\/index.php\\\/2025\\\/09\\\/13\\\/gazzede-aclik-savasi-2-yasindaki-imad-yasam-mucadelesi-veriyor\\\/#article\",\"isPartOf\":{\"@id\":\"https:\\\/\\\/kuzeyinsesi.org\\\/index.php\\\/2025\\\/09\\\/13\\\/gazzede-aclik-savasi-2-yasindaki-imad-yasam-mucadelesi-veriyor\\\/\"},\"author\":{\"name\":\"Kuzeyin Sesi\",\"@id\":\"https:\\\/\\\/kuzeyinsesi.org\\\/#\\\/schema\\\/person\\\/9f859689cdf01485597712386e37f5aa\"},\"headline\":\"Gazze&#039;de a\u00e7l\u0131k sava\u015f\u0131: 2 ya\u015f\u0131ndaki \u0130mad ya\u015fam m\u00fccadelesi veriyor\",\"datePublished\":\"2025-09-13T09:31:24+00:00\",\"mainEntityOfPage\":{\"@id\":\"https:\\\/\\\/kuzeyinsesi.org\\\/index.php\\\/2025\\\/09\\\/13\\\/gazzede-aclik-savasi-2-yasindaki-imad-yasam-mucadelesi-veriyor\\\/\"},\"wordCount\":152,\"commentCount\":0,\"image\":{\"@id\":\"https:\\\/\\\/kuzeyinsesi.org\\\/index.php\\\/2025\\\/09\\\/13\\\/gazzede-aclik-savasi-2-yasindaki-imad-yasam-mucadelesi-veriyor\\\/#primaryimage\"},\"thumbnailUrl\":\"https:\\\/\\\/kuzeyinsesi.org\\\/wp-content\\\/uploads\\\/2025\\\/09\\\/gazze-aclik-aa-2397391.jpg\",\"articleSection\":[\"D\u00fcnya\"],\"inLanguage\":\"tr\",\"potentialAction\":[{\"@type\":\"CommentAction\",\"name\":\"Comment\",\"target\":[\"https:\\\/\\\/kuzeyinsesi.org\\\/index.php\\\/2025\\\/09\\\/13\\\/gazzede-aclik-savasi-2-yasindaki-imad-yasam-mucadelesi-veriyor\\\/#respond\"]}]},{\"@type\":\"WebPage\",\"@id\":\"https:\\\/\\\/kuzeyinsesi.org\\\/index.php\\\/2025\\\/09\\\/13\\\/gazzede-aclik-savasi-2-yasindaki-imad-yasam-mucadelesi-veriyor\\\/\",\"url\":\"https:\\\/\\\/kuzeyinsesi.org\\\/index.php\\\/2025\\\/09\\\/13\\\/gazzede-aclik-savasi-2-yasindaki-imad-yasam-mucadelesi-veriyor\\\/\",\"name\":\"Gazze&#039;de a\u00e7l\u0131k sava\u015f\u0131: 2 ya\u015f\u0131ndaki \u0130mad ya\u015fam m\u00fccadelesi veriyor - Kuzeyin Sesi\",\"isPartOf\":{\"@id\":\"https:\\\/\\\/kuzeyinsesi.org\\\/#website\"},\"primaryImageOfPage\":{\"@id\":\"https:\\\/\\\/kuzeyinsesi.org\\\/index.php\\\/2025\\\/09\\\/13\\\/gazzede-aclik-savasi-2-yasindaki-imad-yasam-mucadelesi-veriyor\\\/#primaryimage\"},\"image\":{\"@id\":\"https:\\\/\\\/kuzeyinsesi.org\\\/index.php\\\/2025\\\/09\\\/13\\\/gazzede-aclik-savasi-2-yasindaki-imad-yasam-mucadelesi-veriyor\\\/#primaryimage\"},\"thumbnailUrl\":\"https:\\\/\\\/kuzeyinsesi.org\\\/wp-content\\\/uploads\\\/2025\\\/09\\\/gazze-aclik-aa-2397391.jpg\",\"datePublished\":\"2025-09-13T09:31:24+00:00\",\"author\":{\"@id\":\"https:\\\/\\\/kuzeyinsesi.org\\\/#\\\/schema\\\/person\\\/9f859689cdf01485597712386e37f5aa\"},\"breadcrumb\":{\"@id\":\"https:\\\/\\\/kuzeyinsesi.org\\\/index.php\\\/2025\\\/09\\\/13\\\/gazzede-aclik-savasi-2-yasindaki-imad-yasam-mucadelesi-veriyor\\\/#breadcrumb\"},\"inLanguage\":\"tr\",\"potentialAction\":[{\"@type\":\"ReadAction\",\"target\":[\"https:\\\/\\\/kuzeyinsesi.org\\\/index.php\\\/2025\\\/09\\\/13\\\/gazzede-aclik-savasi-2-yasindaki-imad-yasam-mucadelesi-veriyor\\\/\"]}]},{\"@type\":\"ImageObject\",\"inLanguage\":\"tr\",\"@id\":\"https:\\\/\\\/kuzeyinsesi.org\\\/index.php\\\/2025\\\/09\\\/13\\\/gazzede-aclik-savasi-2-yasindaki-imad-yasam-mucadelesi-veriyor\\\/#primaryimage\",\"url\":\"https:\\\/\\\/kuzeyinsesi.org\\\/wp-content\\\/uploads\\\/2025\\\/09\\\/gazze-aclik-aa-2397391.jpg\",\"contentUrl\":\"https:\\\/\\\/kuzeyinsesi.org\\\/wp-content\\\/uploads\\\/2025\\\/09\\\/gazze-aclik-aa-2397391.jpg\",\"width\":1280,\"height\":720},{\"@type\":\"BreadcrumbList\",\"@id\":\"https:\\\/\\\/kuzeyinsesi.org\\\/index.php\\\/2025\\\/09\\\/13\\\/gazzede-aclik-savasi-2-yasindaki-imad-yasam-mucadelesi-veriyor\\\/#breadcrumb\",\"itemListElement\":[{\"@type\":\"ListItem\",\"position\":1,\"name\":\"Anasayfa\",\"item\":\"https:\\\/\\\/kuzeyinsesi.org\\\/\"},{\"@type\":\"ListItem\",\"position\":2,\"name\":\"Gazze&#039;de a\u00e7l\u0131k sava\u015f\u0131: 2 ya\u015f\u0131ndaki \u0130mad ya\u015fam m\u00fccadelesi veriyor\"}]},{\"@type\":\"WebSite\",\"@id\":\"https:\\\/\\\/kuzeyinsesi.org\\\/#website\",\"url\":\"https:\\\/\\\/kuzeyinsesi.org\\\/\",\"name\":\"Kuzeyin Sesi\",\"description\":\"Do\u011fru Haberin Adresi\",\"potentialAction\":[{\"@type\":\"SearchAction\",\"target\":{\"@type\":\"EntryPoint\",\"urlTemplate\":\"https:\\\/\\\/kuzeyinsesi.org\\\/?s={search_term_string}\"},\"query-input\":{\"@type\":\"PropertyValueSpecification\",\"valueRequired\":true,\"valueName\":\"search_term_string\"}}],\"inLanguage\":\"tr\"},{\"@type\":\"Person\",\"@id\":\"https:\\\/\\\/kuzeyinsesi.org\\\/#\\\/schema\\\/person\\\/9f859689cdf01485597712386e37f5aa\",\"name\":\"Kuzeyin Sesi\",\"image\":{\"@type\":\"ImageObject\",\"inLanguage\":\"tr\",\"@id\":\"https:\\\/\\\/secure.gravatar.com\\\/avatar\\\/bab33852abfd8b282518d6ed81826833d77c3c882d9ab608add591ccace47a44?s=96&d=mm&r=g\",\"url\":\"https:\\\/\\\/secure.gravatar.com\\\/avatar\\\/bab33852abfd8b282518d6ed81826833d77c3c882d9ab608add591ccace47a44?s=96&d=mm&r=g\",\"contentUrl\":\"https:\\\/\\\/secure.gravatar.com\\\/avatar\\\/bab33852abfd8b282518d6ed81826833d77c3c882d9ab608add591ccace47a44?s=96&d=mm&r=g\",\"caption\":\"Kuzeyin Sesi\"},\"sameAs\":[\"https:\\\/\\\/kuzeyinsesi.org\"],\"url\":\"https:\\\/\\\/kuzeyinsesi.org\\\/index.php\\\/author\\\/guven\\\/\"}]}<\/script>\n<!-- \/ Yoast SEO plugin. -->","yoast_head_json":{"title":"Gazze&#039;de a\u00e7l\u0131k sava\u015f\u0131: 2 ya\u015f\u0131ndaki \u0130mad ya\u015fam m\u00fccadelesi veriyor - Kuzeyin Sesi","robots":{"index":"index","follow":"follow","max-snippet":"max-snippet:-1","max-image-preview":"max-image-preview:large","max-video-preview":"max-video-preview:-1"},"canonical":"https:\/\/kuzeyinsesi.org\/index.php\/2025\/09\/13\/gazzede-aclik-savasi-2-yasindaki-imad-yasam-mucadelesi-veriyor\/","og_locale":"tr_TR","og_type":"article","og_title":"Gazze&#039;de a\u00e7l\u0131k sava\u015f\u0131: 2 ya\u015f\u0131ndaki \u0130mad ya\u015fam m\u00fccadelesi veriyor - Kuzeyin Sesi","og_description":"&#13; Soyk\u0131r\u0131mc\u0131 \u0130srail&#8217;in Gazze \u015eeridi&#8217;ne uygulad\u0131\u011f\u0131 yo\u011fun ku\u015fatma, sivillerin, \u00f6zellikle de \u00e7ocuklar\u0131n hayat\u0131n\u0131 tehdit etmeye devam ediyor. Deyr Belah&#8217;taki Aksa \u015eehitleri Hastanesi&#8217;ne getirilen 2 ya\u015f\u0131ndaki \u0130mad Musab Ebu Frih&#8217;in durumu, b\u00f6lgede g\u0131da krizi nedeniyle kritik sa\u011fl\u0131k ko\u015fullar\u0131na s\u00fcr\u00fcklenen onlarca \u00e7ocu\u011fun ya\u015fad\u0131\u011f\u0131 dram\u0131 g\u00f6zler \u00f6n\u00fcne seriyor. &#13; Doktorlar, hastaneye getirilen k\u00fc\u00e7\u00fck \u00e7ocu\u011fun, yetersiz beslenme nedeniyle v\u00fccut [&hellip;]","og_url":"https:\/\/kuzeyinsesi.org\/index.php\/2025\/09\/13\/gazzede-aclik-savasi-2-yasindaki-imad-yasam-mucadelesi-veriyor\/","og_site_name":"Kuzeyin Sesi","article_publisher":"https:\/\/www.facebook.com\/kuzeyinsesii","article_published_time":"2025-09-13T09:31:24+00:00","og_image":[{"url":"https:\/\/trthaberstatic.cdn.wp.trt.com.tr\/resimler\/2396000\/gazze-aclik-aa-2397391.jpg","type":"","width":"","height":""}],"author":"Kuzeyin Sesi","twitter_card":"summary_large_image","twitter_creator":"@kuzeyinsesii","twitter_site":"@kuzeyinsesii","twitter_misc":{"Yazan:":"Kuzeyin Sesi","Tahmini okuma s\u00fcresi":"1 dakika"},"schema":{"@context":"https:\/\/schema.org","@graph":[{"@type":"Article","@id":"https:\/\/kuzeyinsesi.org\/index.php\/2025\/09\/13\/gazzede-aclik-savasi-2-yasindaki-imad-yasam-mucadelesi-veriyor\/#article","isPartOf":{"@id":"https:\/\/kuzeyinsesi.org\/index.php\/2025\/09\/13\/gazzede-aclik-savasi-2-yasindaki-imad-yasam-mucadelesi-veriyor\/"},"author":{"name":"Kuzeyin Sesi","@id":"https:\/\/kuzeyinsesi.org\/#\/schema\/person\/9f859689cdf01485597712386e37f5aa"},"headline":"Gazze&#039;de a\u00e7l\u0131k sava\u015f\u0131: 2 ya\u015f\u0131ndaki \u0130mad ya\u015fam m\u00fccadelesi veriyor","datePublished":"2025-09-13T09:31:24+00:00","mainEntityOfPage":{"@id":"https:\/\/kuzeyinsesi.org\/index.php\/2025\/09\/13\/gazzede-aclik-savasi-2-yasindaki-imad-yasam-mucadelesi-veriyor\/"},"wordCount":152,"commentCount":0,"image":{"@id":"https:\/\/kuzeyinsesi.org\/index.php\/2025\/09\/13\/gazzede-aclik-savasi-2-yasindaki-imad-yasam-mucadelesi-veriyor\/#primaryimage"},"thumbnailUrl":"https:\/\/kuzeyinsesi.org\/wp-content\/uploads\/2025\/09\/gazze-aclik-aa-2397391.jpg","articleSection":["D\u00fcnya"],"inLanguage":"tr","potentialAction":[{"@type":"CommentAction","name":"Comment","target":["https:\/\/kuzeyinsesi.org\/index.php\/2025\/09\/13\/gazzede-aclik-savasi-2-yasindaki-imad-yasam-mucadelesi-veriyor\/#respond"]}]},{"@type":"WebPage","@id":"https:\/\/kuzeyinsesi.org\/index.php\/2025\/09\/13\/gazzede-aclik-savasi-2-yasindaki-imad-yasam-mucadelesi-veriyor\/","url":"https:\/\/kuzeyinsesi.org\/index.php\/2025\/09\/13\/gazzede-aclik-savasi-2-yasindaki-imad-yasam-mucadelesi-veriyor\/","name":"Gazze&#039;de a\u00e7l\u0131k sava\u015f\u0131: 2 ya\u015f\u0131ndaki \u0130mad ya\u015fam m\u00fccadelesi veriyor - Kuzeyin Sesi","isPartOf":{"@id":"https:\/\/kuzeyinsesi.org\/#website"},"primaryImageOfPage":{"@id":"https:\/\/kuzeyinsesi.org\/index.php\/2025\/09\/13\/gazzede-aclik-savasi-2-yasindaki-imad-yasam-mucadelesi-veriyor\/#primaryimage"},"image":{"@id":"https:\/\/kuzeyinsesi.org\/index.php\/2025\/09\/13\/gazzede-aclik-savasi-2-yasindaki-imad-yasam-mucadelesi-veriyor\/#primaryimage"},"thumbnailUrl":"https:\/\/kuzeyinsesi.org\/wp-content\/uploads\/2025\/09\/gazze-aclik-aa-2397391.jpg","datePublished":"2025-09-13T09:31:24+00:00","author":{"@id":"https:\/\/kuzeyinsesi.org\/#\/schema\/person\/9f859689cdf01485597712386e37f5aa"},"breadcrumb":{"@id":"https:\/\/kuzeyinsesi.org\/index.php\/2025\/09\/13\/gazzede-aclik-savasi-2-yasindaki-imad-yasam-mucadelesi-veriyor\/#breadcrumb"},"inLanguage":"tr","potentialAction":[{"@type":"ReadAction","target":["https:\/\/kuzeyinsesi.org\/index.php\/2025\/09\/13\/gazzede-aclik-savasi-2-yasindaki-imad-yasam-mucadelesi-veriyor\/"]}]},{"@type":"ImageObject","inLanguage":"tr","@id":"https:\/\/kuzeyinsesi.org\/index.php\/2025\/09\/13\/gazzede-aclik-savasi-2-yasindaki-imad-yasam-mucadelesi-veriyor\/#primaryimage","url":"https:\/\/kuzeyinsesi.org\/wp-content\/uploads\/2025\/09\/gazze-aclik-aa-2397391.jpg","contentUrl":"https:\/\/kuzeyinsesi.org\/wp-content\/uploads\/2025\/09\/gazze-aclik-aa-2397391.jpg","width":1280,"height":720},{"@type":"BreadcrumbList","@id":"https:\/\/kuzeyinsesi.org\/index.php\/2025\/09\/13\/gazzede-aclik-savasi-2-yasindaki-imad-yasam-mucadelesi-veriyor\/#breadcrumb","itemListElement":[{"@type":"ListItem","position":1,"name":"Anasayfa","item":"https:\/\/kuzeyinsesi.org\/"},{"@type":"ListItem","position":2,"name":"Gazze&#039;de a\u00e7l\u0131k sava\u015f\u0131: 2 ya\u015f\u0131ndaki \u0130mad ya\u015fam m\u00fccadelesi veriyor"}]},{"@type":"WebSite","@id":"https:\/\/kuzeyinsesi.org\/#website","url":"https:\/\/kuzeyinsesi.org\/","name":"Kuzeyin Sesi","description":"Do\u011fru Haberin Adresi","potentialAction":[{"@type":"SearchAction","target":{"@type":"EntryPoint","urlTemplate":"https:\/\/kuzeyinsesi.org\/?s={search_term_string}"},"query-input":{"@type":"PropertyValueSpecification","valueRequired":true,"valueName":"search_term_string"}}],"inLanguage":"tr"},{"@type":"Person","@id":"https:\/\/kuzeyinsesi.org\/#\/schema\/person\/9f859689cdf01485597712386e37f5aa","name":"Kuzeyin Sesi","image":{"@type":"ImageObject","inLanguage":"tr","@id":"https:\/\/secure.gravatar.com\/avatar\/bab33852abfd8b282518d6ed81826833d77c3c882d9ab608add591ccace47a44?s=96&d=mm&r=g","url":"https:\/\/secure.gravatar.com\/avatar\/bab33852abfd8b282518d6ed81826833d77c3c882d9ab608add591ccace47a44?s=96&d=mm&r=g","contentUrl":"https:\/\/secure.gravatar.com\/avatar\/bab33852abfd8b282518d6ed81826833d77c3c882d9ab608add591ccace47a44?s=96&d=mm&r=g","caption":"Kuzeyin Sesi"},"sameAs":["https:\/\/kuzeyinsesi.org"],"url":"https:\/\/kuzeyinsesi.org\/index.php\/author\/guven\/"}]}},"_links":{"self":[{"href":"https:\/\/kuzeyinsesi.org\/index.php\/wp-json\/wp\/v2\/posts\/31638","targetHints":{"allow":["GET"]}}],"collection":[{"href":"https:\/\/kuzeyinsesi.org\/index.php\/wp-json\/wp\/v2\/posts"}],"about":[{"href":"https:\/\/kuzeyinsesi.org\/index.php\/wp-json\/wp\/v2\/types\/post"}],"author":[{"embeddable":true,"href":"https:\/\/kuzeyinsesi.org\/index.php\/wp-json\/wp\/v2\/users\/1"}],"replies":[{"embeddable":true,"href":"https:\/\/kuzeyinsesi.org\/index.php\/wp-json\/wp\/v2\/comments?post=31638"}],"version-history":[{"count":0,"href":"https:\/\/kuzeyinsesi.org\/index.php\/wp-json\/wp\/v2\/posts\/31638\/revisions"}],"wp:featuredmedia":[{"embeddable":true,"href":"https:\/\/kuzeyinsesi.org\/index.php\/wp-json\/wp\/v2\/media\/31639"}],"wp:attachment":[{"href":"https:\/\/kuzeyinsesi.org\/index.php\/wp-json\/wp\/v2\/media?parent=31638"}],"wp:term":[{"taxonomy":"category","embeddable":true,"href":"https:\/\/kuzeyinsesi.org\/index.php\/wp-json\/wp\/v2\/categories?post=31638"},{"taxonomy":"post_tag","embeddable":true,"href":"https:\/\/kuzeyinsesi.org\/index.php\/wp-json\/wp\/v2\/tags?post=31638"}],"curies":[{"name":"wp","href":"https:\/\/api.w.org\/{rel}","templated":true}]}}