{"id":31636,"date":"2025-09-12T22:28:59","date_gmt":"2025-09-12T19:28:59","guid":{"rendered":"https:\/\/kuzeyinsesi.org\/index.php\/2025\/09\/12\/israilin-eurovisiona-katilmasina-karsi-cikan-ulkelerin-sayisi-artiyor\/"},"modified":"2025-09-12T22:28:59","modified_gmt":"2025-09-12T19:28:59","slug":"israilin-eurovisiona-katilmasina-karsi-cikan-ulkelerin-sayisi-artiyor","status":"publish","type":"post","link":"https:\/\/kuzeyinsesi.org\/index.php\/2025\/09\/12\/israilin-eurovisiona-katilmasina-karsi-cikan-ulkelerin-sayisi-artiyor\/","title":{"rendered":"\u0130srail&#039;in Eurovision&#039;a kat\u0131lmas\u0131na kar\u015f\u0131 \u00e7\u0131kan \u00fclkelerin say\u0131s\u0131 art\u0131yor"},"content":{"rendered":"<p><\/p>\n<div>\n<p>&#13;<br \/>\n\tBir\u00e7ok \u00fclkenin kamu yay\u0131nc\u0131s\u0131 kurulu\u015fu, Gazze&#8217;de soyk\u0131r\u0131ma devam eden \u0130srail\u2019in 2026 Eurovision \u015eark\u0131 Yar\u0131\u015fmas\u0131\u2019na kat\u0131lmas\u0131na izin verilmesi halinde kendi \u00fclkelerinin yar\u0131\u015fmaya kat\u0131lmayaca\u011f\u0131n\u0131 a\u00e7\u0131klad\u0131.<\/p>\n<p>&#13;<br \/>\n\t<a href=\"https:\/\/www.trthaber.com\/etiket\/ispanya\/\" target=\"_blank\">\u0130spanya<\/a> K\u00fclt\u00fcr Bakan\u0131 Ernest Urtasun, ulusal bir <a href=\"https:\/\/www.trthaber.com\/etiket\/televizyon\/\" target=\"_blank\">televizyon<\/a> kanal\u0131na yapt\u0131\u011f\u0131 a\u00e7\u0131klamada, \u0130srail&#8217;in Eurovision&#8217;a kat\u0131lmas\u0131 durumunda somut ad\u0131mlar\u0131n at\u0131lmas\u0131 gerekti\u011fini belirterek, \u0130spanya&#8217;n\u0131n kat\u0131l\u0131m\u0131n\u0131 sorgulad\u0131\u011f\u0131n\u0131 s\u00f6yledi.<\/p>\n<p>&#13;<br \/>\n\tSon karar\u0131 \u0130spanya devlet televizyonu RTVE&#8217;nin verece\u011fini aktaran Urtasun, \u0130spanya&#8217;n\u0131n daha \u00f6nce \u0130srail&#8217;in yar\u0131\u015fmadan men edilmesini resmi olarak talep ettiklerini an\u0131msatt\u0131.<\/p>\n<h2>&#13;<br \/>\n\t\u0130rlanda, Eurovision&#8217;a <a href=\"https:\/\/www.trthaber.com\/etiket\/israil\/\" target=\"_blank\">\u0130srail<\/a> dahil olursa kat\u0131lmayacak<\/h2>\n<p>&#13;<br \/>\n\t<a href=\"https:\/\/www.trthaber.com\/etiket\/irlanda\/\" target=\"_blank\">\u0130rlanda<\/a> kamu yay\u0131nc\u0131s\u0131 RTE de \u0130srail&#8217;in kat\u0131l\u0131m\u0131na izin verildi\u011fi takdirde yar\u0131\u015fmaya \u0130rlanda&#8217;n\u0131n kat\u0131lmayaca\u011f\u0131n\u0131 duyurdu.<\/p>\n<p>&#13;<br \/>\n\tRTE&#8217;den yap\u0131lan a\u00e7\u0131klamada, temmuzdaki Avrupa Yay\u0131n Birli\u011fi (EBU) genel kurulunda bir\u00e7ok \u00fcyenin \u0130srail&#8217;in Eurovision&#8217;a kat\u0131l\u0131m\u0131yla ilgili endi\u015felerini dile getirdi\u011fi aktar\u0131ld\u0131.<\/p>\n<p>&#13;<br \/>\n\tEBU&#8217;nun ba\u015flatt\u0131\u011f\u0131 isti\u015fare ve ceza almadan yar\u0131\u015fmadan \u00e7ekilme s\u00fcresini uzatmas\u0131ndan duyulan memnuniyetin belirtildi\u011fi a\u00e7\u0131klamada, &#8220;\u0130srail&#8217;in kat\u0131lmaya devam etmesi halinde \u0130rlanda&#8217;n\u0131n 2026 Eurovision \u015eark\u0131 Yar\u0131\u015fmas\u0131&#8217;na kat\u0131lmayaca\u011f\u0131n\u0131, nihai karar\u0131 EBU&#8217;nun karar\u0131n\u0131n ard\u0131ndan verece\u011fimizi a\u00e7\u0131kl\u0131yoruz.&#8221; ifadesi kullan\u0131ld\u0131.<\/p>\n<p>&#13;<br \/>\n\tGazze&#8217;deki can kay\u0131plar\u0131 kar\u015f\u0131s\u0131nda \u0130rlanda&#8217;n\u0131n yar\u0131\u015fmaya kat\u0131lmas\u0131n\u0131n &#8220;vicdans\u0131zca&#8221; olaca\u011f\u0131 vurgulanan a\u00e7\u0131klamada, &#8220;RTE, Gazze&#8217;de gazetecilerin hedef al\u0131n\u0131p \u00f6ld\u00fcr\u00fclmesinden, yabanc\u0131 gazetecilerin b\u00f6lgeye giri\u015fine izin verilmemesinden ve kalan esirlerin ya\u015fad\u0131\u011f\u0131 durumdan <a href=\"https:\/\/www.trthaber.com\/etiket\/endise\/\" target=\"_blank\">endi\u015fe<\/a> duymaktad\u0131r.&#8221; de\u011ferlendirmesinde bulunuldu.<\/p>\n<h2>&#13;<br \/>\n\t<a href=\"https:\/\/www.trthaber.com\/etiket\/slovenya\/\" target=\"_blank\">Slovenya<\/a> da benzer karar\u0131n\u0131 a\u00e7\u0131klad\u0131<\/h2>\n<p>&#13;<br \/>\n\tSlovenya kamu yay\u0131n kurulu\u015fu RTV de \u0130srail&#8217;in gelecek y\u0131l yar\u0131\u015fmaya dahil edilmesi halinde Slovenya&#8217;n\u0131n Eurovision&#8217;a kat\u0131lmayaca\u011f\u0131n\u0131 a\u00e7\u0131klad\u0131.<\/p>\n<p>&#13;<br \/>\n\tRTV&#8217;den yap\u0131lan a\u00e7\u0131klamada, ilgili karar\u0131n Filistin halk\u0131yla dayan\u0131\u015fma i\u00e7in al\u0131nd\u0131\u011f\u0131 belirtildi.<\/p>\n<h2>&#13;<br \/>\n\t<a href=\"https:\/\/www.trthaber.com\/etiket\/izlanda\/\" target=\"_blank\">\u0130zlanda<\/a> kat\u0131l\u0131m\u0131n\u0131 sorguluyor<\/h2>\n<p>&#13;<br \/>\n\t\u0130zlanda yay\u0131n kurulu\u015fu RUV&#8217;dan yap\u0131lan a\u00e7\u0131klamada, \u0130srail&#8217;in Eurovision&#8217;a kat\u0131lmas\u0131 durumunda \u0130zlanda&#8217;n\u0131n kat\u0131l\u0131m\u0131n\u0131 sorgulayaca\u011f\u0131 ifade edildi.<\/p>\n<p>&#13;<br \/>\n\tA\u00e7\u0131klamada, \u0130zlanda&#8217;n\u0131n Gazze&#8217;deki insani durumu <a href=\"https:\/\/www.trthaber.com\/etiket\/goz\/\" target=\"_blank\">g\u00f6z<\/a> \u00f6n\u00fcnde bulundurarak, Avrupa&#8217;daki yar\u0131\u015fmaya ili\u015fkin genel tutuma dahil olaca\u011f\u0131 belirtildi.<\/p>\n<h2>&#13;<br \/>\n\tHollanda&#8217;da da Eurovision&#8217;a kat\u0131lmayaca\u011f\u0131n\u0131 belirtti<\/h2>\n<p>&#13;<br \/>\n\tHollanda&#8217;n\u0131n kamu yay\u0131nc\u0131s\u0131 AVROTROS&#8217;tan yap\u0131lan a\u00e7\u0131klamada, \u0130srail&#8217;in yar\u0131\u015fmaya kat\u0131lmas\u0131 halinde Hollanda&#8217;n\u0131n kat\u0131l\u0131m\u0131n\u0131n &#8220;m\u00fcmk\u00fcn olmad\u0131\u011f\u0131&#8221; belirtildi.<\/p>\n<p>&#13;<br \/>\n\tA\u00e7\u0131klamada, &#8220;Gazze&#8217;de devam eden ciddi ac\u0131lara ra\u011fmen b\u00f6yle bir durumda \u0130srail&#8217;in kat\u0131l\u0131m\u0131 hakl\u0131 g\u00f6sterilemez.&#8221; ifadelerine yer verildi.<\/p>\n<p>&#13;<br \/>\n\t\u0130srail&#8217;in bu y\u0131l yap\u0131lan Eurovision&#8217;u da siyasi bir ara\u00e7 olarak kulland\u0131\u011f\u0131na ve m\u00fcdahale etti\u011fine vurgu yap\u0131lan a\u00e7\u0131klamada, bu ko\u015fullar\u0131n kamu yay\u0131nc\u0131s\u0131 olan AVROTROS&#8217;un savundu\u011fu de\u011ferlerle \u00e7eli\u015fti\u011fi kaydedildi.<\/p>\n<h2>&#13;<br \/>\n\t<a href=\"https:\/\/www.trthaber.com\/etiket\/belcika\/\" target=\"_blank\">Bel\u00e7ika<\/a> ise karar\u0131n\u0131 aral\u0131kta a\u00e7\u0131klayacak<\/h2>\n<p>&#13;<br \/>\n\tGelecek y\u0131l d\u00fczenlenecek yar\u0131\u015fmaya \u0130srail&#8217;in kat\u0131lmas\u0131yla ilgili endi\u015feler ta\u015f\u0131yan Bel\u00e7ika da kendi kat\u0131l\u0131m\u0131yla ilgili karar\u0131 aral\u0131kta verece\u011fini duyurdu.<\/p>\n<p>&#13;<br \/>\n\tBel\u00e7ika&#8217;n\u0131n Flamanca yay\u0131n yapan kamu televizyonu VRT&#8217;nin a\u00e7\u0131klamas\u0131nda, Eurovision \u015eark\u0131 Yar\u0131\u015fmas\u0131&#8217;ndan \u0130srail&#8217;in kat\u0131l\u0131m\u0131 nedeniyle \u00e7ekilen \u00fclkelerin tutumunun payla\u015f\u0131ld\u0131\u011f\u0131 ve destekledi\u011fi belirtildi.<\/p>\n<p>&#13;<br \/>\n\tAncak, Bel\u00e7ika&#8217;n\u0131n kat\u0131l\u0131p kat\u0131lmayaca\u011f\u0131na dair karar\u0131n bu kez Frans\u0131zca yay\u0131n yapan kamu televizyonu RTBF&#8217;ye ait oldu\u011funa i\u015faret edilen a\u00e7\u0131klamada, bu karar\u0131n RTBF taraf\u0131ndan aral\u0131k ay\u0131nda verilece\u011fi kaydedildi.<\/p>\n<\/p><\/div>\n","protected":false},"excerpt":{"rendered":"<p>&#13; Bir\u00e7ok \u00fclkenin kamu yay\u0131nc\u0131s\u0131 kurulu\u015fu, Gazze&#8217;de soyk\u0131r\u0131ma devam eden \u0130srail\u2019in 2026 Eurovision \u015eark\u0131 Yar\u0131\u015fmas\u0131\u2019na kat\u0131lmas\u0131na izin verilmesi halinde kendi \u00fclkelerinin yar\u0131\u015fmaya kat\u0131lmayaca\u011f\u0131n\u0131 a\u00e7\u0131klad\u0131. &#13; \u0130spanya K\u00fclt\u00fcr Bakan\u0131 Ernest Urtasun, ulusal bir televizyon kanal\u0131na yapt\u0131\u011f\u0131 a\u00e7\u0131klamada, \u0130srail&#8217;in Eurovision&#8217;a kat\u0131lmas\u0131 durumunda somut ad\u0131mlar\u0131n at\u0131lmas\u0131 gerekti\u011fini belirterek, \u0130spanya&#8217;n\u0131n kat\u0131l\u0131m\u0131n\u0131 sorgulad\u0131\u011f\u0131n\u0131 s\u00f6yledi. &#13; Son karar\u0131 \u0130spanya devlet televizyonu [&hellip;]<\/p>\n","protected":false},"author":1,"featured_media":31637,"comment_status":"open","ping_status":"open","sticky":false,"template":"","format":"standard","meta":{"jnews-multi-image_gallery":[],"jnews_single_post":[],"jnews_primary_category":[],"jnews_social_meta":[],"jnews_override_counter":[],"footnotes":""},"categories":[2],"tags":[],"class_list":["post-31636","post","type-post","status-publish","format-standard","has-post-thumbnail","hentry","category-dunya"],"yoast_head":"<!-- This site is optimized with the Yoast SEO plugin v27.5 - https:\/\/yoast.com\/product\/yoast-seo-wordpress\/ -->\n<title>\u0130srail&#039;in Eurovision&#039;a kat\u0131lmas\u0131na kar\u015f\u0131 \u00e7\u0131kan \u00fclkelerin say\u0131s\u0131 art\u0131yor - Kuzeyin Sesi<\/title>\n<meta name=\"robots\" content=\"index, follow, max-snippet:-1, max-image-preview:large, max-video-preview:-1\" \/>\n<link rel=\"canonical\" href=\"https:\/\/kuzeyinsesi.org\/index.php\/2025\/09\/12\/israilin-eurovisiona-katilmasina-karsi-cikan-ulkelerin-sayisi-artiyor\/\" \/>\n<meta property=\"og:locale\" content=\"tr_TR\" \/>\n<meta property=\"og:type\" content=\"article\" \/>\n<meta property=\"og:title\" content=\"\u0130srail&#039;in Eurovision&#039;a kat\u0131lmas\u0131na kar\u015f\u0131 \u00e7\u0131kan \u00fclkelerin say\u0131s\u0131 art\u0131yor - Kuzeyin Sesi\" \/>\n<meta property=\"og:description\" content=\"&#013; Bir\u00e7ok \u00fclkenin kamu yay\u0131nc\u0131s\u0131 kurulu\u015fu, Gazze&#8217;de soyk\u0131r\u0131ma devam eden \u0130srail\u2019in 2026 Eurovision \u015eark\u0131 Yar\u0131\u015fmas\u0131\u2019na kat\u0131lmas\u0131na izin verilmesi halinde kendi \u00fclkelerinin yar\u0131\u015fmaya kat\u0131lmayaca\u011f\u0131n\u0131 a\u00e7\u0131klad\u0131. &#013; \u0130spanya K\u00fclt\u00fcr Bakan\u0131 Ernest Urtasun, ulusal bir televizyon kanal\u0131na yapt\u0131\u011f\u0131 a\u00e7\u0131klamada, \u0130srail&#8217;in Eurovision&#8217;a kat\u0131lmas\u0131 durumunda somut ad\u0131mlar\u0131n at\u0131lmas\u0131 gerekti\u011fini belirterek, \u0130spanya&#8217;n\u0131n kat\u0131l\u0131m\u0131n\u0131 sorgulad\u0131\u011f\u0131n\u0131 s\u00f6yledi. &#013; Son karar\u0131 \u0130spanya devlet televizyonu [&hellip;]\" \/>\n<meta property=\"og:url\" content=\"https:\/\/kuzeyinsesi.org\/index.php\/2025\/09\/12\/israilin-eurovisiona-katilmasina-karsi-cikan-ulkelerin-sayisi-artiyor\/\" \/>\n<meta property=\"og:site_name\" content=\"Kuzeyin Sesi\" \/>\n<meta property=\"article:publisher\" content=\"https:\/\/www.facebook.com\/kuzeyinsesii\" \/>\n<meta property=\"article:published_time\" content=\"2025-09-12T19:28:59+00:00\" \/>\n<meta property=\"og:image\" content=\"https:\/\/trthaberstatic.cdn.wp.trt.com.tr\/resimler\/1934000\/eurovision-1935831.jpg\" \/>\n<meta name=\"author\" content=\"Kuzeyin Sesi\" \/>\n<meta name=\"twitter:card\" content=\"summary_large_image\" \/>\n<meta name=\"twitter:creator\" content=\"@kuzeyinsesii\" \/>\n<meta name=\"twitter:site\" content=\"@kuzeyinsesii\" \/>\n<meta name=\"twitter:label1\" content=\"Yazan:\" \/>\n\t<meta name=\"twitter:data1\" content=\"Kuzeyin Sesi\" \/>\n\t<meta name=\"twitter:label2\" content=\"Tahmini okuma s\u00fcresi\" \/>\n\t<meta name=\"twitter:data2\" content=\"3 dakika\" \/>\n<script type=\"application\/ld+json\" class=\"yoast-schema-graph\">{\"@context\":\"https:\\\/\\\/schema.org\",\"@graph\":[{\"@type\":\"Article\",\"@id\":\"https:\\\/\\\/kuzeyinsesi.org\\\/index.php\\\/2025\\\/09\\\/12\\\/israilin-eurovisiona-katilmasina-karsi-cikan-ulkelerin-sayisi-artiyor\\\/#article\",\"isPartOf\":{\"@id\":\"https:\\\/\\\/kuzeyinsesi.org\\\/index.php\\\/2025\\\/09\\\/12\\\/israilin-eurovisiona-katilmasina-karsi-cikan-ulkelerin-sayisi-artiyor\\\/\"},\"author\":{\"name\":\"Kuzeyin Sesi\",\"@id\":\"https:\\\/\\\/kuzeyinsesi.org\\\/#\\\/schema\\\/person\\\/9f859689cdf01485597712386e37f5aa\"},\"headline\":\"\u0130srail&#039;in Eurovision&#039;a kat\u0131lmas\u0131na kar\u015f\u0131 \u00e7\u0131kan \u00fclkelerin say\u0131s\u0131 art\u0131yor\",\"datePublished\":\"2025-09-12T19:28:59+00:00\",\"mainEntityOfPage\":{\"@id\":\"https:\\\/\\\/kuzeyinsesi.org\\\/index.php\\\/2025\\\/09\\\/12\\\/israilin-eurovisiona-katilmasina-karsi-cikan-ulkelerin-sayisi-artiyor\\\/\"},\"wordCount\":650,\"commentCount\":0,\"image\":{\"@id\":\"https:\\\/\\\/kuzeyinsesi.org\\\/index.php\\\/2025\\\/09\\\/12\\\/israilin-eurovisiona-katilmasina-karsi-cikan-ulkelerin-sayisi-artiyor\\\/#primaryimage\"},\"thumbnailUrl\":\"https:\\\/\\\/kuzeyinsesi.org\\\/wp-content\\\/uploads\\\/2025\\\/09\\\/eurovision-1935831.jpg\",\"articleSection\":[\"D\u00fcnya\"],\"inLanguage\":\"tr\",\"potentialAction\":[{\"@type\":\"CommentAction\",\"name\":\"Comment\",\"target\":[\"https:\\\/\\\/kuzeyinsesi.org\\\/index.php\\\/2025\\\/09\\\/12\\\/israilin-eurovisiona-katilmasina-karsi-cikan-ulkelerin-sayisi-artiyor\\\/#respond\"]}]},{\"@type\":\"WebPage\",\"@id\":\"https:\\\/\\\/kuzeyinsesi.org\\\/index.php\\\/2025\\\/09\\\/12\\\/israilin-eurovisiona-katilmasina-karsi-cikan-ulkelerin-sayisi-artiyor\\\/\",\"url\":\"https:\\\/\\\/kuzeyinsesi.org\\\/index.php\\\/2025\\\/09\\\/12\\\/israilin-eurovisiona-katilmasina-karsi-cikan-ulkelerin-sayisi-artiyor\\\/\",\"name\":\"\u0130srail&#039;in Eurovision&#039;a kat\u0131lmas\u0131na kar\u015f\u0131 \u00e7\u0131kan \u00fclkelerin say\u0131s\u0131 art\u0131yor - Kuzeyin Sesi\",\"isPartOf\":{\"@id\":\"https:\\\/\\\/kuzeyinsesi.org\\\/#website\"},\"primaryImageOfPage\":{\"@id\":\"https:\\\/\\\/kuzeyinsesi.org\\\/index.php\\\/2025\\\/09\\\/12\\\/israilin-eurovisiona-katilmasina-karsi-cikan-ulkelerin-sayisi-artiyor\\\/#primaryimage\"},\"image\":{\"@id\":\"https:\\\/\\\/kuzeyinsesi.org\\\/index.php\\\/2025\\\/09\\\/12\\\/israilin-eurovisiona-katilmasina-karsi-cikan-ulkelerin-sayisi-artiyor\\\/#primaryimage\"},\"thumbnailUrl\":\"https:\\\/\\\/kuzeyinsesi.org\\\/wp-content\\\/uploads\\\/2025\\\/09\\\/eurovision-1935831.jpg\",\"datePublished\":\"2025-09-12T19:28:59+00:00\",\"author\":{\"@id\":\"https:\\\/\\\/kuzeyinsesi.org\\\/#\\\/schema\\\/person\\\/9f859689cdf01485597712386e37f5aa\"},\"breadcrumb\":{\"@id\":\"https:\\\/\\\/kuzeyinsesi.org\\\/index.php\\\/2025\\\/09\\\/12\\\/israilin-eurovisiona-katilmasina-karsi-cikan-ulkelerin-sayisi-artiyor\\\/#breadcrumb\"},\"inLanguage\":\"tr\",\"potentialAction\":[{\"@type\":\"ReadAction\",\"target\":[\"https:\\\/\\\/kuzeyinsesi.org\\\/index.php\\\/2025\\\/09\\\/12\\\/israilin-eurovisiona-katilmasina-karsi-cikan-ulkelerin-sayisi-artiyor\\\/\"]}]},{\"@type\":\"ImageObject\",\"inLanguage\":\"tr\",\"@id\":\"https:\\\/\\\/kuzeyinsesi.org\\\/index.php\\\/2025\\\/09\\\/12\\\/israilin-eurovisiona-katilmasina-karsi-cikan-ulkelerin-sayisi-artiyor\\\/#primaryimage\",\"url\":\"https:\\\/\\\/kuzeyinsesi.org\\\/wp-content\\\/uploads\\\/2025\\\/09\\\/eurovision-1935831.jpg\",\"contentUrl\":\"https:\\\/\\\/kuzeyinsesi.org\\\/wp-content\\\/uploads\\\/2025\\\/09\\\/eurovision-1935831.jpg\",\"width\":1280,\"height\":720},{\"@type\":\"BreadcrumbList\",\"@id\":\"https:\\\/\\\/kuzeyinsesi.org\\\/index.php\\\/2025\\\/09\\\/12\\\/israilin-eurovisiona-katilmasina-karsi-cikan-ulkelerin-sayisi-artiyor\\\/#breadcrumb\",\"itemListElement\":[{\"@type\":\"ListItem\",\"position\":1,\"name\":\"Anasayfa\",\"item\":\"https:\\\/\\\/kuzeyinsesi.org\\\/\"},{\"@type\":\"ListItem\",\"position\":2,\"name\":\"\u0130srail&#039;in Eurovision&#039;a kat\u0131lmas\u0131na kar\u015f\u0131 \u00e7\u0131kan \u00fclkelerin say\u0131s\u0131 art\u0131yor\"}]},{\"@type\":\"WebSite\",\"@id\":\"https:\\\/\\\/kuzeyinsesi.org\\\/#website\",\"url\":\"https:\\\/\\\/kuzeyinsesi.org\\\/\",\"name\":\"Kuzeyin Sesi\",\"description\":\"Do\u011fru Haberin Adresi\",\"potentialAction\":[{\"@type\":\"SearchAction\",\"target\":{\"@type\":\"EntryPoint\",\"urlTemplate\":\"https:\\\/\\\/kuzeyinsesi.org\\\/?s={search_term_string}\"},\"query-input\":{\"@type\":\"PropertyValueSpecification\",\"valueRequired\":true,\"valueName\":\"search_term_string\"}}],\"inLanguage\":\"tr\"},{\"@type\":\"Person\",\"@id\":\"https:\\\/\\\/kuzeyinsesi.org\\\/#\\\/schema\\\/person\\\/9f859689cdf01485597712386e37f5aa\",\"name\":\"Kuzeyin Sesi\",\"image\":{\"@type\":\"ImageObject\",\"inLanguage\":\"tr\",\"@id\":\"https:\\\/\\\/secure.gravatar.com\\\/avatar\\\/bab33852abfd8b282518d6ed81826833d77c3c882d9ab608add591ccace47a44?s=96&d=mm&r=g\",\"url\":\"https:\\\/\\\/secure.gravatar.com\\\/avatar\\\/bab33852abfd8b282518d6ed81826833d77c3c882d9ab608add591ccace47a44?s=96&d=mm&r=g\",\"contentUrl\":\"https:\\\/\\\/secure.gravatar.com\\\/avatar\\\/bab33852abfd8b282518d6ed81826833d77c3c882d9ab608add591ccace47a44?s=96&d=mm&r=g\",\"caption\":\"Kuzeyin Sesi\"},\"sameAs\":[\"https:\\\/\\\/kuzeyinsesi.org\"],\"url\":\"https:\\\/\\\/kuzeyinsesi.org\\\/index.php\\\/author\\\/guven\\\/\"}]}<\/script>\n<!-- \/ Yoast SEO plugin. -->","yoast_head_json":{"title":"\u0130srail&#039;in Eurovision&#039;a kat\u0131lmas\u0131na kar\u015f\u0131 \u00e7\u0131kan \u00fclkelerin say\u0131s\u0131 art\u0131yor - Kuzeyin Sesi","robots":{"index":"index","follow":"follow","max-snippet":"max-snippet:-1","max-image-preview":"max-image-preview:large","max-video-preview":"max-video-preview:-1"},"canonical":"https:\/\/kuzeyinsesi.org\/index.php\/2025\/09\/12\/israilin-eurovisiona-katilmasina-karsi-cikan-ulkelerin-sayisi-artiyor\/","og_locale":"tr_TR","og_type":"article","og_title":"\u0130srail&#039;in Eurovision&#039;a kat\u0131lmas\u0131na kar\u015f\u0131 \u00e7\u0131kan \u00fclkelerin say\u0131s\u0131 art\u0131yor - Kuzeyin Sesi","og_description":"&#13; Bir\u00e7ok \u00fclkenin kamu yay\u0131nc\u0131s\u0131 kurulu\u015fu, Gazze&#8217;de soyk\u0131r\u0131ma devam eden \u0130srail\u2019in 2026 Eurovision \u015eark\u0131 Yar\u0131\u015fmas\u0131\u2019na kat\u0131lmas\u0131na izin verilmesi halinde kendi \u00fclkelerinin yar\u0131\u015fmaya kat\u0131lmayaca\u011f\u0131n\u0131 a\u00e7\u0131klad\u0131. &#13; \u0130spanya K\u00fclt\u00fcr Bakan\u0131 Ernest Urtasun, ulusal bir televizyon kanal\u0131na yapt\u0131\u011f\u0131 a\u00e7\u0131klamada, \u0130srail&#8217;in Eurovision&#8217;a kat\u0131lmas\u0131 durumunda somut ad\u0131mlar\u0131n at\u0131lmas\u0131 gerekti\u011fini belirterek, \u0130spanya&#8217;n\u0131n kat\u0131l\u0131m\u0131n\u0131 sorgulad\u0131\u011f\u0131n\u0131 s\u00f6yledi. &#13; Son karar\u0131 \u0130spanya devlet televizyonu [&hellip;]","og_url":"https:\/\/kuzeyinsesi.org\/index.php\/2025\/09\/12\/israilin-eurovisiona-katilmasina-karsi-cikan-ulkelerin-sayisi-artiyor\/","og_site_name":"Kuzeyin Sesi","article_publisher":"https:\/\/www.facebook.com\/kuzeyinsesii","article_published_time":"2025-09-12T19:28:59+00:00","og_image":[{"url":"https:\/\/trthaberstatic.cdn.wp.trt.com.tr\/resimler\/1934000\/eurovision-1935831.jpg","type":"","width":"","height":""}],"author":"Kuzeyin Sesi","twitter_card":"summary_large_image","twitter_creator":"@kuzeyinsesii","twitter_site":"@kuzeyinsesii","twitter_misc":{"Yazan:":"Kuzeyin Sesi","Tahmini okuma s\u00fcresi":"3 dakika"},"schema":{"@context":"https:\/\/schema.org","@graph":[{"@type":"Article","@id":"https:\/\/kuzeyinsesi.org\/index.php\/2025\/09\/12\/israilin-eurovisiona-katilmasina-karsi-cikan-ulkelerin-sayisi-artiyor\/#article","isPartOf":{"@id":"https:\/\/kuzeyinsesi.org\/index.php\/2025\/09\/12\/israilin-eurovisiona-katilmasina-karsi-cikan-ulkelerin-sayisi-artiyor\/"},"author":{"name":"Kuzeyin Sesi","@id":"https:\/\/kuzeyinsesi.org\/#\/schema\/person\/9f859689cdf01485597712386e37f5aa"},"headline":"\u0130srail&#039;in Eurovision&#039;a kat\u0131lmas\u0131na kar\u015f\u0131 \u00e7\u0131kan \u00fclkelerin say\u0131s\u0131 art\u0131yor","datePublished":"2025-09-12T19:28:59+00:00","mainEntityOfPage":{"@id":"https:\/\/kuzeyinsesi.org\/index.php\/2025\/09\/12\/israilin-eurovisiona-katilmasina-karsi-cikan-ulkelerin-sayisi-artiyor\/"},"wordCount":650,"commentCount":0,"image":{"@id":"https:\/\/kuzeyinsesi.org\/index.php\/2025\/09\/12\/israilin-eurovisiona-katilmasina-karsi-cikan-ulkelerin-sayisi-artiyor\/#primaryimage"},"thumbnailUrl":"https:\/\/kuzeyinsesi.org\/wp-content\/uploads\/2025\/09\/eurovision-1935831.jpg","articleSection":["D\u00fcnya"],"inLanguage":"tr","potentialAction":[{"@type":"CommentAction","name":"Comment","target":["https:\/\/kuzeyinsesi.org\/index.php\/2025\/09\/12\/israilin-eurovisiona-katilmasina-karsi-cikan-ulkelerin-sayisi-artiyor\/#respond"]}]},{"@type":"WebPage","@id":"https:\/\/kuzeyinsesi.org\/index.php\/2025\/09\/12\/israilin-eurovisiona-katilmasina-karsi-cikan-ulkelerin-sayisi-artiyor\/","url":"https:\/\/kuzeyinsesi.org\/index.php\/2025\/09\/12\/israilin-eurovisiona-katilmasina-karsi-cikan-ulkelerin-sayisi-artiyor\/","name":"\u0130srail&#039;in Eurovision&#039;a kat\u0131lmas\u0131na kar\u015f\u0131 \u00e7\u0131kan \u00fclkelerin say\u0131s\u0131 art\u0131yor - Kuzeyin Sesi","isPartOf":{"@id":"https:\/\/kuzeyinsesi.org\/#website"},"primaryImageOfPage":{"@id":"https:\/\/kuzeyinsesi.org\/index.php\/2025\/09\/12\/israilin-eurovisiona-katilmasina-karsi-cikan-ulkelerin-sayisi-artiyor\/#primaryimage"},"image":{"@id":"https:\/\/kuzeyinsesi.org\/index.php\/2025\/09\/12\/israilin-eurovisiona-katilmasina-karsi-cikan-ulkelerin-sayisi-artiyor\/#primaryimage"},"thumbnailUrl":"https:\/\/kuzeyinsesi.org\/wp-content\/uploads\/2025\/09\/eurovision-1935831.jpg","datePublished":"2025-09-12T19:28:59+00:00","author":{"@id":"https:\/\/kuzeyinsesi.org\/#\/schema\/person\/9f859689cdf01485597712386e37f5aa"},"breadcrumb":{"@id":"https:\/\/kuzeyinsesi.org\/index.php\/2025\/09\/12\/israilin-eurovisiona-katilmasina-karsi-cikan-ulkelerin-sayisi-artiyor\/#breadcrumb"},"inLanguage":"tr","potentialAction":[{"@type":"ReadAction","target":["https:\/\/kuzeyinsesi.org\/index.php\/2025\/09\/12\/israilin-eurovisiona-katilmasina-karsi-cikan-ulkelerin-sayisi-artiyor\/"]}]},{"@type":"ImageObject","inLanguage":"tr","@id":"https:\/\/kuzeyinsesi.org\/index.php\/2025\/09\/12\/israilin-eurovisiona-katilmasina-karsi-cikan-ulkelerin-sayisi-artiyor\/#primaryimage","url":"https:\/\/kuzeyinsesi.org\/wp-content\/uploads\/2025\/09\/eurovision-1935831.jpg","contentUrl":"https:\/\/kuzeyinsesi.org\/wp-content\/uploads\/2025\/09\/eurovision-1935831.jpg","width":1280,"height":720},{"@type":"BreadcrumbList","@id":"https:\/\/kuzeyinsesi.org\/index.php\/2025\/09\/12\/israilin-eurovisiona-katilmasina-karsi-cikan-ulkelerin-sayisi-artiyor\/#breadcrumb","itemListElement":[{"@type":"ListItem","position":1,"name":"Anasayfa","item":"https:\/\/kuzeyinsesi.org\/"},{"@type":"ListItem","position":2,"name":"\u0130srail&#039;in Eurovision&#039;a kat\u0131lmas\u0131na kar\u015f\u0131 \u00e7\u0131kan \u00fclkelerin say\u0131s\u0131 art\u0131yor"}]},{"@type":"WebSite","@id":"https:\/\/kuzeyinsesi.org\/#website","url":"https:\/\/kuzeyinsesi.org\/","name":"Kuzeyin Sesi","description":"Do\u011fru Haberin Adresi","potentialAction":[{"@type":"SearchAction","target":{"@type":"EntryPoint","urlTemplate":"https:\/\/kuzeyinsesi.org\/?s={search_term_string}"},"query-input":{"@type":"PropertyValueSpecification","valueRequired":true,"valueName":"search_term_string"}}],"inLanguage":"tr"},{"@type":"Person","@id":"https:\/\/kuzeyinsesi.org\/#\/schema\/person\/9f859689cdf01485597712386e37f5aa","name":"Kuzeyin Sesi","image":{"@type":"ImageObject","inLanguage":"tr","@id":"https:\/\/secure.gravatar.com\/avatar\/bab33852abfd8b282518d6ed81826833d77c3c882d9ab608add591ccace47a44?s=96&d=mm&r=g","url":"https:\/\/secure.gravatar.com\/avatar\/bab33852abfd8b282518d6ed81826833d77c3c882d9ab608add591ccace47a44?s=96&d=mm&r=g","contentUrl":"https:\/\/secure.gravatar.com\/avatar\/bab33852abfd8b282518d6ed81826833d77c3c882d9ab608add591ccace47a44?s=96&d=mm&r=g","caption":"Kuzeyin Sesi"},"sameAs":["https:\/\/kuzeyinsesi.org"],"url":"https:\/\/kuzeyinsesi.org\/index.php\/author\/guven\/"}]}},"_links":{"self":[{"href":"https:\/\/kuzeyinsesi.org\/index.php\/wp-json\/wp\/v2\/posts\/31636","targetHints":{"allow":["GET"]}}],"collection":[{"href":"https:\/\/kuzeyinsesi.org\/index.php\/wp-json\/wp\/v2\/posts"}],"about":[{"href":"https:\/\/kuzeyinsesi.org\/index.php\/wp-json\/wp\/v2\/types\/post"}],"author":[{"embeddable":true,"href":"https:\/\/kuzeyinsesi.org\/index.php\/wp-json\/wp\/v2\/users\/1"}],"replies":[{"embeddable":true,"href":"https:\/\/kuzeyinsesi.org\/index.php\/wp-json\/wp\/v2\/comments?post=31636"}],"version-history":[{"count":0,"href":"https:\/\/kuzeyinsesi.org\/index.php\/wp-json\/wp\/v2\/posts\/31636\/revisions"}],"wp:featuredmedia":[{"embeddable":true,"href":"https:\/\/kuzeyinsesi.org\/index.php\/wp-json\/wp\/v2\/media\/31637"}],"wp:attachment":[{"href":"https:\/\/kuzeyinsesi.org\/index.php\/wp-json\/wp\/v2\/media?parent=31636"}],"wp:term":[{"taxonomy":"category","embeddable":true,"href":"https:\/\/kuzeyinsesi.org\/index.php\/wp-json\/wp\/v2\/categories?post=31636"},{"taxonomy":"post_tag","embeddable":true,"href":"https:\/\/kuzeyinsesi.org\/index.php\/wp-json\/wp\/v2\/tags?post=31636"}],"curies":[{"name":"wp","href":"https:\/\/api.w.org\/{rel}","templated":true}]}}