{"id":31607,"date":"2025-09-12T02:40:21","date_gmt":"2025-09-11T23:40:21","guid":{"rendered":"https:\/\/kuzeyinsesi.org\/index.php\/2025\/09\/12\/turkiyenin-bm-daimi-temsilcisi-israilin-katarda-bulunan-hamas-muzakere-heyetine-saldirisini-kinadi\/"},"modified":"2025-09-12T02:40:21","modified_gmt":"2025-09-11T23:40:21","slug":"turkiyenin-bm-daimi-temsilcisi-israilin-katarda-bulunan-hamas-muzakere-heyetine-saldirisini-kinadi","status":"publish","type":"post","link":"https:\/\/kuzeyinsesi.org\/index.php\/2025\/09\/12\/turkiyenin-bm-daimi-temsilcisi-israilin-katarda-bulunan-hamas-muzakere-heyetine-saldirisini-kinadi\/","title":{"rendered":"T\u00fcrkiye&#039;nin BM Daimi Temsilcisi, \u0130srail&#039;in Katar&#039;da bulunan Hamas m\u00fczakere heyetine sald\u0131r\u0131s\u0131n\u0131 k\u0131nad\u0131:"},"content":{"rendered":"<p><\/p>\n<div>\n<p>&#13;<br \/>\n\tT\u00fcrkiye&#8217;nin <a href=\"https:\/\/www.trthaber.com\/etiket\/birlesmis-milletler\/\" target=\"_blank\">Birle\u015fmi\u015f Milletler<\/a> (BM) Daimi Temsilcisi Y\u0131ld\u0131z, &#8220;Orta Do\u011fu&#8217;da durum&#8221; ba\u015fl\u0131\u011f\u0131 alt\u0131nda \u0130srail&#8217;in Doha&#8217;daki sald\u0131r\u0131s\u0131n\u0131 g\u00f6r\u00fc\u015fmek i\u00e7in toplanan BM G\u00fcvenlik Konseyi&#8217;nde <a href=\"https:\/\/www.trthaber.com\/etiket\/islam-isbirligi-teskilati\/\" target=\"_blank\">\u0130slam \u0130\u015fbirli\u011fi Te\u015fkilat\u0131<\/a> (\u0130\u0130T) New York Grubu D\u00f6nem Ba\u015fkan\u0131 olarak konu\u015ftu.<\/p>\n<p>&#13;<br \/>\n\t\u0130srail&#8217;in 9 Eyl\u00fcl&#8217;de Doha&#8217;da <a href=\"https:\/\/www.trthaber.com\/etiket\/hamas\/\" target=\"_blank\">Hamas<\/a> m\u00fczakere ekibine y\u00f6nelik ger\u00e7ekle\u015ftirdi\u011fi hava sald\u0131r\u0131s\u0131 i\u00e7in Y\u0131ld\u0131z, &#8220;\u0130\u0130T grubu, <a href=\"https:\/\/www.trthaber.com\/etiket\/katar\/\" target=\"_blank\">Katar<\/a> devletinin toprak egemenli\u011fini ve ulusal g\u00fcvenli\u011fini a\u00e7\u0131k\u00e7a ihlal eden bu al\u00e7ak\u00e7a ve haks\u0131z sald\u0131r\u0131y\u0131 en g\u00fc\u00e7l\u00fc bir \u015fekilde k\u0131n\u0131yor&#8221; dedi.<\/p>\n<p>&#13;<br \/>\n\tY\u0131ld\u0131z, &#8220;Bu al\u00e7ak\u00e7a eylem hem Orta Do\u011fu b\u00f6lgesinin g\u00fcvenli\u011fine hem de uluslararas\u0131 bar\u0131\u015f ve g\u00fcvenli\u011fe y\u00f6nelik a\u015f\u0131r\u0131 bir tehdit olu\u015fturdu\u011fu kadar, uluslararas\u0131 <a href=\"https:\/\/www.trthaber.com\/etiket\/hukuk\/\" target=\"_blank\">hukuk<\/a> normlar\u0131n\u0131n ve BM \u015eart\u0131&#8217;n\u0131n a\u00e7\u0131k bir ihlalini te\u015fkil etti\u011fi konusunda hi\u00e7bir \u015f\u00fcphe yoktur. Sald\u0131r\u0131 asl\u0131nda bir devlet ter\u00f6rizmini temsil edip, \u0130srail&#8217;in b\u00f6lgeyi istikrars\u0131zla\u015ft\u0131rmaya y\u00f6nelik sistematik politikalar\u0131n\u0131n ve devam eden \u00e7abalar\u0131n\u0131n bir par\u00e7as\u0131d\u0131r&#8221; ifadelerini kulland\u0131.<\/p>\n<h2>&#13;<br \/>\n\t&#8220;G\u00fcvenlik Konseyi&#8217;ni \u0130srail&#8217;i bu sald\u0131rgan eylemden sorumlu tutmaya \u00e7a\u011f\u0131r\u0131yoruz&#8221;<\/h2>\n<p>&#13;<br \/>\n\tBu kritik d\u00f6nemde Katar ile tam dayan\u0131\u015fma i\u00e7inde olduklar\u0131n\u0131 belirten Y\u0131ld\u0131z, Katar&#8217;\u0131n, g\u00fcvenli\u011fini tehdit eden ve b\u00f6lgesel istikrar\u0131 tehlikeye atan her t\u00fcrl\u00fc pervas\u0131z ihlal veya sald\u0131rganl\u0131\u011fa kararl\u0131l\u0131kla yan\u0131t verme hakk\u0131n\u0131 ve g\u00f6revini desteklediklerini a\u00e7\u0131klad\u0131.<\/p>\n<p>&#13;<br \/>\n\tY\u0131ld\u0131z, Katar&#8217;\u0131n arabuluculuk, gerginli\u011fin azalt\u0131lmas\u0131, b\u00f6lge ve \u00f6tesindeki anla\u015fmazl\u0131klar\u0131n bar\u0131\u015f\u00e7\u0131l \u00e7\u00f6z\u00fcm\u00fc alanlar\u0131nda g\u00f6sterdi\u011fi \u00e7abalar\u0131 takdir ettiklerini de ekleyerek, &#8220;Bu \u00e7abalar, BM \u015eart\u0131 uyar\u0131nca uluslararas\u0131 bar\u0131\u015f ve g\u00fcvenli\u011fin korunmas\u0131 i\u00e7in hayati \u00f6nem ta\u015f\u0131maktad\u0131r&#8221; diye konu\u015ftu.<\/p>\n<p>&#13;<br \/>\n\tBM G\u00fcvenlik Konseyi&#8217;ni Katar&#8217;\u0131n egemenli\u011fine kar\u015f\u0131 haks\u0131z yere silahl\u0131 g\u00fc\u00e7 kullan\u0131lmas\u0131na kar\u015f\u0131 sert \u00f6nlemler almaya \u00e7a\u011f\u0131ran Y\u0131ld\u0131z, &#8220;Bu eylem, uluslararas\u0131 bar\u0131\u015f ve g\u00fcvenli\u011fe a\u00e7\u0131k bir tehdit olu\u015fturmaktad\u0131r. Bu do\u011frultuda, G\u00fcvenlik Konseyi&#8217;ni \u0130srail&#8217;i bu sald\u0131rgan eyleminden sorumlu tutmaya \u00e7a\u011f\u0131r\u0131yoruz&#8221; dedi.<\/p>\n<p>&#13;<br \/>\n\tY\u0131ld\u0131z, konu\u015fmas\u0131na \u015f\u00f6yle devam etti:<\/p>\n<p>&#13;<br \/>\n\t<em>&#8220;\u0130\u0130T grubu, b\u00f6lgemizde bar\u0131\u015f yanl\u0131s\u0131 ve arabulucu bir devlete y\u00f6nelik bu son sald\u0131r\u0131 eyleminin \u0130srail&#8217;in Orta Do\u011fu \u00fclkeleriyle ili\u015fkilerinde s\u00fcregelen dokunulmazl\u0131\u011f\u0131n\u0131n bir ba\u015fka \u00f6rne\u011fi olarak g\u00f6rmektedir. BM&#8217;nin, \u00f6zellikle de bu konseyin herhangi bir cayd\u0131r\u0131c\u0131 \u00f6nlem almamas\u0131n\u0131n, <a href=\"https:\/\/www.trthaber.com\/etiket\/israil\/\" target=\"_blank\">\u0130srail<\/a> makamlar\u0131n\u0131 uluslararas\u0131 hukuku ve BM \u015eart\u0131&#8217;n\u0131 s\u00fcrekli ihlal etme konusunda cesaretlendirmeye devam etti\u011fi a\u015fikard\u0131r.&#8221;<\/em><\/p>\n<p>&#13;<br \/>\n\t\u0130\u0130T&#8217;nin, t\u00fcz\u00fc\u011f\u00fc gere\u011fi \u00fcyelerinden herhangi birinin egemenli\u011fine ve g\u00fcvenli\u011fine y\u00f6nelik her t\u00fcrl\u00fc sald\u0131r\u0131y\u0131 kesin bir dille reddeden sars\u0131lmaz bir duru\u015fu oldu\u011funu hat\u0131rlatan Y\u0131ld\u0131z, Uluslararas\u0131 toplumu da Katar&#8217;a y\u00f6nelik bu yasad\u0131\u015f\u0131 sald\u0131r\u0131y\u0131 \u015fiddetle k\u0131namaya \u00e7a\u011f\u0131rd\u0131.<\/p>\n<p>&#13;<br \/>\n\tT\u00fcrkiye, \u0130\u0130T New York Grubu D\u00f6nem Ba\u015fkanl\u0131\u011f\u0131n\u0131 25 Haziran&#8217;da Kamerun&#8217;dan devralm\u0131\u015ft\u0131.<\/p>\n<\/p><\/div>\n","protected":false},"excerpt":{"rendered":"<p>&#13; T\u00fcrkiye&#8217;nin Birle\u015fmi\u015f Milletler (BM) Daimi Temsilcisi Y\u0131ld\u0131z, &#8220;Orta Do\u011fu&#8217;da durum&#8221; ba\u015fl\u0131\u011f\u0131 alt\u0131nda \u0130srail&#8217;in Doha&#8217;daki sald\u0131r\u0131s\u0131n\u0131 g\u00f6r\u00fc\u015fmek i\u00e7in toplanan BM G\u00fcvenlik Konseyi&#8217;nde \u0130slam \u0130\u015fbirli\u011fi Te\u015fkilat\u0131 (\u0130\u0130T) New York Grubu D\u00f6nem Ba\u015fkan\u0131 olarak konu\u015ftu. &#13; \u0130srail&#8217;in 9 Eyl\u00fcl&#8217;de Doha&#8217;da Hamas m\u00fczakere ekibine y\u00f6nelik ger\u00e7ekle\u015ftirdi\u011fi hava sald\u0131r\u0131s\u0131 i\u00e7in Y\u0131ld\u0131z, &#8220;\u0130\u0130T grubu, Katar devletinin toprak egemenli\u011fini ve ulusal [&hellip;]<\/p>\n","protected":false},"author":1,"featured_media":31608,"comment_status":"open","ping_status":"open","sticky":false,"template":"","format":"standard","meta":{"jnews-multi-image_gallery":[],"jnews_single_post":[],"jnews_primary_category":[],"jnews_social_meta":[],"jnews_override_counter":[],"footnotes":""},"categories":[2],"tags":[],"class_list":["post-31607","post","type-post","status-publish","format-standard","has-post-thumbnail","hentry","category-dunya"],"yoast_head":"<!-- This site is optimized with the Yoast SEO plugin v27.5 - https:\/\/yoast.com\/product\/yoast-seo-wordpress\/ -->\n<title>T\u00fcrkiye&#039;nin BM Daimi Temsilcisi, \u0130srail&#039;in Katar&#039;da bulunan Hamas m\u00fczakere heyetine sald\u0131r\u0131s\u0131n\u0131 k\u0131nad\u0131: - Kuzeyin Sesi<\/title>\n<meta name=\"robots\" content=\"index, follow, max-snippet:-1, max-image-preview:large, max-video-preview:-1\" \/>\n<link rel=\"canonical\" href=\"https:\/\/kuzeyinsesi.org\/index.php\/2025\/09\/12\/turkiyenin-bm-daimi-temsilcisi-israilin-katarda-bulunan-hamas-muzakere-heyetine-saldirisini-kinadi\/\" \/>\n<meta property=\"og:locale\" content=\"tr_TR\" \/>\n<meta property=\"og:type\" content=\"article\" \/>\n<meta property=\"og:title\" content=\"T\u00fcrkiye&#039;nin BM Daimi Temsilcisi, \u0130srail&#039;in Katar&#039;da bulunan Hamas m\u00fczakere heyetine sald\u0131r\u0131s\u0131n\u0131 k\u0131nad\u0131: - Kuzeyin Sesi\" \/>\n<meta property=\"og:description\" content=\"&#013; T\u00fcrkiye&#8217;nin Birle\u015fmi\u015f Milletler (BM) Daimi Temsilcisi Y\u0131ld\u0131z, &#8220;Orta Do\u011fu&#8217;da durum&#8221; ba\u015fl\u0131\u011f\u0131 alt\u0131nda \u0130srail&#8217;in Doha&#8217;daki sald\u0131r\u0131s\u0131n\u0131 g\u00f6r\u00fc\u015fmek i\u00e7in toplanan BM G\u00fcvenlik Konseyi&#8217;nde \u0130slam \u0130\u015fbirli\u011fi Te\u015fkilat\u0131 (\u0130\u0130T) New York Grubu D\u00f6nem Ba\u015fkan\u0131 olarak konu\u015ftu. &#013; \u0130srail&#8217;in 9 Eyl\u00fcl&#8217;de Doha&#8217;da Hamas m\u00fczakere ekibine y\u00f6nelik ger\u00e7ekle\u015ftirdi\u011fi hava sald\u0131r\u0131s\u0131 i\u00e7in Y\u0131ld\u0131z, &#8220;\u0130\u0130T grubu, Katar devletinin toprak egemenli\u011fini ve ulusal [&hellip;]\" \/>\n<meta property=\"og:url\" content=\"https:\/\/kuzeyinsesi.org\/index.php\/2025\/09\/12\/turkiyenin-bm-daimi-temsilcisi-israilin-katarda-bulunan-hamas-muzakere-heyetine-saldirisini-kinadi\/\" \/>\n<meta property=\"og:site_name\" content=\"Kuzeyin Sesi\" \/>\n<meta property=\"article:publisher\" content=\"https:\/\/www.facebook.com\/kuzeyinsesii\" \/>\n<meta property=\"article:published_time\" content=\"2025-09-11T23:40:21+00:00\" \/>\n<meta property=\"og:image\" content=\"https:\/\/trthaberstatic.cdn.wp.trt.com.tr\/resimler\/2370000\/turkiyenin-birlesmis-milletler-bm-daimi-temsilcisi-ahmet-yildizaa-2371985.jpg\" \/>\n<meta name=\"author\" content=\"Kuzeyin Sesi\" \/>\n<meta name=\"twitter:card\" content=\"summary_large_image\" \/>\n<meta name=\"twitter:creator\" content=\"@kuzeyinsesii\" \/>\n<meta name=\"twitter:site\" content=\"@kuzeyinsesii\" \/>\n<meta name=\"twitter:label1\" content=\"Yazan:\" \/>\n\t<meta name=\"twitter:data1\" content=\"Kuzeyin Sesi\" \/>\n\t<meta name=\"twitter:label2\" content=\"Tahmini okuma s\u00fcresi\" \/>\n\t<meta name=\"twitter:data2\" content=\"3 dakika\" \/>\n<script type=\"application\/ld+json\" class=\"yoast-schema-graph\">{\"@context\":\"https:\\\/\\\/schema.org\",\"@graph\":[{\"@type\":\"Article\",\"@id\":\"https:\\\/\\\/kuzeyinsesi.org\\\/index.php\\\/2025\\\/09\\\/12\\\/turkiyenin-bm-daimi-temsilcisi-israilin-katarda-bulunan-hamas-muzakere-heyetine-saldirisini-kinadi\\\/#article\",\"isPartOf\":{\"@id\":\"https:\\\/\\\/kuzeyinsesi.org\\\/index.php\\\/2025\\\/09\\\/12\\\/turkiyenin-bm-daimi-temsilcisi-israilin-katarda-bulunan-hamas-muzakere-heyetine-saldirisini-kinadi\\\/\"},\"author\":{\"name\":\"Kuzeyin Sesi\",\"@id\":\"https:\\\/\\\/kuzeyinsesi.org\\\/#\\\/schema\\\/person\\\/9f859689cdf01485597712386e37f5aa\"},\"headline\":\"T\u00fcrkiye&#039;nin BM Daimi Temsilcisi, \u0130srail&#039;in Katar&#039;da bulunan Hamas m\u00fczakere heyetine sald\u0131r\u0131s\u0131n\u0131 k\u0131nad\u0131:\",\"datePublished\":\"2025-09-11T23:40:21+00:00\",\"mainEntityOfPage\":{\"@id\":\"https:\\\/\\\/kuzeyinsesi.org\\\/index.php\\\/2025\\\/09\\\/12\\\/turkiyenin-bm-daimi-temsilcisi-israilin-katarda-bulunan-hamas-muzakere-heyetine-saldirisini-kinadi\\\/\"},\"wordCount\":576,\"commentCount\":0,\"image\":{\"@id\":\"https:\\\/\\\/kuzeyinsesi.org\\\/index.php\\\/2025\\\/09\\\/12\\\/turkiyenin-bm-daimi-temsilcisi-israilin-katarda-bulunan-hamas-muzakere-heyetine-saldirisini-kinadi\\\/#primaryimage\"},\"thumbnailUrl\":\"https:\\\/\\\/kuzeyinsesi.org\\\/wp-content\\\/uploads\\\/2025\\\/09\\\/turkiyenin-birlesmis-milletler-bm-daimi-temsilcisi-ahmet-yildizaa-2371985.jpg\",\"articleSection\":[\"D\u00fcnya\"],\"inLanguage\":\"tr\",\"potentialAction\":[{\"@type\":\"CommentAction\",\"name\":\"Comment\",\"target\":[\"https:\\\/\\\/kuzeyinsesi.org\\\/index.php\\\/2025\\\/09\\\/12\\\/turkiyenin-bm-daimi-temsilcisi-israilin-katarda-bulunan-hamas-muzakere-heyetine-saldirisini-kinadi\\\/#respond\"]}]},{\"@type\":\"WebPage\",\"@id\":\"https:\\\/\\\/kuzeyinsesi.org\\\/index.php\\\/2025\\\/09\\\/12\\\/turkiyenin-bm-daimi-temsilcisi-israilin-katarda-bulunan-hamas-muzakere-heyetine-saldirisini-kinadi\\\/\",\"url\":\"https:\\\/\\\/kuzeyinsesi.org\\\/index.php\\\/2025\\\/09\\\/12\\\/turkiyenin-bm-daimi-temsilcisi-israilin-katarda-bulunan-hamas-muzakere-heyetine-saldirisini-kinadi\\\/\",\"name\":\"T\u00fcrkiye&#039;nin BM Daimi Temsilcisi, \u0130srail&#039;in Katar&#039;da bulunan Hamas m\u00fczakere heyetine sald\u0131r\u0131s\u0131n\u0131 k\u0131nad\u0131: - Kuzeyin Sesi\",\"isPartOf\":{\"@id\":\"https:\\\/\\\/kuzeyinsesi.org\\\/#website\"},\"primaryImageOfPage\":{\"@id\":\"https:\\\/\\\/kuzeyinsesi.org\\\/index.php\\\/2025\\\/09\\\/12\\\/turkiyenin-bm-daimi-temsilcisi-israilin-katarda-bulunan-hamas-muzakere-heyetine-saldirisini-kinadi\\\/#primaryimage\"},\"image\":{\"@id\":\"https:\\\/\\\/kuzeyinsesi.org\\\/index.php\\\/2025\\\/09\\\/12\\\/turkiyenin-bm-daimi-temsilcisi-israilin-katarda-bulunan-hamas-muzakere-heyetine-saldirisini-kinadi\\\/#primaryimage\"},\"thumbnailUrl\":\"https:\\\/\\\/kuzeyinsesi.org\\\/wp-content\\\/uploads\\\/2025\\\/09\\\/turkiyenin-birlesmis-milletler-bm-daimi-temsilcisi-ahmet-yildizaa-2371985.jpg\",\"datePublished\":\"2025-09-11T23:40:21+00:00\",\"author\":{\"@id\":\"https:\\\/\\\/kuzeyinsesi.org\\\/#\\\/schema\\\/person\\\/9f859689cdf01485597712386e37f5aa\"},\"breadcrumb\":{\"@id\":\"https:\\\/\\\/kuzeyinsesi.org\\\/index.php\\\/2025\\\/09\\\/12\\\/turkiyenin-bm-daimi-temsilcisi-israilin-katarda-bulunan-hamas-muzakere-heyetine-saldirisini-kinadi\\\/#breadcrumb\"},\"inLanguage\":\"tr\",\"potentialAction\":[{\"@type\":\"ReadAction\",\"target\":[\"https:\\\/\\\/kuzeyinsesi.org\\\/index.php\\\/2025\\\/09\\\/12\\\/turkiyenin-bm-daimi-temsilcisi-israilin-katarda-bulunan-hamas-muzakere-heyetine-saldirisini-kinadi\\\/\"]}]},{\"@type\":\"ImageObject\",\"inLanguage\":\"tr\",\"@id\":\"https:\\\/\\\/kuzeyinsesi.org\\\/index.php\\\/2025\\\/09\\\/12\\\/turkiyenin-bm-daimi-temsilcisi-israilin-katarda-bulunan-hamas-muzakere-heyetine-saldirisini-kinadi\\\/#primaryimage\",\"url\":\"https:\\\/\\\/kuzeyinsesi.org\\\/wp-content\\\/uploads\\\/2025\\\/09\\\/turkiyenin-birlesmis-milletler-bm-daimi-temsilcisi-ahmet-yildizaa-2371985.jpg\",\"contentUrl\":\"https:\\\/\\\/kuzeyinsesi.org\\\/wp-content\\\/uploads\\\/2025\\\/09\\\/turkiyenin-birlesmis-milletler-bm-daimi-temsilcisi-ahmet-yildizaa-2371985.jpg\",\"width\":1280,\"height\":720},{\"@type\":\"BreadcrumbList\",\"@id\":\"https:\\\/\\\/kuzeyinsesi.org\\\/index.php\\\/2025\\\/09\\\/12\\\/turkiyenin-bm-daimi-temsilcisi-israilin-katarda-bulunan-hamas-muzakere-heyetine-saldirisini-kinadi\\\/#breadcrumb\",\"itemListElement\":[{\"@type\":\"ListItem\",\"position\":1,\"name\":\"Anasayfa\",\"item\":\"https:\\\/\\\/kuzeyinsesi.org\\\/\"},{\"@type\":\"ListItem\",\"position\":2,\"name\":\"T\u00fcrkiye&#039;nin BM Daimi Temsilcisi, \u0130srail&#039;in Katar&#039;da bulunan Hamas m\u00fczakere heyetine sald\u0131r\u0131s\u0131n\u0131 k\u0131nad\u0131:\"}]},{\"@type\":\"WebSite\",\"@id\":\"https:\\\/\\\/kuzeyinsesi.org\\\/#website\",\"url\":\"https:\\\/\\\/kuzeyinsesi.org\\\/\",\"name\":\"Kuzeyin Sesi\",\"description\":\"Do\u011fru Haberin Adresi\",\"potentialAction\":[{\"@type\":\"SearchAction\",\"target\":{\"@type\":\"EntryPoint\",\"urlTemplate\":\"https:\\\/\\\/kuzeyinsesi.org\\\/?s={search_term_string}\"},\"query-input\":{\"@type\":\"PropertyValueSpecification\",\"valueRequired\":true,\"valueName\":\"search_term_string\"}}],\"inLanguage\":\"tr\"},{\"@type\":\"Person\",\"@id\":\"https:\\\/\\\/kuzeyinsesi.org\\\/#\\\/schema\\\/person\\\/9f859689cdf01485597712386e37f5aa\",\"name\":\"Kuzeyin Sesi\",\"image\":{\"@type\":\"ImageObject\",\"inLanguage\":\"tr\",\"@id\":\"https:\\\/\\\/secure.gravatar.com\\\/avatar\\\/bab33852abfd8b282518d6ed81826833d77c3c882d9ab608add591ccace47a44?s=96&d=mm&r=g\",\"url\":\"https:\\\/\\\/secure.gravatar.com\\\/avatar\\\/bab33852abfd8b282518d6ed81826833d77c3c882d9ab608add591ccace47a44?s=96&d=mm&r=g\",\"contentUrl\":\"https:\\\/\\\/secure.gravatar.com\\\/avatar\\\/bab33852abfd8b282518d6ed81826833d77c3c882d9ab608add591ccace47a44?s=96&d=mm&r=g\",\"caption\":\"Kuzeyin Sesi\"},\"sameAs\":[\"https:\\\/\\\/kuzeyinsesi.org\"],\"url\":\"https:\\\/\\\/kuzeyinsesi.org\\\/index.php\\\/author\\\/guven\\\/\"}]}<\/script>\n<!-- \/ Yoast SEO plugin. -->","yoast_head_json":{"title":"T\u00fcrkiye&#039;nin BM Daimi Temsilcisi, \u0130srail&#039;in Katar&#039;da bulunan Hamas m\u00fczakere heyetine sald\u0131r\u0131s\u0131n\u0131 k\u0131nad\u0131: - Kuzeyin Sesi","robots":{"index":"index","follow":"follow","max-snippet":"max-snippet:-1","max-image-preview":"max-image-preview:large","max-video-preview":"max-video-preview:-1"},"canonical":"https:\/\/kuzeyinsesi.org\/index.php\/2025\/09\/12\/turkiyenin-bm-daimi-temsilcisi-israilin-katarda-bulunan-hamas-muzakere-heyetine-saldirisini-kinadi\/","og_locale":"tr_TR","og_type":"article","og_title":"T\u00fcrkiye&#039;nin BM Daimi Temsilcisi, \u0130srail&#039;in Katar&#039;da bulunan Hamas m\u00fczakere heyetine sald\u0131r\u0131s\u0131n\u0131 k\u0131nad\u0131: - Kuzeyin Sesi","og_description":"&#13; T\u00fcrkiye&#8217;nin Birle\u015fmi\u015f Milletler (BM) Daimi Temsilcisi Y\u0131ld\u0131z, &#8220;Orta Do\u011fu&#8217;da durum&#8221; ba\u015fl\u0131\u011f\u0131 alt\u0131nda \u0130srail&#8217;in Doha&#8217;daki sald\u0131r\u0131s\u0131n\u0131 g\u00f6r\u00fc\u015fmek i\u00e7in toplanan BM G\u00fcvenlik Konseyi&#8217;nde \u0130slam \u0130\u015fbirli\u011fi Te\u015fkilat\u0131 (\u0130\u0130T) New York Grubu D\u00f6nem Ba\u015fkan\u0131 olarak konu\u015ftu. &#13; \u0130srail&#8217;in 9 Eyl\u00fcl&#8217;de Doha&#8217;da Hamas m\u00fczakere ekibine y\u00f6nelik ger\u00e7ekle\u015ftirdi\u011fi hava sald\u0131r\u0131s\u0131 i\u00e7in Y\u0131ld\u0131z, &#8220;\u0130\u0130T grubu, Katar devletinin toprak egemenli\u011fini ve ulusal [&hellip;]","og_url":"https:\/\/kuzeyinsesi.org\/index.php\/2025\/09\/12\/turkiyenin-bm-daimi-temsilcisi-israilin-katarda-bulunan-hamas-muzakere-heyetine-saldirisini-kinadi\/","og_site_name":"Kuzeyin Sesi","article_publisher":"https:\/\/www.facebook.com\/kuzeyinsesii","article_published_time":"2025-09-11T23:40:21+00:00","og_image":[{"url":"https:\/\/trthaberstatic.cdn.wp.trt.com.tr\/resimler\/2370000\/turkiyenin-birlesmis-milletler-bm-daimi-temsilcisi-ahmet-yildizaa-2371985.jpg","type":"","width":"","height":""}],"author":"Kuzeyin Sesi","twitter_card":"summary_large_image","twitter_creator":"@kuzeyinsesii","twitter_site":"@kuzeyinsesii","twitter_misc":{"Yazan:":"Kuzeyin Sesi","Tahmini okuma s\u00fcresi":"3 dakika"},"schema":{"@context":"https:\/\/schema.org","@graph":[{"@type":"Article","@id":"https:\/\/kuzeyinsesi.org\/index.php\/2025\/09\/12\/turkiyenin-bm-daimi-temsilcisi-israilin-katarda-bulunan-hamas-muzakere-heyetine-saldirisini-kinadi\/#article","isPartOf":{"@id":"https:\/\/kuzeyinsesi.org\/index.php\/2025\/09\/12\/turkiyenin-bm-daimi-temsilcisi-israilin-katarda-bulunan-hamas-muzakere-heyetine-saldirisini-kinadi\/"},"author":{"name":"Kuzeyin Sesi","@id":"https:\/\/kuzeyinsesi.org\/#\/schema\/person\/9f859689cdf01485597712386e37f5aa"},"headline":"T\u00fcrkiye&#039;nin BM Daimi Temsilcisi, \u0130srail&#039;in Katar&#039;da bulunan Hamas m\u00fczakere heyetine sald\u0131r\u0131s\u0131n\u0131 k\u0131nad\u0131:","datePublished":"2025-09-11T23:40:21+00:00","mainEntityOfPage":{"@id":"https:\/\/kuzeyinsesi.org\/index.php\/2025\/09\/12\/turkiyenin-bm-daimi-temsilcisi-israilin-katarda-bulunan-hamas-muzakere-heyetine-saldirisini-kinadi\/"},"wordCount":576,"commentCount":0,"image":{"@id":"https:\/\/kuzeyinsesi.org\/index.php\/2025\/09\/12\/turkiyenin-bm-daimi-temsilcisi-israilin-katarda-bulunan-hamas-muzakere-heyetine-saldirisini-kinadi\/#primaryimage"},"thumbnailUrl":"https:\/\/kuzeyinsesi.org\/wp-content\/uploads\/2025\/09\/turkiyenin-birlesmis-milletler-bm-daimi-temsilcisi-ahmet-yildizaa-2371985.jpg","articleSection":["D\u00fcnya"],"inLanguage":"tr","potentialAction":[{"@type":"CommentAction","name":"Comment","target":["https:\/\/kuzeyinsesi.org\/index.php\/2025\/09\/12\/turkiyenin-bm-daimi-temsilcisi-israilin-katarda-bulunan-hamas-muzakere-heyetine-saldirisini-kinadi\/#respond"]}]},{"@type":"WebPage","@id":"https:\/\/kuzeyinsesi.org\/index.php\/2025\/09\/12\/turkiyenin-bm-daimi-temsilcisi-israilin-katarda-bulunan-hamas-muzakere-heyetine-saldirisini-kinadi\/","url":"https:\/\/kuzeyinsesi.org\/index.php\/2025\/09\/12\/turkiyenin-bm-daimi-temsilcisi-israilin-katarda-bulunan-hamas-muzakere-heyetine-saldirisini-kinadi\/","name":"T\u00fcrkiye&#039;nin BM Daimi Temsilcisi, \u0130srail&#039;in Katar&#039;da bulunan Hamas m\u00fczakere heyetine sald\u0131r\u0131s\u0131n\u0131 k\u0131nad\u0131: - Kuzeyin Sesi","isPartOf":{"@id":"https:\/\/kuzeyinsesi.org\/#website"},"primaryImageOfPage":{"@id":"https:\/\/kuzeyinsesi.org\/index.php\/2025\/09\/12\/turkiyenin-bm-daimi-temsilcisi-israilin-katarda-bulunan-hamas-muzakere-heyetine-saldirisini-kinadi\/#primaryimage"},"image":{"@id":"https:\/\/kuzeyinsesi.org\/index.php\/2025\/09\/12\/turkiyenin-bm-daimi-temsilcisi-israilin-katarda-bulunan-hamas-muzakere-heyetine-saldirisini-kinadi\/#primaryimage"},"thumbnailUrl":"https:\/\/kuzeyinsesi.org\/wp-content\/uploads\/2025\/09\/turkiyenin-birlesmis-milletler-bm-daimi-temsilcisi-ahmet-yildizaa-2371985.jpg","datePublished":"2025-09-11T23:40:21+00:00","author":{"@id":"https:\/\/kuzeyinsesi.org\/#\/schema\/person\/9f859689cdf01485597712386e37f5aa"},"breadcrumb":{"@id":"https:\/\/kuzeyinsesi.org\/index.php\/2025\/09\/12\/turkiyenin-bm-daimi-temsilcisi-israilin-katarda-bulunan-hamas-muzakere-heyetine-saldirisini-kinadi\/#breadcrumb"},"inLanguage":"tr","potentialAction":[{"@type":"ReadAction","target":["https:\/\/kuzeyinsesi.org\/index.php\/2025\/09\/12\/turkiyenin-bm-daimi-temsilcisi-israilin-katarda-bulunan-hamas-muzakere-heyetine-saldirisini-kinadi\/"]}]},{"@type":"ImageObject","inLanguage":"tr","@id":"https:\/\/kuzeyinsesi.org\/index.php\/2025\/09\/12\/turkiyenin-bm-daimi-temsilcisi-israilin-katarda-bulunan-hamas-muzakere-heyetine-saldirisini-kinadi\/#primaryimage","url":"https:\/\/kuzeyinsesi.org\/wp-content\/uploads\/2025\/09\/turkiyenin-birlesmis-milletler-bm-daimi-temsilcisi-ahmet-yildizaa-2371985.jpg","contentUrl":"https:\/\/kuzeyinsesi.org\/wp-content\/uploads\/2025\/09\/turkiyenin-birlesmis-milletler-bm-daimi-temsilcisi-ahmet-yildizaa-2371985.jpg","width":1280,"height":720},{"@type":"BreadcrumbList","@id":"https:\/\/kuzeyinsesi.org\/index.php\/2025\/09\/12\/turkiyenin-bm-daimi-temsilcisi-israilin-katarda-bulunan-hamas-muzakere-heyetine-saldirisini-kinadi\/#breadcrumb","itemListElement":[{"@type":"ListItem","position":1,"name":"Anasayfa","item":"https:\/\/kuzeyinsesi.org\/"},{"@type":"ListItem","position":2,"name":"T\u00fcrkiye&#039;nin BM Daimi Temsilcisi, \u0130srail&#039;in Katar&#039;da bulunan Hamas m\u00fczakere heyetine sald\u0131r\u0131s\u0131n\u0131 k\u0131nad\u0131:"}]},{"@type":"WebSite","@id":"https:\/\/kuzeyinsesi.org\/#website","url":"https:\/\/kuzeyinsesi.org\/","name":"Kuzeyin Sesi","description":"Do\u011fru Haberin Adresi","potentialAction":[{"@type":"SearchAction","target":{"@type":"EntryPoint","urlTemplate":"https:\/\/kuzeyinsesi.org\/?s={search_term_string}"},"query-input":{"@type":"PropertyValueSpecification","valueRequired":true,"valueName":"search_term_string"}}],"inLanguage":"tr"},{"@type":"Person","@id":"https:\/\/kuzeyinsesi.org\/#\/schema\/person\/9f859689cdf01485597712386e37f5aa","name":"Kuzeyin Sesi","image":{"@type":"ImageObject","inLanguage":"tr","@id":"https:\/\/secure.gravatar.com\/avatar\/bab33852abfd8b282518d6ed81826833d77c3c882d9ab608add591ccace47a44?s=96&d=mm&r=g","url":"https:\/\/secure.gravatar.com\/avatar\/bab33852abfd8b282518d6ed81826833d77c3c882d9ab608add591ccace47a44?s=96&d=mm&r=g","contentUrl":"https:\/\/secure.gravatar.com\/avatar\/bab33852abfd8b282518d6ed81826833d77c3c882d9ab608add591ccace47a44?s=96&d=mm&r=g","caption":"Kuzeyin Sesi"},"sameAs":["https:\/\/kuzeyinsesi.org"],"url":"https:\/\/kuzeyinsesi.org\/index.php\/author\/guven\/"}]}},"_links":{"self":[{"href":"https:\/\/kuzeyinsesi.org\/index.php\/wp-json\/wp\/v2\/posts\/31607","targetHints":{"allow":["GET"]}}],"collection":[{"href":"https:\/\/kuzeyinsesi.org\/index.php\/wp-json\/wp\/v2\/posts"}],"about":[{"href":"https:\/\/kuzeyinsesi.org\/index.php\/wp-json\/wp\/v2\/types\/post"}],"author":[{"embeddable":true,"href":"https:\/\/kuzeyinsesi.org\/index.php\/wp-json\/wp\/v2\/users\/1"}],"replies":[{"embeddable":true,"href":"https:\/\/kuzeyinsesi.org\/index.php\/wp-json\/wp\/v2\/comments?post=31607"}],"version-history":[{"count":0,"href":"https:\/\/kuzeyinsesi.org\/index.php\/wp-json\/wp\/v2\/posts\/31607\/revisions"}],"wp:featuredmedia":[{"embeddable":true,"href":"https:\/\/kuzeyinsesi.org\/index.php\/wp-json\/wp\/v2\/media\/31608"}],"wp:attachment":[{"href":"https:\/\/kuzeyinsesi.org\/index.php\/wp-json\/wp\/v2\/media?parent=31607"}],"wp:term":[{"taxonomy":"category","embeddable":true,"href":"https:\/\/kuzeyinsesi.org\/index.php\/wp-json\/wp\/v2\/categories?post=31607"},{"taxonomy":"post_tag","embeddable":true,"href":"https:\/\/kuzeyinsesi.org\/index.php\/wp-json\/wp\/v2\/tags?post=31607"}],"curies":[{"name":"wp","href":"https:\/\/api.w.org\/{rel}","templated":true}]}}