{"id":31557,"date":"2025-09-11T09:51:18","date_gmt":"2025-09-11T06:51:18","guid":{"rendered":"https:\/\/kuzeyinsesi.org\/index.php\/2025\/09\/11\/12-dev-adam-yari-final-macina-cikiyor\/"},"modified":"2025-09-11T09:51:18","modified_gmt":"2025-09-11T06:51:18","slug":"12-dev-adam-yari-final-macina-cikiyor","status":"publish","type":"post","link":"https:\/\/kuzeyinsesi.org\/index.php\/2025\/09\/11\/12-dev-adam-yari-final-macina-cikiyor\/","title":{"rendered":"12 Dev Adam yar\u0131 final ma\u00e7\u0131na \u00e7\u0131k\u0131yor"},"content":{"rendered":"<p><\/p>\n<div>\n<p>&#13;<br \/>\n\tArena Riga&#8217;da oynanacak m\u00fcsabaka, saat 21.00&#8217;de ba\u015flayacak. M\u00fccadele, <a href=\"https:\/\/www.trthaber.com\/etiket\/trt\/\" target=\"_blank\">TRT<\/a> 1&#8217;den canl\u0131 yay\u0131mlanacak.<\/p>\n<p>&#13;<br \/>\n\tErgin Ataman&#8217;\u0131n ba\u015fantren\u00f6rl\u00fc\u011f\u00fcn\u00fc yapt\u0131\u011f\u0131 T\u00fcrkiye, turnuvada oynad\u0131\u011f\u0131 7 ma\u00e7\u0131 da kazand\u0131.<\/p>\n<p>&#13;<br \/>\n\tLider tamamlad\u0131\u011f\u0131 grup a\u015famas\u0131nda S\u0131rbistan, Letonya, Portekiz, <a href=\"https:\/\/www.trthaber.com\/etiket\/estonya\/\" target=\"_blank\">Estonya<\/a> ve \u00c7ekya&#8217;y\u0131 ma\u011flup eden ay-y\u0131ld\u0131zl\u0131lar, son 16 turunda \u0130sve\u00e7&#8217;e, \u00e7eyrek finalde ise Polonya&#8217;ya \u00fcst\u00fcnl\u00fck kurarak Avrupa \u015eampiyonas\u0131&#8217;nda 24 y\u0131l sonra ad\u0131n\u0131 yar\u0131 finale yazd\u0131rd\u0131.<\/p>\n<h2>&#13;<br \/>\n\tCedi Osman&#8217;\u0131n durumu belli de\u011fil<\/h2>\n<p>&#13;<br \/>\n\tA Milli Tak\u0131m&#8217;da kaptan Cedi Osman&#8217;\u0131n <a href=\"https:\/\/www.trthaber.com\/etiket\/yunanistan\/\" target=\"_blank\">Yunanistan<\/a> ma\u00e7\u0131 \u00f6ncesinde sakatl\u0131\u011f\u0131 bulunuyor.<\/p>\n<p>&#13;<br \/>\n\t<a href=\"https:\/\/www.trthaber.com\/etiket\/polonya\/\" target=\"_blank\">Polonya<\/a> ile oynanan \u00e7eyrek final m\u00fcsabakas\u0131nda sakatlanan Cedi, ilk antrenmanda yer almad\u0131.<\/p>\n<p>&#13;<br \/>\n\tBaca\u011f\u0131nda kemik \u00f6demi tespit edilen 30 ya\u015f\u0131ndaki basketbolcuya, yar\u0131 final m\u00fcsabakas\u0131na yeti\u015ftirilmesi i\u00e7in sa\u011fl\u0131k ekibi taraf\u0131ndan yo\u011fun bir tedavi uyguland\u0131\u011f\u0131 \u00f6\u011frenildi.<\/p>\n<p>&#13;<br \/>\n\tCedi Osman&#8217;\u0131n Yunanistan kar\u015f\u0131s\u0131nda oynay\u0131p oynamayaca\u011f\u0131 yar\u0131n netlik kazanacak.<\/p>\n<h2>&#13;<br \/>\n\t\u015eampiyonada 7&#8217;de 7 yapan iki tak\u0131mdan biri<\/h2>\n<p>&#13;<br \/>\n\tA Milli Tak\u0131m, 2025 Avrupa \u015eampiyonas\u0131&#8217;nda \u00e7\u0131kt\u0131\u011f\u0131 t\u00fcm ma\u00e7lar\u0131 kazanan iki tak\u0131mdan biri olarak \u00f6ne \u00e7\u0131k\u0131yor.<\/p>\n<p>&#13;<br \/>\n\tEuroBasket 2025&#8217;te yar\u0131 finale y\u00fckselen 4 ekipten T\u00fcrkiye ile son d\u00fcnya \u015fampiyonu Almanya, 7 kar\u015f\u0131la\u015fmadan da galibiyetle ayr\u0131ld\u0131.<\/p>\n<p>&#13;<br \/>\n\tMilliler, ad\u0131n\u0131 finale yazd\u0131rmas\u0131 halinde Avrupa \u015eampiyonas\u0131&#8217;nda ilk kez \u00fcst \u00fcste 8 galibiyet elde edecek.<\/p>\n<h2>&#13;<br \/>\n\tHedef, 24 y\u0131l sonra finale y\u00fckselmek<\/h2>\n<p>&#13;<br \/>\n\tA Milli Tak\u0131m, Yunanistan&#8217;\u0131 ma\u011flup etmesi durumunda Avrupa \u015eampiyonas\u0131&#8217;nda 24 y\u0131l sonra final bileti alacak.<\/p>\n<p>&#13;<br \/>\n\tAy-y\u0131ld\u0131zl\u0131 tak\u0131m, son olarak ev sahipli\u011fini yapt\u0131\u011f\u0131 EuroBasket 2001&#8217;de finale y\u00fckselmi\u015fti. \u015eampiyonluk ma\u00e7\u0131nda Yugoslavya ile kar\u015f\u0131la\u015fan milliler, sahadan 78-69 ma\u011flup ayr\u0131larak ikincilikle yetinmi\u015fti.<\/p>\n<h2>&#13;<br \/>\n\tYunanistan ile 15. randevu<\/h2>\n<p>&#13;<br \/>\n\tA Milli <a href=\"https:\/\/www.trthaber.com\/etiket\/basketbol\/\" target=\"_blank\">Basketbol<\/a> Tak\u0131m\u0131, Yunanistan ile resmi ma\u00e7larda 15. kez kar\u015f\u0131 kar\u015f\u0131ya gelecek.<\/p>\n<p>&#13;<br \/>\n\t\u0130ki tak\u0131m aras\u0131nda oynanan 14 m\u00fcsabakan\u0131n 3&#8217;\u00fcn\u00fc T\u00fcrkiye, 11&#8217;ini Yunanistan kazand\u0131.<\/p>\n<p>&#13;<br \/>\n\tMilliler, EuroBasket&#8217;te ise Yunanistan ile 8 ma\u00e7 oynad\u0131. Ay-y\u0131ld\u0131zl\u0131 ekip, bu kar\u015f\u0131la\u015fmalarda 2 galibiyet ve 6 yenilgi ya\u015fad\u0131.<\/p>\n<h2>&#13;<br \/>\n\tErgin Ataman, Panathinaikos&#8217;tan 5 oyuncusuna kar\u015f\u0131<\/h2>\n<p>&#13;<br \/>\n\t<a href=\"https:\/\/www.trthaber.com\/etiket\/a-milli-basketbol-takimi\/\" target=\"_blank\">A Milli Basketbol Tak\u0131m\u0131<\/a> Ba\u015fantren\u00f6r\u00fc Ergin Ataman, yar\u0131n 5 oyuncusuna kar\u015f\u0131 final m\u00fccadelesi verecek.<\/p>\n<p>&#13;<br \/>\n\tYunanistan Milli Tak\u0131m\u0131&#8217;n\u0131n kadrosunda Ataman&#8217;\u0131n ba\u015fantren\u00f6rl\u00fc\u011f\u00fcn\u00fc yapt\u0131\u011f\u0131 Panathinaikos&#8217;tan 5 oyuncu yer al\u0131yor.<\/p>\n<p>&#13;<br \/>\n\tKostas Sloukas, Panagiotis Kalaitzakis, Vassilis Toliopoulos, Alexandros Samodurov ve Konstantinos Mitoglou, yar\u0131n ba\u015fantren\u00f6rlerine kar\u015f\u0131 sahaya \u00e7\u0131kacak.<\/p>\n<h2>&#13;<br \/>\n\tAlperen ile Antetokounmpo \u00e7eki\u015fmesi ya\u015fanacak<\/h2>\n<p>&#13;<br \/>\n\tEuroBasket 2025 yar\u0131 finalinde oynanacak Yunanistan-T\u00fcrkiye ma\u00e7\u0131nda g\u00f6zler, Alperen \u015eeng\u00fcn ile Giannis Antetokounmpo \u00fczerinde olacak.<\/p>\n<p>&#13;<br \/>\n\tKariyerini Houston Rockets&#8217;ta s\u00fcrd\u00fcren milli basketbolcu Alperen ile Milwaukee Bucks&#8217;ta forma giyen Antetokounmpo aras\u0131nda b\u00fcy\u00fck bir \u00e7eki\u015fme ya\u015fanacak.<\/p>\n<p>&#13;<br \/>\n\tAlperen, turnuvada forma giydi\u011fi 7 ma\u00e7ta 21,6 say\u0131, 10,9 ribaunt, 7,1 asistlik performans sergiledi. Giannis Antetokounmpo ise g\u00f6rev yapt\u0131\u011f\u0131 5 m\u00fcsabakada 29,8 say\u0131, 9 ribaunt ve 3,6 asist \u00fcretti.<\/p>\n<\/p><\/div>\n","protected":false},"excerpt":{"rendered":"<p>&#13; Arena Riga&#8217;da oynanacak m\u00fcsabaka, saat 21.00&#8217;de ba\u015flayacak. M\u00fccadele, TRT 1&#8217;den canl\u0131 yay\u0131mlanacak. &#13; Ergin Ataman&#8217;\u0131n ba\u015fantren\u00f6rl\u00fc\u011f\u00fcn\u00fc yapt\u0131\u011f\u0131 T\u00fcrkiye, turnuvada oynad\u0131\u011f\u0131 7 ma\u00e7\u0131 da kazand\u0131. &#13; Lider tamamlad\u0131\u011f\u0131 grup a\u015famas\u0131nda S\u0131rbistan, Letonya, Portekiz, Estonya ve \u00c7ekya&#8217;y\u0131 ma\u011flup eden ay-y\u0131ld\u0131zl\u0131lar, son 16 turunda \u0130sve\u00e7&#8217;e, \u00e7eyrek finalde ise Polonya&#8217;ya \u00fcst\u00fcnl\u00fck kurarak Avrupa \u015eampiyonas\u0131&#8217;nda 24 y\u0131l sonra ad\u0131n\u0131 [&hellip;]<\/p>\n","protected":false},"author":1,"featured_media":30801,"comment_status":"open","ping_status":"open","sticky":false,"template":"","format":"standard","meta":{"jnews-multi-image_gallery":[],"jnews_single_post":[],"jnews_primary_category":[],"jnews_social_meta":[],"jnews_override_counter":[],"footnotes":""},"categories":[4],"tags":[],"class_list":["post-31557","post","type-post","status-publish","format-standard","has-post-thumbnail","hentry","category-spor"],"yoast_head":"<!-- This site is optimized with the Yoast SEO plugin v27.5 - https:\/\/yoast.com\/product\/yoast-seo-wordpress\/ -->\n<title>12 Dev Adam yar\u0131 final ma\u00e7\u0131na \u00e7\u0131k\u0131yor - Kuzeyin Sesi<\/title>\n<meta name=\"robots\" content=\"index, follow, max-snippet:-1, max-image-preview:large, max-video-preview:-1\" \/>\n<link rel=\"canonical\" href=\"https:\/\/kuzeyinsesi.org\/index.php\/2025\/09\/11\/12-dev-adam-yari-final-macina-cikiyor\/\" \/>\n<meta property=\"og:locale\" content=\"tr_TR\" \/>\n<meta property=\"og:type\" content=\"article\" \/>\n<meta property=\"og:title\" content=\"12 Dev Adam yar\u0131 final ma\u00e7\u0131na \u00e7\u0131k\u0131yor - Kuzeyin Sesi\" \/>\n<meta property=\"og:description\" content=\"&#013; Arena Riga&#8217;da oynanacak m\u00fcsabaka, saat 21.00&#8217;de ba\u015flayacak. M\u00fccadele, TRT 1&#8217;den canl\u0131 yay\u0131mlanacak. &#013; Ergin Ataman&#8217;\u0131n ba\u015fantren\u00f6rl\u00fc\u011f\u00fcn\u00fc yapt\u0131\u011f\u0131 T\u00fcrkiye, turnuvada oynad\u0131\u011f\u0131 7 ma\u00e7\u0131 da kazand\u0131. &#013; Lider tamamlad\u0131\u011f\u0131 grup a\u015famas\u0131nda S\u0131rbistan, Letonya, Portekiz, Estonya ve \u00c7ekya&#8217;y\u0131 ma\u011flup eden ay-y\u0131ld\u0131zl\u0131lar, son 16 turunda \u0130sve\u00e7&#8217;e, \u00e7eyrek finalde ise Polonya&#8217;ya \u00fcst\u00fcnl\u00fck kurarak Avrupa \u015eampiyonas\u0131&#8217;nda 24 y\u0131l sonra ad\u0131n\u0131 [&hellip;]\" \/>\n<meta property=\"og:url\" content=\"https:\/\/kuzeyinsesi.org\/index.php\/2025\/09\/11\/12-dev-adam-yari-final-macina-cikiyor\/\" \/>\n<meta property=\"og:site_name\" content=\"Kuzeyin Sesi\" \/>\n<meta property=\"article:publisher\" content=\"https:\/\/www.facebook.com\/kuzeyinsesii\" \/>\n<meta property=\"article:published_time\" content=\"2025-09-11T06:51:18+00:00\" \/>\n<meta property=\"og:image\" content=\"https:\/\/trthaberstatic.cdn.wp.trt.com.tr\/resimler\/2392000\/12-dev-adamaa-2392447.jpg\" \/>\n<meta name=\"author\" content=\"Kuzeyin Sesi\" \/>\n<meta name=\"twitter:card\" content=\"summary_large_image\" \/>\n<meta name=\"twitter:creator\" content=\"@kuzeyinsesii\" \/>\n<meta name=\"twitter:site\" content=\"@kuzeyinsesii\" \/>\n<meta name=\"twitter:label1\" content=\"Yazan:\" \/>\n\t<meta name=\"twitter:data1\" content=\"Kuzeyin Sesi\" \/>\n\t<meta name=\"twitter:label2\" content=\"Tahmini okuma s\u00fcresi\" \/>\n\t<meta name=\"twitter:data2\" content=\"2 dakika\" \/>\n<script type=\"application\/ld+json\" class=\"yoast-schema-graph\">{\"@context\":\"https:\\\/\\\/schema.org\",\"@graph\":[{\"@type\":\"Article\",\"@id\":\"https:\\\/\\\/kuzeyinsesi.org\\\/index.php\\\/2025\\\/09\\\/11\\\/12-dev-adam-yari-final-macina-cikiyor\\\/#article\",\"isPartOf\":{\"@id\":\"https:\\\/\\\/kuzeyinsesi.org\\\/index.php\\\/2025\\\/09\\\/11\\\/12-dev-adam-yari-final-macina-cikiyor\\\/\"},\"author\":{\"name\":\"Kuzeyin Sesi\",\"@id\":\"https:\\\/\\\/kuzeyinsesi.org\\\/#\\\/schema\\\/person\\\/9f859689cdf01485597712386e37f5aa\"},\"headline\":\"12 Dev Adam yar\u0131 final ma\u00e7\u0131na \u00e7\u0131k\u0131yor\",\"datePublished\":\"2025-09-11T06:51:18+00:00\",\"mainEntityOfPage\":{\"@id\":\"https:\\\/\\\/kuzeyinsesi.org\\\/index.php\\\/2025\\\/09\\\/11\\\/12-dev-adam-yari-final-macina-cikiyor\\\/\"},\"wordCount\":486,\"commentCount\":0,\"image\":{\"@id\":\"https:\\\/\\\/kuzeyinsesi.org\\\/index.php\\\/2025\\\/09\\\/11\\\/12-dev-adam-yari-final-macina-cikiyor\\\/#primaryimage\"},\"thumbnailUrl\":\"https:\\\/\\\/kuzeyinsesi.org\\\/wp-content\\\/uploads\\\/2025\\\/08\\\/12-dev-adamaa-2392447.jpg\",\"articleSection\":[\"Spor\"],\"inLanguage\":\"tr\",\"potentialAction\":[{\"@type\":\"CommentAction\",\"name\":\"Comment\",\"target\":[\"https:\\\/\\\/kuzeyinsesi.org\\\/index.php\\\/2025\\\/09\\\/11\\\/12-dev-adam-yari-final-macina-cikiyor\\\/#respond\"]}]},{\"@type\":\"WebPage\",\"@id\":\"https:\\\/\\\/kuzeyinsesi.org\\\/index.php\\\/2025\\\/09\\\/11\\\/12-dev-adam-yari-final-macina-cikiyor\\\/\",\"url\":\"https:\\\/\\\/kuzeyinsesi.org\\\/index.php\\\/2025\\\/09\\\/11\\\/12-dev-adam-yari-final-macina-cikiyor\\\/\",\"name\":\"12 Dev Adam yar\u0131 final ma\u00e7\u0131na \u00e7\u0131k\u0131yor - Kuzeyin Sesi\",\"isPartOf\":{\"@id\":\"https:\\\/\\\/kuzeyinsesi.org\\\/#website\"},\"primaryImageOfPage\":{\"@id\":\"https:\\\/\\\/kuzeyinsesi.org\\\/index.php\\\/2025\\\/09\\\/11\\\/12-dev-adam-yari-final-macina-cikiyor\\\/#primaryimage\"},\"image\":{\"@id\":\"https:\\\/\\\/kuzeyinsesi.org\\\/index.php\\\/2025\\\/09\\\/11\\\/12-dev-adam-yari-final-macina-cikiyor\\\/#primaryimage\"},\"thumbnailUrl\":\"https:\\\/\\\/kuzeyinsesi.org\\\/wp-content\\\/uploads\\\/2025\\\/08\\\/12-dev-adamaa-2392447.jpg\",\"datePublished\":\"2025-09-11T06:51:18+00:00\",\"author\":{\"@id\":\"https:\\\/\\\/kuzeyinsesi.org\\\/#\\\/schema\\\/person\\\/9f859689cdf01485597712386e37f5aa\"},\"breadcrumb\":{\"@id\":\"https:\\\/\\\/kuzeyinsesi.org\\\/index.php\\\/2025\\\/09\\\/11\\\/12-dev-adam-yari-final-macina-cikiyor\\\/#breadcrumb\"},\"inLanguage\":\"tr\",\"potentialAction\":[{\"@type\":\"ReadAction\",\"target\":[\"https:\\\/\\\/kuzeyinsesi.org\\\/index.php\\\/2025\\\/09\\\/11\\\/12-dev-adam-yari-final-macina-cikiyor\\\/\"]}]},{\"@type\":\"ImageObject\",\"inLanguage\":\"tr\",\"@id\":\"https:\\\/\\\/kuzeyinsesi.org\\\/index.php\\\/2025\\\/09\\\/11\\\/12-dev-adam-yari-final-macina-cikiyor\\\/#primaryimage\",\"url\":\"https:\\\/\\\/kuzeyinsesi.org\\\/wp-content\\\/uploads\\\/2025\\\/08\\\/12-dev-adamaa-2392447.jpg\",\"contentUrl\":\"https:\\\/\\\/kuzeyinsesi.org\\\/wp-content\\\/uploads\\\/2025\\\/08\\\/12-dev-adamaa-2392447.jpg\",\"width\":1280,\"height\":720},{\"@type\":\"BreadcrumbList\",\"@id\":\"https:\\\/\\\/kuzeyinsesi.org\\\/index.php\\\/2025\\\/09\\\/11\\\/12-dev-adam-yari-final-macina-cikiyor\\\/#breadcrumb\",\"itemListElement\":[{\"@type\":\"ListItem\",\"position\":1,\"name\":\"Anasayfa\",\"item\":\"https:\\\/\\\/kuzeyinsesi.org\\\/\"},{\"@type\":\"ListItem\",\"position\":2,\"name\":\"12 Dev Adam yar\u0131 final ma\u00e7\u0131na \u00e7\u0131k\u0131yor\"}]},{\"@type\":\"WebSite\",\"@id\":\"https:\\\/\\\/kuzeyinsesi.org\\\/#website\",\"url\":\"https:\\\/\\\/kuzeyinsesi.org\\\/\",\"name\":\"Kuzeyin Sesi\",\"description\":\"Do\u011fru Haberin Adresi\",\"potentialAction\":[{\"@type\":\"SearchAction\",\"target\":{\"@type\":\"EntryPoint\",\"urlTemplate\":\"https:\\\/\\\/kuzeyinsesi.org\\\/?s={search_term_string}\"},\"query-input\":{\"@type\":\"PropertyValueSpecification\",\"valueRequired\":true,\"valueName\":\"search_term_string\"}}],\"inLanguage\":\"tr\"},{\"@type\":\"Person\",\"@id\":\"https:\\\/\\\/kuzeyinsesi.org\\\/#\\\/schema\\\/person\\\/9f859689cdf01485597712386e37f5aa\",\"name\":\"Kuzeyin Sesi\",\"image\":{\"@type\":\"ImageObject\",\"inLanguage\":\"tr\",\"@id\":\"https:\\\/\\\/secure.gravatar.com\\\/avatar\\\/bab33852abfd8b282518d6ed81826833d77c3c882d9ab608add591ccace47a44?s=96&d=mm&r=g\",\"url\":\"https:\\\/\\\/secure.gravatar.com\\\/avatar\\\/bab33852abfd8b282518d6ed81826833d77c3c882d9ab608add591ccace47a44?s=96&d=mm&r=g\",\"contentUrl\":\"https:\\\/\\\/secure.gravatar.com\\\/avatar\\\/bab33852abfd8b282518d6ed81826833d77c3c882d9ab608add591ccace47a44?s=96&d=mm&r=g\",\"caption\":\"Kuzeyin Sesi\"},\"sameAs\":[\"https:\\\/\\\/kuzeyinsesi.org\"],\"url\":\"https:\\\/\\\/kuzeyinsesi.org\\\/index.php\\\/author\\\/guven\\\/\"}]}<\/script>\n<!-- \/ Yoast SEO plugin. -->","yoast_head_json":{"title":"12 Dev Adam yar\u0131 final ma\u00e7\u0131na \u00e7\u0131k\u0131yor - Kuzeyin Sesi","robots":{"index":"index","follow":"follow","max-snippet":"max-snippet:-1","max-image-preview":"max-image-preview:large","max-video-preview":"max-video-preview:-1"},"canonical":"https:\/\/kuzeyinsesi.org\/index.php\/2025\/09\/11\/12-dev-adam-yari-final-macina-cikiyor\/","og_locale":"tr_TR","og_type":"article","og_title":"12 Dev Adam yar\u0131 final ma\u00e7\u0131na \u00e7\u0131k\u0131yor - Kuzeyin Sesi","og_description":"&#13; Arena Riga&#8217;da oynanacak m\u00fcsabaka, saat 21.00&#8217;de ba\u015flayacak. M\u00fccadele, TRT 1&#8217;den canl\u0131 yay\u0131mlanacak. &#13; Ergin Ataman&#8217;\u0131n ba\u015fantren\u00f6rl\u00fc\u011f\u00fcn\u00fc yapt\u0131\u011f\u0131 T\u00fcrkiye, turnuvada oynad\u0131\u011f\u0131 7 ma\u00e7\u0131 da kazand\u0131. &#13; Lider tamamlad\u0131\u011f\u0131 grup a\u015famas\u0131nda S\u0131rbistan, Letonya, Portekiz, Estonya ve \u00c7ekya&#8217;y\u0131 ma\u011flup eden ay-y\u0131ld\u0131zl\u0131lar, son 16 turunda \u0130sve\u00e7&#8217;e, \u00e7eyrek finalde ise Polonya&#8217;ya \u00fcst\u00fcnl\u00fck kurarak Avrupa \u015eampiyonas\u0131&#8217;nda 24 y\u0131l sonra ad\u0131n\u0131 [&hellip;]","og_url":"https:\/\/kuzeyinsesi.org\/index.php\/2025\/09\/11\/12-dev-adam-yari-final-macina-cikiyor\/","og_site_name":"Kuzeyin Sesi","article_publisher":"https:\/\/www.facebook.com\/kuzeyinsesii","article_published_time":"2025-09-11T06:51:18+00:00","og_image":[{"url":"https:\/\/trthaberstatic.cdn.wp.trt.com.tr\/resimler\/2392000\/12-dev-adamaa-2392447.jpg","type":"","width":"","height":""}],"author":"Kuzeyin Sesi","twitter_card":"summary_large_image","twitter_creator":"@kuzeyinsesii","twitter_site":"@kuzeyinsesii","twitter_misc":{"Yazan:":"Kuzeyin Sesi","Tahmini okuma s\u00fcresi":"2 dakika"},"schema":{"@context":"https:\/\/schema.org","@graph":[{"@type":"Article","@id":"https:\/\/kuzeyinsesi.org\/index.php\/2025\/09\/11\/12-dev-adam-yari-final-macina-cikiyor\/#article","isPartOf":{"@id":"https:\/\/kuzeyinsesi.org\/index.php\/2025\/09\/11\/12-dev-adam-yari-final-macina-cikiyor\/"},"author":{"name":"Kuzeyin Sesi","@id":"https:\/\/kuzeyinsesi.org\/#\/schema\/person\/9f859689cdf01485597712386e37f5aa"},"headline":"12 Dev Adam yar\u0131 final ma\u00e7\u0131na \u00e7\u0131k\u0131yor","datePublished":"2025-09-11T06:51:18+00:00","mainEntityOfPage":{"@id":"https:\/\/kuzeyinsesi.org\/index.php\/2025\/09\/11\/12-dev-adam-yari-final-macina-cikiyor\/"},"wordCount":486,"commentCount":0,"image":{"@id":"https:\/\/kuzeyinsesi.org\/index.php\/2025\/09\/11\/12-dev-adam-yari-final-macina-cikiyor\/#primaryimage"},"thumbnailUrl":"https:\/\/kuzeyinsesi.org\/wp-content\/uploads\/2025\/08\/12-dev-adamaa-2392447.jpg","articleSection":["Spor"],"inLanguage":"tr","potentialAction":[{"@type":"CommentAction","name":"Comment","target":["https:\/\/kuzeyinsesi.org\/index.php\/2025\/09\/11\/12-dev-adam-yari-final-macina-cikiyor\/#respond"]}]},{"@type":"WebPage","@id":"https:\/\/kuzeyinsesi.org\/index.php\/2025\/09\/11\/12-dev-adam-yari-final-macina-cikiyor\/","url":"https:\/\/kuzeyinsesi.org\/index.php\/2025\/09\/11\/12-dev-adam-yari-final-macina-cikiyor\/","name":"12 Dev Adam yar\u0131 final ma\u00e7\u0131na \u00e7\u0131k\u0131yor - Kuzeyin Sesi","isPartOf":{"@id":"https:\/\/kuzeyinsesi.org\/#website"},"primaryImageOfPage":{"@id":"https:\/\/kuzeyinsesi.org\/index.php\/2025\/09\/11\/12-dev-adam-yari-final-macina-cikiyor\/#primaryimage"},"image":{"@id":"https:\/\/kuzeyinsesi.org\/index.php\/2025\/09\/11\/12-dev-adam-yari-final-macina-cikiyor\/#primaryimage"},"thumbnailUrl":"https:\/\/kuzeyinsesi.org\/wp-content\/uploads\/2025\/08\/12-dev-adamaa-2392447.jpg","datePublished":"2025-09-11T06:51:18+00:00","author":{"@id":"https:\/\/kuzeyinsesi.org\/#\/schema\/person\/9f859689cdf01485597712386e37f5aa"},"breadcrumb":{"@id":"https:\/\/kuzeyinsesi.org\/index.php\/2025\/09\/11\/12-dev-adam-yari-final-macina-cikiyor\/#breadcrumb"},"inLanguage":"tr","potentialAction":[{"@type":"ReadAction","target":["https:\/\/kuzeyinsesi.org\/index.php\/2025\/09\/11\/12-dev-adam-yari-final-macina-cikiyor\/"]}]},{"@type":"ImageObject","inLanguage":"tr","@id":"https:\/\/kuzeyinsesi.org\/index.php\/2025\/09\/11\/12-dev-adam-yari-final-macina-cikiyor\/#primaryimage","url":"https:\/\/kuzeyinsesi.org\/wp-content\/uploads\/2025\/08\/12-dev-adamaa-2392447.jpg","contentUrl":"https:\/\/kuzeyinsesi.org\/wp-content\/uploads\/2025\/08\/12-dev-adamaa-2392447.jpg","width":1280,"height":720},{"@type":"BreadcrumbList","@id":"https:\/\/kuzeyinsesi.org\/index.php\/2025\/09\/11\/12-dev-adam-yari-final-macina-cikiyor\/#breadcrumb","itemListElement":[{"@type":"ListItem","position":1,"name":"Anasayfa","item":"https:\/\/kuzeyinsesi.org\/"},{"@type":"ListItem","position":2,"name":"12 Dev Adam yar\u0131 final ma\u00e7\u0131na \u00e7\u0131k\u0131yor"}]},{"@type":"WebSite","@id":"https:\/\/kuzeyinsesi.org\/#website","url":"https:\/\/kuzeyinsesi.org\/","name":"Kuzeyin Sesi","description":"Do\u011fru Haberin Adresi","potentialAction":[{"@type":"SearchAction","target":{"@type":"EntryPoint","urlTemplate":"https:\/\/kuzeyinsesi.org\/?s={search_term_string}"},"query-input":{"@type":"PropertyValueSpecification","valueRequired":true,"valueName":"search_term_string"}}],"inLanguage":"tr"},{"@type":"Person","@id":"https:\/\/kuzeyinsesi.org\/#\/schema\/person\/9f859689cdf01485597712386e37f5aa","name":"Kuzeyin Sesi","image":{"@type":"ImageObject","inLanguage":"tr","@id":"https:\/\/secure.gravatar.com\/avatar\/bab33852abfd8b282518d6ed81826833d77c3c882d9ab608add591ccace47a44?s=96&d=mm&r=g","url":"https:\/\/secure.gravatar.com\/avatar\/bab33852abfd8b282518d6ed81826833d77c3c882d9ab608add591ccace47a44?s=96&d=mm&r=g","contentUrl":"https:\/\/secure.gravatar.com\/avatar\/bab33852abfd8b282518d6ed81826833d77c3c882d9ab608add591ccace47a44?s=96&d=mm&r=g","caption":"Kuzeyin Sesi"},"sameAs":["https:\/\/kuzeyinsesi.org"],"url":"https:\/\/kuzeyinsesi.org\/index.php\/author\/guven\/"}]}},"_links":{"self":[{"href":"https:\/\/kuzeyinsesi.org\/index.php\/wp-json\/wp\/v2\/posts\/31557","targetHints":{"allow":["GET"]}}],"collection":[{"href":"https:\/\/kuzeyinsesi.org\/index.php\/wp-json\/wp\/v2\/posts"}],"about":[{"href":"https:\/\/kuzeyinsesi.org\/index.php\/wp-json\/wp\/v2\/types\/post"}],"author":[{"embeddable":true,"href":"https:\/\/kuzeyinsesi.org\/index.php\/wp-json\/wp\/v2\/users\/1"}],"replies":[{"embeddable":true,"href":"https:\/\/kuzeyinsesi.org\/index.php\/wp-json\/wp\/v2\/comments?post=31557"}],"version-history":[{"count":0,"href":"https:\/\/kuzeyinsesi.org\/index.php\/wp-json\/wp\/v2\/posts\/31557\/revisions"}],"wp:featuredmedia":[{"embeddable":true,"href":"https:\/\/kuzeyinsesi.org\/index.php\/wp-json\/wp\/v2\/media\/30801"}],"wp:attachment":[{"href":"https:\/\/kuzeyinsesi.org\/index.php\/wp-json\/wp\/v2\/media?parent=31557"}],"wp:term":[{"taxonomy":"category","embeddable":true,"href":"https:\/\/kuzeyinsesi.org\/index.php\/wp-json\/wp\/v2\/categories?post=31557"},{"taxonomy":"post_tag","embeddable":true,"href":"https:\/\/kuzeyinsesi.org\/index.php\/wp-json\/wp\/v2\/tags?post=31557"}],"curies":[{"name":"wp","href":"https:\/\/api.w.org\/{rel}","templated":true}]}}