{"id":3148,"date":"2024-05-22T16:32:08","date_gmt":"2024-05-22T13:32:08","guid":{"rendered":"https:\/\/kuzeyinsesi.com\/index.php\/2024\/05\/22\/ulus-yesiladanin-turk-muzigi-makamlari-rehber-kitabi-tanitim-etkinligi-girnede-yapilacak\/"},"modified":"2024-05-22T16:32:08","modified_gmt":"2024-05-22T13:32:08","slug":"ulus-yesiladanin-turk-muzigi-makamlari-rehber-kitabi-tanitim-etkinligi-girnede-yapilacak","status":"publish","type":"post","link":"https:\/\/kuzeyinsesi.org\/index.php\/2024\/05\/22\/ulus-yesiladanin-turk-muzigi-makamlari-rehber-kitabi-tanitim-etkinligi-girnede-yapilacak\/","title":{"rendered":"Ulus Ye\u015filada\u2019n\u0131n \u201cT\u00fcrk M\u00fczi\u011fi Makamlar\u0131 Rehber Kitab\u0131\u201d tan\u0131t\u0131m etkinli\u011fi Girne\u2019de yap\u0131lacak"},"content":{"rendered":"<div>\n<div class=\"mariselle-image-container center\">\n                                            <\/div>\n<p>Sanat\u00e7\u0131 Ulus Ye\u015filada\u2019n\u0131n \u201cT\u00fcrk M\u00fczi\u011fi Makamlar\u0131 Rehber Kitab\u0131\u201d tan\u0131t\u0131m etkinli\u011fi, yar\u0131n saat 15.00\u2019te Girne Halk K\u00fct\u00fcphanesi\u2019nde yap\u0131lacak.<\/p>\n<p>Milli Ar\u015fiv ve Ara\u015ft\u0131rma Dairesi\u2019nden yap\u0131lan a\u00e7\u0131klamada, \u201cKKTC Milli Ar\u015fiv ve Ara\u015ft\u0131rma Dairesi organizasyonunda Girne Belediyesi ve K\u00fclt\u00fcr Dairesi i\u015f birli\u011finde \u00fclkenin yeti\u015ftirdi\u011fi \u00f6nemli de\u011ferlerden biri olan Ulus Ye\u015filada\u2019n\u0131n \u2018T\u00fcrk M\u00fczi\u011fi Makamlar\u0131 Rehber Kitab\u0131\u2019 tan\u0131t\u0131m g\u00fcn\u00fc etkinli\u011fi, 23 May\u0131s 2024 Per\u015fembe g\u00fcn\u00fc saat: 15.00\u2019te Girne Halk K\u00fct\u00fcphanesi\u2019nde ger\u00e7ekle\u015ftirilecektir. Etkinli\u011fimize t\u00fcm halk\u0131m\u0131z davetlidir.\u201d denildi.<\/p>\n<\/p><\/div>\n<p><script async\n                    defer\n                    crossorigin=\"anonymous\"\n                    src=\"https:\/\/connect.facebook.net\/tr_TR\/sdk.js#xfbml=1&#038;version=v3.3\"\n            ><\/script><\/p>\n","protected":false},"excerpt":{"rendered":"<p>Sanat\u00e7\u0131 Ulus Ye\u015filada\u2019n\u0131n \u201cT\u00fcrk M\u00fczi\u011fi Makamlar\u0131 Rehber Kitab\u0131\u201d tan\u0131t\u0131m etkinli\u011fi, yar\u0131n saat 15.00\u2019te Girne Halk K\u00fct\u00fcphanesi\u2019nde yap\u0131lacak. Milli Ar\u015fiv ve Ara\u015ft\u0131rma Dairesi\u2019nden yap\u0131lan a\u00e7\u0131klamada, \u201cKKTC Milli Ar\u015fiv ve Ara\u015ft\u0131rma Dairesi organizasyonunda Girne Belediyesi ve K\u00fclt\u00fcr Dairesi i\u015f birli\u011finde \u00fclkenin yeti\u015ftirdi\u011fi \u00f6nemli de\u011ferlerden biri olan Ulus Ye\u015filada\u2019n\u0131n \u2018T\u00fcrk M\u00fczi\u011fi Makamlar\u0131 Rehber Kitab\u0131\u2019 tan\u0131t\u0131m g\u00fcn\u00fc etkinli\u011fi, 23 [&hellip;]<\/p>\n","protected":false},"author":1,"featured_media":3149,"comment_status":"open","ping_status":"open","sticky":false,"template":"","format":"standard","meta":{"jnews-multi-image_gallery":[],"jnews_single_post":[],"jnews_primary_category":[],"jnews_social_meta":[],"jnews_override_counter":[],"footnotes":""},"categories":[6],"tags":[],"class_list":["post-3148","post","type-post","status-publish","format-standard","has-post-thumbnail","hentry","category-yasam"],"yoast_head":"<!-- This site is optimized with the Yoast SEO plugin v27.5 - https:\/\/yoast.com\/product\/yoast-seo-wordpress\/ -->\n<title>Ulus Ye\u015filada\u2019n\u0131n \u201cT\u00fcrk M\u00fczi\u011fi Makamlar\u0131 Rehber Kitab\u0131\u201d tan\u0131t\u0131m etkinli\u011fi Girne\u2019de yap\u0131lacak - Kuzeyin Sesi<\/title>\n<meta name=\"robots\" content=\"index, follow, max-snippet:-1, max-image-preview:large, max-video-preview:-1\" \/>\n<link rel=\"canonical\" href=\"https:\/\/kuzeyinsesi.org\/index.php\/2024\/05\/22\/ulus-yesiladanin-turk-muzigi-makamlari-rehber-kitabi-tanitim-etkinligi-girnede-yapilacak\/\" \/>\n<meta property=\"og:locale\" content=\"tr_TR\" \/>\n<meta property=\"og:type\" content=\"article\" \/>\n<meta property=\"og:title\" content=\"Ulus Ye\u015filada\u2019n\u0131n \u201cT\u00fcrk M\u00fczi\u011fi Makamlar\u0131 Rehber Kitab\u0131\u201d tan\u0131t\u0131m etkinli\u011fi Girne\u2019de yap\u0131lacak - Kuzeyin Sesi\" \/>\n<meta property=\"og:description\" content=\"Sanat\u00e7\u0131 Ulus Ye\u015filada\u2019n\u0131n \u201cT\u00fcrk M\u00fczi\u011fi Makamlar\u0131 Rehber Kitab\u0131\u201d tan\u0131t\u0131m etkinli\u011fi, yar\u0131n saat 15.00\u2019te Girne Halk K\u00fct\u00fcphanesi\u2019nde yap\u0131lacak. Milli Ar\u015fiv ve Ara\u015ft\u0131rma Dairesi\u2019nden yap\u0131lan a\u00e7\u0131klamada, \u201cKKTC Milli Ar\u015fiv ve Ara\u015ft\u0131rma Dairesi organizasyonunda Girne Belediyesi ve K\u00fclt\u00fcr Dairesi i\u015f birli\u011finde \u00fclkenin yeti\u015ftirdi\u011fi \u00f6nemli de\u011ferlerden biri olan Ulus Ye\u015filada\u2019n\u0131n \u2018T\u00fcrk M\u00fczi\u011fi Makamlar\u0131 Rehber Kitab\u0131\u2019 tan\u0131t\u0131m g\u00fcn\u00fc etkinli\u011fi, 23 [&hellip;]\" \/>\n<meta property=\"og:url\" content=\"https:\/\/kuzeyinsesi.org\/index.php\/2024\/05\/22\/ulus-yesiladanin-turk-muzigi-makamlari-rehber-kitabi-tanitim-etkinligi-girnede-yapilacak\/\" \/>\n<meta property=\"og:site_name\" content=\"Kuzeyin Sesi\" \/>\n<meta property=\"article:publisher\" content=\"https:\/\/www.facebook.com\/kuzeyinsesii\" \/>\n<meta property=\"article:published_time\" content=\"2024-05-22T13:32:08+00:00\" \/>\n<meta property=\"og:image\" content=\"https:\/\/kuzeyinsesi.org\/wp-content\/uploads\/2024\/05\/milli-arsiv2.jpg\" \/>\n\t<meta property=\"og:image:width\" content=\"759\" \/>\n\t<meta property=\"og:image:height\" content=\"665\" \/>\n\t<meta property=\"og:image:type\" content=\"image\/jpeg\" \/>\n<meta name=\"author\" content=\"Kuzeyin Sesi\" \/>\n<meta name=\"twitter:card\" content=\"summary_large_image\" \/>\n<meta name=\"twitter:creator\" content=\"@kuzeyinsesii\" \/>\n<meta name=\"twitter:site\" content=\"@kuzeyinsesii\" \/>\n<meta name=\"twitter:label1\" content=\"Yazan:\" \/>\n\t<meta name=\"twitter:data1\" content=\"Kuzeyin Sesi\" \/>\n\t<meta name=\"twitter:label2\" content=\"Tahmini okuma s\u00fcresi\" \/>\n\t<meta name=\"twitter:data2\" content=\"1 dakika\" \/>\n<script type=\"application\/ld+json\" class=\"yoast-schema-graph\">{\"@context\":\"https:\\\/\\\/schema.org\",\"@graph\":[{\"@type\":\"Article\",\"@id\":\"https:\\\/\\\/kuzeyinsesi.org\\\/index.php\\\/2024\\\/05\\\/22\\\/ulus-yesiladanin-turk-muzigi-makamlari-rehber-kitabi-tanitim-etkinligi-girnede-yapilacak\\\/#article\",\"isPartOf\":{\"@id\":\"https:\\\/\\\/kuzeyinsesi.org\\\/index.php\\\/2024\\\/05\\\/22\\\/ulus-yesiladanin-turk-muzigi-makamlari-rehber-kitabi-tanitim-etkinligi-girnede-yapilacak\\\/\"},\"author\":{\"name\":\"Kuzeyin Sesi\",\"@id\":\"https:\\\/\\\/kuzeyinsesi.org\\\/#\\\/schema\\\/person\\\/9f859689cdf01485597712386e37f5aa\"},\"headline\":\"Ulus Ye\u015filada\u2019n\u0131n \u201cT\u00fcrk M\u00fczi\u011fi Makamlar\u0131 Rehber Kitab\u0131\u201d tan\u0131t\u0131m etkinli\u011fi Girne\u2019de yap\u0131lacak\",\"datePublished\":\"2024-05-22T13:32:08+00:00\",\"mainEntityOfPage\":{\"@id\":\"https:\\\/\\\/kuzeyinsesi.org\\\/index.php\\\/2024\\\/05\\\/22\\\/ulus-yesiladanin-turk-muzigi-makamlari-rehber-kitabi-tanitim-etkinligi-girnede-yapilacak\\\/\"},\"wordCount\":141,\"commentCount\":0,\"image\":{\"@id\":\"https:\\\/\\\/kuzeyinsesi.org\\\/index.php\\\/2024\\\/05\\\/22\\\/ulus-yesiladanin-turk-muzigi-makamlari-rehber-kitabi-tanitim-etkinligi-girnede-yapilacak\\\/#primaryimage\"},\"thumbnailUrl\":\"https:\\\/\\\/kuzeyinsesi.org\\\/wp-content\\\/uploads\\\/2024\\\/05\\\/milli-arsiv2.jpg\",\"articleSection\":[\"Ya\u015fam\"],\"inLanguage\":\"tr\",\"potentialAction\":[{\"@type\":\"CommentAction\",\"name\":\"Comment\",\"target\":[\"https:\\\/\\\/kuzeyinsesi.org\\\/index.php\\\/2024\\\/05\\\/22\\\/ulus-yesiladanin-turk-muzigi-makamlari-rehber-kitabi-tanitim-etkinligi-girnede-yapilacak\\\/#respond\"]}]},{\"@type\":\"WebPage\",\"@id\":\"https:\\\/\\\/kuzeyinsesi.org\\\/index.php\\\/2024\\\/05\\\/22\\\/ulus-yesiladanin-turk-muzigi-makamlari-rehber-kitabi-tanitim-etkinligi-girnede-yapilacak\\\/\",\"url\":\"https:\\\/\\\/kuzeyinsesi.org\\\/index.php\\\/2024\\\/05\\\/22\\\/ulus-yesiladanin-turk-muzigi-makamlari-rehber-kitabi-tanitim-etkinligi-girnede-yapilacak\\\/\",\"name\":\"Ulus Ye\u015filada\u2019n\u0131n \u201cT\u00fcrk M\u00fczi\u011fi Makamlar\u0131 Rehber Kitab\u0131\u201d tan\u0131t\u0131m etkinli\u011fi Girne\u2019de yap\u0131lacak - Kuzeyin Sesi\",\"isPartOf\":{\"@id\":\"https:\\\/\\\/kuzeyinsesi.org\\\/#website\"},\"primaryImageOfPage\":{\"@id\":\"https:\\\/\\\/kuzeyinsesi.org\\\/index.php\\\/2024\\\/05\\\/22\\\/ulus-yesiladanin-turk-muzigi-makamlari-rehber-kitabi-tanitim-etkinligi-girnede-yapilacak\\\/#primaryimage\"},\"image\":{\"@id\":\"https:\\\/\\\/kuzeyinsesi.org\\\/index.php\\\/2024\\\/05\\\/22\\\/ulus-yesiladanin-turk-muzigi-makamlari-rehber-kitabi-tanitim-etkinligi-girnede-yapilacak\\\/#primaryimage\"},\"thumbnailUrl\":\"https:\\\/\\\/kuzeyinsesi.org\\\/wp-content\\\/uploads\\\/2024\\\/05\\\/milli-arsiv2.jpg\",\"datePublished\":\"2024-05-22T13:32:08+00:00\",\"author\":{\"@id\":\"https:\\\/\\\/kuzeyinsesi.org\\\/#\\\/schema\\\/person\\\/9f859689cdf01485597712386e37f5aa\"},\"breadcrumb\":{\"@id\":\"https:\\\/\\\/kuzeyinsesi.org\\\/index.php\\\/2024\\\/05\\\/22\\\/ulus-yesiladanin-turk-muzigi-makamlari-rehber-kitabi-tanitim-etkinligi-girnede-yapilacak\\\/#breadcrumb\"},\"inLanguage\":\"tr\",\"potentialAction\":[{\"@type\":\"ReadAction\",\"target\":[\"https:\\\/\\\/kuzeyinsesi.org\\\/index.php\\\/2024\\\/05\\\/22\\\/ulus-yesiladanin-turk-muzigi-makamlari-rehber-kitabi-tanitim-etkinligi-girnede-yapilacak\\\/\"]}]},{\"@type\":\"ImageObject\",\"inLanguage\":\"tr\",\"@id\":\"https:\\\/\\\/kuzeyinsesi.org\\\/index.php\\\/2024\\\/05\\\/22\\\/ulus-yesiladanin-turk-muzigi-makamlari-rehber-kitabi-tanitim-etkinligi-girnede-yapilacak\\\/#primaryimage\",\"url\":\"https:\\\/\\\/kuzeyinsesi.org\\\/wp-content\\\/uploads\\\/2024\\\/05\\\/milli-arsiv2.jpg\",\"contentUrl\":\"https:\\\/\\\/kuzeyinsesi.org\\\/wp-content\\\/uploads\\\/2024\\\/05\\\/milli-arsiv2.jpg\",\"width\":759,\"height\":665},{\"@type\":\"BreadcrumbList\",\"@id\":\"https:\\\/\\\/kuzeyinsesi.org\\\/index.php\\\/2024\\\/05\\\/22\\\/ulus-yesiladanin-turk-muzigi-makamlari-rehber-kitabi-tanitim-etkinligi-girnede-yapilacak\\\/#breadcrumb\",\"itemListElement\":[{\"@type\":\"ListItem\",\"position\":1,\"name\":\"Anasayfa\",\"item\":\"https:\\\/\\\/kuzeyinsesi.org\\\/\"},{\"@type\":\"ListItem\",\"position\":2,\"name\":\"Ulus Ye\u015filada\u2019n\u0131n \u201cT\u00fcrk M\u00fczi\u011fi Makamlar\u0131 Rehber Kitab\u0131\u201d tan\u0131t\u0131m etkinli\u011fi Girne\u2019de yap\u0131lacak\"}]},{\"@type\":\"WebSite\",\"@id\":\"https:\\\/\\\/kuzeyinsesi.org\\\/#website\",\"url\":\"https:\\\/\\\/kuzeyinsesi.org\\\/\",\"name\":\"Kuzeyin Sesi\",\"description\":\"Do\u011fru Haberin Adresi\",\"potentialAction\":[{\"@type\":\"SearchAction\",\"target\":{\"@type\":\"EntryPoint\",\"urlTemplate\":\"https:\\\/\\\/kuzeyinsesi.org\\\/?s={search_term_string}\"},\"query-input\":{\"@type\":\"PropertyValueSpecification\",\"valueRequired\":true,\"valueName\":\"search_term_string\"}}],\"inLanguage\":\"tr\"},{\"@type\":\"Person\",\"@id\":\"https:\\\/\\\/kuzeyinsesi.org\\\/#\\\/schema\\\/person\\\/9f859689cdf01485597712386e37f5aa\",\"name\":\"Kuzeyin Sesi\",\"image\":{\"@type\":\"ImageObject\",\"inLanguage\":\"tr\",\"@id\":\"https:\\\/\\\/secure.gravatar.com\\\/avatar\\\/bab33852abfd8b282518d6ed81826833d77c3c882d9ab608add591ccace47a44?s=96&d=mm&r=g\",\"url\":\"https:\\\/\\\/secure.gravatar.com\\\/avatar\\\/bab33852abfd8b282518d6ed81826833d77c3c882d9ab608add591ccace47a44?s=96&d=mm&r=g\",\"contentUrl\":\"https:\\\/\\\/secure.gravatar.com\\\/avatar\\\/bab33852abfd8b282518d6ed81826833d77c3c882d9ab608add591ccace47a44?s=96&d=mm&r=g\",\"caption\":\"Kuzeyin Sesi\"},\"sameAs\":[\"https:\\\/\\\/kuzeyinsesi.org\"],\"url\":\"https:\\\/\\\/kuzeyinsesi.org\\\/index.php\\\/author\\\/guven\\\/\"}]}<\/script>\n<!-- \/ Yoast SEO plugin. -->","yoast_head_json":{"title":"Ulus Ye\u015filada\u2019n\u0131n \u201cT\u00fcrk M\u00fczi\u011fi Makamlar\u0131 Rehber Kitab\u0131\u201d tan\u0131t\u0131m etkinli\u011fi Girne\u2019de yap\u0131lacak - Kuzeyin Sesi","robots":{"index":"index","follow":"follow","max-snippet":"max-snippet:-1","max-image-preview":"max-image-preview:large","max-video-preview":"max-video-preview:-1"},"canonical":"https:\/\/kuzeyinsesi.org\/index.php\/2024\/05\/22\/ulus-yesiladanin-turk-muzigi-makamlari-rehber-kitabi-tanitim-etkinligi-girnede-yapilacak\/","og_locale":"tr_TR","og_type":"article","og_title":"Ulus Ye\u015filada\u2019n\u0131n \u201cT\u00fcrk M\u00fczi\u011fi Makamlar\u0131 Rehber Kitab\u0131\u201d tan\u0131t\u0131m etkinli\u011fi Girne\u2019de yap\u0131lacak - Kuzeyin Sesi","og_description":"Sanat\u00e7\u0131 Ulus Ye\u015filada\u2019n\u0131n \u201cT\u00fcrk M\u00fczi\u011fi Makamlar\u0131 Rehber Kitab\u0131\u201d tan\u0131t\u0131m etkinli\u011fi, yar\u0131n saat 15.00\u2019te Girne Halk K\u00fct\u00fcphanesi\u2019nde yap\u0131lacak. Milli Ar\u015fiv ve Ara\u015ft\u0131rma Dairesi\u2019nden yap\u0131lan a\u00e7\u0131klamada, \u201cKKTC Milli Ar\u015fiv ve Ara\u015ft\u0131rma Dairesi organizasyonunda Girne Belediyesi ve K\u00fclt\u00fcr Dairesi i\u015f birli\u011finde \u00fclkenin yeti\u015ftirdi\u011fi \u00f6nemli de\u011ferlerden biri olan Ulus Ye\u015filada\u2019n\u0131n \u2018T\u00fcrk M\u00fczi\u011fi Makamlar\u0131 Rehber Kitab\u0131\u2019 tan\u0131t\u0131m g\u00fcn\u00fc etkinli\u011fi, 23 [&hellip;]","og_url":"https:\/\/kuzeyinsesi.org\/index.php\/2024\/05\/22\/ulus-yesiladanin-turk-muzigi-makamlari-rehber-kitabi-tanitim-etkinligi-girnede-yapilacak\/","og_site_name":"Kuzeyin Sesi","article_publisher":"https:\/\/www.facebook.com\/kuzeyinsesii","article_published_time":"2024-05-22T13:32:08+00:00","og_image":[{"width":759,"height":665,"url":"https:\/\/kuzeyinsesi.org\/wp-content\/uploads\/2024\/05\/milli-arsiv2.jpg","type":"image\/jpeg"}],"author":"Kuzeyin Sesi","twitter_card":"summary_large_image","twitter_creator":"@kuzeyinsesii","twitter_site":"@kuzeyinsesii","twitter_misc":{"Yazan:":"Kuzeyin Sesi","Tahmini okuma s\u00fcresi":"1 dakika"},"schema":{"@context":"https:\/\/schema.org","@graph":[{"@type":"Article","@id":"https:\/\/kuzeyinsesi.org\/index.php\/2024\/05\/22\/ulus-yesiladanin-turk-muzigi-makamlari-rehber-kitabi-tanitim-etkinligi-girnede-yapilacak\/#article","isPartOf":{"@id":"https:\/\/kuzeyinsesi.org\/index.php\/2024\/05\/22\/ulus-yesiladanin-turk-muzigi-makamlari-rehber-kitabi-tanitim-etkinligi-girnede-yapilacak\/"},"author":{"name":"Kuzeyin Sesi","@id":"https:\/\/kuzeyinsesi.org\/#\/schema\/person\/9f859689cdf01485597712386e37f5aa"},"headline":"Ulus Ye\u015filada\u2019n\u0131n \u201cT\u00fcrk M\u00fczi\u011fi Makamlar\u0131 Rehber Kitab\u0131\u201d tan\u0131t\u0131m etkinli\u011fi Girne\u2019de yap\u0131lacak","datePublished":"2024-05-22T13:32:08+00:00","mainEntityOfPage":{"@id":"https:\/\/kuzeyinsesi.org\/index.php\/2024\/05\/22\/ulus-yesiladanin-turk-muzigi-makamlari-rehber-kitabi-tanitim-etkinligi-girnede-yapilacak\/"},"wordCount":141,"commentCount":0,"image":{"@id":"https:\/\/kuzeyinsesi.org\/index.php\/2024\/05\/22\/ulus-yesiladanin-turk-muzigi-makamlari-rehber-kitabi-tanitim-etkinligi-girnede-yapilacak\/#primaryimage"},"thumbnailUrl":"https:\/\/kuzeyinsesi.org\/wp-content\/uploads\/2024\/05\/milli-arsiv2.jpg","articleSection":["Ya\u015fam"],"inLanguage":"tr","potentialAction":[{"@type":"CommentAction","name":"Comment","target":["https:\/\/kuzeyinsesi.org\/index.php\/2024\/05\/22\/ulus-yesiladanin-turk-muzigi-makamlari-rehber-kitabi-tanitim-etkinligi-girnede-yapilacak\/#respond"]}]},{"@type":"WebPage","@id":"https:\/\/kuzeyinsesi.org\/index.php\/2024\/05\/22\/ulus-yesiladanin-turk-muzigi-makamlari-rehber-kitabi-tanitim-etkinligi-girnede-yapilacak\/","url":"https:\/\/kuzeyinsesi.org\/index.php\/2024\/05\/22\/ulus-yesiladanin-turk-muzigi-makamlari-rehber-kitabi-tanitim-etkinligi-girnede-yapilacak\/","name":"Ulus Ye\u015filada\u2019n\u0131n \u201cT\u00fcrk M\u00fczi\u011fi Makamlar\u0131 Rehber Kitab\u0131\u201d tan\u0131t\u0131m etkinli\u011fi Girne\u2019de yap\u0131lacak - Kuzeyin Sesi","isPartOf":{"@id":"https:\/\/kuzeyinsesi.org\/#website"},"primaryImageOfPage":{"@id":"https:\/\/kuzeyinsesi.org\/index.php\/2024\/05\/22\/ulus-yesiladanin-turk-muzigi-makamlari-rehber-kitabi-tanitim-etkinligi-girnede-yapilacak\/#primaryimage"},"image":{"@id":"https:\/\/kuzeyinsesi.org\/index.php\/2024\/05\/22\/ulus-yesiladanin-turk-muzigi-makamlari-rehber-kitabi-tanitim-etkinligi-girnede-yapilacak\/#primaryimage"},"thumbnailUrl":"https:\/\/kuzeyinsesi.org\/wp-content\/uploads\/2024\/05\/milli-arsiv2.jpg","datePublished":"2024-05-22T13:32:08+00:00","author":{"@id":"https:\/\/kuzeyinsesi.org\/#\/schema\/person\/9f859689cdf01485597712386e37f5aa"},"breadcrumb":{"@id":"https:\/\/kuzeyinsesi.org\/index.php\/2024\/05\/22\/ulus-yesiladanin-turk-muzigi-makamlari-rehber-kitabi-tanitim-etkinligi-girnede-yapilacak\/#breadcrumb"},"inLanguage":"tr","potentialAction":[{"@type":"ReadAction","target":["https:\/\/kuzeyinsesi.org\/index.php\/2024\/05\/22\/ulus-yesiladanin-turk-muzigi-makamlari-rehber-kitabi-tanitim-etkinligi-girnede-yapilacak\/"]}]},{"@type":"ImageObject","inLanguage":"tr","@id":"https:\/\/kuzeyinsesi.org\/index.php\/2024\/05\/22\/ulus-yesiladanin-turk-muzigi-makamlari-rehber-kitabi-tanitim-etkinligi-girnede-yapilacak\/#primaryimage","url":"https:\/\/kuzeyinsesi.org\/wp-content\/uploads\/2024\/05\/milli-arsiv2.jpg","contentUrl":"https:\/\/kuzeyinsesi.org\/wp-content\/uploads\/2024\/05\/milli-arsiv2.jpg","width":759,"height":665},{"@type":"BreadcrumbList","@id":"https:\/\/kuzeyinsesi.org\/index.php\/2024\/05\/22\/ulus-yesiladanin-turk-muzigi-makamlari-rehber-kitabi-tanitim-etkinligi-girnede-yapilacak\/#breadcrumb","itemListElement":[{"@type":"ListItem","position":1,"name":"Anasayfa","item":"https:\/\/kuzeyinsesi.org\/"},{"@type":"ListItem","position":2,"name":"Ulus Ye\u015filada\u2019n\u0131n \u201cT\u00fcrk M\u00fczi\u011fi Makamlar\u0131 Rehber Kitab\u0131\u201d tan\u0131t\u0131m etkinli\u011fi Girne\u2019de yap\u0131lacak"}]},{"@type":"WebSite","@id":"https:\/\/kuzeyinsesi.org\/#website","url":"https:\/\/kuzeyinsesi.org\/","name":"Kuzeyin Sesi","description":"Do\u011fru Haberin Adresi","potentialAction":[{"@type":"SearchAction","target":{"@type":"EntryPoint","urlTemplate":"https:\/\/kuzeyinsesi.org\/?s={search_term_string}"},"query-input":{"@type":"PropertyValueSpecification","valueRequired":true,"valueName":"search_term_string"}}],"inLanguage":"tr"},{"@type":"Person","@id":"https:\/\/kuzeyinsesi.org\/#\/schema\/person\/9f859689cdf01485597712386e37f5aa","name":"Kuzeyin Sesi","image":{"@type":"ImageObject","inLanguage":"tr","@id":"https:\/\/secure.gravatar.com\/avatar\/bab33852abfd8b282518d6ed81826833d77c3c882d9ab608add591ccace47a44?s=96&d=mm&r=g","url":"https:\/\/secure.gravatar.com\/avatar\/bab33852abfd8b282518d6ed81826833d77c3c882d9ab608add591ccace47a44?s=96&d=mm&r=g","contentUrl":"https:\/\/secure.gravatar.com\/avatar\/bab33852abfd8b282518d6ed81826833d77c3c882d9ab608add591ccace47a44?s=96&d=mm&r=g","caption":"Kuzeyin Sesi"},"sameAs":["https:\/\/kuzeyinsesi.org"],"url":"https:\/\/kuzeyinsesi.org\/index.php\/author\/guven\/"}]}},"_links":{"self":[{"href":"https:\/\/kuzeyinsesi.org\/index.php\/wp-json\/wp\/v2\/posts\/3148","targetHints":{"allow":["GET"]}}],"collection":[{"href":"https:\/\/kuzeyinsesi.org\/index.php\/wp-json\/wp\/v2\/posts"}],"about":[{"href":"https:\/\/kuzeyinsesi.org\/index.php\/wp-json\/wp\/v2\/types\/post"}],"author":[{"embeddable":true,"href":"https:\/\/kuzeyinsesi.org\/index.php\/wp-json\/wp\/v2\/users\/1"}],"replies":[{"embeddable":true,"href":"https:\/\/kuzeyinsesi.org\/index.php\/wp-json\/wp\/v2\/comments?post=3148"}],"version-history":[{"count":0,"href":"https:\/\/kuzeyinsesi.org\/index.php\/wp-json\/wp\/v2\/posts\/3148\/revisions"}],"wp:featuredmedia":[{"embeddable":true,"href":"https:\/\/kuzeyinsesi.org\/index.php\/wp-json\/wp\/v2\/media\/3149"}],"wp:attachment":[{"href":"https:\/\/kuzeyinsesi.org\/index.php\/wp-json\/wp\/v2\/media?parent=3148"}],"wp:term":[{"taxonomy":"category","embeddable":true,"href":"https:\/\/kuzeyinsesi.org\/index.php\/wp-json\/wp\/v2\/categories?post=3148"},{"taxonomy":"post_tag","embeddable":true,"href":"https:\/\/kuzeyinsesi.org\/index.php\/wp-json\/wp\/v2\/tags?post=3148"}],"curies":[{"name":"wp","href":"https:\/\/api.w.org\/{rel}","templated":true}]}}