{"id":3138,"date":"2024-05-22T14:29:12","date_gmt":"2024-05-22T11:29:12","guid":{"rendered":"https:\/\/kuzeyinsesi.com\/index.php\/2024\/05\/22\/bellapaiste-yarin-tenor-kardesler-konseri\/"},"modified":"2024-05-22T14:29:12","modified_gmt":"2024-05-22T11:29:12","slug":"bellapaiste-yarin-tenor-kardesler-konseri","status":"publish","type":"post","link":"https:\/\/kuzeyinsesi.org\/index.php\/2024\/05\/22\/bellapaiste-yarin-tenor-kardesler-konseri\/","title":{"rendered":"Bellapais\u2019te yar\u0131n Tenor Karde\u015fler konseri"},"content":{"rendered":"<div>\n<div class=\"mariselle-image-container center\">\n                                            <\/div>\n<p>Uluslararas\u0131 Bellapais \u0130lkbahar M\u00fczik Festivali kapsam\u0131nda yar\u0131n \u201cTenor Brothers\/Tenor Karde\u015fler\u201d konser verecek.<\/p>\n<p>Kuzey K\u0131br\u0131s M\u00fczik Derne\u011fi taraf\u0131ndan 19\u2019uncusu d\u00fczenlenen festival \u00e7er\u00e7evesinde yer alacak konser, Bellapais Manast\u0131r\u0131\u2019nda saat 20.00\u2019de ba\u015flayacak.<\/p>\n<p>\u201cTenor Karde\u015fler\u201d konserinde Ankara Devlet Opera ve Balesi Solisti Tenor Ayhan U\u015ftuk ile \u0130zmir Devlet Opera ve Balesi Solisti Tenor Ayd\u0131n U\u015ftuk, Ankara Devlet Opera ve Balesi Ba\u015f Piyanisti Esra Poyrazo\u011flu Alpan\u2019\u0131n e\u015fli\u011finde sahne alacak.<\/p>\n<p>Festival bu y\u0131l Ba\u015fbakan Yard\u0131mc\u0131l\u0131\u011f\u0131, Turizm, K\u00fclt\u00fcr, Gen\u00e7lik ve \u00c7evre Bakanl\u0131\u011f\u0131, Deniz Plaza, Bellapais Gardens ve Kybele\u2019nin katk\u0131lar\u0131yla d\u00fczenleniyor. 31 May\u0131s\u2019 a kadar s\u00fcrecek festivalde 12 konser yer alacak.<\/p>\n<p>Konser biletleri Deniz Plaza, Bellapais Manast\u0131r\u0131 Bilet Ofisi, konser giri\u015finden veya biletfest.com\u2019dan temin edilebilecek.<\/p>\n<\/p><\/div>\n<p><script async\n                    defer\n                    crossorigin=\"anonymous\"\n                    src=\"https:\/\/connect.facebook.net\/tr_TR\/sdk.js#xfbml=1&#038;version=v3.3\"\n            ><\/script><\/p>\n","protected":false},"excerpt":{"rendered":"<p>Uluslararas\u0131 Bellapais \u0130lkbahar M\u00fczik Festivali kapsam\u0131nda yar\u0131n \u201cTenor Brothers\/Tenor Karde\u015fler\u201d konser verecek. Kuzey K\u0131br\u0131s M\u00fczik Derne\u011fi taraf\u0131ndan 19\u2019uncusu d\u00fczenlenen festival \u00e7er\u00e7evesinde yer alacak konser, Bellapais Manast\u0131r\u0131\u2019nda saat 20.00\u2019de ba\u015flayacak. \u201cTenor Karde\u015fler\u201d konserinde Ankara Devlet Opera ve Balesi Solisti Tenor Ayhan U\u015ftuk ile \u0130zmir Devlet Opera ve Balesi Solisti Tenor Ayd\u0131n U\u015ftuk, Ankara Devlet Opera ve [&hellip;]<\/p>\n","protected":false},"author":1,"featured_media":3139,"comment_status":"open","ping_status":"open","sticky":false,"template":"","format":"standard","meta":{"jnews-multi-image_gallery":[],"jnews_single_post":[],"jnews_primary_category":[],"jnews_social_meta":[],"jnews_override_counter":[],"footnotes":""},"categories":[6],"tags":[],"class_list":["post-3138","post","type-post","status-publish","format-standard","has-post-thumbnail","hentry","category-yasam"],"yoast_head":"<!-- This site is optimized with the Yoast SEO plugin v27.5 - https:\/\/yoast.com\/product\/yoast-seo-wordpress\/ -->\n<title>Bellapais\u2019te yar\u0131n Tenor Karde\u015fler konseri - Kuzeyin Sesi<\/title>\n<meta name=\"robots\" content=\"index, follow, max-snippet:-1, max-image-preview:large, max-video-preview:-1\" \/>\n<link rel=\"canonical\" href=\"https:\/\/kuzeyinsesi.org\/index.php\/2024\/05\/22\/bellapaiste-yarin-tenor-kardesler-konseri\/\" \/>\n<meta property=\"og:locale\" content=\"tr_TR\" \/>\n<meta property=\"og:type\" content=\"article\" \/>\n<meta property=\"og:title\" content=\"Bellapais\u2019te yar\u0131n Tenor Karde\u015fler konseri - Kuzeyin Sesi\" \/>\n<meta property=\"og:description\" content=\"Uluslararas\u0131 Bellapais \u0130lkbahar M\u00fczik Festivali kapsam\u0131nda yar\u0131n \u201cTenor Brothers\/Tenor Karde\u015fler\u201d konser verecek. Kuzey K\u0131br\u0131s M\u00fczik Derne\u011fi taraf\u0131ndan 19\u2019uncusu d\u00fczenlenen festival \u00e7er\u00e7evesinde yer alacak konser, Bellapais Manast\u0131r\u0131\u2019nda saat 20.00\u2019de ba\u015flayacak. \u201cTenor Karde\u015fler\u201d konserinde Ankara Devlet Opera ve Balesi Solisti Tenor Ayhan U\u015ftuk ile \u0130zmir Devlet Opera ve Balesi Solisti Tenor Ayd\u0131n U\u015ftuk, Ankara Devlet Opera ve [&hellip;]\" \/>\n<meta property=\"og:url\" content=\"https:\/\/kuzeyinsesi.org\/index.php\/2024\/05\/22\/bellapaiste-yarin-tenor-kardesler-konseri\/\" \/>\n<meta property=\"og:site_name\" content=\"Kuzeyin Sesi\" \/>\n<meta property=\"article:publisher\" content=\"https:\/\/www.facebook.com\/kuzeyinsesii\" \/>\n<meta property=\"article:published_time\" content=\"2024-05-22T11:29:12+00:00\" \/>\n<meta property=\"og:image\" content=\"https:\/\/kuzeyinsesi.org\/wp-content\/uploads\/2024\/05\/bellapais-festivali2.jpeg\" \/>\n\t<meta property=\"og:image:width\" content=\"1000\" \/>\n\t<meta property=\"og:image:height\" content=\"1000\" \/>\n\t<meta property=\"og:image:type\" content=\"image\/jpeg\" \/>\n<meta name=\"author\" content=\"Kuzeyin Sesi\" \/>\n<meta name=\"twitter:card\" content=\"summary_large_image\" \/>\n<meta name=\"twitter:creator\" content=\"@kuzeyinsesii\" \/>\n<meta name=\"twitter:site\" content=\"@kuzeyinsesii\" \/>\n<meta name=\"twitter:label1\" content=\"Yazan:\" \/>\n\t<meta name=\"twitter:data1\" content=\"Kuzeyin Sesi\" \/>\n\t<meta name=\"twitter:label2\" content=\"Tahmini okuma s\u00fcresi\" \/>\n\t<meta name=\"twitter:data2\" content=\"1 dakika\" \/>\n<script type=\"application\/ld+json\" class=\"yoast-schema-graph\">{\"@context\":\"https:\\\/\\\/schema.org\",\"@graph\":[{\"@type\":\"Article\",\"@id\":\"https:\\\/\\\/kuzeyinsesi.org\\\/index.php\\\/2024\\\/05\\\/22\\\/bellapaiste-yarin-tenor-kardesler-konseri\\\/#article\",\"isPartOf\":{\"@id\":\"https:\\\/\\\/kuzeyinsesi.org\\\/index.php\\\/2024\\\/05\\\/22\\\/bellapaiste-yarin-tenor-kardesler-konseri\\\/\"},\"author\":{\"name\":\"Kuzeyin Sesi\",\"@id\":\"https:\\\/\\\/kuzeyinsesi.org\\\/#\\\/schema\\\/person\\\/9f859689cdf01485597712386e37f5aa\"},\"headline\":\"Bellapais\u2019te yar\u0131n Tenor Karde\u015fler konseri\",\"datePublished\":\"2024-05-22T11:29:12+00:00\",\"mainEntityOfPage\":{\"@id\":\"https:\\\/\\\/kuzeyinsesi.org\\\/index.php\\\/2024\\\/05\\\/22\\\/bellapaiste-yarin-tenor-kardesler-konseri\\\/\"},\"wordCount\":153,\"commentCount\":0,\"image\":{\"@id\":\"https:\\\/\\\/kuzeyinsesi.org\\\/index.php\\\/2024\\\/05\\\/22\\\/bellapaiste-yarin-tenor-kardesler-konseri\\\/#primaryimage\"},\"thumbnailUrl\":\"https:\\\/\\\/kuzeyinsesi.org\\\/wp-content\\\/uploads\\\/2024\\\/05\\\/bellapais-festivali2.jpeg\",\"articleSection\":[\"Ya\u015fam\"],\"inLanguage\":\"tr\",\"potentialAction\":[{\"@type\":\"CommentAction\",\"name\":\"Comment\",\"target\":[\"https:\\\/\\\/kuzeyinsesi.org\\\/index.php\\\/2024\\\/05\\\/22\\\/bellapaiste-yarin-tenor-kardesler-konseri\\\/#respond\"]}]},{\"@type\":\"WebPage\",\"@id\":\"https:\\\/\\\/kuzeyinsesi.org\\\/index.php\\\/2024\\\/05\\\/22\\\/bellapaiste-yarin-tenor-kardesler-konseri\\\/\",\"url\":\"https:\\\/\\\/kuzeyinsesi.org\\\/index.php\\\/2024\\\/05\\\/22\\\/bellapaiste-yarin-tenor-kardesler-konseri\\\/\",\"name\":\"Bellapais\u2019te yar\u0131n Tenor Karde\u015fler konseri - Kuzeyin Sesi\",\"isPartOf\":{\"@id\":\"https:\\\/\\\/kuzeyinsesi.org\\\/#website\"},\"primaryImageOfPage\":{\"@id\":\"https:\\\/\\\/kuzeyinsesi.org\\\/index.php\\\/2024\\\/05\\\/22\\\/bellapaiste-yarin-tenor-kardesler-konseri\\\/#primaryimage\"},\"image\":{\"@id\":\"https:\\\/\\\/kuzeyinsesi.org\\\/index.php\\\/2024\\\/05\\\/22\\\/bellapaiste-yarin-tenor-kardesler-konseri\\\/#primaryimage\"},\"thumbnailUrl\":\"https:\\\/\\\/kuzeyinsesi.org\\\/wp-content\\\/uploads\\\/2024\\\/05\\\/bellapais-festivali2.jpeg\",\"datePublished\":\"2024-05-22T11:29:12+00:00\",\"author\":{\"@id\":\"https:\\\/\\\/kuzeyinsesi.org\\\/#\\\/schema\\\/person\\\/9f859689cdf01485597712386e37f5aa\"},\"breadcrumb\":{\"@id\":\"https:\\\/\\\/kuzeyinsesi.org\\\/index.php\\\/2024\\\/05\\\/22\\\/bellapaiste-yarin-tenor-kardesler-konseri\\\/#breadcrumb\"},\"inLanguage\":\"tr\",\"potentialAction\":[{\"@type\":\"ReadAction\",\"target\":[\"https:\\\/\\\/kuzeyinsesi.org\\\/index.php\\\/2024\\\/05\\\/22\\\/bellapaiste-yarin-tenor-kardesler-konseri\\\/\"]}]},{\"@type\":\"ImageObject\",\"inLanguage\":\"tr\",\"@id\":\"https:\\\/\\\/kuzeyinsesi.org\\\/index.php\\\/2024\\\/05\\\/22\\\/bellapaiste-yarin-tenor-kardesler-konseri\\\/#primaryimage\",\"url\":\"https:\\\/\\\/kuzeyinsesi.org\\\/wp-content\\\/uploads\\\/2024\\\/05\\\/bellapais-festivali2.jpeg\",\"contentUrl\":\"https:\\\/\\\/kuzeyinsesi.org\\\/wp-content\\\/uploads\\\/2024\\\/05\\\/bellapais-festivali2.jpeg\",\"width\":1000,\"height\":1000},{\"@type\":\"BreadcrumbList\",\"@id\":\"https:\\\/\\\/kuzeyinsesi.org\\\/index.php\\\/2024\\\/05\\\/22\\\/bellapaiste-yarin-tenor-kardesler-konseri\\\/#breadcrumb\",\"itemListElement\":[{\"@type\":\"ListItem\",\"position\":1,\"name\":\"Anasayfa\",\"item\":\"https:\\\/\\\/kuzeyinsesi.org\\\/\"},{\"@type\":\"ListItem\",\"position\":2,\"name\":\"Bellapais\u2019te yar\u0131n Tenor Karde\u015fler konseri\"}]},{\"@type\":\"WebSite\",\"@id\":\"https:\\\/\\\/kuzeyinsesi.org\\\/#website\",\"url\":\"https:\\\/\\\/kuzeyinsesi.org\\\/\",\"name\":\"Kuzeyin Sesi\",\"description\":\"Do\u011fru Haberin Adresi\",\"potentialAction\":[{\"@type\":\"SearchAction\",\"target\":{\"@type\":\"EntryPoint\",\"urlTemplate\":\"https:\\\/\\\/kuzeyinsesi.org\\\/?s={search_term_string}\"},\"query-input\":{\"@type\":\"PropertyValueSpecification\",\"valueRequired\":true,\"valueName\":\"search_term_string\"}}],\"inLanguage\":\"tr\"},{\"@type\":\"Person\",\"@id\":\"https:\\\/\\\/kuzeyinsesi.org\\\/#\\\/schema\\\/person\\\/9f859689cdf01485597712386e37f5aa\",\"name\":\"Kuzeyin Sesi\",\"image\":{\"@type\":\"ImageObject\",\"inLanguage\":\"tr\",\"@id\":\"https:\\\/\\\/secure.gravatar.com\\\/avatar\\\/bab33852abfd8b282518d6ed81826833d77c3c882d9ab608add591ccace47a44?s=96&d=mm&r=g\",\"url\":\"https:\\\/\\\/secure.gravatar.com\\\/avatar\\\/bab33852abfd8b282518d6ed81826833d77c3c882d9ab608add591ccace47a44?s=96&d=mm&r=g\",\"contentUrl\":\"https:\\\/\\\/secure.gravatar.com\\\/avatar\\\/bab33852abfd8b282518d6ed81826833d77c3c882d9ab608add591ccace47a44?s=96&d=mm&r=g\",\"caption\":\"Kuzeyin Sesi\"},\"sameAs\":[\"https:\\\/\\\/kuzeyinsesi.org\"],\"url\":\"https:\\\/\\\/kuzeyinsesi.org\\\/index.php\\\/author\\\/guven\\\/\"}]}<\/script>\n<!-- \/ Yoast SEO plugin. -->","yoast_head_json":{"title":"Bellapais\u2019te yar\u0131n Tenor Karde\u015fler konseri - Kuzeyin Sesi","robots":{"index":"index","follow":"follow","max-snippet":"max-snippet:-1","max-image-preview":"max-image-preview:large","max-video-preview":"max-video-preview:-1"},"canonical":"https:\/\/kuzeyinsesi.org\/index.php\/2024\/05\/22\/bellapaiste-yarin-tenor-kardesler-konseri\/","og_locale":"tr_TR","og_type":"article","og_title":"Bellapais\u2019te yar\u0131n Tenor Karde\u015fler konseri - Kuzeyin Sesi","og_description":"Uluslararas\u0131 Bellapais \u0130lkbahar M\u00fczik Festivali kapsam\u0131nda yar\u0131n \u201cTenor Brothers\/Tenor Karde\u015fler\u201d konser verecek. Kuzey K\u0131br\u0131s M\u00fczik Derne\u011fi taraf\u0131ndan 19\u2019uncusu d\u00fczenlenen festival \u00e7er\u00e7evesinde yer alacak konser, Bellapais Manast\u0131r\u0131\u2019nda saat 20.00\u2019de ba\u015flayacak. \u201cTenor Karde\u015fler\u201d konserinde Ankara Devlet Opera ve Balesi Solisti Tenor Ayhan U\u015ftuk ile \u0130zmir Devlet Opera ve Balesi Solisti Tenor Ayd\u0131n U\u015ftuk, Ankara Devlet Opera ve [&hellip;]","og_url":"https:\/\/kuzeyinsesi.org\/index.php\/2024\/05\/22\/bellapaiste-yarin-tenor-kardesler-konseri\/","og_site_name":"Kuzeyin Sesi","article_publisher":"https:\/\/www.facebook.com\/kuzeyinsesii","article_published_time":"2024-05-22T11:29:12+00:00","og_image":[{"width":1000,"height":1000,"url":"https:\/\/kuzeyinsesi.org\/wp-content\/uploads\/2024\/05\/bellapais-festivali2.jpeg","type":"image\/jpeg"}],"author":"Kuzeyin Sesi","twitter_card":"summary_large_image","twitter_creator":"@kuzeyinsesii","twitter_site":"@kuzeyinsesii","twitter_misc":{"Yazan:":"Kuzeyin Sesi","Tahmini okuma s\u00fcresi":"1 dakika"},"schema":{"@context":"https:\/\/schema.org","@graph":[{"@type":"Article","@id":"https:\/\/kuzeyinsesi.org\/index.php\/2024\/05\/22\/bellapaiste-yarin-tenor-kardesler-konseri\/#article","isPartOf":{"@id":"https:\/\/kuzeyinsesi.org\/index.php\/2024\/05\/22\/bellapaiste-yarin-tenor-kardesler-konseri\/"},"author":{"name":"Kuzeyin Sesi","@id":"https:\/\/kuzeyinsesi.org\/#\/schema\/person\/9f859689cdf01485597712386e37f5aa"},"headline":"Bellapais\u2019te yar\u0131n Tenor Karde\u015fler konseri","datePublished":"2024-05-22T11:29:12+00:00","mainEntityOfPage":{"@id":"https:\/\/kuzeyinsesi.org\/index.php\/2024\/05\/22\/bellapaiste-yarin-tenor-kardesler-konseri\/"},"wordCount":153,"commentCount":0,"image":{"@id":"https:\/\/kuzeyinsesi.org\/index.php\/2024\/05\/22\/bellapaiste-yarin-tenor-kardesler-konseri\/#primaryimage"},"thumbnailUrl":"https:\/\/kuzeyinsesi.org\/wp-content\/uploads\/2024\/05\/bellapais-festivali2.jpeg","articleSection":["Ya\u015fam"],"inLanguage":"tr","potentialAction":[{"@type":"CommentAction","name":"Comment","target":["https:\/\/kuzeyinsesi.org\/index.php\/2024\/05\/22\/bellapaiste-yarin-tenor-kardesler-konseri\/#respond"]}]},{"@type":"WebPage","@id":"https:\/\/kuzeyinsesi.org\/index.php\/2024\/05\/22\/bellapaiste-yarin-tenor-kardesler-konseri\/","url":"https:\/\/kuzeyinsesi.org\/index.php\/2024\/05\/22\/bellapaiste-yarin-tenor-kardesler-konseri\/","name":"Bellapais\u2019te yar\u0131n Tenor Karde\u015fler konseri - Kuzeyin Sesi","isPartOf":{"@id":"https:\/\/kuzeyinsesi.org\/#website"},"primaryImageOfPage":{"@id":"https:\/\/kuzeyinsesi.org\/index.php\/2024\/05\/22\/bellapaiste-yarin-tenor-kardesler-konseri\/#primaryimage"},"image":{"@id":"https:\/\/kuzeyinsesi.org\/index.php\/2024\/05\/22\/bellapaiste-yarin-tenor-kardesler-konseri\/#primaryimage"},"thumbnailUrl":"https:\/\/kuzeyinsesi.org\/wp-content\/uploads\/2024\/05\/bellapais-festivali2.jpeg","datePublished":"2024-05-22T11:29:12+00:00","author":{"@id":"https:\/\/kuzeyinsesi.org\/#\/schema\/person\/9f859689cdf01485597712386e37f5aa"},"breadcrumb":{"@id":"https:\/\/kuzeyinsesi.org\/index.php\/2024\/05\/22\/bellapaiste-yarin-tenor-kardesler-konseri\/#breadcrumb"},"inLanguage":"tr","potentialAction":[{"@type":"ReadAction","target":["https:\/\/kuzeyinsesi.org\/index.php\/2024\/05\/22\/bellapaiste-yarin-tenor-kardesler-konseri\/"]}]},{"@type":"ImageObject","inLanguage":"tr","@id":"https:\/\/kuzeyinsesi.org\/index.php\/2024\/05\/22\/bellapaiste-yarin-tenor-kardesler-konseri\/#primaryimage","url":"https:\/\/kuzeyinsesi.org\/wp-content\/uploads\/2024\/05\/bellapais-festivali2.jpeg","contentUrl":"https:\/\/kuzeyinsesi.org\/wp-content\/uploads\/2024\/05\/bellapais-festivali2.jpeg","width":1000,"height":1000},{"@type":"BreadcrumbList","@id":"https:\/\/kuzeyinsesi.org\/index.php\/2024\/05\/22\/bellapaiste-yarin-tenor-kardesler-konseri\/#breadcrumb","itemListElement":[{"@type":"ListItem","position":1,"name":"Anasayfa","item":"https:\/\/kuzeyinsesi.org\/"},{"@type":"ListItem","position":2,"name":"Bellapais\u2019te yar\u0131n Tenor Karde\u015fler konseri"}]},{"@type":"WebSite","@id":"https:\/\/kuzeyinsesi.org\/#website","url":"https:\/\/kuzeyinsesi.org\/","name":"Kuzeyin Sesi","description":"Do\u011fru Haberin Adresi","potentialAction":[{"@type":"SearchAction","target":{"@type":"EntryPoint","urlTemplate":"https:\/\/kuzeyinsesi.org\/?s={search_term_string}"},"query-input":{"@type":"PropertyValueSpecification","valueRequired":true,"valueName":"search_term_string"}}],"inLanguage":"tr"},{"@type":"Person","@id":"https:\/\/kuzeyinsesi.org\/#\/schema\/person\/9f859689cdf01485597712386e37f5aa","name":"Kuzeyin Sesi","image":{"@type":"ImageObject","inLanguage":"tr","@id":"https:\/\/secure.gravatar.com\/avatar\/bab33852abfd8b282518d6ed81826833d77c3c882d9ab608add591ccace47a44?s=96&d=mm&r=g","url":"https:\/\/secure.gravatar.com\/avatar\/bab33852abfd8b282518d6ed81826833d77c3c882d9ab608add591ccace47a44?s=96&d=mm&r=g","contentUrl":"https:\/\/secure.gravatar.com\/avatar\/bab33852abfd8b282518d6ed81826833d77c3c882d9ab608add591ccace47a44?s=96&d=mm&r=g","caption":"Kuzeyin Sesi"},"sameAs":["https:\/\/kuzeyinsesi.org"],"url":"https:\/\/kuzeyinsesi.org\/index.php\/author\/guven\/"}]}},"_links":{"self":[{"href":"https:\/\/kuzeyinsesi.org\/index.php\/wp-json\/wp\/v2\/posts\/3138","targetHints":{"allow":["GET"]}}],"collection":[{"href":"https:\/\/kuzeyinsesi.org\/index.php\/wp-json\/wp\/v2\/posts"}],"about":[{"href":"https:\/\/kuzeyinsesi.org\/index.php\/wp-json\/wp\/v2\/types\/post"}],"author":[{"embeddable":true,"href":"https:\/\/kuzeyinsesi.org\/index.php\/wp-json\/wp\/v2\/users\/1"}],"replies":[{"embeddable":true,"href":"https:\/\/kuzeyinsesi.org\/index.php\/wp-json\/wp\/v2\/comments?post=3138"}],"version-history":[{"count":0,"href":"https:\/\/kuzeyinsesi.org\/index.php\/wp-json\/wp\/v2\/posts\/3138\/revisions"}],"wp:featuredmedia":[{"embeddable":true,"href":"https:\/\/kuzeyinsesi.org\/index.php\/wp-json\/wp\/v2\/media\/3139"}],"wp:attachment":[{"href":"https:\/\/kuzeyinsesi.org\/index.php\/wp-json\/wp\/v2\/media?parent=3138"}],"wp:term":[{"taxonomy":"category","embeddable":true,"href":"https:\/\/kuzeyinsesi.org\/index.php\/wp-json\/wp\/v2\/categories?post=3138"},{"taxonomy":"post_tag","embeddable":true,"href":"https:\/\/kuzeyinsesi.org\/index.php\/wp-json\/wp\/v2\/tags?post=3138"}],"curies":[{"name":"wp","href":"https:\/\/api.w.org\/{rel}","templated":true}]}}