{"id":3134,"date":"2024-05-22T13:28:21","date_gmt":"2024-05-22T10:28:21","guid":{"rendered":"https:\/\/kuzeyinsesi.com\/index.php\/2024\/05\/22\/ercan-havalimaninda-suat-arikan-resim-sergisi\/"},"modified":"2024-05-22T13:28:21","modified_gmt":"2024-05-22T10:28:21","slug":"ercan-havalimaninda-suat-arikan-resim-sergisi","status":"publish","type":"post","link":"https:\/\/kuzeyinsesi.org\/index.php\/2024\/05\/22\/ercan-havalimaninda-suat-arikan-resim-sergisi\/","title":{"rendered":"Ercan Havaliman\u0131\u2019nda Suat Ar\u0131kan resim sergisi"},"content":{"rendered":"<div>\n<div class=\"mariselle-image-container center\">\n                                            <\/div>\n<p>Ressam Suat Ar\u0131kan\u2019\u0131n \u201cRengarenk\u201d isimli resim sergisi Ercan Havaliman\u0131\u2019nda a\u00e7\u0131ld\u0131.<\/p>\n<p>T&amp;T Havaliman\u0131 \u0130\u015fletmecili\u011finden verilen bilgiye g\u00f6re, Kopenhag, Roma, K\u00f6ln, \u0130stanbul ve Ankara\u2019da ki\u015fisel sergiler a\u00e7an Sanat y\u00f6netmeni ve eski \u0130stanbul Devlet Opera ve Balesi (\u0130DOB) M\u00fcd\u00fcr\u00fc Suat Ar\u0131kan\u2019\u0131n Ercan\u2019daki giden yolcu pasaport sonras\u0131nda yer alan sergisi 30 eserden olu\u015fuyor.<\/p>\n<p>Ar\u0131kan sergiyle ilgili a\u00e7\u0131klamas\u0131nda, \u201cResimlerimi tek bir ak\u0131mla a\u00e7\u0131klamak m\u00fcmk\u00fcn de\u011fildir. Uzun bir m\u00fczik kariyerimin getirdi\u011fi birikimle, m\u00fczik-resim ili\u015fkisini sorgulam\u0131\u015f ve m\u00fczikte resmin, resimde m\u00fczi\u011fin izlerinin pe\u015fine d\u00fc\u015ft\u00fcm. Bu aray\u0131\u015f bana \u00e7ok y\u00f6nl\u00fc ve renkli bir zenginlik sa\u011flam\u0131\u015ft\u0131r. Resimler bazen fig\u00fcratif, bazan soyuttur, ama \u2018renk\u2019 hemen hemen her zaman \u2018ba\u015f roldedir\u201d dedi.<\/p>\n<p>Sergi 17 Haziran\u2019a kadar a\u00e7\u0131k kalacak.<\/p>\n<\/p><\/div>\n<p><script async\n                    defer\n                    crossorigin=\"anonymous\"\n                    src=\"https:\/\/connect.facebook.net\/tr_TR\/sdk.js#xfbml=1&#038;version=v3.3\"\n            ><\/script><\/p>\n","protected":false},"excerpt":{"rendered":"<p>Ressam Suat Ar\u0131kan\u2019\u0131n \u201cRengarenk\u201d isimli resim sergisi Ercan Havaliman\u0131\u2019nda a\u00e7\u0131ld\u0131. T&amp;T Havaliman\u0131 \u0130\u015fletmecili\u011finden verilen bilgiye g\u00f6re, Kopenhag, Roma, K\u00f6ln, \u0130stanbul ve Ankara\u2019da ki\u015fisel sergiler a\u00e7an Sanat y\u00f6netmeni ve eski \u0130stanbul Devlet Opera ve Balesi (\u0130DOB) M\u00fcd\u00fcr\u00fc Suat Ar\u0131kan\u2019\u0131n Ercan\u2019daki giden yolcu pasaport sonras\u0131nda yer alan sergisi 30 eserden olu\u015fuyor. Ar\u0131kan sergiyle ilgili a\u00e7\u0131klamas\u0131nda, \u201cResimlerimi tek [&hellip;]<\/p>\n","protected":false},"author":1,"featured_media":3135,"comment_status":"open","ping_status":"open","sticky":false,"template":"","format":"standard","meta":{"jnews-multi-image_gallery":[],"jnews_single_post":[],"jnews_primary_category":[],"jnews_social_meta":[],"jnews_override_counter":[],"footnotes":""},"categories":[6],"tags":[],"class_list":["post-3134","post","type-post","status-publish","format-standard","has-post-thumbnail","hentry","category-yasam"],"yoast_head":"<!-- This site is optimized with the Yoast SEO plugin v27.5 - https:\/\/yoast.com\/product\/yoast-seo-wordpress\/ -->\n<title>Ercan Havaliman\u0131\u2019nda Suat Ar\u0131kan resim sergisi - Kuzeyin Sesi<\/title>\n<meta name=\"robots\" content=\"index, follow, max-snippet:-1, max-image-preview:large, max-video-preview:-1\" \/>\n<link rel=\"canonical\" href=\"https:\/\/kuzeyinsesi.org\/index.php\/2024\/05\/22\/ercan-havalimaninda-suat-arikan-resim-sergisi\/\" \/>\n<meta property=\"og:locale\" content=\"tr_TR\" \/>\n<meta property=\"og:type\" content=\"article\" \/>\n<meta property=\"og:title\" content=\"Ercan Havaliman\u0131\u2019nda Suat Ar\u0131kan resim sergisi - Kuzeyin Sesi\" \/>\n<meta property=\"og:description\" content=\"Ressam Suat Ar\u0131kan\u2019\u0131n \u201cRengarenk\u201d isimli resim sergisi Ercan Havaliman\u0131\u2019nda a\u00e7\u0131ld\u0131. T&amp;T Havaliman\u0131 \u0130\u015fletmecili\u011finden verilen bilgiye g\u00f6re, Kopenhag, Roma, K\u00f6ln, \u0130stanbul ve Ankara\u2019da ki\u015fisel sergiler a\u00e7an Sanat y\u00f6netmeni ve eski \u0130stanbul Devlet Opera ve Balesi (\u0130DOB) M\u00fcd\u00fcr\u00fc Suat Ar\u0131kan\u2019\u0131n Ercan\u2019daki giden yolcu pasaport sonras\u0131nda yer alan sergisi 30 eserden olu\u015fuyor. Ar\u0131kan sergiyle ilgili a\u00e7\u0131klamas\u0131nda, \u201cResimlerimi tek [&hellip;]\" \/>\n<meta property=\"og:url\" content=\"https:\/\/kuzeyinsesi.org\/index.php\/2024\/05\/22\/ercan-havalimaninda-suat-arikan-resim-sergisi\/\" \/>\n<meta property=\"og:site_name\" content=\"Kuzeyin Sesi\" \/>\n<meta property=\"article:publisher\" content=\"https:\/\/www.facebook.com\/kuzeyinsesii\" \/>\n<meta property=\"article:published_time\" content=\"2024-05-22T10:28:21+00:00\" \/>\n<meta property=\"og:image\" content=\"https:\/\/kuzeyinsesi.org\/wp-content\/uploads\/2024\/05\/ss3-scaled.jpg\" \/>\n\t<meta property=\"og:image:width\" content=\"2560\" \/>\n\t<meta property=\"og:image:height\" content=\"1920\" \/>\n\t<meta property=\"og:image:type\" content=\"image\/jpeg\" \/>\n<meta name=\"author\" content=\"Kuzeyin Sesi\" \/>\n<meta name=\"twitter:card\" content=\"summary_large_image\" \/>\n<meta name=\"twitter:creator\" content=\"@kuzeyinsesii\" \/>\n<meta name=\"twitter:site\" content=\"@kuzeyinsesii\" \/>\n<meta name=\"twitter:label1\" content=\"Yazan:\" \/>\n\t<meta name=\"twitter:data1\" content=\"Kuzeyin Sesi\" \/>\n\t<meta name=\"twitter:label2\" content=\"Tahmini okuma s\u00fcresi\" \/>\n\t<meta name=\"twitter:data2\" content=\"1 dakika\" \/>\n<script type=\"application\/ld+json\" class=\"yoast-schema-graph\">{\"@context\":\"https:\\\/\\\/schema.org\",\"@graph\":[{\"@type\":\"Article\",\"@id\":\"https:\\\/\\\/kuzeyinsesi.org\\\/index.php\\\/2024\\\/05\\\/22\\\/ercan-havalimaninda-suat-arikan-resim-sergisi\\\/#article\",\"isPartOf\":{\"@id\":\"https:\\\/\\\/kuzeyinsesi.org\\\/index.php\\\/2024\\\/05\\\/22\\\/ercan-havalimaninda-suat-arikan-resim-sergisi\\\/\"},\"author\":{\"name\":\"Kuzeyin Sesi\",\"@id\":\"https:\\\/\\\/kuzeyinsesi.org\\\/#\\\/schema\\\/person\\\/9f859689cdf01485597712386e37f5aa\"},\"headline\":\"Ercan Havaliman\u0131\u2019nda Suat Ar\u0131kan resim sergisi\",\"datePublished\":\"2024-05-22T10:28:21+00:00\",\"mainEntityOfPage\":{\"@id\":\"https:\\\/\\\/kuzeyinsesi.org\\\/index.php\\\/2024\\\/05\\\/22\\\/ercan-havalimaninda-suat-arikan-resim-sergisi\\\/\"},\"wordCount\":158,\"commentCount\":0,\"image\":{\"@id\":\"https:\\\/\\\/kuzeyinsesi.org\\\/index.php\\\/2024\\\/05\\\/22\\\/ercan-havalimaninda-suat-arikan-resim-sergisi\\\/#primaryimage\"},\"thumbnailUrl\":\"https:\\\/\\\/kuzeyinsesi.org\\\/wp-content\\\/uploads\\\/2024\\\/05\\\/ss3-scaled.jpg\",\"articleSection\":[\"Ya\u015fam\"],\"inLanguage\":\"tr\",\"potentialAction\":[{\"@type\":\"CommentAction\",\"name\":\"Comment\",\"target\":[\"https:\\\/\\\/kuzeyinsesi.org\\\/index.php\\\/2024\\\/05\\\/22\\\/ercan-havalimaninda-suat-arikan-resim-sergisi\\\/#respond\"]}]},{\"@type\":\"WebPage\",\"@id\":\"https:\\\/\\\/kuzeyinsesi.org\\\/index.php\\\/2024\\\/05\\\/22\\\/ercan-havalimaninda-suat-arikan-resim-sergisi\\\/\",\"url\":\"https:\\\/\\\/kuzeyinsesi.org\\\/index.php\\\/2024\\\/05\\\/22\\\/ercan-havalimaninda-suat-arikan-resim-sergisi\\\/\",\"name\":\"Ercan Havaliman\u0131\u2019nda Suat Ar\u0131kan resim sergisi - Kuzeyin Sesi\",\"isPartOf\":{\"@id\":\"https:\\\/\\\/kuzeyinsesi.org\\\/#website\"},\"primaryImageOfPage\":{\"@id\":\"https:\\\/\\\/kuzeyinsesi.org\\\/index.php\\\/2024\\\/05\\\/22\\\/ercan-havalimaninda-suat-arikan-resim-sergisi\\\/#primaryimage\"},\"image\":{\"@id\":\"https:\\\/\\\/kuzeyinsesi.org\\\/index.php\\\/2024\\\/05\\\/22\\\/ercan-havalimaninda-suat-arikan-resim-sergisi\\\/#primaryimage\"},\"thumbnailUrl\":\"https:\\\/\\\/kuzeyinsesi.org\\\/wp-content\\\/uploads\\\/2024\\\/05\\\/ss3-scaled.jpg\",\"datePublished\":\"2024-05-22T10:28:21+00:00\",\"author\":{\"@id\":\"https:\\\/\\\/kuzeyinsesi.org\\\/#\\\/schema\\\/person\\\/9f859689cdf01485597712386e37f5aa\"},\"breadcrumb\":{\"@id\":\"https:\\\/\\\/kuzeyinsesi.org\\\/index.php\\\/2024\\\/05\\\/22\\\/ercan-havalimaninda-suat-arikan-resim-sergisi\\\/#breadcrumb\"},\"inLanguage\":\"tr\",\"potentialAction\":[{\"@type\":\"ReadAction\",\"target\":[\"https:\\\/\\\/kuzeyinsesi.org\\\/index.php\\\/2024\\\/05\\\/22\\\/ercan-havalimaninda-suat-arikan-resim-sergisi\\\/\"]}]},{\"@type\":\"ImageObject\",\"inLanguage\":\"tr\",\"@id\":\"https:\\\/\\\/kuzeyinsesi.org\\\/index.php\\\/2024\\\/05\\\/22\\\/ercan-havalimaninda-suat-arikan-resim-sergisi\\\/#primaryimage\",\"url\":\"https:\\\/\\\/kuzeyinsesi.org\\\/wp-content\\\/uploads\\\/2024\\\/05\\\/ss3-scaled.jpg\",\"contentUrl\":\"https:\\\/\\\/kuzeyinsesi.org\\\/wp-content\\\/uploads\\\/2024\\\/05\\\/ss3-scaled.jpg\",\"width\":2560,\"height\":1920},{\"@type\":\"BreadcrumbList\",\"@id\":\"https:\\\/\\\/kuzeyinsesi.org\\\/index.php\\\/2024\\\/05\\\/22\\\/ercan-havalimaninda-suat-arikan-resim-sergisi\\\/#breadcrumb\",\"itemListElement\":[{\"@type\":\"ListItem\",\"position\":1,\"name\":\"Anasayfa\",\"item\":\"https:\\\/\\\/kuzeyinsesi.org\\\/\"},{\"@type\":\"ListItem\",\"position\":2,\"name\":\"Ercan Havaliman\u0131\u2019nda Suat Ar\u0131kan resim sergisi\"}]},{\"@type\":\"WebSite\",\"@id\":\"https:\\\/\\\/kuzeyinsesi.org\\\/#website\",\"url\":\"https:\\\/\\\/kuzeyinsesi.org\\\/\",\"name\":\"Kuzeyin Sesi\",\"description\":\"Do\u011fru Haberin Adresi\",\"potentialAction\":[{\"@type\":\"SearchAction\",\"target\":{\"@type\":\"EntryPoint\",\"urlTemplate\":\"https:\\\/\\\/kuzeyinsesi.org\\\/?s={search_term_string}\"},\"query-input\":{\"@type\":\"PropertyValueSpecification\",\"valueRequired\":true,\"valueName\":\"search_term_string\"}}],\"inLanguage\":\"tr\"},{\"@type\":\"Person\",\"@id\":\"https:\\\/\\\/kuzeyinsesi.org\\\/#\\\/schema\\\/person\\\/9f859689cdf01485597712386e37f5aa\",\"name\":\"Kuzeyin Sesi\",\"image\":{\"@type\":\"ImageObject\",\"inLanguage\":\"tr\",\"@id\":\"https:\\\/\\\/secure.gravatar.com\\\/avatar\\\/bab33852abfd8b282518d6ed81826833d77c3c882d9ab608add591ccace47a44?s=96&d=mm&r=g\",\"url\":\"https:\\\/\\\/secure.gravatar.com\\\/avatar\\\/bab33852abfd8b282518d6ed81826833d77c3c882d9ab608add591ccace47a44?s=96&d=mm&r=g\",\"contentUrl\":\"https:\\\/\\\/secure.gravatar.com\\\/avatar\\\/bab33852abfd8b282518d6ed81826833d77c3c882d9ab608add591ccace47a44?s=96&d=mm&r=g\",\"caption\":\"Kuzeyin Sesi\"},\"sameAs\":[\"https:\\\/\\\/kuzeyinsesi.org\"],\"url\":\"https:\\\/\\\/kuzeyinsesi.org\\\/index.php\\\/author\\\/guven\\\/\"}]}<\/script>\n<!-- \/ Yoast SEO plugin. -->","yoast_head_json":{"title":"Ercan Havaliman\u0131\u2019nda Suat Ar\u0131kan resim sergisi - Kuzeyin Sesi","robots":{"index":"index","follow":"follow","max-snippet":"max-snippet:-1","max-image-preview":"max-image-preview:large","max-video-preview":"max-video-preview:-1"},"canonical":"https:\/\/kuzeyinsesi.org\/index.php\/2024\/05\/22\/ercan-havalimaninda-suat-arikan-resim-sergisi\/","og_locale":"tr_TR","og_type":"article","og_title":"Ercan Havaliman\u0131\u2019nda Suat Ar\u0131kan resim sergisi - Kuzeyin Sesi","og_description":"Ressam Suat Ar\u0131kan\u2019\u0131n \u201cRengarenk\u201d isimli resim sergisi Ercan Havaliman\u0131\u2019nda a\u00e7\u0131ld\u0131. T&amp;T Havaliman\u0131 \u0130\u015fletmecili\u011finden verilen bilgiye g\u00f6re, Kopenhag, Roma, K\u00f6ln, \u0130stanbul ve Ankara\u2019da ki\u015fisel sergiler a\u00e7an Sanat y\u00f6netmeni ve eski \u0130stanbul Devlet Opera ve Balesi (\u0130DOB) M\u00fcd\u00fcr\u00fc Suat Ar\u0131kan\u2019\u0131n Ercan\u2019daki giden yolcu pasaport sonras\u0131nda yer alan sergisi 30 eserden olu\u015fuyor. Ar\u0131kan sergiyle ilgili a\u00e7\u0131klamas\u0131nda, \u201cResimlerimi tek [&hellip;]","og_url":"https:\/\/kuzeyinsesi.org\/index.php\/2024\/05\/22\/ercan-havalimaninda-suat-arikan-resim-sergisi\/","og_site_name":"Kuzeyin Sesi","article_publisher":"https:\/\/www.facebook.com\/kuzeyinsesii","article_published_time":"2024-05-22T10:28:21+00:00","og_image":[{"width":2560,"height":1920,"url":"https:\/\/kuzeyinsesi.org\/wp-content\/uploads\/2024\/05\/ss3-scaled.jpg","type":"image\/jpeg"}],"author":"Kuzeyin Sesi","twitter_card":"summary_large_image","twitter_creator":"@kuzeyinsesii","twitter_site":"@kuzeyinsesii","twitter_misc":{"Yazan:":"Kuzeyin Sesi","Tahmini okuma s\u00fcresi":"1 dakika"},"schema":{"@context":"https:\/\/schema.org","@graph":[{"@type":"Article","@id":"https:\/\/kuzeyinsesi.org\/index.php\/2024\/05\/22\/ercan-havalimaninda-suat-arikan-resim-sergisi\/#article","isPartOf":{"@id":"https:\/\/kuzeyinsesi.org\/index.php\/2024\/05\/22\/ercan-havalimaninda-suat-arikan-resim-sergisi\/"},"author":{"name":"Kuzeyin Sesi","@id":"https:\/\/kuzeyinsesi.org\/#\/schema\/person\/9f859689cdf01485597712386e37f5aa"},"headline":"Ercan Havaliman\u0131\u2019nda Suat Ar\u0131kan resim sergisi","datePublished":"2024-05-22T10:28:21+00:00","mainEntityOfPage":{"@id":"https:\/\/kuzeyinsesi.org\/index.php\/2024\/05\/22\/ercan-havalimaninda-suat-arikan-resim-sergisi\/"},"wordCount":158,"commentCount":0,"image":{"@id":"https:\/\/kuzeyinsesi.org\/index.php\/2024\/05\/22\/ercan-havalimaninda-suat-arikan-resim-sergisi\/#primaryimage"},"thumbnailUrl":"https:\/\/kuzeyinsesi.org\/wp-content\/uploads\/2024\/05\/ss3-scaled.jpg","articleSection":["Ya\u015fam"],"inLanguage":"tr","potentialAction":[{"@type":"CommentAction","name":"Comment","target":["https:\/\/kuzeyinsesi.org\/index.php\/2024\/05\/22\/ercan-havalimaninda-suat-arikan-resim-sergisi\/#respond"]}]},{"@type":"WebPage","@id":"https:\/\/kuzeyinsesi.org\/index.php\/2024\/05\/22\/ercan-havalimaninda-suat-arikan-resim-sergisi\/","url":"https:\/\/kuzeyinsesi.org\/index.php\/2024\/05\/22\/ercan-havalimaninda-suat-arikan-resim-sergisi\/","name":"Ercan Havaliman\u0131\u2019nda Suat Ar\u0131kan resim sergisi - Kuzeyin Sesi","isPartOf":{"@id":"https:\/\/kuzeyinsesi.org\/#website"},"primaryImageOfPage":{"@id":"https:\/\/kuzeyinsesi.org\/index.php\/2024\/05\/22\/ercan-havalimaninda-suat-arikan-resim-sergisi\/#primaryimage"},"image":{"@id":"https:\/\/kuzeyinsesi.org\/index.php\/2024\/05\/22\/ercan-havalimaninda-suat-arikan-resim-sergisi\/#primaryimage"},"thumbnailUrl":"https:\/\/kuzeyinsesi.org\/wp-content\/uploads\/2024\/05\/ss3-scaled.jpg","datePublished":"2024-05-22T10:28:21+00:00","author":{"@id":"https:\/\/kuzeyinsesi.org\/#\/schema\/person\/9f859689cdf01485597712386e37f5aa"},"breadcrumb":{"@id":"https:\/\/kuzeyinsesi.org\/index.php\/2024\/05\/22\/ercan-havalimaninda-suat-arikan-resim-sergisi\/#breadcrumb"},"inLanguage":"tr","potentialAction":[{"@type":"ReadAction","target":["https:\/\/kuzeyinsesi.org\/index.php\/2024\/05\/22\/ercan-havalimaninda-suat-arikan-resim-sergisi\/"]}]},{"@type":"ImageObject","inLanguage":"tr","@id":"https:\/\/kuzeyinsesi.org\/index.php\/2024\/05\/22\/ercan-havalimaninda-suat-arikan-resim-sergisi\/#primaryimage","url":"https:\/\/kuzeyinsesi.org\/wp-content\/uploads\/2024\/05\/ss3-scaled.jpg","contentUrl":"https:\/\/kuzeyinsesi.org\/wp-content\/uploads\/2024\/05\/ss3-scaled.jpg","width":2560,"height":1920},{"@type":"BreadcrumbList","@id":"https:\/\/kuzeyinsesi.org\/index.php\/2024\/05\/22\/ercan-havalimaninda-suat-arikan-resim-sergisi\/#breadcrumb","itemListElement":[{"@type":"ListItem","position":1,"name":"Anasayfa","item":"https:\/\/kuzeyinsesi.org\/"},{"@type":"ListItem","position":2,"name":"Ercan Havaliman\u0131\u2019nda Suat Ar\u0131kan resim sergisi"}]},{"@type":"WebSite","@id":"https:\/\/kuzeyinsesi.org\/#website","url":"https:\/\/kuzeyinsesi.org\/","name":"Kuzeyin Sesi","description":"Do\u011fru Haberin Adresi","potentialAction":[{"@type":"SearchAction","target":{"@type":"EntryPoint","urlTemplate":"https:\/\/kuzeyinsesi.org\/?s={search_term_string}"},"query-input":{"@type":"PropertyValueSpecification","valueRequired":true,"valueName":"search_term_string"}}],"inLanguage":"tr"},{"@type":"Person","@id":"https:\/\/kuzeyinsesi.org\/#\/schema\/person\/9f859689cdf01485597712386e37f5aa","name":"Kuzeyin Sesi","image":{"@type":"ImageObject","inLanguage":"tr","@id":"https:\/\/secure.gravatar.com\/avatar\/bab33852abfd8b282518d6ed81826833d77c3c882d9ab608add591ccace47a44?s=96&d=mm&r=g","url":"https:\/\/secure.gravatar.com\/avatar\/bab33852abfd8b282518d6ed81826833d77c3c882d9ab608add591ccace47a44?s=96&d=mm&r=g","contentUrl":"https:\/\/secure.gravatar.com\/avatar\/bab33852abfd8b282518d6ed81826833d77c3c882d9ab608add591ccace47a44?s=96&d=mm&r=g","caption":"Kuzeyin Sesi"},"sameAs":["https:\/\/kuzeyinsesi.org"],"url":"https:\/\/kuzeyinsesi.org\/index.php\/author\/guven\/"}]}},"_links":{"self":[{"href":"https:\/\/kuzeyinsesi.org\/index.php\/wp-json\/wp\/v2\/posts\/3134","targetHints":{"allow":["GET"]}}],"collection":[{"href":"https:\/\/kuzeyinsesi.org\/index.php\/wp-json\/wp\/v2\/posts"}],"about":[{"href":"https:\/\/kuzeyinsesi.org\/index.php\/wp-json\/wp\/v2\/types\/post"}],"author":[{"embeddable":true,"href":"https:\/\/kuzeyinsesi.org\/index.php\/wp-json\/wp\/v2\/users\/1"}],"replies":[{"embeddable":true,"href":"https:\/\/kuzeyinsesi.org\/index.php\/wp-json\/wp\/v2\/comments?post=3134"}],"version-history":[{"count":0,"href":"https:\/\/kuzeyinsesi.org\/index.php\/wp-json\/wp\/v2\/posts\/3134\/revisions"}],"wp:featuredmedia":[{"embeddable":true,"href":"https:\/\/kuzeyinsesi.org\/index.php\/wp-json\/wp\/v2\/media\/3135"}],"wp:attachment":[{"href":"https:\/\/kuzeyinsesi.org\/index.php\/wp-json\/wp\/v2\/media?parent=3134"}],"wp:term":[{"taxonomy":"category","embeddable":true,"href":"https:\/\/kuzeyinsesi.org\/index.php\/wp-json\/wp\/v2\/categories?post=3134"},{"taxonomy":"post_tag","embeddable":true,"href":"https:\/\/kuzeyinsesi.org\/index.php\/wp-json\/wp\/v2\/tags?post=3134"}],"curies":[{"name":"wp","href":"https:\/\/api.w.org\/{rel}","templated":true}]}}