{"id":31217,"date":"2025-09-04T21:47:31","date_gmt":"2025-09-04T18:47:31","guid":{"rendered":"https:\/\/kuzeyinsesi.org\/index.php\/2025\/09\/04\/bizim-cocuklar-gurcistani-32-maglup-etti\/"},"modified":"2025-09-04T21:47:31","modified_gmt":"2025-09-04T18:47:31","slug":"bizim-cocuklar-gurcistani-32-maglup-etti","status":"publish","type":"post","link":"https:\/\/kuzeyinsesi.org\/index.php\/2025\/09\/04\/bizim-cocuklar-gurcistani-32-maglup-etti\/","title":{"rendered":"Bizim \u00c7ocuklar G\u00fcrcistan&#039;\u0131 32 ma\u011flup etti"},"content":{"rendered":"<p><\/p>\n<div>\n<p>&#13;<br \/>\n\tBoris Paichadze Ulusal Stad\u0131&#8217;nda oynanan ve ilk yar\u0131s\u0131 da ay-y\u0131ld\u0131zl\u0131 ekibin 2-0&#8217;l\u0131k \u00fcst\u00fcnl\u00fc\u011f\u00fcyle sona eren m\u00fccadelede milli tak\u0131m\u0131n golleri Mert M\u00fcld\u00fcr ve Kerem Akt\u00fcrko\u011flu&#8217;ndan (2) geldi.<\/p>\n<p>&#13;<br \/>\n\tT\u00fcrkiye, gruptaki ikinci ma\u00e7\u0131nda 7 Eyl\u00fcl Pazar g\u00fcn\u00fc Konya&#8217;da \u0130spanya&#8217;y\u0131 konuk edecek.<\/p>\n<h2>&#13;<br \/>\n\tMert M\u00fcld\u00fcr yine ilk gol\u00fc att\u0131<\/h2>\n<p>&#13;<br \/>\n\tA Milli Futbol Tak\u0131m\u0131&#8217;n\u0131n G\u00fcrcistan deplasman\u0131ndaki ilk gol\u00fc, 3. dakikada Mert M\u00fcld\u00fcr&#8217;den geldi.<\/p>\n<p>&#13;<br \/>\n\tMillilerin 2024 Avrupa Futbol \u015eampiyonas\u0131&#8217;nda da G\u00fcrcistan&#8217;\u0131 3-1 ma\u011flup etti\u011fi kar\u015f\u0131la\u015fmada ay-y\u0131ld\u0131zl\u0131 ekibin ilk gol\u00fcn\u00fc yine Mert M\u00fcld\u00fcr atm\u0131\u015ft\u0131.<\/p>\n<h2>&#13;<br \/>\n\tKerem Akt\u00fcrko\u011flu&#8217;ndan 2 gol<\/h2>\n<p>&#13;<br \/>\n\tMilli futbolcu Kerem Akt\u00fcrko\u011flu, G\u00fcrcistan filelerini 2 kez havaland\u0131rd\u0131.<\/p>\n<p>&#13;<br \/>\n\tAy-y\u0131ld\u0131zl\u0131 ekibin en u\u00e7taki ismi olan Kerem, 41 ve 52. dakikalarda topu a\u011flara yollad\u0131. Kerem&#8217;in ikinci gol\u00fc \u00f6ncesinde pas\u0131 veren isim Yunus Akg\u00fcn oldu.<\/p>\n<p>&#13;<br \/>\n\tKerem, A Milli Tak\u0131m&#8217;da \u00e7\u0131kt\u0131\u011f\u0131 45. ma\u00e7ta gol say\u0131s\u0131n\u0131 14&#8217;e y\u00fckseltti.<\/p>\n<h2>&#13;<br \/>\n\tMilli tak\u0131m 71. dakikada 10 ki\u015fi kald\u0131<\/h2>\n<p>&#13;<br \/>\n\tA Milli Futbol Tak\u0131m\u0131, 71. dakikada Bar\u0131\u015f Alper Y\u0131lmaz&#8217;\u0131n g\u00f6rd\u00fc\u011f\u00fc k\u0131rm\u0131z\u0131 kartla 10 ki\u015fi kald\u0131.<\/p>\n<p>&#13;<br \/>\n\tOrta sahada ya\u015fanan top kapma m\u00fccadelesinde Bar\u0131\u015f Alper Y\u0131lmaz&#8217;\u0131n Kochorashvili&#8217;ye yapt\u0131\u011f\u0131 m\u00fcdahale sonras\u0131nda hakem Davide Massa, VAR uyar\u0131s\u0131n\u0131n ard\u0131ndan saha kenar\u0131na gelerek pozisyonu izledi ve Bar\u0131\u015f Alper&#8217;e k\u0131rm\u0131z\u0131 kart\u0131n\u0131 g\u00f6sterdi.<\/p>\n<p>&#13;<br \/>\n\tBu pozisyona \u015fiddetli itirazda bulunan G\u00fcrcistan Milli Tak\u0131m\u0131 Teknik Direkt\u00f6r\u00fc Willy Sagnol de k\u0131rm\u0131z\u0131 kart g\u00f6rd\u00fc.<\/p>\n<\/p><\/div>\n","protected":false},"excerpt":{"rendered":"<p>&#13; Boris Paichadze Ulusal Stad\u0131&#8217;nda oynanan ve ilk yar\u0131s\u0131 da ay-y\u0131ld\u0131zl\u0131 ekibin 2-0&#8217;l\u0131k \u00fcst\u00fcnl\u00fc\u011f\u00fcyle sona eren m\u00fccadelede milli tak\u0131m\u0131n golleri Mert M\u00fcld\u00fcr ve Kerem Akt\u00fcrko\u011flu&#8217;ndan (2) geldi. &#13; T\u00fcrkiye, gruptaki ikinci ma\u00e7\u0131nda 7 Eyl\u00fcl Pazar g\u00fcn\u00fc Konya&#8217;da \u0130spanya&#8217;y\u0131 konuk edecek. &#13; Mert M\u00fcld\u00fcr yine ilk gol\u00fc att\u0131 &#13; A Milli Futbol Tak\u0131m\u0131&#8217;n\u0131n G\u00fcrcistan deplasman\u0131ndaki ilk [&hellip;]<\/p>\n","protected":false},"author":1,"featured_media":31218,"comment_status":"open","ping_status":"open","sticky":false,"template":"","format":"standard","meta":{"jnews-multi-image_gallery":[],"jnews_single_post":[],"jnews_primary_category":[],"jnews_social_meta":[],"jnews_override_counter":[],"footnotes":""},"categories":[4],"tags":[],"class_list":["post-31217","post","type-post","status-publish","format-standard","has-post-thumbnail","hentry","category-spor"],"yoast_head":"<!-- This site is optimized with the Yoast SEO plugin v27.5 - https:\/\/yoast.com\/product\/yoast-seo-wordpress\/ -->\n<title>Bizim \u00c7ocuklar G\u00fcrcistan&#039;\u0131 32 ma\u011flup etti - Kuzeyin Sesi<\/title>\n<meta name=\"robots\" content=\"index, follow, max-snippet:-1, max-image-preview:large, max-video-preview:-1\" \/>\n<link rel=\"canonical\" href=\"https:\/\/kuzeyinsesi.org\/index.php\/2025\/09\/04\/bizim-cocuklar-gurcistani-32-maglup-etti\/\" \/>\n<meta property=\"og:locale\" content=\"tr_TR\" \/>\n<meta property=\"og:type\" content=\"article\" \/>\n<meta property=\"og:title\" content=\"Bizim \u00c7ocuklar G\u00fcrcistan&#039;\u0131 32 ma\u011flup etti - Kuzeyin Sesi\" \/>\n<meta property=\"og:description\" content=\"&#013; Boris Paichadze Ulusal Stad\u0131&#8217;nda oynanan ve ilk yar\u0131s\u0131 da ay-y\u0131ld\u0131zl\u0131 ekibin 2-0&#8217;l\u0131k \u00fcst\u00fcnl\u00fc\u011f\u00fcyle sona eren m\u00fccadelede milli tak\u0131m\u0131n golleri Mert M\u00fcld\u00fcr ve Kerem Akt\u00fcrko\u011flu&#8217;ndan (2) geldi. &#013; T\u00fcrkiye, gruptaki ikinci ma\u00e7\u0131nda 7 Eyl\u00fcl Pazar g\u00fcn\u00fc Konya&#8217;da \u0130spanya&#8217;y\u0131 konuk edecek. &#013; Mert M\u00fcld\u00fcr yine ilk gol\u00fc att\u0131 &#013; A Milli Futbol Tak\u0131m\u0131&#8217;n\u0131n G\u00fcrcistan deplasman\u0131ndaki ilk [&hellip;]\" \/>\n<meta property=\"og:url\" content=\"https:\/\/kuzeyinsesi.org\/index.php\/2025\/09\/04\/bizim-cocuklar-gurcistani-32-maglup-etti\/\" \/>\n<meta property=\"og:site_name\" content=\"Kuzeyin Sesi\" \/>\n<meta property=\"article:publisher\" content=\"https:\/\/www.facebook.com\/kuzeyinsesii\" \/>\n<meta property=\"article:published_time\" content=\"2025-09-04T18:47:31+00:00\" \/>\n<meta property=\"og:image\" content=\"https:\/\/trthaberstatic.cdn.wp.trt.com.tr\/resimler\/2394000\/milli-takim-2394715.jpg\" \/>\n<meta name=\"author\" content=\"Kuzeyin Sesi\" \/>\n<meta name=\"twitter:card\" content=\"summary_large_image\" \/>\n<meta name=\"twitter:creator\" content=\"@kuzeyinsesii\" \/>\n<meta name=\"twitter:site\" content=\"@kuzeyinsesii\" \/>\n<meta name=\"twitter:label1\" content=\"Yazan:\" \/>\n\t<meta name=\"twitter:data1\" content=\"Kuzeyin Sesi\" \/>\n\t<meta name=\"twitter:label2\" content=\"Tahmini okuma s\u00fcresi\" \/>\n\t<meta name=\"twitter:data2\" content=\"1 dakika\" \/>\n<script type=\"application\/ld+json\" class=\"yoast-schema-graph\">{\"@context\":\"https:\\\/\\\/schema.org\",\"@graph\":[{\"@type\":\"Article\",\"@id\":\"https:\\\/\\\/kuzeyinsesi.org\\\/index.php\\\/2025\\\/09\\\/04\\\/bizim-cocuklar-gurcistani-32-maglup-etti\\\/#article\",\"isPartOf\":{\"@id\":\"https:\\\/\\\/kuzeyinsesi.org\\\/index.php\\\/2025\\\/09\\\/04\\\/bizim-cocuklar-gurcistani-32-maglup-etti\\\/\"},\"author\":{\"name\":\"Kuzeyin Sesi\",\"@id\":\"https:\\\/\\\/kuzeyinsesi.org\\\/#\\\/schema\\\/person\\\/9f859689cdf01485597712386e37f5aa\"},\"headline\":\"Bizim \u00c7ocuklar G\u00fcrcistan&#039;\u0131 32 ma\u011flup etti\",\"datePublished\":\"2025-09-04T18:47:31+00:00\",\"mainEntityOfPage\":{\"@id\":\"https:\\\/\\\/kuzeyinsesi.org\\\/index.php\\\/2025\\\/09\\\/04\\\/bizim-cocuklar-gurcistani-32-maglup-etti\\\/\"},\"wordCount\":281,\"commentCount\":0,\"image\":{\"@id\":\"https:\\\/\\\/kuzeyinsesi.org\\\/index.php\\\/2025\\\/09\\\/04\\\/bizim-cocuklar-gurcistani-32-maglup-etti\\\/#primaryimage\"},\"thumbnailUrl\":\"https:\\\/\\\/kuzeyinsesi.org\\\/wp-content\\\/uploads\\\/2025\\\/09\\\/milli-takim-2394715.jpg\",\"articleSection\":[\"Spor\"],\"inLanguage\":\"tr\",\"potentialAction\":[{\"@type\":\"CommentAction\",\"name\":\"Comment\",\"target\":[\"https:\\\/\\\/kuzeyinsesi.org\\\/index.php\\\/2025\\\/09\\\/04\\\/bizim-cocuklar-gurcistani-32-maglup-etti\\\/#respond\"]}]},{\"@type\":\"WebPage\",\"@id\":\"https:\\\/\\\/kuzeyinsesi.org\\\/index.php\\\/2025\\\/09\\\/04\\\/bizim-cocuklar-gurcistani-32-maglup-etti\\\/\",\"url\":\"https:\\\/\\\/kuzeyinsesi.org\\\/index.php\\\/2025\\\/09\\\/04\\\/bizim-cocuklar-gurcistani-32-maglup-etti\\\/\",\"name\":\"Bizim \u00c7ocuklar G\u00fcrcistan&#039;\u0131 32 ma\u011flup etti - Kuzeyin Sesi\",\"isPartOf\":{\"@id\":\"https:\\\/\\\/kuzeyinsesi.org\\\/#website\"},\"primaryImageOfPage\":{\"@id\":\"https:\\\/\\\/kuzeyinsesi.org\\\/index.php\\\/2025\\\/09\\\/04\\\/bizim-cocuklar-gurcistani-32-maglup-etti\\\/#primaryimage\"},\"image\":{\"@id\":\"https:\\\/\\\/kuzeyinsesi.org\\\/index.php\\\/2025\\\/09\\\/04\\\/bizim-cocuklar-gurcistani-32-maglup-etti\\\/#primaryimage\"},\"thumbnailUrl\":\"https:\\\/\\\/kuzeyinsesi.org\\\/wp-content\\\/uploads\\\/2025\\\/09\\\/milli-takim-2394715.jpg\",\"datePublished\":\"2025-09-04T18:47:31+00:00\",\"author\":{\"@id\":\"https:\\\/\\\/kuzeyinsesi.org\\\/#\\\/schema\\\/person\\\/9f859689cdf01485597712386e37f5aa\"},\"breadcrumb\":{\"@id\":\"https:\\\/\\\/kuzeyinsesi.org\\\/index.php\\\/2025\\\/09\\\/04\\\/bizim-cocuklar-gurcistani-32-maglup-etti\\\/#breadcrumb\"},\"inLanguage\":\"tr\",\"potentialAction\":[{\"@type\":\"ReadAction\",\"target\":[\"https:\\\/\\\/kuzeyinsesi.org\\\/index.php\\\/2025\\\/09\\\/04\\\/bizim-cocuklar-gurcistani-32-maglup-etti\\\/\"]}]},{\"@type\":\"ImageObject\",\"inLanguage\":\"tr\",\"@id\":\"https:\\\/\\\/kuzeyinsesi.org\\\/index.php\\\/2025\\\/09\\\/04\\\/bizim-cocuklar-gurcistani-32-maglup-etti\\\/#primaryimage\",\"url\":\"https:\\\/\\\/kuzeyinsesi.org\\\/wp-content\\\/uploads\\\/2025\\\/09\\\/milli-takim-2394715.jpg\",\"contentUrl\":\"https:\\\/\\\/kuzeyinsesi.org\\\/wp-content\\\/uploads\\\/2025\\\/09\\\/milli-takim-2394715.jpg\",\"width\":1280,\"height\":720},{\"@type\":\"BreadcrumbList\",\"@id\":\"https:\\\/\\\/kuzeyinsesi.org\\\/index.php\\\/2025\\\/09\\\/04\\\/bizim-cocuklar-gurcistani-32-maglup-etti\\\/#breadcrumb\",\"itemListElement\":[{\"@type\":\"ListItem\",\"position\":1,\"name\":\"Anasayfa\",\"item\":\"https:\\\/\\\/kuzeyinsesi.org\\\/\"},{\"@type\":\"ListItem\",\"position\":2,\"name\":\"Bizim \u00c7ocuklar G\u00fcrcistan&#039;\u0131 32 ma\u011flup etti\"}]},{\"@type\":\"WebSite\",\"@id\":\"https:\\\/\\\/kuzeyinsesi.org\\\/#website\",\"url\":\"https:\\\/\\\/kuzeyinsesi.org\\\/\",\"name\":\"Kuzeyin Sesi\",\"description\":\"Do\u011fru Haberin Adresi\",\"potentialAction\":[{\"@type\":\"SearchAction\",\"target\":{\"@type\":\"EntryPoint\",\"urlTemplate\":\"https:\\\/\\\/kuzeyinsesi.org\\\/?s={search_term_string}\"},\"query-input\":{\"@type\":\"PropertyValueSpecification\",\"valueRequired\":true,\"valueName\":\"search_term_string\"}}],\"inLanguage\":\"tr\"},{\"@type\":\"Person\",\"@id\":\"https:\\\/\\\/kuzeyinsesi.org\\\/#\\\/schema\\\/person\\\/9f859689cdf01485597712386e37f5aa\",\"name\":\"Kuzeyin Sesi\",\"image\":{\"@type\":\"ImageObject\",\"inLanguage\":\"tr\",\"@id\":\"https:\\\/\\\/secure.gravatar.com\\\/avatar\\\/bab33852abfd8b282518d6ed81826833d77c3c882d9ab608add591ccace47a44?s=96&d=mm&r=g\",\"url\":\"https:\\\/\\\/secure.gravatar.com\\\/avatar\\\/bab33852abfd8b282518d6ed81826833d77c3c882d9ab608add591ccace47a44?s=96&d=mm&r=g\",\"contentUrl\":\"https:\\\/\\\/secure.gravatar.com\\\/avatar\\\/bab33852abfd8b282518d6ed81826833d77c3c882d9ab608add591ccace47a44?s=96&d=mm&r=g\",\"caption\":\"Kuzeyin Sesi\"},\"sameAs\":[\"https:\\\/\\\/kuzeyinsesi.org\"],\"url\":\"https:\\\/\\\/kuzeyinsesi.org\\\/index.php\\\/author\\\/guven\\\/\"}]}<\/script>\n<!-- \/ Yoast SEO plugin. -->","yoast_head_json":{"title":"Bizim \u00c7ocuklar G\u00fcrcistan&#039;\u0131 32 ma\u011flup etti - Kuzeyin Sesi","robots":{"index":"index","follow":"follow","max-snippet":"max-snippet:-1","max-image-preview":"max-image-preview:large","max-video-preview":"max-video-preview:-1"},"canonical":"https:\/\/kuzeyinsesi.org\/index.php\/2025\/09\/04\/bizim-cocuklar-gurcistani-32-maglup-etti\/","og_locale":"tr_TR","og_type":"article","og_title":"Bizim \u00c7ocuklar G\u00fcrcistan&#039;\u0131 32 ma\u011flup etti - Kuzeyin Sesi","og_description":"&#13; Boris Paichadze Ulusal Stad\u0131&#8217;nda oynanan ve ilk yar\u0131s\u0131 da ay-y\u0131ld\u0131zl\u0131 ekibin 2-0&#8217;l\u0131k \u00fcst\u00fcnl\u00fc\u011f\u00fcyle sona eren m\u00fccadelede milli tak\u0131m\u0131n golleri Mert M\u00fcld\u00fcr ve Kerem Akt\u00fcrko\u011flu&#8217;ndan (2) geldi. &#13; T\u00fcrkiye, gruptaki ikinci ma\u00e7\u0131nda 7 Eyl\u00fcl Pazar g\u00fcn\u00fc Konya&#8217;da \u0130spanya&#8217;y\u0131 konuk edecek. &#13; Mert M\u00fcld\u00fcr yine ilk gol\u00fc att\u0131 &#13; A Milli Futbol Tak\u0131m\u0131&#8217;n\u0131n G\u00fcrcistan deplasman\u0131ndaki ilk [&hellip;]","og_url":"https:\/\/kuzeyinsesi.org\/index.php\/2025\/09\/04\/bizim-cocuklar-gurcistani-32-maglup-etti\/","og_site_name":"Kuzeyin Sesi","article_publisher":"https:\/\/www.facebook.com\/kuzeyinsesii","article_published_time":"2025-09-04T18:47:31+00:00","og_image":[{"url":"https:\/\/trthaberstatic.cdn.wp.trt.com.tr\/resimler\/2394000\/milli-takim-2394715.jpg","type":"","width":"","height":""}],"author":"Kuzeyin Sesi","twitter_card":"summary_large_image","twitter_creator":"@kuzeyinsesii","twitter_site":"@kuzeyinsesii","twitter_misc":{"Yazan:":"Kuzeyin Sesi","Tahmini okuma s\u00fcresi":"1 dakika"},"schema":{"@context":"https:\/\/schema.org","@graph":[{"@type":"Article","@id":"https:\/\/kuzeyinsesi.org\/index.php\/2025\/09\/04\/bizim-cocuklar-gurcistani-32-maglup-etti\/#article","isPartOf":{"@id":"https:\/\/kuzeyinsesi.org\/index.php\/2025\/09\/04\/bizim-cocuklar-gurcistani-32-maglup-etti\/"},"author":{"name":"Kuzeyin Sesi","@id":"https:\/\/kuzeyinsesi.org\/#\/schema\/person\/9f859689cdf01485597712386e37f5aa"},"headline":"Bizim \u00c7ocuklar G\u00fcrcistan&#039;\u0131 32 ma\u011flup etti","datePublished":"2025-09-04T18:47:31+00:00","mainEntityOfPage":{"@id":"https:\/\/kuzeyinsesi.org\/index.php\/2025\/09\/04\/bizim-cocuklar-gurcistani-32-maglup-etti\/"},"wordCount":281,"commentCount":0,"image":{"@id":"https:\/\/kuzeyinsesi.org\/index.php\/2025\/09\/04\/bizim-cocuklar-gurcistani-32-maglup-etti\/#primaryimage"},"thumbnailUrl":"https:\/\/kuzeyinsesi.org\/wp-content\/uploads\/2025\/09\/milli-takim-2394715.jpg","articleSection":["Spor"],"inLanguage":"tr","potentialAction":[{"@type":"CommentAction","name":"Comment","target":["https:\/\/kuzeyinsesi.org\/index.php\/2025\/09\/04\/bizim-cocuklar-gurcistani-32-maglup-etti\/#respond"]}]},{"@type":"WebPage","@id":"https:\/\/kuzeyinsesi.org\/index.php\/2025\/09\/04\/bizim-cocuklar-gurcistani-32-maglup-etti\/","url":"https:\/\/kuzeyinsesi.org\/index.php\/2025\/09\/04\/bizim-cocuklar-gurcistani-32-maglup-etti\/","name":"Bizim \u00c7ocuklar G\u00fcrcistan&#039;\u0131 32 ma\u011flup etti - Kuzeyin Sesi","isPartOf":{"@id":"https:\/\/kuzeyinsesi.org\/#website"},"primaryImageOfPage":{"@id":"https:\/\/kuzeyinsesi.org\/index.php\/2025\/09\/04\/bizim-cocuklar-gurcistani-32-maglup-etti\/#primaryimage"},"image":{"@id":"https:\/\/kuzeyinsesi.org\/index.php\/2025\/09\/04\/bizim-cocuklar-gurcistani-32-maglup-etti\/#primaryimage"},"thumbnailUrl":"https:\/\/kuzeyinsesi.org\/wp-content\/uploads\/2025\/09\/milli-takim-2394715.jpg","datePublished":"2025-09-04T18:47:31+00:00","author":{"@id":"https:\/\/kuzeyinsesi.org\/#\/schema\/person\/9f859689cdf01485597712386e37f5aa"},"breadcrumb":{"@id":"https:\/\/kuzeyinsesi.org\/index.php\/2025\/09\/04\/bizim-cocuklar-gurcistani-32-maglup-etti\/#breadcrumb"},"inLanguage":"tr","potentialAction":[{"@type":"ReadAction","target":["https:\/\/kuzeyinsesi.org\/index.php\/2025\/09\/04\/bizim-cocuklar-gurcistani-32-maglup-etti\/"]}]},{"@type":"ImageObject","inLanguage":"tr","@id":"https:\/\/kuzeyinsesi.org\/index.php\/2025\/09\/04\/bizim-cocuklar-gurcistani-32-maglup-etti\/#primaryimage","url":"https:\/\/kuzeyinsesi.org\/wp-content\/uploads\/2025\/09\/milli-takim-2394715.jpg","contentUrl":"https:\/\/kuzeyinsesi.org\/wp-content\/uploads\/2025\/09\/milli-takim-2394715.jpg","width":1280,"height":720},{"@type":"BreadcrumbList","@id":"https:\/\/kuzeyinsesi.org\/index.php\/2025\/09\/04\/bizim-cocuklar-gurcistani-32-maglup-etti\/#breadcrumb","itemListElement":[{"@type":"ListItem","position":1,"name":"Anasayfa","item":"https:\/\/kuzeyinsesi.org\/"},{"@type":"ListItem","position":2,"name":"Bizim \u00c7ocuklar G\u00fcrcistan&#039;\u0131 32 ma\u011flup etti"}]},{"@type":"WebSite","@id":"https:\/\/kuzeyinsesi.org\/#website","url":"https:\/\/kuzeyinsesi.org\/","name":"Kuzeyin Sesi","description":"Do\u011fru Haberin Adresi","potentialAction":[{"@type":"SearchAction","target":{"@type":"EntryPoint","urlTemplate":"https:\/\/kuzeyinsesi.org\/?s={search_term_string}"},"query-input":{"@type":"PropertyValueSpecification","valueRequired":true,"valueName":"search_term_string"}}],"inLanguage":"tr"},{"@type":"Person","@id":"https:\/\/kuzeyinsesi.org\/#\/schema\/person\/9f859689cdf01485597712386e37f5aa","name":"Kuzeyin Sesi","image":{"@type":"ImageObject","inLanguage":"tr","@id":"https:\/\/secure.gravatar.com\/avatar\/bab33852abfd8b282518d6ed81826833d77c3c882d9ab608add591ccace47a44?s=96&d=mm&r=g","url":"https:\/\/secure.gravatar.com\/avatar\/bab33852abfd8b282518d6ed81826833d77c3c882d9ab608add591ccace47a44?s=96&d=mm&r=g","contentUrl":"https:\/\/secure.gravatar.com\/avatar\/bab33852abfd8b282518d6ed81826833d77c3c882d9ab608add591ccace47a44?s=96&d=mm&r=g","caption":"Kuzeyin Sesi"},"sameAs":["https:\/\/kuzeyinsesi.org"],"url":"https:\/\/kuzeyinsesi.org\/index.php\/author\/guven\/"}]}},"_links":{"self":[{"href":"https:\/\/kuzeyinsesi.org\/index.php\/wp-json\/wp\/v2\/posts\/31217","targetHints":{"allow":["GET"]}}],"collection":[{"href":"https:\/\/kuzeyinsesi.org\/index.php\/wp-json\/wp\/v2\/posts"}],"about":[{"href":"https:\/\/kuzeyinsesi.org\/index.php\/wp-json\/wp\/v2\/types\/post"}],"author":[{"embeddable":true,"href":"https:\/\/kuzeyinsesi.org\/index.php\/wp-json\/wp\/v2\/users\/1"}],"replies":[{"embeddable":true,"href":"https:\/\/kuzeyinsesi.org\/index.php\/wp-json\/wp\/v2\/comments?post=31217"}],"version-history":[{"count":0,"href":"https:\/\/kuzeyinsesi.org\/index.php\/wp-json\/wp\/v2\/posts\/31217\/revisions"}],"wp:featuredmedia":[{"embeddable":true,"href":"https:\/\/kuzeyinsesi.org\/index.php\/wp-json\/wp\/v2\/media\/31218"}],"wp:attachment":[{"href":"https:\/\/kuzeyinsesi.org\/index.php\/wp-json\/wp\/v2\/media?parent=31217"}],"wp:term":[{"taxonomy":"category","embeddable":true,"href":"https:\/\/kuzeyinsesi.org\/index.php\/wp-json\/wp\/v2\/categories?post=31217"},{"taxonomy":"post_tag","embeddable":true,"href":"https:\/\/kuzeyinsesi.org\/index.php\/wp-json\/wp\/v2\/tags?post=31217"}],"curies":[{"name":"wp","href":"https:\/\/api.w.org\/{rel}","templated":true}]}}